{"id":45784,"date":"2024-11-27T17:19:43","date_gmt":"2024-11-27T17:19:43","guid":{"rendered":"https:\/\/jornalboasnoticias.com.br\/home\/?p=45784"},"modified":"2024-11-27T17:19:43","modified_gmt":"2024-11-27T17:19:43","slug":"lula-diz-que-pretende-assinar-acordo-mercosul-ue-ainda-este-ano","status":"publish","type":"post","link":"https:\/\/jornalboasnoticias.com.br\/home\/lula-diz-que-pretende-assinar-acordo-mercosul-ue-ainda-este-ano\/","title":{"rendered":"Lula diz que pretende assinar acordo Mercosul-UE ainda este ano"},"content":{"rendered":"<div class=\"header-noticia full-width\">\n<div>\n<figure id=\"attachment_45785\" aria-describedby=\"caption-attachment-45785\" style=\"width: 1170px\" class=\"wp-caption alignnone\"><img loading=\"lazy\" decoding=\"async\" class=\"size-full wp-image-45785\" src=\"https:\/\/jornalboasnoticias.com.br\/home\/wp-content\/uploads\/2024\/11\/lula-industria_mcamgo_abr_27112024-13.webp\" alt=\"\" width=\"1170\" height=\"700\" srcset=\"https:\/\/jornalboasnoticias.com.br\/home\/wp-content\/uploads\/2024\/11\/lula-industria_mcamgo_abr_27112024-13.webp 1170w, https:\/\/jornalboasnoticias.com.br\/home\/wp-content\/uploads\/2024\/11\/lula-industria_mcamgo_abr_27112024-13-300x179.webp 300w, https:\/\/jornalboasnoticias.com.br\/home\/wp-content\/uploads\/2024\/11\/lula-industria_mcamgo_abr_27112024-13-1024x613.webp 1024w, https:\/\/jornalboasnoticias.com.br\/home\/wp-content\/uploads\/2024\/11\/lula-industria_mcamgo_abr_27112024-13-768x459.webp 768w\" sizes=\"auto, (max-width: 1170px) 100vw, 1170px\" \/><figcaption id=\"caption-attachment-45785\" class=\"wp-caption-text\">\u00a9 Marcelo Camargo\/Ag\u00eancia Brasil<\/figcaption><\/figure>\n<\/div>\n<\/div>\n<blockquote>\n<div class=\"header-noticia full-width\">\n<div class=\"linha-fina-noticia\">Presidente disse que franceses \u201cn\u00e3o apitam mais nada\u201d<\/div>\n<\/div>\n<\/blockquote>\n<div>\n<p>O presidente Luiz In\u00e1cio Lula da Silva afirmou, nesta quarta-feira (27), que a assinatura do acordo entre o Mercosul e a Uni\u00e3o Europeia (UE) pode ocorrer ainda este ano. Em meio ao\u00a0boicote a produtos sul-americanos pelo Carrefour na Fran\u00e7a\u00a0e a ataques de parlamentares do pa\u00eds europeu \u00e0 carne bovina brasileira, Lula disse que os franceses \u201cn\u00e3o apitam mais nada\u201d e que o acordo deve ser assinado via Comiss\u00e3o Europeia.<img decoding=\"async\" src=\"https:\/\/agenciabrasil.ebc.com.br\/ebc.png?id=1621411&amp;o=node\" \/><img decoding=\"async\" src=\"https:\/\/agenciabrasil.ebc.com.br\/ebc.gif?id=1621411&amp;o=node\" \/><\/p>\n<p>\u201cEu quero que o agroneg\u00f3cio continue crescendo e causando raiva num deputado franc\u00eas que hoje achincalhou os produtos brasileiros. Porque n\u00f3s vamos fazer o acordo do Mercosul, nem tanto pela quest\u00e3o de dinheiro, n\u00f3s vamos fazer porque eu estou h\u00e1 22 anos nisso e n\u00f3s vamos fazer\u201d, disse Lula sobre o acordo negociado desde 1999 e que precisa ser ratificado pelos parlamentos de todos os pa\u00edses dos dois blocos para entrar em vigor.<\/p>\n<p>Em diversas ocasi\u00f5es, o\u00a0presidente brasileiro j\u00e1 criticou\u00a0o protecionismo dos europeus,\u00a0em especial da Fran\u00e7a, que sofre press\u00e3o dos seus produtores agr\u00edcolas.<\/p>\n<p>\u201cSe os franceses n\u00e3o quiserem o acordo, eles n\u00e3o apitam mais nada, quem apita \u00e9 a Comiss\u00e3o Europeia. E a Ursula von der Leyen [presidente da Comiss\u00e3o Europeia] tem procura\u00e7\u00e3o para fazer o acordo e eu pretendo assinar esse acordo este ano ainda, tirar isso da minha pauta\u201d, acrescentou o presidente durante sua participa\u00e7\u00e3o no Encontro Nacional da Ind\u00fastria, em Bras\u00edlia.<\/p>\n<p><a href=\"https:\/\/videos.assemblee-nationale.fr\/video.15850645_6745d0e0297d0.2eme-seance--questions-au-gouvernement--declaration-du-gouvernement-portant-sur-les-negociations-e-26-novembre-2024\" target=\"_blank\" rel=\"noopener\">Nesta ter\u00e7a-feira (26), a Assembleia Nacional da Fran\u00e7a<\/a>\u00a0rejeitou a celebra\u00e7\u00e3o do acordo Mercosul-UE e os parlamentares levantaram d\u00favidas sobre a qualidade, rastreabilidade e padr\u00f5es sanit\u00e1rios da carne brasileira. O deputado Vincent Tr\u00e9buchet disse que pratos da popula\u00e7\u00e3o francesa \u201cn\u00e3o s\u00e3o latas de lixo\u201d.<\/p>\n<p>Na semana passada, o presidente do Carrefour na Fran\u00e7a, Alexandre Bompard, tamb\u00e9m disse que a prote\u00edna animal produzida no Brasil n\u00e3o respeitaria as normas estabelecidas pela Fran\u00e7a e prometeu aos produtores franceses n\u00e3o vender mais carne dos pa\u00edses do Mercosul nos mercados da Fran\u00e7a. A mensagem foi mal recebida pelos produtores brasileiros, que\u00a0iniciaram um movimento de boicote\u00a0no fornecimento de carne para os mercados do Carrefour no Brasil.<\/p>\n<p>Nesta ter\u00e7a-feira (26),\u00a0Bompard se retratou, elogiando a qualidade da carne brasileira e pediu desculpas. Em nota encaminhada \u00e0 Ag\u00eancia Brasil, o Grupo Carrefour disse que j\u00e1 compra dos produtores franceses quase a totalidade da carne vendida nos mercados da Fran\u00e7a e que essa decis\u00e3o teve o objetivo de ajudar os empres\u00e1rios do pa\u00eds europeu.<\/p>\n<p>Na semana que vem, dias 5 e 6 de dezembro, ocorre a C\u00fapula do Mercosul, em Montevid\u00e9u, no Uruguai, ocasi\u00e3o em que o tratado de livre com\u00e9rcio entre os dois blocos pode ser anunciado. Lula participar\u00e1 do encontro. O acordo cobre temas tanto tarif\u00e1rios quanto de natureza regulat\u00f3ria, como servi\u00e7os, compras p\u00fablicas, facilita\u00e7\u00e3o de com\u00e9rcio, barreiras t\u00e9cnicas, medidas sanit\u00e1rias e fitossanit\u00e1rias e propriedade intelectual.<\/p>\n<h2>Com\u00e9rcio exterior<\/h2>\n<p>Em seu discurso no Encontro Nacional da Ind\u00fastria, Lula afirmou ainda que quer expandir o com\u00e9rcio do Brasil com outros pa\u00edses e explorar novas parcerias com mercados \u201cascendentes\u201d. \u201c[Quero] aproveitar o acordo estrat\u00e9gico que n\u00f3s fizemos com a China, que \u00e9 o\u00a0mais importante acordo de acesso a novas tecnologias que esse pa\u00eds j\u00e1 fez, que vai da intelig\u00eancia artificial \u00e0 tecnologia espacial\u201d, disse.<\/p>\n<p>\u201cNuma demonstra\u00e7\u00e3o de que o Brasil n\u00e3o quer continuar sendo pequeno, a gente n\u00e3o quer continuar sendo um pa\u00eds de vias de desenvolvimento\u201d, afirmou, convidando os industriais brasileiros a integrarem uma comitiva em busca de investimentos e parcerias na \u00cdndia.<\/p>\n<p>\u201cO pr\u00f3ximo passo nosso \u00e9 a \u00cdndia, para a gente aproveitar a possibilidade de mercados ascendentes, de mercados n\u00e3o viciados, de mercados n\u00e3o carimbados, para que a gente possa colocar a ind\u00fastria brasileira l\u00e1 dentro, para que a gente possa fazer parceria com a ind\u00fastria de inova\u00e7\u00e3o que o Brasil tem. \u00c9 esse pa\u00eds que tem que dar certo, se ele for pensado assim. Se esse pa\u00eds for pensado pequeno, n\u00e3o vai dar\u201d, completou.<\/p>\n<p>(Ag\u00eancia Brasil)<\/p>\n<\/div>\n","protected":false},"excerpt":{"rendered":"<p>Presidente disse que franceses \u201cn\u00e3o apitam mais nada\u201d O presidente Luiz In\u00e1cio Lula da Silva<\/p>\n","protected":false},"author":4,"featured_media":45785,"comment_status":"open","ping_status":"open","sticky":false,"template":"","format":"standard","meta":{"footnotes":""},"categories":[3,96],"tags":[],"class_list":["post-45784","post","type-post","status-publish","format-standard","has-post-thumbnail","hentry","category-destaques","category-politica"],"yoast_head":"<!-- This site is optimized with the Yoast SEO plugin v27.5 - https:\/\/yoast.com\/product\/yoast-seo-wordpress\/ -->\n<title>Lula diz que pretende assinar acordo Mercosul-UE ainda este ano - Jornal<\/title>\n<meta name=\"description\" content=\"Lula diz que pretende assinar acordo Mercosul-UE ainda este ano\" \/>\n<meta name=\"robots\" content=\"index, follow, max-snippet:-1, max-image-preview:large, max-video-preview:-1\" \/>\n<link rel=\"canonical\" href=\"https:\/\/jornalboasnoticias.com.br\/home\/lula-diz-que-pretende-assinar-acordo-mercosul-ue-ainda-este-ano\/\" \/>\n<meta property=\"og:locale\" content=\"pt_BR\" \/>\n<meta property=\"og:type\" content=\"article\" \/>\n<meta property=\"og:title\" content=\"Lula diz que pretende assinar acordo Mercosul-UE ainda este ano - Jornal\" \/>\n<meta property=\"og:description\" content=\"Lula diz que pretende assinar acordo Mercosul-UE ainda este ano\" \/>\n<meta property=\"og:url\" content=\"https:\/\/jornalboasnoticias.com.br\/home\/lula-diz-que-pretende-assinar-acordo-mercosul-ue-ainda-este-ano\/\" \/>\n<meta property=\"og:site_name\" content=\"Jornal\" \/>\n<meta property=\"article:publisher\" content=\"https:\/\/www.facebook.com\/boasnoticiasjornal\" \/>\n<meta property=\"article:published_time\" content=\"2024-11-27T17:19:43+00:00\" \/>\n<meta property=\"og:image\" content=\"https:\/\/jornalboasnoticias.com.br\/home\/wp-content\/uploads\/2024\/11\/lula-industria_mcamgo_abr_27112024-13.webp\" \/>\n\t<meta property=\"og:image:width\" content=\"1170\" \/>\n\t<meta property=\"og:image:height\" content=\"700\" \/>\n\t<meta property=\"og:image:type\" content=\"image\/webp\" \/>\n<meta name=\"author\" content=\"Ana Luiza Bonatto\" \/>\n<meta name=\"twitter:card\" content=\"summary_large_image\" \/>\n<meta name=\"twitter:label1\" content=\"Escrito por\" \/>\n\t<meta name=\"twitter:data1\" content=\"Ana Luiza Bonatto\" \/>\n\t<meta name=\"twitter:label2\" content=\"Est. tempo de leitura\" \/>\n\t<meta name=\"twitter:data2\" content=\"5 minutos\" \/>\n<script type=\"application\/ld+json\" class=\"yoast-schema-graph\">{\"@context\":\"https:\\\/\\\/schema.org\",\"@graph\":[{\"@type\":\"Article\",\"@id\":\"https:\\\/\\\/jornalboasnoticias.com.br\\\/home\\\/lula-diz-que-pretende-assinar-acordo-mercosul-ue-ainda-este-ano\\\/#article\",\"isPartOf\":{\"@id\":\"https:\\\/\\\/jornalboasnoticias.com.br\\\/home\\\/lula-diz-que-pretende-assinar-acordo-mercosul-ue-ainda-este-ano\\\/\"},\"author\":{\"name\":\"Ana Luiza Bonatto\",\"@id\":\"https:\\\/\\\/jornalboasnoticias.com.br\\\/home\\\/#\\\/schema\\\/person\\\/d641193e0afc6405b390164dac847971\"},\"headline\":\"Lula diz que pretende assinar acordo Mercosul-UE ainda este ano\",\"datePublished\":\"2024-11-27T17:19:43+00:00\",\"mainEntityOfPage\":{\"@id\":\"https:\\\/\\\/jornalboasnoticias.com.br\\\/home\\\/lula-diz-que-pretende-assinar-acordo-mercosul-ue-ainda-este-ano\\\/\"},\"wordCount\":743,\"commentCount\":0,\"publisher\":{\"@id\":\"https:\\\/\\\/jornalboasnoticias.com.br\\\/home\\\/#organization\"},\"image\":{\"@id\":\"https:\\\/\\\/jornalboasnoticias.com.br\\\/home\\\/lula-diz-que-pretende-assinar-acordo-mercosul-ue-ainda-este-ano\\\/#primaryimage\"},\"thumbnailUrl\":\"https:\\\/\\\/jornalboasnoticias.com.br\\\/home\\\/wp-content\\\/uploads\\\/2024\\\/11\\\/lula-industria_mcamgo_abr_27112024-13.webp\",\"articleSection\":[\"DESTAQUE\",\"POL\u00cdTICA\"],\"inLanguage\":\"pt-BR\",\"potentialAction\":[{\"@type\":\"CommentAction\",\"name\":\"Comment\",\"target\":[\"https:\\\/\\\/jornalboasnoticias.com.br\\\/home\\\/lula-diz-que-pretende-assinar-acordo-mercosul-ue-ainda-este-ano\\\/#respond\"]}]},{\"@type\":\"WebPage\",\"@id\":\"https:\\\/\\\/jornalboasnoticias.com.br\\\/home\\\/lula-diz-que-pretende-assinar-acordo-mercosul-ue-ainda-este-ano\\\/\",\"url\":\"https:\\\/\\\/jornalboasnoticias.com.br\\\/home\\\/lula-diz-que-pretende-assinar-acordo-mercosul-ue-ainda-este-ano\\\/\",\"name\":\"Lula diz que pretende assinar acordo Mercosul-UE ainda este ano - Jornal\",\"isPartOf\":{\"@id\":\"https:\\\/\\\/jornalboasnoticias.com.br\\\/home\\\/#website\"},\"primaryImageOfPage\":{\"@id\":\"https:\\\/\\\/jornalboasnoticias.com.br\\\/home\\\/lula-diz-que-pretende-assinar-acordo-mercosul-ue-ainda-este-ano\\\/#primaryimage\"},\"image\":{\"@id\":\"https:\\\/\\\/jornalboasnoticias.com.br\\\/home\\\/lula-diz-que-pretende-assinar-acordo-mercosul-ue-ainda-este-ano\\\/#primaryimage\"},\"thumbnailUrl\":\"https:\\\/\\\/jornalboasnoticias.com.br\\\/home\\\/wp-content\\\/uploads\\\/2024\\\/11\\\/lula-industria_mcamgo_abr_27112024-13.webp\",\"datePublished\":\"2024-11-27T17:19:43+00:00\",\"description\":\"Lula diz que pretende assinar acordo Mercosul-UE ainda este ano\",\"breadcrumb\":{\"@id\":\"https:\\\/\\\/jornalboasnoticias.com.br\\\/home\\\/lula-diz-que-pretende-assinar-acordo-mercosul-ue-ainda-este-ano\\\/#breadcrumb\"},\"inLanguage\":\"pt-BR\",\"potentialAction\":[{\"@type\":\"ReadAction\",\"target\":[\"https:\\\/\\\/jornalboasnoticias.com.br\\\/home\\\/lula-diz-que-pretende-assinar-acordo-mercosul-ue-ainda-este-ano\\\/\"]}]},{\"@type\":\"ImageObject\",\"inLanguage\":\"pt-BR\",\"@id\":\"https:\\\/\\\/jornalboasnoticias.com.br\\\/home\\\/lula-diz-que-pretende-assinar-acordo-mercosul-ue-ainda-este-ano\\\/#primaryimage\",\"url\":\"https:\\\/\\\/jornalboasnoticias.com.br\\\/home\\\/wp-content\\\/uploads\\\/2024\\\/11\\\/lula-industria_mcamgo_abr_27112024-13.webp\",\"contentUrl\":\"https:\\\/\\\/jornalboasnoticias.com.br\\\/home\\\/wp-content\\\/uploads\\\/2024\\\/11\\\/lula-industria_mcamgo_abr_27112024-13.webp\",\"width\":1170,\"height\":700,\"caption\":\"\u00a9 Marcelo Camargo\\\/Ag\u00eancia Brasil\"},{\"@type\":\"BreadcrumbList\",\"@id\":\"https:\\\/\\\/jornalboasnoticias.com.br\\\/home\\\/lula-diz-que-pretende-assinar-acordo-mercosul-ue-ainda-este-ano\\\/#breadcrumb\",\"itemListElement\":[{\"@type\":\"ListItem\",\"position\":1,\"name\":\"In\u00edcio\",\"item\":\"https:\\\/\\\/jornalboasnoticias.com.br\\\/home\\\/\"},{\"@type\":\"ListItem\",\"position\":2,\"name\":\"Lula diz que pretende assinar acordo Mercosul-UE ainda este ano\"}]},{\"@type\":\"WebSite\",\"@id\":\"https:\\\/\\\/jornalboasnoticias.com.br\\\/home\\\/#website\",\"url\":\"https:\\\/\\\/jornalboasnoticias.com.br\\\/home\\\/\",\"name\":\"Jornal Boas Not\u00edcias\",\"description\":\"Boas not\u00edcias\",\"publisher\":{\"@id\":\"https:\\\/\\\/jornalboasnoticias.com.br\\\/home\\\/#organization\"},\"potentialAction\":[{\"@type\":\"SearchAction\",\"target\":{\"@type\":\"EntryPoint\",\"urlTemplate\":\"https:\\\/\\\/jornalboasnoticias.com.br\\\/home\\\/?s={search_term_string}\"},\"query-input\":{\"@type\":\"PropertyValueSpecification\",\"valueRequired\":true,\"valueName\":\"search_term_string\"}}],\"inLanguage\":\"pt-BR\"},{\"@type\":\"Organization\",\"@id\":\"https:\\\/\\\/jornalboasnoticias.com.br\\\/home\\\/#organization\",\"name\":\"Coq Editora Ltda\",\"alternateName\":\"Jornal Boas Noticias\",\"url\":\"https:\\\/\\\/jornalboasnoticias.com.br\\\/home\\\/\",\"logo\":{\"@type\":\"ImageObject\",\"inLanguage\":\"pt-BR\",\"@id\":\"https:\\\/\\\/jornalboasnoticias.com.br\\\/home\\\/#\\\/schema\\\/logo\\\/image\\\/\",\"url\":\"https:\\\/\\\/jornalboasnoticias.com.br\\\/home\\\/wp-content\\\/uploads\\\/2024\\\/07\\\/cropped-logo.jpg\",\"contentUrl\":\"https:\\\/\\\/jornalboasnoticias.com.br\\\/home\\\/wp-content\\\/uploads\\\/2024\\\/07\\\/cropped-logo.jpg\",\"width\":290,\"height\":142,\"caption\":\"Coq Editora Ltda\"},\"image\":{\"@id\":\"https:\\\/\\\/jornalboasnoticias.com.br\\\/home\\\/#\\\/schema\\\/logo\\\/image\\\/\"},\"sameAs\":[\"https:\\\/\\\/www.facebook.com\\\/boasnoticiasjornal\"]},{\"@type\":\"Person\",\"@id\":\"https:\\\/\\\/jornalboasnoticias.com.br\\\/home\\\/#\\\/schema\\\/person\\\/d641193e0afc6405b390164dac847971\",\"name\":\"Ana Luiza Bonatto\",\"image\":{\"@type\":\"ImageObject\",\"inLanguage\":\"pt-BR\",\"@id\":\"https:\\\/\\\/secure.gravatar.com\\\/avatar\\\/8a055ebe6373371f67ac6fcf313c0ac0b0a91157fdcdb9514fa62927373348f0?s=96&d=mm&r=g\",\"url\":\"https:\\\/\\\/secure.gravatar.com\\\/avatar\\\/8a055ebe6373371f67ac6fcf313c0ac0b0a91157fdcdb9514fa62927373348f0?s=96&d=mm&r=g\",\"contentUrl\":\"https:\\\/\\\/secure.gravatar.com\\\/avatar\\\/8a055ebe6373371f67ac6fcf313c0ac0b0a91157fdcdb9514fa62927373348f0?s=96&d=mm&r=g\",\"caption\":\"Ana Luiza Bonatto\"},\"url\":\"https:\\\/\\\/jornalboasnoticias.com.br\\\/home\\\/author\\\/ana-luiza\\\/\"}]}<\/script>\n<!-- \/ Yoast SEO plugin. -->","yoast_head_json":{"title":"Lula diz que pretende assinar acordo Mercosul-UE ainda este ano - Jornal","description":"Lula diz que pretende assinar acordo Mercosul-UE ainda este ano","robots":{"index":"index","follow":"follow","max-snippet":"max-snippet:-1","max-image-preview":"max-image-preview:large","max-video-preview":"max-video-preview:-1"},"canonical":"https:\/\/jornalboasnoticias.com.br\/home\/lula-diz-que-pretende-assinar-acordo-mercosul-ue-ainda-este-ano\/","og_locale":"pt_BR","og_type":"article","og_title":"Lula diz que pretende assinar acordo Mercosul-UE ainda este ano - Jornal","og_description":"Lula diz que pretende assinar acordo Mercosul-UE ainda este ano","og_url":"https:\/\/jornalboasnoticias.com.br\/home\/lula-diz-que-pretende-assinar-acordo-mercosul-ue-ainda-este-ano\/","og_site_name":"Jornal","article_publisher":"https:\/\/www.facebook.com\/boasnoticiasjornal","article_published_time":"2024-11-27T17:19:43+00:00","og_image":[{"width":1170,"height":700,"url":"https:\/\/jornalboasnoticias.com.br\/home\/wp-content\/uploads\/2024\/11\/lula-industria_mcamgo_abr_27112024-13.webp","type":"image\/webp"}],"author":"Ana Luiza Bonatto","twitter_card":"summary_large_image","twitter_misc":{"Escrito por":"Ana Luiza Bonatto","Est. tempo de leitura":"5 minutos"},"schema":{"@context":"https:\/\/schema.org","@graph":[{"@type":"Article","@id":"https:\/\/jornalboasnoticias.com.br\/home\/lula-diz-que-pretende-assinar-acordo-mercosul-ue-ainda-este-ano\/#article","isPartOf":{"@id":"https:\/\/jornalboasnoticias.com.br\/home\/lula-diz-que-pretende-assinar-acordo-mercosul-ue-ainda-este-ano\/"},"author":{"name":"Ana Luiza Bonatto","@id":"https:\/\/jornalboasnoticias.com.br\/home\/#\/schema\/person\/d641193e0afc6405b390164dac847971"},"headline":"Lula diz que pretende assinar acordo Mercosul-UE ainda este ano","datePublished":"2024-11-27T17:19:43+00:00","mainEntityOfPage":{"@id":"https:\/\/jornalboasnoticias.com.br\/home\/lula-diz-que-pretende-assinar-acordo-mercosul-ue-ainda-este-ano\/"},"wordCount":743,"commentCount":0,"publisher":{"@id":"https:\/\/jornalboasnoticias.com.br\/home\/#organization"},"image":{"@id":"https:\/\/jornalboasnoticias.com.br\/home\/lula-diz-que-pretende-assinar-acordo-mercosul-ue-ainda-este-ano\/#primaryimage"},"thumbnailUrl":"https:\/\/jornalboasnoticias.com.br\/home\/wp-content\/uploads\/2024\/11\/lula-industria_mcamgo_abr_27112024-13.webp","articleSection":["DESTAQUE","POL\u00cdTICA"],"inLanguage":"pt-BR","potentialAction":[{"@type":"CommentAction","name":"Comment","target":["https:\/\/jornalboasnoticias.com.br\/home\/lula-diz-que-pretende-assinar-acordo-mercosul-ue-ainda-este-ano\/#respond"]}]},{"@type":"WebPage","@id":"https:\/\/jornalboasnoticias.com.br\/home\/lula-diz-que-pretende-assinar-acordo-mercosul-ue-ainda-este-ano\/","url":"https:\/\/jornalboasnoticias.com.br\/home\/lula-diz-que-pretende-assinar-acordo-mercosul-ue-ainda-este-ano\/","name":"Lula diz que pretende assinar acordo Mercosul-UE ainda este ano - Jornal","isPartOf":{"@id":"https:\/\/jornalboasnoticias.com.br\/home\/#website"},"primaryImageOfPage":{"@id":"https:\/\/jornalboasnoticias.com.br\/home\/lula-diz-que-pretende-assinar-acordo-mercosul-ue-ainda-este-ano\/#primaryimage"},"image":{"@id":"https:\/\/jornalboasnoticias.com.br\/home\/lula-diz-que-pretende-assinar-acordo-mercosul-ue-ainda-este-ano\/#primaryimage"},"thumbnailUrl":"https:\/\/jornalboasnoticias.com.br\/home\/wp-content\/uploads\/2024\/11\/lula-industria_mcamgo_abr_27112024-13.webp","datePublished":"2024-11-27T17:19:43+00:00","description":"Lula diz que pretende assinar acordo Mercosul-UE ainda este ano","breadcrumb":{"@id":"https:\/\/jornalboasnoticias.com.br\/home\/lula-diz-que-pretende-assinar-acordo-mercosul-ue-ainda-este-ano\/#breadcrumb"},"inLanguage":"pt-BR","potentialAction":[{"@type":"ReadAction","target":["https:\/\/jornalboasnoticias.com.br\/home\/lula-diz-que-pretende-assinar-acordo-mercosul-ue-ainda-este-ano\/"]}]},{"@type":"ImageObject","inLanguage":"pt-BR","@id":"https:\/\/jornalboasnoticias.com.br\/home\/lula-diz-que-pretende-assinar-acordo-mercosul-ue-ainda-este-ano\/#primaryimage","url":"https:\/\/jornalboasnoticias.com.br\/home\/wp-content\/uploads\/2024\/11\/lula-industria_mcamgo_abr_27112024-13.webp","contentUrl":"https:\/\/jornalboasnoticias.com.br\/home\/wp-content\/uploads\/2024\/11\/lula-industria_mcamgo_abr_27112024-13.webp","width":1170,"height":700,"caption":"\u00a9 Marcelo Camargo\/Ag\u00eancia Brasil"},{"@type":"BreadcrumbList","@id":"https:\/\/jornalboasnoticias.com.br\/home\/lula-diz-que-pretende-assinar-acordo-mercosul-ue-ainda-este-ano\/#breadcrumb","itemListElement":[{"@type":"ListItem","position":1,"name":"In\u00edcio","item":"https:\/\/jornalboasnoticias.com.br\/home\/"},{"@type":"ListItem","position":2,"name":"Lula diz que pretende assinar acordo Mercosul-UE ainda este ano"}]},{"@type":"WebSite","@id":"https:\/\/jornalboasnoticias.com.br\/home\/#website","url":"https:\/\/jornalboasnoticias.com.br\/home\/","name":"Jornal Boas Not\u00edcias","description":"Boas not\u00edcias","publisher":{"@id":"https:\/\/jornalboasnoticias.com.br\/home\/#organization"},"potentialAction":[{"@type":"SearchAction","target":{"@type":"EntryPoint","urlTemplate":"https:\/\/jornalboasnoticias.com.br\/home\/?s={search_term_string}"},"query-input":{"@type":"PropertyValueSpecification","valueRequired":true,"valueName":"search_term_string"}}],"inLanguage":"pt-BR"},{"@type":"Organization","@id":"https:\/\/jornalboasnoticias.com.br\/home\/#organization","name":"Coq Editora Ltda","alternateName":"Jornal Boas Noticias","url":"https:\/\/jornalboasnoticias.com.br\/home\/","logo":{"@type":"ImageObject","inLanguage":"pt-BR","@id":"https:\/\/jornalboasnoticias.com.br\/home\/#\/schema\/logo\/image\/","url":"https:\/\/jornalboasnoticias.com.br\/home\/wp-content\/uploads\/2024\/07\/cropped-logo.jpg","contentUrl":"https:\/\/jornalboasnoticias.com.br\/home\/wp-content\/uploads\/2024\/07\/cropped-logo.jpg","width":290,"height":142,"caption":"Coq Editora Ltda"},"image":{"@id":"https:\/\/jornalboasnoticias.com.br\/home\/#\/schema\/logo\/image\/"},"sameAs":["https:\/\/www.facebook.com\/boasnoticiasjornal"]},{"@type":"Person","@id":"https:\/\/jornalboasnoticias.com.br\/home\/#\/schema\/person\/d641193e0afc6405b390164dac847971","name":"Ana Luiza Bonatto","image":{"@type":"ImageObject","inLanguage":"pt-BR","@id":"https:\/\/secure.gravatar.com\/avatar\/8a055ebe6373371f67ac6fcf313c0ac0b0a91157fdcdb9514fa62927373348f0?s=96&d=mm&r=g","url":"https:\/\/secure.gravatar.com\/avatar\/8a055ebe6373371f67ac6fcf313c0ac0b0a91157fdcdb9514fa62927373348f0?s=96&d=mm&r=g","contentUrl":"https:\/\/secure.gravatar.com\/avatar\/8a055ebe6373371f67ac6fcf313c0ac0b0a91157fdcdb9514fa62927373348f0?s=96&d=mm&r=g","caption":"Ana Luiza Bonatto"},"url":"https:\/\/jornalboasnoticias.com.br\/home\/author\/ana-luiza\/"}]}},"_links":{"self":[{"href":"https:\/\/jornalboasnoticias.com.br\/home\/wp-json\/wp\/v2\/posts\/45784","targetHints":{"allow":["GET"]}}],"collection":[{"href":"https:\/\/jornalboasnoticias.com.br\/home\/wp-json\/wp\/v2\/posts"}],"about":[{"href":"https:\/\/jornalboasnoticias.com.br\/home\/wp-json\/wp\/v2\/types\/post"}],"author":[{"embeddable":true,"href":"https:\/\/jornalboasnoticias.com.br\/home\/wp-json\/wp\/v2\/users\/4"}],"replies":[{"embeddable":true,"href":"https:\/\/jornalboasnoticias.com.br\/home\/wp-json\/wp\/v2\/comments?post=45784"}],"version-history":[{"count":1,"href":"https:\/\/jornalboasnoticias.com.br\/home\/wp-json\/wp\/v2\/posts\/45784\/revisions"}],"predecessor-version":[{"id":45786,"href":"https:\/\/jornalboasnoticias.com.br\/home\/wp-json\/wp\/v2\/posts\/45784\/revisions\/45786"}],"wp:featuredmedia":[{"embeddable":true,"href":"https:\/\/jornalboasnoticias.com.br\/home\/wp-json\/wp\/v2\/media\/45785"}],"wp:attachment":[{"href":"https:\/\/jornalboasnoticias.com.br\/home\/wp-json\/wp\/v2\/media?parent=45784"}],"wp:term":[{"taxonomy":"category","embeddable":true,"href":"https:\/\/jornalboasnoticias.com.br\/home\/wp-json\/wp\/v2\/categories?post=45784"},{"taxonomy":"post_tag","embeddable":true,"href":"https:\/\/jornalboasnoticias.com.br\/home\/wp-json\/wp\/v2\/tags?post=45784"}],"curies":[{"name":"wp","href":"https:\/\/api.w.org\/{rel}","templated":true}]}}