{"id":45777,"date":"2024-11-27T17:12:32","date_gmt":"2024-11-27T17:12:32","guid":{"rendered":"https:\/\/jornalboasnoticias.com.br\/home\/?p=45777"},"modified":"2024-11-27T17:12:32","modified_gmt":"2024-11-27T17:12:32","slug":"estudante-de-ensino-superior-privado-ainda-pode-se-inscrever-no-fies","status":"publish","type":"post","link":"https:\/\/jornalboasnoticias.com.br\/home\/estudante-de-ensino-superior-privado-ainda-pode-se-inscrever-no-fies\/","title":{"rendered":"Estudante de ensino superior privado ainda pode se inscrever no Fies"},"content":{"rendered":"<div class=\"header-noticia full-width\">\n<div>\n<figure id=\"attachment_45778\" aria-describedby=\"caption-attachment-45778\" style=\"width: 1170px\" class=\"wp-caption alignnone\"><img loading=\"lazy\" decoding=\"async\" class=\"size-full wp-image-45778\" src=\"https:\/\/jornalboasnoticias.com.br\/home\/wp-content\/uploads\/2024\/11\/sam-balye-w1fwdvirezu-unsplash.webp\" alt=\"\" width=\"1170\" height=\"700\" srcset=\"https:\/\/jornalboasnoticias.com.br\/home\/wp-content\/uploads\/2024\/11\/sam-balye-w1fwdvirezu-unsplash.webp 1170w, https:\/\/jornalboasnoticias.com.br\/home\/wp-content\/uploads\/2024\/11\/sam-balye-w1fwdvirezu-unsplash-300x179.webp 300w, https:\/\/jornalboasnoticias.com.br\/home\/wp-content\/uploads\/2024\/11\/sam-balye-w1fwdvirezu-unsplash-1024x613.webp 1024w, https:\/\/jornalboasnoticias.com.br\/home\/wp-content\/uploads\/2024\/11\/sam-balye-w1fwdvirezu-unsplash-768x459.webp 768w\" sizes=\"auto, (max-width: 1170px) 100vw, 1170px\" \/><figcaption id=\"caption-attachment-45778\" class=\"wp-caption-text\">\u00a9 Sam Balye\/Unsplash<\/figcaption><\/figure>\n<\/div>\n<\/div>\n<blockquote>\n<div class=\"header-noticia full-width\">\n<div class=\"linha-fina-noticia\">Prazo para vagas remanescentes termina na sexta-feira<\/div>\n<\/div>\n<\/blockquote>\n<div>\n<p>As inscri\u00e7\u00f5es para vagas remanescentes do Fundo de Financiamento Estudantil (Fies) do Minist\u00e9rio da Educa\u00e7\u00e3o (MEC) podem ser feitas at\u00e9 sexta-feira (29). Os interessados devem se inscrever exclusivamente pela internet, no\u00a0<a href=\"https:\/\/acessounico.mec.gov.br\/fies%C2%A0\" target=\"_blank\" rel=\"noopener\">Portal Acesso \u00danico ao Ensino Superior<\/a>, no m\u00f3dulo do Fies.<img decoding=\"async\" src=\"https:\/\/agenciabrasil.ebc.com.br\/ebc.png?id=1621422&amp;o=node\" \/><img decoding=\"async\" src=\"https:\/\/agenciabrasil.ebc.com.br\/ebc.gif?id=1621422&amp;o=node\" \/><\/p>\n<p>Os recursos do fundo financiam estudantes de cursos de gradua\u00e7\u00e3o em institui\u00e7\u00f5es de educa\u00e7\u00e3o superior privadas com avalia\u00e7\u00e3o positiva no Sistema Nacional de Avalia\u00e7\u00e3o da Educa\u00e7\u00e3o Superior (Sinaes).<\/p>\n<p>Ao acessar o sistema de sele\u00e7\u00e3o do Fies, o Fies Sele\u00e7\u00e3o, o estudante de ensino superior dever\u00e1 entrar no portal \u00fanico de servi\u00e7os digitais do governo federal, o Gov.br, com o Cadastro de Pessoa F\u00edsica (CPF) e senha.<\/p>\n<h2>Novo edital<\/h2>\n<p>A ocupa\u00e7\u00e3o das vagas remanescentes do Fies de 2024 est\u00e1 prevista em\u00a0<a href=\"http:\/\/portalfies.mec.gov.br\/arquivos\/edital_n_32_22112024.pdf\" target=\"_blank\" rel=\"noopener\">novo edital<\/a>, publicado pelo MEC no dia 22 e surge para ofertar financiamento a vagas que n\u00e3o foram preenchidas durante as etapas regulares de sele\u00e7\u00e3o do programa federal.<\/p>\n<h2>Quem pode se inscrever<\/h2>\n<p>De acordo com edital extra, as vagas remanescentes s\u00e3o destinadas exclusivamente aos estudantes efetivamente matriculados em um curso de ensino superior, e caso o semestre letivo j\u00e1 tenha sido encerrado, os candidatos devem ter cursado o referido per\u00edodo com aproveitamento em pelo menos 75% das disciplinas.<\/p>\n<p>Para participar da sele\u00e7\u00e3o, o candidato deve tamb\u00e9m ter participado do Exame Nacional do Ensino M\u00e9dio (Enem) a partir da edi\u00e7\u00e3o de 2010 e obtido m\u00e9dia aritm\u00e9tica das notas nas provas igual ou superior a 450 pontos, bem como nota superior a zero na reda\u00e7\u00e3o.<\/p>\n<p>Tamb\u00e9m \u00e9 necess\u00e1rio possuir renda familiar mensal bruta por pessoa de at\u00e9 tr\u00eas\u00a0sal\u00e1rios m\u00ednimos (R$ 4.236, em 2024).<\/p>\n<p>Pelo Fies Social, criado neste ano para atender \u00e0s\u202fnecessidades de estudantes de baixa renda, ter\u00e3o prioridade na classifica\u00e7\u00e3o para a ocupa\u00e7\u00e3o das vagas remanescentes, aqueles estudantes com renda familiar de at\u00e9 meio sal\u00e1rio m\u00ednimo (R$ 706) por pessoa da fam\u00edlia, inscritos no Cadastro \u00danico para Programas Sociais do Governo Federal (Cad\u00danico).<\/p>\n<p>Nesta \u00faltima situa\u00e7\u00e3o, os estudantes tamb\u00e9m podem solicitar a contrata\u00e7\u00e3o de financiamento de at\u00e9 100% dos encargos educacionais cobrados pelas institui\u00e7\u00f5es de ensino superior.<\/p>\n<p>Em 2024, pela primeira vez, t\u00eam prioridade na classifica\u00e7\u00e3o para a ocupa\u00e7\u00e3o \u00e9tnico-racial\u00a0destas vagas remanescentes, destinada aos candidatos autodeclarados pretos, pardos, ind\u00edgenas, quilombolas e pessoas com defici\u00eancia (PCD).<\/p>\n<p>O resultado da pr\u00e9-sele\u00e7\u00e3o de candidatos e a ordem de classifica\u00e7\u00e3o ser\u00e3o divulgados em 4 de dezembro, para chamada \u00fanica e de lista de espera.<\/p>\n<h2>O Fies<\/h2>\n<p>Desde 2001, o Fies democratiza o acesso ao ensino superior, permitindo que estudantes de baixa renda possam se graduar.<\/p>\n<p>O programa oferece financiamento a taxas de juros muito mais baixas do que as praticadas no mercado financeiro, o que torna o financiamento mais acess\u00edvel a este p\u00fablico.<\/p>\n<p>O programa oferece diferentes modalidades de financiamento, com prazos e condi\u00e7\u00f5es de pagamento variados, conforme a renda familiar de cada candidato. Aquele que mais precisa\u00a0 pode ter financiamento a juro zero.<\/p>\n<p>Na modalidade I do Fies, por exemplo, o financiamento ser\u00e1 pago ap\u00f3s o t\u00e9rmino do curso, respeitando o limite de renda do estudante.<\/p>\n<p>Para mais informa\u00e7\u00f5es sobre o FIES, pode ser consultado o\u00a0<a href=\"https:\/\/www.caixa.gov.br\/programas-sociais\/fies\/Paginas\/default.aspx\" target=\"_blank\" rel=\"noopener\">site oficial da Caixa Econ\u00f4mica Federal<\/a>, institui\u00e7\u00e3o operadora e agente financeira do fundo governamental.<\/p>\n<p>O financiamento poder\u00e1 ser pago por meio do d\u00e9bito na conta corrente ou poupan\u00e7a do estudante.<\/p>\n<p>(Ag\u00eancia Brasil)<\/p>\n<\/div>\n","protected":false},"excerpt":{"rendered":"<p>Prazo para vagas remanescentes termina na sexta-feira As inscri\u00e7\u00f5es para vagas remanescentes do Fundo de<\/p>\n","protected":false},"author":4,"featured_media":45778,"comment_status":"open","ping_status":"open","sticky":false,"template":"","format":"standard","meta":{"footnotes":""},"categories":[3,8],"tags":[],"class_list":["post-45777","post","type-post","status-publish","format-standard","has-post-thumbnail","hentry","category-destaques","category-educacao"],"yoast_head":"<!-- This site is optimized with the Yoast SEO plugin v27.5 - https:\/\/yoast.com\/product\/yoast-seo-wordpress\/ -->\n<title>Estudante de ensino superior privado ainda pode se inscrever no Fies - Jornal<\/title>\n<meta name=\"description\" content=\"Estudante de ensino superior privado ainda pode se inscrever no Fies\" \/>\n<meta name=\"robots\" content=\"index, follow, max-snippet:-1, max-image-preview:large, max-video-preview:-1\" \/>\n<link rel=\"canonical\" href=\"https:\/\/jornalboasnoticias.com.br\/home\/estudante-de-ensino-superior-privado-ainda-pode-se-inscrever-no-fies\/\" \/>\n<meta property=\"og:locale\" content=\"pt_BR\" \/>\n<meta property=\"og:type\" content=\"article\" \/>\n<meta property=\"og:title\" content=\"Estudante de ensino superior privado ainda pode se inscrever no Fies - Jornal\" \/>\n<meta property=\"og:description\" content=\"Estudante de ensino superior privado ainda pode se inscrever no Fies\" \/>\n<meta property=\"og:url\" content=\"https:\/\/jornalboasnoticias.com.br\/home\/estudante-de-ensino-superior-privado-ainda-pode-se-inscrever-no-fies\/\" \/>\n<meta property=\"og:site_name\" content=\"Jornal\" \/>\n<meta property=\"article:publisher\" content=\"https:\/\/www.facebook.com\/boasnoticiasjornal\" \/>\n<meta property=\"article:published_time\" content=\"2024-11-27T17:12:32+00:00\" \/>\n<meta property=\"og:image\" content=\"https:\/\/jornalboasnoticias.com.br\/home\/wp-content\/uploads\/2024\/11\/sam-balye-w1fwdvirezu-unsplash.webp\" \/>\n\t<meta property=\"og:image:width\" content=\"1170\" \/>\n\t<meta property=\"og:image:height\" content=\"700\" \/>\n\t<meta property=\"og:image:type\" content=\"image\/webp\" \/>\n<meta name=\"author\" content=\"Ana Luiza Bonatto\" \/>\n<meta name=\"twitter:card\" content=\"summary_large_image\" \/>\n<meta name=\"twitter:label1\" content=\"Escrito por\" \/>\n\t<meta name=\"twitter:data1\" content=\"Ana Luiza Bonatto\" \/>\n\t<meta name=\"twitter:label2\" content=\"Est. tempo de leitura\" \/>\n\t<meta name=\"twitter:data2\" content=\"4 minutos\" \/>\n<script type=\"application\/ld+json\" class=\"yoast-schema-graph\">{\"@context\":\"https:\\\/\\\/schema.org\",\"@graph\":[{\"@type\":\"Article\",\"@id\":\"https:\\\/\\\/jornalboasnoticias.com.br\\\/home\\\/estudante-de-ensino-superior-privado-ainda-pode-se-inscrever-no-fies\\\/#article\",\"isPartOf\":{\"@id\":\"https:\\\/\\\/jornalboasnoticias.com.br\\\/home\\\/estudante-de-ensino-superior-privado-ainda-pode-se-inscrever-no-fies\\\/\"},\"author\":{\"name\":\"Ana Luiza Bonatto\",\"@id\":\"https:\\\/\\\/jornalboasnoticias.com.br\\\/home\\\/#\\\/schema\\\/person\\\/d641193e0afc6405b390164dac847971\"},\"headline\":\"Estudante de ensino superior privado ainda pode se inscrever no Fies\",\"datePublished\":\"2024-11-27T17:12:32+00:00\",\"mainEntityOfPage\":{\"@id\":\"https:\\\/\\\/jornalboasnoticias.com.br\\\/home\\\/estudante-de-ensino-superior-privado-ainda-pode-se-inscrever-no-fies\\\/\"},\"wordCount\":615,\"commentCount\":0,\"publisher\":{\"@id\":\"https:\\\/\\\/jornalboasnoticias.com.br\\\/home\\\/#organization\"},\"image\":{\"@id\":\"https:\\\/\\\/jornalboasnoticias.com.br\\\/home\\\/estudante-de-ensino-superior-privado-ainda-pode-se-inscrever-no-fies\\\/#primaryimage\"},\"thumbnailUrl\":\"https:\\\/\\\/jornalboasnoticias.com.br\\\/home\\\/wp-content\\\/uploads\\\/2024\\\/11\\\/sam-balye-w1fwdvirezu-unsplash.webp\",\"articleSection\":[\"DESTAQUE\",\"EDUCA\u00c7\u00c3O\"],\"inLanguage\":\"pt-BR\",\"potentialAction\":[{\"@type\":\"CommentAction\",\"name\":\"Comment\",\"target\":[\"https:\\\/\\\/jornalboasnoticias.com.br\\\/home\\\/estudante-de-ensino-superior-privado-ainda-pode-se-inscrever-no-fies\\\/#respond\"]}]},{\"@type\":\"WebPage\",\"@id\":\"https:\\\/\\\/jornalboasnoticias.com.br\\\/home\\\/estudante-de-ensino-superior-privado-ainda-pode-se-inscrever-no-fies\\\/\",\"url\":\"https:\\\/\\\/jornalboasnoticias.com.br\\\/home\\\/estudante-de-ensino-superior-privado-ainda-pode-se-inscrever-no-fies\\\/\",\"name\":\"Estudante de ensino superior privado ainda pode se inscrever no Fies - Jornal\",\"isPartOf\":{\"@id\":\"https:\\\/\\\/jornalboasnoticias.com.br\\\/home\\\/#website\"},\"primaryImageOfPage\":{\"@id\":\"https:\\\/\\\/jornalboasnoticias.com.br\\\/home\\\/estudante-de-ensino-superior-privado-ainda-pode-se-inscrever-no-fies\\\/#primaryimage\"},\"image\":{\"@id\":\"https:\\\/\\\/jornalboasnoticias.com.br\\\/home\\\/estudante-de-ensino-superior-privado-ainda-pode-se-inscrever-no-fies\\\/#primaryimage\"},\"thumbnailUrl\":\"https:\\\/\\\/jornalboasnoticias.com.br\\\/home\\\/wp-content\\\/uploads\\\/2024\\\/11\\\/sam-balye-w1fwdvirezu-unsplash.webp\",\"datePublished\":\"2024-11-27T17:12:32+00:00\",\"description\":\"Estudante de ensino superior privado ainda pode se inscrever no Fies\",\"breadcrumb\":{\"@id\":\"https:\\\/\\\/jornalboasnoticias.com.br\\\/home\\\/estudante-de-ensino-superior-privado-ainda-pode-se-inscrever-no-fies\\\/#breadcrumb\"},\"inLanguage\":\"pt-BR\",\"potentialAction\":[{\"@type\":\"ReadAction\",\"target\":[\"https:\\\/\\\/jornalboasnoticias.com.br\\\/home\\\/estudante-de-ensino-superior-privado-ainda-pode-se-inscrever-no-fies\\\/\"]}]},{\"@type\":\"ImageObject\",\"inLanguage\":\"pt-BR\",\"@id\":\"https:\\\/\\\/jornalboasnoticias.com.br\\\/home\\\/estudante-de-ensino-superior-privado-ainda-pode-se-inscrever-no-fies\\\/#primaryimage\",\"url\":\"https:\\\/\\\/jornalboasnoticias.com.br\\\/home\\\/wp-content\\\/uploads\\\/2024\\\/11\\\/sam-balye-w1fwdvirezu-unsplash.webp\",\"contentUrl\":\"https:\\\/\\\/jornalboasnoticias.com.br\\\/home\\\/wp-content\\\/uploads\\\/2024\\\/11\\\/sam-balye-w1fwdvirezu-unsplash.webp\",\"width\":1170,\"height\":700,\"caption\":\"\u00a9 Sam Balye\\\/Unsplash\"},{\"@type\":\"BreadcrumbList\",\"@id\":\"https:\\\/\\\/jornalboasnoticias.com.br\\\/home\\\/estudante-de-ensino-superior-privado-ainda-pode-se-inscrever-no-fies\\\/#breadcrumb\",\"itemListElement\":[{\"@type\":\"ListItem\",\"position\":1,\"name\":\"In\u00edcio\",\"item\":\"https:\\\/\\\/jornalboasnoticias.com.br\\\/home\\\/\"},{\"@type\":\"ListItem\",\"position\":2,\"name\":\"Estudante de ensino superior privado ainda pode se inscrever no Fies\"}]},{\"@type\":\"WebSite\",\"@id\":\"https:\\\/\\\/jornalboasnoticias.com.br\\\/home\\\/#website\",\"url\":\"https:\\\/\\\/jornalboasnoticias.com.br\\\/home\\\/\",\"name\":\"Jornal Boas Not\u00edcias\",\"description\":\"Boas not\u00edcias\",\"publisher\":{\"@id\":\"https:\\\/\\\/jornalboasnoticias.com.br\\\/home\\\/#organization\"},\"potentialAction\":[{\"@type\":\"SearchAction\",\"target\":{\"@type\":\"EntryPoint\",\"urlTemplate\":\"https:\\\/\\\/jornalboasnoticias.com.br\\\/home\\\/?s={search_term_string}\"},\"query-input\":{\"@type\":\"PropertyValueSpecification\",\"valueRequired\":true,\"valueName\":\"search_term_string\"}}],\"inLanguage\":\"pt-BR\"},{\"@type\":\"Organization\",\"@id\":\"https:\\\/\\\/jornalboasnoticias.com.br\\\/home\\\/#organization\",\"name\":\"Coq Editora Ltda\",\"alternateName\":\"Jornal Boas Noticias\",\"url\":\"https:\\\/\\\/jornalboasnoticias.com.br\\\/home\\\/\",\"logo\":{\"@type\":\"ImageObject\",\"inLanguage\":\"pt-BR\",\"@id\":\"https:\\\/\\\/jornalboasnoticias.com.br\\\/home\\\/#\\\/schema\\\/logo\\\/image\\\/\",\"url\":\"https:\\\/\\\/jornalboasnoticias.com.br\\\/home\\\/wp-content\\\/uploads\\\/2024\\\/07\\\/cropped-logo.jpg\",\"contentUrl\":\"https:\\\/\\\/jornalboasnoticias.com.br\\\/home\\\/wp-content\\\/uploads\\\/2024\\\/07\\\/cropped-logo.jpg\",\"width\":290,\"height\":142,\"caption\":\"Coq Editora Ltda\"},\"image\":{\"@id\":\"https:\\\/\\\/jornalboasnoticias.com.br\\\/home\\\/#\\\/schema\\\/logo\\\/image\\\/\"},\"sameAs\":[\"https:\\\/\\\/www.facebook.com\\\/boasnoticiasjornal\"]},{\"@type\":\"Person\",\"@id\":\"https:\\\/\\\/jornalboasnoticias.com.br\\\/home\\\/#\\\/schema\\\/person\\\/d641193e0afc6405b390164dac847971\",\"name\":\"Ana Luiza Bonatto\",\"image\":{\"@type\":\"ImageObject\",\"inLanguage\":\"pt-BR\",\"@id\":\"https:\\\/\\\/secure.gravatar.com\\\/avatar\\\/8a055ebe6373371f67ac6fcf313c0ac0b0a91157fdcdb9514fa62927373348f0?s=96&d=mm&r=g\",\"url\":\"https:\\\/\\\/secure.gravatar.com\\\/avatar\\\/8a055ebe6373371f67ac6fcf313c0ac0b0a91157fdcdb9514fa62927373348f0?s=96&d=mm&r=g\",\"contentUrl\":\"https:\\\/\\\/secure.gravatar.com\\\/avatar\\\/8a055ebe6373371f67ac6fcf313c0ac0b0a91157fdcdb9514fa62927373348f0?s=96&d=mm&r=g\",\"caption\":\"Ana Luiza Bonatto\"},\"url\":\"https:\\\/\\\/jornalboasnoticias.com.br\\\/home\\\/author\\\/ana-luiza\\\/\"}]}<\/script>\n<!-- \/ Yoast SEO plugin. -->","yoast_head_json":{"title":"Estudante de ensino superior privado ainda pode se inscrever no Fies - Jornal","description":"Estudante de ensino superior privado ainda pode se inscrever no Fies","robots":{"index":"index","follow":"follow","max-snippet":"max-snippet:-1","max-image-preview":"max-image-preview:large","max-video-preview":"max-video-preview:-1"},"canonical":"https:\/\/jornalboasnoticias.com.br\/home\/estudante-de-ensino-superior-privado-ainda-pode-se-inscrever-no-fies\/","og_locale":"pt_BR","og_type":"article","og_title":"Estudante de ensino superior privado ainda pode se inscrever no Fies - Jornal","og_description":"Estudante de ensino superior privado ainda pode se inscrever no Fies","og_url":"https:\/\/jornalboasnoticias.com.br\/home\/estudante-de-ensino-superior-privado-ainda-pode-se-inscrever-no-fies\/","og_site_name":"Jornal","article_publisher":"https:\/\/www.facebook.com\/boasnoticiasjornal","article_published_time":"2024-11-27T17:12:32+00:00","og_image":[{"width":1170,"height":700,"url":"https:\/\/jornalboasnoticias.com.br\/home\/wp-content\/uploads\/2024\/11\/sam-balye-w1fwdvirezu-unsplash.webp","type":"image\/webp"}],"author":"Ana Luiza Bonatto","twitter_card":"summary_large_image","twitter_misc":{"Escrito por":"Ana Luiza Bonatto","Est. tempo de leitura":"4 minutos"},"schema":{"@context":"https:\/\/schema.org","@graph":[{"@type":"Article","@id":"https:\/\/jornalboasnoticias.com.br\/home\/estudante-de-ensino-superior-privado-ainda-pode-se-inscrever-no-fies\/#article","isPartOf":{"@id":"https:\/\/jornalboasnoticias.com.br\/home\/estudante-de-ensino-superior-privado-ainda-pode-se-inscrever-no-fies\/"},"author":{"name":"Ana Luiza Bonatto","@id":"https:\/\/jornalboasnoticias.com.br\/home\/#\/schema\/person\/d641193e0afc6405b390164dac847971"},"headline":"Estudante de ensino superior privado ainda pode se inscrever no Fies","datePublished":"2024-11-27T17:12:32+00:00","mainEntityOfPage":{"@id":"https:\/\/jornalboasnoticias.com.br\/home\/estudante-de-ensino-superior-privado-ainda-pode-se-inscrever-no-fies\/"},"wordCount":615,"commentCount":0,"publisher":{"@id":"https:\/\/jornalboasnoticias.com.br\/home\/#organization"},"image":{"@id":"https:\/\/jornalboasnoticias.com.br\/home\/estudante-de-ensino-superior-privado-ainda-pode-se-inscrever-no-fies\/#primaryimage"},"thumbnailUrl":"https:\/\/jornalboasnoticias.com.br\/home\/wp-content\/uploads\/2024\/11\/sam-balye-w1fwdvirezu-unsplash.webp","articleSection":["DESTAQUE","EDUCA\u00c7\u00c3O"],"inLanguage":"pt-BR","potentialAction":[{"@type":"CommentAction","name":"Comment","target":["https:\/\/jornalboasnoticias.com.br\/home\/estudante-de-ensino-superior-privado-ainda-pode-se-inscrever-no-fies\/#respond"]}]},{"@type":"WebPage","@id":"https:\/\/jornalboasnoticias.com.br\/home\/estudante-de-ensino-superior-privado-ainda-pode-se-inscrever-no-fies\/","url":"https:\/\/jornalboasnoticias.com.br\/home\/estudante-de-ensino-superior-privado-ainda-pode-se-inscrever-no-fies\/","name":"Estudante de ensino superior privado ainda pode se inscrever no Fies - Jornal","isPartOf":{"@id":"https:\/\/jornalboasnoticias.com.br\/home\/#website"},"primaryImageOfPage":{"@id":"https:\/\/jornalboasnoticias.com.br\/home\/estudante-de-ensino-superior-privado-ainda-pode-se-inscrever-no-fies\/#primaryimage"},"image":{"@id":"https:\/\/jornalboasnoticias.com.br\/home\/estudante-de-ensino-superior-privado-ainda-pode-se-inscrever-no-fies\/#primaryimage"},"thumbnailUrl":"https:\/\/jornalboasnoticias.com.br\/home\/wp-content\/uploads\/2024\/11\/sam-balye-w1fwdvirezu-unsplash.webp","datePublished":"2024-11-27T17:12:32+00:00","description":"Estudante de ensino superior privado ainda pode se inscrever no Fies","breadcrumb":{"@id":"https:\/\/jornalboasnoticias.com.br\/home\/estudante-de-ensino-superior-privado-ainda-pode-se-inscrever-no-fies\/#breadcrumb"},"inLanguage":"pt-BR","potentialAction":[{"@type":"ReadAction","target":["https:\/\/jornalboasnoticias.com.br\/home\/estudante-de-ensino-superior-privado-ainda-pode-se-inscrever-no-fies\/"]}]},{"@type":"ImageObject","inLanguage":"pt-BR","@id":"https:\/\/jornalboasnoticias.com.br\/home\/estudante-de-ensino-superior-privado-ainda-pode-se-inscrever-no-fies\/#primaryimage","url":"https:\/\/jornalboasnoticias.com.br\/home\/wp-content\/uploads\/2024\/11\/sam-balye-w1fwdvirezu-unsplash.webp","contentUrl":"https:\/\/jornalboasnoticias.com.br\/home\/wp-content\/uploads\/2024\/11\/sam-balye-w1fwdvirezu-unsplash.webp","width":1170,"height":700,"caption":"\u00a9 Sam Balye\/Unsplash"},{"@type":"BreadcrumbList","@id":"https:\/\/jornalboasnoticias.com.br\/home\/estudante-de-ensino-superior-privado-ainda-pode-se-inscrever-no-fies\/#breadcrumb","itemListElement":[{"@type":"ListItem","position":1,"name":"In\u00edcio","item":"https:\/\/jornalboasnoticias.com.br\/home\/"},{"@type":"ListItem","position":2,"name":"Estudante de ensino superior privado ainda pode se inscrever no Fies"}]},{"@type":"WebSite","@id":"https:\/\/jornalboasnoticias.com.br\/home\/#website","url":"https:\/\/jornalboasnoticias.com.br\/home\/","name":"Jornal Boas Not\u00edcias","description":"Boas not\u00edcias","publisher":{"@id":"https:\/\/jornalboasnoticias.com.br\/home\/#organization"},"potentialAction":[{"@type":"SearchAction","target":{"@type":"EntryPoint","urlTemplate":"https:\/\/jornalboasnoticias.com.br\/home\/?s={search_term_string}"},"query-input":{"@type":"PropertyValueSpecification","valueRequired":true,"valueName":"search_term_string"}}],"inLanguage":"pt-BR"},{"@type":"Organization","@id":"https:\/\/jornalboasnoticias.com.br\/home\/#organization","name":"Coq Editora Ltda","alternateName":"Jornal Boas Noticias","url":"https:\/\/jornalboasnoticias.com.br\/home\/","logo":{"@type":"ImageObject","inLanguage":"pt-BR","@id":"https:\/\/jornalboasnoticias.com.br\/home\/#\/schema\/logo\/image\/","url":"https:\/\/jornalboasnoticias.com.br\/home\/wp-content\/uploads\/2024\/07\/cropped-logo.jpg","contentUrl":"https:\/\/jornalboasnoticias.com.br\/home\/wp-content\/uploads\/2024\/07\/cropped-logo.jpg","width":290,"height":142,"caption":"Coq Editora Ltda"},"image":{"@id":"https:\/\/jornalboasnoticias.com.br\/home\/#\/schema\/logo\/image\/"},"sameAs":["https:\/\/www.facebook.com\/boasnoticiasjornal"]},{"@type":"Person","@id":"https:\/\/jornalboasnoticias.com.br\/home\/#\/schema\/person\/d641193e0afc6405b390164dac847971","name":"Ana Luiza Bonatto","image":{"@type":"ImageObject","inLanguage":"pt-BR","@id":"https:\/\/secure.gravatar.com\/avatar\/8a055ebe6373371f67ac6fcf313c0ac0b0a91157fdcdb9514fa62927373348f0?s=96&d=mm&r=g","url":"https:\/\/secure.gravatar.com\/avatar\/8a055ebe6373371f67ac6fcf313c0ac0b0a91157fdcdb9514fa62927373348f0?s=96&d=mm&r=g","contentUrl":"https:\/\/secure.gravatar.com\/avatar\/8a055ebe6373371f67ac6fcf313c0ac0b0a91157fdcdb9514fa62927373348f0?s=96&d=mm&r=g","caption":"Ana Luiza Bonatto"},"url":"https:\/\/jornalboasnoticias.com.br\/home\/author\/ana-luiza\/"}]}},"_links":{"self":[{"href":"https:\/\/jornalboasnoticias.com.br\/home\/wp-json\/wp\/v2\/posts\/45777","targetHints":{"allow":["GET"]}}],"collection":[{"href":"https:\/\/jornalboasnoticias.com.br\/home\/wp-json\/wp\/v2\/posts"}],"about":[{"href":"https:\/\/jornalboasnoticias.com.br\/home\/wp-json\/wp\/v2\/types\/post"}],"author":[{"embeddable":true,"href":"https:\/\/jornalboasnoticias.com.br\/home\/wp-json\/wp\/v2\/users\/4"}],"replies":[{"embeddable":true,"href":"https:\/\/jornalboasnoticias.com.br\/home\/wp-json\/wp\/v2\/comments?post=45777"}],"version-history":[{"count":2,"href":"https:\/\/jornalboasnoticias.com.br\/home\/wp-json\/wp\/v2\/posts\/45777\/revisions"}],"predecessor-version":[{"id":45780,"href":"https:\/\/jornalboasnoticias.com.br\/home\/wp-json\/wp\/v2\/posts\/45777\/revisions\/45780"}],"wp:featuredmedia":[{"embeddable":true,"href":"https:\/\/jornalboasnoticias.com.br\/home\/wp-json\/wp\/v2\/media\/45778"}],"wp:attachment":[{"href":"https:\/\/jornalboasnoticias.com.br\/home\/wp-json\/wp\/v2\/media?parent=45777"}],"wp:term":[{"taxonomy":"category","embeddable":true,"href":"https:\/\/jornalboasnoticias.com.br\/home\/wp-json\/wp\/v2\/categories?post=45777"},{"taxonomy":"post_tag","embeddable":true,"href":"https:\/\/jornalboasnoticias.com.br\/home\/wp-json\/wp\/v2\/tags?post=45777"}],"curies":[{"name":"wp","href":"https:\/\/api.w.org\/{rel}","templated":true}]}}