{"id":45761,"date":"2024-11-27T11:41:56","date_gmt":"2024-11-27T11:41:56","guid":{"rendered":"https:\/\/jornalboasnoticias.com.br\/home\/?p=45761"},"modified":"2024-11-27T11:41:56","modified_gmt":"2024-11-27T11:41:56","slug":"abin-municiou-bolsonaro-com-dados-para-produzir-desinformacao-diz-pf","status":"publish","type":"post","link":"https:\/\/jornalboasnoticias.com.br\/home\/abin-municiou-bolsonaro-com-dados-para-produzir-desinformacao-diz-pf\/","title":{"rendered":"Abin municiou Bolsonaro com dados para produzir desinforma\u00e7\u00e3o, diz PF"},"content":{"rendered":"<div class=\"header-noticia full-width\">\n<div>\n<figure id=\"attachment_45762\" aria-describedby=\"caption-attachment-45762\" style=\"width: 1170px\" class=\"wp-caption alignnone\"><img loading=\"lazy\" decoding=\"async\" class=\"size-full wp-image-45762\" src=\"https:\/\/jornalboasnoticias.com.br\/home\/wp-content\/uploads\/2024\/11\/pzzb8928.webp\" alt=\"\" width=\"1170\" height=\"700\" srcset=\"https:\/\/jornalboasnoticias.com.br\/home\/wp-content\/uploads\/2024\/11\/pzzb8928.webp 1170w, https:\/\/jornalboasnoticias.com.br\/home\/wp-content\/uploads\/2024\/11\/pzzb8928-300x179.webp 300w, https:\/\/jornalboasnoticias.com.br\/home\/wp-content\/uploads\/2024\/11\/pzzb8928-1024x613.webp 1024w, https:\/\/jornalboasnoticias.com.br\/home\/wp-content\/uploads\/2024\/11\/pzzb8928-768x459.webp 768w\" sizes=\"auto, (max-width: 1170px) 100vw, 1170px\" \/><figcaption id=\"caption-attachment-45762\" class=\"wp-caption-text\">\u00a9 Jos\u00e9 Cruz\/Ag\u00eancia Brasil\/Arquivo<\/figcaption><\/figure>\n<\/div>\n<\/div>\n<blockquote>\n<div class=\"header-noticia full-width\">\n<div class=\"linha-fina-noticia\">Ramagem forneceu estrat\u00e9gias de ataque \u00e0s institui\u00e7\u00f5es democr\u00e1ticas<\/div>\n<\/div>\n<\/blockquote>\n<div class=\"container-autoria\">\n<p>A Pol\u00edcia Federal (PF) concluiu que o ex-diretor da Ag\u00eancia Brasileira de Intelig\u00eancia (Abin) Alexandre Ramagem foi respons\u00e1vel por assessorar o ex-presidente Jair Bolsonaro com estrat\u00e9gias de ataque\u00a0\u00e0s institui\u00e7\u00f5es democr\u00e1ticas do pa\u00eds.<img decoding=\"async\" src=\"https:\/\/agenciabrasil.ebc.com.br\/ebc.png?id=1621347&amp;o=node\" \/><img decoding=\"async\" src=\"https:\/\/agenciabrasil.ebc.com.br\/ebc.gif?id=1621347&amp;o=node\" \/><\/p>\n<p>A conclus\u00e3o est\u00e1 no relat\u00f3rio no qual a PF indiciou Ramagem, Bolsonaro e mais 35 acusados por golpe de Estado e aboli\u00e7\u00e3o violenta do estado democr\u00e1tico de direito. O\u00a0<a href=\"https:\/\/agenciabrasil.ebc.com.br\/justica\/noticia\/2024-11\/moraes-retira-sigilo-de-inquerito-de-tentativa-de-golpe\">sigilo foi derrubado<\/a>\u00a0nesta ter\u00e7a-feira (26) pelo ministro do Supremo Tribunal Federal (STF) Alexandre de Moraes, relator do chamado inqu\u00e9rito do golpe.<\/p>\n<p>Segundo a PF, Ramagem atuou para produzir desinforma\u00e7\u00e3o com objetivo de subsidiar Bolsonaro com ataques ao sistema eleitoral, \u00e0s urnas eletr\u00f4nicas, ao Poder Judici\u00e1rio e seus membros. As informa\u00e7\u00f5es eram lidas por Bolsonaro durante as lives realizadas nas redes sociais.<\/p>\n<p>&#8220;O cotejo dos fatos elencados demonstra que Alexandre Ramagem atuou de forma proativa, de um lado, como chefe da Abin, solicitando e recebendo documentos que atacavam o sistema de eleitoral brasileiro, do outro, assessorando e municiando o ent\u00e3o presidente Jair Bolsonaro com estrat\u00e9gias de ataques \u00e0s institui\u00e7\u00f5es democr\u00e1ticas, ao Poder Judici\u00e1rio e seus respectivos membros, bem como ao sistema eleitoral de vota\u00e7\u00e3o, especialmente as urnas eletr\u00f4nicas&#8221;, afirma a investiga\u00e7\u00e3o.<\/p>\n<p>Na avalia\u00e7\u00e3o dos investigadores, Ramagem atuou no comando da Abin com desvio de finalidade para fornecer informa\u00e7\u00f5es ao grupo que planejava o golpe.<\/p>\n<p>&#8220;O car\u00e1ter il\u00edcito das estrat\u00e9gias elaboradas pelo ent\u00e3o diretor geral da Abin compreendeu a massifica\u00e7\u00e3o de ataques as urnas eletr\u00f4nicas, campanhas de deslegitima\u00e7\u00e3o do Supremo Tribunal Federal, tentativas de intimida\u00e7\u00e3o e restri\u00e7\u00e3o da fun\u00e7\u00e3o jurisdicional de seus membros e a elabora\u00e7\u00e3o de planos para interferir em investiga\u00e7\u00f5es no \u00e2mbito da Pol\u00edcia Federal&#8221;, completou a PF.<\/p>\n<h2>Outro lado<\/h2>\n<p>A Ag\u00eancia Brasil entrou em contato com a defesa de Alexandre Ramagem e aguarda retorno. O espa\u00e7o est\u00e1 aberto para manifesta\u00e7\u00e3o.<\/p>\n<p>A reportagem busca contato com a defesa de Bolsonaro e est\u00e1 aberta para incluir seu posicionamento no texto. Ontem (25), em coletiva de imprensa, o ex-presidente declarou que &#8220;nunca discutiu golpe com ningu\u00e9m&#8221;. Segundo Bolsonaro, todas as medidas tomadas durante seu governo foram feitas &#8220;dentro das quatro linhas da Constitui\u00e7\u00e3o&#8221;.<\/p>\n<p>(Ag\u00eancia Brasil)<\/p>\n<\/div>\n","protected":false},"excerpt":{"rendered":"<p>Ramagem forneceu estrat\u00e9gias de ataque \u00e0s institui\u00e7\u00f5es democr\u00e1ticas A Pol\u00edcia Federal (PF) concluiu que o<\/p>\n","protected":false},"author":4,"featured_media":45762,"comment_status":"open","ping_status":"open","sticky":false,"template":"","format":"standard","meta":{"footnotes":""},"categories":[3,22],"tags":[],"class_list":["post-45761","post","type-post","status-publish","format-standard","has-post-thumbnail","hentry","category-destaques","category-justica"],"yoast_head":"<!-- This site is optimized with the Yoast SEO plugin v27.5 - https:\/\/yoast.com\/product\/yoast-seo-wordpress\/ -->\n<title>Abin municiou Bolsonaro com dados para produzir desinforma\u00e7\u00e3o, diz PF - Jornal<\/title>\n<meta name=\"description\" content=\"Abin municiou Bolsonaro com dados para produzir desinforma\u00e7\u00e3o, diz PF\" \/>\n<meta name=\"robots\" content=\"index, follow, max-snippet:-1, max-image-preview:large, max-video-preview:-1\" \/>\n<link rel=\"canonical\" href=\"https:\/\/jornalboasnoticias.com.br\/home\/abin-municiou-bolsonaro-com-dados-para-produzir-desinformacao-diz-pf\/\" \/>\n<meta property=\"og:locale\" content=\"pt_BR\" \/>\n<meta property=\"og:type\" content=\"article\" \/>\n<meta property=\"og:title\" content=\"Abin municiou Bolsonaro com dados para produzir desinforma\u00e7\u00e3o, diz PF - Jornal\" \/>\n<meta property=\"og:description\" content=\"Abin municiou Bolsonaro com dados para produzir desinforma\u00e7\u00e3o, diz PF\" \/>\n<meta property=\"og:url\" content=\"https:\/\/jornalboasnoticias.com.br\/home\/abin-municiou-bolsonaro-com-dados-para-produzir-desinformacao-diz-pf\/\" \/>\n<meta property=\"og:site_name\" content=\"Jornal\" \/>\n<meta property=\"article:publisher\" content=\"https:\/\/www.facebook.com\/boasnoticiasjornal\" \/>\n<meta property=\"article:published_time\" content=\"2024-11-27T11:41:56+00:00\" \/>\n<meta property=\"og:image\" content=\"https:\/\/jornalboasnoticias.com.br\/home\/wp-content\/uploads\/2024\/11\/pzzb8928.webp\" \/>\n\t<meta property=\"og:image:width\" content=\"1170\" \/>\n\t<meta property=\"og:image:height\" content=\"700\" \/>\n\t<meta property=\"og:image:type\" content=\"image\/webp\" \/>\n<meta name=\"author\" content=\"Ana Luiza Bonatto\" \/>\n<meta name=\"twitter:card\" content=\"summary_large_image\" \/>\n<meta name=\"twitter:label1\" content=\"Escrito por\" \/>\n\t<meta name=\"twitter:data1\" content=\"Ana Luiza Bonatto\" \/>\n\t<meta name=\"twitter:label2\" content=\"Est. tempo de leitura\" \/>\n\t<meta name=\"twitter:data2\" content=\"3 minutos\" \/>\n<script type=\"application\/ld+json\" class=\"yoast-schema-graph\">{\"@context\":\"https:\\\/\\\/schema.org\",\"@graph\":[{\"@type\":\"Article\",\"@id\":\"https:\\\/\\\/jornalboasnoticias.com.br\\\/home\\\/abin-municiou-bolsonaro-com-dados-para-produzir-desinformacao-diz-pf\\\/#article\",\"isPartOf\":{\"@id\":\"https:\\\/\\\/jornalboasnoticias.com.br\\\/home\\\/abin-municiou-bolsonaro-com-dados-para-produzir-desinformacao-diz-pf\\\/\"},\"author\":{\"name\":\"Ana Luiza Bonatto\",\"@id\":\"https:\\\/\\\/jornalboasnoticias.com.br\\\/home\\\/#\\\/schema\\\/person\\\/d641193e0afc6405b390164dac847971\"},\"headline\":\"Abin municiou Bolsonaro com dados para produzir desinforma\u00e7\u00e3o, diz PF\",\"datePublished\":\"2024-11-27T11:41:56+00:00\",\"mainEntityOfPage\":{\"@id\":\"https:\\\/\\\/jornalboasnoticias.com.br\\\/home\\\/abin-municiou-bolsonaro-com-dados-para-produzir-desinformacao-diz-pf\\\/\"},\"wordCount\":425,\"commentCount\":0,\"publisher\":{\"@id\":\"https:\\\/\\\/jornalboasnoticias.com.br\\\/home\\\/#organization\"},\"image\":{\"@id\":\"https:\\\/\\\/jornalboasnoticias.com.br\\\/home\\\/abin-municiou-bolsonaro-com-dados-para-produzir-desinformacao-diz-pf\\\/#primaryimage\"},\"thumbnailUrl\":\"https:\\\/\\\/jornalboasnoticias.com.br\\\/home\\\/wp-content\\\/uploads\\\/2024\\\/11\\\/pzzb8928.webp\",\"articleSection\":[\"DESTAQUE\",\"JUSTI\u00c7A\"],\"inLanguage\":\"pt-BR\",\"potentialAction\":[{\"@type\":\"CommentAction\",\"name\":\"Comment\",\"target\":[\"https:\\\/\\\/jornalboasnoticias.com.br\\\/home\\\/abin-municiou-bolsonaro-com-dados-para-produzir-desinformacao-diz-pf\\\/#respond\"]}]},{\"@type\":\"WebPage\",\"@id\":\"https:\\\/\\\/jornalboasnoticias.com.br\\\/home\\\/abin-municiou-bolsonaro-com-dados-para-produzir-desinformacao-diz-pf\\\/\",\"url\":\"https:\\\/\\\/jornalboasnoticias.com.br\\\/home\\\/abin-municiou-bolsonaro-com-dados-para-produzir-desinformacao-diz-pf\\\/\",\"name\":\"Abin municiou Bolsonaro com dados para produzir desinforma\u00e7\u00e3o, diz PF - Jornal\",\"isPartOf\":{\"@id\":\"https:\\\/\\\/jornalboasnoticias.com.br\\\/home\\\/#website\"},\"primaryImageOfPage\":{\"@id\":\"https:\\\/\\\/jornalboasnoticias.com.br\\\/home\\\/abin-municiou-bolsonaro-com-dados-para-produzir-desinformacao-diz-pf\\\/#primaryimage\"},\"image\":{\"@id\":\"https:\\\/\\\/jornalboasnoticias.com.br\\\/home\\\/abin-municiou-bolsonaro-com-dados-para-produzir-desinformacao-diz-pf\\\/#primaryimage\"},\"thumbnailUrl\":\"https:\\\/\\\/jornalboasnoticias.com.br\\\/home\\\/wp-content\\\/uploads\\\/2024\\\/11\\\/pzzb8928.webp\",\"datePublished\":\"2024-11-27T11:41:56+00:00\",\"description\":\"Abin municiou Bolsonaro com dados para produzir desinforma\u00e7\u00e3o, diz PF\",\"breadcrumb\":{\"@id\":\"https:\\\/\\\/jornalboasnoticias.com.br\\\/home\\\/abin-municiou-bolsonaro-com-dados-para-produzir-desinformacao-diz-pf\\\/#breadcrumb\"},\"inLanguage\":\"pt-BR\",\"potentialAction\":[{\"@type\":\"ReadAction\",\"target\":[\"https:\\\/\\\/jornalboasnoticias.com.br\\\/home\\\/abin-municiou-bolsonaro-com-dados-para-produzir-desinformacao-diz-pf\\\/\"]}]},{\"@type\":\"ImageObject\",\"inLanguage\":\"pt-BR\",\"@id\":\"https:\\\/\\\/jornalboasnoticias.com.br\\\/home\\\/abin-municiou-bolsonaro-com-dados-para-produzir-desinformacao-diz-pf\\\/#primaryimage\",\"url\":\"https:\\\/\\\/jornalboasnoticias.com.br\\\/home\\\/wp-content\\\/uploads\\\/2024\\\/11\\\/pzzb8928.webp\",\"contentUrl\":\"https:\\\/\\\/jornalboasnoticias.com.br\\\/home\\\/wp-content\\\/uploads\\\/2024\\\/11\\\/pzzb8928.webp\",\"width\":1170,\"height\":700,\"caption\":\"\u00a9 Jos\u00e9 Cruz\\\/Ag\u00eancia Brasil\\\/Arquivo\"},{\"@type\":\"BreadcrumbList\",\"@id\":\"https:\\\/\\\/jornalboasnoticias.com.br\\\/home\\\/abin-municiou-bolsonaro-com-dados-para-produzir-desinformacao-diz-pf\\\/#breadcrumb\",\"itemListElement\":[{\"@type\":\"ListItem\",\"position\":1,\"name\":\"In\u00edcio\",\"item\":\"https:\\\/\\\/jornalboasnoticias.com.br\\\/home\\\/\"},{\"@type\":\"ListItem\",\"position\":2,\"name\":\"Abin municiou Bolsonaro com dados para produzir desinforma\u00e7\u00e3o, diz PF\"}]},{\"@type\":\"WebSite\",\"@id\":\"https:\\\/\\\/jornalboasnoticias.com.br\\\/home\\\/#website\",\"url\":\"https:\\\/\\\/jornalboasnoticias.com.br\\\/home\\\/\",\"name\":\"Jornal Boas Not\u00edcias\",\"description\":\"Boas not\u00edcias\",\"publisher\":{\"@id\":\"https:\\\/\\\/jornalboasnoticias.com.br\\\/home\\\/#organization\"},\"potentialAction\":[{\"@type\":\"SearchAction\",\"target\":{\"@type\":\"EntryPoint\",\"urlTemplate\":\"https:\\\/\\\/jornalboasnoticias.com.br\\\/home\\\/?s={search_term_string}\"},\"query-input\":{\"@type\":\"PropertyValueSpecification\",\"valueRequired\":true,\"valueName\":\"search_term_string\"}}],\"inLanguage\":\"pt-BR\"},{\"@type\":\"Organization\",\"@id\":\"https:\\\/\\\/jornalboasnoticias.com.br\\\/home\\\/#organization\",\"name\":\"Coq Editora Ltda\",\"alternateName\":\"Jornal Boas Noticias\",\"url\":\"https:\\\/\\\/jornalboasnoticias.com.br\\\/home\\\/\",\"logo\":{\"@type\":\"ImageObject\",\"inLanguage\":\"pt-BR\",\"@id\":\"https:\\\/\\\/jornalboasnoticias.com.br\\\/home\\\/#\\\/schema\\\/logo\\\/image\\\/\",\"url\":\"https:\\\/\\\/jornalboasnoticias.com.br\\\/home\\\/wp-content\\\/uploads\\\/2024\\\/07\\\/cropped-logo.jpg\",\"contentUrl\":\"https:\\\/\\\/jornalboasnoticias.com.br\\\/home\\\/wp-content\\\/uploads\\\/2024\\\/07\\\/cropped-logo.jpg\",\"width\":290,\"height\":142,\"caption\":\"Coq Editora Ltda\"},\"image\":{\"@id\":\"https:\\\/\\\/jornalboasnoticias.com.br\\\/home\\\/#\\\/schema\\\/logo\\\/image\\\/\"},\"sameAs\":[\"https:\\\/\\\/www.facebook.com\\\/boasnoticiasjornal\"]},{\"@type\":\"Person\",\"@id\":\"https:\\\/\\\/jornalboasnoticias.com.br\\\/home\\\/#\\\/schema\\\/person\\\/d641193e0afc6405b390164dac847971\",\"name\":\"Ana Luiza Bonatto\",\"image\":{\"@type\":\"ImageObject\",\"inLanguage\":\"pt-BR\",\"@id\":\"https:\\\/\\\/secure.gravatar.com\\\/avatar\\\/8a055ebe6373371f67ac6fcf313c0ac0b0a91157fdcdb9514fa62927373348f0?s=96&d=mm&r=g\",\"url\":\"https:\\\/\\\/secure.gravatar.com\\\/avatar\\\/8a055ebe6373371f67ac6fcf313c0ac0b0a91157fdcdb9514fa62927373348f0?s=96&d=mm&r=g\",\"contentUrl\":\"https:\\\/\\\/secure.gravatar.com\\\/avatar\\\/8a055ebe6373371f67ac6fcf313c0ac0b0a91157fdcdb9514fa62927373348f0?s=96&d=mm&r=g\",\"caption\":\"Ana Luiza Bonatto\"},\"url\":\"https:\\\/\\\/jornalboasnoticias.com.br\\\/home\\\/author\\\/ana-luiza\\\/\"}]}<\/script>\n<!-- \/ Yoast SEO plugin. -->","yoast_head_json":{"title":"Abin municiou Bolsonaro com dados para produzir desinforma\u00e7\u00e3o, diz PF - Jornal","description":"Abin municiou Bolsonaro com dados para produzir desinforma\u00e7\u00e3o, diz PF","robots":{"index":"index","follow":"follow","max-snippet":"max-snippet:-1","max-image-preview":"max-image-preview:large","max-video-preview":"max-video-preview:-1"},"canonical":"https:\/\/jornalboasnoticias.com.br\/home\/abin-municiou-bolsonaro-com-dados-para-produzir-desinformacao-diz-pf\/","og_locale":"pt_BR","og_type":"article","og_title":"Abin municiou Bolsonaro com dados para produzir desinforma\u00e7\u00e3o, diz PF - Jornal","og_description":"Abin municiou Bolsonaro com dados para produzir desinforma\u00e7\u00e3o, diz PF","og_url":"https:\/\/jornalboasnoticias.com.br\/home\/abin-municiou-bolsonaro-com-dados-para-produzir-desinformacao-diz-pf\/","og_site_name":"Jornal","article_publisher":"https:\/\/www.facebook.com\/boasnoticiasjornal","article_published_time":"2024-11-27T11:41:56+00:00","og_image":[{"width":1170,"height":700,"url":"https:\/\/jornalboasnoticias.com.br\/home\/wp-content\/uploads\/2024\/11\/pzzb8928.webp","type":"image\/webp"}],"author":"Ana Luiza Bonatto","twitter_card":"summary_large_image","twitter_misc":{"Escrito por":"Ana Luiza Bonatto","Est. tempo de leitura":"3 minutos"},"schema":{"@context":"https:\/\/schema.org","@graph":[{"@type":"Article","@id":"https:\/\/jornalboasnoticias.com.br\/home\/abin-municiou-bolsonaro-com-dados-para-produzir-desinformacao-diz-pf\/#article","isPartOf":{"@id":"https:\/\/jornalboasnoticias.com.br\/home\/abin-municiou-bolsonaro-com-dados-para-produzir-desinformacao-diz-pf\/"},"author":{"name":"Ana Luiza Bonatto","@id":"https:\/\/jornalboasnoticias.com.br\/home\/#\/schema\/person\/d641193e0afc6405b390164dac847971"},"headline":"Abin municiou Bolsonaro com dados para produzir desinforma\u00e7\u00e3o, diz PF","datePublished":"2024-11-27T11:41:56+00:00","mainEntityOfPage":{"@id":"https:\/\/jornalboasnoticias.com.br\/home\/abin-municiou-bolsonaro-com-dados-para-produzir-desinformacao-diz-pf\/"},"wordCount":425,"commentCount":0,"publisher":{"@id":"https:\/\/jornalboasnoticias.com.br\/home\/#organization"},"image":{"@id":"https:\/\/jornalboasnoticias.com.br\/home\/abin-municiou-bolsonaro-com-dados-para-produzir-desinformacao-diz-pf\/#primaryimage"},"thumbnailUrl":"https:\/\/jornalboasnoticias.com.br\/home\/wp-content\/uploads\/2024\/11\/pzzb8928.webp","articleSection":["DESTAQUE","JUSTI\u00c7A"],"inLanguage":"pt-BR","potentialAction":[{"@type":"CommentAction","name":"Comment","target":["https:\/\/jornalboasnoticias.com.br\/home\/abin-municiou-bolsonaro-com-dados-para-produzir-desinformacao-diz-pf\/#respond"]}]},{"@type":"WebPage","@id":"https:\/\/jornalboasnoticias.com.br\/home\/abin-municiou-bolsonaro-com-dados-para-produzir-desinformacao-diz-pf\/","url":"https:\/\/jornalboasnoticias.com.br\/home\/abin-municiou-bolsonaro-com-dados-para-produzir-desinformacao-diz-pf\/","name":"Abin municiou Bolsonaro com dados para produzir desinforma\u00e7\u00e3o, diz PF - Jornal","isPartOf":{"@id":"https:\/\/jornalboasnoticias.com.br\/home\/#website"},"primaryImageOfPage":{"@id":"https:\/\/jornalboasnoticias.com.br\/home\/abin-municiou-bolsonaro-com-dados-para-produzir-desinformacao-diz-pf\/#primaryimage"},"image":{"@id":"https:\/\/jornalboasnoticias.com.br\/home\/abin-municiou-bolsonaro-com-dados-para-produzir-desinformacao-diz-pf\/#primaryimage"},"thumbnailUrl":"https:\/\/jornalboasnoticias.com.br\/home\/wp-content\/uploads\/2024\/11\/pzzb8928.webp","datePublished":"2024-11-27T11:41:56+00:00","description":"Abin municiou Bolsonaro com dados para produzir desinforma\u00e7\u00e3o, diz PF","breadcrumb":{"@id":"https:\/\/jornalboasnoticias.com.br\/home\/abin-municiou-bolsonaro-com-dados-para-produzir-desinformacao-diz-pf\/#breadcrumb"},"inLanguage":"pt-BR","potentialAction":[{"@type":"ReadAction","target":["https:\/\/jornalboasnoticias.com.br\/home\/abin-municiou-bolsonaro-com-dados-para-produzir-desinformacao-diz-pf\/"]}]},{"@type":"ImageObject","inLanguage":"pt-BR","@id":"https:\/\/jornalboasnoticias.com.br\/home\/abin-municiou-bolsonaro-com-dados-para-produzir-desinformacao-diz-pf\/#primaryimage","url":"https:\/\/jornalboasnoticias.com.br\/home\/wp-content\/uploads\/2024\/11\/pzzb8928.webp","contentUrl":"https:\/\/jornalboasnoticias.com.br\/home\/wp-content\/uploads\/2024\/11\/pzzb8928.webp","width":1170,"height":700,"caption":"\u00a9 Jos\u00e9 Cruz\/Ag\u00eancia Brasil\/Arquivo"},{"@type":"BreadcrumbList","@id":"https:\/\/jornalboasnoticias.com.br\/home\/abin-municiou-bolsonaro-com-dados-para-produzir-desinformacao-diz-pf\/#breadcrumb","itemListElement":[{"@type":"ListItem","position":1,"name":"In\u00edcio","item":"https:\/\/jornalboasnoticias.com.br\/home\/"},{"@type":"ListItem","position":2,"name":"Abin municiou Bolsonaro com dados para produzir desinforma\u00e7\u00e3o, diz PF"}]},{"@type":"WebSite","@id":"https:\/\/jornalboasnoticias.com.br\/home\/#website","url":"https:\/\/jornalboasnoticias.com.br\/home\/","name":"Jornal Boas Not\u00edcias","description":"Boas not\u00edcias","publisher":{"@id":"https:\/\/jornalboasnoticias.com.br\/home\/#organization"},"potentialAction":[{"@type":"SearchAction","target":{"@type":"EntryPoint","urlTemplate":"https:\/\/jornalboasnoticias.com.br\/home\/?s={search_term_string}"},"query-input":{"@type":"PropertyValueSpecification","valueRequired":true,"valueName":"search_term_string"}}],"inLanguage":"pt-BR"},{"@type":"Organization","@id":"https:\/\/jornalboasnoticias.com.br\/home\/#organization","name":"Coq Editora Ltda","alternateName":"Jornal Boas Noticias","url":"https:\/\/jornalboasnoticias.com.br\/home\/","logo":{"@type":"ImageObject","inLanguage":"pt-BR","@id":"https:\/\/jornalboasnoticias.com.br\/home\/#\/schema\/logo\/image\/","url":"https:\/\/jornalboasnoticias.com.br\/home\/wp-content\/uploads\/2024\/07\/cropped-logo.jpg","contentUrl":"https:\/\/jornalboasnoticias.com.br\/home\/wp-content\/uploads\/2024\/07\/cropped-logo.jpg","width":290,"height":142,"caption":"Coq Editora Ltda"},"image":{"@id":"https:\/\/jornalboasnoticias.com.br\/home\/#\/schema\/logo\/image\/"},"sameAs":["https:\/\/www.facebook.com\/boasnoticiasjornal"]},{"@type":"Person","@id":"https:\/\/jornalboasnoticias.com.br\/home\/#\/schema\/person\/d641193e0afc6405b390164dac847971","name":"Ana Luiza Bonatto","image":{"@type":"ImageObject","inLanguage":"pt-BR","@id":"https:\/\/secure.gravatar.com\/avatar\/8a055ebe6373371f67ac6fcf313c0ac0b0a91157fdcdb9514fa62927373348f0?s=96&d=mm&r=g","url":"https:\/\/secure.gravatar.com\/avatar\/8a055ebe6373371f67ac6fcf313c0ac0b0a91157fdcdb9514fa62927373348f0?s=96&d=mm&r=g","contentUrl":"https:\/\/secure.gravatar.com\/avatar\/8a055ebe6373371f67ac6fcf313c0ac0b0a91157fdcdb9514fa62927373348f0?s=96&d=mm&r=g","caption":"Ana Luiza Bonatto"},"url":"https:\/\/jornalboasnoticias.com.br\/home\/author\/ana-luiza\/"}]}},"_links":{"self":[{"href":"https:\/\/jornalboasnoticias.com.br\/home\/wp-json\/wp\/v2\/posts\/45761","targetHints":{"allow":["GET"]}}],"collection":[{"href":"https:\/\/jornalboasnoticias.com.br\/home\/wp-json\/wp\/v2\/posts"}],"about":[{"href":"https:\/\/jornalboasnoticias.com.br\/home\/wp-json\/wp\/v2\/types\/post"}],"author":[{"embeddable":true,"href":"https:\/\/jornalboasnoticias.com.br\/home\/wp-json\/wp\/v2\/users\/4"}],"replies":[{"embeddable":true,"href":"https:\/\/jornalboasnoticias.com.br\/home\/wp-json\/wp\/v2\/comments?post=45761"}],"version-history":[{"count":1,"href":"https:\/\/jornalboasnoticias.com.br\/home\/wp-json\/wp\/v2\/posts\/45761\/revisions"}],"predecessor-version":[{"id":45763,"href":"https:\/\/jornalboasnoticias.com.br\/home\/wp-json\/wp\/v2\/posts\/45761\/revisions\/45763"}],"wp:featuredmedia":[{"embeddable":true,"href":"https:\/\/jornalboasnoticias.com.br\/home\/wp-json\/wp\/v2\/media\/45762"}],"wp:attachment":[{"href":"https:\/\/jornalboasnoticias.com.br\/home\/wp-json\/wp\/v2\/media?parent=45761"}],"wp:term":[{"taxonomy":"category","embeddable":true,"href":"https:\/\/jornalboasnoticias.com.br\/home\/wp-json\/wp\/v2\/categories?post=45761"},{"taxonomy":"post_tag","embeddable":true,"href":"https:\/\/jornalboasnoticias.com.br\/home\/wp-json\/wp\/v2\/tags?post=45761"}],"curies":[{"name":"wp","href":"https:\/\/api.w.org\/{rel}","templated":true}]}}