{"id":45753,"date":"2024-11-27T11:36:10","date_gmt":"2024-11-27T11:36:10","guid":{"rendered":"https:\/\/jornalboasnoticias.com.br\/home\/?p=45753"},"modified":"2024-11-27T11:36:10","modified_gmt":"2024-11-27T11:36:10","slug":"stf-inicia-julgamento-sobre-atuacao-das-redes-sociais-no-brasil","status":"publish","type":"post","link":"https:\/\/jornalboasnoticias.com.br\/home\/stf-inicia-julgamento-sobre-atuacao-das-redes-sociais-no-brasil\/","title":{"rendered":"STF inicia julgamento sobre atua\u00e7\u00e3o das redes sociais no Brasil"},"content":{"rendered":"<div class=\"header-noticia full-width\">\n<div>\n<figure id=\"attachment_45754\" aria-describedby=\"caption-attachment-45754\" style=\"width: 1170px\" class=\"wp-caption alignnone\"><img loading=\"lazy\" decoding=\"async\" class=\"size-full wp-image-45754\" src=\"https:\/\/jornalboasnoticias.com.br\/home\/wp-content\/uploads\/2024\/11\/mca_abr_161019903.webp\" alt=\"\" width=\"1170\" height=\"700\" srcset=\"https:\/\/jornalboasnoticias.com.br\/home\/wp-content\/uploads\/2024\/11\/mca_abr_161019903.webp 1170w, https:\/\/jornalboasnoticias.com.br\/home\/wp-content\/uploads\/2024\/11\/mca_abr_161019903-300x179.webp 300w, https:\/\/jornalboasnoticias.com.br\/home\/wp-content\/uploads\/2024\/11\/mca_abr_161019903-1024x613.webp 1024w, https:\/\/jornalboasnoticias.com.br\/home\/wp-content\/uploads\/2024\/11\/mca_abr_161019903-768x459.webp 768w\" sizes=\"auto, (max-width: 1170px) 100vw, 1170px\" \/><figcaption id=\"caption-attachment-45754\" class=\"wp-caption-text\">\u00a9 Marcello Casal Jr\/ Ag\u00eancia Brasil<\/figcaption><\/figure>\n<\/div>\n<\/div>\n<blockquote>\n<div class=\"header-noticia full-width\">\n<div class=\"linha-fina-noticia\">A\u00e7\u00f5es tratam da responsabilidade na dissemina\u00e7\u00e3o de conte\u00fados<\/div>\n<\/div>\n<\/blockquote>\n<div class=\"container-autoria\">\n<p>O Supremo Tribunal Federal (STF) inicia, nesta quarta-feira (27), o julgamento de tr\u00eas a\u00e7\u00f5es que tratam da responsabilidade de provedores de internet na remo\u00e7\u00e3o de conte\u00fados com desinforma\u00e7\u00e3o e dissemina\u00e7\u00e3o de discurso de \u00f3dio de forma extrajudicial, sem determina\u00e7\u00e3o expressa pela Justi\u00e7a.<img decoding=\"async\" src=\"https:\/\/agenciabrasil.ebc.com.br\/ebc.png?id=1621358&amp;o=node\" \/><img decoding=\"async\" src=\"https:\/\/agenciabrasil.ebc.com.br\/ebc.gif?id=1621358&amp;o=node\" \/><\/p>\n<p>A Corte vai julgar a\u00e7\u00f5es relatadas pelos ministros Luiz Fux, Edson Fachin e Dias Toffoli. Oo\u00a0processos foram liberados para an\u00e1lise em agosto deste ano.<\/p>\n<p>No caso da a\u00e7\u00e3o relatada por Dias Toffoli, o tribunal\u00a0julgar\u00e1 a constitucionalidade da regra do Marco Civil da Internet (Lei 12.965\/2014) que exige ordem judicial pr\u00e9via para responsabiliza\u00e7\u00e3o dos provedores por atos il\u00edcitos.<\/p>\n<p>No processo relatado pelo ministro Fux, o STF vai discutir se uma empresa que hospeda\u00a0<em>site<\/em>\u00a0na internet deve fiscalizar conte\u00fados ofensivos e retir\u00e1-los do ar sem interven\u00e7\u00e3o judicial.<\/p>\n<p>A a\u00e7\u00e3o relatada por Fachin analisa\u00a0a legalidade do bloqueio do aplicativo de mensagens WhatsApp por decis\u00f5es judiciais.<\/p>\n<p>No ano passado, o Supremo realizou audi\u00eancia p\u00fablica para discutir as regras do Marco Civil da Internet.<\/p>\n<p>O objetivo foi ouvir especialistas e representantes do setor p\u00fablico e da sociedade civil para obter informa\u00e7\u00f5es t\u00e9cnicas, econ\u00f4micas e jur\u00eddicas antes de julgar a quest\u00e3o.<\/p>\n<p>(Ag\u00eancia Brasil)<\/p>\n<\/div>\n","protected":false},"excerpt":{"rendered":"<p>A\u00e7\u00f5es tratam da responsabilidade na dissemina\u00e7\u00e3o de conte\u00fados O Supremo Tribunal Federal (STF) inicia, nesta<\/p>\n","protected":false},"author":4,"featured_media":45754,"comment_status":"open","ping_status":"open","sticky":false,"template":"","format":"standard","meta":{"footnotes":""},"categories":[3,22],"tags":[],"class_list":["post-45753","post","type-post","status-publish","format-standard","has-post-thumbnail","hentry","category-destaques","category-justica"],"yoast_head":"<!-- This site is optimized with the Yoast SEO plugin v27.5 - https:\/\/yoast.com\/product\/yoast-seo-wordpress\/ -->\n<title>STF inicia julgamento sobre atua\u00e7\u00e3o das redes sociais no Brasil - Jornal<\/title>\n<meta name=\"description\" content=\"STF inicia julgamento sobre atua\u00e7\u00e3o das redes sociais no Brasil\" \/>\n<meta name=\"robots\" content=\"index, follow, max-snippet:-1, max-image-preview:large, max-video-preview:-1\" \/>\n<link rel=\"canonical\" href=\"https:\/\/jornalboasnoticias.com.br\/home\/stf-inicia-julgamento-sobre-atuacao-das-redes-sociais-no-brasil\/\" \/>\n<meta property=\"og:locale\" content=\"pt_BR\" \/>\n<meta property=\"og:type\" content=\"article\" \/>\n<meta property=\"og:title\" content=\"STF inicia julgamento sobre atua\u00e7\u00e3o das redes sociais no Brasil - Jornal\" \/>\n<meta property=\"og:description\" content=\"STF inicia julgamento sobre atua\u00e7\u00e3o das redes sociais no Brasil\" \/>\n<meta property=\"og:url\" content=\"https:\/\/jornalboasnoticias.com.br\/home\/stf-inicia-julgamento-sobre-atuacao-das-redes-sociais-no-brasil\/\" \/>\n<meta property=\"og:site_name\" content=\"Jornal\" \/>\n<meta property=\"article:publisher\" content=\"https:\/\/www.facebook.com\/boasnoticiasjornal\" \/>\n<meta property=\"article:published_time\" content=\"2024-11-27T11:36:10+00:00\" \/>\n<meta property=\"og:image\" content=\"https:\/\/jornalboasnoticias.com.br\/home\/wp-content\/uploads\/2024\/11\/mca_abr_161019903.webp\" \/>\n\t<meta property=\"og:image:width\" content=\"1170\" \/>\n\t<meta property=\"og:image:height\" content=\"700\" \/>\n\t<meta property=\"og:image:type\" content=\"image\/webp\" \/>\n<meta name=\"author\" content=\"Ana Luiza Bonatto\" \/>\n<meta name=\"twitter:card\" content=\"summary_large_image\" \/>\n<meta name=\"twitter:label1\" content=\"Escrito por\" \/>\n\t<meta name=\"twitter:data1\" content=\"Ana Luiza Bonatto\" \/>\n\t<meta name=\"twitter:label2\" content=\"Est. tempo de leitura\" \/>\n\t<meta name=\"twitter:data2\" content=\"2 minutos\" \/>\n<script type=\"application\/ld+json\" class=\"yoast-schema-graph\">{\"@context\":\"https:\\\/\\\/schema.org\",\"@graph\":[{\"@type\":\"Article\",\"@id\":\"https:\\\/\\\/jornalboasnoticias.com.br\\\/home\\\/stf-inicia-julgamento-sobre-atuacao-das-redes-sociais-no-brasil\\\/#article\",\"isPartOf\":{\"@id\":\"https:\\\/\\\/jornalboasnoticias.com.br\\\/home\\\/stf-inicia-julgamento-sobre-atuacao-das-redes-sociais-no-brasil\\\/\"},\"author\":{\"name\":\"Ana Luiza Bonatto\",\"@id\":\"https:\\\/\\\/jornalboasnoticias.com.br\\\/home\\\/#\\\/schema\\\/person\\\/d641193e0afc6405b390164dac847971\"},\"headline\":\"STF inicia julgamento sobre atua\u00e7\u00e3o das redes sociais no Brasil\",\"datePublished\":\"2024-11-27T11:36:10+00:00\",\"mainEntityOfPage\":{\"@id\":\"https:\\\/\\\/jornalboasnoticias.com.br\\\/home\\\/stf-inicia-julgamento-sobre-atuacao-das-redes-sociais-no-brasil\\\/\"},\"wordCount\":254,\"commentCount\":0,\"publisher\":{\"@id\":\"https:\\\/\\\/jornalboasnoticias.com.br\\\/home\\\/#organization\"},\"image\":{\"@id\":\"https:\\\/\\\/jornalboasnoticias.com.br\\\/home\\\/stf-inicia-julgamento-sobre-atuacao-das-redes-sociais-no-brasil\\\/#primaryimage\"},\"thumbnailUrl\":\"https:\\\/\\\/jornalboasnoticias.com.br\\\/home\\\/wp-content\\\/uploads\\\/2024\\\/11\\\/mca_abr_161019903.webp\",\"articleSection\":[\"DESTAQUE\",\"JUSTI\u00c7A\"],\"inLanguage\":\"pt-BR\",\"potentialAction\":[{\"@type\":\"CommentAction\",\"name\":\"Comment\",\"target\":[\"https:\\\/\\\/jornalboasnoticias.com.br\\\/home\\\/stf-inicia-julgamento-sobre-atuacao-das-redes-sociais-no-brasil\\\/#respond\"]}]},{\"@type\":\"WebPage\",\"@id\":\"https:\\\/\\\/jornalboasnoticias.com.br\\\/home\\\/stf-inicia-julgamento-sobre-atuacao-das-redes-sociais-no-brasil\\\/\",\"url\":\"https:\\\/\\\/jornalboasnoticias.com.br\\\/home\\\/stf-inicia-julgamento-sobre-atuacao-das-redes-sociais-no-brasil\\\/\",\"name\":\"STF inicia julgamento sobre atua\u00e7\u00e3o das redes sociais no Brasil - Jornal\",\"isPartOf\":{\"@id\":\"https:\\\/\\\/jornalboasnoticias.com.br\\\/home\\\/#website\"},\"primaryImageOfPage\":{\"@id\":\"https:\\\/\\\/jornalboasnoticias.com.br\\\/home\\\/stf-inicia-julgamento-sobre-atuacao-das-redes-sociais-no-brasil\\\/#primaryimage\"},\"image\":{\"@id\":\"https:\\\/\\\/jornalboasnoticias.com.br\\\/home\\\/stf-inicia-julgamento-sobre-atuacao-das-redes-sociais-no-brasil\\\/#primaryimage\"},\"thumbnailUrl\":\"https:\\\/\\\/jornalboasnoticias.com.br\\\/home\\\/wp-content\\\/uploads\\\/2024\\\/11\\\/mca_abr_161019903.webp\",\"datePublished\":\"2024-11-27T11:36:10+00:00\",\"description\":\"STF inicia julgamento sobre atua\u00e7\u00e3o das redes sociais no Brasil\",\"breadcrumb\":{\"@id\":\"https:\\\/\\\/jornalboasnoticias.com.br\\\/home\\\/stf-inicia-julgamento-sobre-atuacao-das-redes-sociais-no-brasil\\\/#breadcrumb\"},\"inLanguage\":\"pt-BR\",\"potentialAction\":[{\"@type\":\"ReadAction\",\"target\":[\"https:\\\/\\\/jornalboasnoticias.com.br\\\/home\\\/stf-inicia-julgamento-sobre-atuacao-das-redes-sociais-no-brasil\\\/\"]}]},{\"@type\":\"ImageObject\",\"inLanguage\":\"pt-BR\",\"@id\":\"https:\\\/\\\/jornalboasnoticias.com.br\\\/home\\\/stf-inicia-julgamento-sobre-atuacao-das-redes-sociais-no-brasil\\\/#primaryimage\",\"url\":\"https:\\\/\\\/jornalboasnoticias.com.br\\\/home\\\/wp-content\\\/uploads\\\/2024\\\/11\\\/mca_abr_161019903.webp\",\"contentUrl\":\"https:\\\/\\\/jornalboasnoticias.com.br\\\/home\\\/wp-content\\\/uploads\\\/2024\\\/11\\\/mca_abr_161019903.webp\",\"width\":1170,\"height\":700,\"caption\":\"\u00a9 Marcello Casal Jr\\\/ Ag\u00eancia Brasil\"},{\"@type\":\"BreadcrumbList\",\"@id\":\"https:\\\/\\\/jornalboasnoticias.com.br\\\/home\\\/stf-inicia-julgamento-sobre-atuacao-das-redes-sociais-no-brasil\\\/#breadcrumb\",\"itemListElement\":[{\"@type\":\"ListItem\",\"position\":1,\"name\":\"In\u00edcio\",\"item\":\"https:\\\/\\\/jornalboasnoticias.com.br\\\/home\\\/\"},{\"@type\":\"ListItem\",\"position\":2,\"name\":\"STF inicia julgamento sobre atua\u00e7\u00e3o das redes sociais no Brasil\"}]},{\"@type\":\"WebSite\",\"@id\":\"https:\\\/\\\/jornalboasnoticias.com.br\\\/home\\\/#website\",\"url\":\"https:\\\/\\\/jornalboasnoticias.com.br\\\/home\\\/\",\"name\":\"Jornal Boas Not\u00edcias\",\"description\":\"Boas not\u00edcias\",\"publisher\":{\"@id\":\"https:\\\/\\\/jornalboasnoticias.com.br\\\/home\\\/#organization\"},\"potentialAction\":[{\"@type\":\"SearchAction\",\"target\":{\"@type\":\"EntryPoint\",\"urlTemplate\":\"https:\\\/\\\/jornalboasnoticias.com.br\\\/home\\\/?s={search_term_string}\"},\"query-input\":{\"@type\":\"PropertyValueSpecification\",\"valueRequired\":true,\"valueName\":\"search_term_string\"}}],\"inLanguage\":\"pt-BR\"},{\"@type\":\"Organization\",\"@id\":\"https:\\\/\\\/jornalboasnoticias.com.br\\\/home\\\/#organization\",\"name\":\"Coq Editora Ltda\",\"alternateName\":\"Jornal Boas Noticias\",\"url\":\"https:\\\/\\\/jornalboasnoticias.com.br\\\/home\\\/\",\"logo\":{\"@type\":\"ImageObject\",\"inLanguage\":\"pt-BR\",\"@id\":\"https:\\\/\\\/jornalboasnoticias.com.br\\\/home\\\/#\\\/schema\\\/logo\\\/image\\\/\",\"url\":\"https:\\\/\\\/jornalboasnoticias.com.br\\\/home\\\/wp-content\\\/uploads\\\/2024\\\/07\\\/cropped-logo.jpg\",\"contentUrl\":\"https:\\\/\\\/jornalboasnoticias.com.br\\\/home\\\/wp-content\\\/uploads\\\/2024\\\/07\\\/cropped-logo.jpg\",\"width\":290,\"height\":142,\"caption\":\"Coq Editora Ltda\"},\"image\":{\"@id\":\"https:\\\/\\\/jornalboasnoticias.com.br\\\/home\\\/#\\\/schema\\\/logo\\\/image\\\/\"},\"sameAs\":[\"https:\\\/\\\/www.facebook.com\\\/boasnoticiasjornal\"]},{\"@type\":\"Person\",\"@id\":\"https:\\\/\\\/jornalboasnoticias.com.br\\\/home\\\/#\\\/schema\\\/person\\\/d641193e0afc6405b390164dac847971\",\"name\":\"Ana Luiza Bonatto\",\"image\":{\"@type\":\"ImageObject\",\"inLanguage\":\"pt-BR\",\"@id\":\"https:\\\/\\\/secure.gravatar.com\\\/avatar\\\/8a055ebe6373371f67ac6fcf313c0ac0b0a91157fdcdb9514fa62927373348f0?s=96&d=mm&r=g\",\"url\":\"https:\\\/\\\/secure.gravatar.com\\\/avatar\\\/8a055ebe6373371f67ac6fcf313c0ac0b0a91157fdcdb9514fa62927373348f0?s=96&d=mm&r=g\",\"contentUrl\":\"https:\\\/\\\/secure.gravatar.com\\\/avatar\\\/8a055ebe6373371f67ac6fcf313c0ac0b0a91157fdcdb9514fa62927373348f0?s=96&d=mm&r=g\",\"caption\":\"Ana Luiza Bonatto\"},\"url\":\"https:\\\/\\\/jornalboasnoticias.com.br\\\/home\\\/author\\\/ana-luiza\\\/\"}]}<\/script>\n<!-- \/ Yoast SEO plugin. -->","yoast_head_json":{"title":"STF inicia julgamento sobre atua\u00e7\u00e3o das redes sociais no Brasil - Jornal","description":"STF inicia julgamento sobre atua\u00e7\u00e3o das redes sociais no Brasil","robots":{"index":"index","follow":"follow","max-snippet":"max-snippet:-1","max-image-preview":"max-image-preview:large","max-video-preview":"max-video-preview:-1"},"canonical":"https:\/\/jornalboasnoticias.com.br\/home\/stf-inicia-julgamento-sobre-atuacao-das-redes-sociais-no-brasil\/","og_locale":"pt_BR","og_type":"article","og_title":"STF inicia julgamento sobre atua\u00e7\u00e3o das redes sociais no Brasil - Jornal","og_description":"STF inicia julgamento sobre atua\u00e7\u00e3o das redes sociais no Brasil","og_url":"https:\/\/jornalboasnoticias.com.br\/home\/stf-inicia-julgamento-sobre-atuacao-das-redes-sociais-no-brasil\/","og_site_name":"Jornal","article_publisher":"https:\/\/www.facebook.com\/boasnoticiasjornal","article_published_time":"2024-11-27T11:36:10+00:00","og_image":[{"width":1170,"height":700,"url":"https:\/\/jornalboasnoticias.com.br\/home\/wp-content\/uploads\/2024\/11\/mca_abr_161019903.webp","type":"image\/webp"}],"author":"Ana Luiza Bonatto","twitter_card":"summary_large_image","twitter_misc":{"Escrito por":"Ana Luiza Bonatto","Est. tempo de leitura":"2 minutos"},"schema":{"@context":"https:\/\/schema.org","@graph":[{"@type":"Article","@id":"https:\/\/jornalboasnoticias.com.br\/home\/stf-inicia-julgamento-sobre-atuacao-das-redes-sociais-no-brasil\/#article","isPartOf":{"@id":"https:\/\/jornalboasnoticias.com.br\/home\/stf-inicia-julgamento-sobre-atuacao-das-redes-sociais-no-brasil\/"},"author":{"name":"Ana Luiza Bonatto","@id":"https:\/\/jornalboasnoticias.com.br\/home\/#\/schema\/person\/d641193e0afc6405b390164dac847971"},"headline":"STF inicia julgamento sobre atua\u00e7\u00e3o das redes sociais no Brasil","datePublished":"2024-11-27T11:36:10+00:00","mainEntityOfPage":{"@id":"https:\/\/jornalboasnoticias.com.br\/home\/stf-inicia-julgamento-sobre-atuacao-das-redes-sociais-no-brasil\/"},"wordCount":254,"commentCount":0,"publisher":{"@id":"https:\/\/jornalboasnoticias.com.br\/home\/#organization"},"image":{"@id":"https:\/\/jornalboasnoticias.com.br\/home\/stf-inicia-julgamento-sobre-atuacao-das-redes-sociais-no-brasil\/#primaryimage"},"thumbnailUrl":"https:\/\/jornalboasnoticias.com.br\/home\/wp-content\/uploads\/2024\/11\/mca_abr_161019903.webp","articleSection":["DESTAQUE","JUSTI\u00c7A"],"inLanguage":"pt-BR","potentialAction":[{"@type":"CommentAction","name":"Comment","target":["https:\/\/jornalboasnoticias.com.br\/home\/stf-inicia-julgamento-sobre-atuacao-das-redes-sociais-no-brasil\/#respond"]}]},{"@type":"WebPage","@id":"https:\/\/jornalboasnoticias.com.br\/home\/stf-inicia-julgamento-sobre-atuacao-das-redes-sociais-no-brasil\/","url":"https:\/\/jornalboasnoticias.com.br\/home\/stf-inicia-julgamento-sobre-atuacao-das-redes-sociais-no-brasil\/","name":"STF inicia julgamento sobre atua\u00e7\u00e3o das redes sociais no Brasil - Jornal","isPartOf":{"@id":"https:\/\/jornalboasnoticias.com.br\/home\/#website"},"primaryImageOfPage":{"@id":"https:\/\/jornalboasnoticias.com.br\/home\/stf-inicia-julgamento-sobre-atuacao-das-redes-sociais-no-brasil\/#primaryimage"},"image":{"@id":"https:\/\/jornalboasnoticias.com.br\/home\/stf-inicia-julgamento-sobre-atuacao-das-redes-sociais-no-brasil\/#primaryimage"},"thumbnailUrl":"https:\/\/jornalboasnoticias.com.br\/home\/wp-content\/uploads\/2024\/11\/mca_abr_161019903.webp","datePublished":"2024-11-27T11:36:10+00:00","description":"STF inicia julgamento sobre atua\u00e7\u00e3o das redes sociais no Brasil","breadcrumb":{"@id":"https:\/\/jornalboasnoticias.com.br\/home\/stf-inicia-julgamento-sobre-atuacao-das-redes-sociais-no-brasil\/#breadcrumb"},"inLanguage":"pt-BR","potentialAction":[{"@type":"ReadAction","target":["https:\/\/jornalboasnoticias.com.br\/home\/stf-inicia-julgamento-sobre-atuacao-das-redes-sociais-no-brasil\/"]}]},{"@type":"ImageObject","inLanguage":"pt-BR","@id":"https:\/\/jornalboasnoticias.com.br\/home\/stf-inicia-julgamento-sobre-atuacao-das-redes-sociais-no-brasil\/#primaryimage","url":"https:\/\/jornalboasnoticias.com.br\/home\/wp-content\/uploads\/2024\/11\/mca_abr_161019903.webp","contentUrl":"https:\/\/jornalboasnoticias.com.br\/home\/wp-content\/uploads\/2024\/11\/mca_abr_161019903.webp","width":1170,"height":700,"caption":"\u00a9 Marcello Casal Jr\/ Ag\u00eancia Brasil"},{"@type":"BreadcrumbList","@id":"https:\/\/jornalboasnoticias.com.br\/home\/stf-inicia-julgamento-sobre-atuacao-das-redes-sociais-no-brasil\/#breadcrumb","itemListElement":[{"@type":"ListItem","position":1,"name":"In\u00edcio","item":"https:\/\/jornalboasnoticias.com.br\/home\/"},{"@type":"ListItem","position":2,"name":"STF inicia julgamento sobre atua\u00e7\u00e3o das redes sociais no Brasil"}]},{"@type":"WebSite","@id":"https:\/\/jornalboasnoticias.com.br\/home\/#website","url":"https:\/\/jornalboasnoticias.com.br\/home\/","name":"Jornal Boas Not\u00edcias","description":"Boas not\u00edcias","publisher":{"@id":"https:\/\/jornalboasnoticias.com.br\/home\/#organization"},"potentialAction":[{"@type":"SearchAction","target":{"@type":"EntryPoint","urlTemplate":"https:\/\/jornalboasnoticias.com.br\/home\/?s={search_term_string}"},"query-input":{"@type":"PropertyValueSpecification","valueRequired":true,"valueName":"search_term_string"}}],"inLanguage":"pt-BR"},{"@type":"Organization","@id":"https:\/\/jornalboasnoticias.com.br\/home\/#organization","name":"Coq Editora Ltda","alternateName":"Jornal Boas Noticias","url":"https:\/\/jornalboasnoticias.com.br\/home\/","logo":{"@type":"ImageObject","inLanguage":"pt-BR","@id":"https:\/\/jornalboasnoticias.com.br\/home\/#\/schema\/logo\/image\/","url":"https:\/\/jornalboasnoticias.com.br\/home\/wp-content\/uploads\/2024\/07\/cropped-logo.jpg","contentUrl":"https:\/\/jornalboasnoticias.com.br\/home\/wp-content\/uploads\/2024\/07\/cropped-logo.jpg","width":290,"height":142,"caption":"Coq Editora Ltda"},"image":{"@id":"https:\/\/jornalboasnoticias.com.br\/home\/#\/schema\/logo\/image\/"},"sameAs":["https:\/\/www.facebook.com\/boasnoticiasjornal"]},{"@type":"Person","@id":"https:\/\/jornalboasnoticias.com.br\/home\/#\/schema\/person\/d641193e0afc6405b390164dac847971","name":"Ana Luiza Bonatto","image":{"@type":"ImageObject","inLanguage":"pt-BR","@id":"https:\/\/secure.gravatar.com\/avatar\/8a055ebe6373371f67ac6fcf313c0ac0b0a91157fdcdb9514fa62927373348f0?s=96&d=mm&r=g","url":"https:\/\/secure.gravatar.com\/avatar\/8a055ebe6373371f67ac6fcf313c0ac0b0a91157fdcdb9514fa62927373348f0?s=96&d=mm&r=g","contentUrl":"https:\/\/secure.gravatar.com\/avatar\/8a055ebe6373371f67ac6fcf313c0ac0b0a91157fdcdb9514fa62927373348f0?s=96&d=mm&r=g","caption":"Ana Luiza Bonatto"},"url":"https:\/\/jornalboasnoticias.com.br\/home\/author\/ana-luiza\/"}]}},"_links":{"self":[{"href":"https:\/\/jornalboasnoticias.com.br\/home\/wp-json\/wp\/v2\/posts\/45753","targetHints":{"allow":["GET"]}}],"collection":[{"href":"https:\/\/jornalboasnoticias.com.br\/home\/wp-json\/wp\/v2\/posts"}],"about":[{"href":"https:\/\/jornalboasnoticias.com.br\/home\/wp-json\/wp\/v2\/types\/post"}],"author":[{"embeddable":true,"href":"https:\/\/jornalboasnoticias.com.br\/home\/wp-json\/wp\/v2\/users\/4"}],"replies":[{"embeddable":true,"href":"https:\/\/jornalboasnoticias.com.br\/home\/wp-json\/wp\/v2\/comments?post=45753"}],"version-history":[{"count":1,"href":"https:\/\/jornalboasnoticias.com.br\/home\/wp-json\/wp\/v2\/posts\/45753\/revisions"}],"predecessor-version":[{"id":45755,"href":"https:\/\/jornalboasnoticias.com.br\/home\/wp-json\/wp\/v2\/posts\/45753\/revisions\/45755"}],"wp:featuredmedia":[{"embeddable":true,"href":"https:\/\/jornalboasnoticias.com.br\/home\/wp-json\/wp\/v2\/media\/45754"}],"wp:attachment":[{"href":"https:\/\/jornalboasnoticias.com.br\/home\/wp-json\/wp\/v2\/media?parent=45753"}],"wp:term":[{"taxonomy":"category","embeddable":true,"href":"https:\/\/jornalboasnoticias.com.br\/home\/wp-json\/wp\/v2\/categories?post=45753"},{"taxonomy":"post_tag","embeddable":true,"href":"https:\/\/jornalboasnoticias.com.br\/home\/wp-json\/wp\/v2\/tags?post=45753"}],"curies":[{"name":"wp","href":"https:\/\/api.w.org\/{rel}","templated":true}]}}