{"id":45750,"date":"2024-11-27T11:33:01","date_gmt":"2024-11-27T11:33:01","guid":{"rendered":"https:\/\/jornalboasnoticias.com.br\/home\/?p=45750"},"modified":"2024-11-27T11:33:01","modified_gmt":"2024-11-27T11:33:01","slug":"brasil-atingiu-a-marca-de-672-mil-pacientes-que-se-tratam-com-cannabis","status":"publish","type":"post","link":"https:\/\/jornalboasnoticias.com.br\/home\/brasil-atingiu-a-marca-de-672-mil-pacientes-que-se-tratam-com-cannabis\/","title":{"rendered":"Brasil atingiu a marca de 672 mil pacientes que se tratam com cannabis"},"content":{"rendered":"<div class=\"header-noticia full-width\">\n<div>\n<figure id=\"attachment_45751\" aria-describedby=\"caption-attachment-45751\" style=\"width: 1170px\" class=\"wp-caption alignnone\"><img loading=\"lazy\" decoding=\"async\" class=\"size-full wp-image-45751\" src=\"https:\/\/jornalboasnoticias.com.br\/home\/wp-content\/uploads\/2024\/11\/cannabis.webp\" alt=\"\" width=\"1170\" height=\"700\" srcset=\"https:\/\/jornalboasnoticias.com.br\/home\/wp-content\/uploads\/2024\/11\/cannabis.webp 1170w, https:\/\/jornalboasnoticias.com.br\/home\/wp-content\/uploads\/2024\/11\/cannabis-300x179.webp 300w, https:\/\/jornalboasnoticias.com.br\/home\/wp-content\/uploads\/2024\/11\/cannabis-1024x613.webp 1024w, https:\/\/jornalboasnoticias.com.br\/home\/wp-content\/uploads\/2024\/11\/cannabis-768x459.webp 768w\" sizes=\"auto, (max-width: 1170px) 100vw, 1170px\" \/><figcaption id=\"caption-attachment-45751\" class=\"wp-caption-text\">\u00a9 F\u00e1bio Carvalho\/Arquivo pessoal<\/figcaption><\/figure>\n<\/div>\n<\/div>\n<blockquote>\n<div class=\"header-noticia full-width\">\n<div class=\"linha-fina-noticia\">Dado consta do anu\u00e1rio produzido pela Kaya Mind divulgado nessa ter\u00e7a<\/div>\n<\/div>\n<\/blockquote>\n<div class=\"container-autoria\">\n<p>Este ano, o Brasil atingiu a marca de 672 mil pacientes que se tratam com cannabis medicinal, n\u00famero recorde e 56% superior ao do ano passado. O dado consta do anu\u00e1rio produzido pela Kaya Mind e divulgado nessa ter\u00e7a-feira (26).<img decoding=\"async\" src=\"https:\/\/agenciabrasil.ebc.com.br\/ebc.png?id=1621362&amp;o=node\" \/><img decoding=\"async\" src=\"https:\/\/agenciabrasil.ebc.com.br\/ebc.gif?id=1621362&amp;o=node\" \/><\/p>\n<p>O segmento movimentou R$ 853 milh\u00f5es, valor que ajuda a dimensionar sua for\u00e7a. Outro dado mencionado pelo relat\u00f3rio \u00e9 o de que os pacientes est\u00e3o espalhados por aproximadamente 80% dos munic\u00edpios.<\/p>\n<blockquote><p>Segundo Maria Eugenia Riscala, CEO da empresa Kaya, que abriga a Kaya Mind, h\u00e1 mais de 2.180 produtos de cannabis medicinal, variedade que contempla diversas necessidades. &#8220;A expans\u00e3o da cannabis medicinal \u00e9 vis\u00edvel no Brasil, n\u00e3o apenas em n\u00fameros, mas na forma como a medicina integra essas op\u00e7\u00f5es de tratamento \u00e0 rotina dos pacientes em todo o pa\u00eds&#8221;, diz.<\/p><\/blockquote>\n<p>A quantia atingida este ano supera em 22% a do ano passado, de R$ 699 milh\u00f5es. A proje\u00e7\u00e3o \u00e9 de que o faturamento chegue a R$ 1 bilh\u00e3o em 2025.<\/p>\n<p>Em 2021, o montante foi bem inferior, de R$ 144 milh\u00f5es, passando, no ano seguinte, para R$ 364 milh\u00f5es.<\/p>\n<p>Para o chefe de Intelig\u00eancia e s\u00f3cio da Kaya, Thiago Cardoso, os progressos no campo da regulamenta\u00e7\u00e3o da cannabis, como a libera\u00e7\u00e3o, pelo Supremo Tribunal Federal quanto ao cultivo da planta (https:\/\/agenciabrasil.ebc.com.br\/justica\/noticia\/2024-11\/stj-autoriza-cultivo-de-cannabis-para-fins-medicinais) t\u00eam colocado o Brasil em evid\u00eancia. Ao todo, este ano, 413 empresas estrangeiras exportaram produtos para o pa\u00eds, o que significou, ainda, diversifica\u00e7\u00e3o dos itens nesse mercado.<\/p>\n<blockquote><p>&#8220;Esse avan\u00e7o permite que mais pacientes encontrem solu\u00e7\u00f5es terap\u00eauticas adequadas \u00e0s suas necessidades e posiciona o Brasil como um mercado competitivo e inovador no cen\u00e1rio global&#8221;, avalia Thiago.<\/p><\/blockquote>\n<p>Os frascos com c\u00e1psulas e as embalagens de \u00f3leos, sprays e t\u00f3picos ainda n\u00e3o se sobressaem nas prateleiras por conta dos entraves relativos \u00e0 legaliza\u00e7\u00e3o. Isso ajuda a explicar por que quase metade dos pacientes medicinais (47%) dependem da importa\u00e7\u00e3o do produto que necessitam e que conseguem mediante prescri\u00e7\u00e3o m\u00e9dica. O restante recorre a farm\u00e1cias (31%) e associa\u00e7\u00f5es (22%), sendo que estas exercem um papel fundamental para quem n\u00e3o tem condi\u00e7\u00f5es financeiras de cobrir os gastos.<\/p>\n<p>Jonadabe Oliveira da Silva, vice-presidente da TO Ananda (https:\/\/www.instagram.com\/toananda_\/), associa\u00e7\u00e3o do Tocantins que oferece apoio a pacientes e familiares de pacientes que usam a cannabis medicinal, diz que observa at\u00e9 mesmo pessoas mais conservadoras compreendendo que se trata de algo verdadeiramente eficaz e abandonando o preconceito.<\/p>\n<blockquote><p>&#8220;Est\u00e3o quebrando [a vis\u00e3o preconceituosa ou de que \u00e9 tabu] depois de ver pacientes&#8221;, afirma Jonadabe.<\/p><\/blockquote>\n<p>A organiza\u00e7\u00e3o completou dois anos, sempre mantendo o esp\u00edrito de colabora\u00e7\u00e3o e de senso coletivo. Ele conta que a entidade surgiu a partir da experi\u00eancia da presidente atual, que tomava um analg\u00e9sico conhecido, bastante forte, para dor, durante muito tempo e resolveu se desintoxicar. Ela, ent\u00e3o, conheceu o \u00f3leo de cannabis. &#8220;E a\u00ed, ela foi procurar pessoas que tinham alguma hist\u00f3ria com o \u00f3leo&#8221;, esclarece Silva.<\/p>\n<p>Atualmente, a associa\u00e7\u00e3o conta com o apoio da Defensoria P\u00fablica e da Funda\u00e7\u00e3o Oswaldo Cruz (Fiocruz) e, para o ano que vem, a expectativa \u00e9 a de que fechem parcerias com laborat\u00f3rios e institui\u00e7\u00f5es de ensino superior privadas. A amplia\u00e7\u00e3o da entidade tem dado seguran\u00e7a a Silva, inclusive, para trocar de carreira. &#8220;Eu atuo como cabeleireiro, mas estou em transi\u00e7\u00e3o, estudando o cultivo, o mercado.&#8221;<\/p>\n<p>(Ag\u00eancia Brasil)<\/p>\n<\/div>\n","protected":false},"excerpt":{"rendered":"<p>Dado consta do anu\u00e1rio produzido pela Kaya Mind divulgado nessa ter\u00e7a Este ano, o Brasil<\/p>\n","protected":false},"author":4,"featured_media":45751,"comment_status":"open","ping_status":"open","sticky":false,"template":"","format":"standard","meta":{"footnotes":""},"categories":[3,7],"tags":[],"class_list":["post-45750","post","type-post","status-publish","format-standard","has-post-thumbnail","hentry","category-destaques","category-saude"],"yoast_head":"<!-- This site is optimized with the Yoast SEO plugin v27.5 - https:\/\/yoast.com\/product\/yoast-seo-wordpress\/ -->\n<title>Brasil atingiu a marca de 672 mil pacientes que se tratam com cannabis - Jornal<\/title>\n<meta name=\"description\" content=\"Brasil atingiu a marca de 672 mil pacientes que se tratam com cannabis\" \/>\n<meta name=\"robots\" content=\"index, follow, max-snippet:-1, max-image-preview:large, max-video-preview:-1\" \/>\n<link rel=\"canonical\" href=\"https:\/\/jornalboasnoticias.com.br\/home\/brasil-atingiu-a-marca-de-672-mil-pacientes-que-se-tratam-com-cannabis\/\" \/>\n<meta property=\"og:locale\" content=\"pt_BR\" \/>\n<meta property=\"og:type\" content=\"article\" \/>\n<meta property=\"og:title\" content=\"Brasil atingiu a marca de 672 mil pacientes que se tratam com cannabis - Jornal\" \/>\n<meta property=\"og:description\" content=\"Brasil atingiu a marca de 672 mil pacientes que se tratam com cannabis\" \/>\n<meta property=\"og:url\" content=\"https:\/\/jornalboasnoticias.com.br\/home\/brasil-atingiu-a-marca-de-672-mil-pacientes-que-se-tratam-com-cannabis\/\" \/>\n<meta property=\"og:site_name\" content=\"Jornal\" \/>\n<meta property=\"article:publisher\" content=\"https:\/\/www.facebook.com\/boasnoticiasjornal\" \/>\n<meta property=\"article:published_time\" content=\"2024-11-27T11:33:01+00:00\" \/>\n<meta property=\"og:image\" content=\"https:\/\/jornalboasnoticias.com.br\/home\/wp-content\/uploads\/2024\/11\/cannabis.webp\" \/>\n\t<meta property=\"og:image:width\" content=\"1170\" \/>\n\t<meta property=\"og:image:height\" content=\"700\" \/>\n\t<meta property=\"og:image:type\" content=\"image\/webp\" \/>\n<meta name=\"author\" content=\"Ana Luiza Bonatto\" \/>\n<meta name=\"twitter:card\" content=\"summary_large_image\" \/>\n<meta name=\"twitter:label1\" content=\"Escrito por\" \/>\n\t<meta name=\"twitter:data1\" content=\"Ana Luiza Bonatto\" \/>\n\t<meta name=\"twitter:label2\" content=\"Est. tempo de leitura\" \/>\n\t<meta name=\"twitter:data2\" content=\"4 minutos\" \/>\n<script type=\"application\/ld+json\" class=\"yoast-schema-graph\">{\"@context\":\"https:\\\/\\\/schema.org\",\"@graph\":[{\"@type\":\"Article\",\"@id\":\"https:\\\/\\\/jornalboasnoticias.com.br\\\/home\\\/brasil-atingiu-a-marca-de-672-mil-pacientes-que-se-tratam-com-cannabis\\\/#article\",\"isPartOf\":{\"@id\":\"https:\\\/\\\/jornalboasnoticias.com.br\\\/home\\\/brasil-atingiu-a-marca-de-672-mil-pacientes-que-se-tratam-com-cannabis\\\/\"},\"author\":{\"name\":\"Ana Luiza Bonatto\",\"@id\":\"https:\\\/\\\/jornalboasnoticias.com.br\\\/home\\\/#\\\/schema\\\/person\\\/d641193e0afc6405b390164dac847971\"},\"headline\":\"Brasil atingiu a marca de 672 mil pacientes que se tratam com cannabis\",\"datePublished\":\"2024-11-27T11:33:01+00:00\",\"mainEntityOfPage\":{\"@id\":\"https:\\\/\\\/jornalboasnoticias.com.br\\\/home\\\/brasil-atingiu-a-marca-de-672-mil-pacientes-que-se-tratam-com-cannabis\\\/\"},\"wordCount\":623,\"commentCount\":0,\"publisher\":{\"@id\":\"https:\\\/\\\/jornalboasnoticias.com.br\\\/home\\\/#organization\"},\"image\":{\"@id\":\"https:\\\/\\\/jornalboasnoticias.com.br\\\/home\\\/brasil-atingiu-a-marca-de-672-mil-pacientes-que-se-tratam-com-cannabis\\\/#primaryimage\"},\"thumbnailUrl\":\"https:\\\/\\\/jornalboasnoticias.com.br\\\/home\\\/wp-content\\\/uploads\\\/2024\\\/11\\\/cannabis.webp\",\"articleSection\":[\"DESTAQUE\",\"SA\u00daDE\"],\"inLanguage\":\"pt-BR\",\"potentialAction\":[{\"@type\":\"CommentAction\",\"name\":\"Comment\",\"target\":[\"https:\\\/\\\/jornalboasnoticias.com.br\\\/home\\\/brasil-atingiu-a-marca-de-672-mil-pacientes-que-se-tratam-com-cannabis\\\/#respond\"]}]},{\"@type\":\"WebPage\",\"@id\":\"https:\\\/\\\/jornalboasnoticias.com.br\\\/home\\\/brasil-atingiu-a-marca-de-672-mil-pacientes-que-se-tratam-com-cannabis\\\/\",\"url\":\"https:\\\/\\\/jornalboasnoticias.com.br\\\/home\\\/brasil-atingiu-a-marca-de-672-mil-pacientes-que-se-tratam-com-cannabis\\\/\",\"name\":\"Brasil atingiu a marca de 672 mil pacientes que se tratam com cannabis - Jornal\",\"isPartOf\":{\"@id\":\"https:\\\/\\\/jornalboasnoticias.com.br\\\/home\\\/#website\"},\"primaryImageOfPage\":{\"@id\":\"https:\\\/\\\/jornalboasnoticias.com.br\\\/home\\\/brasil-atingiu-a-marca-de-672-mil-pacientes-que-se-tratam-com-cannabis\\\/#primaryimage\"},\"image\":{\"@id\":\"https:\\\/\\\/jornalboasnoticias.com.br\\\/home\\\/brasil-atingiu-a-marca-de-672-mil-pacientes-que-se-tratam-com-cannabis\\\/#primaryimage\"},\"thumbnailUrl\":\"https:\\\/\\\/jornalboasnoticias.com.br\\\/home\\\/wp-content\\\/uploads\\\/2024\\\/11\\\/cannabis.webp\",\"datePublished\":\"2024-11-27T11:33:01+00:00\",\"description\":\"Brasil atingiu a marca de 672 mil pacientes que se tratam com cannabis\",\"breadcrumb\":{\"@id\":\"https:\\\/\\\/jornalboasnoticias.com.br\\\/home\\\/brasil-atingiu-a-marca-de-672-mil-pacientes-que-se-tratam-com-cannabis\\\/#breadcrumb\"},\"inLanguage\":\"pt-BR\",\"potentialAction\":[{\"@type\":\"ReadAction\",\"target\":[\"https:\\\/\\\/jornalboasnoticias.com.br\\\/home\\\/brasil-atingiu-a-marca-de-672-mil-pacientes-que-se-tratam-com-cannabis\\\/\"]}]},{\"@type\":\"ImageObject\",\"inLanguage\":\"pt-BR\",\"@id\":\"https:\\\/\\\/jornalboasnoticias.com.br\\\/home\\\/brasil-atingiu-a-marca-de-672-mil-pacientes-que-se-tratam-com-cannabis\\\/#primaryimage\",\"url\":\"https:\\\/\\\/jornalboasnoticias.com.br\\\/home\\\/wp-content\\\/uploads\\\/2024\\\/11\\\/cannabis.webp\",\"contentUrl\":\"https:\\\/\\\/jornalboasnoticias.com.br\\\/home\\\/wp-content\\\/uploads\\\/2024\\\/11\\\/cannabis.webp\",\"width\":1170,\"height\":700,\"caption\":\"\u00a9 F\u00e1bio Carvalho\\\/Arquivo pessoal\"},{\"@type\":\"BreadcrumbList\",\"@id\":\"https:\\\/\\\/jornalboasnoticias.com.br\\\/home\\\/brasil-atingiu-a-marca-de-672-mil-pacientes-que-se-tratam-com-cannabis\\\/#breadcrumb\",\"itemListElement\":[{\"@type\":\"ListItem\",\"position\":1,\"name\":\"In\u00edcio\",\"item\":\"https:\\\/\\\/jornalboasnoticias.com.br\\\/home\\\/\"},{\"@type\":\"ListItem\",\"position\":2,\"name\":\"Brasil atingiu a marca de 672 mil pacientes que se tratam com cannabis\"}]},{\"@type\":\"WebSite\",\"@id\":\"https:\\\/\\\/jornalboasnoticias.com.br\\\/home\\\/#website\",\"url\":\"https:\\\/\\\/jornalboasnoticias.com.br\\\/home\\\/\",\"name\":\"Jornal Boas Not\u00edcias\",\"description\":\"Boas not\u00edcias\",\"publisher\":{\"@id\":\"https:\\\/\\\/jornalboasnoticias.com.br\\\/home\\\/#organization\"},\"potentialAction\":[{\"@type\":\"SearchAction\",\"target\":{\"@type\":\"EntryPoint\",\"urlTemplate\":\"https:\\\/\\\/jornalboasnoticias.com.br\\\/home\\\/?s={search_term_string}\"},\"query-input\":{\"@type\":\"PropertyValueSpecification\",\"valueRequired\":true,\"valueName\":\"search_term_string\"}}],\"inLanguage\":\"pt-BR\"},{\"@type\":\"Organization\",\"@id\":\"https:\\\/\\\/jornalboasnoticias.com.br\\\/home\\\/#organization\",\"name\":\"Coq Editora Ltda\",\"alternateName\":\"Jornal Boas Noticias\",\"url\":\"https:\\\/\\\/jornalboasnoticias.com.br\\\/home\\\/\",\"logo\":{\"@type\":\"ImageObject\",\"inLanguage\":\"pt-BR\",\"@id\":\"https:\\\/\\\/jornalboasnoticias.com.br\\\/home\\\/#\\\/schema\\\/logo\\\/image\\\/\",\"url\":\"https:\\\/\\\/jornalboasnoticias.com.br\\\/home\\\/wp-content\\\/uploads\\\/2024\\\/07\\\/cropped-logo.jpg\",\"contentUrl\":\"https:\\\/\\\/jornalboasnoticias.com.br\\\/home\\\/wp-content\\\/uploads\\\/2024\\\/07\\\/cropped-logo.jpg\",\"width\":290,\"height\":142,\"caption\":\"Coq Editora Ltda\"},\"image\":{\"@id\":\"https:\\\/\\\/jornalboasnoticias.com.br\\\/home\\\/#\\\/schema\\\/logo\\\/image\\\/\"},\"sameAs\":[\"https:\\\/\\\/www.facebook.com\\\/boasnoticiasjornal\"]},{\"@type\":\"Person\",\"@id\":\"https:\\\/\\\/jornalboasnoticias.com.br\\\/home\\\/#\\\/schema\\\/person\\\/d641193e0afc6405b390164dac847971\",\"name\":\"Ana Luiza Bonatto\",\"image\":{\"@type\":\"ImageObject\",\"inLanguage\":\"pt-BR\",\"@id\":\"https:\\\/\\\/secure.gravatar.com\\\/avatar\\\/8a055ebe6373371f67ac6fcf313c0ac0b0a91157fdcdb9514fa62927373348f0?s=96&d=mm&r=g\",\"url\":\"https:\\\/\\\/secure.gravatar.com\\\/avatar\\\/8a055ebe6373371f67ac6fcf313c0ac0b0a91157fdcdb9514fa62927373348f0?s=96&d=mm&r=g\",\"contentUrl\":\"https:\\\/\\\/secure.gravatar.com\\\/avatar\\\/8a055ebe6373371f67ac6fcf313c0ac0b0a91157fdcdb9514fa62927373348f0?s=96&d=mm&r=g\",\"caption\":\"Ana Luiza Bonatto\"},\"url\":\"https:\\\/\\\/jornalboasnoticias.com.br\\\/home\\\/author\\\/ana-luiza\\\/\"}]}<\/script>\n<!-- \/ Yoast SEO plugin. -->","yoast_head_json":{"title":"Brasil atingiu a marca de 672 mil pacientes que se tratam com cannabis - Jornal","description":"Brasil atingiu a marca de 672 mil pacientes que se tratam com cannabis","robots":{"index":"index","follow":"follow","max-snippet":"max-snippet:-1","max-image-preview":"max-image-preview:large","max-video-preview":"max-video-preview:-1"},"canonical":"https:\/\/jornalboasnoticias.com.br\/home\/brasil-atingiu-a-marca-de-672-mil-pacientes-que-se-tratam-com-cannabis\/","og_locale":"pt_BR","og_type":"article","og_title":"Brasil atingiu a marca de 672 mil pacientes que se tratam com cannabis - Jornal","og_description":"Brasil atingiu a marca de 672 mil pacientes que se tratam com cannabis","og_url":"https:\/\/jornalboasnoticias.com.br\/home\/brasil-atingiu-a-marca-de-672-mil-pacientes-que-se-tratam-com-cannabis\/","og_site_name":"Jornal","article_publisher":"https:\/\/www.facebook.com\/boasnoticiasjornal","article_published_time":"2024-11-27T11:33:01+00:00","og_image":[{"width":1170,"height":700,"url":"https:\/\/jornalboasnoticias.com.br\/home\/wp-content\/uploads\/2024\/11\/cannabis.webp","type":"image\/webp"}],"author":"Ana Luiza Bonatto","twitter_card":"summary_large_image","twitter_misc":{"Escrito por":"Ana Luiza Bonatto","Est. tempo de leitura":"4 minutos"},"schema":{"@context":"https:\/\/schema.org","@graph":[{"@type":"Article","@id":"https:\/\/jornalboasnoticias.com.br\/home\/brasil-atingiu-a-marca-de-672-mil-pacientes-que-se-tratam-com-cannabis\/#article","isPartOf":{"@id":"https:\/\/jornalboasnoticias.com.br\/home\/brasil-atingiu-a-marca-de-672-mil-pacientes-que-se-tratam-com-cannabis\/"},"author":{"name":"Ana Luiza Bonatto","@id":"https:\/\/jornalboasnoticias.com.br\/home\/#\/schema\/person\/d641193e0afc6405b390164dac847971"},"headline":"Brasil atingiu a marca de 672 mil pacientes que se tratam com cannabis","datePublished":"2024-11-27T11:33:01+00:00","mainEntityOfPage":{"@id":"https:\/\/jornalboasnoticias.com.br\/home\/brasil-atingiu-a-marca-de-672-mil-pacientes-que-se-tratam-com-cannabis\/"},"wordCount":623,"commentCount":0,"publisher":{"@id":"https:\/\/jornalboasnoticias.com.br\/home\/#organization"},"image":{"@id":"https:\/\/jornalboasnoticias.com.br\/home\/brasil-atingiu-a-marca-de-672-mil-pacientes-que-se-tratam-com-cannabis\/#primaryimage"},"thumbnailUrl":"https:\/\/jornalboasnoticias.com.br\/home\/wp-content\/uploads\/2024\/11\/cannabis.webp","articleSection":["DESTAQUE","SA\u00daDE"],"inLanguage":"pt-BR","potentialAction":[{"@type":"CommentAction","name":"Comment","target":["https:\/\/jornalboasnoticias.com.br\/home\/brasil-atingiu-a-marca-de-672-mil-pacientes-que-se-tratam-com-cannabis\/#respond"]}]},{"@type":"WebPage","@id":"https:\/\/jornalboasnoticias.com.br\/home\/brasil-atingiu-a-marca-de-672-mil-pacientes-que-se-tratam-com-cannabis\/","url":"https:\/\/jornalboasnoticias.com.br\/home\/brasil-atingiu-a-marca-de-672-mil-pacientes-que-se-tratam-com-cannabis\/","name":"Brasil atingiu a marca de 672 mil pacientes que se tratam com cannabis - Jornal","isPartOf":{"@id":"https:\/\/jornalboasnoticias.com.br\/home\/#website"},"primaryImageOfPage":{"@id":"https:\/\/jornalboasnoticias.com.br\/home\/brasil-atingiu-a-marca-de-672-mil-pacientes-que-se-tratam-com-cannabis\/#primaryimage"},"image":{"@id":"https:\/\/jornalboasnoticias.com.br\/home\/brasil-atingiu-a-marca-de-672-mil-pacientes-que-se-tratam-com-cannabis\/#primaryimage"},"thumbnailUrl":"https:\/\/jornalboasnoticias.com.br\/home\/wp-content\/uploads\/2024\/11\/cannabis.webp","datePublished":"2024-11-27T11:33:01+00:00","description":"Brasil atingiu a marca de 672 mil pacientes que se tratam com cannabis","breadcrumb":{"@id":"https:\/\/jornalboasnoticias.com.br\/home\/brasil-atingiu-a-marca-de-672-mil-pacientes-que-se-tratam-com-cannabis\/#breadcrumb"},"inLanguage":"pt-BR","potentialAction":[{"@type":"ReadAction","target":["https:\/\/jornalboasnoticias.com.br\/home\/brasil-atingiu-a-marca-de-672-mil-pacientes-que-se-tratam-com-cannabis\/"]}]},{"@type":"ImageObject","inLanguage":"pt-BR","@id":"https:\/\/jornalboasnoticias.com.br\/home\/brasil-atingiu-a-marca-de-672-mil-pacientes-que-se-tratam-com-cannabis\/#primaryimage","url":"https:\/\/jornalboasnoticias.com.br\/home\/wp-content\/uploads\/2024\/11\/cannabis.webp","contentUrl":"https:\/\/jornalboasnoticias.com.br\/home\/wp-content\/uploads\/2024\/11\/cannabis.webp","width":1170,"height":700,"caption":"\u00a9 F\u00e1bio Carvalho\/Arquivo pessoal"},{"@type":"BreadcrumbList","@id":"https:\/\/jornalboasnoticias.com.br\/home\/brasil-atingiu-a-marca-de-672-mil-pacientes-que-se-tratam-com-cannabis\/#breadcrumb","itemListElement":[{"@type":"ListItem","position":1,"name":"In\u00edcio","item":"https:\/\/jornalboasnoticias.com.br\/home\/"},{"@type":"ListItem","position":2,"name":"Brasil atingiu a marca de 672 mil pacientes que se tratam com cannabis"}]},{"@type":"WebSite","@id":"https:\/\/jornalboasnoticias.com.br\/home\/#website","url":"https:\/\/jornalboasnoticias.com.br\/home\/","name":"Jornal Boas Not\u00edcias","description":"Boas not\u00edcias","publisher":{"@id":"https:\/\/jornalboasnoticias.com.br\/home\/#organization"},"potentialAction":[{"@type":"SearchAction","target":{"@type":"EntryPoint","urlTemplate":"https:\/\/jornalboasnoticias.com.br\/home\/?s={search_term_string}"},"query-input":{"@type":"PropertyValueSpecification","valueRequired":true,"valueName":"search_term_string"}}],"inLanguage":"pt-BR"},{"@type":"Organization","@id":"https:\/\/jornalboasnoticias.com.br\/home\/#organization","name":"Coq Editora Ltda","alternateName":"Jornal Boas Noticias","url":"https:\/\/jornalboasnoticias.com.br\/home\/","logo":{"@type":"ImageObject","inLanguage":"pt-BR","@id":"https:\/\/jornalboasnoticias.com.br\/home\/#\/schema\/logo\/image\/","url":"https:\/\/jornalboasnoticias.com.br\/home\/wp-content\/uploads\/2024\/07\/cropped-logo.jpg","contentUrl":"https:\/\/jornalboasnoticias.com.br\/home\/wp-content\/uploads\/2024\/07\/cropped-logo.jpg","width":290,"height":142,"caption":"Coq Editora Ltda"},"image":{"@id":"https:\/\/jornalboasnoticias.com.br\/home\/#\/schema\/logo\/image\/"},"sameAs":["https:\/\/www.facebook.com\/boasnoticiasjornal"]},{"@type":"Person","@id":"https:\/\/jornalboasnoticias.com.br\/home\/#\/schema\/person\/d641193e0afc6405b390164dac847971","name":"Ana Luiza Bonatto","image":{"@type":"ImageObject","inLanguage":"pt-BR","@id":"https:\/\/secure.gravatar.com\/avatar\/8a055ebe6373371f67ac6fcf313c0ac0b0a91157fdcdb9514fa62927373348f0?s=96&d=mm&r=g","url":"https:\/\/secure.gravatar.com\/avatar\/8a055ebe6373371f67ac6fcf313c0ac0b0a91157fdcdb9514fa62927373348f0?s=96&d=mm&r=g","contentUrl":"https:\/\/secure.gravatar.com\/avatar\/8a055ebe6373371f67ac6fcf313c0ac0b0a91157fdcdb9514fa62927373348f0?s=96&d=mm&r=g","caption":"Ana Luiza Bonatto"},"url":"https:\/\/jornalboasnoticias.com.br\/home\/author\/ana-luiza\/"}]}},"_links":{"self":[{"href":"https:\/\/jornalboasnoticias.com.br\/home\/wp-json\/wp\/v2\/posts\/45750","targetHints":{"allow":["GET"]}}],"collection":[{"href":"https:\/\/jornalboasnoticias.com.br\/home\/wp-json\/wp\/v2\/posts"}],"about":[{"href":"https:\/\/jornalboasnoticias.com.br\/home\/wp-json\/wp\/v2\/types\/post"}],"author":[{"embeddable":true,"href":"https:\/\/jornalboasnoticias.com.br\/home\/wp-json\/wp\/v2\/users\/4"}],"replies":[{"embeddable":true,"href":"https:\/\/jornalboasnoticias.com.br\/home\/wp-json\/wp\/v2\/comments?post=45750"}],"version-history":[{"count":1,"href":"https:\/\/jornalboasnoticias.com.br\/home\/wp-json\/wp\/v2\/posts\/45750\/revisions"}],"predecessor-version":[{"id":45752,"href":"https:\/\/jornalboasnoticias.com.br\/home\/wp-json\/wp\/v2\/posts\/45750\/revisions\/45752"}],"wp:featuredmedia":[{"embeddable":true,"href":"https:\/\/jornalboasnoticias.com.br\/home\/wp-json\/wp\/v2\/media\/45751"}],"wp:attachment":[{"href":"https:\/\/jornalboasnoticias.com.br\/home\/wp-json\/wp\/v2\/media?parent=45750"}],"wp:term":[{"taxonomy":"category","embeddable":true,"href":"https:\/\/jornalboasnoticias.com.br\/home\/wp-json\/wp\/v2\/categories?post=45750"},{"taxonomy":"post_tag","embeddable":true,"href":"https:\/\/jornalboasnoticias.com.br\/home\/wp-json\/wp\/v2\/tags?post=45750"}],"curies":[{"name":"wp","href":"https:\/\/api.w.org\/{rel}","templated":true}]}}