{"id":45744,"date":"2024-11-27T11:30:33","date_gmt":"2024-11-27T11:30:33","guid":{"rendered":"https:\/\/jornalboasnoticias.com.br\/home\/?p=45744"},"modified":"2024-11-27T11:30:33","modified_gmt":"2024-11-27T11:30:33","slug":"saude-anuncia-acordo-para-garantir-abastecimento-de-insulina-no-sus","status":"publish","type":"post","link":"https:\/\/jornalboasnoticias.com.br\/home\/saude-anuncia-acordo-para-garantir-abastecimento-de-insulina-no-sus\/","title":{"rendered":"Sa\u00fade anuncia acordo para garantir abastecimento de insulina no SUS"},"content":{"rendered":"<div class=\"header-noticia full-width\">\n<div>\n<figure id=\"attachment_45745\" aria-describedby=\"caption-attachment-45745\" style=\"width: 1170px\" class=\"wp-caption alignnone\"><img loading=\"lazy\" decoding=\"async\" class=\"size-full wp-image-45745\" src=\"https:\/\/jornalboasnoticias.com.br\/home\/wp-content\/uploads\/2024\/11\/insulina_teste_05082110279.webp\" alt=\"\" width=\"1170\" height=\"700\" srcset=\"https:\/\/jornalboasnoticias.com.br\/home\/wp-content\/uploads\/2024\/11\/insulina_teste_05082110279.webp 1170w, https:\/\/jornalboasnoticias.com.br\/home\/wp-content\/uploads\/2024\/11\/insulina_teste_05082110279-300x179.webp 300w, https:\/\/jornalboasnoticias.com.br\/home\/wp-content\/uploads\/2024\/11\/insulina_teste_05082110279-1024x613.webp 1024w, https:\/\/jornalboasnoticias.com.br\/home\/wp-content\/uploads\/2024\/11\/insulina_teste_05082110279-768x459.webp 768w\" sizes=\"auto, (max-width: 1170px) 100vw, 1170px\" \/><figcaption id=\"caption-attachment-45745\" class=\"wp-caption-text\">\u00a9 Marcello Casal jr\/Ag\u00eancia Brasil<\/figcaption><\/figure>\n<\/div>\n<\/div>\n<blockquote>\n<div class=\"header-noticia full-width\">\n<p>Acordo define entrega de 93% do volume contratado at\u00e9 dezembro<\/p>\n<\/div>\n<\/blockquote>\n<div>\n<p>O Minist\u00e9rio da Sa\u00fade anunciou um acordo para antecipar a entrega de uma remessa de 1,8 milh\u00e3o de unidades de insulina at\u00e9 o fim dezembro. Em nota, a pasta informou que a estrat\u00e9gia garante o abastecimento no Sistema \u00fanico de Sa\u00fade (SUS). \u201cO refor\u00e7o dos estoques permite a continuidade do tratamento de todos os pacientes atendidos pela rede p\u00fablica de sa\u00fade\u201d.<img decoding=\"async\" src=\"https:\/\/agenciabrasil.ebc.com.br\/ebc.png?id=1621364&amp;o=node\" \/><img decoding=\"async\" src=\"https:\/\/agenciabrasil.ebc.com.br\/ebc.gif?id=1621364&amp;o=node\" \/><\/p>\n<p>Segundo o comunicado, o acordo com a Novo Nordisk, fabricante de canetas de insulina, define a entrega de 93% do volume contratado at\u00e9 dezembro \u2013 a previs\u00e3o inicial era disponibilizar apenas 50% ainda este ano. Segundo o minist\u00e9rio, a produ\u00e7\u00e3o da empresa no Brasil \u00e9 respons\u00e1vel por 15% de todo o fornecimento mundial do insumo.<\/p>\n<p>\u201cA insulina a ser entregue pela Novo Nordisk \u00e9 produzida em planta localizada em Montes Claros (MG), reconhecida como a maior f\u00e1brica de insulinas do Brasil e da Am\u00e9rica Latina, com cerca de dois mil funcion\u00e1rios\u201d, destacou a pasta.<\/p>\n<h2>Oferta ininterrupta<\/h2>\n<p>No comunicado, o Minist\u00e9rio da Sa\u00fade informa manter aquisi\u00e7\u00f5es regulares para oferta de insulina no SUS, \u201cgarantindo o abastecimento ininterrupto do medicamento\u201d.<\/p>\n<p>At\u00e9 outubro deste ano, foram distribu\u00eddas 49,9 milh\u00f5es de unidades de insulinas NPH e 10,7 milh\u00f5es de insulina regular (frascos e canetas) para todo o pa\u00eds, atendendo a demanda de estados e munic\u00edpios.<\/p>\n<p>\u201cAtualmente, h\u00e1 uma situa\u00e7\u00e3o mundial de restri\u00e7\u00e3o da oferta de insulina. O Minist\u00e9rio da Sa\u00fade atuou para que essa situa\u00e7\u00e3o fosse superada\u201d, concluiu.<\/p>\n<p>A orienta\u00e7\u00e3o \u00e9 que qualquer pessoa com indica\u00e7\u00e3o de uso de insulina e dificuldade para acessar o medicamento em farm\u00e1cias privadas, inclusive por meio do programa Farm\u00e1cia Popular, procure uma unidade b\u00e1sica de sa\u00fade (UBS) para solicitar a medica\u00e7\u00e3o.<\/p>\n<p>(Ag\u00eancia Brasil)<\/p>\n<\/div>\n","protected":false},"excerpt":{"rendered":"<p>Acordo define entrega de 93% do volume contratado at\u00e9 dezembro O Minist\u00e9rio da Sa\u00fade anunciou<\/p>\n","protected":false},"author":4,"featured_media":45745,"comment_status":"open","ping_status":"open","sticky":false,"template":"","format":"standard","meta":{"footnotes":""},"categories":[3,7],"tags":[],"class_list":["post-45744","post","type-post","status-publish","format-standard","has-post-thumbnail","hentry","category-destaques","category-saude"],"yoast_head":"<!-- This site is optimized with the Yoast SEO plugin v27.5 - https:\/\/yoast.com\/product\/yoast-seo-wordpress\/ -->\n<title>Sa\u00fade anuncia acordo para garantir abastecimento de insulina no SUS - Jornal<\/title>\n<meta name=\"description\" content=\"Sa\u00fade anuncia acordo para garantir abastecimento de insulina no SUS\" \/>\n<meta name=\"robots\" content=\"index, follow, max-snippet:-1, max-image-preview:large, max-video-preview:-1\" \/>\n<link rel=\"canonical\" href=\"https:\/\/jornalboasnoticias.com.br\/home\/saude-anuncia-acordo-para-garantir-abastecimento-de-insulina-no-sus\/\" \/>\n<meta property=\"og:locale\" content=\"pt_BR\" \/>\n<meta property=\"og:type\" content=\"article\" \/>\n<meta property=\"og:title\" content=\"Sa\u00fade anuncia acordo para garantir abastecimento de insulina no SUS - Jornal\" \/>\n<meta property=\"og:description\" content=\"Sa\u00fade anuncia acordo para garantir abastecimento de insulina no SUS\" \/>\n<meta property=\"og:url\" content=\"https:\/\/jornalboasnoticias.com.br\/home\/saude-anuncia-acordo-para-garantir-abastecimento-de-insulina-no-sus\/\" \/>\n<meta property=\"og:site_name\" content=\"Jornal\" \/>\n<meta property=\"article:publisher\" content=\"https:\/\/www.facebook.com\/boasnoticiasjornal\" \/>\n<meta property=\"article:published_time\" content=\"2024-11-27T11:30:33+00:00\" \/>\n<meta property=\"og:image\" content=\"https:\/\/jornalboasnoticias.com.br\/home\/wp-content\/uploads\/2024\/11\/insulina_teste_05082110279.webp\" \/>\n\t<meta property=\"og:image:width\" content=\"1170\" \/>\n\t<meta property=\"og:image:height\" content=\"700\" \/>\n\t<meta property=\"og:image:type\" content=\"image\/webp\" \/>\n<meta name=\"author\" content=\"Ana Luiza Bonatto\" \/>\n<meta name=\"twitter:card\" content=\"summary_large_image\" \/>\n<meta name=\"twitter:label1\" content=\"Escrito por\" \/>\n\t<meta name=\"twitter:data1\" content=\"Ana Luiza Bonatto\" \/>\n\t<meta name=\"twitter:label2\" content=\"Est. tempo de leitura\" \/>\n\t<meta name=\"twitter:data2\" content=\"3 minutos\" \/>\n<script type=\"application\/ld+json\" class=\"yoast-schema-graph\">{\"@context\":\"https:\\\/\\\/schema.org\",\"@graph\":[{\"@type\":\"Article\",\"@id\":\"https:\\\/\\\/jornalboasnoticias.com.br\\\/home\\\/saude-anuncia-acordo-para-garantir-abastecimento-de-insulina-no-sus\\\/#article\",\"isPartOf\":{\"@id\":\"https:\\\/\\\/jornalboasnoticias.com.br\\\/home\\\/saude-anuncia-acordo-para-garantir-abastecimento-de-insulina-no-sus\\\/\"},\"author\":{\"name\":\"Ana Luiza Bonatto\",\"@id\":\"https:\\\/\\\/jornalboasnoticias.com.br\\\/home\\\/#\\\/schema\\\/person\\\/d641193e0afc6405b390164dac847971\"},\"headline\":\"Sa\u00fade anuncia acordo para garantir abastecimento de insulina no SUS\",\"datePublished\":\"2024-11-27T11:30:33+00:00\",\"mainEntityOfPage\":{\"@id\":\"https:\\\/\\\/jornalboasnoticias.com.br\\\/home\\\/saude-anuncia-acordo-para-garantir-abastecimento-de-insulina-no-sus\\\/\"},\"wordCount\":335,\"commentCount\":0,\"publisher\":{\"@id\":\"https:\\\/\\\/jornalboasnoticias.com.br\\\/home\\\/#organization\"},\"image\":{\"@id\":\"https:\\\/\\\/jornalboasnoticias.com.br\\\/home\\\/saude-anuncia-acordo-para-garantir-abastecimento-de-insulina-no-sus\\\/#primaryimage\"},\"thumbnailUrl\":\"https:\\\/\\\/jornalboasnoticias.com.br\\\/home\\\/wp-content\\\/uploads\\\/2024\\\/11\\\/insulina_teste_05082110279.webp\",\"articleSection\":[\"DESTAQUE\",\"SA\u00daDE\"],\"inLanguage\":\"pt-BR\",\"potentialAction\":[{\"@type\":\"CommentAction\",\"name\":\"Comment\",\"target\":[\"https:\\\/\\\/jornalboasnoticias.com.br\\\/home\\\/saude-anuncia-acordo-para-garantir-abastecimento-de-insulina-no-sus\\\/#respond\"]}]},{\"@type\":\"WebPage\",\"@id\":\"https:\\\/\\\/jornalboasnoticias.com.br\\\/home\\\/saude-anuncia-acordo-para-garantir-abastecimento-de-insulina-no-sus\\\/\",\"url\":\"https:\\\/\\\/jornalboasnoticias.com.br\\\/home\\\/saude-anuncia-acordo-para-garantir-abastecimento-de-insulina-no-sus\\\/\",\"name\":\"Sa\u00fade anuncia acordo para garantir abastecimento de insulina no SUS - Jornal\",\"isPartOf\":{\"@id\":\"https:\\\/\\\/jornalboasnoticias.com.br\\\/home\\\/#website\"},\"primaryImageOfPage\":{\"@id\":\"https:\\\/\\\/jornalboasnoticias.com.br\\\/home\\\/saude-anuncia-acordo-para-garantir-abastecimento-de-insulina-no-sus\\\/#primaryimage\"},\"image\":{\"@id\":\"https:\\\/\\\/jornalboasnoticias.com.br\\\/home\\\/saude-anuncia-acordo-para-garantir-abastecimento-de-insulina-no-sus\\\/#primaryimage\"},\"thumbnailUrl\":\"https:\\\/\\\/jornalboasnoticias.com.br\\\/home\\\/wp-content\\\/uploads\\\/2024\\\/11\\\/insulina_teste_05082110279.webp\",\"datePublished\":\"2024-11-27T11:30:33+00:00\",\"description\":\"Sa\u00fade anuncia acordo para garantir abastecimento de insulina no SUS\",\"breadcrumb\":{\"@id\":\"https:\\\/\\\/jornalboasnoticias.com.br\\\/home\\\/saude-anuncia-acordo-para-garantir-abastecimento-de-insulina-no-sus\\\/#breadcrumb\"},\"inLanguage\":\"pt-BR\",\"potentialAction\":[{\"@type\":\"ReadAction\",\"target\":[\"https:\\\/\\\/jornalboasnoticias.com.br\\\/home\\\/saude-anuncia-acordo-para-garantir-abastecimento-de-insulina-no-sus\\\/\"]}]},{\"@type\":\"ImageObject\",\"inLanguage\":\"pt-BR\",\"@id\":\"https:\\\/\\\/jornalboasnoticias.com.br\\\/home\\\/saude-anuncia-acordo-para-garantir-abastecimento-de-insulina-no-sus\\\/#primaryimage\",\"url\":\"https:\\\/\\\/jornalboasnoticias.com.br\\\/home\\\/wp-content\\\/uploads\\\/2024\\\/11\\\/insulina_teste_05082110279.webp\",\"contentUrl\":\"https:\\\/\\\/jornalboasnoticias.com.br\\\/home\\\/wp-content\\\/uploads\\\/2024\\\/11\\\/insulina_teste_05082110279.webp\",\"width\":1170,\"height\":700,\"caption\":\"\u00a9 Marcello Casal jr\\\/Ag\u00eancia Brasil\"},{\"@type\":\"BreadcrumbList\",\"@id\":\"https:\\\/\\\/jornalboasnoticias.com.br\\\/home\\\/saude-anuncia-acordo-para-garantir-abastecimento-de-insulina-no-sus\\\/#breadcrumb\",\"itemListElement\":[{\"@type\":\"ListItem\",\"position\":1,\"name\":\"In\u00edcio\",\"item\":\"https:\\\/\\\/jornalboasnoticias.com.br\\\/home\\\/\"},{\"@type\":\"ListItem\",\"position\":2,\"name\":\"Sa\u00fade anuncia acordo para garantir abastecimento de insulina no SUS\"}]},{\"@type\":\"WebSite\",\"@id\":\"https:\\\/\\\/jornalboasnoticias.com.br\\\/home\\\/#website\",\"url\":\"https:\\\/\\\/jornalboasnoticias.com.br\\\/home\\\/\",\"name\":\"Jornal Boas Not\u00edcias\",\"description\":\"Boas not\u00edcias\",\"publisher\":{\"@id\":\"https:\\\/\\\/jornalboasnoticias.com.br\\\/home\\\/#organization\"},\"potentialAction\":[{\"@type\":\"SearchAction\",\"target\":{\"@type\":\"EntryPoint\",\"urlTemplate\":\"https:\\\/\\\/jornalboasnoticias.com.br\\\/home\\\/?s={search_term_string}\"},\"query-input\":{\"@type\":\"PropertyValueSpecification\",\"valueRequired\":true,\"valueName\":\"search_term_string\"}}],\"inLanguage\":\"pt-BR\"},{\"@type\":\"Organization\",\"@id\":\"https:\\\/\\\/jornalboasnoticias.com.br\\\/home\\\/#organization\",\"name\":\"Coq Editora Ltda\",\"alternateName\":\"Jornal Boas Noticias\",\"url\":\"https:\\\/\\\/jornalboasnoticias.com.br\\\/home\\\/\",\"logo\":{\"@type\":\"ImageObject\",\"inLanguage\":\"pt-BR\",\"@id\":\"https:\\\/\\\/jornalboasnoticias.com.br\\\/home\\\/#\\\/schema\\\/logo\\\/image\\\/\",\"url\":\"https:\\\/\\\/jornalboasnoticias.com.br\\\/home\\\/wp-content\\\/uploads\\\/2024\\\/07\\\/cropped-logo.jpg\",\"contentUrl\":\"https:\\\/\\\/jornalboasnoticias.com.br\\\/home\\\/wp-content\\\/uploads\\\/2024\\\/07\\\/cropped-logo.jpg\",\"width\":290,\"height\":142,\"caption\":\"Coq Editora Ltda\"},\"image\":{\"@id\":\"https:\\\/\\\/jornalboasnoticias.com.br\\\/home\\\/#\\\/schema\\\/logo\\\/image\\\/\"},\"sameAs\":[\"https:\\\/\\\/www.facebook.com\\\/boasnoticiasjornal\"]},{\"@type\":\"Person\",\"@id\":\"https:\\\/\\\/jornalboasnoticias.com.br\\\/home\\\/#\\\/schema\\\/person\\\/d641193e0afc6405b390164dac847971\",\"name\":\"Ana Luiza Bonatto\",\"image\":{\"@type\":\"ImageObject\",\"inLanguage\":\"pt-BR\",\"@id\":\"https:\\\/\\\/secure.gravatar.com\\\/avatar\\\/8a055ebe6373371f67ac6fcf313c0ac0b0a91157fdcdb9514fa62927373348f0?s=96&d=mm&r=g\",\"url\":\"https:\\\/\\\/secure.gravatar.com\\\/avatar\\\/8a055ebe6373371f67ac6fcf313c0ac0b0a91157fdcdb9514fa62927373348f0?s=96&d=mm&r=g\",\"contentUrl\":\"https:\\\/\\\/secure.gravatar.com\\\/avatar\\\/8a055ebe6373371f67ac6fcf313c0ac0b0a91157fdcdb9514fa62927373348f0?s=96&d=mm&r=g\",\"caption\":\"Ana Luiza Bonatto\"},\"url\":\"https:\\\/\\\/jornalboasnoticias.com.br\\\/home\\\/author\\\/ana-luiza\\\/\"}]}<\/script>\n<!-- \/ Yoast SEO plugin. -->","yoast_head_json":{"title":"Sa\u00fade anuncia acordo para garantir abastecimento de insulina no SUS - Jornal","description":"Sa\u00fade anuncia acordo para garantir abastecimento de insulina no SUS","robots":{"index":"index","follow":"follow","max-snippet":"max-snippet:-1","max-image-preview":"max-image-preview:large","max-video-preview":"max-video-preview:-1"},"canonical":"https:\/\/jornalboasnoticias.com.br\/home\/saude-anuncia-acordo-para-garantir-abastecimento-de-insulina-no-sus\/","og_locale":"pt_BR","og_type":"article","og_title":"Sa\u00fade anuncia acordo para garantir abastecimento de insulina no SUS - Jornal","og_description":"Sa\u00fade anuncia acordo para garantir abastecimento de insulina no SUS","og_url":"https:\/\/jornalboasnoticias.com.br\/home\/saude-anuncia-acordo-para-garantir-abastecimento-de-insulina-no-sus\/","og_site_name":"Jornal","article_publisher":"https:\/\/www.facebook.com\/boasnoticiasjornal","article_published_time":"2024-11-27T11:30:33+00:00","og_image":[{"width":1170,"height":700,"url":"https:\/\/jornalboasnoticias.com.br\/home\/wp-content\/uploads\/2024\/11\/insulina_teste_05082110279.webp","type":"image\/webp"}],"author":"Ana Luiza Bonatto","twitter_card":"summary_large_image","twitter_misc":{"Escrito por":"Ana Luiza Bonatto","Est. tempo de leitura":"3 minutos"},"schema":{"@context":"https:\/\/schema.org","@graph":[{"@type":"Article","@id":"https:\/\/jornalboasnoticias.com.br\/home\/saude-anuncia-acordo-para-garantir-abastecimento-de-insulina-no-sus\/#article","isPartOf":{"@id":"https:\/\/jornalboasnoticias.com.br\/home\/saude-anuncia-acordo-para-garantir-abastecimento-de-insulina-no-sus\/"},"author":{"name":"Ana Luiza Bonatto","@id":"https:\/\/jornalboasnoticias.com.br\/home\/#\/schema\/person\/d641193e0afc6405b390164dac847971"},"headline":"Sa\u00fade anuncia acordo para garantir abastecimento de insulina no SUS","datePublished":"2024-11-27T11:30:33+00:00","mainEntityOfPage":{"@id":"https:\/\/jornalboasnoticias.com.br\/home\/saude-anuncia-acordo-para-garantir-abastecimento-de-insulina-no-sus\/"},"wordCount":335,"commentCount":0,"publisher":{"@id":"https:\/\/jornalboasnoticias.com.br\/home\/#organization"},"image":{"@id":"https:\/\/jornalboasnoticias.com.br\/home\/saude-anuncia-acordo-para-garantir-abastecimento-de-insulina-no-sus\/#primaryimage"},"thumbnailUrl":"https:\/\/jornalboasnoticias.com.br\/home\/wp-content\/uploads\/2024\/11\/insulina_teste_05082110279.webp","articleSection":["DESTAQUE","SA\u00daDE"],"inLanguage":"pt-BR","potentialAction":[{"@type":"CommentAction","name":"Comment","target":["https:\/\/jornalboasnoticias.com.br\/home\/saude-anuncia-acordo-para-garantir-abastecimento-de-insulina-no-sus\/#respond"]}]},{"@type":"WebPage","@id":"https:\/\/jornalboasnoticias.com.br\/home\/saude-anuncia-acordo-para-garantir-abastecimento-de-insulina-no-sus\/","url":"https:\/\/jornalboasnoticias.com.br\/home\/saude-anuncia-acordo-para-garantir-abastecimento-de-insulina-no-sus\/","name":"Sa\u00fade anuncia acordo para garantir abastecimento de insulina no SUS - Jornal","isPartOf":{"@id":"https:\/\/jornalboasnoticias.com.br\/home\/#website"},"primaryImageOfPage":{"@id":"https:\/\/jornalboasnoticias.com.br\/home\/saude-anuncia-acordo-para-garantir-abastecimento-de-insulina-no-sus\/#primaryimage"},"image":{"@id":"https:\/\/jornalboasnoticias.com.br\/home\/saude-anuncia-acordo-para-garantir-abastecimento-de-insulina-no-sus\/#primaryimage"},"thumbnailUrl":"https:\/\/jornalboasnoticias.com.br\/home\/wp-content\/uploads\/2024\/11\/insulina_teste_05082110279.webp","datePublished":"2024-11-27T11:30:33+00:00","description":"Sa\u00fade anuncia acordo para garantir abastecimento de insulina no SUS","breadcrumb":{"@id":"https:\/\/jornalboasnoticias.com.br\/home\/saude-anuncia-acordo-para-garantir-abastecimento-de-insulina-no-sus\/#breadcrumb"},"inLanguage":"pt-BR","potentialAction":[{"@type":"ReadAction","target":["https:\/\/jornalboasnoticias.com.br\/home\/saude-anuncia-acordo-para-garantir-abastecimento-de-insulina-no-sus\/"]}]},{"@type":"ImageObject","inLanguage":"pt-BR","@id":"https:\/\/jornalboasnoticias.com.br\/home\/saude-anuncia-acordo-para-garantir-abastecimento-de-insulina-no-sus\/#primaryimage","url":"https:\/\/jornalboasnoticias.com.br\/home\/wp-content\/uploads\/2024\/11\/insulina_teste_05082110279.webp","contentUrl":"https:\/\/jornalboasnoticias.com.br\/home\/wp-content\/uploads\/2024\/11\/insulina_teste_05082110279.webp","width":1170,"height":700,"caption":"\u00a9 Marcello Casal jr\/Ag\u00eancia Brasil"},{"@type":"BreadcrumbList","@id":"https:\/\/jornalboasnoticias.com.br\/home\/saude-anuncia-acordo-para-garantir-abastecimento-de-insulina-no-sus\/#breadcrumb","itemListElement":[{"@type":"ListItem","position":1,"name":"In\u00edcio","item":"https:\/\/jornalboasnoticias.com.br\/home\/"},{"@type":"ListItem","position":2,"name":"Sa\u00fade anuncia acordo para garantir abastecimento de insulina no SUS"}]},{"@type":"WebSite","@id":"https:\/\/jornalboasnoticias.com.br\/home\/#website","url":"https:\/\/jornalboasnoticias.com.br\/home\/","name":"Jornal Boas Not\u00edcias","description":"Boas not\u00edcias","publisher":{"@id":"https:\/\/jornalboasnoticias.com.br\/home\/#organization"},"potentialAction":[{"@type":"SearchAction","target":{"@type":"EntryPoint","urlTemplate":"https:\/\/jornalboasnoticias.com.br\/home\/?s={search_term_string}"},"query-input":{"@type":"PropertyValueSpecification","valueRequired":true,"valueName":"search_term_string"}}],"inLanguage":"pt-BR"},{"@type":"Organization","@id":"https:\/\/jornalboasnoticias.com.br\/home\/#organization","name":"Coq Editora Ltda","alternateName":"Jornal Boas Noticias","url":"https:\/\/jornalboasnoticias.com.br\/home\/","logo":{"@type":"ImageObject","inLanguage":"pt-BR","@id":"https:\/\/jornalboasnoticias.com.br\/home\/#\/schema\/logo\/image\/","url":"https:\/\/jornalboasnoticias.com.br\/home\/wp-content\/uploads\/2024\/07\/cropped-logo.jpg","contentUrl":"https:\/\/jornalboasnoticias.com.br\/home\/wp-content\/uploads\/2024\/07\/cropped-logo.jpg","width":290,"height":142,"caption":"Coq Editora Ltda"},"image":{"@id":"https:\/\/jornalboasnoticias.com.br\/home\/#\/schema\/logo\/image\/"},"sameAs":["https:\/\/www.facebook.com\/boasnoticiasjornal"]},{"@type":"Person","@id":"https:\/\/jornalboasnoticias.com.br\/home\/#\/schema\/person\/d641193e0afc6405b390164dac847971","name":"Ana Luiza Bonatto","image":{"@type":"ImageObject","inLanguage":"pt-BR","@id":"https:\/\/secure.gravatar.com\/avatar\/8a055ebe6373371f67ac6fcf313c0ac0b0a91157fdcdb9514fa62927373348f0?s=96&d=mm&r=g","url":"https:\/\/secure.gravatar.com\/avatar\/8a055ebe6373371f67ac6fcf313c0ac0b0a91157fdcdb9514fa62927373348f0?s=96&d=mm&r=g","contentUrl":"https:\/\/secure.gravatar.com\/avatar\/8a055ebe6373371f67ac6fcf313c0ac0b0a91157fdcdb9514fa62927373348f0?s=96&d=mm&r=g","caption":"Ana Luiza Bonatto"},"url":"https:\/\/jornalboasnoticias.com.br\/home\/author\/ana-luiza\/"}]}},"_links":{"self":[{"href":"https:\/\/jornalboasnoticias.com.br\/home\/wp-json\/wp\/v2\/posts\/45744","targetHints":{"allow":["GET"]}}],"collection":[{"href":"https:\/\/jornalboasnoticias.com.br\/home\/wp-json\/wp\/v2\/posts"}],"about":[{"href":"https:\/\/jornalboasnoticias.com.br\/home\/wp-json\/wp\/v2\/types\/post"}],"author":[{"embeddable":true,"href":"https:\/\/jornalboasnoticias.com.br\/home\/wp-json\/wp\/v2\/users\/4"}],"replies":[{"embeddable":true,"href":"https:\/\/jornalboasnoticias.com.br\/home\/wp-json\/wp\/v2\/comments?post=45744"}],"version-history":[{"count":1,"href":"https:\/\/jornalboasnoticias.com.br\/home\/wp-json\/wp\/v2\/posts\/45744\/revisions"}],"predecessor-version":[{"id":45746,"href":"https:\/\/jornalboasnoticias.com.br\/home\/wp-json\/wp\/v2\/posts\/45744\/revisions\/45746"}],"wp:featuredmedia":[{"embeddable":true,"href":"https:\/\/jornalboasnoticias.com.br\/home\/wp-json\/wp\/v2\/media\/45745"}],"wp:attachment":[{"href":"https:\/\/jornalboasnoticias.com.br\/home\/wp-json\/wp\/v2\/media?parent=45744"}],"wp:term":[{"taxonomy":"category","embeddable":true,"href":"https:\/\/jornalboasnoticias.com.br\/home\/wp-json\/wp\/v2\/categories?post=45744"},{"taxonomy":"post_tag","embeddable":true,"href":"https:\/\/jornalboasnoticias.com.br\/home\/wp-json\/wp\/v2\/tags?post=45744"}],"curies":[{"name":"wp","href":"https:\/\/api.w.org\/{rel}","templated":true}]}}