{"id":45333,"date":"2024-11-18T17:22:38","date_gmt":"2024-11-18T17:22:38","guid":{"rendered":"https:\/\/jornalboasnoticias.com.br\/home\/?p=45333"},"modified":"2024-11-18T17:22:38","modified_gmt":"2024-11-18T17:22:38","slug":"agencias-do-trabalhador-iniciam-a-semana-com-211-mil-vagas-com-carteira-assinada","status":"publish","type":"post","link":"https:\/\/jornalboasnoticias.com.br\/home\/agencias-do-trabalhador-iniciam-a-semana-com-211-mil-vagas-com-carteira-assinada\/","title":{"rendered":"Ag\u00eancias do Trabalhador iniciam a semana com 21,1 mil vagas com carteira assinada"},"content":{"rendered":"<div class=\"not-escopo-destaque\">\n<div>\n<figure id=\"attachment_45334\" aria-describedby=\"caption-attachment-45334\" style=\"width: 2560px\" class=\"wp-caption alignnone\"><img loading=\"lazy\" decoding=\"async\" class=\"size-full wp-image-45334\" src=\"https:\/\/jornalboasnoticias.com.br\/home\/wp-content\/uploads\/2024\/11\/20240916_agb_agencia_trabalhador_-3_0-scaled.jpg\" alt=\"\" width=\"2560\" height=\"1707\" srcset=\"https:\/\/jornalboasnoticias.com.br\/home\/wp-content\/uploads\/2024\/11\/20240916_agb_agencia_trabalhador_-3_0-scaled.jpg 2560w, https:\/\/jornalboasnoticias.com.br\/home\/wp-content\/uploads\/2024\/11\/20240916_agb_agencia_trabalhador_-3_0-300x200.jpg 300w, https:\/\/jornalboasnoticias.com.br\/home\/wp-content\/uploads\/2024\/11\/20240916_agb_agencia_trabalhador_-3_0-1024x683.jpg 1024w, https:\/\/jornalboasnoticias.com.br\/home\/wp-content\/uploads\/2024\/11\/20240916_agb_agencia_trabalhador_-3_0-768x512.jpg 768w, https:\/\/jornalboasnoticias.com.br\/home\/wp-content\/uploads\/2024\/11\/20240916_agb_agencia_trabalhador_-3_0-1536x1024.jpg 1536w, https:\/\/jornalboasnoticias.com.br\/home\/wp-content\/uploads\/2024\/11\/20240916_agb_agencia_trabalhador_-3_0-2048x1365.jpg 2048w, https:\/\/jornalboasnoticias.com.br\/home\/wp-content\/uploads\/2024\/11\/20240916_agb_agencia_trabalhador_-3_0-900x600.jpg 900w\" sizes=\"auto, (max-width: 2560px) 100vw, 2560px\" \/><figcaption id=\"caption-attachment-45334\" class=\"wp-caption-text\">Foto: Geraldo Bubniak\/AEN<\/figcaption><\/figure>\n<\/div>\n<\/div>\n<blockquote>\n<div class=\"not-escopo-destaque\">\n<div class=\"field field--name-field-escopo-destaque field--type-string-long field--label-hidden field--item\">A Grande Curitiba concentra o maior volume de postos de trabalho dispon\u00edveis (5.966). S\u00e3o 728 vagas para alimentador de linha de produ\u00e7\u00e3o, 468 para operador de caixa, 382 para atendente de lojas e mercados, e 286 para auxiliar de log\u00edstica.<\/div>\n<\/div>\n<\/blockquote>\n<div>\n<p>As Ag\u00eancias do Trabalhador do Paran\u00e1 e postos avan\u00e7ados come\u00e7am a semana com a oferta de 21.141 vagas de emprego com carteira assinada no Estado. A maior parte \u00e9 para alimentador de linha de produ\u00e7\u00e3o, com 5.618 oportunidades. Na sequ\u00eancia, aparecem as fun\u00e7\u00f5es de operador de caixa, com 1.037 vagas, atendente de lojas e mercados, com 707, e faxineiro, com 675 oportunidades.<\/p>\n<p>A Grande Curitiba concentra o maior volume de postos de trabalho dispon\u00edveis (5.966). S\u00e3o 728 vagas para alimentador de linha de produ\u00e7\u00e3o, 468 para operador de caixa, 382 para atendente de lojas e mercados e 286 para auxiliar de log\u00edstica.<\/p>\n<p>Na Capital, a Ag\u00eancia do Trabalhador Central oferta 32 vagas para profissionais com ensino superior e t\u00e9cnico em diversas \u00e1reas, com destaque para as fun\u00e7\u00f5es de assistente administrativo (curso de administra\u00e7\u00e3o, gest\u00e3o comercial e gest\u00e3o de neg\u00f3cios), com 2 vagas; auxiliar cont\u00e1beis (t\u00e9cnico cont\u00e1beis ou cursando superior em contabilidade), com 2 vagas; auxiliar veterin\u00e1rio (t\u00e9cnico veterin\u00e1rio), com 2 vagas; e t\u00e9cnico em seguran\u00e7a do trabalho (curso t\u00e9cnico em seguran\u00e7a do trabalho), com 2 vagas.<\/p>\n<p>A regi\u00e3o de Cascavel aparece em seguida (3.986), com 962 oportunidades para alimentador de linha de produ\u00e7\u00e3o, 397 para abatedor, 142 para operador de caixa e 115 para magarefe.<\/p>\n<p>Nas demais regionais do Interior s\u00e3o destaques Londrina (2.523), Campo Mour\u00e3o (1.926), Foz do Igua\u00e7u (1.684) e Pato Branco (1.607). Em Londrina, as fun\u00e7\u00f5es que lideram as ofertas de vagas s\u00e3o alimentador de linha de produ\u00e7\u00e3o, com 724 vagas, servente de obras, com 125, operador de caixa, com 112, e repositor de mercadorias, com 71 oportunidades.<\/p>\n<p>Na regi\u00e3o de Campo Mour\u00e3o, h\u00e1 oferta de emprego para alimentador de linha de produ\u00e7\u00e3o, com 795 oportunidades, magarefe, com 235, abatedor, com 80, e servente de obras, com 60.<\/p>\n<p>Na regi\u00e3o de Foz do Igua\u00e7u, s\u00e3o ofertadas 712 vagas para alimentador de linha de produ\u00e7\u00e3o, 120 para repositor de mercadorias, 107 para operador de caixa e 89 para abatedor.\u00a0Em Pato Branco, os destaques s\u00e3o para alimentador de linha de produ\u00e7\u00e3o (599), magarefe (107), operador de caixa (64) e auxiliar de log\u00edstica (\u200b\u200b57) .<\/p>\n<p><strong>ATENDIMENTO<\/strong>\u00a0\u2013 Os interessados devem buscar orienta\u00e7\u00f5es entrando em contato com a unidade da Ag\u00eancia do Trabalhador de seu munic\u00edpio. Para evitar aglomera\u00e7\u00e3o, a sugest\u00e3o \u00e9 que o atendimento seja feito com hor\u00e1rio marcado. O agendamento deve ser feito\u00a0<strong><a class=\"0\" href=\"https:\/\/www.trabalho.pr.gov.br\/Trabalho\" target=\"_blank\" rel=\"nofollow noopener\">AQUI<\/a><\/strong>.<\/p>\n<p><strong>Confira as\u00a0<span class=\"embedded-entity\" title=\"vagas abertas por regionais\" data-embed-button=\"midia_embarcada\" data-entity-embed-display=\"view_mode:media.midia_anexada_em_outro_node\" data-entity-embed-display-settings=\"vagas abertas por regionais\" data-entity-type=\"media\" data-entity-uuid=\"61472d76-bbe2-438a-9b26-ed37d29dbdc3\" data-langcode=\"pt-br\"><a class=\"0\" href=\"https:\/\/www.aen.pr.gov.br\/sites\/default\/arquivos_restritos\/files\/documento\/2024-11\/1811vagaspdf.pdf\" target=\"_blank\" rel=\"nofollow noopener\" type=\"application\/pdf; length=557481\">vagas abertas por regionais.<\/a><\/span><\/strong><\/p>\n<p>(aen)<\/p>\n<\/div>\n","protected":false},"excerpt":{"rendered":"<p>A Grande Curitiba concentra o maior volume de postos de trabalho dispon\u00edveis (5.966). S\u00e3o 728<\/p>\n","protected":false},"author":4,"featured_media":45334,"comment_status":"open","ping_status":"open","sticky":false,"template":"","format":"standard","meta":{"footnotes":""},"categories":[3,4],"tags":[],"class_list":["post-45333","post","type-post","status-publish","format-standard","has-post-thumbnail","hentry","category-destaques","category-parana"],"yoast_head":"<!-- This site is optimized with the Yoast SEO plugin v27.5 - https:\/\/yoast.com\/product\/yoast-seo-wordpress\/ -->\n<title>Ag\u00eancias do Trabalhador iniciam a semana com 21,1 mil vagas com carteira assinada - Jornal<\/title>\n<meta name=\"description\" content=\"Ag\u00eancias do Trabalhador iniciam a semana com 21,1 mil vagas com carteira assinada\" \/>\n<meta name=\"robots\" content=\"index, follow, max-snippet:-1, max-image-preview:large, max-video-preview:-1\" \/>\n<link rel=\"canonical\" href=\"https:\/\/jornalboasnoticias.com.br\/home\/agencias-do-trabalhador-iniciam-a-semana-com-211-mil-vagas-com-carteira-assinada\/\" \/>\n<meta property=\"og:locale\" content=\"pt_BR\" \/>\n<meta property=\"og:type\" content=\"article\" \/>\n<meta property=\"og:title\" content=\"Ag\u00eancias do Trabalhador iniciam a semana com 21,1 mil vagas com carteira assinada - Jornal\" \/>\n<meta property=\"og:description\" content=\"Ag\u00eancias do Trabalhador iniciam a semana com 21,1 mil vagas com carteira assinada\" \/>\n<meta property=\"og:url\" content=\"https:\/\/jornalboasnoticias.com.br\/home\/agencias-do-trabalhador-iniciam-a-semana-com-211-mil-vagas-com-carteira-assinada\/\" \/>\n<meta property=\"og:site_name\" content=\"Jornal\" \/>\n<meta property=\"article:publisher\" content=\"https:\/\/www.facebook.com\/boasnoticiasjornal\" \/>\n<meta property=\"article:published_time\" content=\"2024-11-18T17:22:38+00:00\" \/>\n<meta property=\"og:image\" content=\"https:\/\/jornalboasnoticias.com.br\/home\/wp-content\/uploads\/2024\/11\/20240916_agb_agencia_trabalhador_-3_0-scaled.jpg\" \/>\n\t<meta property=\"og:image:width\" content=\"2560\" \/>\n\t<meta property=\"og:image:height\" content=\"1707\" \/>\n\t<meta property=\"og:image:type\" content=\"image\/jpeg\" \/>\n<meta name=\"author\" content=\"Ana Luiza Bonatto\" \/>\n<meta name=\"twitter:card\" content=\"summary_large_image\" \/>\n<meta name=\"twitter:label1\" content=\"Escrito por\" \/>\n\t<meta name=\"twitter:data1\" content=\"Ana Luiza Bonatto\" \/>\n\t<meta name=\"twitter:label2\" content=\"Est. tempo de leitura\" \/>\n\t<meta name=\"twitter:data2\" content=\"3 minutos\" \/>\n<script type=\"application\/ld+json\" class=\"yoast-schema-graph\">{\"@context\":\"https:\\\/\\\/schema.org\",\"@graph\":[{\"@type\":\"Article\",\"@id\":\"https:\\\/\\\/jornalboasnoticias.com.br\\\/home\\\/agencias-do-trabalhador-iniciam-a-semana-com-211-mil-vagas-com-carteira-assinada\\\/#article\",\"isPartOf\":{\"@id\":\"https:\\\/\\\/jornalboasnoticias.com.br\\\/home\\\/agencias-do-trabalhador-iniciam-a-semana-com-211-mil-vagas-com-carteira-assinada\\\/\"},\"author\":{\"name\":\"Ana Luiza Bonatto\",\"@id\":\"https:\\\/\\\/jornalboasnoticias.com.br\\\/home\\\/#\\\/schema\\\/person\\\/d641193e0afc6405b390164dac847971\"},\"headline\":\"Ag\u00eancias do Trabalhador iniciam a semana com 21,1 mil vagas com carteira assinada\",\"datePublished\":\"2024-11-18T17:22:38+00:00\",\"mainEntityOfPage\":{\"@id\":\"https:\\\/\\\/jornalboasnoticias.com.br\\\/home\\\/agencias-do-trabalhador-iniciam-a-semana-com-211-mil-vagas-com-carteira-assinada\\\/\"},\"wordCount\":463,\"commentCount\":0,\"publisher\":{\"@id\":\"https:\\\/\\\/jornalboasnoticias.com.br\\\/home\\\/#organization\"},\"image\":{\"@id\":\"https:\\\/\\\/jornalboasnoticias.com.br\\\/home\\\/agencias-do-trabalhador-iniciam-a-semana-com-211-mil-vagas-com-carteira-assinada\\\/#primaryimage\"},\"thumbnailUrl\":\"https:\\\/\\\/jornalboasnoticias.com.br\\\/home\\\/wp-content\\\/uploads\\\/2024\\\/11\\\/20240916_agb_agencia_trabalhador_-3_0-scaled.jpg\",\"articleSection\":[\"DESTAQUE\",\"PARAN\u00c1\"],\"inLanguage\":\"pt-BR\",\"potentialAction\":[{\"@type\":\"CommentAction\",\"name\":\"Comment\",\"target\":[\"https:\\\/\\\/jornalboasnoticias.com.br\\\/home\\\/agencias-do-trabalhador-iniciam-a-semana-com-211-mil-vagas-com-carteira-assinada\\\/#respond\"]}]},{\"@type\":\"WebPage\",\"@id\":\"https:\\\/\\\/jornalboasnoticias.com.br\\\/home\\\/agencias-do-trabalhador-iniciam-a-semana-com-211-mil-vagas-com-carteira-assinada\\\/\",\"url\":\"https:\\\/\\\/jornalboasnoticias.com.br\\\/home\\\/agencias-do-trabalhador-iniciam-a-semana-com-211-mil-vagas-com-carteira-assinada\\\/\",\"name\":\"Ag\u00eancias do Trabalhador iniciam a semana com 21,1 mil vagas com carteira assinada - Jornal\",\"isPartOf\":{\"@id\":\"https:\\\/\\\/jornalboasnoticias.com.br\\\/home\\\/#website\"},\"primaryImageOfPage\":{\"@id\":\"https:\\\/\\\/jornalboasnoticias.com.br\\\/home\\\/agencias-do-trabalhador-iniciam-a-semana-com-211-mil-vagas-com-carteira-assinada\\\/#primaryimage\"},\"image\":{\"@id\":\"https:\\\/\\\/jornalboasnoticias.com.br\\\/home\\\/agencias-do-trabalhador-iniciam-a-semana-com-211-mil-vagas-com-carteira-assinada\\\/#primaryimage\"},\"thumbnailUrl\":\"https:\\\/\\\/jornalboasnoticias.com.br\\\/home\\\/wp-content\\\/uploads\\\/2024\\\/11\\\/20240916_agb_agencia_trabalhador_-3_0-scaled.jpg\",\"datePublished\":\"2024-11-18T17:22:38+00:00\",\"description\":\"Ag\u00eancias do Trabalhador iniciam a semana com 21,1 mil vagas com carteira assinada\",\"breadcrumb\":{\"@id\":\"https:\\\/\\\/jornalboasnoticias.com.br\\\/home\\\/agencias-do-trabalhador-iniciam-a-semana-com-211-mil-vagas-com-carteira-assinada\\\/#breadcrumb\"},\"inLanguage\":\"pt-BR\",\"potentialAction\":[{\"@type\":\"ReadAction\",\"target\":[\"https:\\\/\\\/jornalboasnoticias.com.br\\\/home\\\/agencias-do-trabalhador-iniciam-a-semana-com-211-mil-vagas-com-carteira-assinada\\\/\"]}]},{\"@type\":\"ImageObject\",\"inLanguage\":\"pt-BR\",\"@id\":\"https:\\\/\\\/jornalboasnoticias.com.br\\\/home\\\/agencias-do-trabalhador-iniciam-a-semana-com-211-mil-vagas-com-carteira-assinada\\\/#primaryimage\",\"url\":\"https:\\\/\\\/jornalboasnoticias.com.br\\\/home\\\/wp-content\\\/uploads\\\/2024\\\/11\\\/20240916_agb_agencia_trabalhador_-3_0-scaled.jpg\",\"contentUrl\":\"https:\\\/\\\/jornalboasnoticias.com.br\\\/home\\\/wp-content\\\/uploads\\\/2024\\\/11\\\/20240916_agb_agencia_trabalhador_-3_0-scaled.jpg\",\"width\":2560,\"height\":1707,\"caption\":\"Foto: Geraldo Bubniak\\\/AEN\"},{\"@type\":\"BreadcrumbList\",\"@id\":\"https:\\\/\\\/jornalboasnoticias.com.br\\\/home\\\/agencias-do-trabalhador-iniciam-a-semana-com-211-mil-vagas-com-carteira-assinada\\\/#breadcrumb\",\"itemListElement\":[{\"@type\":\"ListItem\",\"position\":1,\"name\":\"In\u00edcio\",\"item\":\"https:\\\/\\\/jornalboasnoticias.com.br\\\/home\\\/\"},{\"@type\":\"ListItem\",\"position\":2,\"name\":\"Ag\u00eancias do Trabalhador iniciam a semana com 21,1 mil vagas com carteira assinada\"}]},{\"@type\":\"WebSite\",\"@id\":\"https:\\\/\\\/jornalboasnoticias.com.br\\\/home\\\/#website\",\"url\":\"https:\\\/\\\/jornalboasnoticias.com.br\\\/home\\\/\",\"name\":\"Jornal Boas Not\u00edcias\",\"description\":\"Boas not\u00edcias\",\"publisher\":{\"@id\":\"https:\\\/\\\/jornalboasnoticias.com.br\\\/home\\\/#organization\"},\"potentialAction\":[{\"@type\":\"SearchAction\",\"target\":{\"@type\":\"EntryPoint\",\"urlTemplate\":\"https:\\\/\\\/jornalboasnoticias.com.br\\\/home\\\/?s={search_term_string}\"},\"query-input\":{\"@type\":\"PropertyValueSpecification\",\"valueRequired\":true,\"valueName\":\"search_term_string\"}}],\"inLanguage\":\"pt-BR\"},{\"@type\":\"Organization\",\"@id\":\"https:\\\/\\\/jornalboasnoticias.com.br\\\/home\\\/#organization\",\"name\":\"Coq Editora Ltda\",\"alternateName\":\"Jornal Boas Noticias\",\"url\":\"https:\\\/\\\/jornalboasnoticias.com.br\\\/home\\\/\",\"logo\":{\"@type\":\"ImageObject\",\"inLanguage\":\"pt-BR\",\"@id\":\"https:\\\/\\\/jornalboasnoticias.com.br\\\/home\\\/#\\\/schema\\\/logo\\\/image\\\/\",\"url\":\"https:\\\/\\\/jornalboasnoticias.com.br\\\/home\\\/wp-content\\\/uploads\\\/2024\\\/07\\\/cropped-logo.jpg\",\"contentUrl\":\"https:\\\/\\\/jornalboasnoticias.com.br\\\/home\\\/wp-content\\\/uploads\\\/2024\\\/07\\\/cropped-logo.jpg\",\"width\":290,\"height\":142,\"caption\":\"Coq Editora Ltda\"},\"image\":{\"@id\":\"https:\\\/\\\/jornalboasnoticias.com.br\\\/home\\\/#\\\/schema\\\/logo\\\/image\\\/\"},\"sameAs\":[\"https:\\\/\\\/www.facebook.com\\\/boasnoticiasjornal\"]},{\"@type\":\"Person\",\"@id\":\"https:\\\/\\\/jornalboasnoticias.com.br\\\/home\\\/#\\\/schema\\\/person\\\/d641193e0afc6405b390164dac847971\",\"name\":\"Ana Luiza Bonatto\",\"image\":{\"@type\":\"ImageObject\",\"inLanguage\":\"pt-BR\",\"@id\":\"https:\\\/\\\/secure.gravatar.com\\\/avatar\\\/8a055ebe6373371f67ac6fcf313c0ac0b0a91157fdcdb9514fa62927373348f0?s=96&d=mm&r=g\",\"url\":\"https:\\\/\\\/secure.gravatar.com\\\/avatar\\\/8a055ebe6373371f67ac6fcf313c0ac0b0a91157fdcdb9514fa62927373348f0?s=96&d=mm&r=g\",\"contentUrl\":\"https:\\\/\\\/secure.gravatar.com\\\/avatar\\\/8a055ebe6373371f67ac6fcf313c0ac0b0a91157fdcdb9514fa62927373348f0?s=96&d=mm&r=g\",\"caption\":\"Ana Luiza Bonatto\"},\"url\":\"https:\\\/\\\/jornalboasnoticias.com.br\\\/home\\\/author\\\/ana-luiza\\\/\"}]}<\/script>\n<!-- \/ Yoast SEO plugin. -->","yoast_head_json":{"title":"Ag\u00eancias do Trabalhador iniciam a semana com 21,1 mil vagas com carteira assinada - Jornal","description":"Ag\u00eancias do Trabalhador iniciam a semana com 21,1 mil vagas com carteira assinada","robots":{"index":"index","follow":"follow","max-snippet":"max-snippet:-1","max-image-preview":"max-image-preview:large","max-video-preview":"max-video-preview:-1"},"canonical":"https:\/\/jornalboasnoticias.com.br\/home\/agencias-do-trabalhador-iniciam-a-semana-com-211-mil-vagas-com-carteira-assinada\/","og_locale":"pt_BR","og_type":"article","og_title":"Ag\u00eancias do Trabalhador iniciam a semana com 21,1 mil vagas com carteira assinada - Jornal","og_description":"Ag\u00eancias do Trabalhador iniciam a semana com 21,1 mil vagas com carteira assinada","og_url":"https:\/\/jornalboasnoticias.com.br\/home\/agencias-do-trabalhador-iniciam-a-semana-com-211-mil-vagas-com-carteira-assinada\/","og_site_name":"Jornal","article_publisher":"https:\/\/www.facebook.com\/boasnoticiasjornal","article_published_time":"2024-11-18T17:22:38+00:00","og_image":[{"width":2560,"height":1707,"url":"https:\/\/jornalboasnoticias.com.br\/home\/wp-content\/uploads\/2024\/11\/20240916_agb_agencia_trabalhador_-3_0-scaled.jpg","type":"image\/jpeg"}],"author":"Ana Luiza Bonatto","twitter_card":"summary_large_image","twitter_misc":{"Escrito por":"Ana Luiza Bonatto","Est. tempo de leitura":"3 minutos"},"schema":{"@context":"https:\/\/schema.org","@graph":[{"@type":"Article","@id":"https:\/\/jornalboasnoticias.com.br\/home\/agencias-do-trabalhador-iniciam-a-semana-com-211-mil-vagas-com-carteira-assinada\/#article","isPartOf":{"@id":"https:\/\/jornalboasnoticias.com.br\/home\/agencias-do-trabalhador-iniciam-a-semana-com-211-mil-vagas-com-carteira-assinada\/"},"author":{"name":"Ana Luiza Bonatto","@id":"https:\/\/jornalboasnoticias.com.br\/home\/#\/schema\/person\/d641193e0afc6405b390164dac847971"},"headline":"Ag\u00eancias do Trabalhador iniciam a semana com 21,1 mil vagas com carteira assinada","datePublished":"2024-11-18T17:22:38+00:00","mainEntityOfPage":{"@id":"https:\/\/jornalboasnoticias.com.br\/home\/agencias-do-trabalhador-iniciam-a-semana-com-211-mil-vagas-com-carteira-assinada\/"},"wordCount":463,"commentCount":0,"publisher":{"@id":"https:\/\/jornalboasnoticias.com.br\/home\/#organization"},"image":{"@id":"https:\/\/jornalboasnoticias.com.br\/home\/agencias-do-trabalhador-iniciam-a-semana-com-211-mil-vagas-com-carteira-assinada\/#primaryimage"},"thumbnailUrl":"https:\/\/jornalboasnoticias.com.br\/home\/wp-content\/uploads\/2024\/11\/20240916_agb_agencia_trabalhador_-3_0-scaled.jpg","articleSection":["DESTAQUE","PARAN\u00c1"],"inLanguage":"pt-BR","potentialAction":[{"@type":"CommentAction","name":"Comment","target":["https:\/\/jornalboasnoticias.com.br\/home\/agencias-do-trabalhador-iniciam-a-semana-com-211-mil-vagas-com-carteira-assinada\/#respond"]}]},{"@type":"WebPage","@id":"https:\/\/jornalboasnoticias.com.br\/home\/agencias-do-trabalhador-iniciam-a-semana-com-211-mil-vagas-com-carteira-assinada\/","url":"https:\/\/jornalboasnoticias.com.br\/home\/agencias-do-trabalhador-iniciam-a-semana-com-211-mil-vagas-com-carteira-assinada\/","name":"Ag\u00eancias do Trabalhador iniciam a semana com 21,1 mil vagas com carteira assinada - Jornal","isPartOf":{"@id":"https:\/\/jornalboasnoticias.com.br\/home\/#website"},"primaryImageOfPage":{"@id":"https:\/\/jornalboasnoticias.com.br\/home\/agencias-do-trabalhador-iniciam-a-semana-com-211-mil-vagas-com-carteira-assinada\/#primaryimage"},"image":{"@id":"https:\/\/jornalboasnoticias.com.br\/home\/agencias-do-trabalhador-iniciam-a-semana-com-211-mil-vagas-com-carteira-assinada\/#primaryimage"},"thumbnailUrl":"https:\/\/jornalboasnoticias.com.br\/home\/wp-content\/uploads\/2024\/11\/20240916_agb_agencia_trabalhador_-3_0-scaled.jpg","datePublished":"2024-11-18T17:22:38+00:00","description":"Ag\u00eancias do Trabalhador iniciam a semana com 21,1 mil vagas com carteira assinada","breadcrumb":{"@id":"https:\/\/jornalboasnoticias.com.br\/home\/agencias-do-trabalhador-iniciam-a-semana-com-211-mil-vagas-com-carteira-assinada\/#breadcrumb"},"inLanguage":"pt-BR","potentialAction":[{"@type":"ReadAction","target":["https:\/\/jornalboasnoticias.com.br\/home\/agencias-do-trabalhador-iniciam-a-semana-com-211-mil-vagas-com-carteira-assinada\/"]}]},{"@type":"ImageObject","inLanguage":"pt-BR","@id":"https:\/\/jornalboasnoticias.com.br\/home\/agencias-do-trabalhador-iniciam-a-semana-com-211-mil-vagas-com-carteira-assinada\/#primaryimage","url":"https:\/\/jornalboasnoticias.com.br\/home\/wp-content\/uploads\/2024\/11\/20240916_agb_agencia_trabalhador_-3_0-scaled.jpg","contentUrl":"https:\/\/jornalboasnoticias.com.br\/home\/wp-content\/uploads\/2024\/11\/20240916_agb_agencia_trabalhador_-3_0-scaled.jpg","width":2560,"height":1707,"caption":"Foto: Geraldo Bubniak\/AEN"},{"@type":"BreadcrumbList","@id":"https:\/\/jornalboasnoticias.com.br\/home\/agencias-do-trabalhador-iniciam-a-semana-com-211-mil-vagas-com-carteira-assinada\/#breadcrumb","itemListElement":[{"@type":"ListItem","position":1,"name":"In\u00edcio","item":"https:\/\/jornalboasnoticias.com.br\/home\/"},{"@type":"ListItem","position":2,"name":"Ag\u00eancias do Trabalhador iniciam a semana com 21,1 mil vagas com carteira assinada"}]},{"@type":"WebSite","@id":"https:\/\/jornalboasnoticias.com.br\/home\/#website","url":"https:\/\/jornalboasnoticias.com.br\/home\/","name":"Jornal Boas Not\u00edcias","description":"Boas not\u00edcias","publisher":{"@id":"https:\/\/jornalboasnoticias.com.br\/home\/#organization"},"potentialAction":[{"@type":"SearchAction","target":{"@type":"EntryPoint","urlTemplate":"https:\/\/jornalboasnoticias.com.br\/home\/?s={search_term_string}"},"query-input":{"@type":"PropertyValueSpecification","valueRequired":true,"valueName":"search_term_string"}}],"inLanguage":"pt-BR"},{"@type":"Organization","@id":"https:\/\/jornalboasnoticias.com.br\/home\/#organization","name":"Coq Editora Ltda","alternateName":"Jornal Boas Noticias","url":"https:\/\/jornalboasnoticias.com.br\/home\/","logo":{"@type":"ImageObject","inLanguage":"pt-BR","@id":"https:\/\/jornalboasnoticias.com.br\/home\/#\/schema\/logo\/image\/","url":"https:\/\/jornalboasnoticias.com.br\/home\/wp-content\/uploads\/2024\/07\/cropped-logo.jpg","contentUrl":"https:\/\/jornalboasnoticias.com.br\/home\/wp-content\/uploads\/2024\/07\/cropped-logo.jpg","width":290,"height":142,"caption":"Coq Editora Ltda"},"image":{"@id":"https:\/\/jornalboasnoticias.com.br\/home\/#\/schema\/logo\/image\/"},"sameAs":["https:\/\/www.facebook.com\/boasnoticiasjornal"]},{"@type":"Person","@id":"https:\/\/jornalboasnoticias.com.br\/home\/#\/schema\/person\/d641193e0afc6405b390164dac847971","name":"Ana Luiza Bonatto","image":{"@type":"ImageObject","inLanguage":"pt-BR","@id":"https:\/\/secure.gravatar.com\/avatar\/8a055ebe6373371f67ac6fcf313c0ac0b0a91157fdcdb9514fa62927373348f0?s=96&d=mm&r=g","url":"https:\/\/secure.gravatar.com\/avatar\/8a055ebe6373371f67ac6fcf313c0ac0b0a91157fdcdb9514fa62927373348f0?s=96&d=mm&r=g","contentUrl":"https:\/\/secure.gravatar.com\/avatar\/8a055ebe6373371f67ac6fcf313c0ac0b0a91157fdcdb9514fa62927373348f0?s=96&d=mm&r=g","caption":"Ana Luiza Bonatto"},"url":"https:\/\/jornalboasnoticias.com.br\/home\/author\/ana-luiza\/"}]}},"_links":{"self":[{"href":"https:\/\/jornalboasnoticias.com.br\/home\/wp-json\/wp\/v2\/posts\/45333","targetHints":{"allow":["GET"]}}],"collection":[{"href":"https:\/\/jornalboasnoticias.com.br\/home\/wp-json\/wp\/v2\/posts"}],"about":[{"href":"https:\/\/jornalboasnoticias.com.br\/home\/wp-json\/wp\/v2\/types\/post"}],"author":[{"embeddable":true,"href":"https:\/\/jornalboasnoticias.com.br\/home\/wp-json\/wp\/v2\/users\/4"}],"replies":[{"embeddable":true,"href":"https:\/\/jornalboasnoticias.com.br\/home\/wp-json\/wp\/v2\/comments?post=45333"}],"version-history":[{"count":1,"href":"https:\/\/jornalboasnoticias.com.br\/home\/wp-json\/wp\/v2\/posts\/45333\/revisions"}],"predecessor-version":[{"id":45335,"href":"https:\/\/jornalboasnoticias.com.br\/home\/wp-json\/wp\/v2\/posts\/45333\/revisions\/45335"}],"wp:featuredmedia":[{"embeddable":true,"href":"https:\/\/jornalboasnoticias.com.br\/home\/wp-json\/wp\/v2\/media\/45334"}],"wp:attachment":[{"href":"https:\/\/jornalboasnoticias.com.br\/home\/wp-json\/wp\/v2\/media?parent=45333"}],"wp:term":[{"taxonomy":"category","embeddable":true,"href":"https:\/\/jornalboasnoticias.com.br\/home\/wp-json\/wp\/v2\/categories?post=45333"},{"taxonomy":"post_tag","embeddable":true,"href":"https:\/\/jornalboasnoticias.com.br\/home\/wp-json\/wp\/v2\/tags?post=45333"}],"curies":[{"name":"wp","href":"https:\/\/api.w.org\/{rel}","templated":true}]}}