{"id":45330,"date":"2024-11-18T17:21:14","date_gmt":"2024-11-18T17:21:14","guid":{"rendered":"https:\/\/jornalboasnoticias.com.br\/home\/?p=45330"},"modified":"2024-11-18T17:21:14","modified_gmt":"2024-11-18T17:21:14","slug":"merendeiras-do-parana-tem-aula-com-manu-buffara-uma-das-melhores-chefs-do-mundo","status":"publish","type":"post","link":"https:\/\/jornalboasnoticias.com.br\/home\/merendeiras-do-parana-tem-aula-com-manu-buffara-uma-das-melhores-chefs-do-mundo\/","title":{"rendered":"Merendeiras do Paran\u00e1 t\u00eam aula com Manu Buffara, uma das melhores chefs do mundo"},"content":{"rendered":"<div class=\"not-escopo-destaque\">\n<div>\n<figure id=\"attachment_45331\" aria-describedby=\"caption-attachment-45331\" style=\"width: 2560px\" class=\"wp-caption alignnone\"><img loading=\"lazy\" decoding=\"async\" class=\"size-full wp-image-45331\" src=\"https:\/\/jornalboasnoticias.com.br\/home\/wp-content\/uploads\/2024\/11\/20241118_agb_concurso_merenda-20-scaled.jpg\" alt=\"\" width=\"2560\" height=\"1707\" srcset=\"https:\/\/jornalboasnoticias.com.br\/home\/wp-content\/uploads\/2024\/11\/20241118_agb_concurso_merenda-20-scaled.jpg 2560w, https:\/\/jornalboasnoticias.com.br\/home\/wp-content\/uploads\/2024\/11\/20241118_agb_concurso_merenda-20-300x200.jpg 300w, https:\/\/jornalboasnoticias.com.br\/home\/wp-content\/uploads\/2024\/11\/20241118_agb_concurso_merenda-20-1024x683.jpg 1024w, https:\/\/jornalboasnoticias.com.br\/home\/wp-content\/uploads\/2024\/11\/20241118_agb_concurso_merenda-20-768x512.jpg 768w, https:\/\/jornalboasnoticias.com.br\/home\/wp-content\/uploads\/2024\/11\/20241118_agb_concurso_merenda-20-1536x1024.jpg 1536w, https:\/\/jornalboasnoticias.com.br\/home\/wp-content\/uploads\/2024\/11\/20241118_agb_concurso_merenda-20-2048x1365.jpg 2048w, https:\/\/jornalboasnoticias.com.br\/home\/wp-content\/uploads\/2024\/11\/20241118_agb_concurso_merenda-20-900x600.jpg 900w\" sizes=\"auto, (max-width: 2560px) 100vw, 2560px\" \/><figcaption id=\"caption-attachment-45331\" class=\"wp-caption-text\">Foto: Geraldo Bubniak\/AEN<\/figcaption><\/figure>\n<\/div>\n<\/div>\n<blockquote>\n<div class=\"not-escopo-destaque\">\n<div class=\"field field--name-field-escopo-destaque field--type-string-long field--label-hidden field--item\">A manh\u00e3 desta segunda-feira (18) foi diferente para as 32 merendeiras finalistas do pr\u00eamio que vai eleger a melhor merenda do Paran\u00e1. Elas participaram de uma aula inesquec\u00edvel com a chef Manu Buffara, reconhecida como uma das melhores chefs do mundo em 2024.<\/div>\n<\/div>\n<\/blockquote>\n<div>\n<p>A manh\u00e3 desta segunda-feira (18) foi diferente para as 32 merendeiras finalistas do pr\u00eamio que vai eleger a melhor merenda do Paran\u00e1. Elas participaram de uma aula inesquec\u00edvel com a chef Manu Buffara, reconhecida como\u00a0uma das melhores chefs do mundo em 2024. Ela conduziu uma oficina pr\u00e1tica destinada aos finalistas, compartilhando t\u00e9cnicas, hist\u00f3rias e sua paix\u00e3o pela valoriza\u00e7\u00e3o da gastronomia local, no Senac.<\/p>\n<p>Manu nasceu em Maring\u00e1, tem p\u00e9 vermelho e compartilhou suas viv\u00eancias na cozinha. Ela tamb\u00e9m falou sobre sustentabilidade e deu dicas de receitas com produtos dispon\u00edveis nas escolas, a maioria deles da agricultura familiar. Ela fez omelete de macarr\u00e3o, massa de br\u00f3colis com farinha sem ovos e macarr\u00e3o de forno, tudo em primeira m\u00e3o para as servidoras que est\u00e3o todos os dias trabalhando na alimenta\u00e7\u00e3o de milhares de crian\u00e7as.<\/p>\n<p>\u201cQuando a gente fala em merenda e em crian\u00e7a est\u00e1 pensando no futuro da rela\u00e7\u00e3o delas com a comida e at\u00e9 mesmo no n\u00facleo familiar, j\u00e1 que a crian\u00e7a chega em casa e comenta o que experimentou na escola. As receitas que conheci aqui me trouxeram muitas ideias para outros pratos\u201d, destacou Manu, que recentemente recebeu o \u201cselo tr\u00eas facas\u201d, do The Best Chef Awards, que reconhece os chefs internacionais de maior maestria.<\/p>\n<p>Ela tamb\u00e9m falou sobre ser jurada da premia\u00e7\u00e3o do Governo do Paran\u00e1.\u00a0\u201cMe senti muito honrada em fazer parte dessa iniciativa. Os estudantes paranaenses est\u00e3o em boas m\u00e3os. As receitas mostram como a alimenta\u00e7\u00e3o escolar \u00e9 incr\u00edvel, n\u00e3o s\u00f3 na parte nutricional, mas tamb\u00e9m na criatividade e no tempero. Fiquei impressionada\u201d, disse.<\/p>\n<p>Segundo ela, ser jurada da premia\u00e7\u00e3o proporcionou uma verdadeira viagem por todo o Estado. As finalistas chegaram nesse momento com pratos salgados (feij\u00e3o tropeiro, feijoada poveira, maionese de batata doce, til\u00e1pia crocante, Escondidinho Paran\u00e1 e strogonoff de peixe) e doces (torta de ma\u00e7\u00e3, strudel de ma\u00e7\u00e3, bolo de banana, bolo doce de feij\u00e3o preto).<\/p>\n<p>\u201cAs receitas trouxeram um pouco da cultura, das hist\u00f3rias de imigra\u00e7\u00e3o, da nutri\u00e7\u00e3o e da criatividade. Foi muito legal fazer essa viagem pelo estado inteiro. Como paranaense, fiquei orgulhosa de todas as receitas e merendeiras\u201d, celebrou.<\/p>\n<p>A aula com uma das melhores chefs do mundo agora vai inspirar o dia a dia do refeit\u00f3rio do Col\u00e9gio Estadual Princesa Isabel, em Pai\u00e7andu. Para Vera Lucia Conde, merendeira h\u00e1 tr\u00eas d\u00e9cadas na cidade, a aula da chef Manu Buffara foi transformadora.<\/p>\n<p>\u201cNunca imaginei que estaria em Curitiba com uma grande chef que conhece uma receita minha. Para mim, \u00e9 uma supera\u00e7\u00e3o. Cozinhar \u00e9 um dom de Deus, e cozinhar para os nossos alunos \u00e9 um orgulho. A aula foi nota mil e, com certeza, farei as receitas na escola\u201d, contou. Para a premia\u00e7\u00e3o, Vera inscreveu a receita \u201cTorta Fria da Princesa\u201d, feita com legumes oriundos da agricultura familiar, frango e p\u00e3o.<\/p>\n<p>J\u00e1 Adilson Rodrigues Neckel, merendeiro de Guarapuava e \u00fanico homem entre os finalistas, aproveitou a aula para aperfei\u00e7oar as t\u00e9cnicas que j\u00e1 aplica no Col\u00e9gio Estadual Rui Barbosa. \u201cEstar com a Manu Buffara \u00e9 uma oportunidade de aprendizado. Estar junto de outros cozinheiros sempre \u00e9 um momento de aprender, ainda mais quando se cozinha com amor, algo que todos n\u00f3s temos aqui\u201d, afirmou.<\/p>\n<p>O sentimento \u00e9 compartilhado por V\u00e2ngela de Jesus Santos, do Centro Estadual de Educa\u00e7\u00e3o B\u00e1sica para Jovens e Adultos de Paranagu\u00e1. A cozinheira inscreveu a receita de Feijoada Poveira na premia\u00e7\u00e3o. \u201cCozinhar n\u00e3o \u00e9 apenas cozinhar. Na nossa escola, \u00e9 um ato de inclus\u00e3o, e eu vou sempre dar o meu melhor. Normalmente, n\u00e3o sou tiete, sabe? Mas ver a chef se movimentando, a grandeza dela, foi impressionante\u201d, disse.<\/p>\n<div class=\"row\">\n<div class=\"col-sm-8 col-md-offset-1 bloco-central\">\n<article class=\"node node--type-noticia node--promoted node--view-mode-full clearfix\" role=\"article\" data-history-node-id=\"70014\">\n<div class=\"node__content clearfix\">\n<div class=\"field field--name-field-texto field--type-text-long field--label-hidden field--item\">\n<p><strong>PR\u00caMIO\u00a0<\/strong>\u2013 O concurso, promovido pela Secretaria de Estado da Educa\u00e7\u00e3o (Seed) em parceria com o Fundepar, tem como objetivo n\u00e3o apenas premiar, mas tamb\u00e9m valorizar o trabalho dos merendeiros e incentivar a sustentabilidade, a criatividade e o uso de ingredientes da agricultura familiar nos card\u00e1pios escolares.<\/p>\n<p>Segundo a diretora-presidente do Fundepar, Eliane Teruel Carmona, mais de um milh\u00e3o de refei\u00e7\u00f5es s\u00e3o servidas diariamente nas escolas paranaenses. \u201cGrande parte da alimenta\u00e7\u00e3o escolar \u00e9 formada por alimentos da agricultura familiar. O card\u00e1pio \u00e9 farto em legumes, frutas, verduras, arroz, feij\u00e3o, alimentos org\u00e2nicos e prote\u00ednas. Ao servir tr\u00eas refei\u00e7\u00f5es por turno, percebemos uma melhora direta no aprendizado dos alunos, tanto que o Paran\u00e1 segue com a melhor educa\u00e7\u00e3o do Pa\u00eds\u201d, ressaltou.<\/p>\n<p>As receitas vencedoras, selecionadas com base em crit\u00e9rios como tradi\u00e7\u00e3o, regionalidade, sustentabilidade e criatividade, ser\u00e3o publicadas em um livro especial assinado por Manu Buffara, garantindo que o legado dessa iniciativa ultrapasse as cozinhas escolares e inspire outros profissionais do setor.<\/p>\n<p><strong>RESULTADO\u00a0<\/strong>\u2013 Ainda nesta segunda-feira ser\u00e3o reveladas as tr\u00eas melhores merendas do Estado em uma cerim\u00f4nia no Pal\u00e1cio Igua\u00e7u. As cria\u00e7\u00f5es vencedoras passar\u00e3o a integrar os card\u00e1pios padronizados do Estado.<\/p>\n<\/div>\n<\/div>\n<\/article>\n<\/div>\n<\/div>\n<p>(AEN)<\/p>\n<\/div>\n","protected":false},"excerpt":{"rendered":"<p>A manh\u00e3 desta segunda-feira (18) foi diferente para as 32 merendeiras finalistas do pr\u00eamio que<\/p>\n","protected":false},"author":4,"featured_media":45331,"comment_status":"open","ping_status":"open","sticky":false,"template":"","format":"standard","meta":{"footnotes":""},"categories":[3,4],"tags":[],"class_list":["post-45330","post","type-post","status-publish","format-standard","has-post-thumbnail","hentry","category-destaques","category-parana"],"yoast_head":"<!-- This site is optimized with the Yoast SEO plugin v27.5 - https:\/\/yoast.com\/product\/yoast-seo-wordpress\/ -->\n<title>Merendeiras do Paran\u00e1 t\u00eam aula com Manu Buffara, uma das melhores chefs do mundo - Jornal<\/title>\n<meta name=\"description\" content=\"Merendeiras do Paran\u00e1 t\u00eam aula com Manu Buffara, uma das melhores chefs do mundo\" \/>\n<meta name=\"robots\" content=\"index, follow, max-snippet:-1, max-image-preview:large, max-video-preview:-1\" \/>\n<link rel=\"canonical\" href=\"https:\/\/jornalboasnoticias.com.br\/home\/merendeiras-do-parana-tem-aula-com-manu-buffara-uma-das-melhores-chefs-do-mundo\/\" \/>\n<meta property=\"og:locale\" content=\"pt_BR\" \/>\n<meta property=\"og:type\" content=\"article\" \/>\n<meta property=\"og:title\" content=\"Merendeiras do Paran\u00e1 t\u00eam aula com Manu Buffara, uma das melhores chefs do mundo - Jornal\" \/>\n<meta property=\"og:description\" content=\"Merendeiras do Paran\u00e1 t\u00eam aula com Manu Buffara, uma das melhores chefs do mundo\" \/>\n<meta property=\"og:url\" content=\"https:\/\/jornalboasnoticias.com.br\/home\/merendeiras-do-parana-tem-aula-com-manu-buffara-uma-das-melhores-chefs-do-mundo\/\" \/>\n<meta property=\"og:site_name\" content=\"Jornal\" \/>\n<meta property=\"article:publisher\" content=\"https:\/\/www.facebook.com\/boasnoticiasjornal\" \/>\n<meta property=\"article:published_time\" content=\"2024-11-18T17:21:14+00:00\" \/>\n<meta property=\"og:image\" content=\"https:\/\/jornalboasnoticias.com.br\/home\/wp-content\/uploads\/2024\/11\/20241118_agb_concurso_merenda-20-scaled.jpg\" \/>\n\t<meta property=\"og:image:width\" content=\"2560\" \/>\n\t<meta property=\"og:image:height\" content=\"1707\" \/>\n\t<meta property=\"og:image:type\" content=\"image\/jpeg\" \/>\n<meta name=\"author\" content=\"Ana Luiza Bonatto\" \/>\n<meta name=\"twitter:card\" content=\"summary_large_image\" \/>\n<meta name=\"twitter:label1\" content=\"Escrito por\" \/>\n\t<meta name=\"twitter:data1\" content=\"Ana Luiza Bonatto\" \/>\n\t<meta name=\"twitter:label2\" content=\"Est. tempo de leitura\" \/>\n\t<meta name=\"twitter:data2\" content=\"5 minutos\" \/>\n<script type=\"application\/ld+json\" class=\"yoast-schema-graph\">{\"@context\":\"https:\\\/\\\/schema.org\",\"@graph\":[{\"@type\":\"Article\",\"@id\":\"https:\\\/\\\/jornalboasnoticias.com.br\\\/home\\\/merendeiras-do-parana-tem-aula-com-manu-buffara-uma-das-melhores-chefs-do-mundo\\\/#article\",\"isPartOf\":{\"@id\":\"https:\\\/\\\/jornalboasnoticias.com.br\\\/home\\\/merendeiras-do-parana-tem-aula-com-manu-buffara-uma-das-melhores-chefs-do-mundo\\\/\"},\"author\":{\"name\":\"Ana Luiza Bonatto\",\"@id\":\"https:\\\/\\\/jornalboasnoticias.com.br\\\/home\\\/#\\\/schema\\\/person\\\/d641193e0afc6405b390164dac847971\"},\"headline\":\"Merendeiras do Paran\u00e1 t\u00eam aula com Manu Buffara, uma das melhores chefs do mundo\",\"datePublished\":\"2024-11-18T17:21:14+00:00\",\"mainEntityOfPage\":{\"@id\":\"https:\\\/\\\/jornalboasnoticias.com.br\\\/home\\\/merendeiras-do-parana-tem-aula-com-manu-buffara-uma-das-melhores-chefs-do-mundo\\\/\"},\"wordCount\":919,\"commentCount\":0,\"publisher\":{\"@id\":\"https:\\\/\\\/jornalboasnoticias.com.br\\\/home\\\/#organization\"},\"image\":{\"@id\":\"https:\\\/\\\/jornalboasnoticias.com.br\\\/home\\\/merendeiras-do-parana-tem-aula-com-manu-buffara-uma-das-melhores-chefs-do-mundo\\\/#primaryimage\"},\"thumbnailUrl\":\"https:\\\/\\\/jornalboasnoticias.com.br\\\/home\\\/wp-content\\\/uploads\\\/2024\\\/11\\\/20241118_agb_concurso_merenda-20-scaled.jpg\",\"articleSection\":[\"DESTAQUE\",\"PARAN\u00c1\"],\"inLanguage\":\"pt-BR\",\"potentialAction\":[{\"@type\":\"CommentAction\",\"name\":\"Comment\",\"target\":[\"https:\\\/\\\/jornalboasnoticias.com.br\\\/home\\\/merendeiras-do-parana-tem-aula-com-manu-buffara-uma-das-melhores-chefs-do-mundo\\\/#respond\"]}]},{\"@type\":\"WebPage\",\"@id\":\"https:\\\/\\\/jornalboasnoticias.com.br\\\/home\\\/merendeiras-do-parana-tem-aula-com-manu-buffara-uma-das-melhores-chefs-do-mundo\\\/\",\"url\":\"https:\\\/\\\/jornalboasnoticias.com.br\\\/home\\\/merendeiras-do-parana-tem-aula-com-manu-buffara-uma-das-melhores-chefs-do-mundo\\\/\",\"name\":\"Merendeiras do Paran\u00e1 t\u00eam aula com Manu Buffara, uma das melhores chefs do mundo - Jornal\",\"isPartOf\":{\"@id\":\"https:\\\/\\\/jornalboasnoticias.com.br\\\/home\\\/#website\"},\"primaryImageOfPage\":{\"@id\":\"https:\\\/\\\/jornalboasnoticias.com.br\\\/home\\\/merendeiras-do-parana-tem-aula-com-manu-buffara-uma-das-melhores-chefs-do-mundo\\\/#primaryimage\"},\"image\":{\"@id\":\"https:\\\/\\\/jornalboasnoticias.com.br\\\/home\\\/merendeiras-do-parana-tem-aula-com-manu-buffara-uma-das-melhores-chefs-do-mundo\\\/#primaryimage\"},\"thumbnailUrl\":\"https:\\\/\\\/jornalboasnoticias.com.br\\\/home\\\/wp-content\\\/uploads\\\/2024\\\/11\\\/20241118_agb_concurso_merenda-20-scaled.jpg\",\"datePublished\":\"2024-11-18T17:21:14+00:00\",\"description\":\"Merendeiras do Paran\u00e1 t\u00eam aula com Manu Buffara, uma das melhores chefs do mundo\",\"breadcrumb\":{\"@id\":\"https:\\\/\\\/jornalboasnoticias.com.br\\\/home\\\/merendeiras-do-parana-tem-aula-com-manu-buffara-uma-das-melhores-chefs-do-mundo\\\/#breadcrumb\"},\"inLanguage\":\"pt-BR\",\"potentialAction\":[{\"@type\":\"ReadAction\",\"target\":[\"https:\\\/\\\/jornalboasnoticias.com.br\\\/home\\\/merendeiras-do-parana-tem-aula-com-manu-buffara-uma-das-melhores-chefs-do-mundo\\\/\"]}]},{\"@type\":\"ImageObject\",\"inLanguage\":\"pt-BR\",\"@id\":\"https:\\\/\\\/jornalboasnoticias.com.br\\\/home\\\/merendeiras-do-parana-tem-aula-com-manu-buffara-uma-das-melhores-chefs-do-mundo\\\/#primaryimage\",\"url\":\"https:\\\/\\\/jornalboasnoticias.com.br\\\/home\\\/wp-content\\\/uploads\\\/2024\\\/11\\\/20241118_agb_concurso_merenda-20-scaled.jpg\",\"contentUrl\":\"https:\\\/\\\/jornalboasnoticias.com.br\\\/home\\\/wp-content\\\/uploads\\\/2024\\\/11\\\/20241118_agb_concurso_merenda-20-scaled.jpg\",\"width\":2560,\"height\":1707,\"caption\":\"Foto: Geraldo Bubniak\\\/AEN\"},{\"@type\":\"BreadcrumbList\",\"@id\":\"https:\\\/\\\/jornalboasnoticias.com.br\\\/home\\\/merendeiras-do-parana-tem-aula-com-manu-buffara-uma-das-melhores-chefs-do-mundo\\\/#breadcrumb\",\"itemListElement\":[{\"@type\":\"ListItem\",\"position\":1,\"name\":\"In\u00edcio\",\"item\":\"https:\\\/\\\/jornalboasnoticias.com.br\\\/home\\\/\"},{\"@type\":\"ListItem\",\"position\":2,\"name\":\"Merendeiras do Paran\u00e1 t\u00eam aula com Manu Buffara, uma das melhores chefs do mundo\"}]},{\"@type\":\"WebSite\",\"@id\":\"https:\\\/\\\/jornalboasnoticias.com.br\\\/home\\\/#website\",\"url\":\"https:\\\/\\\/jornalboasnoticias.com.br\\\/home\\\/\",\"name\":\"Jornal Boas Not\u00edcias\",\"description\":\"Boas not\u00edcias\",\"publisher\":{\"@id\":\"https:\\\/\\\/jornalboasnoticias.com.br\\\/home\\\/#organization\"},\"potentialAction\":[{\"@type\":\"SearchAction\",\"target\":{\"@type\":\"EntryPoint\",\"urlTemplate\":\"https:\\\/\\\/jornalboasnoticias.com.br\\\/home\\\/?s={search_term_string}\"},\"query-input\":{\"@type\":\"PropertyValueSpecification\",\"valueRequired\":true,\"valueName\":\"search_term_string\"}}],\"inLanguage\":\"pt-BR\"},{\"@type\":\"Organization\",\"@id\":\"https:\\\/\\\/jornalboasnoticias.com.br\\\/home\\\/#organization\",\"name\":\"Coq Editora Ltda\",\"alternateName\":\"Jornal Boas Noticias\",\"url\":\"https:\\\/\\\/jornalboasnoticias.com.br\\\/home\\\/\",\"logo\":{\"@type\":\"ImageObject\",\"inLanguage\":\"pt-BR\",\"@id\":\"https:\\\/\\\/jornalboasnoticias.com.br\\\/home\\\/#\\\/schema\\\/logo\\\/image\\\/\",\"url\":\"https:\\\/\\\/jornalboasnoticias.com.br\\\/home\\\/wp-content\\\/uploads\\\/2024\\\/07\\\/cropped-logo.jpg\",\"contentUrl\":\"https:\\\/\\\/jornalboasnoticias.com.br\\\/home\\\/wp-content\\\/uploads\\\/2024\\\/07\\\/cropped-logo.jpg\",\"width\":290,\"height\":142,\"caption\":\"Coq Editora Ltda\"},\"image\":{\"@id\":\"https:\\\/\\\/jornalboasnoticias.com.br\\\/home\\\/#\\\/schema\\\/logo\\\/image\\\/\"},\"sameAs\":[\"https:\\\/\\\/www.facebook.com\\\/boasnoticiasjornal\"]},{\"@type\":\"Person\",\"@id\":\"https:\\\/\\\/jornalboasnoticias.com.br\\\/home\\\/#\\\/schema\\\/person\\\/d641193e0afc6405b390164dac847971\",\"name\":\"Ana Luiza Bonatto\",\"image\":{\"@type\":\"ImageObject\",\"inLanguage\":\"pt-BR\",\"@id\":\"https:\\\/\\\/secure.gravatar.com\\\/avatar\\\/8a055ebe6373371f67ac6fcf313c0ac0b0a91157fdcdb9514fa62927373348f0?s=96&d=mm&r=g\",\"url\":\"https:\\\/\\\/secure.gravatar.com\\\/avatar\\\/8a055ebe6373371f67ac6fcf313c0ac0b0a91157fdcdb9514fa62927373348f0?s=96&d=mm&r=g\",\"contentUrl\":\"https:\\\/\\\/secure.gravatar.com\\\/avatar\\\/8a055ebe6373371f67ac6fcf313c0ac0b0a91157fdcdb9514fa62927373348f0?s=96&d=mm&r=g\",\"caption\":\"Ana Luiza Bonatto\"},\"url\":\"https:\\\/\\\/jornalboasnoticias.com.br\\\/home\\\/author\\\/ana-luiza\\\/\"}]}<\/script>\n<!-- \/ Yoast SEO plugin. -->","yoast_head_json":{"title":"Merendeiras do Paran\u00e1 t\u00eam aula com Manu Buffara, uma das melhores chefs do mundo - Jornal","description":"Merendeiras do Paran\u00e1 t\u00eam aula com Manu Buffara, uma das melhores chefs do mundo","robots":{"index":"index","follow":"follow","max-snippet":"max-snippet:-1","max-image-preview":"max-image-preview:large","max-video-preview":"max-video-preview:-1"},"canonical":"https:\/\/jornalboasnoticias.com.br\/home\/merendeiras-do-parana-tem-aula-com-manu-buffara-uma-das-melhores-chefs-do-mundo\/","og_locale":"pt_BR","og_type":"article","og_title":"Merendeiras do Paran\u00e1 t\u00eam aula com Manu Buffara, uma das melhores chefs do mundo - Jornal","og_description":"Merendeiras do Paran\u00e1 t\u00eam aula com Manu Buffara, uma das melhores chefs do mundo","og_url":"https:\/\/jornalboasnoticias.com.br\/home\/merendeiras-do-parana-tem-aula-com-manu-buffara-uma-das-melhores-chefs-do-mundo\/","og_site_name":"Jornal","article_publisher":"https:\/\/www.facebook.com\/boasnoticiasjornal","article_published_time":"2024-11-18T17:21:14+00:00","og_image":[{"width":2560,"height":1707,"url":"https:\/\/jornalboasnoticias.com.br\/home\/wp-content\/uploads\/2024\/11\/20241118_agb_concurso_merenda-20-scaled.jpg","type":"image\/jpeg"}],"author":"Ana Luiza Bonatto","twitter_card":"summary_large_image","twitter_misc":{"Escrito por":"Ana Luiza Bonatto","Est. tempo de leitura":"5 minutos"},"schema":{"@context":"https:\/\/schema.org","@graph":[{"@type":"Article","@id":"https:\/\/jornalboasnoticias.com.br\/home\/merendeiras-do-parana-tem-aula-com-manu-buffara-uma-das-melhores-chefs-do-mundo\/#article","isPartOf":{"@id":"https:\/\/jornalboasnoticias.com.br\/home\/merendeiras-do-parana-tem-aula-com-manu-buffara-uma-das-melhores-chefs-do-mundo\/"},"author":{"name":"Ana Luiza Bonatto","@id":"https:\/\/jornalboasnoticias.com.br\/home\/#\/schema\/person\/d641193e0afc6405b390164dac847971"},"headline":"Merendeiras do Paran\u00e1 t\u00eam aula com Manu Buffara, uma das melhores chefs do mundo","datePublished":"2024-11-18T17:21:14+00:00","mainEntityOfPage":{"@id":"https:\/\/jornalboasnoticias.com.br\/home\/merendeiras-do-parana-tem-aula-com-manu-buffara-uma-das-melhores-chefs-do-mundo\/"},"wordCount":919,"commentCount":0,"publisher":{"@id":"https:\/\/jornalboasnoticias.com.br\/home\/#organization"},"image":{"@id":"https:\/\/jornalboasnoticias.com.br\/home\/merendeiras-do-parana-tem-aula-com-manu-buffara-uma-das-melhores-chefs-do-mundo\/#primaryimage"},"thumbnailUrl":"https:\/\/jornalboasnoticias.com.br\/home\/wp-content\/uploads\/2024\/11\/20241118_agb_concurso_merenda-20-scaled.jpg","articleSection":["DESTAQUE","PARAN\u00c1"],"inLanguage":"pt-BR","potentialAction":[{"@type":"CommentAction","name":"Comment","target":["https:\/\/jornalboasnoticias.com.br\/home\/merendeiras-do-parana-tem-aula-com-manu-buffara-uma-das-melhores-chefs-do-mundo\/#respond"]}]},{"@type":"WebPage","@id":"https:\/\/jornalboasnoticias.com.br\/home\/merendeiras-do-parana-tem-aula-com-manu-buffara-uma-das-melhores-chefs-do-mundo\/","url":"https:\/\/jornalboasnoticias.com.br\/home\/merendeiras-do-parana-tem-aula-com-manu-buffara-uma-das-melhores-chefs-do-mundo\/","name":"Merendeiras do Paran\u00e1 t\u00eam aula com Manu Buffara, uma das melhores chefs do mundo - Jornal","isPartOf":{"@id":"https:\/\/jornalboasnoticias.com.br\/home\/#website"},"primaryImageOfPage":{"@id":"https:\/\/jornalboasnoticias.com.br\/home\/merendeiras-do-parana-tem-aula-com-manu-buffara-uma-das-melhores-chefs-do-mundo\/#primaryimage"},"image":{"@id":"https:\/\/jornalboasnoticias.com.br\/home\/merendeiras-do-parana-tem-aula-com-manu-buffara-uma-das-melhores-chefs-do-mundo\/#primaryimage"},"thumbnailUrl":"https:\/\/jornalboasnoticias.com.br\/home\/wp-content\/uploads\/2024\/11\/20241118_agb_concurso_merenda-20-scaled.jpg","datePublished":"2024-11-18T17:21:14+00:00","description":"Merendeiras do Paran\u00e1 t\u00eam aula com Manu Buffara, uma das melhores chefs do mundo","breadcrumb":{"@id":"https:\/\/jornalboasnoticias.com.br\/home\/merendeiras-do-parana-tem-aula-com-manu-buffara-uma-das-melhores-chefs-do-mundo\/#breadcrumb"},"inLanguage":"pt-BR","potentialAction":[{"@type":"ReadAction","target":["https:\/\/jornalboasnoticias.com.br\/home\/merendeiras-do-parana-tem-aula-com-manu-buffara-uma-das-melhores-chefs-do-mundo\/"]}]},{"@type":"ImageObject","inLanguage":"pt-BR","@id":"https:\/\/jornalboasnoticias.com.br\/home\/merendeiras-do-parana-tem-aula-com-manu-buffara-uma-das-melhores-chefs-do-mundo\/#primaryimage","url":"https:\/\/jornalboasnoticias.com.br\/home\/wp-content\/uploads\/2024\/11\/20241118_agb_concurso_merenda-20-scaled.jpg","contentUrl":"https:\/\/jornalboasnoticias.com.br\/home\/wp-content\/uploads\/2024\/11\/20241118_agb_concurso_merenda-20-scaled.jpg","width":2560,"height":1707,"caption":"Foto: Geraldo Bubniak\/AEN"},{"@type":"BreadcrumbList","@id":"https:\/\/jornalboasnoticias.com.br\/home\/merendeiras-do-parana-tem-aula-com-manu-buffara-uma-das-melhores-chefs-do-mundo\/#breadcrumb","itemListElement":[{"@type":"ListItem","position":1,"name":"In\u00edcio","item":"https:\/\/jornalboasnoticias.com.br\/home\/"},{"@type":"ListItem","position":2,"name":"Merendeiras do Paran\u00e1 t\u00eam aula com Manu Buffara, uma das melhores chefs do mundo"}]},{"@type":"WebSite","@id":"https:\/\/jornalboasnoticias.com.br\/home\/#website","url":"https:\/\/jornalboasnoticias.com.br\/home\/","name":"Jornal Boas Not\u00edcias","description":"Boas not\u00edcias","publisher":{"@id":"https:\/\/jornalboasnoticias.com.br\/home\/#organization"},"potentialAction":[{"@type":"SearchAction","target":{"@type":"EntryPoint","urlTemplate":"https:\/\/jornalboasnoticias.com.br\/home\/?s={search_term_string}"},"query-input":{"@type":"PropertyValueSpecification","valueRequired":true,"valueName":"search_term_string"}}],"inLanguage":"pt-BR"},{"@type":"Organization","@id":"https:\/\/jornalboasnoticias.com.br\/home\/#organization","name":"Coq Editora Ltda","alternateName":"Jornal Boas Noticias","url":"https:\/\/jornalboasnoticias.com.br\/home\/","logo":{"@type":"ImageObject","inLanguage":"pt-BR","@id":"https:\/\/jornalboasnoticias.com.br\/home\/#\/schema\/logo\/image\/","url":"https:\/\/jornalboasnoticias.com.br\/home\/wp-content\/uploads\/2024\/07\/cropped-logo.jpg","contentUrl":"https:\/\/jornalboasnoticias.com.br\/home\/wp-content\/uploads\/2024\/07\/cropped-logo.jpg","width":290,"height":142,"caption":"Coq Editora Ltda"},"image":{"@id":"https:\/\/jornalboasnoticias.com.br\/home\/#\/schema\/logo\/image\/"},"sameAs":["https:\/\/www.facebook.com\/boasnoticiasjornal"]},{"@type":"Person","@id":"https:\/\/jornalboasnoticias.com.br\/home\/#\/schema\/person\/d641193e0afc6405b390164dac847971","name":"Ana Luiza Bonatto","image":{"@type":"ImageObject","inLanguage":"pt-BR","@id":"https:\/\/secure.gravatar.com\/avatar\/8a055ebe6373371f67ac6fcf313c0ac0b0a91157fdcdb9514fa62927373348f0?s=96&d=mm&r=g","url":"https:\/\/secure.gravatar.com\/avatar\/8a055ebe6373371f67ac6fcf313c0ac0b0a91157fdcdb9514fa62927373348f0?s=96&d=mm&r=g","contentUrl":"https:\/\/secure.gravatar.com\/avatar\/8a055ebe6373371f67ac6fcf313c0ac0b0a91157fdcdb9514fa62927373348f0?s=96&d=mm&r=g","caption":"Ana Luiza Bonatto"},"url":"https:\/\/jornalboasnoticias.com.br\/home\/author\/ana-luiza\/"}]}},"_links":{"self":[{"href":"https:\/\/jornalboasnoticias.com.br\/home\/wp-json\/wp\/v2\/posts\/45330","targetHints":{"allow":["GET"]}}],"collection":[{"href":"https:\/\/jornalboasnoticias.com.br\/home\/wp-json\/wp\/v2\/posts"}],"about":[{"href":"https:\/\/jornalboasnoticias.com.br\/home\/wp-json\/wp\/v2\/types\/post"}],"author":[{"embeddable":true,"href":"https:\/\/jornalboasnoticias.com.br\/home\/wp-json\/wp\/v2\/users\/4"}],"replies":[{"embeddable":true,"href":"https:\/\/jornalboasnoticias.com.br\/home\/wp-json\/wp\/v2\/comments?post=45330"}],"version-history":[{"count":1,"href":"https:\/\/jornalboasnoticias.com.br\/home\/wp-json\/wp\/v2\/posts\/45330\/revisions"}],"predecessor-version":[{"id":45332,"href":"https:\/\/jornalboasnoticias.com.br\/home\/wp-json\/wp\/v2\/posts\/45330\/revisions\/45332"}],"wp:featuredmedia":[{"embeddable":true,"href":"https:\/\/jornalboasnoticias.com.br\/home\/wp-json\/wp\/v2\/media\/45331"}],"wp:attachment":[{"href":"https:\/\/jornalboasnoticias.com.br\/home\/wp-json\/wp\/v2\/media?parent=45330"}],"wp:term":[{"taxonomy":"category","embeddable":true,"href":"https:\/\/jornalboasnoticias.com.br\/home\/wp-json\/wp\/v2\/categories?post=45330"},{"taxonomy":"post_tag","embeddable":true,"href":"https:\/\/jornalboasnoticias.com.br\/home\/wp-json\/wp\/v2\/tags?post=45330"}],"curies":[{"name":"wp","href":"https:\/\/api.w.org\/{rel}","templated":true}]}}