{"id":45324,"date":"2024-11-18T17:15:16","date_gmt":"2024-11-18T17:15:16","guid":{"rendered":"https:\/\/jornalboasnoticias.com.br\/home\/?p=45324"},"modified":"2024-11-18T17:15:16","modified_gmt":"2024-11-18T17:15:16","slug":"ceasas-de-curitiba-londrina-e-foz-do-iguacu-abrem-no-feriado-desta-quarta-feira","status":"publish","type":"post","link":"https:\/\/jornalboasnoticias.com.br\/home\/ceasas-de-curitiba-londrina-e-foz-do-iguacu-abrem-no-feriado-desta-quarta-feira\/","title":{"rendered":"Ceasas de Curitiba, Londrina e Foz do Igua\u00e7u abrem no feriado desta quarta-feira"},"content":{"rendered":"<div class=\"not-escopo-destaque\">\n<div>\n<figure id=\"attachment_45325\" aria-describedby=\"caption-attachment-45325\" style=\"width: 2560px\" class=\"wp-caption alignnone\"><img loading=\"lazy\" decoding=\"async\" class=\"size-full wp-image-45325\" src=\"https:\/\/jornalboasnoticias.com.br\/home\/wp-content\/uploads\/2024\/11\/img_3179-scaled.jpg\" alt=\"\" width=\"2560\" height=\"1707\" srcset=\"https:\/\/jornalboasnoticias.com.br\/home\/wp-content\/uploads\/2024\/11\/img_3179-scaled.jpg 2560w, https:\/\/jornalboasnoticias.com.br\/home\/wp-content\/uploads\/2024\/11\/img_3179-300x200.jpg 300w, https:\/\/jornalboasnoticias.com.br\/home\/wp-content\/uploads\/2024\/11\/img_3179-1024x683.jpg 1024w, https:\/\/jornalboasnoticias.com.br\/home\/wp-content\/uploads\/2024\/11\/img_3179-768x512.jpg 768w, https:\/\/jornalboasnoticias.com.br\/home\/wp-content\/uploads\/2024\/11\/img_3179-1536x1024.jpg 1536w, https:\/\/jornalboasnoticias.com.br\/home\/wp-content\/uploads\/2024\/11\/img_3179-2048x1365.jpg 2048w, https:\/\/jornalboasnoticias.com.br\/home\/wp-content\/uploads\/2024\/11\/img_3179-900x600.jpg 900w\" sizes=\"auto, (max-width: 2560px) 100vw, 2560px\" \/><figcaption id=\"caption-attachment-45325\" class=\"wp-caption-text\">Foto: Roberto Dziura Jr\/AEN<\/figcaption><\/figure>\n<\/div>\n<\/div>\n<blockquote>\n<div class=\"not-escopo-destaque\">\n<div class=\"field field--name-field-escopo-destaque field--type-string-long field--label-hidden field--item\">Unidades de Maring\u00e1 e Cascavel estar\u00e3o fechadas nessa data em que se comemora o Dia da Consci\u00eancia Negra. Confira hor\u00e1rios de funcionamento de cada uma das cinco unidades.<\/div>\n<\/div>\n<\/blockquote>\n<div>\n<div class=\"row\">\n<div class=\"col-sm-8 col-md-offset-1 bloco-central\">\n<article class=\"node node--type-noticia node--promoted node--view-mode-full clearfix\" role=\"article\" data-history-node-id=\"70015\">\n<div class=\"node__content clearfix\">\n<div class=\"field field--name-field-texto field--type-text-long field--label-hidden field--item\">\n<p>As unidades da Ceasa Paran\u00e1 em Curitiba, Londrina e Foz do Igua\u00e7u estar\u00e3o abertas normalmente nesta quarta-feira, 20 de Novembro, feriado do Dia da Consci\u00eancia Negra. As Ceasas de\u00a0Maring\u00e1 e\u00a0Cascavel fecham nessa data. A administra\u00e7\u00e3o central da Ceasa Paran\u00e1 tamb\u00e9m n\u00e3o funcionar\u00e1.<\/p>\n<p>Confira os hor\u00e1rios e dias de funcionamento:<\/p>\n<p><u>Ceasa Curitiba<\/u><\/p>\n<p>Dia\u00a020\u00a0de\u00a0novembro \u2013 quarta-feira: mercado\u00a0aberto<\/p>\n<p>Hor\u00e1rios normais<\/p>\n<p>Boxes: segunda-feira\u00a0a s\u00e1bado, das 4h30 \u00e0s 12h<\/p>\n<p>Mercado do Produtor: segunda-feira a s\u00e1bado, das 4h30 \u00e0s 12h<\/p>\n<p>Mercado de Flores: segunda-feira a s\u00e1bado, das 6h \u00e0s 14h<\/p>\n<p>Endere\u00e7o: BR 116, km 111, n\u00ba 22.881 \u2013 bairro Tatuquara<\/p>\n<p>Fones: Ger\u00eancia (41) 3341-8300 \u2013 3348-6690<\/p>\n<p>Mercado do Produtor \u2013 (41) 3348-6690.<\/p>\n<p><u>Ceasa Londrina<\/u><\/p>\n<p>Dia\u00a020\u00a0de\u00a0novembro \u2013 quarta-feira: mercado\u00a0aberto.<\/p>\n<p>Hor\u00e1rios normais: segunda, quarta e sexta-feira, das 3 \u00e0s 10h<\/p>\n<p>Ter\u00e7a-feira,\u00a0quinta-feira e s\u00e1bado, das 5h30\u00a0as 10h<\/p>\n<p>Endere\u00e7o: Av. Bras\u00edlia, n\u00ba 10.000, Gleba Ribeir\u00e3o Lind\u00f3ia<\/p>\n<p>Fones: (43) 3325-4713 \u2013 (43) 3325-4404.<\/p>\n<p><u>Ceasa Foz do Igua\u00e7u<\/u><\/p>\n<p>Dia\u00a020\u00a0de\u00a0novembro,\u00a0quarta-feira: mercado\u00a0aberto,\u00a0das 5h \u00e0s 10h<\/p>\n<p>Hor\u00e1rios normais: segunda a sexta-feira, das 5h \u00e0s 15h.<\/p>\n<p>S\u00e1bados: das 5h \u00e0s 14h.<\/p>\n<p>Endere\u00e7o: Av. Juscelino Kubitschek, n\u00ba 1.254.<\/p>\n<p>Fone: (45) 3522-1129.<\/p>\n<p><u>Ceasa Maring\u00e1<\/u><\/p>\n<p>Dia\u00a020\u00a0de\u00a0novembro,\u00a0quarta-feira,\u00a0mercado\u00a0fechado.<\/p>\n<p>Hor\u00e1rios normais: de segunda a sexta-feira, das 5h30\u00a0\u00e0s 12h<\/p>\n<p>S\u00e1bados: das 5h30 \u00e0s 10 horas.<\/p>\n<p>Endere\u00e7o: Rodovia PR-317, n\u00ba 6.330 \u2013 Sa\u00edda para Campo Mour\u00e3o<\/p>\n<p>Fone: (44) 3266-1147.<\/p>\n<p><u>Ceasa Cascavel<\/u><\/p>\n<p>Dia 20 de novembro, quarta-feira, mercado fechado.<\/p>\n<p>Hor\u00e1rios normais: de segunda-feira a s\u00e1bado, das\u00a05h30 \u00e0s 12h.<\/p>\n<p>Endere\u00e7o: BR 467 \u2013 km 110,6 \u2013 Sa\u00edda para Toledo.<\/p>\n<p>Fone: (45) 3323-6741 \u2013 (45) 3323-5335-\u00a0(45) 3323-3508.<\/p>\n<p><u>Ceasa Paran\u00e1 Administra\u00e7\u00e3o<\/u><\/p>\n<p>Dia 20 de novembro, quarta-feira, fechada.<\/p>\n<p>Hor\u00e1rios normais: de segunda a sexta-feira, das 7h \u00e0s 12h e das 13h \u00e0s 16 horas.<\/p>\n<p>Endere\u00e7o: BR 116, km 111, n\u00ba 22.881 \u2013 bairro Tatuquara.<\/p>\n<p>Fone: (41) 3253-3232 \u2013 (41) 3352-7456.<\/p>\n<p>Mais informa\u00e7\u00f5es\u00a0sobre as Ceasas do Paran\u00e1\u00a0podem ser obtidas em\u00a0<strong><a class=\"0\" href=\"https:\/\/www.ceasa.pr.gov.br\/\" target=\"_blank\" rel=\"nofollow noopener\">www.ceasa.pr.gov.br<\/a><\/strong>.<\/p>\n<p>(aen)<\/p>\n<\/div>\n<\/div>\n<\/article>\n<\/div>\n<\/div>\n<\/div>\n","protected":false},"excerpt":{"rendered":"<p>Unidades de Maring\u00e1 e Cascavel estar\u00e3o fechadas nessa data em que se comemora o Dia<\/p>\n","protected":false},"author":4,"featured_media":45325,"comment_status":"open","ping_status":"open","sticky":false,"template":"","format":"standard","meta":{"footnotes":""},"categories":[3],"tags":[],"class_list":["post-45324","post","type-post","status-publish","format-standard","has-post-thumbnail","hentry","category-destaques"],"yoast_head":"<!-- This site is optimized with the Yoast SEO plugin v27.5 - https:\/\/yoast.com\/product\/yoast-seo-wordpress\/ -->\n<title>Ceasas de Curitiba, Londrina e Foz do Igua\u00e7u abrem no feriado desta quarta-feira - Jornal<\/title>\n<meta name=\"description\" content=\"Ceasas de Curitiba, Londrina e Foz do Igua\u00e7u abrem no feriado desta quarta-feira\" \/>\n<meta name=\"robots\" content=\"index, follow, max-snippet:-1, max-image-preview:large, max-video-preview:-1\" \/>\n<link rel=\"canonical\" href=\"https:\/\/jornalboasnoticias.com.br\/home\/ceasas-de-curitiba-londrina-e-foz-do-iguacu-abrem-no-feriado-desta-quarta-feira\/\" \/>\n<meta property=\"og:locale\" content=\"pt_BR\" \/>\n<meta property=\"og:type\" content=\"article\" \/>\n<meta property=\"og:title\" content=\"Ceasas de Curitiba, Londrina e Foz do Igua\u00e7u abrem no feriado desta quarta-feira - Jornal\" \/>\n<meta property=\"og:description\" content=\"Ceasas de Curitiba, Londrina e Foz do Igua\u00e7u abrem no feriado desta quarta-feira\" \/>\n<meta property=\"og:url\" content=\"https:\/\/jornalboasnoticias.com.br\/home\/ceasas-de-curitiba-londrina-e-foz-do-iguacu-abrem-no-feriado-desta-quarta-feira\/\" \/>\n<meta property=\"og:site_name\" content=\"Jornal\" \/>\n<meta property=\"article:publisher\" content=\"https:\/\/www.facebook.com\/boasnoticiasjornal\" \/>\n<meta property=\"article:published_time\" content=\"2024-11-18T17:15:16+00:00\" \/>\n<meta property=\"og:image\" content=\"https:\/\/jornalboasnoticias.com.br\/home\/wp-content\/uploads\/2024\/11\/img_3179-scaled.jpg\" \/>\n\t<meta property=\"og:image:width\" content=\"2560\" \/>\n\t<meta property=\"og:image:height\" content=\"1707\" \/>\n\t<meta property=\"og:image:type\" content=\"image\/jpeg\" \/>\n<meta name=\"author\" content=\"Ana Luiza Bonatto\" \/>\n<meta name=\"twitter:card\" content=\"summary_large_image\" \/>\n<meta name=\"twitter:label1\" content=\"Escrito por\" \/>\n\t<meta name=\"twitter:data1\" content=\"Ana Luiza Bonatto\" \/>\n\t<meta name=\"twitter:label2\" content=\"Est. tempo de leitura\" \/>\n\t<meta name=\"twitter:data2\" content=\"2 minutos\" \/>\n<script type=\"application\/ld+json\" class=\"yoast-schema-graph\">{\"@context\":\"https:\\\/\\\/schema.org\",\"@graph\":[{\"@type\":\"Article\",\"@id\":\"https:\\\/\\\/jornalboasnoticias.com.br\\\/home\\\/ceasas-de-curitiba-londrina-e-foz-do-iguacu-abrem-no-feriado-desta-quarta-feira\\\/#article\",\"isPartOf\":{\"@id\":\"https:\\\/\\\/jornalboasnoticias.com.br\\\/home\\\/ceasas-de-curitiba-londrina-e-foz-do-iguacu-abrem-no-feriado-desta-quarta-feira\\\/\"},\"author\":{\"name\":\"Ana Luiza Bonatto\",\"@id\":\"https:\\\/\\\/jornalboasnoticias.com.br\\\/home\\\/#\\\/schema\\\/person\\\/d641193e0afc6405b390164dac847971\"},\"headline\":\"Ceasas de Curitiba, Londrina e Foz do Igua\u00e7u abrem no feriado desta quarta-feira\",\"datePublished\":\"2024-11-18T17:15:16+00:00\",\"mainEntityOfPage\":{\"@id\":\"https:\\\/\\\/jornalboasnoticias.com.br\\\/home\\\/ceasas-de-curitiba-londrina-e-foz-do-iguacu-abrem-no-feriado-desta-quarta-feira\\\/\"},\"wordCount\":377,\"commentCount\":0,\"publisher\":{\"@id\":\"https:\\\/\\\/jornalboasnoticias.com.br\\\/home\\\/#organization\"},\"image\":{\"@id\":\"https:\\\/\\\/jornalboasnoticias.com.br\\\/home\\\/ceasas-de-curitiba-londrina-e-foz-do-iguacu-abrem-no-feriado-desta-quarta-feira\\\/#primaryimage\"},\"thumbnailUrl\":\"https:\\\/\\\/jornalboasnoticias.com.br\\\/home\\\/wp-content\\\/uploads\\\/2024\\\/11\\\/img_3179-scaled.jpg\",\"articleSection\":[\"DESTAQUE\"],\"inLanguage\":\"pt-BR\",\"potentialAction\":[{\"@type\":\"CommentAction\",\"name\":\"Comment\",\"target\":[\"https:\\\/\\\/jornalboasnoticias.com.br\\\/home\\\/ceasas-de-curitiba-londrina-e-foz-do-iguacu-abrem-no-feriado-desta-quarta-feira\\\/#respond\"]}]},{\"@type\":\"WebPage\",\"@id\":\"https:\\\/\\\/jornalboasnoticias.com.br\\\/home\\\/ceasas-de-curitiba-londrina-e-foz-do-iguacu-abrem-no-feriado-desta-quarta-feira\\\/\",\"url\":\"https:\\\/\\\/jornalboasnoticias.com.br\\\/home\\\/ceasas-de-curitiba-londrina-e-foz-do-iguacu-abrem-no-feriado-desta-quarta-feira\\\/\",\"name\":\"Ceasas de Curitiba, Londrina e Foz do Igua\u00e7u abrem no feriado desta quarta-feira - Jornal\",\"isPartOf\":{\"@id\":\"https:\\\/\\\/jornalboasnoticias.com.br\\\/home\\\/#website\"},\"primaryImageOfPage\":{\"@id\":\"https:\\\/\\\/jornalboasnoticias.com.br\\\/home\\\/ceasas-de-curitiba-londrina-e-foz-do-iguacu-abrem-no-feriado-desta-quarta-feira\\\/#primaryimage\"},\"image\":{\"@id\":\"https:\\\/\\\/jornalboasnoticias.com.br\\\/home\\\/ceasas-de-curitiba-londrina-e-foz-do-iguacu-abrem-no-feriado-desta-quarta-feira\\\/#primaryimage\"},\"thumbnailUrl\":\"https:\\\/\\\/jornalboasnoticias.com.br\\\/home\\\/wp-content\\\/uploads\\\/2024\\\/11\\\/img_3179-scaled.jpg\",\"datePublished\":\"2024-11-18T17:15:16+00:00\",\"description\":\"Ceasas de Curitiba, Londrina e Foz do Igua\u00e7u abrem no feriado desta quarta-feira\",\"breadcrumb\":{\"@id\":\"https:\\\/\\\/jornalboasnoticias.com.br\\\/home\\\/ceasas-de-curitiba-londrina-e-foz-do-iguacu-abrem-no-feriado-desta-quarta-feira\\\/#breadcrumb\"},\"inLanguage\":\"pt-BR\",\"potentialAction\":[{\"@type\":\"ReadAction\",\"target\":[\"https:\\\/\\\/jornalboasnoticias.com.br\\\/home\\\/ceasas-de-curitiba-londrina-e-foz-do-iguacu-abrem-no-feriado-desta-quarta-feira\\\/\"]}]},{\"@type\":\"ImageObject\",\"inLanguage\":\"pt-BR\",\"@id\":\"https:\\\/\\\/jornalboasnoticias.com.br\\\/home\\\/ceasas-de-curitiba-londrina-e-foz-do-iguacu-abrem-no-feriado-desta-quarta-feira\\\/#primaryimage\",\"url\":\"https:\\\/\\\/jornalboasnoticias.com.br\\\/home\\\/wp-content\\\/uploads\\\/2024\\\/11\\\/img_3179-scaled.jpg\",\"contentUrl\":\"https:\\\/\\\/jornalboasnoticias.com.br\\\/home\\\/wp-content\\\/uploads\\\/2024\\\/11\\\/img_3179-scaled.jpg\",\"width\":2560,\"height\":1707,\"caption\":\"Foto: Roberto Dziura Jr\\\/AEN\"},{\"@type\":\"BreadcrumbList\",\"@id\":\"https:\\\/\\\/jornalboasnoticias.com.br\\\/home\\\/ceasas-de-curitiba-londrina-e-foz-do-iguacu-abrem-no-feriado-desta-quarta-feira\\\/#breadcrumb\",\"itemListElement\":[{\"@type\":\"ListItem\",\"position\":1,\"name\":\"In\u00edcio\",\"item\":\"https:\\\/\\\/jornalboasnoticias.com.br\\\/home\\\/\"},{\"@type\":\"ListItem\",\"position\":2,\"name\":\"Ceasas de Curitiba, Londrina e Foz do Igua\u00e7u abrem no feriado desta quarta-feira\"}]},{\"@type\":\"WebSite\",\"@id\":\"https:\\\/\\\/jornalboasnoticias.com.br\\\/home\\\/#website\",\"url\":\"https:\\\/\\\/jornalboasnoticias.com.br\\\/home\\\/\",\"name\":\"Jornal Boas Not\u00edcias\",\"description\":\"Boas not\u00edcias\",\"publisher\":{\"@id\":\"https:\\\/\\\/jornalboasnoticias.com.br\\\/home\\\/#organization\"},\"potentialAction\":[{\"@type\":\"SearchAction\",\"target\":{\"@type\":\"EntryPoint\",\"urlTemplate\":\"https:\\\/\\\/jornalboasnoticias.com.br\\\/home\\\/?s={search_term_string}\"},\"query-input\":{\"@type\":\"PropertyValueSpecification\",\"valueRequired\":true,\"valueName\":\"search_term_string\"}}],\"inLanguage\":\"pt-BR\"},{\"@type\":\"Organization\",\"@id\":\"https:\\\/\\\/jornalboasnoticias.com.br\\\/home\\\/#organization\",\"name\":\"Coq Editora Ltda\",\"alternateName\":\"Jornal Boas Noticias\",\"url\":\"https:\\\/\\\/jornalboasnoticias.com.br\\\/home\\\/\",\"logo\":{\"@type\":\"ImageObject\",\"inLanguage\":\"pt-BR\",\"@id\":\"https:\\\/\\\/jornalboasnoticias.com.br\\\/home\\\/#\\\/schema\\\/logo\\\/image\\\/\",\"url\":\"https:\\\/\\\/jornalboasnoticias.com.br\\\/home\\\/wp-content\\\/uploads\\\/2024\\\/07\\\/cropped-logo.jpg\",\"contentUrl\":\"https:\\\/\\\/jornalboasnoticias.com.br\\\/home\\\/wp-content\\\/uploads\\\/2024\\\/07\\\/cropped-logo.jpg\",\"width\":290,\"height\":142,\"caption\":\"Coq Editora Ltda\"},\"image\":{\"@id\":\"https:\\\/\\\/jornalboasnoticias.com.br\\\/home\\\/#\\\/schema\\\/logo\\\/image\\\/\"},\"sameAs\":[\"https:\\\/\\\/www.facebook.com\\\/boasnoticiasjornal\"]},{\"@type\":\"Person\",\"@id\":\"https:\\\/\\\/jornalboasnoticias.com.br\\\/home\\\/#\\\/schema\\\/person\\\/d641193e0afc6405b390164dac847971\",\"name\":\"Ana Luiza Bonatto\",\"image\":{\"@type\":\"ImageObject\",\"inLanguage\":\"pt-BR\",\"@id\":\"https:\\\/\\\/secure.gravatar.com\\\/avatar\\\/8a055ebe6373371f67ac6fcf313c0ac0b0a91157fdcdb9514fa62927373348f0?s=96&d=mm&r=g\",\"url\":\"https:\\\/\\\/secure.gravatar.com\\\/avatar\\\/8a055ebe6373371f67ac6fcf313c0ac0b0a91157fdcdb9514fa62927373348f0?s=96&d=mm&r=g\",\"contentUrl\":\"https:\\\/\\\/secure.gravatar.com\\\/avatar\\\/8a055ebe6373371f67ac6fcf313c0ac0b0a91157fdcdb9514fa62927373348f0?s=96&d=mm&r=g\",\"caption\":\"Ana Luiza Bonatto\"},\"url\":\"https:\\\/\\\/jornalboasnoticias.com.br\\\/home\\\/author\\\/ana-luiza\\\/\"}]}<\/script>\n<!-- \/ Yoast SEO plugin. -->","yoast_head_json":{"title":"Ceasas de Curitiba, Londrina e Foz do Igua\u00e7u abrem no feriado desta quarta-feira - Jornal","description":"Ceasas de Curitiba, Londrina e Foz do Igua\u00e7u abrem no feriado desta quarta-feira","robots":{"index":"index","follow":"follow","max-snippet":"max-snippet:-1","max-image-preview":"max-image-preview:large","max-video-preview":"max-video-preview:-1"},"canonical":"https:\/\/jornalboasnoticias.com.br\/home\/ceasas-de-curitiba-londrina-e-foz-do-iguacu-abrem-no-feriado-desta-quarta-feira\/","og_locale":"pt_BR","og_type":"article","og_title":"Ceasas de Curitiba, Londrina e Foz do Igua\u00e7u abrem no feriado desta quarta-feira - Jornal","og_description":"Ceasas de Curitiba, Londrina e Foz do Igua\u00e7u abrem no feriado desta quarta-feira","og_url":"https:\/\/jornalboasnoticias.com.br\/home\/ceasas-de-curitiba-londrina-e-foz-do-iguacu-abrem-no-feriado-desta-quarta-feira\/","og_site_name":"Jornal","article_publisher":"https:\/\/www.facebook.com\/boasnoticiasjornal","article_published_time":"2024-11-18T17:15:16+00:00","og_image":[{"width":2560,"height":1707,"url":"https:\/\/jornalboasnoticias.com.br\/home\/wp-content\/uploads\/2024\/11\/img_3179-scaled.jpg","type":"image\/jpeg"}],"author":"Ana Luiza Bonatto","twitter_card":"summary_large_image","twitter_misc":{"Escrito por":"Ana Luiza Bonatto","Est. tempo de leitura":"2 minutos"},"schema":{"@context":"https:\/\/schema.org","@graph":[{"@type":"Article","@id":"https:\/\/jornalboasnoticias.com.br\/home\/ceasas-de-curitiba-londrina-e-foz-do-iguacu-abrem-no-feriado-desta-quarta-feira\/#article","isPartOf":{"@id":"https:\/\/jornalboasnoticias.com.br\/home\/ceasas-de-curitiba-londrina-e-foz-do-iguacu-abrem-no-feriado-desta-quarta-feira\/"},"author":{"name":"Ana Luiza Bonatto","@id":"https:\/\/jornalboasnoticias.com.br\/home\/#\/schema\/person\/d641193e0afc6405b390164dac847971"},"headline":"Ceasas de Curitiba, Londrina e Foz do Igua\u00e7u abrem no feriado desta quarta-feira","datePublished":"2024-11-18T17:15:16+00:00","mainEntityOfPage":{"@id":"https:\/\/jornalboasnoticias.com.br\/home\/ceasas-de-curitiba-londrina-e-foz-do-iguacu-abrem-no-feriado-desta-quarta-feira\/"},"wordCount":377,"commentCount":0,"publisher":{"@id":"https:\/\/jornalboasnoticias.com.br\/home\/#organization"},"image":{"@id":"https:\/\/jornalboasnoticias.com.br\/home\/ceasas-de-curitiba-londrina-e-foz-do-iguacu-abrem-no-feriado-desta-quarta-feira\/#primaryimage"},"thumbnailUrl":"https:\/\/jornalboasnoticias.com.br\/home\/wp-content\/uploads\/2024\/11\/img_3179-scaled.jpg","articleSection":["DESTAQUE"],"inLanguage":"pt-BR","potentialAction":[{"@type":"CommentAction","name":"Comment","target":["https:\/\/jornalboasnoticias.com.br\/home\/ceasas-de-curitiba-londrina-e-foz-do-iguacu-abrem-no-feriado-desta-quarta-feira\/#respond"]}]},{"@type":"WebPage","@id":"https:\/\/jornalboasnoticias.com.br\/home\/ceasas-de-curitiba-londrina-e-foz-do-iguacu-abrem-no-feriado-desta-quarta-feira\/","url":"https:\/\/jornalboasnoticias.com.br\/home\/ceasas-de-curitiba-londrina-e-foz-do-iguacu-abrem-no-feriado-desta-quarta-feira\/","name":"Ceasas de Curitiba, Londrina e Foz do Igua\u00e7u abrem no feriado desta quarta-feira - Jornal","isPartOf":{"@id":"https:\/\/jornalboasnoticias.com.br\/home\/#website"},"primaryImageOfPage":{"@id":"https:\/\/jornalboasnoticias.com.br\/home\/ceasas-de-curitiba-londrina-e-foz-do-iguacu-abrem-no-feriado-desta-quarta-feira\/#primaryimage"},"image":{"@id":"https:\/\/jornalboasnoticias.com.br\/home\/ceasas-de-curitiba-londrina-e-foz-do-iguacu-abrem-no-feriado-desta-quarta-feira\/#primaryimage"},"thumbnailUrl":"https:\/\/jornalboasnoticias.com.br\/home\/wp-content\/uploads\/2024\/11\/img_3179-scaled.jpg","datePublished":"2024-11-18T17:15:16+00:00","description":"Ceasas de Curitiba, Londrina e Foz do Igua\u00e7u abrem no feriado desta quarta-feira","breadcrumb":{"@id":"https:\/\/jornalboasnoticias.com.br\/home\/ceasas-de-curitiba-londrina-e-foz-do-iguacu-abrem-no-feriado-desta-quarta-feira\/#breadcrumb"},"inLanguage":"pt-BR","potentialAction":[{"@type":"ReadAction","target":["https:\/\/jornalboasnoticias.com.br\/home\/ceasas-de-curitiba-londrina-e-foz-do-iguacu-abrem-no-feriado-desta-quarta-feira\/"]}]},{"@type":"ImageObject","inLanguage":"pt-BR","@id":"https:\/\/jornalboasnoticias.com.br\/home\/ceasas-de-curitiba-londrina-e-foz-do-iguacu-abrem-no-feriado-desta-quarta-feira\/#primaryimage","url":"https:\/\/jornalboasnoticias.com.br\/home\/wp-content\/uploads\/2024\/11\/img_3179-scaled.jpg","contentUrl":"https:\/\/jornalboasnoticias.com.br\/home\/wp-content\/uploads\/2024\/11\/img_3179-scaled.jpg","width":2560,"height":1707,"caption":"Foto: Roberto Dziura Jr\/AEN"},{"@type":"BreadcrumbList","@id":"https:\/\/jornalboasnoticias.com.br\/home\/ceasas-de-curitiba-londrina-e-foz-do-iguacu-abrem-no-feriado-desta-quarta-feira\/#breadcrumb","itemListElement":[{"@type":"ListItem","position":1,"name":"In\u00edcio","item":"https:\/\/jornalboasnoticias.com.br\/home\/"},{"@type":"ListItem","position":2,"name":"Ceasas de Curitiba, Londrina e Foz do Igua\u00e7u abrem no feriado desta quarta-feira"}]},{"@type":"WebSite","@id":"https:\/\/jornalboasnoticias.com.br\/home\/#website","url":"https:\/\/jornalboasnoticias.com.br\/home\/","name":"Jornal Boas Not\u00edcias","description":"Boas not\u00edcias","publisher":{"@id":"https:\/\/jornalboasnoticias.com.br\/home\/#organization"},"potentialAction":[{"@type":"SearchAction","target":{"@type":"EntryPoint","urlTemplate":"https:\/\/jornalboasnoticias.com.br\/home\/?s={search_term_string}"},"query-input":{"@type":"PropertyValueSpecification","valueRequired":true,"valueName":"search_term_string"}}],"inLanguage":"pt-BR"},{"@type":"Organization","@id":"https:\/\/jornalboasnoticias.com.br\/home\/#organization","name":"Coq Editora Ltda","alternateName":"Jornal Boas Noticias","url":"https:\/\/jornalboasnoticias.com.br\/home\/","logo":{"@type":"ImageObject","inLanguage":"pt-BR","@id":"https:\/\/jornalboasnoticias.com.br\/home\/#\/schema\/logo\/image\/","url":"https:\/\/jornalboasnoticias.com.br\/home\/wp-content\/uploads\/2024\/07\/cropped-logo.jpg","contentUrl":"https:\/\/jornalboasnoticias.com.br\/home\/wp-content\/uploads\/2024\/07\/cropped-logo.jpg","width":290,"height":142,"caption":"Coq Editora Ltda"},"image":{"@id":"https:\/\/jornalboasnoticias.com.br\/home\/#\/schema\/logo\/image\/"},"sameAs":["https:\/\/www.facebook.com\/boasnoticiasjornal"]},{"@type":"Person","@id":"https:\/\/jornalboasnoticias.com.br\/home\/#\/schema\/person\/d641193e0afc6405b390164dac847971","name":"Ana Luiza Bonatto","image":{"@type":"ImageObject","inLanguage":"pt-BR","@id":"https:\/\/secure.gravatar.com\/avatar\/8a055ebe6373371f67ac6fcf313c0ac0b0a91157fdcdb9514fa62927373348f0?s=96&d=mm&r=g","url":"https:\/\/secure.gravatar.com\/avatar\/8a055ebe6373371f67ac6fcf313c0ac0b0a91157fdcdb9514fa62927373348f0?s=96&d=mm&r=g","contentUrl":"https:\/\/secure.gravatar.com\/avatar\/8a055ebe6373371f67ac6fcf313c0ac0b0a91157fdcdb9514fa62927373348f0?s=96&d=mm&r=g","caption":"Ana Luiza Bonatto"},"url":"https:\/\/jornalboasnoticias.com.br\/home\/author\/ana-luiza\/"}]}},"_links":{"self":[{"href":"https:\/\/jornalboasnoticias.com.br\/home\/wp-json\/wp\/v2\/posts\/45324","targetHints":{"allow":["GET"]}}],"collection":[{"href":"https:\/\/jornalboasnoticias.com.br\/home\/wp-json\/wp\/v2\/posts"}],"about":[{"href":"https:\/\/jornalboasnoticias.com.br\/home\/wp-json\/wp\/v2\/types\/post"}],"author":[{"embeddable":true,"href":"https:\/\/jornalboasnoticias.com.br\/home\/wp-json\/wp\/v2\/users\/4"}],"replies":[{"embeddable":true,"href":"https:\/\/jornalboasnoticias.com.br\/home\/wp-json\/wp\/v2\/comments?post=45324"}],"version-history":[{"count":1,"href":"https:\/\/jornalboasnoticias.com.br\/home\/wp-json\/wp\/v2\/posts\/45324\/revisions"}],"predecessor-version":[{"id":45326,"href":"https:\/\/jornalboasnoticias.com.br\/home\/wp-json\/wp\/v2\/posts\/45324\/revisions\/45326"}],"wp:featuredmedia":[{"embeddable":true,"href":"https:\/\/jornalboasnoticias.com.br\/home\/wp-json\/wp\/v2\/media\/45325"}],"wp:attachment":[{"href":"https:\/\/jornalboasnoticias.com.br\/home\/wp-json\/wp\/v2\/media?parent=45324"}],"wp:term":[{"taxonomy":"category","embeddable":true,"href":"https:\/\/jornalboasnoticias.com.br\/home\/wp-json\/wp\/v2\/categories?post=45324"},{"taxonomy":"post_tag","embeddable":true,"href":"https:\/\/jornalboasnoticias.com.br\/home\/wp-json\/wp\/v2\/tags?post=45324"}],"curies":[{"name":"wp","href":"https:\/\/api.w.org\/{rel}","templated":true}]}}