{"id":45321,"date":"2024-11-18T17:10:12","date_gmt":"2024-11-18T17:10:12","guid":{"rendered":"https:\/\/jornalboasnoticias.com.br\/home\/?p=45321"},"modified":"2024-11-18T17:10:12","modified_gmt":"2024-11-18T17:10:12","slug":"com-entrada-gratuita-aniversario-do-mon-tera-mostras-ineditas-performance-e-musica","status":"publish","type":"post","link":"https:\/\/jornalboasnoticias.com.br\/home\/com-entrada-gratuita-aniversario-do-mon-tera-mostras-ineditas-performance-e-musica\/","title":{"rendered":"Com entrada gratuita, anivers\u00e1rio do MON ter\u00e1 mostras in\u00e9ditas, performance e m\u00fasica"},"content":{"rendered":"<blockquote>\n<div class=\"not-escopo-destaque\">\n<div class=\"field field--name-field-escopo-destaque field--type-string-long field--label-hidden field--item\">Outra novidade na celebra\u00e7\u00e3o, na sexta-feira (22), ser\u00e1 a entrega de obras de infraestrutura, como novos guarda-volumes, ilumina\u00e7\u00e3o da \u00e1rea externa do Museu e a bilheteria. Confira a programa\u00e7\u00e3o.<\/div>\n<\/div>\n<\/blockquote>\n<div>\n<p>Na sexta-feira, 22 de novembro, dia em que o Museu Oscar Niemeyer completa 22 anos, a entrada ser\u00e1 gratuita para todos os p\u00fablicos. Nessa data, ser\u00e3o inauguradas tr\u00eas exposi\u00e7\u00f5es in\u00e9ditas. Outra novidade na celebra\u00e7\u00e3o ser\u00e1 a entrega de obras de infraestrutura, como novos guarda-volumes, ilumina\u00e7\u00e3o da \u00e1rea externa do Museu e a bilheteria. Haver\u00e1 ainda performance e apresenta\u00e7\u00e3o musical.<\/p>\n<p>As novas mostras s\u00e3o \u201cO Olho da Noite\u201d, de Jean-Michel Othoniel; \u201cAfinidades III \u2013 Cochicho, Luiz Zerbini\u201d \u2013 ambas com curadoria de Marc Pottier \u2013 e \u201cConvivendo em Harmonia com a Imperman\u00eancia\u201d, com curadoria de G\u00e9raldine Lenain.<\/p>\n<p><strong>NOVAS EXPOSI\u00c7\u00d5ES\u00a0<\/strong>&#8211; \u201cO Olho da Noite\u201d\u00a0conta com obras do artista franc\u00eas Jean-Michel Othoniel no Olho, nos Espa\u00e7os Arauc\u00e1ria 1 e 2 e na \u00e1rea externa (espelho d\u2019\u00e1gua). A sala expositiva do Olho foi transformada numa esp\u00e9cie de grande planet\u00e1rio, com os signos do zod\u00edaco flutuando em forma de 12 esculturas em vidro soprado.<\/p>\n<p>No ch\u00e3o, o p\u00fablico ver\u00e1 um mar de tijolos de vidros azuis que refletem, ao mesmo tempo, a constela\u00e7\u00e3o e o arco imaginado pelo arquiteto, numa combina\u00e7\u00e3o surpreendente.<\/p>\n<p>No total, a mostra apresenta 25 obras em grandes dimens\u00f5es. As esculturas s\u00e3o compostas por materiais diversos, como vidro espelhado e a\u00e7o inoxid\u00e1vel, vidro espelhado e madeira e a\u00e7o e folhas douradas.<\/p>\n<p>\u201cAfinidades III \u2013 Cochicho\u201d, que ser\u00e1 montada na Sala 7, \u00e9 a terceira edi\u00e7\u00e3o de uma realiza\u00e7\u00e3o do MON que teve in\u00edcio em 2021. Desta vez, o artista contempor\u00e2neo Luiz Zerbini selecionou obras de cinco importantes nomes da arte paranaense que est\u00e3o presentes no acervo do MON: Guido Viaro, Miguel Bakun, Bruno Lechowski, Guilherme William Michaud e Theodoro de Bona.<\/p>\n<p>Em comum, ou por afinidade, assim como as suas obras apresentadas, todos os trabalhos escolhidos t\u00eam como tema a natureza.<\/p>\n<p>A primeira edi\u00e7\u00e3o do projeto \u201cAfinidades\u201d convidou artistas paranaenses, ou com forte liga\u00e7\u00e3o com o Estado, a fazerem uma imers\u00e3o no acervo do MON. A segunda edi\u00e7\u00e3o, em 2022, reuniu apenas artistas mulheres, de diversas regi\u00f5es do Brasil, que mergulharam na cole\u00e7\u00e3o permanente do Museu.<\/p>\n<p><strong>ARTE ASI\u00c1TICA\u00a0<\/strong>\u2013 \u201cConvivendo em Harmonia com a Imperman\u00eancia\u201d \u00e9 a nova edi\u00e7\u00e3o da exposi\u00e7\u00e3o \u201c\u00c1sia: a Terra, os Homens, os Deuses\u201d, realizada pelo MON, em cartaz na Sala 5.<\/p>\n<p>A chegada da cole\u00e7\u00e3o asi\u00e1tica ao MON, anos atr\u00e1s, elevou a institui\u00e7\u00e3o ao patamar dos grandes museus internacionais. A exposi\u00e7\u00e3o, que apresenta um recorte desse acervo, doado pelo diplomata Fausto Godoy, j\u00e1 teve algumas reformula\u00e7\u00f5es e rendeu itiner\u00e2ncias ao Interior do Paran\u00e1, alcan\u00e7ando milhares de pessoas.<\/p>\n<p>Agora, de uma maneira arrojada e singular, a exposi\u00e7\u00e3o se renova mais uma vez. Entre outras novidades, o p\u00fablico encontrar\u00e1 experi\u00eancias imersivas em tempo real, biblioteca de v\u00eddeos interativos, videoinstala\u00e7\u00e3o e um Museu Virtual, com 16 obras de 12 artistas asi\u00e1ticos. O projeto foi desenvolvido por G\u00e9raldine Lenain, curadora especialista em arte asi\u00e1tica.<\/p>\n<p><strong>PERFORMANCE\u00a0<\/strong>\u2013 Tamb\u00e9m em 22 de novembro, \u00e0s 11h, e nos dias 23 e 24, \u00e0s 11h e \u00e0s 16h, haver\u00e1 apresenta\u00e7\u00f5es da performance \u201cMinha Casa no Ar\u201d. \u00c9 uma cria\u00e7\u00e3o da artista sul-coreana Jisoo Yoo, atualmente baseada na Fran\u00e7a, onde se formou pela Escola Nacional Superior de Artes de Paris-Cergy. Ap\u00f3s apresentar-se em diversos lugares da Europa, a premiada artista traz agora seu trabalho ao MON.<\/p>\n<p>A performance consiste em uma explora\u00e7\u00e3o espacial a partir de uma grande casa infl\u00e1vel que extrapola as quest\u00f5es arquitet\u00f4nicas e questiona a habita\u00e7\u00e3o como limite vivido no cotidiano. A casa transforma-se em um lugar inst\u00e1vel, que flutua constantemente no ar, como uma bolha de sab\u00e3o.<\/p>\n<p>No dia 22, \u00e0s 16h, haver\u00e1 uma apresenta\u00e7\u00e3o musical na \u00e1rea interna do MON, entre as salas 1 e 4. A Orquestra Garoto Cidad\u00e3o Arauc\u00e1ria apresentar\u00e1 o VII Concerto Itinerante \u201cTrilhas \u2013 Uma Viv\u00eancia Sonora\u201d.<\/p>\n<p><strong>SOBRE O MON<\/strong>\u00a0&#8211; O Museu Oscar Niemeyer (MON) \u00e9 patrim\u00f4nio estatal vinculado \u00e0 Secretaria de Estado da Cultura. A institui\u00e7\u00e3o abriga referenciais importantes da produ\u00e7\u00e3o art\u00edstica nacional e internacional nas \u00e1reas de artes visuais, arquitetura e design, al\u00e9m de grandiosas cole\u00e7\u00f5es asi\u00e1tica e africana. No total, o acervo conta com aproximadamente 14 mil obras de arte, abrigadas em um espa\u00e7o superior a 35 mil metros quadrados de \u00e1rea constru\u00edda, o que torna o MON o maior museu de arte da Am\u00e9rica Latina.<\/p>\n<p><strong>Servi\u00e7o:<\/strong><\/p>\n<p>Anivers\u00e1rio do MON<\/p>\n<p>Data: 22\/11, sexta-feira<\/p>\n<p>Abertura de tr\u00eas novas exposi\u00e7\u00f5es, performance e apresenta\u00e7\u00e3o musical<\/p>\n<p>Entrada gratuita<\/p>\n<p>Museu Oscar Niemeyer<\/p>\n<p>Rua Mal. Hermes, 999 \u2013 Centro C\u00edvico &#8211; Curitiba<\/p>\n<p><a class=\"0\" href=\"https:\/\/www.museuoscarniemeyer.org.br\/\" target=\"_blank\" rel=\"nofollow noopener\">www.museuoscarniemeyer.org.br<\/a><\/p>\n<p>(AEN)<\/p>\n<\/div>\n","protected":false},"excerpt":{"rendered":"<p>Outra novidade na celebra\u00e7\u00e3o, na sexta-feira (22), ser\u00e1 a entrega de obras de infraestrutura, como<\/p>\n","protected":false},"author":4,"featured_media":45322,"comment_status":"open","ping_status":"open","sticky":false,"template":"","format":"standard","meta":{"footnotes":""},"categories":[3,4],"tags":[],"class_list":["post-45321","post","type-post","status-publish","format-standard","has-post-thumbnail","hentry","category-destaques","category-parana"],"yoast_head":"<!-- This site is optimized with the Yoast SEO plugin v27.5 - https:\/\/yoast.com\/product\/yoast-seo-wordpress\/ -->\n<title>Com entrada gratuita, anivers\u00e1rio do MON ter\u00e1 mostras in\u00e9ditas, performance e m\u00fasica - Jornal<\/title>\n<meta name=\"description\" content=\"Com entrada gratuita, anivers\u00e1rio do MON ter\u00e1 mostras in\u00e9ditas, performance e m\u00fasica\" \/>\n<meta name=\"robots\" content=\"index, follow, max-snippet:-1, max-image-preview:large, max-video-preview:-1\" \/>\n<link rel=\"canonical\" href=\"https:\/\/jornalboasnoticias.com.br\/home\/com-entrada-gratuita-aniversario-do-mon-tera-mostras-ineditas-performance-e-musica\/\" \/>\n<meta property=\"og:locale\" content=\"pt_BR\" \/>\n<meta property=\"og:type\" content=\"article\" \/>\n<meta property=\"og:title\" content=\"Com entrada gratuita, anivers\u00e1rio do MON ter\u00e1 mostras in\u00e9ditas, performance e m\u00fasica - Jornal\" \/>\n<meta property=\"og:description\" content=\"Com entrada gratuita, anivers\u00e1rio do MON ter\u00e1 mostras in\u00e9ditas, performance e m\u00fasica\" \/>\n<meta property=\"og:url\" content=\"https:\/\/jornalboasnoticias.com.br\/home\/com-entrada-gratuita-aniversario-do-mon-tera-mostras-ineditas-performance-e-musica\/\" \/>\n<meta property=\"og:site_name\" content=\"Jornal\" \/>\n<meta property=\"article:publisher\" content=\"https:\/\/www.facebook.com\/boasnoticiasjornal\" \/>\n<meta property=\"article:published_time\" content=\"2024-11-18T17:10:12+00:00\" \/>\n<meta property=\"og:image\" content=\"https:\/\/jornalboasnoticias.com.br\/home\/wp-content\/uploads\/2024\/11\/fachada_mon._foto_lucas_pontes_0-scaled.jpg\" \/>\n\t<meta property=\"og:image:width\" content=\"2560\" \/>\n\t<meta property=\"og:image:height\" content=\"1707\" \/>\n\t<meta property=\"og:image:type\" content=\"image\/jpeg\" \/>\n<meta name=\"author\" content=\"Ana Luiza Bonatto\" \/>\n<meta name=\"twitter:card\" content=\"summary_large_image\" \/>\n<meta name=\"twitter:label1\" content=\"Escrito por\" \/>\n\t<meta name=\"twitter:data1\" content=\"Ana Luiza Bonatto\" \/>\n\t<meta name=\"twitter:label2\" content=\"Est. tempo de leitura\" \/>\n\t<meta name=\"twitter:data2\" content=\"5 minutos\" \/>\n<script type=\"application\/ld+json\" class=\"yoast-schema-graph\">{\"@context\":\"https:\\\/\\\/schema.org\",\"@graph\":[{\"@type\":\"Article\",\"@id\":\"https:\\\/\\\/jornalboasnoticias.com.br\\\/home\\\/com-entrada-gratuita-aniversario-do-mon-tera-mostras-ineditas-performance-e-musica\\\/#article\",\"isPartOf\":{\"@id\":\"https:\\\/\\\/jornalboasnoticias.com.br\\\/home\\\/com-entrada-gratuita-aniversario-do-mon-tera-mostras-ineditas-performance-e-musica\\\/\"},\"author\":{\"name\":\"Ana Luiza Bonatto\",\"@id\":\"https:\\\/\\\/jornalboasnoticias.com.br\\\/home\\\/#\\\/schema\\\/person\\\/d641193e0afc6405b390164dac847971\"},\"headline\":\"Com entrada gratuita, anivers\u00e1rio do MON ter\u00e1 mostras in\u00e9ditas, performance e m\u00fasica\",\"datePublished\":\"2024-11-18T17:10:12+00:00\",\"mainEntityOfPage\":{\"@id\":\"https:\\\/\\\/jornalboasnoticias.com.br\\\/home\\\/com-entrada-gratuita-aniversario-do-mon-tera-mostras-ineditas-performance-e-musica\\\/\"},\"wordCount\":833,\"commentCount\":0,\"publisher\":{\"@id\":\"https:\\\/\\\/jornalboasnoticias.com.br\\\/home\\\/#organization\"},\"image\":{\"@id\":\"https:\\\/\\\/jornalboasnoticias.com.br\\\/home\\\/com-entrada-gratuita-aniversario-do-mon-tera-mostras-ineditas-performance-e-musica\\\/#primaryimage\"},\"thumbnailUrl\":\"https:\\\/\\\/jornalboasnoticias.com.br\\\/home\\\/wp-content\\\/uploads\\\/2024\\\/11\\\/fachada_mon._foto_lucas_pontes_0-scaled.jpg\",\"articleSection\":[\"DESTAQUE\",\"PARAN\u00c1\"],\"inLanguage\":\"pt-BR\",\"potentialAction\":[{\"@type\":\"CommentAction\",\"name\":\"Comment\",\"target\":[\"https:\\\/\\\/jornalboasnoticias.com.br\\\/home\\\/com-entrada-gratuita-aniversario-do-mon-tera-mostras-ineditas-performance-e-musica\\\/#respond\"]}]},{\"@type\":\"WebPage\",\"@id\":\"https:\\\/\\\/jornalboasnoticias.com.br\\\/home\\\/com-entrada-gratuita-aniversario-do-mon-tera-mostras-ineditas-performance-e-musica\\\/\",\"url\":\"https:\\\/\\\/jornalboasnoticias.com.br\\\/home\\\/com-entrada-gratuita-aniversario-do-mon-tera-mostras-ineditas-performance-e-musica\\\/\",\"name\":\"Com entrada gratuita, anivers\u00e1rio do MON ter\u00e1 mostras in\u00e9ditas, performance e m\u00fasica - Jornal\",\"isPartOf\":{\"@id\":\"https:\\\/\\\/jornalboasnoticias.com.br\\\/home\\\/#website\"},\"primaryImageOfPage\":{\"@id\":\"https:\\\/\\\/jornalboasnoticias.com.br\\\/home\\\/com-entrada-gratuita-aniversario-do-mon-tera-mostras-ineditas-performance-e-musica\\\/#primaryimage\"},\"image\":{\"@id\":\"https:\\\/\\\/jornalboasnoticias.com.br\\\/home\\\/com-entrada-gratuita-aniversario-do-mon-tera-mostras-ineditas-performance-e-musica\\\/#primaryimage\"},\"thumbnailUrl\":\"https:\\\/\\\/jornalboasnoticias.com.br\\\/home\\\/wp-content\\\/uploads\\\/2024\\\/11\\\/fachada_mon._foto_lucas_pontes_0-scaled.jpg\",\"datePublished\":\"2024-11-18T17:10:12+00:00\",\"description\":\"Com entrada gratuita, anivers\u00e1rio do MON ter\u00e1 mostras in\u00e9ditas, performance e m\u00fasica\",\"breadcrumb\":{\"@id\":\"https:\\\/\\\/jornalboasnoticias.com.br\\\/home\\\/com-entrada-gratuita-aniversario-do-mon-tera-mostras-ineditas-performance-e-musica\\\/#breadcrumb\"},\"inLanguage\":\"pt-BR\",\"potentialAction\":[{\"@type\":\"ReadAction\",\"target\":[\"https:\\\/\\\/jornalboasnoticias.com.br\\\/home\\\/com-entrada-gratuita-aniversario-do-mon-tera-mostras-ineditas-performance-e-musica\\\/\"]}]},{\"@type\":\"ImageObject\",\"inLanguage\":\"pt-BR\",\"@id\":\"https:\\\/\\\/jornalboasnoticias.com.br\\\/home\\\/com-entrada-gratuita-aniversario-do-mon-tera-mostras-ineditas-performance-e-musica\\\/#primaryimage\",\"url\":\"https:\\\/\\\/jornalboasnoticias.com.br\\\/home\\\/wp-content\\\/uploads\\\/2024\\\/11\\\/fachada_mon._foto_lucas_pontes_0-scaled.jpg\",\"contentUrl\":\"https:\\\/\\\/jornalboasnoticias.com.br\\\/home\\\/wp-content\\\/uploads\\\/2024\\\/11\\\/fachada_mon._foto_lucas_pontes_0-scaled.jpg\",\"width\":2560,\"height\":1707,\"caption\":\"Foto: Lucas Pontes\"},{\"@type\":\"BreadcrumbList\",\"@id\":\"https:\\\/\\\/jornalboasnoticias.com.br\\\/home\\\/com-entrada-gratuita-aniversario-do-mon-tera-mostras-ineditas-performance-e-musica\\\/#breadcrumb\",\"itemListElement\":[{\"@type\":\"ListItem\",\"position\":1,\"name\":\"In\u00edcio\",\"item\":\"https:\\\/\\\/jornalboasnoticias.com.br\\\/home\\\/\"},{\"@type\":\"ListItem\",\"position\":2,\"name\":\"Com entrada gratuita, anivers\u00e1rio do MON ter\u00e1 mostras in\u00e9ditas, performance e m\u00fasica\"}]},{\"@type\":\"WebSite\",\"@id\":\"https:\\\/\\\/jornalboasnoticias.com.br\\\/home\\\/#website\",\"url\":\"https:\\\/\\\/jornalboasnoticias.com.br\\\/home\\\/\",\"name\":\"Jornal Boas Not\u00edcias\",\"description\":\"Boas not\u00edcias\",\"publisher\":{\"@id\":\"https:\\\/\\\/jornalboasnoticias.com.br\\\/home\\\/#organization\"},\"potentialAction\":[{\"@type\":\"SearchAction\",\"target\":{\"@type\":\"EntryPoint\",\"urlTemplate\":\"https:\\\/\\\/jornalboasnoticias.com.br\\\/home\\\/?s={search_term_string}\"},\"query-input\":{\"@type\":\"PropertyValueSpecification\",\"valueRequired\":true,\"valueName\":\"search_term_string\"}}],\"inLanguage\":\"pt-BR\"},{\"@type\":\"Organization\",\"@id\":\"https:\\\/\\\/jornalboasnoticias.com.br\\\/home\\\/#organization\",\"name\":\"Coq Editora Ltda\",\"alternateName\":\"Jornal Boas Noticias\",\"url\":\"https:\\\/\\\/jornalboasnoticias.com.br\\\/home\\\/\",\"logo\":{\"@type\":\"ImageObject\",\"inLanguage\":\"pt-BR\",\"@id\":\"https:\\\/\\\/jornalboasnoticias.com.br\\\/home\\\/#\\\/schema\\\/logo\\\/image\\\/\",\"url\":\"https:\\\/\\\/jornalboasnoticias.com.br\\\/home\\\/wp-content\\\/uploads\\\/2024\\\/07\\\/cropped-logo.jpg\",\"contentUrl\":\"https:\\\/\\\/jornalboasnoticias.com.br\\\/home\\\/wp-content\\\/uploads\\\/2024\\\/07\\\/cropped-logo.jpg\",\"width\":290,\"height\":142,\"caption\":\"Coq Editora Ltda\"},\"image\":{\"@id\":\"https:\\\/\\\/jornalboasnoticias.com.br\\\/home\\\/#\\\/schema\\\/logo\\\/image\\\/\"},\"sameAs\":[\"https:\\\/\\\/www.facebook.com\\\/boasnoticiasjornal\"]},{\"@type\":\"Person\",\"@id\":\"https:\\\/\\\/jornalboasnoticias.com.br\\\/home\\\/#\\\/schema\\\/person\\\/d641193e0afc6405b390164dac847971\",\"name\":\"Ana Luiza Bonatto\",\"image\":{\"@type\":\"ImageObject\",\"inLanguage\":\"pt-BR\",\"@id\":\"https:\\\/\\\/secure.gravatar.com\\\/avatar\\\/8a055ebe6373371f67ac6fcf313c0ac0b0a91157fdcdb9514fa62927373348f0?s=96&d=mm&r=g\",\"url\":\"https:\\\/\\\/secure.gravatar.com\\\/avatar\\\/8a055ebe6373371f67ac6fcf313c0ac0b0a91157fdcdb9514fa62927373348f0?s=96&d=mm&r=g\",\"contentUrl\":\"https:\\\/\\\/secure.gravatar.com\\\/avatar\\\/8a055ebe6373371f67ac6fcf313c0ac0b0a91157fdcdb9514fa62927373348f0?s=96&d=mm&r=g\",\"caption\":\"Ana Luiza Bonatto\"},\"url\":\"https:\\\/\\\/jornalboasnoticias.com.br\\\/home\\\/author\\\/ana-luiza\\\/\"}]}<\/script>\n<!-- \/ Yoast SEO plugin. -->","yoast_head_json":{"title":"Com entrada gratuita, anivers\u00e1rio do MON ter\u00e1 mostras in\u00e9ditas, performance e m\u00fasica - Jornal","description":"Com entrada gratuita, anivers\u00e1rio do MON ter\u00e1 mostras in\u00e9ditas, performance e m\u00fasica","robots":{"index":"index","follow":"follow","max-snippet":"max-snippet:-1","max-image-preview":"max-image-preview:large","max-video-preview":"max-video-preview:-1"},"canonical":"https:\/\/jornalboasnoticias.com.br\/home\/com-entrada-gratuita-aniversario-do-mon-tera-mostras-ineditas-performance-e-musica\/","og_locale":"pt_BR","og_type":"article","og_title":"Com entrada gratuita, anivers\u00e1rio do MON ter\u00e1 mostras in\u00e9ditas, performance e m\u00fasica - Jornal","og_description":"Com entrada gratuita, anivers\u00e1rio do MON ter\u00e1 mostras in\u00e9ditas, performance e m\u00fasica","og_url":"https:\/\/jornalboasnoticias.com.br\/home\/com-entrada-gratuita-aniversario-do-mon-tera-mostras-ineditas-performance-e-musica\/","og_site_name":"Jornal","article_publisher":"https:\/\/www.facebook.com\/boasnoticiasjornal","article_published_time":"2024-11-18T17:10:12+00:00","og_image":[{"width":2560,"height":1707,"url":"https:\/\/jornalboasnoticias.com.br\/home\/wp-content\/uploads\/2024\/11\/fachada_mon._foto_lucas_pontes_0-scaled.jpg","type":"image\/jpeg"}],"author":"Ana Luiza Bonatto","twitter_card":"summary_large_image","twitter_misc":{"Escrito por":"Ana Luiza Bonatto","Est. tempo de leitura":"5 minutos"},"schema":{"@context":"https:\/\/schema.org","@graph":[{"@type":"Article","@id":"https:\/\/jornalboasnoticias.com.br\/home\/com-entrada-gratuita-aniversario-do-mon-tera-mostras-ineditas-performance-e-musica\/#article","isPartOf":{"@id":"https:\/\/jornalboasnoticias.com.br\/home\/com-entrada-gratuita-aniversario-do-mon-tera-mostras-ineditas-performance-e-musica\/"},"author":{"name":"Ana Luiza Bonatto","@id":"https:\/\/jornalboasnoticias.com.br\/home\/#\/schema\/person\/d641193e0afc6405b390164dac847971"},"headline":"Com entrada gratuita, anivers\u00e1rio do MON ter\u00e1 mostras in\u00e9ditas, performance e m\u00fasica","datePublished":"2024-11-18T17:10:12+00:00","mainEntityOfPage":{"@id":"https:\/\/jornalboasnoticias.com.br\/home\/com-entrada-gratuita-aniversario-do-mon-tera-mostras-ineditas-performance-e-musica\/"},"wordCount":833,"commentCount":0,"publisher":{"@id":"https:\/\/jornalboasnoticias.com.br\/home\/#organization"},"image":{"@id":"https:\/\/jornalboasnoticias.com.br\/home\/com-entrada-gratuita-aniversario-do-mon-tera-mostras-ineditas-performance-e-musica\/#primaryimage"},"thumbnailUrl":"https:\/\/jornalboasnoticias.com.br\/home\/wp-content\/uploads\/2024\/11\/fachada_mon._foto_lucas_pontes_0-scaled.jpg","articleSection":["DESTAQUE","PARAN\u00c1"],"inLanguage":"pt-BR","potentialAction":[{"@type":"CommentAction","name":"Comment","target":["https:\/\/jornalboasnoticias.com.br\/home\/com-entrada-gratuita-aniversario-do-mon-tera-mostras-ineditas-performance-e-musica\/#respond"]}]},{"@type":"WebPage","@id":"https:\/\/jornalboasnoticias.com.br\/home\/com-entrada-gratuita-aniversario-do-mon-tera-mostras-ineditas-performance-e-musica\/","url":"https:\/\/jornalboasnoticias.com.br\/home\/com-entrada-gratuita-aniversario-do-mon-tera-mostras-ineditas-performance-e-musica\/","name":"Com entrada gratuita, anivers\u00e1rio do MON ter\u00e1 mostras in\u00e9ditas, performance e m\u00fasica - Jornal","isPartOf":{"@id":"https:\/\/jornalboasnoticias.com.br\/home\/#website"},"primaryImageOfPage":{"@id":"https:\/\/jornalboasnoticias.com.br\/home\/com-entrada-gratuita-aniversario-do-mon-tera-mostras-ineditas-performance-e-musica\/#primaryimage"},"image":{"@id":"https:\/\/jornalboasnoticias.com.br\/home\/com-entrada-gratuita-aniversario-do-mon-tera-mostras-ineditas-performance-e-musica\/#primaryimage"},"thumbnailUrl":"https:\/\/jornalboasnoticias.com.br\/home\/wp-content\/uploads\/2024\/11\/fachada_mon._foto_lucas_pontes_0-scaled.jpg","datePublished":"2024-11-18T17:10:12+00:00","description":"Com entrada gratuita, anivers\u00e1rio do MON ter\u00e1 mostras in\u00e9ditas, performance e m\u00fasica","breadcrumb":{"@id":"https:\/\/jornalboasnoticias.com.br\/home\/com-entrada-gratuita-aniversario-do-mon-tera-mostras-ineditas-performance-e-musica\/#breadcrumb"},"inLanguage":"pt-BR","potentialAction":[{"@type":"ReadAction","target":["https:\/\/jornalboasnoticias.com.br\/home\/com-entrada-gratuita-aniversario-do-mon-tera-mostras-ineditas-performance-e-musica\/"]}]},{"@type":"ImageObject","inLanguage":"pt-BR","@id":"https:\/\/jornalboasnoticias.com.br\/home\/com-entrada-gratuita-aniversario-do-mon-tera-mostras-ineditas-performance-e-musica\/#primaryimage","url":"https:\/\/jornalboasnoticias.com.br\/home\/wp-content\/uploads\/2024\/11\/fachada_mon._foto_lucas_pontes_0-scaled.jpg","contentUrl":"https:\/\/jornalboasnoticias.com.br\/home\/wp-content\/uploads\/2024\/11\/fachada_mon._foto_lucas_pontes_0-scaled.jpg","width":2560,"height":1707,"caption":"Foto: Lucas Pontes"},{"@type":"BreadcrumbList","@id":"https:\/\/jornalboasnoticias.com.br\/home\/com-entrada-gratuita-aniversario-do-mon-tera-mostras-ineditas-performance-e-musica\/#breadcrumb","itemListElement":[{"@type":"ListItem","position":1,"name":"In\u00edcio","item":"https:\/\/jornalboasnoticias.com.br\/home\/"},{"@type":"ListItem","position":2,"name":"Com entrada gratuita, anivers\u00e1rio do MON ter\u00e1 mostras in\u00e9ditas, performance e m\u00fasica"}]},{"@type":"WebSite","@id":"https:\/\/jornalboasnoticias.com.br\/home\/#website","url":"https:\/\/jornalboasnoticias.com.br\/home\/","name":"Jornal Boas Not\u00edcias","description":"Boas not\u00edcias","publisher":{"@id":"https:\/\/jornalboasnoticias.com.br\/home\/#organization"},"potentialAction":[{"@type":"SearchAction","target":{"@type":"EntryPoint","urlTemplate":"https:\/\/jornalboasnoticias.com.br\/home\/?s={search_term_string}"},"query-input":{"@type":"PropertyValueSpecification","valueRequired":true,"valueName":"search_term_string"}}],"inLanguage":"pt-BR"},{"@type":"Organization","@id":"https:\/\/jornalboasnoticias.com.br\/home\/#organization","name":"Coq Editora Ltda","alternateName":"Jornal Boas Noticias","url":"https:\/\/jornalboasnoticias.com.br\/home\/","logo":{"@type":"ImageObject","inLanguage":"pt-BR","@id":"https:\/\/jornalboasnoticias.com.br\/home\/#\/schema\/logo\/image\/","url":"https:\/\/jornalboasnoticias.com.br\/home\/wp-content\/uploads\/2024\/07\/cropped-logo.jpg","contentUrl":"https:\/\/jornalboasnoticias.com.br\/home\/wp-content\/uploads\/2024\/07\/cropped-logo.jpg","width":290,"height":142,"caption":"Coq Editora Ltda"},"image":{"@id":"https:\/\/jornalboasnoticias.com.br\/home\/#\/schema\/logo\/image\/"},"sameAs":["https:\/\/www.facebook.com\/boasnoticiasjornal"]},{"@type":"Person","@id":"https:\/\/jornalboasnoticias.com.br\/home\/#\/schema\/person\/d641193e0afc6405b390164dac847971","name":"Ana Luiza Bonatto","image":{"@type":"ImageObject","inLanguage":"pt-BR","@id":"https:\/\/secure.gravatar.com\/avatar\/8a055ebe6373371f67ac6fcf313c0ac0b0a91157fdcdb9514fa62927373348f0?s=96&d=mm&r=g","url":"https:\/\/secure.gravatar.com\/avatar\/8a055ebe6373371f67ac6fcf313c0ac0b0a91157fdcdb9514fa62927373348f0?s=96&d=mm&r=g","contentUrl":"https:\/\/secure.gravatar.com\/avatar\/8a055ebe6373371f67ac6fcf313c0ac0b0a91157fdcdb9514fa62927373348f0?s=96&d=mm&r=g","caption":"Ana Luiza Bonatto"},"url":"https:\/\/jornalboasnoticias.com.br\/home\/author\/ana-luiza\/"}]}},"_links":{"self":[{"href":"https:\/\/jornalboasnoticias.com.br\/home\/wp-json\/wp\/v2\/posts\/45321","targetHints":{"allow":["GET"]}}],"collection":[{"href":"https:\/\/jornalboasnoticias.com.br\/home\/wp-json\/wp\/v2\/posts"}],"about":[{"href":"https:\/\/jornalboasnoticias.com.br\/home\/wp-json\/wp\/v2\/types\/post"}],"author":[{"embeddable":true,"href":"https:\/\/jornalboasnoticias.com.br\/home\/wp-json\/wp\/v2\/users\/4"}],"replies":[{"embeddable":true,"href":"https:\/\/jornalboasnoticias.com.br\/home\/wp-json\/wp\/v2\/comments?post=45321"}],"version-history":[{"count":1,"href":"https:\/\/jornalboasnoticias.com.br\/home\/wp-json\/wp\/v2\/posts\/45321\/revisions"}],"predecessor-version":[{"id":45323,"href":"https:\/\/jornalboasnoticias.com.br\/home\/wp-json\/wp\/v2\/posts\/45321\/revisions\/45323"}],"wp:featuredmedia":[{"embeddable":true,"href":"https:\/\/jornalboasnoticias.com.br\/home\/wp-json\/wp\/v2\/media\/45322"}],"wp:attachment":[{"href":"https:\/\/jornalboasnoticias.com.br\/home\/wp-json\/wp\/v2\/media?parent=45321"}],"wp:term":[{"taxonomy":"category","embeddable":true,"href":"https:\/\/jornalboasnoticias.com.br\/home\/wp-json\/wp\/v2\/categories?post=45321"},{"taxonomy":"post_tag","embeddable":true,"href":"https:\/\/jornalboasnoticias.com.br\/home\/wp-json\/wp\/v2\/tags?post=45321"}],"curies":[{"name":"wp","href":"https:\/\/api.w.org\/{rel}","templated":true}]}}