{"id":45318,"date":"2024-11-18T17:08:20","date_gmt":"2024-11-18T17:08:20","guid":{"rendered":"https:\/\/jornalboasnoticias.com.br\/home\/?p=45318"},"modified":"2024-11-18T17:08:20","modified_gmt":"2024-11-18T17:08:20","slug":"governo-investe-r-262-milhoes-em-89-obras-da-regiao-metropolitana-de-curitiba","status":"publish","type":"post","link":"https:\/\/jornalboasnoticias.com.br\/home\/governo-investe-r-262-milhoes-em-89-obras-da-regiao-metropolitana-de-curitiba\/","title":{"rendered":"Governo investe R$ 262 milh\u00f5es em 89 obras da Regi\u00e3o Metropolitana de Curitiba"},"content":{"rendered":"<div class=\"not-escopo-destaque\">\n<div>\n<figure id=\"attachment_45319\" aria-describedby=\"caption-attachment-45319\" style=\"width: 2560px\" class=\"wp-caption alignnone\"><img loading=\"lazy\" decoding=\"async\" class=\"size-full wp-image-45319\" src=\"https:\/\/jornalboasnoticias.com.br\/home\/wp-content\/uploads\/2024\/11\/araucaria_creche_1-scaled.jpg\" alt=\"\" width=\"2560\" height=\"1707\" srcset=\"https:\/\/jornalboasnoticias.com.br\/home\/wp-content\/uploads\/2024\/11\/araucaria_creche_1-scaled.jpg 2560w, https:\/\/jornalboasnoticias.com.br\/home\/wp-content\/uploads\/2024\/11\/araucaria_creche_1-300x200.jpg 300w, https:\/\/jornalboasnoticias.com.br\/home\/wp-content\/uploads\/2024\/11\/araucaria_creche_1-1024x683.jpg 1024w, https:\/\/jornalboasnoticias.com.br\/home\/wp-content\/uploads\/2024\/11\/araucaria_creche_1-768x512.jpg 768w, https:\/\/jornalboasnoticias.com.br\/home\/wp-content\/uploads\/2024\/11\/araucaria_creche_1-1536x1024.jpg 1536w, https:\/\/jornalboasnoticias.com.br\/home\/wp-content\/uploads\/2024\/11\/araucaria_creche_1-2048x1365.jpg 2048w, https:\/\/jornalboasnoticias.com.br\/home\/wp-content\/uploads\/2024\/11\/araucaria_creche_1-900x600.jpg 900w\" sizes=\"auto, (max-width: 2560px) 100vw, 2560px\" \/><figcaption id=\"caption-attachment-45319\" class=\"wp-caption-text\">Foto: Valdelino Pontes\/SECID-PR<\/figcaption><\/figure>\n<\/div>\n<\/div>\n<blockquote>\n<div class=\"not-escopo-destaque\">\n<div class=\"field field--name-field-escopo-destaque field--type-string-long field--label-hidden field--item\">Deste total, R$ 127 milh\u00f5es s\u00e3o investidos em 51 a\u00e7\u00f5es com recursos da modalidade de Transfer\u00eancia Volunt\u00e1ria, via Secretaria das Cidades, ou seja, a fundo perdido, quando a prefeitura n\u00e3o necessita devolver aos cofres p\u00fablicos<\/div>\n<\/div>\n<\/blockquote>\n<div>\n<p>O Paran\u00e1 est\u00e1 investindo R$ 262 milh\u00f5es em 89 obras na Regi\u00e3o Metropolitana de Curitiba (RMC) em diversas a\u00e7\u00f5es, entre obras e equipamentos por meio da Secretaria de Estado das Cidades (Secid). Deste total, s\u00e3o R$ 127 milh\u00f5es em 51 a\u00e7\u00f5es com recursos da modalidade de Transfer\u00eancia Volunt\u00e1ria, via Secid, ou seja, a fundo perdido, quando a prefeitura n\u00e3o necessita devolver aos cofres p\u00fablicos. Outros R$ 135 milh\u00f5es s\u00e3o em 38 a\u00e7\u00f5es atrav\u00e9s do Sistema de Financiamento aos Munic\u00edpios (SFM), linha de cr\u00e9dito operada por meio do Servi\u00e7o Social Aut\u00f4nomo Paranacidade, que \u00e9 vinculado \u00e0 Secid e \u00e0 Fomento Paran\u00e1.<\/p>\n<p>Segundo dados do Censo Demogr\u00e1fico 2022, a RMC \u00e9 a oitava mais populosa regi\u00e3o metropolitana do Brasil, com mais de 3,5 milh\u00f5es de habitantes e a segunda maior do pa\u00eds em extens\u00e3o, com 16,5 mil km\u00b2. Al\u00e9m disso,\u00a0 concentra 31,6% da popula\u00e7\u00e3o paranaense, contemplando 29 munic\u00edpios. De acordo com a secret\u00e1ria das Cidades, Camila Mileke Scucato, os investimentos acontecem em todas as regi\u00f5es do Paran\u00e1. \u201cEssa \u00e9 uma determina\u00e7\u00e3o do governador Carlos Massa Ratinho Junior, de investir em todos os munic\u00edpios com a\u00e7\u00f5es que oferecem mais qualidade de vida e sustentabilidade, impactando diretamente nas ruas e nos bairros das cidades\u201d. Camila destacou que na RMC \u00e9 um trabalho conjunto. \u201cE no caso da Regi\u00e3o Metropolitana de Curitiba, h\u00e1 necessidade da Secid, Paranacidade e Amep [Ag\u00eancia de Assuntos Metropolitanos do Paran\u00e1] trabalharem de forma integrada a fim de encontrar solu\u00e7\u00f5es para o transporte coletivo, na sa\u00fade, seguran\u00e7a, meio ambiente, zoneamento urbano e na gera\u00e7\u00e3o de empregos\u201d, ressalta a secret\u00e1ria.<\/p>\n<p>Os munic\u00edpios pertencentes da regi\u00e3o recebem investimentos nas mais diversas \u00e1reas e equipamentos p\u00fablicos. Entre eles: pavimenta\u00e7\u00e3o de vias urbanas, estradas vicinais, pontes, cal\u00e7adas e urbanismo, ilumina\u00e7\u00e3o p\u00fablica, Meu Campinho, gin\u00e1sios de esportes, escolas, creches, postos de sa\u00fade, restaurantes populares, barrac\u00f5es industriais, capelas mortu\u00e1rias, ve\u00edculos, equipamentos rodovi\u00e1rios, dentre outros.<\/p>\n<p><strong>PAVIMENTA\u00c7\u00c3O DE VIAS \u2013\u00a0<\/strong>A maior parte dos investimentos se concentra na pavimenta\u00e7\u00e3o de vias urbanas e cal\u00e7adas. Atualmente, s\u00e3o mais de R$ 160 milh\u00f5es em execu\u00e7\u00e3o, sendo R$ 78 milh\u00f5es a fundo perdido. Quatro Barras, por exemplo, recebe mais de R$ 4,5 milh\u00f5es do Estado por meio de transfer\u00eancia volunt\u00e1ria para obras de pavimenta\u00e7\u00e3o e cal\u00e7adas em diversas vias urbanas. De acordo com o prefeito Loreno Bernardo Tolardo, a parceria com o governo \u00a0\u00e9 fundamental para o desenvolvimento do munic\u00edpio. \u201cO governo do Paran\u00e1 \u00e9 parceiro de Quatro Barras em todos os momentos. \u00a0Eu agrade\u00e7o o governador Ratinho Junior com as obras de infraestrutura, pavimenta\u00e7\u00e3o, al\u00e9m de um programa de revitaliza\u00e7\u00e3o das cal\u00e7adas p\u00fablicas, que al\u00e9m do desenvolvimento, traz mais conforto e qualidade de vida para a popula\u00e7\u00e3o\u201d, disse o prefeito.<\/p>\n<p>Boa parte do montante investido em pavimenta\u00e7\u00e3o na RMC acontece em diversas vias de Colombo, citando os bairros Paloma; Jardim Curitiba; S\u00e3o Gabriel; Jardim das Gra\u00e7as; Liberdade; Guaraituba; Imbuia; S\u00e3o Dimas e Guarani que juntos recebem mais de R$ 24 milh\u00f5es por meio de transfer\u00eancia volunt\u00e1ria, totalizando um investimento de R$ 52 milh\u00f5es em asfalto no munic\u00edpio, somando com outras obras de pavimenta\u00e7\u00e3o via SFM.<\/p>\n<p>Em Balsa Nova, ruas do Centro e no Distrito Industrial est\u00e3o com 38% das obras j\u00e1 executadas e recebem R$ 5,6 milh\u00f5es a fundo perdido, atrav\u00e9s do programa Asfalto Novo, Vida Nova.<\/p>\n<p>Com R$ 1,6 milh\u00e3o de investimento por transfer\u00eancia volunt\u00e1ria, Mandirituba tamb\u00e9m recebe pavimenta\u00e7\u00e3o no Distrito de Areia Branca dos Assis. A obra j\u00e1 alcan\u00e7ou 59% do projeto. A dona de casa Angelita Vierhller comemora a chegada do asfalto em frente da sua casa. \u201cP\u00f3 e lama nunca mais. De hoje em diante s\u00f3 coisas boas. Quando chovia a gente n\u00e3o podia sair que sujava os sapatos, a roupa e agora a gente chega nos lugares limpos, al\u00e9m de respirar melhor sem a poeira\u201d, comenta a moradora.<\/p>\n<p><strong>ESTRADA VICINAL \u2013\u00a0<\/strong>As estradas vicinais tamb\u00e9m recebem um importante montante. Somando o aporte por transfer\u00eancia volunt\u00e1ria e SFM, o valor em execu\u00e7\u00e3o chega a R$ 55 milh\u00f5es. Exemplo disso \u00e9 o que acontece em S\u00e3o Jos\u00e9 dos Pinhais, com R$ 17 milh\u00f5es em investimentos via SFM, em tr\u00eas a\u00e7\u00f5es que acontecem nos bairros Campina do Taquaral; Col\u00f4nias Muricy e Malhada; al\u00e9m da Estrada da Roseira no Bairro S\u00e3o Sebasti\u00e3o. Os outros munic\u00edpios da RMC que possuem obras de pavimenta\u00e7\u00e3o de estradas vicinais s\u00e3o Almirante Tamandar\u00e9, Balsa Nova, Contenda e Pi\u00ean.<\/p>\n<p><strong>EDUCA\u00c7\u00c3O \u2013\u00a0<\/strong>Na \u00e1rea da educa\u00e7\u00e3o, Pi\u00ean tem em constru\u00e7\u00e3o uma escola municipal no Centro do munic\u00edpio, que j\u00e1 realizou 22% da obra com recursos a fundo perdido, no valor de R$ 2,9 milh\u00f5es. J\u00e1 o munic\u00edpio de Arauc\u00e1ria tem em fase final a obra de uma creche no bairro Boqueir\u00e3o, via SFM, no valor total de R$ 5,6 milh\u00f5es.<\/p>\n<p><strong>ESPORTE \u00a0\u2013\u00a0<\/strong>No esporte s\u00e3o mais de R$ 2,6 milh\u00f5es em execu\u00e7\u00e3o na RMC para tr\u00eas unidades Meu Campinho, nos munic\u00edpios de Campina Grande do Sul, Fazenda Rio Grande e Tijucas do Sul, al\u00e9m de uma reforma de um gin\u00e1sio de esportes em Contenda. O projeto Meu Campinho consiste na constru\u00e7\u00e3o de um campo de futebol com grama sint\u00e9tica, alambrado, ilumina\u00e7\u00e3o, paisagismo e demais itens.<\/p>\n<p><strong>IND\u00daSTRIA \u2013<\/strong>\u00a0Outro exemplo de investimentos do governo do Estado nos munic\u00edpios acontece na constru\u00e7\u00e3o de barrac\u00f5es industriais. Com 90% da constru\u00e7\u00e3o j\u00e1 conclu\u00edda, Tijucas do Sul ter\u00e1 o novo empreendimento na Rodovia PR &#8211; 281 \u2013 Colono, com valor total da obra de R$ 1 milh\u00e3o a fundo perdido. Em Mandirituba tamb\u00e9m acontece a execu\u00e7\u00e3o de um barrac\u00e3o industrial no bairro Lagoinha, com investimento de R$ 1,1 milh\u00e3o, tamb\u00e9m via transfer\u00eancia volunt\u00e1ria e com 72% da obra j\u00e1 realizada.<\/p>\n<\/div>\n","protected":false},"excerpt":{"rendered":"<p>Deste total, R$ 127 milh\u00f5es s\u00e3o investidos em 51 a\u00e7\u00f5es com recursos da modalidade de<\/p>\n","protected":false},"author":4,"featured_media":45319,"comment_status":"open","ping_status":"open","sticky":false,"template":"","format":"standard","meta":{"footnotes":""},"categories":[3,4],"tags":[],"class_list":["post-45318","post","type-post","status-publish","format-standard","has-post-thumbnail","hentry","category-destaques","category-parana"],"yoast_head":"<!-- This site is optimized with the Yoast SEO plugin v27.5 - https:\/\/yoast.com\/product\/yoast-seo-wordpress\/ -->\n<title>Governo investe R$ 262 milh\u00f5es em 89 obras da Regi\u00e3o Metropolitana de Curitiba - Jornal<\/title>\n<meta name=\"description\" content=\"Governo investe R$ 262 milh\u00f5es em 89 obras da Regi\u00e3o Metropolitana de Curitiba\" \/>\n<meta name=\"robots\" content=\"index, follow, max-snippet:-1, max-image-preview:large, max-video-preview:-1\" \/>\n<link rel=\"canonical\" href=\"https:\/\/jornalboasnoticias.com.br\/home\/governo-investe-r-262-milhoes-em-89-obras-da-regiao-metropolitana-de-curitiba\/\" \/>\n<meta property=\"og:locale\" content=\"pt_BR\" \/>\n<meta property=\"og:type\" content=\"article\" \/>\n<meta property=\"og:title\" content=\"Governo investe R$ 262 milh\u00f5es em 89 obras da Regi\u00e3o Metropolitana de Curitiba - Jornal\" \/>\n<meta property=\"og:description\" content=\"Governo investe R$ 262 milh\u00f5es em 89 obras da Regi\u00e3o Metropolitana de Curitiba\" \/>\n<meta property=\"og:url\" content=\"https:\/\/jornalboasnoticias.com.br\/home\/governo-investe-r-262-milhoes-em-89-obras-da-regiao-metropolitana-de-curitiba\/\" \/>\n<meta property=\"og:site_name\" content=\"Jornal\" \/>\n<meta property=\"article:publisher\" content=\"https:\/\/www.facebook.com\/boasnoticiasjornal\" \/>\n<meta property=\"article:published_time\" content=\"2024-11-18T17:08:20+00:00\" \/>\n<meta property=\"og:image\" content=\"https:\/\/jornalboasnoticias.com.br\/home\/wp-content\/uploads\/2024\/11\/araucaria_creche_1-scaled.jpg\" \/>\n\t<meta property=\"og:image:width\" content=\"2560\" \/>\n\t<meta property=\"og:image:height\" content=\"1707\" \/>\n\t<meta property=\"og:image:type\" content=\"image\/jpeg\" \/>\n<meta name=\"author\" content=\"Ana Luiza Bonatto\" \/>\n<meta name=\"twitter:card\" content=\"summary_large_image\" \/>\n<meta name=\"twitter:label1\" content=\"Escrito por\" \/>\n\t<meta name=\"twitter:data1\" content=\"Ana Luiza Bonatto\" \/>\n\t<meta name=\"twitter:label2\" content=\"Est. tempo de leitura\" \/>\n\t<meta name=\"twitter:data2\" content=\"6 minutos\" \/>\n<script type=\"application\/ld+json\" class=\"yoast-schema-graph\">{\"@context\":\"https:\\\/\\\/schema.org\",\"@graph\":[{\"@type\":\"Article\",\"@id\":\"https:\\\/\\\/jornalboasnoticias.com.br\\\/home\\\/governo-investe-r-262-milhoes-em-89-obras-da-regiao-metropolitana-de-curitiba\\\/#article\",\"isPartOf\":{\"@id\":\"https:\\\/\\\/jornalboasnoticias.com.br\\\/home\\\/governo-investe-r-262-milhoes-em-89-obras-da-regiao-metropolitana-de-curitiba\\\/\"},\"author\":{\"name\":\"Ana Luiza Bonatto\",\"@id\":\"https:\\\/\\\/jornalboasnoticias.com.br\\\/home\\\/#\\\/schema\\\/person\\\/d641193e0afc6405b390164dac847971\"},\"headline\":\"Governo investe R$ 262 milh\u00f5es em 89 obras da Regi\u00e3o Metropolitana de Curitiba\",\"datePublished\":\"2024-11-18T17:08:20+00:00\",\"mainEntityOfPage\":{\"@id\":\"https:\\\/\\\/jornalboasnoticias.com.br\\\/home\\\/governo-investe-r-262-milhoes-em-89-obras-da-regiao-metropolitana-de-curitiba\\\/\"},\"wordCount\":1080,\"commentCount\":0,\"publisher\":{\"@id\":\"https:\\\/\\\/jornalboasnoticias.com.br\\\/home\\\/#organization\"},\"image\":{\"@id\":\"https:\\\/\\\/jornalboasnoticias.com.br\\\/home\\\/governo-investe-r-262-milhoes-em-89-obras-da-regiao-metropolitana-de-curitiba\\\/#primaryimage\"},\"thumbnailUrl\":\"https:\\\/\\\/jornalboasnoticias.com.br\\\/home\\\/wp-content\\\/uploads\\\/2024\\\/11\\\/araucaria_creche_1-scaled.jpg\",\"articleSection\":[\"DESTAQUE\",\"PARAN\u00c1\"],\"inLanguage\":\"pt-BR\",\"potentialAction\":[{\"@type\":\"CommentAction\",\"name\":\"Comment\",\"target\":[\"https:\\\/\\\/jornalboasnoticias.com.br\\\/home\\\/governo-investe-r-262-milhoes-em-89-obras-da-regiao-metropolitana-de-curitiba\\\/#respond\"]}]},{\"@type\":\"WebPage\",\"@id\":\"https:\\\/\\\/jornalboasnoticias.com.br\\\/home\\\/governo-investe-r-262-milhoes-em-89-obras-da-regiao-metropolitana-de-curitiba\\\/\",\"url\":\"https:\\\/\\\/jornalboasnoticias.com.br\\\/home\\\/governo-investe-r-262-milhoes-em-89-obras-da-regiao-metropolitana-de-curitiba\\\/\",\"name\":\"Governo investe R$ 262 milh\u00f5es em 89 obras da Regi\u00e3o Metropolitana de Curitiba - Jornal\",\"isPartOf\":{\"@id\":\"https:\\\/\\\/jornalboasnoticias.com.br\\\/home\\\/#website\"},\"primaryImageOfPage\":{\"@id\":\"https:\\\/\\\/jornalboasnoticias.com.br\\\/home\\\/governo-investe-r-262-milhoes-em-89-obras-da-regiao-metropolitana-de-curitiba\\\/#primaryimage\"},\"image\":{\"@id\":\"https:\\\/\\\/jornalboasnoticias.com.br\\\/home\\\/governo-investe-r-262-milhoes-em-89-obras-da-regiao-metropolitana-de-curitiba\\\/#primaryimage\"},\"thumbnailUrl\":\"https:\\\/\\\/jornalboasnoticias.com.br\\\/home\\\/wp-content\\\/uploads\\\/2024\\\/11\\\/araucaria_creche_1-scaled.jpg\",\"datePublished\":\"2024-11-18T17:08:20+00:00\",\"description\":\"Governo investe R$ 262 milh\u00f5es em 89 obras da Regi\u00e3o Metropolitana de Curitiba\",\"breadcrumb\":{\"@id\":\"https:\\\/\\\/jornalboasnoticias.com.br\\\/home\\\/governo-investe-r-262-milhoes-em-89-obras-da-regiao-metropolitana-de-curitiba\\\/#breadcrumb\"},\"inLanguage\":\"pt-BR\",\"potentialAction\":[{\"@type\":\"ReadAction\",\"target\":[\"https:\\\/\\\/jornalboasnoticias.com.br\\\/home\\\/governo-investe-r-262-milhoes-em-89-obras-da-regiao-metropolitana-de-curitiba\\\/\"]}]},{\"@type\":\"ImageObject\",\"inLanguage\":\"pt-BR\",\"@id\":\"https:\\\/\\\/jornalboasnoticias.com.br\\\/home\\\/governo-investe-r-262-milhoes-em-89-obras-da-regiao-metropolitana-de-curitiba\\\/#primaryimage\",\"url\":\"https:\\\/\\\/jornalboasnoticias.com.br\\\/home\\\/wp-content\\\/uploads\\\/2024\\\/11\\\/araucaria_creche_1-scaled.jpg\",\"contentUrl\":\"https:\\\/\\\/jornalboasnoticias.com.br\\\/home\\\/wp-content\\\/uploads\\\/2024\\\/11\\\/araucaria_creche_1-scaled.jpg\",\"width\":2560,\"height\":1707,\"caption\":\"Foto: Valdelino Pontes\\\/SECID-PR\"},{\"@type\":\"BreadcrumbList\",\"@id\":\"https:\\\/\\\/jornalboasnoticias.com.br\\\/home\\\/governo-investe-r-262-milhoes-em-89-obras-da-regiao-metropolitana-de-curitiba\\\/#breadcrumb\",\"itemListElement\":[{\"@type\":\"ListItem\",\"position\":1,\"name\":\"In\u00edcio\",\"item\":\"https:\\\/\\\/jornalboasnoticias.com.br\\\/home\\\/\"},{\"@type\":\"ListItem\",\"position\":2,\"name\":\"Governo investe R$ 262 milh\u00f5es em 89 obras da Regi\u00e3o Metropolitana de Curitiba\"}]},{\"@type\":\"WebSite\",\"@id\":\"https:\\\/\\\/jornalboasnoticias.com.br\\\/home\\\/#website\",\"url\":\"https:\\\/\\\/jornalboasnoticias.com.br\\\/home\\\/\",\"name\":\"Jornal Boas Not\u00edcias\",\"description\":\"Boas not\u00edcias\",\"publisher\":{\"@id\":\"https:\\\/\\\/jornalboasnoticias.com.br\\\/home\\\/#organization\"},\"potentialAction\":[{\"@type\":\"SearchAction\",\"target\":{\"@type\":\"EntryPoint\",\"urlTemplate\":\"https:\\\/\\\/jornalboasnoticias.com.br\\\/home\\\/?s={search_term_string}\"},\"query-input\":{\"@type\":\"PropertyValueSpecification\",\"valueRequired\":true,\"valueName\":\"search_term_string\"}}],\"inLanguage\":\"pt-BR\"},{\"@type\":\"Organization\",\"@id\":\"https:\\\/\\\/jornalboasnoticias.com.br\\\/home\\\/#organization\",\"name\":\"Coq Editora Ltda\",\"alternateName\":\"Jornal Boas Noticias\",\"url\":\"https:\\\/\\\/jornalboasnoticias.com.br\\\/home\\\/\",\"logo\":{\"@type\":\"ImageObject\",\"inLanguage\":\"pt-BR\",\"@id\":\"https:\\\/\\\/jornalboasnoticias.com.br\\\/home\\\/#\\\/schema\\\/logo\\\/image\\\/\",\"url\":\"https:\\\/\\\/jornalboasnoticias.com.br\\\/home\\\/wp-content\\\/uploads\\\/2024\\\/07\\\/cropped-logo.jpg\",\"contentUrl\":\"https:\\\/\\\/jornalboasnoticias.com.br\\\/home\\\/wp-content\\\/uploads\\\/2024\\\/07\\\/cropped-logo.jpg\",\"width\":290,\"height\":142,\"caption\":\"Coq Editora Ltda\"},\"image\":{\"@id\":\"https:\\\/\\\/jornalboasnoticias.com.br\\\/home\\\/#\\\/schema\\\/logo\\\/image\\\/\"},\"sameAs\":[\"https:\\\/\\\/www.facebook.com\\\/boasnoticiasjornal\"]},{\"@type\":\"Person\",\"@id\":\"https:\\\/\\\/jornalboasnoticias.com.br\\\/home\\\/#\\\/schema\\\/person\\\/d641193e0afc6405b390164dac847971\",\"name\":\"Ana Luiza Bonatto\",\"image\":{\"@type\":\"ImageObject\",\"inLanguage\":\"pt-BR\",\"@id\":\"https:\\\/\\\/secure.gravatar.com\\\/avatar\\\/8a055ebe6373371f67ac6fcf313c0ac0b0a91157fdcdb9514fa62927373348f0?s=96&d=mm&r=g\",\"url\":\"https:\\\/\\\/secure.gravatar.com\\\/avatar\\\/8a055ebe6373371f67ac6fcf313c0ac0b0a91157fdcdb9514fa62927373348f0?s=96&d=mm&r=g\",\"contentUrl\":\"https:\\\/\\\/secure.gravatar.com\\\/avatar\\\/8a055ebe6373371f67ac6fcf313c0ac0b0a91157fdcdb9514fa62927373348f0?s=96&d=mm&r=g\",\"caption\":\"Ana Luiza Bonatto\"},\"url\":\"https:\\\/\\\/jornalboasnoticias.com.br\\\/home\\\/author\\\/ana-luiza\\\/\"}]}<\/script>\n<!-- \/ Yoast SEO plugin. -->","yoast_head_json":{"title":"Governo investe R$ 262 milh\u00f5es em 89 obras da Regi\u00e3o Metropolitana de Curitiba - Jornal","description":"Governo investe R$ 262 milh\u00f5es em 89 obras da Regi\u00e3o Metropolitana de Curitiba","robots":{"index":"index","follow":"follow","max-snippet":"max-snippet:-1","max-image-preview":"max-image-preview:large","max-video-preview":"max-video-preview:-1"},"canonical":"https:\/\/jornalboasnoticias.com.br\/home\/governo-investe-r-262-milhoes-em-89-obras-da-regiao-metropolitana-de-curitiba\/","og_locale":"pt_BR","og_type":"article","og_title":"Governo investe R$ 262 milh\u00f5es em 89 obras da Regi\u00e3o Metropolitana de Curitiba - Jornal","og_description":"Governo investe R$ 262 milh\u00f5es em 89 obras da Regi\u00e3o Metropolitana de Curitiba","og_url":"https:\/\/jornalboasnoticias.com.br\/home\/governo-investe-r-262-milhoes-em-89-obras-da-regiao-metropolitana-de-curitiba\/","og_site_name":"Jornal","article_publisher":"https:\/\/www.facebook.com\/boasnoticiasjornal","article_published_time":"2024-11-18T17:08:20+00:00","og_image":[{"width":2560,"height":1707,"url":"https:\/\/jornalboasnoticias.com.br\/home\/wp-content\/uploads\/2024\/11\/araucaria_creche_1-scaled.jpg","type":"image\/jpeg"}],"author":"Ana Luiza Bonatto","twitter_card":"summary_large_image","twitter_misc":{"Escrito por":"Ana Luiza Bonatto","Est. tempo de leitura":"6 minutos"},"schema":{"@context":"https:\/\/schema.org","@graph":[{"@type":"Article","@id":"https:\/\/jornalboasnoticias.com.br\/home\/governo-investe-r-262-milhoes-em-89-obras-da-regiao-metropolitana-de-curitiba\/#article","isPartOf":{"@id":"https:\/\/jornalboasnoticias.com.br\/home\/governo-investe-r-262-milhoes-em-89-obras-da-regiao-metropolitana-de-curitiba\/"},"author":{"name":"Ana Luiza Bonatto","@id":"https:\/\/jornalboasnoticias.com.br\/home\/#\/schema\/person\/d641193e0afc6405b390164dac847971"},"headline":"Governo investe R$ 262 milh\u00f5es em 89 obras da Regi\u00e3o Metropolitana de Curitiba","datePublished":"2024-11-18T17:08:20+00:00","mainEntityOfPage":{"@id":"https:\/\/jornalboasnoticias.com.br\/home\/governo-investe-r-262-milhoes-em-89-obras-da-regiao-metropolitana-de-curitiba\/"},"wordCount":1080,"commentCount":0,"publisher":{"@id":"https:\/\/jornalboasnoticias.com.br\/home\/#organization"},"image":{"@id":"https:\/\/jornalboasnoticias.com.br\/home\/governo-investe-r-262-milhoes-em-89-obras-da-regiao-metropolitana-de-curitiba\/#primaryimage"},"thumbnailUrl":"https:\/\/jornalboasnoticias.com.br\/home\/wp-content\/uploads\/2024\/11\/araucaria_creche_1-scaled.jpg","articleSection":["DESTAQUE","PARAN\u00c1"],"inLanguage":"pt-BR","potentialAction":[{"@type":"CommentAction","name":"Comment","target":["https:\/\/jornalboasnoticias.com.br\/home\/governo-investe-r-262-milhoes-em-89-obras-da-regiao-metropolitana-de-curitiba\/#respond"]}]},{"@type":"WebPage","@id":"https:\/\/jornalboasnoticias.com.br\/home\/governo-investe-r-262-milhoes-em-89-obras-da-regiao-metropolitana-de-curitiba\/","url":"https:\/\/jornalboasnoticias.com.br\/home\/governo-investe-r-262-milhoes-em-89-obras-da-regiao-metropolitana-de-curitiba\/","name":"Governo investe R$ 262 milh\u00f5es em 89 obras da Regi\u00e3o Metropolitana de Curitiba - Jornal","isPartOf":{"@id":"https:\/\/jornalboasnoticias.com.br\/home\/#website"},"primaryImageOfPage":{"@id":"https:\/\/jornalboasnoticias.com.br\/home\/governo-investe-r-262-milhoes-em-89-obras-da-regiao-metropolitana-de-curitiba\/#primaryimage"},"image":{"@id":"https:\/\/jornalboasnoticias.com.br\/home\/governo-investe-r-262-milhoes-em-89-obras-da-regiao-metropolitana-de-curitiba\/#primaryimage"},"thumbnailUrl":"https:\/\/jornalboasnoticias.com.br\/home\/wp-content\/uploads\/2024\/11\/araucaria_creche_1-scaled.jpg","datePublished":"2024-11-18T17:08:20+00:00","description":"Governo investe R$ 262 milh\u00f5es em 89 obras da Regi\u00e3o Metropolitana de Curitiba","breadcrumb":{"@id":"https:\/\/jornalboasnoticias.com.br\/home\/governo-investe-r-262-milhoes-em-89-obras-da-regiao-metropolitana-de-curitiba\/#breadcrumb"},"inLanguage":"pt-BR","potentialAction":[{"@type":"ReadAction","target":["https:\/\/jornalboasnoticias.com.br\/home\/governo-investe-r-262-milhoes-em-89-obras-da-regiao-metropolitana-de-curitiba\/"]}]},{"@type":"ImageObject","inLanguage":"pt-BR","@id":"https:\/\/jornalboasnoticias.com.br\/home\/governo-investe-r-262-milhoes-em-89-obras-da-regiao-metropolitana-de-curitiba\/#primaryimage","url":"https:\/\/jornalboasnoticias.com.br\/home\/wp-content\/uploads\/2024\/11\/araucaria_creche_1-scaled.jpg","contentUrl":"https:\/\/jornalboasnoticias.com.br\/home\/wp-content\/uploads\/2024\/11\/araucaria_creche_1-scaled.jpg","width":2560,"height":1707,"caption":"Foto: Valdelino Pontes\/SECID-PR"},{"@type":"BreadcrumbList","@id":"https:\/\/jornalboasnoticias.com.br\/home\/governo-investe-r-262-milhoes-em-89-obras-da-regiao-metropolitana-de-curitiba\/#breadcrumb","itemListElement":[{"@type":"ListItem","position":1,"name":"In\u00edcio","item":"https:\/\/jornalboasnoticias.com.br\/home\/"},{"@type":"ListItem","position":2,"name":"Governo investe R$ 262 milh\u00f5es em 89 obras da Regi\u00e3o Metropolitana de Curitiba"}]},{"@type":"WebSite","@id":"https:\/\/jornalboasnoticias.com.br\/home\/#website","url":"https:\/\/jornalboasnoticias.com.br\/home\/","name":"Jornal Boas Not\u00edcias","description":"Boas not\u00edcias","publisher":{"@id":"https:\/\/jornalboasnoticias.com.br\/home\/#organization"},"potentialAction":[{"@type":"SearchAction","target":{"@type":"EntryPoint","urlTemplate":"https:\/\/jornalboasnoticias.com.br\/home\/?s={search_term_string}"},"query-input":{"@type":"PropertyValueSpecification","valueRequired":true,"valueName":"search_term_string"}}],"inLanguage":"pt-BR"},{"@type":"Organization","@id":"https:\/\/jornalboasnoticias.com.br\/home\/#organization","name":"Coq Editora Ltda","alternateName":"Jornal Boas Noticias","url":"https:\/\/jornalboasnoticias.com.br\/home\/","logo":{"@type":"ImageObject","inLanguage":"pt-BR","@id":"https:\/\/jornalboasnoticias.com.br\/home\/#\/schema\/logo\/image\/","url":"https:\/\/jornalboasnoticias.com.br\/home\/wp-content\/uploads\/2024\/07\/cropped-logo.jpg","contentUrl":"https:\/\/jornalboasnoticias.com.br\/home\/wp-content\/uploads\/2024\/07\/cropped-logo.jpg","width":290,"height":142,"caption":"Coq Editora Ltda"},"image":{"@id":"https:\/\/jornalboasnoticias.com.br\/home\/#\/schema\/logo\/image\/"},"sameAs":["https:\/\/www.facebook.com\/boasnoticiasjornal"]},{"@type":"Person","@id":"https:\/\/jornalboasnoticias.com.br\/home\/#\/schema\/person\/d641193e0afc6405b390164dac847971","name":"Ana Luiza Bonatto","image":{"@type":"ImageObject","inLanguage":"pt-BR","@id":"https:\/\/secure.gravatar.com\/avatar\/8a055ebe6373371f67ac6fcf313c0ac0b0a91157fdcdb9514fa62927373348f0?s=96&d=mm&r=g","url":"https:\/\/secure.gravatar.com\/avatar\/8a055ebe6373371f67ac6fcf313c0ac0b0a91157fdcdb9514fa62927373348f0?s=96&d=mm&r=g","contentUrl":"https:\/\/secure.gravatar.com\/avatar\/8a055ebe6373371f67ac6fcf313c0ac0b0a91157fdcdb9514fa62927373348f0?s=96&d=mm&r=g","caption":"Ana Luiza Bonatto"},"url":"https:\/\/jornalboasnoticias.com.br\/home\/author\/ana-luiza\/"}]}},"_links":{"self":[{"href":"https:\/\/jornalboasnoticias.com.br\/home\/wp-json\/wp\/v2\/posts\/45318","targetHints":{"allow":["GET"]}}],"collection":[{"href":"https:\/\/jornalboasnoticias.com.br\/home\/wp-json\/wp\/v2\/posts"}],"about":[{"href":"https:\/\/jornalboasnoticias.com.br\/home\/wp-json\/wp\/v2\/types\/post"}],"author":[{"embeddable":true,"href":"https:\/\/jornalboasnoticias.com.br\/home\/wp-json\/wp\/v2\/users\/4"}],"replies":[{"embeddable":true,"href":"https:\/\/jornalboasnoticias.com.br\/home\/wp-json\/wp\/v2\/comments?post=45318"}],"version-history":[{"count":1,"href":"https:\/\/jornalboasnoticias.com.br\/home\/wp-json\/wp\/v2\/posts\/45318\/revisions"}],"predecessor-version":[{"id":45320,"href":"https:\/\/jornalboasnoticias.com.br\/home\/wp-json\/wp\/v2\/posts\/45318\/revisions\/45320"}],"wp:featuredmedia":[{"embeddable":true,"href":"https:\/\/jornalboasnoticias.com.br\/home\/wp-json\/wp\/v2\/media\/45319"}],"wp:attachment":[{"href":"https:\/\/jornalboasnoticias.com.br\/home\/wp-json\/wp\/v2\/media?parent=45318"}],"wp:term":[{"taxonomy":"category","embeddable":true,"href":"https:\/\/jornalboasnoticias.com.br\/home\/wp-json\/wp\/v2\/categories?post=45318"},{"taxonomy":"post_tag","embeddable":true,"href":"https:\/\/jornalboasnoticias.com.br\/home\/wp-json\/wp\/v2\/tags?post=45318"}],"curies":[{"name":"wp","href":"https:\/\/api.w.org\/{rel}","templated":true}]}}