{"id":45312,"date":"2024-11-18T16:57:26","date_gmt":"2024-11-18T16:57:26","guid":{"rendered":"https:\/\/jornalboasnoticias.com.br\/home\/?p=45312"},"modified":"2024-11-18T16:57:26","modified_gmt":"2024-11-18T16:57:26","slug":"quem-era-apostolo-rina-fundador-da-igreja-bola-de-neve-que-morreu-em-sp","status":"publish","type":"post","link":"https:\/\/jornalboasnoticias.com.br\/home\/quem-era-apostolo-rina-fundador-da-igreja-bola-de-neve-que-morreu-em-sp\/","title":{"rendered":"Quem era ap\u00f3stolo Rina, fundador da Igreja Bola de Neve, que morreu em SP"},"content":{"rendered":"<figure id=\"attachment_45313\" aria-describedby=\"caption-attachment-45313\" style=\"width: 888px\" class=\"wp-caption alignnone\"><img loading=\"lazy\" decoding=\"async\" class=\"size-full wp-image-45313\" src=\"https:\/\/jornalboasnoticias.com.br\/home\/wp-content\/uploads\/2024\/11\/rina.jpg\" alt=\"\" width=\"888\" height=\"603\" srcset=\"https:\/\/jornalboasnoticias.com.br\/home\/wp-content\/uploads\/2024\/11\/rina.jpg 888w, https:\/\/jornalboasnoticias.com.br\/home\/wp-content\/uploads\/2024\/11\/rina-300x204.jpg 300w, https:\/\/jornalboasnoticias.com.br\/home\/wp-content\/uploads\/2024\/11\/rina-768x522.jpg 768w\" sizes=\"auto, (max-width: 888px) 100vw, 888px\" \/><figcaption id=\"caption-attachment-45313\" class=\"wp-caption-text\">Foto: Reprodu\u00e7\u00e3o\/Instagram<\/figcaption><\/figure>\n<blockquote><p>Rinaldo Seixas Pereira, conhecido como ap\u00f3stolo Rina, fundador da Igreja Bola de Neve, morreu neste domingo (17) ap\u00f3s um acidente de moto no interior de S\u00e3o Paulo. Figura de destaque no meio evang\u00e9lico, ele deixa um legado de f\u00e9, marcado por inova\u00e7\u00f5es religiosas e controv\u00e9rsias recentes.<\/p><\/blockquote>\n<p>Nascido em 15 de abril de 1972, em S\u00e3o Paulo, Rina era filho de Rinaldo Pereira e L\u00eddia Colomietz, e irm\u00e3o das pastoras Daniela e Priscila Seixas. Ele cresceu em um lar evang\u00e9lico e come\u00e7ou a se dedicar \u00e0 religi\u00e3o ainda jovem. Durante a inf\u00e2ncia, estudou no Col\u00e9gio Batista Brasileiro, onde adquiriu o h\u00e1bito de ler a B\u00edblia.<\/p>\n<p>Segundo Rina, uma experi\u00eancia de sobreviv\u00eancia a um grave quadro de hepatite foi decisiva para sua caminhada na f\u00e9, ao faz\u00ea-lo acreditar na &#8220;exist\u00eancia real do inferno&#8221;. Sua trajet\u00f3ria como l\u00edder religioso come\u00e7ou na Igreja Renascer, onde organizava eventos voltados ao p\u00fablico jovem e liderava o minist\u00e9rio de evangelismo.<\/p>\n<p>Em 2000, ele fundou a Igreja Bola de Neve, conhecida por sua abordagem inovadora e descontra\u00edda. Os cultos come\u00e7aram em uma loja de surfe, onde Rina usava uma prancha como p\u00falpito, tornando-a o s\u00edmbolo da igreja. Hoje, a institui\u00e7\u00e3o conta com 320 templos no Brasil e no exterior. Ele tamb\u00e9m escreveu livros como <em>&#8220;Unidos pelo casamento&#8221;<\/em>, <em>&#8220;C\u00f3digo de Honra&#8221;<\/em> e <em>&#8220;Apenas Creia&#8221;<\/em>, al\u00e9m de ser ativo nas redes sociais, onde acumulava 196 mil seguidores.<\/p>\n<h3><strong>Controv\u00e9rsia e afastamento<\/strong><\/h3>\n<p>Em julho deste ano, Rina foi acusado de viol\u00eancia dom\u00e9stica por sua ex-esposa, a pastora Denise Seixas. As den\u00fancias inclu\u00edam les\u00e3o corporal, viol\u00eancia psicol\u00f3gica, amea\u00e7a, inj\u00faria e difama\u00e7\u00e3o. A Justi\u00e7a concedeu medida protetiva \u00e0 v\u00edtima e determinou que o ap\u00f3stolo mantivesse dist\u00e2ncia de Denise e entregasse sua arma.<\/p>\n<p>Ap\u00f3s o caso vir \u00e0 tona, a Igreja Bola de Neve afastou Rina de suas fun\u00e7\u00f5es e emitiu uma nota afirmando que tomaria medidas restaurativas para os fi\u00e9is. A defesa do pastor alegou que as acusa\u00e7\u00f5es eram falsas e seriam contestadas no decorrer do processo.<\/p>\n<p>Rina deixou sua marca no cen\u00e1rio religioso brasileiro ao fundar a Igreja Bola de Neve, mas tamb\u00e9m enfrentou pol\u00eamicas em sua trajet\u00f3ria. A morte do l\u00edder foi confirmada no domingo (17), e a Igreja ainda n\u00e3o divulgou informa\u00e7\u00f5es sobre o vel\u00f3rio e sepultamento.<\/p>\n","protected":false},"excerpt":{"rendered":"<p>Rinaldo Seixas Pereira, conhecido como ap\u00f3stolo Rina, fundador da Igreja Bola de Neve, morreu neste<\/p>\n","protected":false},"author":4,"featured_media":45313,"comment_status":"open","ping_status":"open","sticky":false,"template":"","format":"standard","meta":{"footnotes":""},"categories":[6,3],"tags":[],"class_list":["post-45312","post","type-post","status-publish","format-standard","has-post-thumbnail","hentry","category-brasil","category-destaques"],"yoast_head":"<!-- This site is optimized with the Yoast SEO plugin v27.5 - https:\/\/yoast.com\/product\/yoast-seo-wordpress\/ -->\n<title>Quem era ap\u00f3stolo Rina, fundador da Igreja Bola de Neve, que morreu em SP - Jornal<\/title>\n<meta name=\"description\" content=\"Quem era ap\u00f3stolo Rina, fundador da Igreja Bola de Neve, que morreu em SP\" \/>\n<meta name=\"robots\" content=\"index, follow, max-snippet:-1, max-image-preview:large, max-video-preview:-1\" \/>\n<link rel=\"canonical\" href=\"https:\/\/jornalboasnoticias.com.br\/home\/quem-era-apostolo-rina-fundador-da-igreja-bola-de-neve-que-morreu-em-sp\/\" \/>\n<meta property=\"og:locale\" content=\"pt_BR\" \/>\n<meta property=\"og:type\" content=\"article\" \/>\n<meta property=\"og:title\" content=\"Quem era ap\u00f3stolo Rina, fundador da Igreja Bola de Neve, que morreu em SP - Jornal\" \/>\n<meta property=\"og:description\" content=\"Quem era ap\u00f3stolo Rina, fundador da Igreja Bola de Neve, que morreu em SP\" \/>\n<meta property=\"og:url\" content=\"https:\/\/jornalboasnoticias.com.br\/home\/quem-era-apostolo-rina-fundador-da-igreja-bola-de-neve-que-morreu-em-sp\/\" \/>\n<meta property=\"og:site_name\" content=\"Jornal\" \/>\n<meta property=\"article:publisher\" content=\"https:\/\/www.facebook.com\/boasnoticiasjornal\" \/>\n<meta property=\"article:published_time\" content=\"2024-11-18T16:57:26+00:00\" \/>\n<meta property=\"og:image\" content=\"https:\/\/jornalboasnoticias.com.br\/home\/wp-content\/uploads\/2024\/11\/rina.jpg\" \/>\n\t<meta property=\"og:image:width\" content=\"888\" \/>\n\t<meta property=\"og:image:height\" content=\"603\" \/>\n\t<meta property=\"og:image:type\" content=\"image\/jpeg\" \/>\n<meta name=\"author\" content=\"Ana Luiza Bonatto\" \/>\n<meta name=\"twitter:card\" content=\"summary_large_image\" \/>\n<meta name=\"twitter:label1\" content=\"Escrito por\" \/>\n\t<meta name=\"twitter:data1\" content=\"Ana Luiza Bonatto\" \/>\n\t<meta name=\"twitter:label2\" content=\"Est. tempo de leitura\" \/>\n\t<meta name=\"twitter:data2\" content=\"3 minutos\" \/>\n<script type=\"application\/ld+json\" class=\"yoast-schema-graph\">{\"@context\":\"https:\\\/\\\/schema.org\",\"@graph\":[{\"@type\":\"Article\",\"@id\":\"https:\\\/\\\/jornalboasnoticias.com.br\\\/home\\\/quem-era-apostolo-rina-fundador-da-igreja-bola-de-neve-que-morreu-em-sp\\\/#article\",\"isPartOf\":{\"@id\":\"https:\\\/\\\/jornalboasnoticias.com.br\\\/home\\\/quem-era-apostolo-rina-fundador-da-igreja-bola-de-neve-que-morreu-em-sp\\\/\"},\"author\":{\"name\":\"Ana Luiza Bonatto\",\"@id\":\"https:\\\/\\\/jornalboasnoticias.com.br\\\/home\\\/#\\\/schema\\\/person\\\/d641193e0afc6405b390164dac847971\"},\"headline\":\"Quem era ap\u00f3stolo Rina, fundador da Igreja Bola de Neve, que morreu em SP\",\"datePublished\":\"2024-11-18T16:57:26+00:00\",\"mainEntityOfPage\":{\"@id\":\"https:\\\/\\\/jornalboasnoticias.com.br\\\/home\\\/quem-era-apostolo-rina-fundador-da-igreja-bola-de-neve-que-morreu-em-sp\\\/\"},\"wordCount\":442,\"commentCount\":0,\"publisher\":{\"@id\":\"https:\\\/\\\/jornalboasnoticias.com.br\\\/home\\\/#organization\"},\"image\":{\"@id\":\"https:\\\/\\\/jornalboasnoticias.com.br\\\/home\\\/quem-era-apostolo-rina-fundador-da-igreja-bola-de-neve-que-morreu-em-sp\\\/#primaryimage\"},\"thumbnailUrl\":\"https:\\\/\\\/jornalboasnoticias.com.br\\\/home\\\/wp-content\\\/uploads\\\/2024\\\/11\\\/rina.jpg\",\"articleSection\":[\"BRASIL\",\"DESTAQUE\"],\"inLanguage\":\"pt-BR\",\"potentialAction\":[{\"@type\":\"CommentAction\",\"name\":\"Comment\",\"target\":[\"https:\\\/\\\/jornalboasnoticias.com.br\\\/home\\\/quem-era-apostolo-rina-fundador-da-igreja-bola-de-neve-que-morreu-em-sp\\\/#respond\"]}]},{\"@type\":\"WebPage\",\"@id\":\"https:\\\/\\\/jornalboasnoticias.com.br\\\/home\\\/quem-era-apostolo-rina-fundador-da-igreja-bola-de-neve-que-morreu-em-sp\\\/\",\"url\":\"https:\\\/\\\/jornalboasnoticias.com.br\\\/home\\\/quem-era-apostolo-rina-fundador-da-igreja-bola-de-neve-que-morreu-em-sp\\\/\",\"name\":\"Quem era ap\u00f3stolo Rina, fundador da Igreja Bola de Neve, que morreu em SP - Jornal\",\"isPartOf\":{\"@id\":\"https:\\\/\\\/jornalboasnoticias.com.br\\\/home\\\/#website\"},\"primaryImageOfPage\":{\"@id\":\"https:\\\/\\\/jornalboasnoticias.com.br\\\/home\\\/quem-era-apostolo-rina-fundador-da-igreja-bola-de-neve-que-morreu-em-sp\\\/#primaryimage\"},\"image\":{\"@id\":\"https:\\\/\\\/jornalboasnoticias.com.br\\\/home\\\/quem-era-apostolo-rina-fundador-da-igreja-bola-de-neve-que-morreu-em-sp\\\/#primaryimage\"},\"thumbnailUrl\":\"https:\\\/\\\/jornalboasnoticias.com.br\\\/home\\\/wp-content\\\/uploads\\\/2024\\\/11\\\/rina.jpg\",\"datePublished\":\"2024-11-18T16:57:26+00:00\",\"description\":\"Quem era ap\u00f3stolo Rina, fundador da Igreja Bola de Neve, que morreu em SP\",\"breadcrumb\":{\"@id\":\"https:\\\/\\\/jornalboasnoticias.com.br\\\/home\\\/quem-era-apostolo-rina-fundador-da-igreja-bola-de-neve-que-morreu-em-sp\\\/#breadcrumb\"},\"inLanguage\":\"pt-BR\",\"potentialAction\":[{\"@type\":\"ReadAction\",\"target\":[\"https:\\\/\\\/jornalboasnoticias.com.br\\\/home\\\/quem-era-apostolo-rina-fundador-da-igreja-bola-de-neve-que-morreu-em-sp\\\/\"]}]},{\"@type\":\"ImageObject\",\"inLanguage\":\"pt-BR\",\"@id\":\"https:\\\/\\\/jornalboasnoticias.com.br\\\/home\\\/quem-era-apostolo-rina-fundador-da-igreja-bola-de-neve-que-morreu-em-sp\\\/#primaryimage\",\"url\":\"https:\\\/\\\/jornalboasnoticias.com.br\\\/home\\\/wp-content\\\/uploads\\\/2024\\\/11\\\/rina.jpg\",\"contentUrl\":\"https:\\\/\\\/jornalboasnoticias.com.br\\\/home\\\/wp-content\\\/uploads\\\/2024\\\/11\\\/rina.jpg\",\"width\":888,\"height\":603,\"caption\":\"Foto: Reprodu\u00e7\u00e3o\\\/Instagram\"},{\"@type\":\"BreadcrumbList\",\"@id\":\"https:\\\/\\\/jornalboasnoticias.com.br\\\/home\\\/quem-era-apostolo-rina-fundador-da-igreja-bola-de-neve-que-morreu-em-sp\\\/#breadcrumb\",\"itemListElement\":[{\"@type\":\"ListItem\",\"position\":1,\"name\":\"In\u00edcio\",\"item\":\"https:\\\/\\\/jornalboasnoticias.com.br\\\/home\\\/\"},{\"@type\":\"ListItem\",\"position\":2,\"name\":\"Quem era ap\u00f3stolo Rina, fundador da Igreja Bola de Neve, que morreu em SP\"}]},{\"@type\":\"WebSite\",\"@id\":\"https:\\\/\\\/jornalboasnoticias.com.br\\\/home\\\/#website\",\"url\":\"https:\\\/\\\/jornalboasnoticias.com.br\\\/home\\\/\",\"name\":\"Jornal Boas Not\u00edcias\",\"description\":\"Boas not\u00edcias\",\"publisher\":{\"@id\":\"https:\\\/\\\/jornalboasnoticias.com.br\\\/home\\\/#organization\"},\"potentialAction\":[{\"@type\":\"SearchAction\",\"target\":{\"@type\":\"EntryPoint\",\"urlTemplate\":\"https:\\\/\\\/jornalboasnoticias.com.br\\\/home\\\/?s={search_term_string}\"},\"query-input\":{\"@type\":\"PropertyValueSpecification\",\"valueRequired\":true,\"valueName\":\"search_term_string\"}}],\"inLanguage\":\"pt-BR\"},{\"@type\":\"Organization\",\"@id\":\"https:\\\/\\\/jornalboasnoticias.com.br\\\/home\\\/#organization\",\"name\":\"Coq Editora Ltda\",\"alternateName\":\"Jornal Boas Noticias\",\"url\":\"https:\\\/\\\/jornalboasnoticias.com.br\\\/home\\\/\",\"logo\":{\"@type\":\"ImageObject\",\"inLanguage\":\"pt-BR\",\"@id\":\"https:\\\/\\\/jornalboasnoticias.com.br\\\/home\\\/#\\\/schema\\\/logo\\\/image\\\/\",\"url\":\"https:\\\/\\\/jornalboasnoticias.com.br\\\/home\\\/wp-content\\\/uploads\\\/2024\\\/07\\\/cropped-logo.jpg\",\"contentUrl\":\"https:\\\/\\\/jornalboasnoticias.com.br\\\/home\\\/wp-content\\\/uploads\\\/2024\\\/07\\\/cropped-logo.jpg\",\"width\":290,\"height\":142,\"caption\":\"Coq Editora Ltda\"},\"image\":{\"@id\":\"https:\\\/\\\/jornalboasnoticias.com.br\\\/home\\\/#\\\/schema\\\/logo\\\/image\\\/\"},\"sameAs\":[\"https:\\\/\\\/www.facebook.com\\\/boasnoticiasjornal\"]},{\"@type\":\"Person\",\"@id\":\"https:\\\/\\\/jornalboasnoticias.com.br\\\/home\\\/#\\\/schema\\\/person\\\/d641193e0afc6405b390164dac847971\",\"name\":\"Ana Luiza Bonatto\",\"image\":{\"@type\":\"ImageObject\",\"inLanguage\":\"pt-BR\",\"@id\":\"https:\\\/\\\/secure.gravatar.com\\\/avatar\\\/8a055ebe6373371f67ac6fcf313c0ac0b0a91157fdcdb9514fa62927373348f0?s=96&d=mm&r=g\",\"url\":\"https:\\\/\\\/secure.gravatar.com\\\/avatar\\\/8a055ebe6373371f67ac6fcf313c0ac0b0a91157fdcdb9514fa62927373348f0?s=96&d=mm&r=g\",\"contentUrl\":\"https:\\\/\\\/secure.gravatar.com\\\/avatar\\\/8a055ebe6373371f67ac6fcf313c0ac0b0a91157fdcdb9514fa62927373348f0?s=96&d=mm&r=g\",\"caption\":\"Ana Luiza Bonatto\"},\"url\":\"https:\\\/\\\/jornalboasnoticias.com.br\\\/home\\\/author\\\/ana-luiza\\\/\"}]}<\/script>\n<!-- \/ Yoast SEO plugin. -->","yoast_head_json":{"title":"Quem era ap\u00f3stolo Rina, fundador da Igreja Bola de Neve, que morreu em SP - Jornal","description":"Quem era ap\u00f3stolo Rina, fundador da Igreja Bola de Neve, que morreu em SP","robots":{"index":"index","follow":"follow","max-snippet":"max-snippet:-1","max-image-preview":"max-image-preview:large","max-video-preview":"max-video-preview:-1"},"canonical":"https:\/\/jornalboasnoticias.com.br\/home\/quem-era-apostolo-rina-fundador-da-igreja-bola-de-neve-que-morreu-em-sp\/","og_locale":"pt_BR","og_type":"article","og_title":"Quem era ap\u00f3stolo Rina, fundador da Igreja Bola de Neve, que morreu em SP - Jornal","og_description":"Quem era ap\u00f3stolo Rina, fundador da Igreja Bola de Neve, que morreu em SP","og_url":"https:\/\/jornalboasnoticias.com.br\/home\/quem-era-apostolo-rina-fundador-da-igreja-bola-de-neve-que-morreu-em-sp\/","og_site_name":"Jornal","article_publisher":"https:\/\/www.facebook.com\/boasnoticiasjornal","article_published_time":"2024-11-18T16:57:26+00:00","og_image":[{"width":888,"height":603,"url":"https:\/\/jornalboasnoticias.com.br\/home\/wp-content\/uploads\/2024\/11\/rina.jpg","type":"image\/jpeg"}],"author":"Ana Luiza Bonatto","twitter_card":"summary_large_image","twitter_misc":{"Escrito por":"Ana Luiza Bonatto","Est. tempo de leitura":"3 minutos"},"schema":{"@context":"https:\/\/schema.org","@graph":[{"@type":"Article","@id":"https:\/\/jornalboasnoticias.com.br\/home\/quem-era-apostolo-rina-fundador-da-igreja-bola-de-neve-que-morreu-em-sp\/#article","isPartOf":{"@id":"https:\/\/jornalboasnoticias.com.br\/home\/quem-era-apostolo-rina-fundador-da-igreja-bola-de-neve-que-morreu-em-sp\/"},"author":{"name":"Ana Luiza Bonatto","@id":"https:\/\/jornalboasnoticias.com.br\/home\/#\/schema\/person\/d641193e0afc6405b390164dac847971"},"headline":"Quem era ap\u00f3stolo Rina, fundador da Igreja Bola de Neve, que morreu em SP","datePublished":"2024-11-18T16:57:26+00:00","mainEntityOfPage":{"@id":"https:\/\/jornalboasnoticias.com.br\/home\/quem-era-apostolo-rina-fundador-da-igreja-bola-de-neve-que-morreu-em-sp\/"},"wordCount":442,"commentCount":0,"publisher":{"@id":"https:\/\/jornalboasnoticias.com.br\/home\/#organization"},"image":{"@id":"https:\/\/jornalboasnoticias.com.br\/home\/quem-era-apostolo-rina-fundador-da-igreja-bola-de-neve-que-morreu-em-sp\/#primaryimage"},"thumbnailUrl":"https:\/\/jornalboasnoticias.com.br\/home\/wp-content\/uploads\/2024\/11\/rina.jpg","articleSection":["BRASIL","DESTAQUE"],"inLanguage":"pt-BR","potentialAction":[{"@type":"CommentAction","name":"Comment","target":["https:\/\/jornalboasnoticias.com.br\/home\/quem-era-apostolo-rina-fundador-da-igreja-bola-de-neve-que-morreu-em-sp\/#respond"]}]},{"@type":"WebPage","@id":"https:\/\/jornalboasnoticias.com.br\/home\/quem-era-apostolo-rina-fundador-da-igreja-bola-de-neve-que-morreu-em-sp\/","url":"https:\/\/jornalboasnoticias.com.br\/home\/quem-era-apostolo-rina-fundador-da-igreja-bola-de-neve-que-morreu-em-sp\/","name":"Quem era ap\u00f3stolo Rina, fundador da Igreja Bola de Neve, que morreu em SP - Jornal","isPartOf":{"@id":"https:\/\/jornalboasnoticias.com.br\/home\/#website"},"primaryImageOfPage":{"@id":"https:\/\/jornalboasnoticias.com.br\/home\/quem-era-apostolo-rina-fundador-da-igreja-bola-de-neve-que-morreu-em-sp\/#primaryimage"},"image":{"@id":"https:\/\/jornalboasnoticias.com.br\/home\/quem-era-apostolo-rina-fundador-da-igreja-bola-de-neve-que-morreu-em-sp\/#primaryimage"},"thumbnailUrl":"https:\/\/jornalboasnoticias.com.br\/home\/wp-content\/uploads\/2024\/11\/rina.jpg","datePublished":"2024-11-18T16:57:26+00:00","description":"Quem era ap\u00f3stolo Rina, fundador da Igreja Bola de Neve, que morreu em SP","breadcrumb":{"@id":"https:\/\/jornalboasnoticias.com.br\/home\/quem-era-apostolo-rina-fundador-da-igreja-bola-de-neve-que-morreu-em-sp\/#breadcrumb"},"inLanguage":"pt-BR","potentialAction":[{"@type":"ReadAction","target":["https:\/\/jornalboasnoticias.com.br\/home\/quem-era-apostolo-rina-fundador-da-igreja-bola-de-neve-que-morreu-em-sp\/"]}]},{"@type":"ImageObject","inLanguage":"pt-BR","@id":"https:\/\/jornalboasnoticias.com.br\/home\/quem-era-apostolo-rina-fundador-da-igreja-bola-de-neve-que-morreu-em-sp\/#primaryimage","url":"https:\/\/jornalboasnoticias.com.br\/home\/wp-content\/uploads\/2024\/11\/rina.jpg","contentUrl":"https:\/\/jornalboasnoticias.com.br\/home\/wp-content\/uploads\/2024\/11\/rina.jpg","width":888,"height":603,"caption":"Foto: Reprodu\u00e7\u00e3o\/Instagram"},{"@type":"BreadcrumbList","@id":"https:\/\/jornalboasnoticias.com.br\/home\/quem-era-apostolo-rina-fundador-da-igreja-bola-de-neve-que-morreu-em-sp\/#breadcrumb","itemListElement":[{"@type":"ListItem","position":1,"name":"In\u00edcio","item":"https:\/\/jornalboasnoticias.com.br\/home\/"},{"@type":"ListItem","position":2,"name":"Quem era ap\u00f3stolo Rina, fundador da Igreja Bola de Neve, que morreu em SP"}]},{"@type":"WebSite","@id":"https:\/\/jornalboasnoticias.com.br\/home\/#website","url":"https:\/\/jornalboasnoticias.com.br\/home\/","name":"Jornal Boas Not\u00edcias","description":"Boas not\u00edcias","publisher":{"@id":"https:\/\/jornalboasnoticias.com.br\/home\/#organization"},"potentialAction":[{"@type":"SearchAction","target":{"@type":"EntryPoint","urlTemplate":"https:\/\/jornalboasnoticias.com.br\/home\/?s={search_term_string}"},"query-input":{"@type":"PropertyValueSpecification","valueRequired":true,"valueName":"search_term_string"}}],"inLanguage":"pt-BR"},{"@type":"Organization","@id":"https:\/\/jornalboasnoticias.com.br\/home\/#organization","name":"Coq Editora Ltda","alternateName":"Jornal Boas Noticias","url":"https:\/\/jornalboasnoticias.com.br\/home\/","logo":{"@type":"ImageObject","inLanguage":"pt-BR","@id":"https:\/\/jornalboasnoticias.com.br\/home\/#\/schema\/logo\/image\/","url":"https:\/\/jornalboasnoticias.com.br\/home\/wp-content\/uploads\/2024\/07\/cropped-logo.jpg","contentUrl":"https:\/\/jornalboasnoticias.com.br\/home\/wp-content\/uploads\/2024\/07\/cropped-logo.jpg","width":290,"height":142,"caption":"Coq Editora Ltda"},"image":{"@id":"https:\/\/jornalboasnoticias.com.br\/home\/#\/schema\/logo\/image\/"},"sameAs":["https:\/\/www.facebook.com\/boasnoticiasjornal"]},{"@type":"Person","@id":"https:\/\/jornalboasnoticias.com.br\/home\/#\/schema\/person\/d641193e0afc6405b390164dac847971","name":"Ana Luiza Bonatto","image":{"@type":"ImageObject","inLanguage":"pt-BR","@id":"https:\/\/secure.gravatar.com\/avatar\/8a055ebe6373371f67ac6fcf313c0ac0b0a91157fdcdb9514fa62927373348f0?s=96&d=mm&r=g","url":"https:\/\/secure.gravatar.com\/avatar\/8a055ebe6373371f67ac6fcf313c0ac0b0a91157fdcdb9514fa62927373348f0?s=96&d=mm&r=g","contentUrl":"https:\/\/secure.gravatar.com\/avatar\/8a055ebe6373371f67ac6fcf313c0ac0b0a91157fdcdb9514fa62927373348f0?s=96&d=mm&r=g","caption":"Ana Luiza Bonatto"},"url":"https:\/\/jornalboasnoticias.com.br\/home\/author\/ana-luiza\/"}]}},"_links":{"self":[{"href":"https:\/\/jornalboasnoticias.com.br\/home\/wp-json\/wp\/v2\/posts\/45312","targetHints":{"allow":["GET"]}}],"collection":[{"href":"https:\/\/jornalboasnoticias.com.br\/home\/wp-json\/wp\/v2\/posts"}],"about":[{"href":"https:\/\/jornalboasnoticias.com.br\/home\/wp-json\/wp\/v2\/types\/post"}],"author":[{"embeddable":true,"href":"https:\/\/jornalboasnoticias.com.br\/home\/wp-json\/wp\/v2\/users\/4"}],"replies":[{"embeddable":true,"href":"https:\/\/jornalboasnoticias.com.br\/home\/wp-json\/wp\/v2\/comments?post=45312"}],"version-history":[{"count":1,"href":"https:\/\/jornalboasnoticias.com.br\/home\/wp-json\/wp\/v2\/posts\/45312\/revisions"}],"predecessor-version":[{"id":45314,"href":"https:\/\/jornalboasnoticias.com.br\/home\/wp-json\/wp\/v2\/posts\/45312\/revisions\/45314"}],"wp:featuredmedia":[{"embeddable":true,"href":"https:\/\/jornalboasnoticias.com.br\/home\/wp-json\/wp\/v2\/media\/45313"}],"wp:attachment":[{"href":"https:\/\/jornalboasnoticias.com.br\/home\/wp-json\/wp\/v2\/media?parent=45312"}],"wp:term":[{"taxonomy":"category","embeddable":true,"href":"https:\/\/jornalboasnoticias.com.br\/home\/wp-json\/wp\/v2\/categories?post=45312"},{"taxonomy":"post_tag","embeddable":true,"href":"https:\/\/jornalboasnoticias.com.br\/home\/wp-json\/wp\/v2\/tags?post=45312"}],"curies":[{"name":"wp","href":"https:\/\/api.w.org\/{rel}","templated":true}]}}