{"id":45308,"date":"2024-11-18T16:52:27","date_gmt":"2024-11-18T16:52:27","guid":{"rendered":"https:\/\/jornalboasnoticias.com.br\/home\/?p=45308"},"modified":"2024-11-18T16:53:39","modified_gmt":"2024-11-18T16:53:39","slug":"45308-2","status":"publish","type":"post","link":"https:\/\/jornalboasnoticias.com.br\/home\/45308-2\/","title":{"rendered":"Calor e pancadas de chuva dominam a previs\u00e3o do tempo no Brasil nesta semana"},"content":{"rendered":"<figure id=\"attachment_45309\" aria-describedby=\"caption-attachment-45309\" style=\"width: 420px\" class=\"wp-caption alignnone\"><img loading=\"lazy\" decoding=\"async\" class=\"size-full wp-image-45309\" src=\"https:\/\/jornalboasnoticias.com.br\/home\/wp-content\/uploads\/2024\/11\/GettyImages-1078268554.webp\" alt=\"\" width=\"420\" height=\"240\" srcset=\"https:\/\/jornalboasnoticias.com.br\/home\/wp-content\/uploads\/2024\/11\/GettyImages-1078268554.webp 420w, https:\/\/jornalboasnoticias.com.br\/home\/wp-content\/uploads\/2024\/11\/GettyImages-1078268554-300x171.webp 300w\" sizes=\"auto, (max-width: 420px) 100vw, 420px\" \/><figcaption id=\"caption-attachment-45309\" class=\"wp-caption-text\">Foto: Getty Images<\/figcaption><\/figure>\n<blockquote><p>A semana come\u00e7a com altas temperaturas e pancadas de chuva em grande parte do Brasil, segundo a Climatempo. Apesar do calor generalizado, uma nova frente fria deve atingir o Rio Grande do Sul nesta segunda-feira (18), trazendo instabilidades \u00e0 regi\u00e3o Sul.<\/p><\/blockquote>\n<p>A Climatempo detalhou as condi\u00e7\u00f5es clim\u00e1ticas para todas as regi\u00f5es do pa\u00eds. No Sul, a chegada de uma frente fria ao Rio Grande do Sul provocar\u00e1 chuvas mais intensas, especialmente nas zonas Oeste e Sul, acompanhadas de rajadas de vento que podem chegar a 70 km\/h. Santa Catarina ter\u00e1 dias ensolarados, mas com possibilidade de chuva \u00e0 noite na divisa com o estado ga\u00facho. J\u00e1 no Paran\u00e1, as chuvas ser\u00e3o mais isoladas, com Curitiba registrando tempo firme nesta segunda.<\/p>\n<p>No Sudeste, o calor e a alta umidade favorecem pancadas de chuva em Minas Gerais, Rio de Janeiro e Esp\u00edrito Santo. Em S\u00e3o Paulo, o interior e o Norte do estado ter\u00e3o chuva, enquanto a capital e o litoral paulista come\u00e7am a semana com tempo seco.<\/p>\n<p>No Centro-oeste, a circula\u00e7\u00e3o de ventos e uma baixa press\u00e3o atmosf\u00e9rica intensificam as precipita\u00e7\u00f5es, especialmente do Oeste da Bahia ao Mato Grosso. Goi\u00e1s e o Distrito Federal ter\u00e3o dias mais inst\u00e1veis, com Campo Grande come\u00e7ando ensolarada, mas enfrentando temporais no fim do dia.<\/p>\n<p>No Nordeste, o litoral ter\u00e1 calor predominante e chuvas passageiras, enquanto Maranh\u00e3o e Piau\u00ed registram pancadas mais irregulares. Salvador ter\u00e1 um in\u00edcio de semana abafado, com umidade de at\u00e9 88% e m\u00e1xima de 30\u00b0C.<\/p>\n<p>Na regi\u00e3o Norte, o calor associado \u00e0 alta umidade favorecer\u00e1 a forma\u00e7\u00e3o de nuvens carregadas em todos os estados. Amazonas, Acre, Roraima e Rond\u00f4nia t\u00eam previs\u00e3o de chuvas mais intensas. Manaus, no entanto, n\u00e3o deve registrar chuva nesta segunda, mas ter\u00e1 umidade do ar de at\u00e9 95% e m\u00e1xima de 33\u00b0C.<\/p>\n<p>Confira as temperaturas m\u00ednimas e m\u00e1ximas previstas para esta segunda-feira (18) nas capitais brasileiras:<\/p>\n<ul>\n<li>Porto Alegre (RS): 21\u00b0C a 29\u00b0C<\/li>\n<li>Florian\u00f3polis (SC): 20\u00b0C a 29\u00b0C<\/li>\n<li>Curitiba (PR): 17\u00b0C a 29\u00b0C<\/li>\n<li>S\u00e3o Paulo (SP): 18\u00b0C a 32\u00b0C<\/li>\n<li>Rio de Janeiro (RJ): 19\u00b0C a 31\u00b0C<\/li>\n<li>Belo Horizonte (MG): 17\u00b0C a 25\u00b0C<\/li>\n<li>Vit\u00f3ria (ES): 21\u00b0C a 29\u00b0C<\/li>\n<li>Campo Grande (MS): 23\u00b0C a 31\u00b0C<\/li>\n<li>Cuiab\u00e1 (MT): 25\u00b0C a 31\u00b0C<\/li>\n<li>Goi\u00e2nia (GO): 19\u00b0C a 27\u00b0C<\/li>\n<li>Bras\u00edlia (DF): 19\u00b0C a 27\u00b0C<\/li>\n<li>Salvador (BA): 23\u00b0C a 30\u00b0C<\/li>\n<li>Aracaju (SE): 25\u00b0C a 29\u00b0C<\/li>\n<li>Macei\u00f3 (AL): 23\u00b0C a 30\u00b0C<\/li>\n<li>Recife (PE): 25\u00b0C a 30\u00b0C<\/li>\n<li>Jo\u00e3o Pessoa (PB): 24\u00b0C a 31\u00b0C<\/li>\n<li>Natal (RN): 24\u00b0C a 32\u00b0C<\/li>\n<li>Fortaleza (CE): 26\u00b0C a 32\u00b0C<\/li>\n<li>Teresina (PI): 25\u00b0C a 37\u00b0C<\/li>\n<li>S\u00e3o Lu\u00eds (MA): 26\u00b0C a 32\u00b0C<\/li>\n<li>Palmas (TO): 24\u00b0C a 32\u00b0C<\/li>\n<li>Bel\u00e9m (PA): 25\u00b0C a 33\u00b0C<\/li>\n<li>Manaus (AM): 26\u00b0C a 33\u00b0C<\/li>\n<li>Macap\u00e1 (AP): 25\u00b0C a 34\u00b0C<\/li>\n<li>Boa Vista (RR): 24\u00b0C a 33\u00b0C<\/li>\n<li>Rio Branco (AC): 23\u00b0C a 31\u00b0C<\/li>\n<li>Porto Velho (RO): 23\u00b0C a 34\u00b0C<\/li>\n<\/ul>\n<p>O in\u00edcio da semana ser\u00e1 marcado por uma combina\u00e7\u00e3o de calor intenso e chuvas t\u00edpicas do per\u00edodo em todo o Brasil. A Climatempo recomenda aten\u00e7\u00e3o \u00e0s condi\u00e7\u00f5es clim\u00e1ticas nas regi\u00f5es Sul, Sudeste e Centro-oeste, que podem enfrentar instabilidades, enquanto Norte e Nordeste seguem com previs\u00e3o de pancadas de chuva associadas \u00e0 alta umidade.<\/p>\n","protected":false},"excerpt":{"rendered":"<p>A semana come\u00e7a com altas temperaturas e pancadas de chuva em grande parte do Brasil,<\/p>\n","protected":false},"author":4,"featured_media":45309,"comment_status":"open","ping_status":"open","sticky":false,"template":"","format":"standard","meta":{"footnotes":""},"categories":[6,3],"tags":[],"class_list":["post-45308","post","type-post","status-publish","format-standard","has-post-thumbnail","hentry","category-brasil","category-destaques"],"yoast_head":"<!-- This site is optimized with the Yoast SEO plugin v27.5 - https:\/\/yoast.com\/product\/yoast-seo-wordpress\/ -->\n<title>Calor e pancadas de chuva dominam a previs\u00e3o do tempo no Brasil nesta semana - Jornal<\/title>\n<meta name=\"description\" content=\"Calor e pancadas de chuva dominam a previs\u00e3o do tempo no Brasil nesta semana\" \/>\n<meta name=\"robots\" content=\"index, follow, max-snippet:-1, max-image-preview:large, max-video-preview:-1\" \/>\n<link rel=\"canonical\" href=\"https:\/\/jornalboasnoticias.com.br\/home\/45308-2\/\" \/>\n<meta property=\"og:locale\" content=\"pt_BR\" \/>\n<meta property=\"og:type\" content=\"article\" \/>\n<meta property=\"og:title\" content=\"Calor e pancadas de chuva dominam a previs\u00e3o do tempo no Brasil nesta semana - Jornal\" \/>\n<meta property=\"og:description\" content=\"Calor e pancadas de chuva dominam a previs\u00e3o do tempo no Brasil nesta semana\" \/>\n<meta property=\"og:url\" content=\"https:\/\/jornalboasnoticias.com.br\/home\/45308-2\/\" \/>\n<meta property=\"og:site_name\" content=\"Jornal\" \/>\n<meta property=\"article:publisher\" content=\"https:\/\/www.facebook.com\/boasnoticiasjornal\" \/>\n<meta property=\"article:published_time\" content=\"2024-11-18T16:52:27+00:00\" \/>\n<meta property=\"article:modified_time\" content=\"2024-11-18T16:53:39+00:00\" \/>\n<meta property=\"og:image\" content=\"https:\/\/jornalboasnoticias.com.br\/home\/wp-content\/uploads\/2024\/11\/GettyImages-1078268554.webp\" \/>\n\t<meta property=\"og:image:width\" content=\"420\" \/>\n\t<meta property=\"og:image:height\" content=\"240\" \/>\n\t<meta property=\"og:image:type\" content=\"image\/webp\" \/>\n<meta name=\"author\" content=\"Ana Luiza Bonatto\" \/>\n<meta name=\"twitter:card\" content=\"summary_large_image\" \/>\n<meta name=\"twitter:label1\" content=\"Escrito por\" \/>\n\t<meta name=\"twitter:data1\" content=\"Ana Luiza Bonatto\" \/>\n\t<meta name=\"twitter:label2\" content=\"Est. tempo de leitura\" \/>\n\t<meta name=\"twitter:data2\" content=\"4 minutos\" \/>\n<script type=\"application\/ld+json\" class=\"yoast-schema-graph\">{\"@context\":\"https:\\\/\\\/schema.org\",\"@graph\":[{\"@type\":\"Article\",\"@id\":\"https:\\\/\\\/jornalboasnoticias.com.br\\\/home\\\/45308-2\\\/#article\",\"isPartOf\":{\"@id\":\"https:\\\/\\\/jornalboasnoticias.com.br\\\/home\\\/45308-2\\\/\"},\"author\":{\"name\":\"Ana Luiza Bonatto\",\"@id\":\"https:\\\/\\\/jornalboasnoticias.com.br\\\/home\\\/#\\\/schema\\\/person\\\/d641193e0afc6405b390164dac847971\"},\"headline\":\"Calor e pancadas de chuva dominam a previs\u00e3o do tempo no Brasil nesta semana\",\"datePublished\":\"2024-11-18T16:52:27+00:00\",\"dateModified\":\"2024-11-18T16:53:39+00:00\",\"mainEntityOfPage\":{\"@id\":\"https:\\\/\\\/jornalboasnoticias.com.br\\\/home\\\/45308-2\\\/\"},\"wordCount\":574,\"commentCount\":0,\"publisher\":{\"@id\":\"https:\\\/\\\/jornalboasnoticias.com.br\\\/home\\\/#organization\"},\"image\":{\"@id\":\"https:\\\/\\\/jornalboasnoticias.com.br\\\/home\\\/45308-2\\\/#primaryimage\"},\"thumbnailUrl\":\"https:\\\/\\\/jornalboasnoticias.com.br\\\/home\\\/wp-content\\\/uploads\\\/2024\\\/11\\\/GettyImages-1078268554.webp\",\"articleSection\":[\"BRASIL\",\"DESTAQUE\"],\"inLanguage\":\"pt-BR\",\"potentialAction\":[{\"@type\":\"CommentAction\",\"name\":\"Comment\",\"target\":[\"https:\\\/\\\/jornalboasnoticias.com.br\\\/home\\\/45308-2\\\/#respond\"]}]},{\"@type\":\"WebPage\",\"@id\":\"https:\\\/\\\/jornalboasnoticias.com.br\\\/home\\\/45308-2\\\/\",\"url\":\"https:\\\/\\\/jornalboasnoticias.com.br\\\/home\\\/45308-2\\\/\",\"name\":\"Calor e pancadas de chuva dominam a previs\u00e3o do tempo no Brasil nesta semana - Jornal\",\"isPartOf\":{\"@id\":\"https:\\\/\\\/jornalboasnoticias.com.br\\\/home\\\/#website\"},\"primaryImageOfPage\":{\"@id\":\"https:\\\/\\\/jornalboasnoticias.com.br\\\/home\\\/45308-2\\\/#primaryimage\"},\"image\":{\"@id\":\"https:\\\/\\\/jornalboasnoticias.com.br\\\/home\\\/45308-2\\\/#primaryimage\"},\"thumbnailUrl\":\"https:\\\/\\\/jornalboasnoticias.com.br\\\/home\\\/wp-content\\\/uploads\\\/2024\\\/11\\\/GettyImages-1078268554.webp\",\"datePublished\":\"2024-11-18T16:52:27+00:00\",\"dateModified\":\"2024-11-18T16:53:39+00:00\",\"description\":\"Calor e pancadas de chuva dominam a previs\u00e3o do tempo no Brasil nesta semana\",\"breadcrumb\":{\"@id\":\"https:\\\/\\\/jornalboasnoticias.com.br\\\/home\\\/45308-2\\\/#breadcrumb\"},\"inLanguage\":\"pt-BR\",\"potentialAction\":[{\"@type\":\"ReadAction\",\"target\":[\"https:\\\/\\\/jornalboasnoticias.com.br\\\/home\\\/45308-2\\\/\"]}]},{\"@type\":\"ImageObject\",\"inLanguage\":\"pt-BR\",\"@id\":\"https:\\\/\\\/jornalboasnoticias.com.br\\\/home\\\/45308-2\\\/#primaryimage\",\"url\":\"https:\\\/\\\/jornalboasnoticias.com.br\\\/home\\\/wp-content\\\/uploads\\\/2024\\\/11\\\/GettyImages-1078268554.webp\",\"contentUrl\":\"https:\\\/\\\/jornalboasnoticias.com.br\\\/home\\\/wp-content\\\/uploads\\\/2024\\\/11\\\/GettyImages-1078268554.webp\",\"width\":420,\"height\":240,\"caption\":\"Foto: Getty Images\"},{\"@type\":\"BreadcrumbList\",\"@id\":\"https:\\\/\\\/jornalboasnoticias.com.br\\\/home\\\/45308-2\\\/#breadcrumb\",\"itemListElement\":[{\"@type\":\"ListItem\",\"position\":1,\"name\":\"In\u00edcio\",\"item\":\"https:\\\/\\\/jornalboasnoticias.com.br\\\/home\\\/\"},{\"@type\":\"ListItem\",\"position\":2,\"name\":\"Calor e pancadas de chuva dominam a previs\u00e3o do tempo no Brasil nesta semana\"}]},{\"@type\":\"WebSite\",\"@id\":\"https:\\\/\\\/jornalboasnoticias.com.br\\\/home\\\/#website\",\"url\":\"https:\\\/\\\/jornalboasnoticias.com.br\\\/home\\\/\",\"name\":\"Jornal Boas Not\u00edcias\",\"description\":\"Boas not\u00edcias\",\"publisher\":{\"@id\":\"https:\\\/\\\/jornalboasnoticias.com.br\\\/home\\\/#organization\"},\"potentialAction\":[{\"@type\":\"SearchAction\",\"target\":{\"@type\":\"EntryPoint\",\"urlTemplate\":\"https:\\\/\\\/jornalboasnoticias.com.br\\\/home\\\/?s={search_term_string}\"},\"query-input\":{\"@type\":\"PropertyValueSpecification\",\"valueRequired\":true,\"valueName\":\"search_term_string\"}}],\"inLanguage\":\"pt-BR\"},{\"@type\":\"Organization\",\"@id\":\"https:\\\/\\\/jornalboasnoticias.com.br\\\/home\\\/#organization\",\"name\":\"Coq Editora Ltda\",\"alternateName\":\"Jornal Boas Noticias\",\"url\":\"https:\\\/\\\/jornalboasnoticias.com.br\\\/home\\\/\",\"logo\":{\"@type\":\"ImageObject\",\"inLanguage\":\"pt-BR\",\"@id\":\"https:\\\/\\\/jornalboasnoticias.com.br\\\/home\\\/#\\\/schema\\\/logo\\\/image\\\/\",\"url\":\"https:\\\/\\\/jornalboasnoticias.com.br\\\/home\\\/wp-content\\\/uploads\\\/2024\\\/07\\\/cropped-logo.jpg\",\"contentUrl\":\"https:\\\/\\\/jornalboasnoticias.com.br\\\/home\\\/wp-content\\\/uploads\\\/2024\\\/07\\\/cropped-logo.jpg\",\"width\":290,\"height\":142,\"caption\":\"Coq Editora Ltda\"},\"image\":{\"@id\":\"https:\\\/\\\/jornalboasnoticias.com.br\\\/home\\\/#\\\/schema\\\/logo\\\/image\\\/\"},\"sameAs\":[\"https:\\\/\\\/www.facebook.com\\\/boasnoticiasjornal\"]},{\"@type\":\"Person\",\"@id\":\"https:\\\/\\\/jornalboasnoticias.com.br\\\/home\\\/#\\\/schema\\\/person\\\/d641193e0afc6405b390164dac847971\",\"name\":\"Ana Luiza Bonatto\",\"image\":{\"@type\":\"ImageObject\",\"inLanguage\":\"pt-BR\",\"@id\":\"https:\\\/\\\/secure.gravatar.com\\\/avatar\\\/8a055ebe6373371f67ac6fcf313c0ac0b0a91157fdcdb9514fa62927373348f0?s=96&d=mm&r=g\",\"url\":\"https:\\\/\\\/secure.gravatar.com\\\/avatar\\\/8a055ebe6373371f67ac6fcf313c0ac0b0a91157fdcdb9514fa62927373348f0?s=96&d=mm&r=g\",\"contentUrl\":\"https:\\\/\\\/secure.gravatar.com\\\/avatar\\\/8a055ebe6373371f67ac6fcf313c0ac0b0a91157fdcdb9514fa62927373348f0?s=96&d=mm&r=g\",\"caption\":\"Ana Luiza Bonatto\"},\"url\":\"https:\\\/\\\/jornalboasnoticias.com.br\\\/home\\\/author\\\/ana-luiza\\\/\"}]}<\/script>\n<!-- \/ Yoast SEO plugin. -->","yoast_head_json":{"title":"Calor e pancadas de chuva dominam a previs\u00e3o do tempo no Brasil nesta semana - Jornal","description":"Calor e pancadas de chuva dominam a previs\u00e3o do tempo no Brasil nesta semana","robots":{"index":"index","follow":"follow","max-snippet":"max-snippet:-1","max-image-preview":"max-image-preview:large","max-video-preview":"max-video-preview:-1"},"canonical":"https:\/\/jornalboasnoticias.com.br\/home\/45308-2\/","og_locale":"pt_BR","og_type":"article","og_title":"Calor e pancadas de chuva dominam a previs\u00e3o do tempo no Brasil nesta semana - Jornal","og_description":"Calor e pancadas de chuva dominam a previs\u00e3o do tempo no Brasil nesta semana","og_url":"https:\/\/jornalboasnoticias.com.br\/home\/45308-2\/","og_site_name":"Jornal","article_publisher":"https:\/\/www.facebook.com\/boasnoticiasjornal","article_published_time":"2024-11-18T16:52:27+00:00","article_modified_time":"2024-11-18T16:53:39+00:00","og_image":[{"width":420,"height":240,"url":"https:\/\/jornalboasnoticias.com.br\/home\/wp-content\/uploads\/2024\/11\/GettyImages-1078268554.webp","type":"image\/webp"}],"author":"Ana Luiza Bonatto","twitter_card":"summary_large_image","twitter_misc":{"Escrito por":"Ana Luiza Bonatto","Est. tempo de leitura":"4 minutos"},"schema":{"@context":"https:\/\/schema.org","@graph":[{"@type":"Article","@id":"https:\/\/jornalboasnoticias.com.br\/home\/45308-2\/#article","isPartOf":{"@id":"https:\/\/jornalboasnoticias.com.br\/home\/45308-2\/"},"author":{"name":"Ana Luiza Bonatto","@id":"https:\/\/jornalboasnoticias.com.br\/home\/#\/schema\/person\/d641193e0afc6405b390164dac847971"},"headline":"Calor e pancadas de chuva dominam a previs\u00e3o do tempo no Brasil nesta semana","datePublished":"2024-11-18T16:52:27+00:00","dateModified":"2024-11-18T16:53:39+00:00","mainEntityOfPage":{"@id":"https:\/\/jornalboasnoticias.com.br\/home\/45308-2\/"},"wordCount":574,"commentCount":0,"publisher":{"@id":"https:\/\/jornalboasnoticias.com.br\/home\/#organization"},"image":{"@id":"https:\/\/jornalboasnoticias.com.br\/home\/45308-2\/#primaryimage"},"thumbnailUrl":"https:\/\/jornalboasnoticias.com.br\/home\/wp-content\/uploads\/2024\/11\/GettyImages-1078268554.webp","articleSection":["BRASIL","DESTAQUE"],"inLanguage":"pt-BR","potentialAction":[{"@type":"CommentAction","name":"Comment","target":["https:\/\/jornalboasnoticias.com.br\/home\/45308-2\/#respond"]}]},{"@type":"WebPage","@id":"https:\/\/jornalboasnoticias.com.br\/home\/45308-2\/","url":"https:\/\/jornalboasnoticias.com.br\/home\/45308-2\/","name":"Calor e pancadas de chuva dominam a previs\u00e3o do tempo no Brasil nesta semana - Jornal","isPartOf":{"@id":"https:\/\/jornalboasnoticias.com.br\/home\/#website"},"primaryImageOfPage":{"@id":"https:\/\/jornalboasnoticias.com.br\/home\/45308-2\/#primaryimage"},"image":{"@id":"https:\/\/jornalboasnoticias.com.br\/home\/45308-2\/#primaryimage"},"thumbnailUrl":"https:\/\/jornalboasnoticias.com.br\/home\/wp-content\/uploads\/2024\/11\/GettyImages-1078268554.webp","datePublished":"2024-11-18T16:52:27+00:00","dateModified":"2024-11-18T16:53:39+00:00","description":"Calor e pancadas de chuva dominam a previs\u00e3o do tempo no Brasil nesta semana","breadcrumb":{"@id":"https:\/\/jornalboasnoticias.com.br\/home\/45308-2\/#breadcrumb"},"inLanguage":"pt-BR","potentialAction":[{"@type":"ReadAction","target":["https:\/\/jornalboasnoticias.com.br\/home\/45308-2\/"]}]},{"@type":"ImageObject","inLanguage":"pt-BR","@id":"https:\/\/jornalboasnoticias.com.br\/home\/45308-2\/#primaryimage","url":"https:\/\/jornalboasnoticias.com.br\/home\/wp-content\/uploads\/2024\/11\/GettyImages-1078268554.webp","contentUrl":"https:\/\/jornalboasnoticias.com.br\/home\/wp-content\/uploads\/2024\/11\/GettyImages-1078268554.webp","width":420,"height":240,"caption":"Foto: Getty Images"},{"@type":"BreadcrumbList","@id":"https:\/\/jornalboasnoticias.com.br\/home\/45308-2\/#breadcrumb","itemListElement":[{"@type":"ListItem","position":1,"name":"In\u00edcio","item":"https:\/\/jornalboasnoticias.com.br\/home\/"},{"@type":"ListItem","position":2,"name":"Calor e pancadas de chuva dominam a previs\u00e3o do tempo no Brasil nesta semana"}]},{"@type":"WebSite","@id":"https:\/\/jornalboasnoticias.com.br\/home\/#website","url":"https:\/\/jornalboasnoticias.com.br\/home\/","name":"Jornal Boas Not\u00edcias","description":"Boas not\u00edcias","publisher":{"@id":"https:\/\/jornalboasnoticias.com.br\/home\/#organization"},"potentialAction":[{"@type":"SearchAction","target":{"@type":"EntryPoint","urlTemplate":"https:\/\/jornalboasnoticias.com.br\/home\/?s={search_term_string}"},"query-input":{"@type":"PropertyValueSpecification","valueRequired":true,"valueName":"search_term_string"}}],"inLanguage":"pt-BR"},{"@type":"Organization","@id":"https:\/\/jornalboasnoticias.com.br\/home\/#organization","name":"Coq Editora Ltda","alternateName":"Jornal Boas Noticias","url":"https:\/\/jornalboasnoticias.com.br\/home\/","logo":{"@type":"ImageObject","inLanguage":"pt-BR","@id":"https:\/\/jornalboasnoticias.com.br\/home\/#\/schema\/logo\/image\/","url":"https:\/\/jornalboasnoticias.com.br\/home\/wp-content\/uploads\/2024\/07\/cropped-logo.jpg","contentUrl":"https:\/\/jornalboasnoticias.com.br\/home\/wp-content\/uploads\/2024\/07\/cropped-logo.jpg","width":290,"height":142,"caption":"Coq Editora Ltda"},"image":{"@id":"https:\/\/jornalboasnoticias.com.br\/home\/#\/schema\/logo\/image\/"},"sameAs":["https:\/\/www.facebook.com\/boasnoticiasjornal"]},{"@type":"Person","@id":"https:\/\/jornalboasnoticias.com.br\/home\/#\/schema\/person\/d641193e0afc6405b390164dac847971","name":"Ana Luiza Bonatto","image":{"@type":"ImageObject","inLanguage":"pt-BR","@id":"https:\/\/secure.gravatar.com\/avatar\/8a055ebe6373371f67ac6fcf313c0ac0b0a91157fdcdb9514fa62927373348f0?s=96&d=mm&r=g","url":"https:\/\/secure.gravatar.com\/avatar\/8a055ebe6373371f67ac6fcf313c0ac0b0a91157fdcdb9514fa62927373348f0?s=96&d=mm&r=g","contentUrl":"https:\/\/secure.gravatar.com\/avatar\/8a055ebe6373371f67ac6fcf313c0ac0b0a91157fdcdb9514fa62927373348f0?s=96&d=mm&r=g","caption":"Ana Luiza Bonatto"},"url":"https:\/\/jornalboasnoticias.com.br\/home\/author\/ana-luiza\/"}]}},"_links":{"self":[{"href":"https:\/\/jornalboasnoticias.com.br\/home\/wp-json\/wp\/v2\/posts\/45308","targetHints":{"allow":["GET"]}}],"collection":[{"href":"https:\/\/jornalboasnoticias.com.br\/home\/wp-json\/wp\/v2\/posts"}],"about":[{"href":"https:\/\/jornalboasnoticias.com.br\/home\/wp-json\/wp\/v2\/types\/post"}],"author":[{"embeddable":true,"href":"https:\/\/jornalboasnoticias.com.br\/home\/wp-json\/wp\/v2\/users\/4"}],"replies":[{"embeddable":true,"href":"https:\/\/jornalboasnoticias.com.br\/home\/wp-json\/wp\/v2\/comments?post=45308"}],"version-history":[{"count":2,"href":"https:\/\/jornalboasnoticias.com.br\/home\/wp-json\/wp\/v2\/posts\/45308\/revisions"}],"predecessor-version":[{"id":45311,"href":"https:\/\/jornalboasnoticias.com.br\/home\/wp-json\/wp\/v2\/posts\/45308\/revisions\/45311"}],"wp:featuredmedia":[{"embeddable":true,"href":"https:\/\/jornalboasnoticias.com.br\/home\/wp-json\/wp\/v2\/media\/45309"}],"wp:attachment":[{"href":"https:\/\/jornalboasnoticias.com.br\/home\/wp-json\/wp\/v2\/media?parent=45308"}],"wp:term":[{"taxonomy":"category","embeddable":true,"href":"https:\/\/jornalboasnoticias.com.br\/home\/wp-json\/wp\/v2\/categories?post=45308"},{"taxonomy":"post_tag","embeddable":true,"href":"https:\/\/jornalboasnoticias.com.br\/home\/wp-json\/wp\/v2\/tags?post=45308"}],"curies":[{"name":"wp","href":"https:\/\/api.w.org\/{rel}","templated":true}]}}