{"id":45296,"date":"2024-11-18T12:56:56","date_gmt":"2024-11-18T12:56:56","guid":{"rendered":"https:\/\/jornalboasnoticias.com.br\/home\/?p=45296"},"modified":"2024-11-18T12:56:56","modified_gmt":"2024-11-18T12:56:56","slug":"agricultores-protestam-na-franca-contra-negociacoes-comerciais-com-o-mercosul","status":"publish","type":"post","link":"https:\/\/jornalboasnoticias.com.br\/home\/agricultores-protestam-na-franca-contra-negociacoes-comerciais-com-o-mercosul\/","title":{"rendered":"Agricultores protestam na Fran\u00e7a contra negocia\u00e7\u00f5es comerciais com o Mercosul"},"content":{"rendered":"<figure id=\"attachment_45297\" aria-describedby=\"caption-attachment-45297\" style=\"width: 420px\" class=\"wp-caption alignnone\"><img loading=\"lazy\" decoding=\"async\" class=\"size-full wp-image-45297\" src=\"https:\/\/jornalboasnoticias.com.br\/home\/wp-content\/uploads\/2024\/11\/2024-01-29T153946Z_3_LOP609129012024RP1_RTRMADP_BASEIMAGE-960X540_FRANCE-POLITICS-FARMERS-TRACTORS.webp\" alt=\"\" width=\"420\" height=\"240\" srcset=\"https:\/\/jornalboasnoticias.com.br\/home\/wp-content\/uploads\/2024\/11\/2024-01-29T153946Z_3_LOP609129012024RP1_RTRMADP_BASEIMAGE-960X540_FRANCE-POLITICS-FARMERS-TRACTORS.webp 420w, https:\/\/jornalboasnoticias.com.br\/home\/wp-content\/uploads\/2024\/11\/2024-01-29T153946Z_3_LOP609129012024RP1_RTRMADP_BASEIMAGE-960X540_FRANCE-POLITICS-FARMERS-TRACTORS-300x171.webp 300w\" sizes=\"auto, (max-width: 420px) 100vw, 420px\" \/><figcaption id=\"caption-attachment-45297\" class=\"wp-caption-text\">Foto: Divulga\u00e7\u00e3o<\/figcaption><\/figure>\n<blockquote><p>Agricultores franceses iniciaram protestos nesta segunda-feira (18) contra o acordo comercial entre a Uni\u00e3o Europeia e o Mercosul, temendo que a medida intensifique a crise no setor agr\u00edcola e a concorr\u00eancia com produtos estrangeiros.<\/p><\/blockquote>\n<p>As manifesta\u00e7\u00f5es, organizadas pelo principal sindicato agr\u00edcola da Fran\u00e7a, FNSEA, refletem a insatisfa\u00e7\u00e3o dos produtores rurais com as condi\u00e7\u00f5es de mercado. Segundo eles, um eventual acordo comercial traria produtos como carne bovina, frango, a\u00e7\u00facar e milho do Brasil e da Argentina, pa\u00edses que utilizam pr\u00e1ticas e insumos proibidos na Europa, como certos pesticidas e antibi\u00f3ticos de crescimento.<\/p>\n<p>&#8220;Temos as mesmas exig\u00eancias de janeiro, nada mudou&#8221;, afirmou Armelle Fraiture, agricultora de gado leiteiro ao norte de Paris. &#8220;Precisamos fazer com que o governo entenda que j\u00e1 \u00e9 o bastante.&#8221;<\/p>\n<p>Os protestos se somam a uma s\u00e9rie de dificuldades enfrentadas pelo setor este ano, incluindo colheitas afetadas por chuvas intensas, surtos de doen\u00e7as nos rebanhos e atrasos em medidas prometidas pelo governo ap\u00f3s protestos anteriores. Em janeiro, os agricultores chegaram a bloquear rodovias por semanas devido \u00e0 queda nos pre\u00e7os e ao aumento de importa\u00e7\u00f5es de gr\u00e3os da Ucr\u00e2nia, o que agravou a crise no campo.<\/p>\n<p>No domingo (17), o presidente Emmanuel Macron reafirmou sua oposi\u00e7\u00e3o ao acordo com o Mercosul nos termos atuais. Apesar disso, a Fran\u00e7a enfrenta resist\u00eancia dentro da Uni\u00e3o Europeia, onde outros pa\u00edses apoiam o avan\u00e7o das negocia\u00e7\u00f5es.<\/p>\n<p>Al\u00e9m disso, os agricultores criticam a falta de a\u00e7\u00f5es concretas para aliviar a press\u00e3o sobre o setor. &#8220;Dezenas de milhares de fazendas est\u00e3o em dificuldades financeiras&#8221;, disse Arnaud Rousseau, presidente da FNSEA, \u00e0 BFM TV. &#8220;Esse acordo seria a cereja amarga no bolo.&#8221;<\/p>\n<p>As manifesta\u00e7\u00f5es, que come\u00e7aram com bloqueios pontuais em rodovias e concentra\u00e7\u00f5es em pr\u00e9dios governamentais, devem se intensificar nos pr\u00f3ximos dias e continuar at\u00e9 dezembro. Enquanto isso, o governo franc\u00eas ter\u00e1 de lidar com o desafio de equilibrar as demandas dos agricultores com as press\u00f5es internacionais para concluir as negocia\u00e7\u00f5es comerciais.<\/p>\n<p>&#8220;Sabemos que estamos saindo para protestar, mas n\u00e3o sabemos quando voltaremos&#8221;, concluiu Fraiture, sinalizando que a insatisfa\u00e7\u00e3o dos agricultores franceses deve seguir alimentando o cen\u00e1rio de tens\u00e3o at\u00e9 que medidas concretas sejam tomadas.<\/p>\n","protected":false},"excerpt":{"rendered":"<p>Agricultores franceses iniciaram protestos nesta segunda-feira (18) contra o acordo comercial entre a Uni\u00e3o Europeia<\/p>\n","protected":false},"author":4,"featured_media":45297,"comment_status":"open","ping_status":"open","sticky":false,"template":"","format":"standard","meta":{"footnotes":""},"categories":[3,9],"tags":[],"class_list":["post-45296","post","type-post","status-publish","format-standard","has-post-thumbnail","hentry","category-destaques","category-internacional"],"yoast_head":"<!-- This site is optimized with the Yoast SEO plugin v27.5 - https:\/\/yoast.com\/product\/yoast-seo-wordpress\/ -->\n<title>Agricultores protestam na Fran\u00e7a contra negocia\u00e7\u00f5es comerciais com o Mercosul - Jornal<\/title>\n<meta name=\"description\" content=\"Agricultores protestam na Fran\u00e7a contra negocia\u00e7\u00f5es comerciais com o Mercosul\" \/>\n<meta name=\"robots\" content=\"index, follow, max-snippet:-1, max-image-preview:large, max-video-preview:-1\" \/>\n<link rel=\"canonical\" href=\"https:\/\/jornalboasnoticias.com.br\/home\/agricultores-protestam-na-franca-contra-negociacoes-comerciais-com-o-mercosul\/\" \/>\n<meta property=\"og:locale\" content=\"pt_BR\" \/>\n<meta property=\"og:type\" content=\"article\" \/>\n<meta property=\"og:title\" content=\"Agricultores protestam na Fran\u00e7a contra negocia\u00e7\u00f5es comerciais com o Mercosul - Jornal\" \/>\n<meta property=\"og:description\" content=\"Agricultores protestam na Fran\u00e7a contra negocia\u00e7\u00f5es comerciais com o Mercosul\" \/>\n<meta property=\"og:url\" content=\"https:\/\/jornalboasnoticias.com.br\/home\/agricultores-protestam-na-franca-contra-negociacoes-comerciais-com-o-mercosul\/\" \/>\n<meta property=\"og:site_name\" content=\"Jornal\" \/>\n<meta property=\"article:publisher\" content=\"https:\/\/www.facebook.com\/boasnoticiasjornal\" \/>\n<meta property=\"article:published_time\" content=\"2024-11-18T12:56:56+00:00\" \/>\n<meta property=\"og:image\" content=\"https:\/\/jornalboasnoticias.com.br\/home\/wp-content\/uploads\/2024\/11\/2024-01-29T153946Z_3_LOP609129012024RP1_RTRMADP_BASEIMAGE-960X540_FRANCE-POLITICS-FARMERS-TRACTORS.webp\" \/>\n\t<meta property=\"og:image:width\" content=\"420\" \/>\n\t<meta property=\"og:image:height\" content=\"240\" \/>\n\t<meta property=\"og:image:type\" content=\"image\/webp\" \/>\n<meta name=\"author\" content=\"Ana Luiza Bonatto\" \/>\n<meta name=\"twitter:card\" content=\"summary_large_image\" \/>\n<meta name=\"twitter:label1\" content=\"Escrito por\" \/>\n\t<meta name=\"twitter:data1\" content=\"Ana Luiza Bonatto\" \/>\n\t<meta name=\"twitter:label2\" content=\"Est. tempo de leitura\" \/>\n\t<meta name=\"twitter:data2\" content=\"2 minutos\" \/>\n<script type=\"application\/ld+json\" class=\"yoast-schema-graph\">{\"@context\":\"https:\\\/\\\/schema.org\",\"@graph\":[{\"@type\":\"Article\",\"@id\":\"https:\\\/\\\/jornalboasnoticias.com.br\\\/home\\\/agricultores-protestam-na-franca-contra-negociacoes-comerciais-com-o-mercosul\\\/#article\",\"isPartOf\":{\"@id\":\"https:\\\/\\\/jornalboasnoticias.com.br\\\/home\\\/agricultores-protestam-na-franca-contra-negociacoes-comerciais-com-o-mercosul\\\/\"},\"author\":{\"name\":\"Ana Luiza Bonatto\",\"@id\":\"https:\\\/\\\/jornalboasnoticias.com.br\\\/home\\\/#\\\/schema\\\/person\\\/d641193e0afc6405b390164dac847971\"},\"headline\":\"Agricultores protestam na Fran\u00e7a contra negocia\u00e7\u00f5es comerciais com o Mercosul\",\"datePublished\":\"2024-11-18T12:56:56+00:00\",\"mainEntityOfPage\":{\"@id\":\"https:\\\/\\\/jornalboasnoticias.com.br\\\/home\\\/agricultores-protestam-na-franca-contra-negociacoes-comerciais-com-o-mercosul\\\/\"},\"wordCount\":410,\"commentCount\":0,\"publisher\":{\"@id\":\"https:\\\/\\\/jornalboasnoticias.com.br\\\/home\\\/#organization\"},\"image\":{\"@id\":\"https:\\\/\\\/jornalboasnoticias.com.br\\\/home\\\/agricultores-protestam-na-franca-contra-negociacoes-comerciais-com-o-mercosul\\\/#primaryimage\"},\"thumbnailUrl\":\"https:\\\/\\\/jornalboasnoticias.com.br\\\/home\\\/wp-content\\\/uploads\\\/2024\\\/11\\\/2024-01-29T153946Z_3_LOP609129012024RP1_RTRMADP_BASEIMAGE-960X540_FRANCE-POLITICS-FARMERS-TRACTORS.webp\",\"articleSection\":[\"DESTAQUE\",\"INTERNACIONAL\"],\"inLanguage\":\"pt-BR\",\"potentialAction\":[{\"@type\":\"CommentAction\",\"name\":\"Comment\",\"target\":[\"https:\\\/\\\/jornalboasnoticias.com.br\\\/home\\\/agricultores-protestam-na-franca-contra-negociacoes-comerciais-com-o-mercosul\\\/#respond\"]}]},{\"@type\":\"WebPage\",\"@id\":\"https:\\\/\\\/jornalboasnoticias.com.br\\\/home\\\/agricultores-protestam-na-franca-contra-negociacoes-comerciais-com-o-mercosul\\\/\",\"url\":\"https:\\\/\\\/jornalboasnoticias.com.br\\\/home\\\/agricultores-protestam-na-franca-contra-negociacoes-comerciais-com-o-mercosul\\\/\",\"name\":\"Agricultores protestam na Fran\u00e7a contra negocia\u00e7\u00f5es comerciais com o Mercosul - Jornal\",\"isPartOf\":{\"@id\":\"https:\\\/\\\/jornalboasnoticias.com.br\\\/home\\\/#website\"},\"primaryImageOfPage\":{\"@id\":\"https:\\\/\\\/jornalboasnoticias.com.br\\\/home\\\/agricultores-protestam-na-franca-contra-negociacoes-comerciais-com-o-mercosul\\\/#primaryimage\"},\"image\":{\"@id\":\"https:\\\/\\\/jornalboasnoticias.com.br\\\/home\\\/agricultores-protestam-na-franca-contra-negociacoes-comerciais-com-o-mercosul\\\/#primaryimage\"},\"thumbnailUrl\":\"https:\\\/\\\/jornalboasnoticias.com.br\\\/home\\\/wp-content\\\/uploads\\\/2024\\\/11\\\/2024-01-29T153946Z_3_LOP609129012024RP1_RTRMADP_BASEIMAGE-960X540_FRANCE-POLITICS-FARMERS-TRACTORS.webp\",\"datePublished\":\"2024-11-18T12:56:56+00:00\",\"description\":\"Agricultores protestam na Fran\u00e7a contra negocia\u00e7\u00f5es comerciais com o Mercosul\",\"breadcrumb\":{\"@id\":\"https:\\\/\\\/jornalboasnoticias.com.br\\\/home\\\/agricultores-protestam-na-franca-contra-negociacoes-comerciais-com-o-mercosul\\\/#breadcrumb\"},\"inLanguage\":\"pt-BR\",\"potentialAction\":[{\"@type\":\"ReadAction\",\"target\":[\"https:\\\/\\\/jornalboasnoticias.com.br\\\/home\\\/agricultores-protestam-na-franca-contra-negociacoes-comerciais-com-o-mercosul\\\/\"]}]},{\"@type\":\"ImageObject\",\"inLanguage\":\"pt-BR\",\"@id\":\"https:\\\/\\\/jornalboasnoticias.com.br\\\/home\\\/agricultores-protestam-na-franca-contra-negociacoes-comerciais-com-o-mercosul\\\/#primaryimage\",\"url\":\"https:\\\/\\\/jornalboasnoticias.com.br\\\/home\\\/wp-content\\\/uploads\\\/2024\\\/11\\\/2024-01-29T153946Z_3_LOP609129012024RP1_RTRMADP_BASEIMAGE-960X540_FRANCE-POLITICS-FARMERS-TRACTORS.webp\",\"contentUrl\":\"https:\\\/\\\/jornalboasnoticias.com.br\\\/home\\\/wp-content\\\/uploads\\\/2024\\\/11\\\/2024-01-29T153946Z_3_LOP609129012024RP1_RTRMADP_BASEIMAGE-960X540_FRANCE-POLITICS-FARMERS-TRACTORS.webp\",\"width\":420,\"height\":240,\"caption\":\"Foto: Divulga\u00e7\u00e3o\"},{\"@type\":\"BreadcrumbList\",\"@id\":\"https:\\\/\\\/jornalboasnoticias.com.br\\\/home\\\/agricultores-protestam-na-franca-contra-negociacoes-comerciais-com-o-mercosul\\\/#breadcrumb\",\"itemListElement\":[{\"@type\":\"ListItem\",\"position\":1,\"name\":\"In\u00edcio\",\"item\":\"https:\\\/\\\/jornalboasnoticias.com.br\\\/home\\\/\"},{\"@type\":\"ListItem\",\"position\":2,\"name\":\"Agricultores protestam na Fran\u00e7a contra negocia\u00e7\u00f5es comerciais com o Mercosul\"}]},{\"@type\":\"WebSite\",\"@id\":\"https:\\\/\\\/jornalboasnoticias.com.br\\\/home\\\/#website\",\"url\":\"https:\\\/\\\/jornalboasnoticias.com.br\\\/home\\\/\",\"name\":\"Jornal Boas Not\u00edcias\",\"description\":\"Boas not\u00edcias\",\"publisher\":{\"@id\":\"https:\\\/\\\/jornalboasnoticias.com.br\\\/home\\\/#organization\"},\"potentialAction\":[{\"@type\":\"SearchAction\",\"target\":{\"@type\":\"EntryPoint\",\"urlTemplate\":\"https:\\\/\\\/jornalboasnoticias.com.br\\\/home\\\/?s={search_term_string}\"},\"query-input\":{\"@type\":\"PropertyValueSpecification\",\"valueRequired\":true,\"valueName\":\"search_term_string\"}}],\"inLanguage\":\"pt-BR\"},{\"@type\":\"Organization\",\"@id\":\"https:\\\/\\\/jornalboasnoticias.com.br\\\/home\\\/#organization\",\"name\":\"Coq Editora Ltda\",\"alternateName\":\"Jornal Boas Noticias\",\"url\":\"https:\\\/\\\/jornalboasnoticias.com.br\\\/home\\\/\",\"logo\":{\"@type\":\"ImageObject\",\"inLanguage\":\"pt-BR\",\"@id\":\"https:\\\/\\\/jornalboasnoticias.com.br\\\/home\\\/#\\\/schema\\\/logo\\\/image\\\/\",\"url\":\"https:\\\/\\\/jornalboasnoticias.com.br\\\/home\\\/wp-content\\\/uploads\\\/2024\\\/07\\\/cropped-logo.jpg\",\"contentUrl\":\"https:\\\/\\\/jornalboasnoticias.com.br\\\/home\\\/wp-content\\\/uploads\\\/2024\\\/07\\\/cropped-logo.jpg\",\"width\":290,\"height\":142,\"caption\":\"Coq Editora Ltda\"},\"image\":{\"@id\":\"https:\\\/\\\/jornalboasnoticias.com.br\\\/home\\\/#\\\/schema\\\/logo\\\/image\\\/\"},\"sameAs\":[\"https:\\\/\\\/www.facebook.com\\\/boasnoticiasjornal\"]},{\"@type\":\"Person\",\"@id\":\"https:\\\/\\\/jornalboasnoticias.com.br\\\/home\\\/#\\\/schema\\\/person\\\/d641193e0afc6405b390164dac847971\",\"name\":\"Ana Luiza Bonatto\",\"image\":{\"@type\":\"ImageObject\",\"inLanguage\":\"pt-BR\",\"@id\":\"https:\\\/\\\/secure.gravatar.com\\\/avatar\\\/8a055ebe6373371f67ac6fcf313c0ac0b0a91157fdcdb9514fa62927373348f0?s=96&d=mm&r=g\",\"url\":\"https:\\\/\\\/secure.gravatar.com\\\/avatar\\\/8a055ebe6373371f67ac6fcf313c0ac0b0a91157fdcdb9514fa62927373348f0?s=96&d=mm&r=g\",\"contentUrl\":\"https:\\\/\\\/secure.gravatar.com\\\/avatar\\\/8a055ebe6373371f67ac6fcf313c0ac0b0a91157fdcdb9514fa62927373348f0?s=96&d=mm&r=g\",\"caption\":\"Ana Luiza Bonatto\"},\"url\":\"https:\\\/\\\/jornalboasnoticias.com.br\\\/home\\\/author\\\/ana-luiza\\\/\"}]}<\/script>\n<!-- \/ Yoast SEO plugin. -->","yoast_head_json":{"title":"Agricultores protestam na Fran\u00e7a contra negocia\u00e7\u00f5es comerciais com o Mercosul - Jornal","description":"Agricultores protestam na Fran\u00e7a contra negocia\u00e7\u00f5es comerciais com o Mercosul","robots":{"index":"index","follow":"follow","max-snippet":"max-snippet:-1","max-image-preview":"max-image-preview:large","max-video-preview":"max-video-preview:-1"},"canonical":"https:\/\/jornalboasnoticias.com.br\/home\/agricultores-protestam-na-franca-contra-negociacoes-comerciais-com-o-mercosul\/","og_locale":"pt_BR","og_type":"article","og_title":"Agricultores protestam na Fran\u00e7a contra negocia\u00e7\u00f5es comerciais com o Mercosul - Jornal","og_description":"Agricultores protestam na Fran\u00e7a contra negocia\u00e7\u00f5es comerciais com o Mercosul","og_url":"https:\/\/jornalboasnoticias.com.br\/home\/agricultores-protestam-na-franca-contra-negociacoes-comerciais-com-o-mercosul\/","og_site_name":"Jornal","article_publisher":"https:\/\/www.facebook.com\/boasnoticiasjornal","article_published_time":"2024-11-18T12:56:56+00:00","og_image":[{"width":420,"height":240,"url":"https:\/\/jornalboasnoticias.com.br\/home\/wp-content\/uploads\/2024\/11\/2024-01-29T153946Z_3_LOP609129012024RP1_RTRMADP_BASEIMAGE-960X540_FRANCE-POLITICS-FARMERS-TRACTORS.webp","type":"image\/webp"}],"author":"Ana Luiza Bonatto","twitter_card":"summary_large_image","twitter_misc":{"Escrito por":"Ana Luiza Bonatto","Est. tempo de leitura":"2 minutos"},"schema":{"@context":"https:\/\/schema.org","@graph":[{"@type":"Article","@id":"https:\/\/jornalboasnoticias.com.br\/home\/agricultores-protestam-na-franca-contra-negociacoes-comerciais-com-o-mercosul\/#article","isPartOf":{"@id":"https:\/\/jornalboasnoticias.com.br\/home\/agricultores-protestam-na-franca-contra-negociacoes-comerciais-com-o-mercosul\/"},"author":{"name":"Ana Luiza Bonatto","@id":"https:\/\/jornalboasnoticias.com.br\/home\/#\/schema\/person\/d641193e0afc6405b390164dac847971"},"headline":"Agricultores protestam na Fran\u00e7a contra negocia\u00e7\u00f5es comerciais com o Mercosul","datePublished":"2024-11-18T12:56:56+00:00","mainEntityOfPage":{"@id":"https:\/\/jornalboasnoticias.com.br\/home\/agricultores-protestam-na-franca-contra-negociacoes-comerciais-com-o-mercosul\/"},"wordCount":410,"commentCount":0,"publisher":{"@id":"https:\/\/jornalboasnoticias.com.br\/home\/#organization"},"image":{"@id":"https:\/\/jornalboasnoticias.com.br\/home\/agricultores-protestam-na-franca-contra-negociacoes-comerciais-com-o-mercosul\/#primaryimage"},"thumbnailUrl":"https:\/\/jornalboasnoticias.com.br\/home\/wp-content\/uploads\/2024\/11\/2024-01-29T153946Z_3_LOP609129012024RP1_RTRMADP_BASEIMAGE-960X540_FRANCE-POLITICS-FARMERS-TRACTORS.webp","articleSection":["DESTAQUE","INTERNACIONAL"],"inLanguage":"pt-BR","potentialAction":[{"@type":"CommentAction","name":"Comment","target":["https:\/\/jornalboasnoticias.com.br\/home\/agricultores-protestam-na-franca-contra-negociacoes-comerciais-com-o-mercosul\/#respond"]}]},{"@type":"WebPage","@id":"https:\/\/jornalboasnoticias.com.br\/home\/agricultores-protestam-na-franca-contra-negociacoes-comerciais-com-o-mercosul\/","url":"https:\/\/jornalboasnoticias.com.br\/home\/agricultores-protestam-na-franca-contra-negociacoes-comerciais-com-o-mercosul\/","name":"Agricultores protestam na Fran\u00e7a contra negocia\u00e7\u00f5es comerciais com o Mercosul - Jornal","isPartOf":{"@id":"https:\/\/jornalboasnoticias.com.br\/home\/#website"},"primaryImageOfPage":{"@id":"https:\/\/jornalboasnoticias.com.br\/home\/agricultores-protestam-na-franca-contra-negociacoes-comerciais-com-o-mercosul\/#primaryimage"},"image":{"@id":"https:\/\/jornalboasnoticias.com.br\/home\/agricultores-protestam-na-franca-contra-negociacoes-comerciais-com-o-mercosul\/#primaryimage"},"thumbnailUrl":"https:\/\/jornalboasnoticias.com.br\/home\/wp-content\/uploads\/2024\/11\/2024-01-29T153946Z_3_LOP609129012024RP1_RTRMADP_BASEIMAGE-960X540_FRANCE-POLITICS-FARMERS-TRACTORS.webp","datePublished":"2024-11-18T12:56:56+00:00","description":"Agricultores protestam na Fran\u00e7a contra negocia\u00e7\u00f5es comerciais com o Mercosul","breadcrumb":{"@id":"https:\/\/jornalboasnoticias.com.br\/home\/agricultores-protestam-na-franca-contra-negociacoes-comerciais-com-o-mercosul\/#breadcrumb"},"inLanguage":"pt-BR","potentialAction":[{"@type":"ReadAction","target":["https:\/\/jornalboasnoticias.com.br\/home\/agricultores-protestam-na-franca-contra-negociacoes-comerciais-com-o-mercosul\/"]}]},{"@type":"ImageObject","inLanguage":"pt-BR","@id":"https:\/\/jornalboasnoticias.com.br\/home\/agricultores-protestam-na-franca-contra-negociacoes-comerciais-com-o-mercosul\/#primaryimage","url":"https:\/\/jornalboasnoticias.com.br\/home\/wp-content\/uploads\/2024\/11\/2024-01-29T153946Z_3_LOP609129012024RP1_RTRMADP_BASEIMAGE-960X540_FRANCE-POLITICS-FARMERS-TRACTORS.webp","contentUrl":"https:\/\/jornalboasnoticias.com.br\/home\/wp-content\/uploads\/2024\/11\/2024-01-29T153946Z_3_LOP609129012024RP1_RTRMADP_BASEIMAGE-960X540_FRANCE-POLITICS-FARMERS-TRACTORS.webp","width":420,"height":240,"caption":"Foto: Divulga\u00e7\u00e3o"},{"@type":"BreadcrumbList","@id":"https:\/\/jornalboasnoticias.com.br\/home\/agricultores-protestam-na-franca-contra-negociacoes-comerciais-com-o-mercosul\/#breadcrumb","itemListElement":[{"@type":"ListItem","position":1,"name":"In\u00edcio","item":"https:\/\/jornalboasnoticias.com.br\/home\/"},{"@type":"ListItem","position":2,"name":"Agricultores protestam na Fran\u00e7a contra negocia\u00e7\u00f5es comerciais com o Mercosul"}]},{"@type":"WebSite","@id":"https:\/\/jornalboasnoticias.com.br\/home\/#website","url":"https:\/\/jornalboasnoticias.com.br\/home\/","name":"Jornal Boas Not\u00edcias","description":"Boas not\u00edcias","publisher":{"@id":"https:\/\/jornalboasnoticias.com.br\/home\/#organization"},"potentialAction":[{"@type":"SearchAction","target":{"@type":"EntryPoint","urlTemplate":"https:\/\/jornalboasnoticias.com.br\/home\/?s={search_term_string}"},"query-input":{"@type":"PropertyValueSpecification","valueRequired":true,"valueName":"search_term_string"}}],"inLanguage":"pt-BR"},{"@type":"Organization","@id":"https:\/\/jornalboasnoticias.com.br\/home\/#organization","name":"Coq Editora Ltda","alternateName":"Jornal Boas Noticias","url":"https:\/\/jornalboasnoticias.com.br\/home\/","logo":{"@type":"ImageObject","inLanguage":"pt-BR","@id":"https:\/\/jornalboasnoticias.com.br\/home\/#\/schema\/logo\/image\/","url":"https:\/\/jornalboasnoticias.com.br\/home\/wp-content\/uploads\/2024\/07\/cropped-logo.jpg","contentUrl":"https:\/\/jornalboasnoticias.com.br\/home\/wp-content\/uploads\/2024\/07\/cropped-logo.jpg","width":290,"height":142,"caption":"Coq Editora Ltda"},"image":{"@id":"https:\/\/jornalboasnoticias.com.br\/home\/#\/schema\/logo\/image\/"},"sameAs":["https:\/\/www.facebook.com\/boasnoticiasjornal"]},{"@type":"Person","@id":"https:\/\/jornalboasnoticias.com.br\/home\/#\/schema\/person\/d641193e0afc6405b390164dac847971","name":"Ana Luiza Bonatto","image":{"@type":"ImageObject","inLanguage":"pt-BR","@id":"https:\/\/secure.gravatar.com\/avatar\/8a055ebe6373371f67ac6fcf313c0ac0b0a91157fdcdb9514fa62927373348f0?s=96&d=mm&r=g","url":"https:\/\/secure.gravatar.com\/avatar\/8a055ebe6373371f67ac6fcf313c0ac0b0a91157fdcdb9514fa62927373348f0?s=96&d=mm&r=g","contentUrl":"https:\/\/secure.gravatar.com\/avatar\/8a055ebe6373371f67ac6fcf313c0ac0b0a91157fdcdb9514fa62927373348f0?s=96&d=mm&r=g","caption":"Ana Luiza Bonatto"},"url":"https:\/\/jornalboasnoticias.com.br\/home\/author\/ana-luiza\/"}]}},"_links":{"self":[{"href":"https:\/\/jornalboasnoticias.com.br\/home\/wp-json\/wp\/v2\/posts\/45296","targetHints":{"allow":["GET"]}}],"collection":[{"href":"https:\/\/jornalboasnoticias.com.br\/home\/wp-json\/wp\/v2\/posts"}],"about":[{"href":"https:\/\/jornalboasnoticias.com.br\/home\/wp-json\/wp\/v2\/types\/post"}],"author":[{"embeddable":true,"href":"https:\/\/jornalboasnoticias.com.br\/home\/wp-json\/wp\/v2\/users\/4"}],"replies":[{"embeddable":true,"href":"https:\/\/jornalboasnoticias.com.br\/home\/wp-json\/wp\/v2\/comments?post=45296"}],"version-history":[{"count":1,"href":"https:\/\/jornalboasnoticias.com.br\/home\/wp-json\/wp\/v2\/posts\/45296\/revisions"}],"predecessor-version":[{"id":45298,"href":"https:\/\/jornalboasnoticias.com.br\/home\/wp-json\/wp\/v2\/posts\/45296\/revisions\/45298"}],"wp:featuredmedia":[{"embeddable":true,"href":"https:\/\/jornalboasnoticias.com.br\/home\/wp-json\/wp\/v2\/media\/45297"}],"wp:attachment":[{"href":"https:\/\/jornalboasnoticias.com.br\/home\/wp-json\/wp\/v2\/media?parent=45296"}],"wp:term":[{"taxonomy":"category","embeddable":true,"href":"https:\/\/jornalboasnoticias.com.br\/home\/wp-json\/wp\/v2\/categories?post=45296"},{"taxonomy":"post_tag","embeddable":true,"href":"https:\/\/jornalboasnoticias.com.br\/home\/wp-json\/wp\/v2\/tags?post=45296"}],"curies":[{"name":"wp","href":"https:\/\/api.w.org\/{rel}","templated":true}]}}