{"id":45292,"date":"2024-11-18T12:39:04","date_gmt":"2024-11-18T12:39:04","guid":{"rendered":"https:\/\/jornalboasnoticias.com.br\/home\/?p=45292"},"modified":"2024-11-18T12:39:51","modified_gmt":"2024-11-18T12:39:51","slug":"video-em-outubro-pregador-profetizou-morte-de-rina-deus-vai-ceifar-um-grande-lider","status":"publish","type":"post","link":"https:\/\/jornalboasnoticias.com.br\/home\/video-em-outubro-pregador-profetizou-morte-de-rina-deus-vai-ceifar-um-grande-lider\/","title":{"rendered":"V\u00eddeo: em outubro, pregador profetizou morte de Rina: \u2018Deus vai ceifar um grande l\u00edder\u2019"},"content":{"rendered":"<figure id=\"attachment_45293\" aria-describedby=\"caption-attachment-45293\" style=\"width: 373px\" class=\"wp-caption alignright\"><img loading=\"lazy\" decoding=\"async\" class=\"wp-image-45293 size-full\" src=\"https:\/\/jornalboasnoticias.com.br\/home\/wp-content\/uploads\/2024\/11\/as.png\" alt=\"\" width=\"373\" height=\"443\" srcset=\"https:\/\/jornalboasnoticias.com.br\/home\/wp-content\/uploads\/2024\/11\/as.png 373w, https:\/\/jornalboasnoticias.com.br\/home\/wp-content\/uploads\/2024\/11\/as-253x300.png 253w\" sizes=\"auto, (max-width: 373px) 100vw, 373px\" \/><figcaption id=\"caption-attachment-45293\" class=\"wp-caption-text\">Foto: Reprodu\u00e7\u00e3o<\/figcaption><\/figure>\n<p>A morte de Rina, fundador da Bola de Neve Church, est\u00e1 fazendo repercutir um v\u00eddeo de outubro deste ano em que o l\u00edder da Igreja Apost\u00f3lica Sem Paredes, Jefferson Puca, diz ter recebido uma revela\u00e7\u00e3o sobre a a\u00e7\u00e3o de Deus em \u201cceifar\u201d um grande l\u00edder evang\u00e9lico.<\/p>\n<p>No Instagram, o v\u00eddeo em quest\u00e3o foi publicado em 01 de outubro, e mostra o ap\u00f3stolo Puca descrevendo a mensagem que havia recebido:<\/p>\n<p>\u201cUm grande l\u00edder no estado de S\u00e3o Paulo, Deus vai ceifar porque est\u00e1 brincando. Deus vai ceifar um grande l\u00edder. E este grande l\u00edder \u00e9 de uma igreja, de um minist\u00e9rio. Eu n\u00e3o disse do Brasil, eu estou sendo espec\u00edfico: \u00e9 de S\u00e3o Paulo\u201d, diz Puca na grava\u00e7\u00e3o.<\/p>\n<p>Em seguida, Puca acrescenta: \u201cDeus est\u00e1 dando oportunidade, mas a pessoa continua enganando, continua brincando. Deus vai ceifar\u201d.<\/p>\n<p><strong>Rina faleceu<\/strong>\u00a0aos 52 anos na tarde do \u00faltimo domingo, 17 de novembro, ap\u00f3s sofrer uma queda de moto na altura do km 131 da Rodovia Dom Pedro (SP-095), em Campinas (SP), \u00e0s 16h04.<\/p>\n<p>De acordo com informa\u00e7\u00f5es do portal\u00a0<em>Uol<\/em>, Rina voltava de um culto em S\u00e3o Jo\u00e3o da Boa Vista, na companhia do grupo Pregadores do Asfalto, um motoclube organizado pela pr\u00f3pria Bola de Neve. Ele perdeu o controle da moto, caiu e sofreu fraturas na clav\u00edcula e costelas.<\/p>\n<p>Ao ser socorrido, o ap\u00f3stolo Rina foi encaminhado ao Hospital de Cl\u00ednicas da Unicamp, onde chegou em parada card\u00edaca. A equipe fez os procedimentos de reanima\u00e7\u00e3o, mas n\u00e3o teve sucesso.<\/p>\n<p>Puca gravou um segundo\u00a0<a href=\"https:\/\/www.instagram.com\/p\/DCfe6PwsGRu\/\" target=\"\" rel=\"noopener\">v\u00eddeo<\/a>\u00a0e publicou em suas redes sociais lamentando a morte de Rina: \u201c\u00c0s vezes Deus nos d\u00e1 a revela\u00e7\u00e3o e as pessoas n\u00e3o entendem, murmuram, blasfemam, mas o nosso Deus \u00e9 um Deus que avisa, que fala. [\u2026] Pe\u00e7o que voc\u00eas, irm\u00e3os, orem pela fam\u00edlia, por essas pessoas que tiveram essa perda\u201d.<\/p>\n<p><iframe id=\"instagram-embed-0\" class=\"instagram-media instagram-media-rendered\" src=\"https:\/\/www.instagram.com\/reel\/DAmY4juJDVb\/embed\/captioned\/?cr=1&amp;v=14&amp;wp=540&amp;rd=https%3A%2F%2Fnoticias.gospelmais.com.br&amp;rp=%2Fmorte-de-rina-video-outubro-repercutindo-profecia-172399.html#%7B%22ci%22%3A0%2C%22os%22%3A1618.3999999761581%2C%22ls%22%3A554.2999999523163%2C%22le%22%3A1591%7D\" height=\"1185\" frameborder=\"0\" scrolling=\"no\" allowfullscreen=\"allowfullscreen\" data-instgrm-payload-id=\"instagram-media-payload-0\" data-mce-fragment=\"1\"><\/iframe><\/p>\n<p>Com informa\u00e7\u00f5es do Portal Gospel+<\/p>\n","protected":false},"excerpt":{"rendered":"<p>A morte de Rina, fundador da Bola de Neve Church, est\u00e1 fazendo repercutir um v\u00eddeo<\/p>\n","protected":false},"author":4,"featured_media":45293,"comment_status":"open","ping_status":"open","sticky":false,"template":"","format":"standard","meta":{"footnotes":""},"categories":[26],"tags":[],"class_list":["post-45292","post","type-post","status-publish","format-standard","has-post-thumbnail","hentry","category-geral"],"yoast_head":"<!-- This site is optimized with the Yoast SEO plugin v27.5 - https:\/\/yoast.com\/product\/yoast-seo-wordpress\/ -->\n<title>V\u00eddeo: em outubro, pregador profetizou morte de Rina: \u2018Deus vai ceifar um grande l\u00edder\u2019 - Jornal<\/title>\n<meta name=\"description\" content=\"V\u00eddeo: em outubro, pregador profetizou morte de Rina: \u2018Deus vai ceifar um grande l\u00edder\u2019\" \/>\n<meta name=\"robots\" content=\"index, follow, max-snippet:-1, max-image-preview:large, max-video-preview:-1\" \/>\n<link rel=\"canonical\" href=\"https:\/\/jornalboasnoticias.com.br\/home\/video-em-outubro-pregador-profetizou-morte-de-rina-deus-vai-ceifar-um-grande-lider\/\" \/>\n<meta property=\"og:locale\" content=\"pt_BR\" \/>\n<meta property=\"og:type\" content=\"article\" \/>\n<meta property=\"og:title\" content=\"V\u00eddeo: em outubro, pregador profetizou morte de Rina: \u2018Deus vai ceifar um grande l\u00edder\u2019 - Jornal\" \/>\n<meta property=\"og:description\" content=\"V\u00eddeo: em outubro, pregador profetizou morte de Rina: \u2018Deus vai ceifar um grande l\u00edder\u2019\" \/>\n<meta property=\"og:url\" content=\"https:\/\/jornalboasnoticias.com.br\/home\/video-em-outubro-pregador-profetizou-morte-de-rina-deus-vai-ceifar-um-grande-lider\/\" \/>\n<meta property=\"og:site_name\" content=\"Jornal\" \/>\n<meta property=\"article:publisher\" content=\"https:\/\/www.facebook.com\/boasnoticiasjornal\" \/>\n<meta property=\"article:published_time\" content=\"2024-11-18T12:39:04+00:00\" \/>\n<meta property=\"article:modified_time\" content=\"2024-11-18T12:39:51+00:00\" \/>\n<meta property=\"og:image\" content=\"https:\/\/jornalboasnoticias.com.br\/home\/wp-content\/uploads\/2024\/11\/as.png\" \/>\n\t<meta property=\"og:image:width\" content=\"373\" \/>\n\t<meta property=\"og:image:height\" content=\"443\" \/>\n\t<meta property=\"og:image:type\" content=\"image\/png\" \/>\n<meta name=\"author\" content=\"Ana Luiza Bonatto\" \/>\n<meta name=\"twitter:card\" content=\"summary_large_image\" \/>\n<meta name=\"twitter:label1\" content=\"Escrito por\" \/>\n\t<meta name=\"twitter:data1\" content=\"Ana Luiza Bonatto\" \/>\n\t<meta name=\"twitter:label2\" content=\"Est. tempo de leitura\" \/>\n\t<meta name=\"twitter:data2\" content=\"3 minutos\" \/>\n<script type=\"application\/ld+json\" class=\"yoast-schema-graph\">{\"@context\":\"https:\\\/\\\/schema.org\",\"@graph\":[{\"@type\":\"Article\",\"@id\":\"https:\\\/\\\/jornalboasnoticias.com.br\\\/home\\\/video-em-outubro-pregador-profetizou-morte-de-rina-deus-vai-ceifar-um-grande-lider\\\/#article\",\"isPartOf\":{\"@id\":\"https:\\\/\\\/jornalboasnoticias.com.br\\\/home\\\/video-em-outubro-pregador-profetizou-morte-de-rina-deus-vai-ceifar-um-grande-lider\\\/\"},\"author\":{\"name\":\"Ana Luiza Bonatto\",\"@id\":\"https:\\\/\\\/jornalboasnoticias.com.br\\\/home\\\/#\\\/schema\\\/person\\\/d641193e0afc6405b390164dac847971\"},\"headline\":\"V\u00eddeo: em outubro, pregador profetizou morte de Rina: \u2018Deus vai ceifar um grande l\u00edder\u2019\",\"datePublished\":\"2024-11-18T12:39:04+00:00\",\"dateModified\":\"2024-11-18T12:39:51+00:00\",\"mainEntityOfPage\":{\"@id\":\"https:\\\/\\\/jornalboasnoticias.com.br\\\/home\\\/video-em-outubro-pregador-profetizou-morte-de-rina-deus-vai-ceifar-um-grande-lider\\\/\"},\"wordCount\":363,\"commentCount\":0,\"publisher\":{\"@id\":\"https:\\\/\\\/jornalboasnoticias.com.br\\\/home\\\/#organization\"},\"image\":{\"@id\":\"https:\\\/\\\/jornalboasnoticias.com.br\\\/home\\\/video-em-outubro-pregador-profetizou-morte-de-rina-deus-vai-ceifar-um-grande-lider\\\/#primaryimage\"},\"thumbnailUrl\":\"https:\\\/\\\/jornalboasnoticias.com.br\\\/home\\\/wp-content\\\/uploads\\\/2024\\\/11\\\/as.png\",\"articleSection\":[\"Geral\"],\"inLanguage\":\"pt-BR\",\"potentialAction\":[{\"@type\":\"CommentAction\",\"name\":\"Comment\",\"target\":[\"https:\\\/\\\/jornalboasnoticias.com.br\\\/home\\\/video-em-outubro-pregador-profetizou-morte-de-rina-deus-vai-ceifar-um-grande-lider\\\/#respond\"]}]},{\"@type\":\"WebPage\",\"@id\":\"https:\\\/\\\/jornalboasnoticias.com.br\\\/home\\\/video-em-outubro-pregador-profetizou-morte-de-rina-deus-vai-ceifar-um-grande-lider\\\/\",\"url\":\"https:\\\/\\\/jornalboasnoticias.com.br\\\/home\\\/video-em-outubro-pregador-profetizou-morte-de-rina-deus-vai-ceifar-um-grande-lider\\\/\",\"name\":\"V\u00eddeo: em outubro, pregador profetizou morte de Rina: \u2018Deus vai ceifar um grande l\u00edder\u2019 - Jornal\",\"isPartOf\":{\"@id\":\"https:\\\/\\\/jornalboasnoticias.com.br\\\/home\\\/#website\"},\"primaryImageOfPage\":{\"@id\":\"https:\\\/\\\/jornalboasnoticias.com.br\\\/home\\\/video-em-outubro-pregador-profetizou-morte-de-rina-deus-vai-ceifar-um-grande-lider\\\/#primaryimage\"},\"image\":{\"@id\":\"https:\\\/\\\/jornalboasnoticias.com.br\\\/home\\\/video-em-outubro-pregador-profetizou-morte-de-rina-deus-vai-ceifar-um-grande-lider\\\/#primaryimage\"},\"thumbnailUrl\":\"https:\\\/\\\/jornalboasnoticias.com.br\\\/home\\\/wp-content\\\/uploads\\\/2024\\\/11\\\/as.png\",\"datePublished\":\"2024-11-18T12:39:04+00:00\",\"dateModified\":\"2024-11-18T12:39:51+00:00\",\"description\":\"V\u00eddeo: em outubro, pregador profetizou morte de Rina: \u2018Deus vai ceifar um grande l\u00edder\u2019\",\"breadcrumb\":{\"@id\":\"https:\\\/\\\/jornalboasnoticias.com.br\\\/home\\\/video-em-outubro-pregador-profetizou-morte-de-rina-deus-vai-ceifar-um-grande-lider\\\/#breadcrumb\"},\"inLanguage\":\"pt-BR\",\"potentialAction\":[{\"@type\":\"ReadAction\",\"target\":[\"https:\\\/\\\/jornalboasnoticias.com.br\\\/home\\\/video-em-outubro-pregador-profetizou-morte-de-rina-deus-vai-ceifar-um-grande-lider\\\/\"]}]},{\"@type\":\"ImageObject\",\"inLanguage\":\"pt-BR\",\"@id\":\"https:\\\/\\\/jornalboasnoticias.com.br\\\/home\\\/video-em-outubro-pregador-profetizou-morte-de-rina-deus-vai-ceifar-um-grande-lider\\\/#primaryimage\",\"url\":\"https:\\\/\\\/jornalboasnoticias.com.br\\\/home\\\/wp-content\\\/uploads\\\/2024\\\/11\\\/as.png\",\"contentUrl\":\"https:\\\/\\\/jornalboasnoticias.com.br\\\/home\\\/wp-content\\\/uploads\\\/2024\\\/11\\\/as.png\",\"width\":373,\"height\":443},{\"@type\":\"BreadcrumbList\",\"@id\":\"https:\\\/\\\/jornalboasnoticias.com.br\\\/home\\\/video-em-outubro-pregador-profetizou-morte-de-rina-deus-vai-ceifar-um-grande-lider\\\/#breadcrumb\",\"itemListElement\":[{\"@type\":\"ListItem\",\"position\":1,\"name\":\"In\u00edcio\",\"item\":\"https:\\\/\\\/jornalboasnoticias.com.br\\\/home\\\/\"},{\"@type\":\"ListItem\",\"position\":2,\"name\":\"V\u00eddeo: em outubro, pregador profetizou morte de Rina: \u2018Deus vai ceifar um grande l\u00edder\u2019\"}]},{\"@type\":\"WebSite\",\"@id\":\"https:\\\/\\\/jornalboasnoticias.com.br\\\/home\\\/#website\",\"url\":\"https:\\\/\\\/jornalboasnoticias.com.br\\\/home\\\/\",\"name\":\"Jornal Boas Not\u00edcias\",\"description\":\"Boas not\u00edcias\",\"publisher\":{\"@id\":\"https:\\\/\\\/jornalboasnoticias.com.br\\\/home\\\/#organization\"},\"potentialAction\":[{\"@type\":\"SearchAction\",\"target\":{\"@type\":\"EntryPoint\",\"urlTemplate\":\"https:\\\/\\\/jornalboasnoticias.com.br\\\/home\\\/?s={search_term_string}\"},\"query-input\":{\"@type\":\"PropertyValueSpecification\",\"valueRequired\":true,\"valueName\":\"search_term_string\"}}],\"inLanguage\":\"pt-BR\"},{\"@type\":\"Organization\",\"@id\":\"https:\\\/\\\/jornalboasnoticias.com.br\\\/home\\\/#organization\",\"name\":\"Coq Editora Ltda\",\"alternateName\":\"Jornal Boas Noticias\",\"url\":\"https:\\\/\\\/jornalboasnoticias.com.br\\\/home\\\/\",\"logo\":{\"@type\":\"ImageObject\",\"inLanguage\":\"pt-BR\",\"@id\":\"https:\\\/\\\/jornalboasnoticias.com.br\\\/home\\\/#\\\/schema\\\/logo\\\/image\\\/\",\"url\":\"https:\\\/\\\/jornalboasnoticias.com.br\\\/home\\\/wp-content\\\/uploads\\\/2024\\\/07\\\/cropped-logo.jpg\",\"contentUrl\":\"https:\\\/\\\/jornalboasnoticias.com.br\\\/home\\\/wp-content\\\/uploads\\\/2024\\\/07\\\/cropped-logo.jpg\",\"width\":290,\"height\":142,\"caption\":\"Coq Editora Ltda\"},\"image\":{\"@id\":\"https:\\\/\\\/jornalboasnoticias.com.br\\\/home\\\/#\\\/schema\\\/logo\\\/image\\\/\"},\"sameAs\":[\"https:\\\/\\\/www.facebook.com\\\/boasnoticiasjornal\"]},{\"@type\":\"Person\",\"@id\":\"https:\\\/\\\/jornalboasnoticias.com.br\\\/home\\\/#\\\/schema\\\/person\\\/d641193e0afc6405b390164dac847971\",\"name\":\"Ana Luiza Bonatto\",\"image\":{\"@type\":\"ImageObject\",\"inLanguage\":\"pt-BR\",\"@id\":\"https:\\\/\\\/secure.gravatar.com\\\/avatar\\\/8a055ebe6373371f67ac6fcf313c0ac0b0a91157fdcdb9514fa62927373348f0?s=96&d=mm&r=g\",\"url\":\"https:\\\/\\\/secure.gravatar.com\\\/avatar\\\/8a055ebe6373371f67ac6fcf313c0ac0b0a91157fdcdb9514fa62927373348f0?s=96&d=mm&r=g\",\"contentUrl\":\"https:\\\/\\\/secure.gravatar.com\\\/avatar\\\/8a055ebe6373371f67ac6fcf313c0ac0b0a91157fdcdb9514fa62927373348f0?s=96&d=mm&r=g\",\"caption\":\"Ana Luiza Bonatto\"},\"url\":\"https:\\\/\\\/jornalboasnoticias.com.br\\\/home\\\/author\\\/ana-luiza\\\/\"}]}<\/script>\n<!-- \/ Yoast SEO plugin. -->","yoast_head_json":{"title":"V\u00eddeo: em outubro, pregador profetizou morte de Rina: \u2018Deus vai ceifar um grande l\u00edder\u2019 - Jornal","description":"V\u00eddeo: em outubro, pregador profetizou morte de Rina: \u2018Deus vai ceifar um grande l\u00edder\u2019","robots":{"index":"index","follow":"follow","max-snippet":"max-snippet:-1","max-image-preview":"max-image-preview:large","max-video-preview":"max-video-preview:-1"},"canonical":"https:\/\/jornalboasnoticias.com.br\/home\/video-em-outubro-pregador-profetizou-morte-de-rina-deus-vai-ceifar-um-grande-lider\/","og_locale":"pt_BR","og_type":"article","og_title":"V\u00eddeo: em outubro, pregador profetizou morte de Rina: \u2018Deus vai ceifar um grande l\u00edder\u2019 - Jornal","og_description":"V\u00eddeo: em outubro, pregador profetizou morte de Rina: \u2018Deus vai ceifar um grande l\u00edder\u2019","og_url":"https:\/\/jornalboasnoticias.com.br\/home\/video-em-outubro-pregador-profetizou-morte-de-rina-deus-vai-ceifar-um-grande-lider\/","og_site_name":"Jornal","article_publisher":"https:\/\/www.facebook.com\/boasnoticiasjornal","article_published_time":"2024-11-18T12:39:04+00:00","article_modified_time":"2024-11-18T12:39:51+00:00","og_image":[{"width":373,"height":443,"url":"https:\/\/jornalboasnoticias.com.br\/home\/wp-content\/uploads\/2024\/11\/as.png","type":"image\/png"}],"author":"Ana Luiza Bonatto","twitter_card":"summary_large_image","twitter_misc":{"Escrito por":"Ana Luiza Bonatto","Est. tempo de leitura":"3 minutos"},"schema":{"@context":"https:\/\/schema.org","@graph":[{"@type":"Article","@id":"https:\/\/jornalboasnoticias.com.br\/home\/video-em-outubro-pregador-profetizou-morte-de-rina-deus-vai-ceifar-um-grande-lider\/#article","isPartOf":{"@id":"https:\/\/jornalboasnoticias.com.br\/home\/video-em-outubro-pregador-profetizou-morte-de-rina-deus-vai-ceifar-um-grande-lider\/"},"author":{"name":"Ana Luiza Bonatto","@id":"https:\/\/jornalboasnoticias.com.br\/home\/#\/schema\/person\/d641193e0afc6405b390164dac847971"},"headline":"V\u00eddeo: em outubro, pregador profetizou morte de Rina: \u2018Deus vai ceifar um grande l\u00edder\u2019","datePublished":"2024-11-18T12:39:04+00:00","dateModified":"2024-11-18T12:39:51+00:00","mainEntityOfPage":{"@id":"https:\/\/jornalboasnoticias.com.br\/home\/video-em-outubro-pregador-profetizou-morte-de-rina-deus-vai-ceifar-um-grande-lider\/"},"wordCount":363,"commentCount":0,"publisher":{"@id":"https:\/\/jornalboasnoticias.com.br\/home\/#organization"},"image":{"@id":"https:\/\/jornalboasnoticias.com.br\/home\/video-em-outubro-pregador-profetizou-morte-de-rina-deus-vai-ceifar-um-grande-lider\/#primaryimage"},"thumbnailUrl":"https:\/\/jornalboasnoticias.com.br\/home\/wp-content\/uploads\/2024\/11\/as.png","articleSection":["Geral"],"inLanguage":"pt-BR","potentialAction":[{"@type":"CommentAction","name":"Comment","target":["https:\/\/jornalboasnoticias.com.br\/home\/video-em-outubro-pregador-profetizou-morte-de-rina-deus-vai-ceifar-um-grande-lider\/#respond"]}]},{"@type":"WebPage","@id":"https:\/\/jornalboasnoticias.com.br\/home\/video-em-outubro-pregador-profetizou-morte-de-rina-deus-vai-ceifar-um-grande-lider\/","url":"https:\/\/jornalboasnoticias.com.br\/home\/video-em-outubro-pregador-profetizou-morte-de-rina-deus-vai-ceifar-um-grande-lider\/","name":"V\u00eddeo: em outubro, pregador profetizou morte de Rina: \u2018Deus vai ceifar um grande l\u00edder\u2019 - Jornal","isPartOf":{"@id":"https:\/\/jornalboasnoticias.com.br\/home\/#website"},"primaryImageOfPage":{"@id":"https:\/\/jornalboasnoticias.com.br\/home\/video-em-outubro-pregador-profetizou-morte-de-rina-deus-vai-ceifar-um-grande-lider\/#primaryimage"},"image":{"@id":"https:\/\/jornalboasnoticias.com.br\/home\/video-em-outubro-pregador-profetizou-morte-de-rina-deus-vai-ceifar-um-grande-lider\/#primaryimage"},"thumbnailUrl":"https:\/\/jornalboasnoticias.com.br\/home\/wp-content\/uploads\/2024\/11\/as.png","datePublished":"2024-11-18T12:39:04+00:00","dateModified":"2024-11-18T12:39:51+00:00","description":"V\u00eddeo: em outubro, pregador profetizou morte de Rina: \u2018Deus vai ceifar um grande l\u00edder\u2019","breadcrumb":{"@id":"https:\/\/jornalboasnoticias.com.br\/home\/video-em-outubro-pregador-profetizou-morte-de-rina-deus-vai-ceifar-um-grande-lider\/#breadcrumb"},"inLanguage":"pt-BR","potentialAction":[{"@type":"ReadAction","target":["https:\/\/jornalboasnoticias.com.br\/home\/video-em-outubro-pregador-profetizou-morte-de-rina-deus-vai-ceifar-um-grande-lider\/"]}]},{"@type":"ImageObject","inLanguage":"pt-BR","@id":"https:\/\/jornalboasnoticias.com.br\/home\/video-em-outubro-pregador-profetizou-morte-de-rina-deus-vai-ceifar-um-grande-lider\/#primaryimage","url":"https:\/\/jornalboasnoticias.com.br\/home\/wp-content\/uploads\/2024\/11\/as.png","contentUrl":"https:\/\/jornalboasnoticias.com.br\/home\/wp-content\/uploads\/2024\/11\/as.png","width":373,"height":443},{"@type":"BreadcrumbList","@id":"https:\/\/jornalboasnoticias.com.br\/home\/video-em-outubro-pregador-profetizou-morte-de-rina-deus-vai-ceifar-um-grande-lider\/#breadcrumb","itemListElement":[{"@type":"ListItem","position":1,"name":"In\u00edcio","item":"https:\/\/jornalboasnoticias.com.br\/home\/"},{"@type":"ListItem","position":2,"name":"V\u00eddeo: em outubro, pregador profetizou morte de Rina: \u2018Deus vai ceifar um grande l\u00edder\u2019"}]},{"@type":"WebSite","@id":"https:\/\/jornalboasnoticias.com.br\/home\/#website","url":"https:\/\/jornalboasnoticias.com.br\/home\/","name":"Jornal Boas Not\u00edcias","description":"Boas not\u00edcias","publisher":{"@id":"https:\/\/jornalboasnoticias.com.br\/home\/#organization"},"potentialAction":[{"@type":"SearchAction","target":{"@type":"EntryPoint","urlTemplate":"https:\/\/jornalboasnoticias.com.br\/home\/?s={search_term_string}"},"query-input":{"@type":"PropertyValueSpecification","valueRequired":true,"valueName":"search_term_string"}}],"inLanguage":"pt-BR"},{"@type":"Organization","@id":"https:\/\/jornalboasnoticias.com.br\/home\/#organization","name":"Coq Editora Ltda","alternateName":"Jornal Boas Noticias","url":"https:\/\/jornalboasnoticias.com.br\/home\/","logo":{"@type":"ImageObject","inLanguage":"pt-BR","@id":"https:\/\/jornalboasnoticias.com.br\/home\/#\/schema\/logo\/image\/","url":"https:\/\/jornalboasnoticias.com.br\/home\/wp-content\/uploads\/2024\/07\/cropped-logo.jpg","contentUrl":"https:\/\/jornalboasnoticias.com.br\/home\/wp-content\/uploads\/2024\/07\/cropped-logo.jpg","width":290,"height":142,"caption":"Coq Editora Ltda"},"image":{"@id":"https:\/\/jornalboasnoticias.com.br\/home\/#\/schema\/logo\/image\/"},"sameAs":["https:\/\/www.facebook.com\/boasnoticiasjornal"]},{"@type":"Person","@id":"https:\/\/jornalboasnoticias.com.br\/home\/#\/schema\/person\/d641193e0afc6405b390164dac847971","name":"Ana Luiza Bonatto","image":{"@type":"ImageObject","inLanguage":"pt-BR","@id":"https:\/\/secure.gravatar.com\/avatar\/8a055ebe6373371f67ac6fcf313c0ac0b0a91157fdcdb9514fa62927373348f0?s=96&d=mm&r=g","url":"https:\/\/secure.gravatar.com\/avatar\/8a055ebe6373371f67ac6fcf313c0ac0b0a91157fdcdb9514fa62927373348f0?s=96&d=mm&r=g","contentUrl":"https:\/\/secure.gravatar.com\/avatar\/8a055ebe6373371f67ac6fcf313c0ac0b0a91157fdcdb9514fa62927373348f0?s=96&d=mm&r=g","caption":"Ana Luiza Bonatto"},"url":"https:\/\/jornalboasnoticias.com.br\/home\/author\/ana-luiza\/"}]}},"_links":{"self":[{"href":"https:\/\/jornalboasnoticias.com.br\/home\/wp-json\/wp\/v2\/posts\/45292","targetHints":{"allow":["GET"]}}],"collection":[{"href":"https:\/\/jornalboasnoticias.com.br\/home\/wp-json\/wp\/v2\/posts"}],"about":[{"href":"https:\/\/jornalboasnoticias.com.br\/home\/wp-json\/wp\/v2\/types\/post"}],"author":[{"embeddable":true,"href":"https:\/\/jornalboasnoticias.com.br\/home\/wp-json\/wp\/v2\/users\/4"}],"replies":[{"embeddable":true,"href":"https:\/\/jornalboasnoticias.com.br\/home\/wp-json\/wp\/v2\/comments?post=45292"}],"version-history":[{"count":2,"href":"https:\/\/jornalboasnoticias.com.br\/home\/wp-json\/wp\/v2\/posts\/45292\/revisions"}],"predecessor-version":[{"id":45295,"href":"https:\/\/jornalboasnoticias.com.br\/home\/wp-json\/wp\/v2\/posts\/45292\/revisions\/45295"}],"wp:featuredmedia":[{"embeddable":true,"href":"https:\/\/jornalboasnoticias.com.br\/home\/wp-json\/wp\/v2\/media\/45293"}],"wp:attachment":[{"href":"https:\/\/jornalboasnoticias.com.br\/home\/wp-json\/wp\/v2\/media?parent=45292"}],"wp:term":[{"taxonomy":"category","embeddable":true,"href":"https:\/\/jornalboasnoticias.com.br\/home\/wp-json\/wp\/v2\/categories?post=45292"},{"taxonomy":"post_tag","embeddable":true,"href":"https:\/\/jornalboasnoticias.com.br\/home\/wp-json\/wp\/v2\/tags?post=45292"}],"curies":[{"name":"wp","href":"https:\/\/api.w.org\/{rel}","templated":true}]}}