{"id":45287,"date":"2024-11-18T12:02:55","date_gmt":"2024-11-18T12:02:55","guid":{"rendered":"https:\/\/jornalboasnoticias.com.br\/home\/?p=45287"},"modified":"2024-11-18T12:03:03","modified_gmt":"2024-11-18T12:03:03","slug":"inscricoes-para-concurso-publico-com-74-vagas-para-o-cargo-de-agente-de-apoio-ja-estao-abertas-em-cascavel","status":"publish","type":"post","link":"https:\/\/jornalboasnoticias.com.br\/home\/inscricoes-para-concurso-publico-com-74-vagas-para-o-cargo-de-agente-de-apoio-ja-estao-abertas-em-cascavel\/","title":{"rendered":"Inscri\u00e7\u00f5es para concurso p\u00fablico com 74 vagas para o cargo de Agente de Apoio j\u00e1 est\u00e3o abertas em Cascavel"},"content":{"rendered":"<div class=\"area-subtitulo-pagina\">\n<p><img loading=\"lazy\" decoding=\"async\" class=\"alignnone size-full wp-image-45288\" src=\"https:\/\/jornalboasnoticias.com.br\/home\/wp-content\/uploads\/2024\/11\/WhatsApp-Image-2024-11-11-at-16_03_09.jpeg\" alt=\"\" width=\"1600\" height=\"1066\" srcset=\"https:\/\/jornalboasnoticias.com.br\/home\/wp-content\/uploads\/2024\/11\/WhatsApp-Image-2024-11-11-at-16_03_09.jpeg 1600w, https:\/\/jornalboasnoticias.com.br\/home\/wp-content\/uploads\/2024\/11\/WhatsApp-Image-2024-11-11-at-16_03_09-300x200.jpeg 300w, https:\/\/jornalboasnoticias.com.br\/home\/wp-content\/uploads\/2024\/11\/WhatsApp-Image-2024-11-11-at-16_03_09-1024x682.jpeg 1024w, https:\/\/jornalboasnoticias.com.br\/home\/wp-content\/uploads\/2024\/11\/WhatsApp-Image-2024-11-11-at-16_03_09-768x512.jpeg 768w, https:\/\/jornalboasnoticias.com.br\/home\/wp-content\/uploads\/2024\/11\/WhatsApp-Image-2024-11-11-at-16_03_09-1536x1023.jpeg 1536w, https:\/\/jornalboasnoticias.com.br\/home\/wp-content\/uploads\/2024\/11\/WhatsApp-Image-2024-11-11-at-16_03_09-900x600.jpeg 900w\" sizes=\"auto, (max-width: 1600px) 100vw, 1600px\" \/><\/p>\n<\/div>\n<blockquote>\n<div class=\"area-subtitulo-pagina\">\n<p>Os profissionais v\u00e3o atuar na Rede Municipal de Ensino. Prova ser\u00e1 no dia 19 de janeiro.<\/p>\n<\/div>\n<\/blockquote>\n<p>A Prefeitura de Cascavel informa que j\u00e1 est\u00e3o abertas as\u00a0inscri\u00e7\u00f5es para o concurso p\u00fablico n\u00ba 297\/2024, com 74 vagas para o cargo de Agente de Apoio. Os\u00a0profissionais\u00a0v\u00e3o atuar na Rede Municipal de Ensino.<\/p>\n<p>As inscri\u00e7\u00f5es ser\u00e3o realizadas somente de forma online, pelo site\u00a0<a href=\"https:\/\/cascavel.atende.net\/cidadao\/pagina\/concurso-publico-n-2972024\" target=\"_blank\" rel=\"noopener\"><u><span class=\"15\">https:\/\/cascavel.atende.net\/cidadao\/pagina\/concurso-publico-n-2972024<\/span><\/u><\/a>. O investimento \u00e9 de R$ 100. Os candidatos t\u00eam at\u00e9 o dia 07 de dezembro para se inscrever e necessariamente precisam ter o ensino m\u00e9dio completo.<\/p>\n<p>A prova objetiva, por sua vez, est\u00e1 marcada para o dia 19 de janeiro de 2025. O local ainda ser\u00e1 divulgado.<\/p>\n<p>Os convocados v\u00e3o ter carga hor\u00e1ria semanal de 40 horas e o sal\u00e1rio de R$ 2.350,57.<\/p>\n<p>Dentro das atribui\u00e7\u00f5es do cargo de Agente de Apoio est\u00e1 auxiliar nos cuidados de alunos; praticar os cuidados de higiene, inclusive troca de fraldas, e alimenta\u00e7\u00e3o, observando a rotina e os hor\u00e1rios estipulados; manter o ambiente organizado segundo planejamento elaborado pelo professor regente; acompanhar e orientar o repouso dos alunos, trocando roupa de cama quando necess\u00e1rio; auxiliar alunos na coloca\u00e7\u00e3o de pe\u00e7as de vestu\u00e1rio; acompanhar alunos em atividades extraclasses, como passeios ou outros, supervisionado pelo professor ou coordenador de Cmei e participar de eventos, cursos e treinamentos sempre que convocado pela Administra\u00e7\u00e3o P\u00fablica Municipal ou Secretaria de Educa\u00e7\u00e3o.<\/p>\n<p>O Edital de Abertura e seus Anexos contendo demais informa\u00e7\u00f5es importantes a respeito de todo processo podem ser consultadas no site do Munic\u00edpio cascavel.atende.net na Aba Concursos e Seletivos.<\/p>\n<p>Com informa\u00e7\u00f5es da Prefeitura de Cascavel<\/p>\n","protected":false},"excerpt":{"rendered":"<p>Os profissionais v\u00e3o atuar na Rede Municipal de Ensino. Prova ser\u00e1 no dia 19 de<\/p>\n","protected":false},"author":4,"featured_media":45288,"comment_status":"open","ping_status":"open","sticky":false,"template":"","format":"standard","meta":{"footnotes":""},"categories":[2,3],"tags":[],"class_list":["post-45287","post","type-post","status-publish","format-standard","has-post-thumbnail","hentry","category-cascavel","category-destaques"],"yoast_head":"<!-- This site is optimized with the Yoast SEO plugin v27.5 - https:\/\/yoast.com\/product\/yoast-seo-wordpress\/ -->\n<title>Inscri\u00e7\u00f5es para concurso p\u00fablico com 74 vagas para o cargo de Agente de Apoio j\u00e1 est\u00e3o abertas em Cascavel - Jornal<\/title>\n<meta name=\"description\" content=\"Inscri\u00e7\u00f5es para concurso p\u00fablico com 74 vagas para o cargo de Agente de Apoio j\u00e1 est\u00e3o abertas em Cascavel\" \/>\n<meta name=\"robots\" content=\"index, follow, max-snippet:-1, max-image-preview:large, max-video-preview:-1\" \/>\n<link rel=\"canonical\" href=\"https:\/\/jornalboasnoticias.com.br\/home\/inscricoes-para-concurso-publico-com-74-vagas-para-o-cargo-de-agente-de-apoio-ja-estao-abertas-em-cascavel\/\" \/>\n<meta property=\"og:locale\" content=\"pt_BR\" \/>\n<meta property=\"og:type\" content=\"article\" \/>\n<meta property=\"og:title\" content=\"Inscri\u00e7\u00f5es para concurso p\u00fablico com 74 vagas para o cargo de Agente de Apoio j\u00e1 est\u00e3o abertas em Cascavel - Jornal\" \/>\n<meta property=\"og:description\" content=\"Inscri\u00e7\u00f5es para concurso p\u00fablico com 74 vagas para o cargo de Agente de Apoio j\u00e1 est\u00e3o abertas em Cascavel\" \/>\n<meta property=\"og:url\" content=\"https:\/\/jornalboasnoticias.com.br\/home\/inscricoes-para-concurso-publico-com-74-vagas-para-o-cargo-de-agente-de-apoio-ja-estao-abertas-em-cascavel\/\" \/>\n<meta property=\"og:site_name\" content=\"Jornal\" \/>\n<meta property=\"article:publisher\" content=\"https:\/\/www.facebook.com\/boasnoticiasjornal\" \/>\n<meta property=\"article:published_time\" content=\"2024-11-18T12:02:55+00:00\" \/>\n<meta property=\"article:modified_time\" content=\"2024-11-18T12:03:03+00:00\" \/>\n<meta property=\"og:image\" content=\"https:\/\/jornalboasnoticias.com.br\/home\/wp-content\/uploads\/2024\/11\/WhatsApp-Image-2024-11-11-at-16_03_09.jpeg\" \/>\n\t<meta property=\"og:image:width\" content=\"1600\" \/>\n\t<meta property=\"og:image:height\" content=\"1066\" \/>\n\t<meta property=\"og:image:type\" content=\"image\/jpeg\" \/>\n<meta name=\"author\" content=\"Ana Luiza Bonatto\" \/>\n<meta name=\"twitter:card\" content=\"summary_large_image\" \/>\n<meta name=\"twitter:label1\" content=\"Escrito por\" \/>\n\t<meta name=\"twitter:data1\" content=\"Ana Luiza Bonatto\" \/>\n\t<meta name=\"twitter:label2\" content=\"Est. tempo de leitura\" \/>\n\t<meta name=\"twitter:data2\" content=\"2 minutos\" \/>\n<script type=\"application\/ld+json\" class=\"yoast-schema-graph\">{\"@context\":\"https:\\\/\\\/schema.org\",\"@graph\":[{\"@type\":\"Article\",\"@id\":\"https:\\\/\\\/jornalboasnoticias.com.br\\\/home\\\/inscricoes-para-concurso-publico-com-74-vagas-para-o-cargo-de-agente-de-apoio-ja-estao-abertas-em-cascavel\\\/#article\",\"isPartOf\":{\"@id\":\"https:\\\/\\\/jornalboasnoticias.com.br\\\/home\\\/inscricoes-para-concurso-publico-com-74-vagas-para-o-cargo-de-agente-de-apoio-ja-estao-abertas-em-cascavel\\\/\"},\"author\":{\"name\":\"Ana Luiza Bonatto\",\"@id\":\"https:\\\/\\\/jornalboasnoticias.com.br\\\/home\\\/#\\\/schema\\\/person\\\/d641193e0afc6405b390164dac847971\"},\"headline\":\"Inscri\u00e7\u00f5es para concurso p\u00fablico com 74 vagas para o cargo de Agente de Apoio j\u00e1 est\u00e3o abertas em Cascavel\",\"datePublished\":\"2024-11-18T12:02:55+00:00\",\"dateModified\":\"2024-11-18T12:03:03+00:00\",\"mainEntityOfPage\":{\"@id\":\"https:\\\/\\\/jornalboasnoticias.com.br\\\/home\\\/inscricoes-para-concurso-publico-com-74-vagas-para-o-cargo-de-agente-de-apoio-ja-estao-abertas-em-cascavel\\\/\"},\"wordCount\":303,\"commentCount\":0,\"publisher\":{\"@id\":\"https:\\\/\\\/jornalboasnoticias.com.br\\\/home\\\/#organization\"},\"image\":{\"@id\":\"https:\\\/\\\/jornalboasnoticias.com.br\\\/home\\\/inscricoes-para-concurso-publico-com-74-vagas-para-o-cargo-de-agente-de-apoio-ja-estao-abertas-em-cascavel\\\/#primaryimage\"},\"thumbnailUrl\":\"https:\\\/\\\/jornalboasnoticias.com.br\\\/home\\\/wp-content\\\/uploads\\\/2024\\\/11\\\/WhatsApp-Image-2024-11-11-at-16_03_09.jpeg\",\"articleSection\":[\"CASCAVEL\",\"DESTAQUE\"],\"inLanguage\":\"pt-BR\",\"potentialAction\":[{\"@type\":\"CommentAction\",\"name\":\"Comment\",\"target\":[\"https:\\\/\\\/jornalboasnoticias.com.br\\\/home\\\/inscricoes-para-concurso-publico-com-74-vagas-para-o-cargo-de-agente-de-apoio-ja-estao-abertas-em-cascavel\\\/#respond\"]}]},{\"@type\":\"WebPage\",\"@id\":\"https:\\\/\\\/jornalboasnoticias.com.br\\\/home\\\/inscricoes-para-concurso-publico-com-74-vagas-para-o-cargo-de-agente-de-apoio-ja-estao-abertas-em-cascavel\\\/\",\"url\":\"https:\\\/\\\/jornalboasnoticias.com.br\\\/home\\\/inscricoes-para-concurso-publico-com-74-vagas-para-o-cargo-de-agente-de-apoio-ja-estao-abertas-em-cascavel\\\/\",\"name\":\"Inscri\u00e7\u00f5es para concurso p\u00fablico com 74 vagas para o cargo de Agente de Apoio j\u00e1 est\u00e3o abertas em Cascavel - Jornal\",\"isPartOf\":{\"@id\":\"https:\\\/\\\/jornalboasnoticias.com.br\\\/home\\\/#website\"},\"primaryImageOfPage\":{\"@id\":\"https:\\\/\\\/jornalboasnoticias.com.br\\\/home\\\/inscricoes-para-concurso-publico-com-74-vagas-para-o-cargo-de-agente-de-apoio-ja-estao-abertas-em-cascavel\\\/#primaryimage\"},\"image\":{\"@id\":\"https:\\\/\\\/jornalboasnoticias.com.br\\\/home\\\/inscricoes-para-concurso-publico-com-74-vagas-para-o-cargo-de-agente-de-apoio-ja-estao-abertas-em-cascavel\\\/#primaryimage\"},\"thumbnailUrl\":\"https:\\\/\\\/jornalboasnoticias.com.br\\\/home\\\/wp-content\\\/uploads\\\/2024\\\/11\\\/WhatsApp-Image-2024-11-11-at-16_03_09.jpeg\",\"datePublished\":\"2024-11-18T12:02:55+00:00\",\"dateModified\":\"2024-11-18T12:03:03+00:00\",\"description\":\"Inscri\u00e7\u00f5es para concurso p\u00fablico com 74 vagas para o cargo de Agente de Apoio j\u00e1 est\u00e3o abertas em Cascavel\",\"breadcrumb\":{\"@id\":\"https:\\\/\\\/jornalboasnoticias.com.br\\\/home\\\/inscricoes-para-concurso-publico-com-74-vagas-para-o-cargo-de-agente-de-apoio-ja-estao-abertas-em-cascavel\\\/#breadcrumb\"},\"inLanguage\":\"pt-BR\",\"potentialAction\":[{\"@type\":\"ReadAction\",\"target\":[\"https:\\\/\\\/jornalboasnoticias.com.br\\\/home\\\/inscricoes-para-concurso-publico-com-74-vagas-para-o-cargo-de-agente-de-apoio-ja-estao-abertas-em-cascavel\\\/\"]}]},{\"@type\":\"ImageObject\",\"inLanguage\":\"pt-BR\",\"@id\":\"https:\\\/\\\/jornalboasnoticias.com.br\\\/home\\\/inscricoes-para-concurso-publico-com-74-vagas-para-o-cargo-de-agente-de-apoio-ja-estao-abertas-em-cascavel\\\/#primaryimage\",\"url\":\"https:\\\/\\\/jornalboasnoticias.com.br\\\/home\\\/wp-content\\\/uploads\\\/2024\\\/11\\\/WhatsApp-Image-2024-11-11-at-16_03_09.jpeg\",\"contentUrl\":\"https:\\\/\\\/jornalboasnoticias.com.br\\\/home\\\/wp-content\\\/uploads\\\/2024\\\/11\\\/WhatsApp-Image-2024-11-11-at-16_03_09.jpeg\",\"width\":1600,\"height\":1066},{\"@type\":\"BreadcrumbList\",\"@id\":\"https:\\\/\\\/jornalboasnoticias.com.br\\\/home\\\/inscricoes-para-concurso-publico-com-74-vagas-para-o-cargo-de-agente-de-apoio-ja-estao-abertas-em-cascavel\\\/#breadcrumb\",\"itemListElement\":[{\"@type\":\"ListItem\",\"position\":1,\"name\":\"In\u00edcio\",\"item\":\"https:\\\/\\\/jornalboasnoticias.com.br\\\/home\\\/\"},{\"@type\":\"ListItem\",\"position\":2,\"name\":\"Inscri\u00e7\u00f5es para concurso p\u00fablico com 74 vagas para o cargo de Agente de Apoio j\u00e1 est\u00e3o abertas em Cascavel\"}]},{\"@type\":\"WebSite\",\"@id\":\"https:\\\/\\\/jornalboasnoticias.com.br\\\/home\\\/#website\",\"url\":\"https:\\\/\\\/jornalboasnoticias.com.br\\\/home\\\/\",\"name\":\"Jornal Boas Not\u00edcias\",\"description\":\"Boas not\u00edcias\",\"publisher\":{\"@id\":\"https:\\\/\\\/jornalboasnoticias.com.br\\\/home\\\/#organization\"},\"potentialAction\":[{\"@type\":\"SearchAction\",\"target\":{\"@type\":\"EntryPoint\",\"urlTemplate\":\"https:\\\/\\\/jornalboasnoticias.com.br\\\/home\\\/?s={search_term_string}\"},\"query-input\":{\"@type\":\"PropertyValueSpecification\",\"valueRequired\":true,\"valueName\":\"search_term_string\"}}],\"inLanguage\":\"pt-BR\"},{\"@type\":\"Organization\",\"@id\":\"https:\\\/\\\/jornalboasnoticias.com.br\\\/home\\\/#organization\",\"name\":\"Coq Editora Ltda\",\"alternateName\":\"Jornal Boas Noticias\",\"url\":\"https:\\\/\\\/jornalboasnoticias.com.br\\\/home\\\/\",\"logo\":{\"@type\":\"ImageObject\",\"inLanguage\":\"pt-BR\",\"@id\":\"https:\\\/\\\/jornalboasnoticias.com.br\\\/home\\\/#\\\/schema\\\/logo\\\/image\\\/\",\"url\":\"https:\\\/\\\/jornalboasnoticias.com.br\\\/home\\\/wp-content\\\/uploads\\\/2024\\\/07\\\/cropped-logo.jpg\",\"contentUrl\":\"https:\\\/\\\/jornalboasnoticias.com.br\\\/home\\\/wp-content\\\/uploads\\\/2024\\\/07\\\/cropped-logo.jpg\",\"width\":290,\"height\":142,\"caption\":\"Coq Editora Ltda\"},\"image\":{\"@id\":\"https:\\\/\\\/jornalboasnoticias.com.br\\\/home\\\/#\\\/schema\\\/logo\\\/image\\\/\"},\"sameAs\":[\"https:\\\/\\\/www.facebook.com\\\/boasnoticiasjornal\"]},{\"@type\":\"Person\",\"@id\":\"https:\\\/\\\/jornalboasnoticias.com.br\\\/home\\\/#\\\/schema\\\/person\\\/d641193e0afc6405b390164dac847971\",\"name\":\"Ana Luiza Bonatto\",\"image\":{\"@type\":\"ImageObject\",\"inLanguage\":\"pt-BR\",\"@id\":\"https:\\\/\\\/secure.gravatar.com\\\/avatar\\\/8a055ebe6373371f67ac6fcf313c0ac0b0a91157fdcdb9514fa62927373348f0?s=96&d=mm&r=g\",\"url\":\"https:\\\/\\\/secure.gravatar.com\\\/avatar\\\/8a055ebe6373371f67ac6fcf313c0ac0b0a91157fdcdb9514fa62927373348f0?s=96&d=mm&r=g\",\"contentUrl\":\"https:\\\/\\\/secure.gravatar.com\\\/avatar\\\/8a055ebe6373371f67ac6fcf313c0ac0b0a91157fdcdb9514fa62927373348f0?s=96&d=mm&r=g\",\"caption\":\"Ana Luiza Bonatto\"},\"url\":\"https:\\\/\\\/jornalboasnoticias.com.br\\\/home\\\/author\\\/ana-luiza\\\/\"}]}<\/script>\n<!-- \/ Yoast SEO plugin. -->","yoast_head_json":{"title":"Inscri\u00e7\u00f5es para concurso p\u00fablico com 74 vagas para o cargo de Agente de Apoio j\u00e1 est\u00e3o abertas em Cascavel - Jornal","description":"Inscri\u00e7\u00f5es para concurso p\u00fablico com 74 vagas para o cargo de Agente de Apoio j\u00e1 est\u00e3o abertas em Cascavel","robots":{"index":"index","follow":"follow","max-snippet":"max-snippet:-1","max-image-preview":"max-image-preview:large","max-video-preview":"max-video-preview:-1"},"canonical":"https:\/\/jornalboasnoticias.com.br\/home\/inscricoes-para-concurso-publico-com-74-vagas-para-o-cargo-de-agente-de-apoio-ja-estao-abertas-em-cascavel\/","og_locale":"pt_BR","og_type":"article","og_title":"Inscri\u00e7\u00f5es para concurso p\u00fablico com 74 vagas para o cargo de Agente de Apoio j\u00e1 est\u00e3o abertas em Cascavel - Jornal","og_description":"Inscri\u00e7\u00f5es para concurso p\u00fablico com 74 vagas para o cargo de Agente de Apoio j\u00e1 est\u00e3o abertas em Cascavel","og_url":"https:\/\/jornalboasnoticias.com.br\/home\/inscricoes-para-concurso-publico-com-74-vagas-para-o-cargo-de-agente-de-apoio-ja-estao-abertas-em-cascavel\/","og_site_name":"Jornal","article_publisher":"https:\/\/www.facebook.com\/boasnoticiasjornal","article_published_time":"2024-11-18T12:02:55+00:00","article_modified_time":"2024-11-18T12:03:03+00:00","og_image":[{"width":1600,"height":1066,"url":"https:\/\/jornalboasnoticias.com.br\/home\/wp-content\/uploads\/2024\/11\/WhatsApp-Image-2024-11-11-at-16_03_09.jpeg","type":"image\/jpeg"}],"author":"Ana Luiza Bonatto","twitter_card":"summary_large_image","twitter_misc":{"Escrito por":"Ana Luiza Bonatto","Est. tempo de leitura":"2 minutos"},"schema":{"@context":"https:\/\/schema.org","@graph":[{"@type":"Article","@id":"https:\/\/jornalboasnoticias.com.br\/home\/inscricoes-para-concurso-publico-com-74-vagas-para-o-cargo-de-agente-de-apoio-ja-estao-abertas-em-cascavel\/#article","isPartOf":{"@id":"https:\/\/jornalboasnoticias.com.br\/home\/inscricoes-para-concurso-publico-com-74-vagas-para-o-cargo-de-agente-de-apoio-ja-estao-abertas-em-cascavel\/"},"author":{"name":"Ana Luiza Bonatto","@id":"https:\/\/jornalboasnoticias.com.br\/home\/#\/schema\/person\/d641193e0afc6405b390164dac847971"},"headline":"Inscri\u00e7\u00f5es para concurso p\u00fablico com 74 vagas para o cargo de Agente de Apoio j\u00e1 est\u00e3o abertas em Cascavel","datePublished":"2024-11-18T12:02:55+00:00","dateModified":"2024-11-18T12:03:03+00:00","mainEntityOfPage":{"@id":"https:\/\/jornalboasnoticias.com.br\/home\/inscricoes-para-concurso-publico-com-74-vagas-para-o-cargo-de-agente-de-apoio-ja-estao-abertas-em-cascavel\/"},"wordCount":303,"commentCount":0,"publisher":{"@id":"https:\/\/jornalboasnoticias.com.br\/home\/#organization"},"image":{"@id":"https:\/\/jornalboasnoticias.com.br\/home\/inscricoes-para-concurso-publico-com-74-vagas-para-o-cargo-de-agente-de-apoio-ja-estao-abertas-em-cascavel\/#primaryimage"},"thumbnailUrl":"https:\/\/jornalboasnoticias.com.br\/home\/wp-content\/uploads\/2024\/11\/WhatsApp-Image-2024-11-11-at-16_03_09.jpeg","articleSection":["CASCAVEL","DESTAQUE"],"inLanguage":"pt-BR","potentialAction":[{"@type":"CommentAction","name":"Comment","target":["https:\/\/jornalboasnoticias.com.br\/home\/inscricoes-para-concurso-publico-com-74-vagas-para-o-cargo-de-agente-de-apoio-ja-estao-abertas-em-cascavel\/#respond"]}]},{"@type":"WebPage","@id":"https:\/\/jornalboasnoticias.com.br\/home\/inscricoes-para-concurso-publico-com-74-vagas-para-o-cargo-de-agente-de-apoio-ja-estao-abertas-em-cascavel\/","url":"https:\/\/jornalboasnoticias.com.br\/home\/inscricoes-para-concurso-publico-com-74-vagas-para-o-cargo-de-agente-de-apoio-ja-estao-abertas-em-cascavel\/","name":"Inscri\u00e7\u00f5es para concurso p\u00fablico com 74 vagas para o cargo de Agente de Apoio j\u00e1 est\u00e3o abertas em Cascavel - Jornal","isPartOf":{"@id":"https:\/\/jornalboasnoticias.com.br\/home\/#website"},"primaryImageOfPage":{"@id":"https:\/\/jornalboasnoticias.com.br\/home\/inscricoes-para-concurso-publico-com-74-vagas-para-o-cargo-de-agente-de-apoio-ja-estao-abertas-em-cascavel\/#primaryimage"},"image":{"@id":"https:\/\/jornalboasnoticias.com.br\/home\/inscricoes-para-concurso-publico-com-74-vagas-para-o-cargo-de-agente-de-apoio-ja-estao-abertas-em-cascavel\/#primaryimage"},"thumbnailUrl":"https:\/\/jornalboasnoticias.com.br\/home\/wp-content\/uploads\/2024\/11\/WhatsApp-Image-2024-11-11-at-16_03_09.jpeg","datePublished":"2024-11-18T12:02:55+00:00","dateModified":"2024-11-18T12:03:03+00:00","description":"Inscri\u00e7\u00f5es para concurso p\u00fablico com 74 vagas para o cargo de Agente de Apoio j\u00e1 est\u00e3o abertas em Cascavel","breadcrumb":{"@id":"https:\/\/jornalboasnoticias.com.br\/home\/inscricoes-para-concurso-publico-com-74-vagas-para-o-cargo-de-agente-de-apoio-ja-estao-abertas-em-cascavel\/#breadcrumb"},"inLanguage":"pt-BR","potentialAction":[{"@type":"ReadAction","target":["https:\/\/jornalboasnoticias.com.br\/home\/inscricoes-para-concurso-publico-com-74-vagas-para-o-cargo-de-agente-de-apoio-ja-estao-abertas-em-cascavel\/"]}]},{"@type":"ImageObject","inLanguage":"pt-BR","@id":"https:\/\/jornalboasnoticias.com.br\/home\/inscricoes-para-concurso-publico-com-74-vagas-para-o-cargo-de-agente-de-apoio-ja-estao-abertas-em-cascavel\/#primaryimage","url":"https:\/\/jornalboasnoticias.com.br\/home\/wp-content\/uploads\/2024\/11\/WhatsApp-Image-2024-11-11-at-16_03_09.jpeg","contentUrl":"https:\/\/jornalboasnoticias.com.br\/home\/wp-content\/uploads\/2024\/11\/WhatsApp-Image-2024-11-11-at-16_03_09.jpeg","width":1600,"height":1066},{"@type":"BreadcrumbList","@id":"https:\/\/jornalboasnoticias.com.br\/home\/inscricoes-para-concurso-publico-com-74-vagas-para-o-cargo-de-agente-de-apoio-ja-estao-abertas-em-cascavel\/#breadcrumb","itemListElement":[{"@type":"ListItem","position":1,"name":"In\u00edcio","item":"https:\/\/jornalboasnoticias.com.br\/home\/"},{"@type":"ListItem","position":2,"name":"Inscri\u00e7\u00f5es para concurso p\u00fablico com 74 vagas para o cargo de Agente de Apoio j\u00e1 est\u00e3o abertas em Cascavel"}]},{"@type":"WebSite","@id":"https:\/\/jornalboasnoticias.com.br\/home\/#website","url":"https:\/\/jornalboasnoticias.com.br\/home\/","name":"Jornal Boas Not\u00edcias","description":"Boas not\u00edcias","publisher":{"@id":"https:\/\/jornalboasnoticias.com.br\/home\/#organization"},"potentialAction":[{"@type":"SearchAction","target":{"@type":"EntryPoint","urlTemplate":"https:\/\/jornalboasnoticias.com.br\/home\/?s={search_term_string}"},"query-input":{"@type":"PropertyValueSpecification","valueRequired":true,"valueName":"search_term_string"}}],"inLanguage":"pt-BR"},{"@type":"Organization","@id":"https:\/\/jornalboasnoticias.com.br\/home\/#organization","name":"Coq Editora Ltda","alternateName":"Jornal Boas Noticias","url":"https:\/\/jornalboasnoticias.com.br\/home\/","logo":{"@type":"ImageObject","inLanguage":"pt-BR","@id":"https:\/\/jornalboasnoticias.com.br\/home\/#\/schema\/logo\/image\/","url":"https:\/\/jornalboasnoticias.com.br\/home\/wp-content\/uploads\/2024\/07\/cropped-logo.jpg","contentUrl":"https:\/\/jornalboasnoticias.com.br\/home\/wp-content\/uploads\/2024\/07\/cropped-logo.jpg","width":290,"height":142,"caption":"Coq Editora Ltda"},"image":{"@id":"https:\/\/jornalboasnoticias.com.br\/home\/#\/schema\/logo\/image\/"},"sameAs":["https:\/\/www.facebook.com\/boasnoticiasjornal"]},{"@type":"Person","@id":"https:\/\/jornalboasnoticias.com.br\/home\/#\/schema\/person\/d641193e0afc6405b390164dac847971","name":"Ana Luiza Bonatto","image":{"@type":"ImageObject","inLanguage":"pt-BR","@id":"https:\/\/secure.gravatar.com\/avatar\/8a055ebe6373371f67ac6fcf313c0ac0b0a91157fdcdb9514fa62927373348f0?s=96&d=mm&r=g","url":"https:\/\/secure.gravatar.com\/avatar\/8a055ebe6373371f67ac6fcf313c0ac0b0a91157fdcdb9514fa62927373348f0?s=96&d=mm&r=g","contentUrl":"https:\/\/secure.gravatar.com\/avatar\/8a055ebe6373371f67ac6fcf313c0ac0b0a91157fdcdb9514fa62927373348f0?s=96&d=mm&r=g","caption":"Ana Luiza Bonatto"},"url":"https:\/\/jornalboasnoticias.com.br\/home\/author\/ana-luiza\/"}]}},"_links":{"self":[{"href":"https:\/\/jornalboasnoticias.com.br\/home\/wp-json\/wp\/v2\/posts\/45287","targetHints":{"allow":["GET"]}}],"collection":[{"href":"https:\/\/jornalboasnoticias.com.br\/home\/wp-json\/wp\/v2\/posts"}],"about":[{"href":"https:\/\/jornalboasnoticias.com.br\/home\/wp-json\/wp\/v2\/types\/post"}],"author":[{"embeddable":true,"href":"https:\/\/jornalboasnoticias.com.br\/home\/wp-json\/wp\/v2\/users\/4"}],"replies":[{"embeddable":true,"href":"https:\/\/jornalboasnoticias.com.br\/home\/wp-json\/wp\/v2\/comments?post=45287"}],"version-history":[{"count":1,"href":"https:\/\/jornalboasnoticias.com.br\/home\/wp-json\/wp\/v2\/posts\/45287\/revisions"}],"predecessor-version":[{"id":45289,"href":"https:\/\/jornalboasnoticias.com.br\/home\/wp-json\/wp\/v2\/posts\/45287\/revisions\/45289"}],"wp:featuredmedia":[{"embeddable":true,"href":"https:\/\/jornalboasnoticias.com.br\/home\/wp-json\/wp\/v2\/media\/45288"}],"wp:attachment":[{"href":"https:\/\/jornalboasnoticias.com.br\/home\/wp-json\/wp\/v2\/media?parent=45287"}],"wp:term":[{"taxonomy":"category","embeddable":true,"href":"https:\/\/jornalboasnoticias.com.br\/home\/wp-json\/wp\/v2\/categories?post=45287"},{"taxonomy":"post_tag","embeddable":true,"href":"https:\/\/jornalboasnoticias.com.br\/home\/wp-json\/wp\/v2\/tags?post=45287"}],"curies":[{"name":"wp","href":"https:\/\/api.w.org\/{rel}","templated":true}]}}