{"id":45284,"date":"2024-11-18T12:00:29","date_gmt":"2024-11-18T12:00:29","guid":{"rendered":"https:\/\/jornalboasnoticias.com.br\/home\/?p=45284"},"modified":"2024-11-18T12:00:29","modified_gmt":"2024-11-18T12:00:29","slug":"vestibular-2025-da-uel-reuniu-milhares-de-jovens-no-domingo-provas-seguem-nesta-segunda","status":"publish","type":"post","link":"https:\/\/jornalboasnoticias.com.br\/home\/vestibular-2025-da-uel-reuniu-milhares-de-jovens-no-domingo-provas-seguem-nesta-segunda\/","title":{"rendered":"Vestibular 2025 da UEL reuniu milhares de jovens no domingo; provas seguem nesta segunda"},"content":{"rendered":"<div class=\"not-escopo-destaque\">\n<div>\n<figure id=\"attachment_45285\" aria-describedby=\"caption-attachment-45285\" style=\"width: 1534px\" class=\"wp-caption alignnone\"><img loading=\"lazy\" decoding=\"async\" class=\"size-full wp-image-45285\" src=\"https:\/\/jornalboasnoticias.com.br\/home\/wp-content\/uploads\/2024\/11\/vestibular-uel-2025-4-1536x1023.jpeg_.jpg\" alt=\"\" width=\"1534\" height=\"1023\" srcset=\"https:\/\/jornalboasnoticias.com.br\/home\/wp-content\/uploads\/2024\/11\/vestibular-uel-2025-4-1536x1023.jpeg_.jpg 1534w, https:\/\/jornalboasnoticias.com.br\/home\/wp-content\/uploads\/2024\/11\/vestibular-uel-2025-4-1536x1023.jpeg_-300x200.jpg 300w, https:\/\/jornalboasnoticias.com.br\/home\/wp-content\/uploads\/2024\/11\/vestibular-uel-2025-4-1536x1023.jpeg_-1024x683.jpg 1024w, https:\/\/jornalboasnoticias.com.br\/home\/wp-content\/uploads\/2024\/11\/vestibular-uel-2025-4-1536x1023.jpeg_-768x512.jpg 768w, https:\/\/jornalboasnoticias.com.br\/home\/wp-content\/uploads\/2024\/11\/vestibular-uel-2025-4-1536x1023.jpeg_-900x600.jpg 900w\" sizes=\"auto, (max-width: 1534px) 100vw, 1534px\" \/><figcaption id=\"caption-attachment-45285\" class=\"wp-caption-text\">Foto: O Perobal\/UEL<\/figcaption><\/figure>\n<\/div>\n<\/div>\n<blockquote>\n<div class=\"not-escopo-destaque\">\n<div class=\"field field--name-field-escopo-destaque field--type-string-long field--label-hidden field--item\">Pela primeira vez os candidatos participaram de um novo modelo de Vestibular, em fase \u00fanica de dois dias, que atende adequa\u00e7\u00f5es realizadas no Ensino M\u00e9dio. Ap\u00f3s a prova de Conhecimentos Gerais, nesta segunda-feira (18) os candidatos far\u00e3o a prova de Reda\u00e7\u00e3o e a prova discursiva de Conhecimentos Espec\u00edficos.<\/div>\n<\/div>\n<\/blockquote>\n<div>\n<article class=\"node node--type-noticia node--promoted node--view-mode-full clearfix\" role=\"article\" data-history-node-id=\"70005\">\n<div class=\"node__content clearfix\">\n<div class=\"field field--name-field-texto field--type-text-long field--label-hidden field--item\">\n<p>Candidatos de todo o Pa\u00eds participaram neste domingo (17) do primeiro dia do Vestibular UEL 2025, quando foi aplicada a prova objetiva de Conhecimentos Gerais, com 60 quest\u00f5es relacionadas ao conte\u00fado do Ensino M\u00e9dio. Cerca de 2,8 mil candidatos n\u00e3o compareceram, quantitativo que representa 17,29% do total de 16.338 inscritos.<\/p>\n<p>Pela primeira vez os candidatos participaram de um novo modelo de Vestibular, em fase \u00fanica de dois dias, que atende adequa\u00e7\u00f5es realizadas no Ensino M\u00e9dio. Nesta segunda-feira (18), os candidatos far\u00e3o a prova de Reda\u00e7\u00e3o e a prova discursiva de Conhecimentos Espec\u00edficos, sendo duas disciplinas indicadas pelos colegiados de cada um dos 53 cursos e uma terceira de Sociologia, comum a todos.<\/p>\n<p>Para a reitora da UEL, Marta Favaro, o novo formato em fase \u00fanica traz vantagens para os candidatos, sobretudo para aqueles que v\u00eam de fora, que estar\u00e3o em Londrina uma \u00fanica vez para o processo de sele\u00e7\u00e3o. \u201cA modelagem da prova teve altera\u00e7\u00f5es e a equipe Cops est\u00e1 atenta. Faremos uma avalia\u00e7\u00e3o final do processo, posteriormente, e um balan\u00e7o de todos os pontos positivos e outros que talvez tenhamos de aperfei\u00e7oar\u201d, afirmou.<\/p>\n<p>De acordo com a respons\u00e1vel pela Cops, Sandra Garcia, o primeiro dia do Vestibular ocorreu dentro da normalidade, sem registro de ocorr\u00eancias, e com um plant\u00e3o de regulariza\u00e7\u00e3o de documentos pessoais movimentado pela manh\u00e3. Ela classificou o novo formato como uma maneira de condensar o concurso em dois dias, sem interferir nas caracter\u00edsticas das provas que buscam um estudante com capacidade interpretativa, com boa leitura e conhecimento geral.<\/p>\n<p>\u201cA prova continua buscando um aluno com vis\u00e3o de mundo, com boa leitura. As quest\u00f5es trazem sempre um texto para interpretar. Se o aluno ler com aten\u00e7\u00e3o, tem condi\u00e7\u00f5es de responder, sempre considerando conte\u00fados que dialogam entre si\u201d, afirmou.<\/p>\n<p>A prova deste domingo foi interdisciplinar trazendo como tema \u201cRegularidades e N\u00e3o Regularidades\u201d, com 60 quest\u00f5es de Artes, Biologia, Filosofia, F\u00edsica, Geografia, Hist\u00f3ria, L\u00edngua Portuguesa e Literatura, L\u00edngua Estrangeira, Matem\u00e1tica e Qu\u00edmica). Segundo a professora, um exemplo de regularidade \u00e9 a ci\u00eancia, com caracter\u00edsticas objetivas, sempre exata, que privilegia fatos comprovados. Exemplo de algo n\u00e3o regular \u00e9 o clima, que pode surpreender com enchentes, secas, tempestades e temperaturas extremas.<\/p>\n<p>Os candidatos foram desafiados a interpretar conhecimentos sobre fatos atuais como a infesta\u00e7\u00e3o de dengue no Brasil, o conflito entre Israel e Palestina e a obra do artista pl\u00e1stico Carlos Fajardo, que est\u00e1 sendo reconstru\u00edda por estudantes e professores do curso de Arquitetura da UEL, no Campus Universit\u00e1rio. A obra foi doada pelo pr\u00f3prio artista, em 1994, durante a Semana de Arte de Londrina, instalada no Centro de Ci\u00eancias Biol\u00f3gicas (CCB), mas teve de ser retirada assim que foi iniciada a constru\u00e7\u00e3o de um bloco de salas de aulas e de laborat\u00f3rios.<\/p>\n<p>Nesta segunda (18), a Cops mant\u00e9m a recomenda\u00e7\u00e3o para que os candidatos se atentem e antecipem a chegada aos locais de provas \u2013 Campus da UEL, Unifil e escolas p\u00fablicas municipais e estaduais. O objetivo \u00e9 evitar contratempos com tr\u00e2nsito, filas e problemas na chegada aos mais de 40 locais de provas. As salas abrem a partir das 13h20. As provas come\u00e7am a partir das 14 horas.<\/p>\n<\/div>\n<\/div>\n<\/article>\n<\/div>\n","protected":false},"excerpt":{"rendered":"<p>Pela primeira vez os candidatos participaram de um novo modelo de Vestibular, em fase \u00fanica<\/p>\n","protected":false},"author":4,"featured_media":45285,"comment_status":"open","ping_status":"open","sticky":false,"template":"","format":"standard","meta":{"footnotes":""},"categories":[3,8],"tags":[],"class_list":["post-45284","post","type-post","status-publish","format-standard","has-post-thumbnail","hentry","category-destaques","category-educacao"],"yoast_head":"<!-- This site is optimized with the Yoast SEO plugin v27.5 - https:\/\/yoast.com\/product\/yoast-seo-wordpress\/ -->\n<title>Vestibular 2025 da UEL reuniu milhares de jovens no domingo; provas seguem nesta segunda - Jornal<\/title>\n<meta name=\"description\" content=\"Vestibular 2025 da UEL reuniu milhares de jovens no domingo; provas seguem nesta segunda\" \/>\n<meta name=\"robots\" content=\"index, follow, max-snippet:-1, max-image-preview:large, max-video-preview:-1\" \/>\n<link rel=\"canonical\" href=\"https:\/\/jornalboasnoticias.com.br\/home\/vestibular-2025-da-uel-reuniu-milhares-de-jovens-no-domingo-provas-seguem-nesta-segunda\/\" \/>\n<meta property=\"og:locale\" content=\"pt_BR\" \/>\n<meta property=\"og:type\" content=\"article\" \/>\n<meta property=\"og:title\" content=\"Vestibular 2025 da UEL reuniu milhares de jovens no domingo; provas seguem nesta segunda - Jornal\" \/>\n<meta property=\"og:description\" content=\"Vestibular 2025 da UEL reuniu milhares de jovens no domingo; provas seguem nesta segunda\" \/>\n<meta property=\"og:url\" content=\"https:\/\/jornalboasnoticias.com.br\/home\/vestibular-2025-da-uel-reuniu-milhares-de-jovens-no-domingo-provas-seguem-nesta-segunda\/\" \/>\n<meta property=\"og:site_name\" content=\"Jornal\" \/>\n<meta property=\"article:publisher\" content=\"https:\/\/www.facebook.com\/boasnoticiasjornal\" \/>\n<meta property=\"article:published_time\" content=\"2024-11-18T12:00:29+00:00\" \/>\n<meta property=\"og:image\" content=\"https:\/\/jornalboasnoticias.com.br\/home\/wp-content\/uploads\/2024\/11\/vestibular-uel-2025-4-1536x1023.jpeg_.jpg\" \/>\n\t<meta property=\"og:image:width\" content=\"1534\" \/>\n\t<meta property=\"og:image:height\" content=\"1023\" \/>\n\t<meta property=\"og:image:type\" content=\"image\/jpeg\" \/>\n<meta name=\"author\" content=\"Ana Luiza Bonatto\" \/>\n<meta name=\"twitter:card\" content=\"summary_large_image\" \/>\n<meta name=\"twitter:label1\" content=\"Escrito por\" \/>\n\t<meta name=\"twitter:data1\" content=\"Ana Luiza Bonatto\" \/>\n\t<meta name=\"twitter:label2\" content=\"Est. tempo de leitura\" \/>\n\t<meta name=\"twitter:data2\" content=\"4 minutos\" \/>\n<script type=\"application\/ld+json\" class=\"yoast-schema-graph\">{\"@context\":\"https:\\\/\\\/schema.org\",\"@graph\":[{\"@type\":\"Article\",\"@id\":\"https:\\\/\\\/jornalboasnoticias.com.br\\\/home\\\/vestibular-2025-da-uel-reuniu-milhares-de-jovens-no-domingo-provas-seguem-nesta-segunda\\\/#article\",\"isPartOf\":{\"@id\":\"https:\\\/\\\/jornalboasnoticias.com.br\\\/home\\\/vestibular-2025-da-uel-reuniu-milhares-de-jovens-no-domingo-provas-seguem-nesta-segunda\\\/\"},\"author\":{\"name\":\"Ana Luiza Bonatto\",\"@id\":\"https:\\\/\\\/jornalboasnoticias.com.br\\\/home\\\/#\\\/schema\\\/person\\\/d641193e0afc6405b390164dac847971\"},\"headline\":\"Vestibular 2025 da UEL reuniu milhares de jovens no domingo; provas seguem nesta segunda\",\"datePublished\":\"2024-11-18T12:00:29+00:00\",\"mainEntityOfPage\":{\"@id\":\"https:\\\/\\\/jornalboasnoticias.com.br\\\/home\\\/vestibular-2025-da-uel-reuniu-milhares-de-jovens-no-domingo-provas-seguem-nesta-segunda\\\/\"},\"wordCount\":631,\"commentCount\":0,\"publisher\":{\"@id\":\"https:\\\/\\\/jornalboasnoticias.com.br\\\/home\\\/#organization\"},\"image\":{\"@id\":\"https:\\\/\\\/jornalboasnoticias.com.br\\\/home\\\/vestibular-2025-da-uel-reuniu-milhares-de-jovens-no-domingo-provas-seguem-nesta-segunda\\\/#primaryimage\"},\"thumbnailUrl\":\"https:\\\/\\\/jornalboasnoticias.com.br\\\/home\\\/wp-content\\\/uploads\\\/2024\\\/11\\\/vestibular-uel-2025-4-1536x1023.jpeg_.jpg\",\"articleSection\":[\"DESTAQUE\",\"EDUCA\u00c7\u00c3O\"],\"inLanguage\":\"pt-BR\",\"potentialAction\":[{\"@type\":\"CommentAction\",\"name\":\"Comment\",\"target\":[\"https:\\\/\\\/jornalboasnoticias.com.br\\\/home\\\/vestibular-2025-da-uel-reuniu-milhares-de-jovens-no-domingo-provas-seguem-nesta-segunda\\\/#respond\"]}]},{\"@type\":\"WebPage\",\"@id\":\"https:\\\/\\\/jornalboasnoticias.com.br\\\/home\\\/vestibular-2025-da-uel-reuniu-milhares-de-jovens-no-domingo-provas-seguem-nesta-segunda\\\/\",\"url\":\"https:\\\/\\\/jornalboasnoticias.com.br\\\/home\\\/vestibular-2025-da-uel-reuniu-milhares-de-jovens-no-domingo-provas-seguem-nesta-segunda\\\/\",\"name\":\"Vestibular 2025 da UEL reuniu milhares de jovens no domingo; provas seguem nesta segunda - Jornal\",\"isPartOf\":{\"@id\":\"https:\\\/\\\/jornalboasnoticias.com.br\\\/home\\\/#website\"},\"primaryImageOfPage\":{\"@id\":\"https:\\\/\\\/jornalboasnoticias.com.br\\\/home\\\/vestibular-2025-da-uel-reuniu-milhares-de-jovens-no-domingo-provas-seguem-nesta-segunda\\\/#primaryimage\"},\"image\":{\"@id\":\"https:\\\/\\\/jornalboasnoticias.com.br\\\/home\\\/vestibular-2025-da-uel-reuniu-milhares-de-jovens-no-domingo-provas-seguem-nesta-segunda\\\/#primaryimage\"},\"thumbnailUrl\":\"https:\\\/\\\/jornalboasnoticias.com.br\\\/home\\\/wp-content\\\/uploads\\\/2024\\\/11\\\/vestibular-uel-2025-4-1536x1023.jpeg_.jpg\",\"datePublished\":\"2024-11-18T12:00:29+00:00\",\"description\":\"Vestibular 2025 da UEL reuniu milhares de jovens no domingo; provas seguem nesta segunda\",\"breadcrumb\":{\"@id\":\"https:\\\/\\\/jornalboasnoticias.com.br\\\/home\\\/vestibular-2025-da-uel-reuniu-milhares-de-jovens-no-domingo-provas-seguem-nesta-segunda\\\/#breadcrumb\"},\"inLanguage\":\"pt-BR\",\"potentialAction\":[{\"@type\":\"ReadAction\",\"target\":[\"https:\\\/\\\/jornalboasnoticias.com.br\\\/home\\\/vestibular-2025-da-uel-reuniu-milhares-de-jovens-no-domingo-provas-seguem-nesta-segunda\\\/\"]}]},{\"@type\":\"ImageObject\",\"inLanguage\":\"pt-BR\",\"@id\":\"https:\\\/\\\/jornalboasnoticias.com.br\\\/home\\\/vestibular-2025-da-uel-reuniu-milhares-de-jovens-no-domingo-provas-seguem-nesta-segunda\\\/#primaryimage\",\"url\":\"https:\\\/\\\/jornalboasnoticias.com.br\\\/home\\\/wp-content\\\/uploads\\\/2024\\\/11\\\/vestibular-uel-2025-4-1536x1023.jpeg_.jpg\",\"contentUrl\":\"https:\\\/\\\/jornalboasnoticias.com.br\\\/home\\\/wp-content\\\/uploads\\\/2024\\\/11\\\/vestibular-uel-2025-4-1536x1023.jpeg_.jpg\",\"width\":1534,\"height\":1023,\"caption\":\"Foto: O Perobal\\\/UEL\"},{\"@type\":\"BreadcrumbList\",\"@id\":\"https:\\\/\\\/jornalboasnoticias.com.br\\\/home\\\/vestibular-2025-da-uel-reuniu-milhares-de-jovens-no-domingo-provas-seguem-nesta-segunda\\\/#breadcrumb\",\"itemListElement\":[{\"@type\":\"ListItem\",\"position\":1,\"name\":\"In\u00edcio\",\"item\":\"https:\\\/\\\/jornalboasnoticias.com.br\\\/home\\\/\"},{\"@type\":\"ListItem\",\"position\":2,\"name\":\"Vestibular 2025 da UEL reuniu milhares de jovens no domingo; provas seguem nesta segunda\"}]},{\"@type\":\"WebSite\",\"@id\":\"https:\\\/\\\/jornalboasnoticias.com.br\\\/home\\\/#website\",\"url\":\"https:\\\/\\\/jornalboasnoticias.com.br\\\/home\\\/\",\"name\":\"Jornal Boas Not\u00edcias\",\"description\":\"Boas not\u00edcias\",\"publisher\":{\"@id\":\"https:\\\/\\\/jornalboasnoticias.com.br\\\/home\\\/#organization\"},\"potentialAction\":[{\"@type\":\"SearchAction\",\"target\":{\"@type\":\"EntryPoint\",\"urlTemplate\":\"https:\\\/\\\/jornalboasnoticias.com.br\\\/home\\\/?s={search_term_string}\"},\"query-input\":{\"@type\":\"PropertyValueSpecification\",\"valueRequired\":true,\"valueName\":\"search_term_string\"}}],\"inLanguage\":\"pt-BR\"},{\"@type\":\"Organization\",\"@id\":\"https:\\\/\\\/jornalboasnoticias.com.br\\\/home\\\/#organization\",\"name\":\"Coq Editora Ltda\",\"alternateName\":\"Jornal Boas Noticias\",\"url\":\"https:\\\/\\\/jornalboasnoticias.com.br\\\/home\\\/\",\"logo\":{\"@type\":\"ImageObject\",\"inLanguage\":\"pt-BR\",\"@id\":\"https:\\\/\\\/jornalboasnoticias.com.br\\\/home\\\/#\\\/schema\\\/logo\\\/image\\\/\",\"url\":\"https:\\\/\\\/jornalboasnoticias.com.br\\\/home\\\/wp-content\\\/uploads\\\/2024\\\/07\\\/cropped-logo.jpg\",\"contentUrl\":\"https:\\\/\\\/jornalboasnoticias.com.br\\\/home\\\/wp-content\\\/uploads\\\/2024\\\/07\\\/cropped-logo.jpg\",\"width\":290,\"height\":142,\"caption\":\"Coq Editora Ltda\"},\"image\":{\"@id\":\"https:\\\/\\\/jornalboasnoticias.com.br\\\/home\\\/#\\\/schema\\\/logo\\\/image\\\/\"},\"sameAs\":[\"https:\\\/\\\/www.facebook.com\\\/boasnoticiasjornal\"]},{\"@type\":\"Person\",\"@id\":\"https:\\\/\\\/jornalboasnoticias.com.br\\\/home\\\/#\\\/schema\\\/person\\\/d641193e0afc6405b390164dac847971\",\"name\":\"Ana Luiza Bonatto\",\"image\":{\"@type\":\"ImageObject\",\"inLanguage\":\"pt-BR\",\"@id\":\"https:\\\/\\\/secure.gravatar.com\\\/avatar\\\/8a055ebe6373371f67ac6fcf313c0ac0b0a91157fdcdb9514fa62927373348f0?s=96&d=mm&r=g\",\"url\":\"https:\\\/\\\/secure.gravatar.com\\\/avatar\\\/8a055ebe6373371f67ac6fcf313c0ac0b0a91157fdcdb9514fa62927373348f0?s=96&d=mm&r=g\",\"contentUrl\":\"https:\\\/\\\/secure.gravatar.com\\\/avatar\\\/8a055ebe6373371f67ac6fcf313c0ac0b0a91157fdcdb9514fa62927373348f0?s=96&d=mm&r=g\",\"caption\":\"Ana Luiza Bonatto\"},\"url\":\"https:\\\/\\\/jornalboasnoticias.com.br\\\/home\\\/author\\\/ana-luiza\\\/\"}]}<\/script>\n<!-- \/ Yoast SEO plugin. -->","yoast_head_json":{"title":"Vestibular 2025 da UEL reuniu milhares de jovens no domingo; provas seguem nesta segunda - Jornal","description":"Vestibular 2025 da UEL reuniu milhares de jovens no domingo; provas seguem nesta segunda","robots":{"index":"index","follow":"follow","max-snippet":"max-snippet:-1","max-image-preview":"max-image-preview:large","max-video-preview":"max-video-preview:-1"},"canonical":"https:\/\/jornalboasnoticias.com.br\/home\/vestibular-2025-da-uel-reuniu-milhares-de-jovens-no-domingo-provas-seguem-nesta-segunda\/","og_locale":"pt_BR","og_type":"article","og_title":"Vestibular 2025 da UEL reuniu milhares de jovens no domingo; provas seguem nesta segunda - Jornal","og_description":"Vestibular 2025 da UEL reuniu milhares de jovens no domingo; provas seguem nesta segunda","og_url":"https:\/\/jornalboasnoticias.com.br\/home\/vestibular-2025-da-uel-reuniu-milhares-de-jovens-no-domingo-provas-seguem-nesta-segunda\/","og_site_name":"Jornal","article_publisher":"https:\/\/www.facebook.com\/boasnoticiasjornal","article_published_time":"2024-11-18T12:00:29+00:00","og_image":[{"width":1534,"height":1023,"url":"https:\/\/jornalboasnoticias.com.br\/home\/wp-content\/uploads\/2024\/11\/vestibular-uel-2025-4-1536x1023.jpeg_.jpg","type":"image\/jpeg"}],"author":"Ana Luiza Bonatto","twitter_card":"summary_large_image","twitter_misc":{"Escrito por":"Ana Luiza Bonatto","Est. tempo de leitura":"4 minutos"},"schema":{"@context":"https:\/\/schema.org","@graph":[{"@type":"Article","@id":"https:\/\/jornalboasnoticias.com.br\/home\/vestibular-2025-da-uel-reuniu-milhares-de-jovens-no-domingo-provas-seguem-nesta-segunda\/#article","isPartOf":{"@id":"https:\/\/jornalboasnoticias.com.br\/home\/vestibular-2025-da-uel-reuniu-milhares-de-jovens-no-domingo-provas-seguem-nesta-segunda\/"},"author":{"name":"Ana Luiza Bonatto","@id":"https:\/\/jornalboasnoticias.com.br\/home\/#\/schema\/person\/d641193e0afc6405b390164dac847971"},"headline":"Vestibular 2025 da UEL reuniu milhares de jovens no domingo; provas seguem nesta segunda","datePublished":"2024-11-18T12:00:29+00:00","mainEntityOfPage":{"@id":"https:\/\/jornalboasnoticias.com.br\/home\/vestibular-2025-da-uel-reuniu-milhares-de-jovens-no-domingo-provas-seguem-nesta-segunda\/"},"wordCount":631,"commentCount":0,"publisher":{"@id":"https:\/\/jornalboasnoticias.com.br\/home\/#organization"},"image":{"@id":"https:\/\/jornalboasnoticias.com.br\/home\/vestibular-2025-da-uel-reuniu-milhares-de-jovens-no-domingo-provas-seguem-nesta-segunda\/#primaryimage"},"thumbnailUrl":"https:\/\/jornalboasnoticias.com.br\/home\/wp-content\/uploads\/2024\/11\/vestibular-uel-2025-4-1536x1023.jpeg_.jpg","articleSection":["DESTAQUE","EDUCA\u00c7\u00c3O"],"inLanguage":"pt-BR","potentialAction":[{"@type":"CommentAction","name":"Comment","target":["https:\/\/jornalboasnoticias.com.br\/home\/vestibular-2025-da-uel-reuniu-milhares-de-jovens-no-domingo-provas-seguem-nesta-segunda\/#respond"]}]},{"@type":"WebPage","@id":"https:\/\/jornalboasnoticias.com.br\/home\/vestibular-2025-da-uel-reuniu-milhares-de-jovens-no-domingo-provas-seguem-nesta-segunda\/","url":"https:\/\/jornalboasnoticias.com.br\/home\/vestibular-2025-da-uel-reuniu-milhares-de-jovens-no-domingo-provas-seguem-nesta-segunda\/","name":"Vestibular 2025 da UEL reuniu milhares de jovens no domingo; provas seguem nesta segunda - Jornal","isPartOf":{"@id":"https:\/\/jornalboasnoticias.com.br\/home\/#website"},"primaryImageOfPage":{"@id":"https:\/\/jornalboasnoticias.com.br\/home\/vestibular-2025-da-uel-reuniu-milhares-de-jovens-no-domingo-provas-seguem-nesta-segunda\/#primaryimage"},"image":{"@id":"https:\/\/jornalboasnoticias.com.br\/home\/vestibular-2025-da-uel-reuniu-milhares-de-jovens-no-domingo-provas-seguem-nesta-segunda\/#primaryimage"},"thumbnailUrl":"https:\/\/jornalboasnoticias.com.br\/home\/wp-content\/uploads\/2024\/11\/vestibular-uel-2025-4-1536x1023.jpeg_.jpg","datePublished":"2024-11-18T12:00:29+00:00","description":"Vestibular 2025 da UEL reuniu milhares de jovens no domingo; provas seguem nesta segunda","breadcrumb":{"@id":"https:\/\/jornalboasnoticias.com.br\/home\/vestibular-2025-da-uel-reuniu-milhares-de-jovens-no-domingo-provas-seguem-nesta-segunda\/#breadcrumb"},"inLanguage":"pt-BR","potentialAction":[{"@type":"ReadAction","target":["https:\/\/jornalboasnoticias.com.br\/home\/vestibular-2025-da-uel-reuniu-milhares-de-jovens-no-domingo-provas-seguem-nesta-segunda\/"]}]},{"@type":"ImageObject","inLanguage":"pt-BR","@id":"https:\/\/jornalboasnoticias.com.br\/home\/vestibular-2025-da-uel-reuniu-milhares-de-jovens-no-domingo-provas-seguem-nesta-segunda\/#primaryimage","url":"https:\/\/jornalboasnoticias.com.br\/home\/wp-content\/uploads\/2024\/11\/vestibular-uel-2025-4-1536x1023.jpeg_.jpg","contentUrl":"https:\/\/jornalboasnoticias.com.br\/home\/wp-content\/uploads\/2024\/11\/vestibular-uel-2025-4-1536x1023.jpeg_.jpg","width":1534,"height":1023,"caption":"Foto: O Perobal\/UEL"},{"@type":"BreadcrumbList","@id":"https:\/\/jornalboasnoticias.com.br\/home\/vestibular-2025-da-uel-reuniu-milhares-de-jovens-no-domingo-provas-seguem-nesta-segunda\/#breadcrumb","itemListElement":[{"@type":"ListItem","position":1,"name":"In\u00edcio","item":"https:\/\/jornalboasnoticias.com.br\/home\/"},{"@type":"ListItem","position":2,"name":"Vestibular 2025 da UEL reuniu milhares de jovens no domingo; provas seguem nesta segunda"}]},{"@type":"WebSite","@id":"https:\/\/jornalboasnoticias.com.br\/home\/#website","url":"https:\/\/jornalboasnoticias.com.br\/home\/","name":"Jornal Boas Not\u00edcias","description":"Boas not\u00edcias","publisher":{"@id":"https:\/\/jornalboasnoticias.com.br\/home\/#organization"},"potentialAction":[{"@type":"SearchAction","target":{"@type":"EntryPoint","urlTemplate":"https:\/\/jornalboasnoticias.com.br\/home\/?s={search_term_string}"},"query-input":{"@type":"PropertyValueSpecification","valueRequired":true,"valueName":"search_term_string"}}],"inLanguage":"pt-BR"},{"@type":"Organization","@id":"https:\/\/jornalboasnoticias.com.br\/home\/#organization","name":"Coq Editora Ltda","alternateName":"Jornal Boas Noticias","url":"https:\/\/jornalboasnoticias.com.br\/home\/","logo":{"@type":"ImageObject","inLanguage":"pt-BR","@id":"https:\/\/jornalboasnoticias.com.br\/home\/#\/schema\/logo\/image\/","url":"https:\/\/jornalboasnoticias.com.br\/home\/wp-content\/uploads\/2024\/07\/cropped-logo.jpg","contentUrl":"https:\/\/jornalboasnoticias.com.br\/home\/wp-content\/uploads\/2024\/07\/cropped-logo.jpg","width":290,"height":142,"caption":"Coq Editora Ltda"},"image":{"@id":"https:\/\/jornalboasnoticias.com.br\/home\/#\/schema\/logo\/image\/"},"sameAs":["https:\/\/www.facebook.com\/boasnoticiasjornal"]},{"@type":"Person","@id":"https:\/\/jornalboasnoticias.com.br\/home\/#\/schema\/person\/d641193e0afc6405b390164dac847971","name":"Ana Luiza Bonatto","image":{"@type":"ImageObject","inLanguage":"pt-BR","@id":"https:\/\/secure.gravatar.com\/avatar\/8a055ebe6373371f67ac6fcf313c0ac0b0a91157fdcdb9514fa62927373348f0?s=96&d=mm&r=g","url":"https:\/\/secure.gravatar.com\/avatar\/8a055ebe6373371f67ac6fcf313c0ac0b0a91157fdcdb9514fa62927373348f0?s=96&d=mm&r=g","contentUrl":"https:\/\/secure.gravatar.com\/avatar\/8a055ebe6373371f67ac6fcf313c0ac0b0a91157fdcdb9514fa62927373348f0?s=96&d=mm&r=g","caption":"Ana Luiza Bonatto"},"url":"https:\/\/jornalboasnoticias.com.br\/home\/author\/ana-luiza\/"}]}},"_links":{"self":[{"href":"https:\/\/jornalboasnoticias.com.br\/home\/wp-json\/wp\/v2\/posts\/45284","targetHints":{"allow":["GET"]}}],"collection":[{"href":"https:\/\/jornalboasnoticias.com.br\/home\/wp-json\/wp\/v2\/posts"}],"about":[{"href":"https:\/\/jornalboasnoticias.com.br\/home\/wp-json\/wp\/v2\/types\/post"}],"author":[{"embeddable":true,"href":"https:\/\/jornalboasnoticias.com.br\/home\/wp-json\/wp\/v2\/users\/4"}],"replies":[{"embeddable":true,"href":"https:\/\/jornalboasnoticias.com.br\/home\/wp-json\/wp\/v2\/comments?post=45284"}],"version-history":[{"count":1,"href":"https:\/\/jornalboasnoticias.com.br\/home\/wp-json\/wp\/v2\/posts\/45284\/revisions"}],"predecessor-version":[{"id":45286,"href":"https:\/\/jornalboasnoticias.com.br\/home\/wp-json\/wp\/v2\/posts\/45284\/revisions\/45286"}],"wp:featuredmedia":[{"embeddable":true,"href":"https:\/\/jornalboasnoticias.com.br\/home\/wp-json\/wp\/v2\/media\/45285"}],"wp:attachment":[{"href":"https:\/\/jornalboasnoticias.com.br\/home\/wp-json\/wp\/v2\/media?parent=45284"}],"wp:term":[{"taxonomy":"category","embeddable":true,"href":"https:\/\/jornalboasnoticias.com.br\/home\/wp-json\/wp\/v2\/categories?post=45284"},{"taxonomy":"post_tag","embeddable":true,"href":"https:\/\/jornalboasnoticias.com.br\/home\/wp-json\/wp\/v2\/tags?post=45284"}],"curies":[{"name":"wp","href":"https:\/\/api.w.org\/{rel}","templated":true}]}}