{"id":45280,"date":"2024-11-18T11:59:19","date_gmt":"2024-11-18T11:59:19","guid":{"rendered":"https:\/\/jornalboasnoticias.com.br\/home\/?p=45280"},"modified":"2024-11-18T11:59:19","modified_gmt":"2024-11-18T11:59:19","slug":"orquestra-sinfonica-apresenta-compositores-nacionais-em-raizes-brasileiras","status":"publish","type":"post","link":"https:\/\/jornalboasnoticias.com.br\/home\/orquestra-sinfonica-apresenta-compositores-nacionais-em-raizes-brasileiras\/","title":{"rendered":"Orquestra Sinf\u00f4nica apresenta compositores nacionais em &#8220;Ra\u00edzes Brasileiras&#8221;"},"content":{"rendered":"<div class=\"not-escopo-destaque\">\n<div>\n<figure id=\"attachment_45281\" aria-describedby=\"caption-attachment-45281\" style=\"width: 2560px\" class=\"wp-caption alignnone\"><img loading=\"lazy\" decoding=\"async\" class=\"size-full wp-image-45281\" src=\"https:\/\/jornalboasnoticias.com.br\/home\/wp-content\/uploads\/2024\/11\/photo_claudio_cruz_crubens_cortez_20-scaled.jpg\" alt=\"\" width=\"2560\" height=\"1707\" srcset=\"https:\/\/jornalboasnoticias.com.br\/home\/wp-content\/uploads\/2024\/11\/photo_claudio_cruz_crubens_cortez_20-scaled.jpg 2560w, https:\/\/jornalboasnoticias.com.br\/home\/wp-content\/uploads\/2024\/11\/photo_claudio_cruz_crubens_cortez_20-300x200.jpg 300w, https:\/\/jornalboasnoticias.com.br\/home\/wp-content\/uploads\/2024\/11\/photo_claudio_cruz_crubens_cortez_20-1024x683.jpg 1024w, https:\/\/jornalboasnoticias.com.br\/home\/wp-content\/uploads\/2024\/11\/photo_claudio_cruz_crubens_cortez_20-768x512.jpg 768w, https:\/\/jornalboasnoticias.com.br\/home\/wp-content\/uploads\/2024\/11\/photo_claudio_cruz_crubens_cortez_20-1536x1024.jpg 1536w, https:\/\/jornalboasnoticias.com.br\/home\/wp-content\/uploads\/2024\/11\/photo_claudio_cruz_crubens_cortez_20-2048x1365.jpg 2048w, https:\/\/jornalboasnoticias.com.br\/home\/wp-content\/uploads\/2024\/11\/photo_claudio_cruz_crubens_cortez_20-900x600.jpg 900w\" sizes=\"auto, (max-width: 2560px) 100vw, 2560px\" \/><figcaption id=\"caption-attachment-45281\" class=\"wp-caption-text\">Foto: Divulga\u00e7\u00e3o- Rubens Cortez<\/figcaption><\/figure>\n<\/div>\n<\/div>\n<blockquote>\n<div class=\"not-escopo-destaque\">\n<div class=\"field field--name-field-escopo-destaque field--type-string-long field--label-hidden field--item\">Apresenta\u00e7\u00e3o no Teatro Gua\u00edra dia 24 de novembro ser\u00e1 sob reg\u00eancia de Cl\u00e1udio Cruz e solo de Emmanuele Baldini. Concerto convida o p\u00fablico a um mergulho na riqueza da m\u00fasica brasileira, com destaque para composi\u00e7\u00f5es de Hekel Tavares e Camargo Guarnieri.<\/div>\n<\/div>\n<\/blockquote>\n<div>\n<article class=\"node node--type-noticia node--promoted node--view-mode-full clearfix\" role=\"article\" data-history-node-id=\"70006\">\n<div class=\"node__content clearfix\">\n<div class=\"field field--name-field-texto field--type-text-long field--label-hidden field--item\">\n<p>A Orquestra Sinf\u00f4nica do Paran\u00e1 traz a segunda edi\u00e7\u00e3o do concerto \u201cRa\u00edzes Brasileiras\u201d no dia 24 deste m\u00eas, \u00e0s 10h30, no audit\u00f3rio Bento Munhoz da Rocha Neto (Guair\u00e3o). Sob a reg\u00eancia de Cl\u00e1udio Cruz e o solo de Emmanuele Baldini, o concerto convida o p\u00fablico a um mergulho na riqueza da m\u00fasica brasileira, com destaque para composi\u00e7\u00f5es de Hekel Tavares e Camargo Guarnieri. Os ingressos est\u00e3o \u00e0 venda na bilheteria do Teatro Gua\u00edra e no site\u00a0DeuBalada.com. H\u00e1 uma cota social de ingressos limitados distribu\u00eddos gratuitamente na bilheteria.<\/p>\n<p>\u201cRa\u00edzes Brasileiras II\u201d abre com o &#8220;Concerto para Violino e Orquestra n\u00b04 (em formas brasileiras), Opus 107&#8221;, de Hekel Tavares. A obra foi recuperada pelo violinista Emmanuele Baldini, que adquiriu os direitos para execut\u00e1-la e ser\u00e1 o solista convidado deste concerto. O compositor alagoano, conhecido por unir elementos da m\u00fasica popular e erudita traz nesta obra ritmos tipicamente brasileiros com a forma tradicional europeia de concerto, destacando o movimento &#8220;Louva\u00e7\u00e3o&#8221; por seu car\u00e1ter expressivo.<\/p>\n<p>Em seguida, o programa traz a Sinfonia n\u00b02, \u201cUirapuru\u201d, de Camargo Guarnieri. Composta em 1945, a obra faz refer\u00eancia ao lend\u00e1rio p\u00e1ssaro amaz\u00f4nico considerado deus do amor. Dividida em tr\u00eas movimentos \u2013 \u201cEn\u00e9rgico\u201d, \u201cTerno\u201d e \u201cFestivo\u201d \u2013, a sinfonia celebra a brasilidade com melodias envolventes e uso expressivo de percuss\u00e3o que remete aos temas nordestinos.<\/p>\n<p>Esse \u00e9 um programa que destaca a m\u00fasica brasileira em todas as ra\u00edzes, com obras que fazem ponte entre a m\u00fasica cl\u00e1ssica erudita e a m\u00fasica popular brasileira, com influ\u00eancias da m\u00fasica folcl\u00f3rica e folcl\u00f3rica ind\u00edgena.<\/p>\n<p><strong>Servi\u00e7o:<\/strong><\/p>\n<p>Apresenta\u00e7\u00e3o: 24 de novembro de 2024, \u00e0s 10h30<\/p>\n<p>Tempo de dura\u00e7\u00e3o do espet\u00e1culo: 1h30<\/p>\n<p>Classifica\u00e7\u00e3o et\u00e1ria: 7 anos<\/p>\n<p>Programa:<\/p>\n<p>Hekel Tavares &#8211; &#8220;Concerto para Violino e Orquestra n\u00b04 (em formas brasileiras), Opus 107&#8221; &#8211; Violino solo: Emmanuele Baldini<\/p>\n<p>Camargo Guarnieri &#8211; Sinfonia n\u00b02, \u201cUirapuru\u201d<\/p>\n<p>Ingressos: R$ 20,00; R$ 10,00 (meia entrada)<\/p>\n<p>Bilheteria do Teatro Gua\u00edra e Deu Balada<\/p>\n<p>(AEN)<\/p>\n<\/div>\n<\/div>\n<\/article>\n<\/div>\n","protected":false},"excerpt":{"rendered":"<p>Apresenta\u00e7\u00e3o no Teatro Gua\u00edra dia 24 de novembro ser\u00e1 sob reg\u00eancia de Cl\u00e1udio Cruz e<\/p>\n","protected":false},"author":4,"featured_media":45281,"comment_status":"open","ping_status":"open","sticky":false,"template":"","format":"standard","meta":{"footnotes":""},"categories":[3,4],"tags":[],"class_list":["post-45280","post","type-post","status-publish","format-standard","has-post-thumbnail","hentry","category-destaques","category-parana"],"yoast_head":"<!-- This site is optimized with the Yoast SEO plugin v27.5 - https:\/\/yoast.com\/product\/yoast-seo-wordpress\/ -->\n<title>Orquestra Sinf\u00f4nica apresenta compositores nacionais em &quot;Ra\u00edzes Brasileiras&quot; - Jornal<\/title>\n<meta name=\"description\" content=\"Orquestra Sinf\u00f4nica apresenta compositores nacionais em &quot;Ra\u00edzes Brasileiras&quot;\" \/>\n<meta name=\"robots\" content=\"index, follow, max-snippet:-1, max-image-preview:large, max-video-preview:-1\" \/>\n<link rel=\"canonical\" href=\"https:\/\/jornalboasnoticias.com.br\/home\/orquestra-sinfonica-apresenta-compositores-nacionais-em-raizes-brasileiras\/\" \/>\n<meta property=\"og:locale\" content=\"pt_BR\" \/>\n<meta property=\"og:type\" content=\"article\" \/>\n<meta property=\"og:title\" content=\"Orquestra Sinf\u00f4nica apresenta compositores nacionais em &quot;Ra\u00edzes Brasileiras&quot; - Jornal\" \/>\n<meta property=\"og:description\" content=\"Orquestra Sinf\u00f4nica apresenta compositores nacionais em &quot;Ra\u00edzes Brasileiras&quot;\" \/>\n<meta property=\"og:url\" content=\"https:\/\/jornalboasnoticias.com.br\/home\/orquestra-sinfonica-apresenta-compositores-nacionais-em-raizes-brasileiras\/\" \/>\n<meta property=\"og:site_name\" content=\"Jornal\" \/>\n<meta property=\"article:publisher\" content=\"https:\/\/www.facebook.com\/boasnoticiasjornal\" \/>\n<meta property=\"article:published_time\" content=\"2024-11-18T11:59:19+00:00\" \/>\n<meta property=\"og:image\" content=\"https:\/\/jornalboasnoticias.com.br\/home\/wp-content\/uploads\/2024\/11\/photo_claudio_cruz_crubens_cortez_20-scaled.jpg\" \/>\n\t<meta property=\"og:image:width\" content=\"2560\" \/>\n\t<meta property=\"og:image:height\" content=\"1707\" \/>\n\t<meta property=\"og:image:type\" content=\"image\/jpeg\" \/>\n<meta name=\"author\" content=\"Ana Luiza Bonatto\" \/>\n<meta name=\"twitter:card\" content=\"summary_large_image\" \/>\n<meta name=\"twitter:label1\" content=\"Escrito por\" \/>\n\t<meta name=\"twitter:data1\" content=\"Ana Luiza Bonatto\" \/>\n\t<meta name=\"twitter:label2\" content=\"Est. tempo de leitura\" \/>\n\t<meta name=\"twitter:data2\" content=\"2 minutos\" \/>\n<script type=\"application\/ld+json\" class=\"yoast-schema-graph\">{\"@context\":\"https:\\\/\\\/schema.org\",\"@graph\":[{\"@type\":\"Article\",\"@id\":\"https:\\\/\\\/jornalboasnoticias.com.br\\\/home\\\/orquestra-sinfonica-apresenta-compositores-nacionais-em-raizes-brasileiras\\\/#article\",\"isPartOf\":{\"@id\":\"https:\\\/\\\/jornalboasnoticias.com.br\\\/home\\\/orquestra-sinfonica-apresenta-compositores-nacionais-em-raizes-brasileiras\\\/\"},\"author\":{\"name\":\"Ana Luiza Bonatto\",\"@id\":\"https:\\\/\\\/jornalboasnoticias.com.br\\\/home\\\/#\\\/schema\\\/person\\\/d641193e0afc6405b390164dac847971\"},\"headline\":\"Orquestra Sinf\u00f4nica apresenta compositores nacionais em &#8220;Ra\u00edzes Brasileiras&#8221;\",\"datePublished\":\"2024-11-18T11:59:19+00:00\",\"mainEntityOfPage\":{\"@id\":\"https:\\\/\\\/jornalboasnoticias.com.br\\\/home\\\/orquestra-sinfonica-apresenta-compositores-nacionais-em-raizes-brasileiras\\\/\"},\"wordCount\":413,\"commentCount\":0,\"publisher\":{\"@id\":\"https:\\\/\\\/jornalboasnoticias.com.br\\\/home\\\/#organization\"},\"image\":{\"@id\":\"https:\\\/\\\/jornalboasnoticias.com.br\\\/home\\\/orquestra-sinfonica-apresenta-compositores-nacionais-em-raizes-brasileiras\\\/#primaryimage\"},\"thumbnailUrl\":\"https:\\\/\\\/jornalboasnoticias.com.br\\\/home\\\/wp-content\\\/uploads\\\/2024\\\/11\\\/photo_claudio_cruz_crubens_cortez_20-scaled.jpg\",\"articleSection\":[\"DESTAQUE\",\"PARAN\u00c1\"],\"inLanguage\":\"pt-BR\",\"potentialAction\":[{\"@type\":\"CommentAction\",\"name\":\"Comment\",\"target\":[\"https:\\\/\\\/jornalboasnoticias.com.br\\\/home\\\/orquestra-sinfonica-apresenta-compositores-nacionais-em-raizes-brasileiras\\\/#respond\"]}]},{\"@type\":\"WebPage\",\"@id\":\"https:\\\/\\\/jornalboasnoticias.com.br\\\/home\\\/orquestra-sinfonica-apresenta-compositores-nacionais-em-raizes-brasileiras\\\/\",\"url\":\"https:\\\/\\\/jornalboasnoticias.com.br\\\/home\\\/orquestra-sinfonica-apresenta-compositores-nacionais-em-raizes-brasileiras\\\/\",\"name\":\"Orquestra Sinf\u00f4nica apresenta compositores nacionais em \\\"Ra\u00edzes Brasileiras\\\" - Jornal\",\"isPartOf\":{\"@id\":\"https:\\\/\\\/jornalboasnoticias.com.br\\\/home\\\/#website\"},\"primaryImageOfPage\":{\"@id\":\"https:\\\/\\\/jornalboasnoticias.com.br\\\/home\\\/orquestra-sinfonica-apresenta-compositores-nacionais-em-raizes-brasileiras\\\/#primaryimage\"},\"image\":{\"@id\":\"https:\\\/\\\/jornalboasnoticias.com.br\\\/home\\\/orquestra-sinfonica-apresenta-compositores-nacionais-em-raizes-brasileiras\\\/#primaryimage\"},\"thumbnailUrl\":\"https:\\\/\\\/jornalboasnoticias.com.br\\\/home\\\/wp-content\\\/uploads\\\/2024\\\/11\\\/photo_claudio_cruz_crubens_cortez_20-scaled.jpg\",\"datePublished\":\"2024-11-18T11:59:19+00:00\",\"description\":\"Orquestra Sinf\u00f4nica apresenta compositores nacionais em \\\"Ra\u00edzes Brasileiras\\\"\",\"breadcrumb\":{\"@id\":\"https:\\\/\\\/jornalboasnoticias.com.br\\\/home\\\/orquestra-sinfonica-apresenta-compositores-nacionais-em-raizes-brasileiras\\\/#breadcrumb\"},\"inLanguage\":\"pt-BR\",\"potentialAction\":[{\"@type\":\"ReadAction\",\"target\":[\"https:\\\/\\\/jornalboasnoticias.com.br\\\/home\\\/orquestra-sinfonica-apresenta-compositores-nacionais-em-raizes-brasileiras\\\/\"]}]},{\"@type\":\"ImageObject\",\"inLanguage\":\"pt-BR\",\"@id\":\"https:\\\/\\\/jornalboasnoticias.com.br\\\/home\\\/orquestra-sinfonica-apresenta-compositores-nacionais-em-raizes-brasileiras\\\/#primaryimage\",\"url\":\"https:\\\/\\\/jornalboasnoticias.com.br\\\/home\\\/wp-content\\\/uploads\\\/2024\\\/11\\\/photo_claudio_cruz_crubens_cortez_20-scaled.jpg\",\"contentUrl\":\"https:\\\/\\\/jornalboasnoticias.com.br\\\/home\\\/wp-content\\\/uploads\\\/2024\\\/11\\\/photo_claudio_cruz_crubens_cortez_20-scaled.jpg\",\"width\":2560,\"height\":1707,\"caption\":\"Foto: Divulga\u00e7\u00e3o- Rubens Cortez\"},{\"@type\":\"BreadcrumbList\",\"@id\":\"https:\\\/\\\/jornalboasnoticias.com.br\\\/home\\\/orquestra-sinfonica-apresenta-compositores-nacionais-em-raizes-brasileiras\\\/#breadcrumb\",\"itemListElement\":[{\"@type\":\"ListItem\",\"position\":1,\"name\":\"In\u00edcio\",\"item\":\"https:\\\/\\\/jornalboasnoticias.com.br\\\/home\\\/\"},{\"@type\":\"ListItem\",\"position\":2,\"name\":\"Orquestra Sinf\u00f4nica apresenta compositores nacionais em &#8220;Ra\u00edzes Brasileiras&#8221;\"}]},{\"@type\":\"WebSite\",\"@id\":\"https:\\\/\\\/jornalboasnoticias.com.br\\\/home\\\/#website\",\"url\":\"https:\\\/\\\/jornalboasnoticias.com.br\\\/home\\\/\",\"name\":\"Jornal Boas Not\u00edcias\",\"description\":\"Boas not\u00edcias\",\"publisher\":{\"@id\":\"https:\\\/\\\/jornalboasnoticias.com.br\\\/home\\\/#organization\"},\"potentialAction\":[{\"@type\":\"SearchAction\",\"target\":{\"@type\":\"EntryPoint\",\"urlTemplate\":\"https:\\\/\\\/jornalboasnoticias.com.br\\\/home\\\/?s={search_term_string}\"},\"query-input\":{\"@type\":\"PropertyValueSpecification\",\"valueRequired\":true,\"valueName\":\"search_term_string\"}}],\"inLanguage\":\"pt-BR\"},{\"@type\":\"Organization\",\"@id\":\"https:\\\/\\\/jornalboasnoticias.com.br\\\/home\\\/#organization\",\"name\":\"Coq Editora Ltda\",\"alternateName\":\"Jornal Boas Noticias\",\"url\":\"https:\\\/\\\/jornalboasnoticias.com.br\\\/home\\\/\",\"logo\":{\"@type\":\"ImageObject\",\"inLanguage\":\"pt-BR\",\"@id\":\"https:\\\/\\\/jornalboasnoticias.com.br\\\/home\\\/#\\\/schema\\\/logo\\\/image\\\/\",\"url\":\"https:\\\/\\\/jornalboasnoticias.com.br\\\/home\\\/wp-content\\\/uploads\\\/2024\\\/07\\\/cropped-logo.jpg\",\"contentUrl\":\"https:\\\/\\\/jornalboasnoticias.com.br\\\/home\\\/wp-content\\\/uploads\\\/2024\\\/07\\\/cropped-logo.jpg\",\"width\":290,\"height\":142,\"caption\":\"Coq Editora Ltda\"},\"image\":{\"@id\":\"https:\\\/\\\/jornalboasnoticias.com.br\\\/home\\\/#\\\/schema\\\/logo\\\/image\\\/\"},\"sameAs\":[\"https:\\\/\\\/www.facebook.com\\\/boasnoticiasjornal\"]},{\"@type\":\"Person\",\"@id\":\"https:\\\/\\\/jornalboasnoticias.com.br\\\/home\\\/#\\\/schema\\\/person\\\/d641193e0afc6405b390164dac847971\",\"name\":\"Ana Luiza Bonatto\",\"image\":{\"@type\":\"ImageObject\",\"inLanguage\":\"pt-BR\",\"@id\":\"https:\\\/\\\/secure.gravatar.com\\\/avatar\\\/8a055ebe6373371f67ac6fcf313c0ac0b0a91157fdcdb9514fa62927373348f0?s=96&d=mm&r=g\",\"url\":\"https:\\\/\\\/secure.gravatar.com\\\/avatar\\\/8a055ebe6373371f67ac6fcf313c0ac0b0a91157fdcdb9514fa62927373348f0?s=96&d=mm&r=g\",\"contentUrl\":\"https:\\\/\\\/secure.gravatar.com\\\/avatar\\\/8a055ebe6373371f67ac6fcf313c0ac0b0a91157fdcdb9514fa62927373348f0?s=96&d=mm&r=g\",\"caption\":\"Ana Luiza Bonatto\"},\"url\":\"https:\\\/\\\/jornalboasnoticias.com.br\\\/home\\\/author\\\/ana-luiza\\\/\"}]}<\/script>\n<!-- \/ Yoast SEO plugin. -->","yoast_head_json":{"title":"Orquestra Sinf\u00f4nica apresenta compositores nacionais em \"Ra\u00edzes Brasileiras\" - Jornal","description":"Orquestra Sinf\u00f4nica apresenta compositores nacionais em \"Ra\u00edzes Brasileiras\"","robots":{"index":"index","follow":"follow","max-snippet":"max-snippet:-1","max-image-preview":"max-image-preview:large","max-video-preview":"max-video-preview:-1"},"canonical":"https:\/\/jornalboasnoticias.com.br\/home\/orquestra-sinfonica-apresenta-compositores-nacionais-em-raizes-brasileiras\/","og_locale":"pt_BR","og_type":"article","og_title":"Orquestra Sinf\u00f4nica apresenta compositores nacionais em \"Ra\u00edzes Brasileiras\" - Jornal","og_description":"Orquestra Sinf\u00f4nica apresenta compositores nacionais em \"Ra\u00edzes Brasileiras\"","og_url":"https:\/\/jornalboasnoticias.com.br\/home\/orquestra-sinfonica-apresenta-compositores-nacionais-em-raizes-brasileiras\/","og_site_name":"Jornal","article_publisher":"https:\/\/www.facebook.com\/boasnoticiasjornal","article_published_time":"2024-11-18T11:59:19+00:00","og_image":[{"width":2560,"height":1707,"url":"https:\/\/jornalboasnoticias.com.br\/home\/wp-content\/uploads\/2024\/11\/photo_claudio_cruz_crubens_cortez_20-scaled.jpg","type":"image\/jpeg"}],"author":"Ana Luiza Bonatto","twitter_card":"summary_large_image","twitter_misc":{"Escrito por":"Ana Luiza Bonatto","Est. tempo de leitura":"2 minutos"},"schema":{"@context":"https:\/\/schema.org","@graph":[{"@type":"Article","@id":"https:\/\/jornalboasnoticias.com.br\/home\/orquestra-sinfonica-apresenta-compositores-nacionais-em-raizes-brasileiras\/#article","isPartOf":{"@id":"https:\/\/jornalboasnoticias.com.br\/home\/orquestra-sinfonica-apresenta-compositores-nacionais-em-raizes-brasileiras\/"},"author":{"name":"Ana Luiza Bonatto","@id":"https:\/\/jornalboasnoticias.com.br\/home\/#\/schema\/person\/d641193e0afc6405b390164dac847971"},"headline":"Orquestra Sinf\u00f4nica apresenta compositores nacionais em &#8220;Ra\u00edzes Brasileiras&#8221;","datePublished":"2024-11-18T11:59:19+00:00","mainEntityOfPage":{"@id":"https:\/\/jornalboasnoticias.com.br\/home\/orquestra-sinfonica-apresenta-compositores-nacionais-em-raizes-brasileiras\/"},"wordCount":413,"commentCount":0,"publisher":{"@id":"https:\/\/jornalboasnoticias.com.br\/home\/#organization"},"image":{"@id":"https:\/\/jornalboasnoticias.com.br\/home\/orquestra-sinfonica-apresenta-compositores-nacionais-em-raizes-brasileiras\/#primaryimage"},"thumbnailUrl":"https:\/\/jornalboasnoticias.com.br\/home\/wp-content\/uploads\/2024\/11\/photo_claudio_cruz_crubens_cortez_20-scaled.jpg","articleSection":["DESTAQUE","PARAN\u00c1"],"inLanguage":"pt-BR","potentialAction":[{"@type":"CommentAction","name":"Comment","target":["https:\/\/jornalboasnoticias.com.br\/home\/orquestra-sinfonica-apresenta-compositores-nacionais-em-raizes-brasileiras\/#respond"]}]},{"@type":"WebPage","@id":"https:\/\/jornalboasnoticias.com.br\/home\/orquestra-sinfonica-apresenta-compositores-nacionais-em-raizes-brasileiras\/","url":"https:\/\/jornalboasnoticias.com.br\/home\/orquestra-sinfonica-apresenta-compositores-nacionais-em-raizes-brasileiras\/","name":"Orquestra Sinf\u00f4nica apresenta compositores nacionais em \"Ra\u00edzes Brasileiras\" - Jornal","isPartOf":{"@id":"https:\/\/jornalboasnoticias.com.br\/home\/#website"},"primaryImageOfPage":{"@id":"https:\/\/jornalboasnoticias.com.br\/home\/orquestra-sinfonica-apresenta-compositores-nacionais-em-raizes-brasileiras\/#primaryimage"},"image":{"@id":"https:\/\/jornalboasnoticias.com.br\/home\/orquestra-sinfonica-apresenta-compositores-nacionais-em-raizes-brasileiras\/#primaryimage"},"thumbnailUrl":"https:\/\/jornalboasnoticias.com.br\/home\/wp-content\/uploads\/2024\/11\/photo_claudio_cruz_crubens_cortez_20-scaled.jpg","datePublished":"2024-11-18T11:59:19+00:00","description":"Orquestra Sinf\u00f4nica apresenta compositores nacionais em \"Ra\u00edzes Brasileiras\"","breadcrumb":{"@id":"https:\/\/jornalboasnoticias.com.br\/home\/orquestra-sinfonica-apresenta-compositores-nacionais-em-raizes-brasileiras\/#breadcrumb"},"inLanguage":"pt-BR","potentialAction":[{"@type":"ReadAction","target":["https:\/\/jornalboasnoticias.com.br\/home\/orquestra-sinfonica-apresenta-compositores-nacionais-em-raizes-brasileiras\/"]}]},{"@type":"ImageObject","inLanguage":"pt-BR","@id":"https:\/\/jornalboasnoticias.com.br\/home\/orquestra-sinfonica-apresenta-compositores-nacionais-em-raizes-brasileiras\/#primaryimage","url":"https:\/\/jornalboasnoticias.com.br\/home\/wp-content\/uploads\/2024\/11\/photo_claudio_cruz_crubens_cortez_20-scaled.jpg","contentUrl":"https:\/\/jornalboasnoticias.com.br\/home\/wp-content\/uploads\/2024\/11\/photo_claudio_cruz_crubens_cortez_20-scaled.jpg","width":2560,"height":1707,"caption":"Foto: Divulga\u00e7\u00e3o- Rubens Cortez"},{"@type":"BreadcrumbList","@id":"https:\/\/jornalboasnoticias.com.br\/home\/orquestra-sinfonica-apresenta-compositores-nacionais-em-raizes-brasileiras\/#breadcrumb","itemListElement":[{"@type":"ListItem","position":1,"name":"In\u00edcio","item":"https:\/\/jornalboasnoticias.com.br\/home\/"},{"@type":"ListItem","position":2,"name":"Orquestra Sinf\u00f4nica apresenta compositores nacionais em &#8220;Ra\u00edzes Brasileiras&#8221;"}]},{"@type":"WebSite","@id":"https:\/\/jornalboasnoticias.com.br\/home\/#website","url":"https:\/\/jornalboasnoticias.com.br\/home\/","name":"Jornal Boas Not\u00edcias","description":"Boas not\u00edcias","publisher":{"@id":"https:\/\/jornalboasnoticias.com.br\/home\/#organization"},"potentialAction":[{"@type":"SearchAction","target":{"@type":"EntryPoint","urlTemplate":"https:\/\/jornalboasnoticias.com.br\/home\/?s={search_term_string}"},"query-input":{"@type":"PropertyValueSpecification","valueRequired":true,"valueName":"search_term_string"}}],"inLanguage":"pt-BR"},{"@type":"Organization","@id":"https:\/\/jornalboasnoticias.com.br\/home\/#organization","name":"Coq Editora Ltda","alternateName":"Jornal Boas Noticias","url":"https:\/\/jornalboasnoticias.com.br\/home\/","logo":{"@type":"ImageObject","inLanguage":"pt-BR","@id":"https:\/\/jornalboasnoticias.com.br\/home\/#\/schema\/logo\/image\/","url":"https:\/\/jornalboasnoticias.com.br\/home\/wp-content\/uploads\/2024\/07\/cropped-logo.jpg","contentUrl":"https:\/\/jornalboasnoticias.com.br\/home\/wp-content\/uploads\/2024\/07\/cropped-logo.jpg","width":290,"height":142,"caption":"Coq Editora Ltda"},"image":{"@id":"https:\/\/jornalboasnoticias.com.br\/home\/#\/schema\/logo\/image\/"},"sameAs":["https:\/\/www.facebook.com\/boasnoticiasjornal"]},{"@type":"Person","@id":"https:\/\/jornalboasnoticias.com.br\/home\/#\/schema\/person\/d641193e0afc6405b390164dac847971","name":"Ana Luiza Bonatto","image":{"@type":"ImageObject","inLanguage":"pt-BR","@id":"https:\/\/secure.gravatar.com\/avatar\/8a055ebe6373371f67ac6fcf313c0ac0b0a91157fdcdb9514fa62927373348f0?s=96&d=mm&r=g","url":"https:\/\/secure.gravatar.com\/avatar\/8a055ebe6373371f67ac6fcf313c0ac0b0a91157fdcdb9514fa62927373348f0?s=96&d=mm&r=g","contentUrl":"https:\/\/secure.gravatar.com\/avatar\/8a055ebe6373371f67ac6fcf313c0ac0b0a91157fdcdb9514fa62927373348f0?s=96&d=mm&r=g","caption":"Ana Luiza Bonatto"},"url":"https:\/\/jornalboasnoticias.com.br\/home\/author\/ana-luiza\/"}]}},"_links":{"self":[{"href":"https:\/\/jornalboasnoticias.com.br\/home\/wp-json\/wp\/v2\/posts\/45280","targetHints":{"allow":["GET"]}}],"collection":[{"href":"https:\/\/jornalboasnoticias.com.br\/home\/wp-json\/wp\/v2\/posts"}],"about":[{"href":"https:\/\/jornalboasnoticias.com.br\/home\/wp-json\/wp\/v2\/types\/post"}],"author":[{"embeddable":true,"href":"https:\/\/jornalboasnoticias.com.br\/home\/wp-json\/wp\/v2\/users\/4"}],"replies":[{"embeddable":true,"href":"https:\/\/jornalboasnoticias.com.br\/home\/wp-json\/wp\/v2\/comments?post=45280"}],"version-history":[{"count":2,"href":"https:\/\/jornalboasnoticias.com.br\/home\/wp-json\/wp\/v2\/posts\/45280\/revisions"}],"predecessor-version":[{"id":45283,"href":"https:\/\/jornalboasnoticias.com.br\/home\/wp-json\/wp\/v2\/posts\/45280\/revisions\/45283"}],"wp:featuredmedia":[{"embeddable":true,"href":"https:\/\/jornalboasnoticias.com.br\/home\/wp-json\/wp\/v2\/media\/45281"}],"wp:attachment":[{"href":"https:\/\/jornalboasnoticias.com.br\/home\/wp-json\/wp\/v2\/media?parent=45280"}],"wp:term":[{"taxonomy":"category","embeddable":true,"href":"https:\/\/jornalboasnoticias.com.br\/home\/wp-json\/wp\/v2\/categories?post=45280"},{"taxonomy":"post_tag","embeddable":true,"href":"https:\/\/jornalboasnoticias.com.br\/home\/wp-json\/wp\/v2\/tags?post=45280"}],"curies":[{"name":"wp","href":"https:\/\/api.w.org\/{rel}","templated":true}]}}