{"id":45277,"date":"2024-11-18T11:50:19","date_gmt":"2024-11-18T11:50:19","guid":{"rendered":"https:\/\/jornalboasnoticias.com.br\/home\/?p=45277"},"modified":"2024-11-18T11:50:19","modified_gmt":"2024-11-18T11:50:19","slug":"pf-investigara-incendio-na-casa-de-autor-de-atentado-em-brasilia","status":"publish","type":"post","link":"https:\/\/jornalboasnoticias.com.br\/home\/pf-investigara-incendio-na-casa-de-autor-de-atentado-em-brasilia\/","title":{"rendered":"PF investigar\u00e1 inc\u00eandio na casa de autor de atentado em Bras\u00edlia"},"content":{"rendered":"<div class=\"header-noticia full-width\">\n<div>\n<figure id=\"attachment_45278\" aria-describedby=\"caption-attachment-45278\" style=\"width: 1170px\" class=\"wp-caption alignnone\"><img loading=\"lazy\" decoding=\"async\" class=\"size-full wp-image-45278\" src=\"https:\/\/jornalboasnoticias.com.br\/home\/wp-content\/uploads\/2024\/11\/whatsapp_image_2024-11-17_at_12.35.26.webp\" alt=\"\" width=\"1170\" height=\"700\" srcset=\"https:\/\/jornalboasnoticias.com.br\/home\/wp-content\/uploads\/2024\/11\/whatsapp_image_2024-11-17_at_12.35.26.webp 1170w, https:\/\/jornalboasnoticias.com.br\/home\/wp-content\/uploads\/2024\/11\/whatsapp_image_2024-11-17_at_12.35.26-300x179.webp 300w, https:\/\/jornalboasnoticias.com.br\/home\/wp-content\/uploads\/2024\/11\/whatsapp_image_2024-11-17_at_12.35.26-1024x613.webp 1024w, https:\/\/jornalboasnoticias.com.br\/home\/wp-content\/uploads\/2024\/11\/whatsapp_image_2024-11-17_at_12.35.26-768x459.webp 768w\" sizes=\"auto, (max-width: 1170px) 100vw, 1170px\" \/><figcaption id=\"caption-attachment-45278\" class=\"wp-caption-text\">\u00a9 Corpo de Bombeiros de Santa Catarina\/Divulga\u00e7\u00e3o<\/figcaption><\/figure>\n<\/div>\n<\/div>\n<blockquote>\n<div class=\"header-noticia full-width\">\n<div class=\"linha-fina-noticia\">Mulher foi retirada da resid\u00eancia por populares com queimaduras<\/div>\n<\/div>\n<\/blockquote>\n<div>\n<p>A Pol\u00edcia Federal (PF) vai investigar o inc\u00eandio que aconteceu neste domingo (17), na casa de Francisco Wanderley Luiz, o homem que morreu na noite da \u00faltima quarta-feira (13), em Bras\u00edlia, ao detonar explosivos na Pra\u00e7a dos Tr\u00eas Poderes. \u00c0s 6h57, a equipe do Corpo de Bombeiros Militar de Santa Catarina foi acionada para o atendimento da ocorr\u00eancia em Rio do Sul (SC), onde residia Francisco.<img decoding=\"async\" src=\"https:\/\/agenciabrasil.ebc.com.br\/ebc.png?id=1620127&amp;o=node\" \/><img decoding=\"async\" src=\"https:\/\/agenciabrasil.ebc.com.br\/ebc.gif?id=1620127&amp;o=node\" \/><\/p>\n<p>O local foi isolado e os bombeiros realizaram per\u00edcia no local para apontar as causas do inc\u00eandio. O laudo dever\u00e1 ser divulgado em alguns dias, com prazo m\u00e1ximo de 30 dias.<\/p>\n<p>De acordo com a corpora\u00e7\u00e3o, uma mulher havia sido retirada da resid\u00eancia por populares e apresentava queimaduras de primeiro, segundo e terceiro graus em 100% do corpo. Ela foi atendida, estabilizada na ambul\u00e2ncia e conduzida ao pronto socorro do Hospital Regional Alto Vale pelos bombeiros.<\/p>\n<p>No local, os militares verificaram que o fogo j\u00e1 havia destru\u00eddo parcialmente a resid\u00eancia de 50 metros quadrados. A equipe, ent\u00e3o, controlou as chamas e fez o rescaldo, para apagar todos os focos remanescentes.<\/p>\n<h2>Atentado<\/h2>\n<p>Por volta das 19h30 de quarta-feira (13), o chaveiro Francisco Wanderley Luiz, de 59 anos, conhecido como Tiu Fran\u00e7a,\u00a0tentou entrar com explosivos na sede do Supremo Tribunal Federal (STF), mas foi abordado pelos seguran\u00e7as do local. V\u00eddeo das c\u00e2meras de seguran\u00e7a mostram o homem atirando os artefatos em dire\u00e7\u00e3o \u00e0 escultura A Justi\u00e7a, que fica em frente ao pr\u00e9dio da Corte e, em seguida, acendendo um explosivo no pr\u00f3prio corpo.<\/p>\n<p>Tamb\u00e9m foram encontrados artefatos explosivos na casa onde Francisco estava hospedado, h\u00e1 quatro meses, em Ceil\u00e2ndia, regi\u00e3o administrativa a cerca de 30 quil\u00f4metros do centro de Bras\u00edlia, e em um carro no estacionamento pr\u00f3ximo de um pr\u00e9dio anexo da C\u00e2mara dos Deputados.<\/p>\n<p>A\u00a0Pol\u00edcia Federal (PF) investiga as explos\u00f5es como ato terrorista\u00a0e apura se o chaveiro\u00a0agiu sozinho ou recebeu algum tipo de apoio.<\/p>\n<p>Francisco foi candidato a vereador pelo PL em Rio do Sul, cidade catarinense do Alto Vale do Itaja\u00ed, nas elei\u00e7\u00f5es de 2020.\u00a0Em entrevista \u00e0\u00a0<strong>TV Brasil<\/strong>, um de seus irm\u00e3os disse que ele estava obcecado por pol\u00edtica nos \u00faltimos anos, participou de acampamentos em rodovias contra a elei\u00e7\u00e3o do presidente Luiz In\u00e1cio Lula da Silva e estava com comportamento irreconhec\u00edvel.<\/p>\n<p>Para o ministro do STF Alexandre de Moraes, o\u00a0atentado teve como fonte de est\u00edmulo \u00e0 polariza\u00e7\u00e3o\u00a0pol\u00edtica instalada no pa\u00eds nos \u00faltimos anos e o &#8220;gabinete do \u00f3dio&#8221;, montado durante o governo do presidente Jair Bolsonaro. O presidente da Suprema Corte,\u00a0Lu\u00eds Roberto Barroso, tamb\u00e9m afirmou que as explos\u00f5es\u00a0ocorridas na frente da sede do tribunal revelam a necessidade de responsabiliza\u00e7\u00e3o de quem atenta contra a democracia.<\/p>\n<p>Moraes foi escolhido por Barroso para ser o relator do inqu\u00e9rito que vai apurar as explos\u00f5es. A escolha foi feita com base na regra de preven\u00e7\u00e3o, pois Moraes j\u00e1 atua no comando das investiga\u00e7\u00f5es sobre os atos golpistas de 8 de janeiro de 2023.<\/p>\n<p>(Ag\u00eancia Brasil)<\/p>\n<\/div>\n","protected":false},"excerpt":{"rendered":"<p>Mulher foi retirada da resid\u00eancia por populares com queimaduras A Pol\u00edcia Federal (PF) vai investigar<\/p>\n","protected":false},"author":4,"featured_media":45278,"comment_status":"open","ping_status":"open","sticky":false,"template":"","format":"standard","meta":{"footnotes":""},"categories":[26],"tags":[],"class_list":["post-45277","post","type-post","status-publish","format-standard","has-post-thumbnail","hentry","category-geral"],"yoast_head":"<!-- This site is optimized with the Yoast SEO plugin v27.5 - https:\/\/yoast.com\/product\/yoast-seo-wordpress\/ -->\n<title>PF investigar\u00e1 inc\u00eandio na casa de autor de atentado em Bras\u00edlia - Jornal<\/title>\n<meta name=\"description\" content=\"PF investigar\u00e1 inc\u00eandio na casa de autor de atentado em Bras\u00edlia\" \/>\n<meta name=\"robots\" content=\"index, follow, max-snippet:-1, max-image-preview:large, max-video-preview:-1\" \/>\n<link rel=\"canonical\" href=\"https:\/\/jornalboasnoticias.com.br\/home\/pf-investigara-incendio-na-casa-de-autor-de-atentado-em-brasilia\/\" \/>\n<meta property=\"og:locale\" content=\"pt_BR\" \/>\n<meta property=\"og:type\" content=\"article\" \/>\n<meta property=\"og:title\" content=\"PF investigar\u00e1 inc\u00eandio na casa de autor de atentado em Bras\u00edlia - Jornal\" \/>\n<meta property=\"og:description\" content=\"PF investigar\u00e1 inc\u00eandio na casa de autor de atentado em Bras\u00edlia\" \/>\n<meta property=\"og:url\" content=\"https:\/\/jornalboasnoticias.com.br\/home\/pf-investigara-incendio-na-casa-de-autor-de-atentado-em-brasilia\/\" \/>\n<meta property=\"og:site_name\" content=\"Jornal\" \/>\n<meta property=\"article:publisher\" content=\"https:\/\/www.facebook.com\/boasnoticiasjornal\" \/>\n<meta property=\"article:published_time\" content=\"2024-11-18T11:50:19+00:00\" \/>\n<meta property=\"og:image\" content=\"https:\/\/jornalboasnoticias.com.br\/home\/wp-content\/uploads\/2024\/11\/whatsapp_image_2024-11-17_at_12.35.26.webp\" \/>\n\t<meta property=\"og:image:width\" content=\"1170\" \/>\n\t<meta property=\"og:image:height\" content=\"700\" \/>\n\t<meta property=\"og:image:type\" content=\"image\/webp\" \/>\n<meta name=\"author\" content=\"Ana Luiza Bonatto\" \/>\n<meta name=\"twitter:card\" content=\"summary_large_image\" \/>\n<meta name=\"twitter:label1\" content=\"Escrito por\" \/>\n\t<meta name=\"twitter:data1\" content=\"Ana Luiza Bonatto\" \/>\n\t<meta name=\"twitter:label2\" content=\"Est. tempo de leitura\" \/>\n\t<meta name=\"twitter:data2\" content=\"4 minutos\" \/>\n<script type=\"application\/ld+json\" class=\"yoast-schema-graph\">{\"@context\":\"https:\\\/\\\/schema.org\",\"@graph\":[{\"@type\":\"Article\",\"@id\":\"https:\\\/\\\/jornalboasnoticias.com.br\\\/home\\\/pf-investigara-incendio-na-casa-de-autor-de-atentado-em-brasilia\\\/#article\",\"isPartOf\":{\"@id\":\"https:\\\/\\\/jornalboasnoticias.com.br\\\/home\\\/pf-investigara-incendio-na-casa-de-autor-de-atentado-em-brasilia\\\/\"},\"author\":{\"name\":\"Ana Luiza Bonatto\",\"@id\":\"https:\\\/\\\/jornalboasnoticias.com.br\\\/home\\\/#\\\/schema\\\/person\\\/d641193e0afc6405b390164dac847971\"},\"headline\":\"PF investigar\u00e1 inc\u00eandio na casa de autor de atentado em Bras\u00edlia\",\"datePublished\":\"2024-11-18T11:50:19+00:00\",\"mainEntityOfPage\":{\"@id\":\"https:\\\/\\\/jornalboasnoticias.com.br\\\/home\\\/pf-investigara-incendio-na-casa-de-autor-de-atentado-em-brasilia\\\/\"},\"wordCount\":565,\"commentCount\":0,\"publisher\":{\"@id\":\"https:\\\/\\\/jornalboasnoticias.com.br\\\/home\\\/#organization\"},\"image\":{\"@id\":\"https:\\\/\\\/jornalboasnoticias.com.br\\\/home\\\/pf-investigara-incendio-na-casa-de-autor-de-atentado-em-brasilia\\\/#primaryimage\"},\"thumbnailUrl\":\"https:\\\/\\\/jornalboasnoticias.com.br\\\/home\\\/wp-content\\\/uploads\\\/2024\\\/11\\\/whatsapp_image_2024-11-17_at_12.35.26.webp\",\"articleSection\":[\"Geral\"],\"inLanguage\":\"pt-BR\",\"potentialAction\":[{\"@type\":\"CommentAction\",\"name\":\"Comment\",\"target\":[\"https:\\\/\\\/jornalboasnoticias.com.br\\\/home\\\/pf-investigara-incendio-na-casa-de-autor-de-atentado-em-brasilia\\\/#respond\"]}]},{\"@type\":\"WebPage\",\"@id\":\"https:\\\/\\\/jornalboasnoticias.com.br\\\/home\\\/pf-investigara-incendio-na-casa-de-autor-de-atentado-em-brasilia\\\/\",\"url\":\"https:\\\/\\\/jornalboasnoticias.com.br\\\/home\\\/pf-investigara-incendio-na-casa-de-autor-de-atentado-em-brasilia\\\/\",\"name\":\"PF investigar\u00e1 inc\u00eandio na casa de autor de atentado em Bras\u00edlia - Jornal\",\"isPartOf\":{\"@id\":\"https:\\\/\\\/jornalboasnoticias.com.br\\\/home\\\/#website\"},\"primaryImageOfPage\":{\"@id\":\"https:\\\/\\\/jornalboasnoticias.com.br\\\/home\\\/pf-investigara-incendio-na-casa-de-autor-de-atentado-em-brasilia\\\/#primaryimage\"},\"image\":{\"@id\":\"https:\\\/\\\/jornalboasnoticias.com.br\\\/home\\\/pf-investigara-incendio-na-casa-de-autor-de-atentado-em-brasilia\\\/#primaryimage\"},\"thumbnailUrl\":\"https:\\\/\\\/jornalboasnoticias.com.br\\\/home\\\/wp-content\\\/uploads\\\/2024\\\/11\\\/whatsapp_image_2024-11-17_at_12.35.26.webp\",\"datePublished\":\"2024-11-18T11:50:19+00:00\",\"description\":\"PF investigar\u00e1 inc\u00eandio na casa de autor de atentado em Bras\u00edlia\",\"breadcrumb\":{\"@id\":\"https:\\\/\\\/jornalboasnoticias.com.br\\\/home\\\/pf-investigara-incendio-na-casa-de-autor-de-atentado-em-brasilia\\\/#breadcrumb\"},\"inLanguage\":\"pt-BR\",\"potentialAction\":[{\"@type\":\"ReadAction\",\"target\":[\"https:\\\/\\\/jornalboasnoticias.com.br\\\/home\\\/pf-investigara-incendio-na-casa-de-autor-de-atentado-em-brasilia\\\/\"]}]},{\"@type\":\"ImageObject\",\"inLanguage\":\"pt-BR\",\"@id\":\"https:\\\/\\\/jornalboasnoticias.com.br\\\/home\\\/pf-investigara-incendio-na-casa-de-autor-de-atentado-em-brasilia\\\/#primaryimage\",\"url\":\"https:\\\/\\\/jornalboasnoticias.com.br\\\/home\\\/wp-content\\\/uploads\\\/2024\\\/11\\\/whatsapp_image_2024-11-17_at_12.35.26.webp\",\"contentUrl\":\"https:\\\/\\\/jornalboasnoticias.com.br\\\/home\\\/wp-content\\\/uploads\\\/2024\\\/11\\\/whatsapp_image_2024-11-17_at_12.35.26.webp\",\"width\":1170,\"height\":700,\"caption\":\"\u00a9 Corpo de Bombeiros de Santa Catarina\\\/Divulga\u00e7\u00e3o\"},{\"@type\":\"BreadcrumbList\",\"@id\":\"https:\\\/\\\/jornalboasnoticias.com.br\\\/home\\\/pf-investigara-incendio-na-casa-de-autor-de-atentado-em-brasilia\\\/#breadcrumb\",\"itemListElement\":[{\"@type\":\"ListItem\",\"position\":1,\"name\":\"In\u00edcio\",\"item\":\"https:\\\/\\\/jornalboasnoticias.com.br\\\/home\\\/\"},{\"@type\":\"ListItem\",\"position\":2,\"name\":\"PF investigar\u00e1 inc\u00eandio na casa de autor de atentado em Bras\u00edlia\"}]},{\"@type\":\"WebSite\",\"@id\":\"https:\\\/\\\/jornalboasnoticias.com.br\\\/home\\\/#website\",\"url\":\"https:\\\/\\\/jornalboasnoticias.com.br\\\/home\\\/\",\"name\":\"Jornal Boas Not\u00edcias\",\"description\":\"Boas not\u00edcias\",\"publisher\":{\"@id\":\"https:\\\/\\\/jornalboasnoticias.com.br\\\/home\\\/#organization\"},\"potentialAction\":[{\"@type\":\"SearchAction\",\"target\":{\"@type\":\"EntryPoint\",\"urlTemplate\":\"https:\\\/\\\/jornalboasnoticias.com.br\\\/home\\\/?s={search_term_string}\"},\"query-input\":{\"@type\":\"PropertyValueSpecification\",\"valueRequired\":true,\"valueName\":\"search_term_string\"}}],\"inLanguage\":\"pt-BR\"},{\"@type\":\"Organization\",\"@id\":\"https:\\\/\\\/jornalboasnoticias.com.br\\\/home\\\/#organization\",\"name\":\"Coq Editora Ltda\",\"alternateName\":\"Jornal Boas Noticias\",\"url\":\"https:\\\/\\\/jornalboasnoticias.com.br\\\/home\\\/\",\"logo\":{\"@type\":\"ImageObject\",\"inLanguage\":\"pt-BR\",\"@id\":\"https:\\\/\\\/jornalboasnoticias.com.br\\\/home\\\/#\\\/schema\\\/logo\\\/image\\\/\",\"url\":\"https:\\\/\\\/jornalboasnoticias.com.br\\\/home\\\/wp-content\\\/uploads\\\/2024\\\/07\\\/cropped-logo.jpg\",\"contentUrl\":\"https:\\\/\\\/jornalboasnoticias.com.br\\\/home\\\/wp-content\\\/uploads\\\/2024\\\/07\\\/cropped-logo.jpg\",\"width\":290,\"height\":142,\"caption\":\"Coq Editora Ltda\"},\"image\":{\"@id\":\"https:\\\/\\\/jornalboasnoticias.com.br\\\/home\\\/#\\\/schema\\\/logo\\\/image\\\/\"},\"sameAs\":[\"https:\\\/\\\/www.facebook.com\\\/boasnoticiasjornal\"]},{\"@type\":\"Person\",\"@id\":\"https:\\\/\\\/jornalboasnoticias.com.br\\\/home\\\/#\\\/schema\\\/person\\\/d641193e0afc6405b390164dac847971\",\"name\":\"Ana Luiza Bonatto\",\"image\":{\"@type\":\"ImageObject\",\"inLanguage\":\"pt-BR\",\"@id\":\"https:\\\/\\\/secure.gravatar.com\\\/avatar\\\/8a055ebe6373371f67ac6fcf313c0ac0b0a91157fdcdb9514fa62927373348f0?s=96&d=mm&r=g\",\"url\":\"https:\\\/\\\/secure.gravatar.com\\\/avatar\\\/8a055ebe6373371f67ac6fcf313c0ac0b0a91157fdcdb9514fa62927373348f0?s=96&d=mm&r=g\",\"contentUrl\":\"https:\\\/\\\/secure.gravatar.com\\\/avatar\\\/8a055ebe6373371f67ac6fcf313c0ac0b0a91157fdcdb9514fa62927373348f0?s=96&d=mm&r=g\",\"caption\":\"Ana Luiza Bonatto\"},\"url\":\"https:\\\/\\\/jornalboasnoticias.com.br\\\/home\\\/author\\\/ana-luiza\\\/\"}]}<\/script>\n<!-- \/ Yoast SEO plugin. -->","yoast_head_json":{"title":"PF investigar\u00e1 inc\u00eandio na casa de autor de atentado em Bras\u00edlia - Jornal","description":"PF investigar\u00e1 inc\u00eandio na casa de autor de atentado em Bras\u00edlia","robots":{"index":"index","follow":"follow","max-snippet":"max-snippet:-1","max-image-preview":"max-image-preview:large","max-video-preview":"max-video-preview:-1"},"canonical":"https:\/\/jornalboasnoticias.com.br\/home\/pf-investigara-incendio-na-casa-de-autor-de-atentado-em-brasilia\/","og_locale":"pt_BR","og_type":"article","og_title":"PF investigar\u00e1 inc\u00eandio na casa de autor de atentado em Bras\u00edlia - Jornal","og_description":"PF investigar\u00e1 inc\u00eandio na casa de autor de atentado em Bras\u00edlia","og_url":"https:\/\/jornalboasnoticias.com.br\/home\/pf-investigara-incendio-na-casa-de-autor-de-atentado-em-brasilia\/","og_site_name":"Jornal","article_publisher":"https:\/\/www.facebook.com\/boasnoticiasjornal","article_published_time":"2024-11-18T11:50:19+00:00","og_image":[{"width":1170,"height":700,"url":"https:\/\/jornalboasnoticias.com.br\/home\/wp-content\/uploads\/2024\/11\/whatsapp_image_2024-11-17_at_12.35.26.webp","type":"image\/webp"}],"author":"Ana Luiza Bonatto","twitter_card":"summary_large_image","twitter_misc":{"Escrito por":"Ana Luiza Bonatto","Est. tempo de leitura":"4 minutos"},"schema":{"@context":"https:\/\/schema.org","@graph":[{"@type":"Article","@id":"https:\/\/jornalboasnoticias.com.br\/home\/pf-investigara-incendio-na-casa-de-autor-de-atentado-em-brasilia\/#article","isPartOf":{"@id":"https:\/\/jornalboasnoticias.com.br\/home\/pf-investigara-incendio-na-casa-de-autor-de-atentado-em-brasilia\/"},"author":{"name":"Ana Luiza Bonatto","@id":"https:\/\/jornalboasnoticias.com.br\/home\/#\/schema\/person\/d641193e0afc6405b390164dac847971"},"headline":"PF investigar\u00e1 inc\u00eandio na casa de autor de atentado em Bras\u00edlia","datePublished":"2024-11-18T11:50:19+00:00","mainEntityOfPage":{"@id":"https:\/\/jornalboasnoticias.com.br\/home\/pf-investigara-incendio-na-casa-de-autor-de-atentado-em-brasilia\/"},"wordCount":565,"commentCount":0,"publisher":{"@id":"https:\/\/jornalboasnoticias.com.br\/home\/#organization"},"image":{"@id":"https:\/\/jornalboasnoticias.com.br\/home\/pf-investigara-incendio-na-casa-de-autor-de-atentado-em-brasilia\/#primaryimage"},"thumbnailUrl":"https:\/\/jornalboasnoticias.com.br\/home\/wp-content\/uploads\/2024\/11\/whatsapp_image_2024-11-17_at_12.35.26.webp","articleSection":["Geral"],"inLanguage":"pt-BR","potentialAction":[{"@type":"CommentAction","name":"Comment","target":["https:\/\/jornalboasnoticias.com.br\/home\/pf-investigara-incendio-na-casa-de-autor-de-atentado-em-brasilia\/#respond"]}]},{"@type":"WebPage","@id":"https:\/\/jornalboasnoticias.com.br\/home\/pf-investigara-incendio-na-casa-de-autor-de-atentado-em-brasilia\/","url":"https:\/\/jornalboasnoticias.com.br\/home\/pf-investigara-incendio-na-casa-de-autor-de-atentado-em-brasilia\/","name":"PF investigar\u00e1 inc\u00eandio na casa de autor de atentado em Bras\u00edlia - Jornal","isPartOf":{"@id":"https:\/\/jornalboasnoticias.com.br\/home\/#website"},"primaryImageOfPage":{"@id":"https:\/\/jornalboasnoticias.com.br\/home\/pf-investigara-incendio-na-casa-de-autor-de-atentado-em-brasilia\/#primaryimage"},"image":{"@id":"https:\/\/jornalboasnoticias.com.br\/home\/pf-investigara-incendio-na-casa-de-autor-de-atentado-em-brasilia\/#primaryimage"},"thumbnailUrl":"https:\/\/jornalboasnoticias.com.br\/home\/wp-content\/uploads\/2024\/11\/whatsapp_image_2024-11-17_at_12.35.26.webp","datePublished":"2024-11-18T11:50:19+00:00","description":"PF investigar\u00e1 inc\u00eandio na casa de autor de atentado em Bras\u00edlia","breadcrumb":{"@id":"https:\/\/jornalboasnoticias.com.br\/home\/pf-investigara-incendio-na-casa-de-autor-de-atentado-em-brasilia\/#breadcrumb"},"inLanguage":"pt-BR","potentialAction":[{"@type":"ReadAction","target":["https:\/\/jornalboasnoticias.com.br\/home\/pf-investigara-incendio-na-casa-de-autor-de-atentado-em-brasilia\/"]}]},{"@type":"ImageObject","inLanguage":"pt-BR","@id":"https:\/\/jornalboasnoticias.com.br\/home\/pf-investigara-incendio-na-casa-de-autor-de-atentado-em-brasilia\/#primaryimage","url":"https:\/\/jornalboasnoticias.com.br\/home\/wp-content\/uploads\/2024\/11\/whatsapp_image_2024-11-17_at_12.35.26.webp","contentUrl":"https:\/\/jornalboasnoticias.com.br\/home\/wp-content\/uploads\/2024\/11\/whatsapp_image_2024-11-17_at_12.35.26.webp","width":1170,"height":700,"caption":"\u00a9 Corpo de Bombeiros de Santa Catarina\/Divulga\u00e7\u00e3o"},{"@type":"BreadcrumbList","@id":"https:\/\/jornalboasnoticias.com.br\/home\/pf-investigara-incendio-na-casa-de-autor-de-atentado-em-brasilia\/#breadcrumb","itemListElement":[{"@type":"ListItem","position":1,"name":"In\u00edcio","item":"https:\/\/jornalboasnoticias.com.br\/home\/"},{"@type":"ListItem","position":2,"name":"PF investigar\u00e1 inc\u00eandio na casa de autor de atentado em Bras\u00edlia"}]},{"@type":"WebSite","@id":"https:\/\/jornalboasnoticias.com.br\/home\/#website","url":"https:\/\/jornalboasnoticias.com.br\/home\/","name":"Jornal Boas Not\u00edcias","description":"Boas not\u00edcias","publisher":{"@id":"https:\/\/jornalboasnoticias.com.br\/home\/#organization"},"potentialAction":[{"@type":"SearchAction","target":{"@type":"EntryPoint","urlTemplate":"https:\/\/jornalboasnoticias.com.br\/home\/?s={search_term_string}"},"query-input":{"@type":"PropertyValueSpecification","valueRequired":true,"valueName":"search_term_string"}}],"inLanguage":"pt-BR"},{"@type":"Organization","@id":"https:\/\/jornalboasnoticias.com.br\/home\/#organization","name":"Coq Editora Ltda","alternateName":"Jornal Boas Noticias","url":"https:\/\/jornalboasnoticias.com.br\/home\/","logo":{"@type":"ImageObject","inLanguage":"pt-BR","@id":"https:\/\/jornalboasnoticias.com.br\/home\/#\/schema\/logo\/image\/","url":"https:\/\/jornalboasnoticias.com.br\/home\/wp-content\/uploads\/2024\/07\/cropped-logo.jpg","contentUrl":"https:\/\/jornalboasnoticias.com.br\/home\/wp-content\/uploads\/2024\/07\/cropped-logo.jpg","width":290,"height":142,"caption":"Coq Editora Ltda"},"image":{"@id":"https:\/\/jornalboasnoticias.com.br\/home\/#\/schema\/logo\/image\/"},"sameAs":["https:\/\/www.facebook.com\/boasnoticiasjornal"]},{"@type":"Person","@id":"https:\/\/jornalboasnoticias.com.br\/home\/#\/schema\/person\/d641193e0afc6405b390164dac847971","name":"Ana Luiza Bonatto","image":{"@type":"ImageObject","inLanguage":"pt-BR","@id":"https:\/\/secure.gravatar.com\/avatar\/8a055ebe6373371f67ac6fcf313c0ac0b0a91157fdcdb9514fa62927373348f0?s=96&d=mm&r=g","url":"https:\/\/secure.gravatar.com\/avatar\/8a055ebe6373371f67ac6fcf313c0ac0b0a91157fdcdb9514fa62927373348f0?s=96&d=mm&r=g","contentUrl":"https:\/\/secure.gravatar.com\/avatar\/8a055ebe6373371f67ac6fcf313c0ac0b0a91157fdcdb9514fa62927373348f0?s=96&d=mm&r=g","caption":"Ana Luiza Bonatto"},"url":"https:\/\/jornalboasnoticias.com.br\/home\/author\/ana-luiza\/"}]}},"_links":{"self":[{"href":"https:\/\/jornalboasnoticias.com.br\/home\/wp-json\/wp\/v2\/posts\/45277","targetHints":{"allow":["GET"]}}],"collection":[{"href":"https:\/\/jornalboasnoticias.com.br\/home\/wp-json\/wp\/v2\/posts"}],"about":[{"href":"https:\/\/jornalboasnoticias.com.br\/home\/wp-json\/wp\/v2\/types\/post"}],"author":[{"embeddable":true,"href":"https:\/\/jornalboasnoticias.com.br\/home\/wp-json\/wp\/v2\/users\/4"}],"replies":[{"embeddable":true,"href":"https:\/\/jornalboasnoticias.com.br\/home\/wp-json\/wp\/v2\/comments?post=45277"}],"version-history":[{"count":1,"href":"https:\/\/jornalboasnoticias.com.br\/home\/wp-json\/wp\/v2\/posts\/45277\/revisions"}],"predecessor-version":[{"id":45279,"href":"https:\/\/jornalboasnoticias.com.br\/home\/wp-json\/wp\/v2\/posts\/45277\/revisions\/45279"}],"wp:featuredmedia":[{"embeddable":true,"href":"https:\/\/jornalboasnoticias.com.br\/home\/wp-json\/wp\/v2\/media\/45278"}],"wp:attachment":[{"href":"https:\/\/jornalboasnoticias.com.br\/home\/wp-json\/wp\/v2\/media?parent=45277"}],"wp:term":[{"taxonomy":"category","embeddable":true,"href":"https:\/\/jornalboasnoticias.com.br\/home\/wp-json\/wp\/v2\/categories?post=45277"},{"taxonomy":"post_tag","embeddable":true,"href":"https:\/\/jornalboasnoticias.com.br\/home\/wp-json\/wp\/v2\/tags?post=45277"}],"curies":[{"name":"wp","href":"https:\/\/api.w.org\/{rel}","templated":true}]}}