{"id":45260,"date":"2024-11-12T16:59:39","date_gmt":"2024-11-12T16:59:39","guid":{"rendered":"https:\/\/jornalboasnoticias.com.br\/home\/?p=45260"},"modified":"2024-11-12T16:59:39","modified_gmt":"2024-11-12T16:59:39","slug":"irlanda-realiza-1a-marcha-para-jesus-com-milhares-de-pessoas","status":"publish","type":"post","link":"https:\/\/jornalboasnoticias.com.br\/home\/irlanda-realiza-1a-marcha-para-jesus-com-milhares-de-pessoas\/","title":{"rendered":"Irlanda realiza 1\u00aa Marcha para Jesus com milhares de pessoas"},"content":{"rendered":"<figure id=\"attachment_45261\" aria-describedby=\"caption-attachment-45261\" style=\"width: 1269px\" class=\"wp-caption alignnone\"><img loading=\"lazy\" decoding=\"async\" class=\"size-full wp-image-45261\" src=\"https:\/\/jornalboasnoticias.com.br\/home\/wp-content\/uploads\/2024\/11\/primeira-edicao-da-marcha-para-jeus-na-irlanda.jpg\" alt=\"\" width=\"1269\" height=\"742\" srcset=\"https:\/\/jornalboasnoticias.com.br\/home\/wp-content\/uploads\/2024\/11\/primeira-edicao-da-marcha-para-jeus-na-irlanda.jpg 1269w, https:\/\/jornalboasnoticias.com.br\/home\/wp-content\/uploads\/2024\/11\/primeira-edicao-da-marcha-para-jeus-na-irlanda-300x175.jpg 300w, https:\/\/jornalboasnoticias.com.br\/home\/wp-content\/uploads\/2024\/11\/primeira-edicao-da-marcha-para-jeus-na-irlanda-1024x599.jpg 1024w, https:\/\/jornalboasnoticias.com.br\/home\/wp-content\/uploads\/2024\/11\/primeira-edicao-da-marcha-para-jeus-na-irlanda-768x449.jpg 768w\" sizes=\"auto, (max-width: 1269px) 100vw, 1269px\" \/><figcaption id=\"caption-attachment-45261\" class=\"wp-caption-text\">Foto: Reprodu\u00e7\u00e3o\/YouTube<\/figcaption><\/figure>\n<blockquote><p>Cerca de 12.000 crist\u00e3os cruzaram as ruas da capital irlandesa erguendo cruzes e cartazes com frases como \u201cJesus \u00e9 o Caminho\u201d e \u201cJesus ama a Irlanda\u201d.<\/p><\/blockquote>\n<p>No \u00faltimo dia 26 de outubro, Dublin foi palco de um evento crist\u00e3o hist\u00f3rico: a primeira edi\u00e7\u00e3o da \u201cMarcha para Jesus\u201d na Irlanda, reunindo aproximadamente 12.000 crist\u00e3os em uma jornada de f\u00e9 e louvor. Organizado pelas igrejas All Nations e Betania, o evento tamb\u00e9m teve a ades\u00e3o de outras congrega\u00e7\u00f5es da Irlanda e Irlanda do Norte.<\/p>\n<p>De acordo com Christian Daily, a concentra\u00e7\u00e3o come\u00e7ou no Jardim da Mem\u00f3ria, de onde a multid\u00e3o marchou declarando sua f\u00e9 e expressando mensagens de amor e transforma\u00e7\u00e3o para o pa\u00eds. Cruzando as ruas da capital irlandesa, os participantes erguiam cruzes e cartazes com frases como \u201cJesus \u00e9 o Caminho\u201d e \u201cJesus ama a Irlanda\u201d.<\/p>\n<p>Em uma plataforma elevada ao longo da rota, uma equipe de adora\u00e7\u00e3o conduziu os presentes em hinos como \u201cQu\u00e3o Grande \u00c9s Tu\u201d. Andy Campbell, l\u00edder da organiza\u00e7\u00e3o Healing the Land, incentivou o fervor da multid\u00e3o: \u201cQue Jesus seja Rei sobre a Irlanda. Deus, agradecemos por ainda seres Rei sobre esta na\u00e7\u00e3o\u201d.<\/p>\n<p>O pastor John Ahern, da All Nations Church, leu\u00a0Jeremias 1:10, refletindo sobre o chamado divino para edificar e plantar novos valores na sociedade irlandesa. Ele destacou o papel dos crist\u00e3os como defensores da vida e da fam\u00edlia, declarando: \u201cDeus n\u00e3o aben\u00e7oar\u00e1 o derramamento de sangue inocente, a eutan\u00e1sia, a sexualiza\u00e7\u00e3o das crian\u00e7as e o apagamento das mulheres\u201d. Para Ahern, o evento foi um clamor para que a na\u00e7\u00e3o se reconcilie com os valores do Evangelho.<\/p>\n<p>Nick Park, da Evangelical Alliance Ireland, tamb\u00e9m proferiu ora\u00e7\u00f5es, pedindo que o pr\u00f3ximo governo irland\u00eas esteja alinhado com os princ\u00edpios b\u00edblicos, desejando que \u201ca escurid\u00e3o seja substitu\u00edda pela verdade e piedade\u201d. A ora\u00e7\u00e3o final de Ahern foi um apelo por um retorno \u00e0 f\u00e9 em Jesus Cristo, para que a Irlanda fosse uma vez mais guiada pela luz divina.<\/p>\n<p><em><strong>Gospel Prime<\/strong><\/em><\/p>\n","protected":false},"excerpt":{"rendered":"<p>Cerca de 12.000 crist\u00e3os cruzaram as ruas da capital irlandesa erguendo cruzes e cartazes com<\/p>\n","protected":false},"author":4,"featured_media":45261,"comment_status":"open","ping_status":"open","sticky":false,"template":"","format":"standard","meta":{"footnotes":""},"categories":[3,9],"tags":[],"class_list":["post-45260","post","type-post","status-publish","format-standard","has-post-thumbnail","hentry","category-destaques","category-internacional"],"yoast_head":"<!-- This site is optimized with the Yoast SEO plugin v27.5 - https:\/\/yoast.com\/product\/yoast-seo-wordpress\/ -->\n<title>Irlanda realiza 1\u00aa Marcha para Jesus com milhares de pessoas - Jornal<\/title>\n<meta name=\"description\" content=\"Irlanda realiza 1\u00aa Marcha para Jesus com milhares de pessoas\" \/>\n<meta name=\"robots\" content=\"index, follow, max-snippet:-1, max-image-preview:large, max-video-preview:-1\" \/>\n<link rel=\"canonical\" href=\"https:\/\/jornalboasnoticias.com.br\/home\/irlanda-realiza-1a-marcha-para-jesus-com-milhares-de-pessoas\/\" \/>\n<meta property=\"og:locale\" content=\"pt_BR\" \/>\n<meta property=\"og:type\" content=\"article\" \/>\n<meta property=\"og:title\" content=\"Irlanda realiza 1\u00aa Marcha para Jesus com milhares de pessoas - Jornal\" \/>\n<meta property=\"og:description\" content=\"Irlanda realiza 1\u00aa Marcha para Jesus com milhares de pessoas\" \/>\n<meta property=\"og:url\" content=\"https:\/\/jornalboasnoticias.com.br\/home\/irlanda-realiza-1a-marcha-para-jesus-com-milhares-de-pessoas\/\" \/>\n<meta property=\"og:site_name\" content=\"Jornal\" \/>\n<meta property=\"article:publisher\" content=\"https:\/\/www.facebook.com\/boasnoticiasjornal\" \/>\n<meta property=\"article:published_time\" content=\"2024-11-12T16:59:39+00:00\" \/>\n<meta property=\"og:image\" content=\"https:\/\/jornalboasnoticias.com.br\/home\/wp-content\/uploads\/2024\/11\/primeira-edicao-da-marcha-para-jeus-na-irlanda.jpg\" \/>\n\t<meta property=\"og:image:width\" content=\"1269\" \/>\n\t<meta property=\"og:image:height\" content=\"742\" \/>\n\t<meta property=\"og:image:type\" content=\"image\/jpeg\" \/>\n<meta name=\"author\" content=\"Ana Luiza Bonatto\" \/>\n<meta name=\"twitter:card\" content=\"summary_large_image\" \/>\n<meta name=\"twitter:label1\" content=\"Escrito por\" \/>\n\t<meta name=\"twitter:data1\" content=\"Ana Luiza Bonatto\" \/>\n\t<meta name=\"twitter:label2\" content=\"Est. tempo de leitura\" \/>\n\t<meta name=\"twitter:data2\" content=\"3 minutos\" \/>\n<script type=\"application\/ld+json\" class=\"yoast-schema-graph\">{\"@context\":\"https:\\\/\\\/schema.org\",\"@graph\":[{\"@type\":\"Article\",\"@id\":\"https:\\\/\\\/jornalboasnoticias.com.br\\\/home\\\/irlanda-realiza-1a-marcha-para-jesus-com-milhares-de-pessoas\\\/#article\",\"isPartOf\":{\"@id\":\"https:\\\/\\\/jornalboasnoticias.com.br\\\/home\\\/irlanda-realiza-1a-marcha-para-jesus-com-milhares-de-pessoas\\\/\"},\"author\":{\"name\":\"Ana Luiza Bonatto\",\"@id\":\"https:\\\/\\\/jornalboasnoticias.com.br\\\/home\\\/#\\\/schema\\\/person\\\/d641193e0afc6405b390164dac847971\"},\"headline\":\"Irlanda realiza 1\u00aa Marcha para Jesus com milhares de pessoas\",\"datePublished\":\"2024-11-12T16:59:39+00:00\",\"mainEntityOfPage\":{\"@id\":\"https:\\\/\\\/jornalboasnoticias.com.br\\\/home\\\/irlanda-realiza-1a-marcha-para-jesus-com-milhares-de-pessoas\\\/\"},\"wordCount\":374,\"commentCount\":0,\"publisher\":{\"@id\":\"https:\\\/\\\/jornalboasnoticias.com.br\\\/home\\\/#organization\"},\"image\":{\"@id\":\"https:\\\/\\\/jornalboasnoticias.com.br\\\/home\\\/irlanda-realiza-1a-marcha-para-jesus-com-milhares-de-pessoas\\\/#primaryimage\"},\"thumbnailUrl\":\"https:\\\/\\\/jornalboasnoticias.com.br\\\/home\\\/wp-content\\\/uploads\\\/2024\\\/11\\\/primeira-edicao-da-marcha-para-jeus-na-irlanda.jpg\",\"articleSection\":[\"DESTAQUE\",\"INTERNACIONAL\"],\"inLanguage\":\"pt-BR\",\"potentialAction\":[{\"@type\":\"CommentAction\",\"name\":\"Comment\",\"target\":[\"https:\\\/\\\/jornalboasnoticias.com.br\\\/home\\\/irlanda-realiza-1a-marcha-para-jesus-com-milhares-de-pessoas\\\/#respond\"]}]},{\"@type\":\"WebPage\",\"@id\":\"https:\\\/\\\/jornalboasnoticias.com.br\\\/home\\\/irlanda-realiza-1a-marcha-para-jesus-com-milhares-de-pessoas\\\/\",\"url\":\"https:\\\/\\\/jornalboasnoticias.com.br\\\/home\\\/irlanda-realiza-1a-marcha-para-jesus-com-milhares-de-pessoas\\\/\",\"name\":\"Irlanda realiza 1\u00aa Marcha para Jesus com milhares de pessoas - Jornal\",\"isPartOf\":{\"@id\":\"https:\\\/\\\/jornalboasnoticias.com.br\\\/home\\\/#website\"},\"primaryImageOfPage\":{\"@id\":\"https:\\\/\\\/jornalboasnoticias.com.br\\\/home\\\/irlanda-realiza-1a-marcha-para-jesus-com-milhares-de-pessoas\\\/#primaryimage\"},\"image\":{\"@id\":\"https:\\\/\\\/jornalboasnoticias.com.br\\\/home\\\/irlanda-realiza-1a-marcha-para-jesus-com-milhares-de-pessoas\\\/#primaryimage\"},\"thumbnailUrl\":\"https:\\\/\\\/jornalboasnoticias.com.br\\\/home\\\/wp-content\\\/uploads\\\/2024\\\/11\\\/primeira-edicao-da-marcha-para-jeus-na-irlanda.jpg\",\"datePublished\":\"2024-11-12T16:59:39+00:00\",\"description\":\"Irlanda realiza 1\u00aa Marcha para Jesus com milhares de pessoas\",\"breadcrumb\":{\"@id\":\"https:\\\/\\\/jornalboasnoticias.com.br\\\/home\\\/irlanda-realiza-1a-marcha-para-jesus-com-milhares-de-pessoas\\\/#breadcrumb\"},\"inLanguage\":\"pt-BR\",\"potentialAction\":[{\"@type\":\"ReadAction\",\"target\":[\"https:\\\/\\\/jornalboasnoticias.com.br\\\/home\\\/irlanda-realiza-1a-marcha-para-jesus-com-milhares-de-pessoas\\\/\"]}]},{\"@type\":\"ImageObject\",\"inLanguage\":\"pt-BR\",\"@id\":\"https:\\\/\\\/jornalboasnoticias.com.br\\\/home\\\/irlanda-realiza-1a-marcha-para-jesus-com-milhares-de-pessoas\\\/#primaryimage\",\"url\":\"https:\\\/\\\/jornalboasnoticias.com.br\\\/home\\\/wp-content\\\/uploads\\\/2024\\\/11\\\/primeira-edicao-da-marcha-para-jeus-na-irlanda.jpg\",\"contentUrl\":\"https:\\\/\\\/jornalboasnoticias.com.br\\\/home\\\/wp-content\\\/uploads\\\/2024\\\/11\\\/primeira-edicao-da-marcha-para-jeus-na-irlanda.jpg\",\"width\":1269,\"height\":742,\"caption\":\"Foto: Reprodu\u00e7\u00e3o\\\/YouTube\"},{\"@type\":\"BreadcrumbList\",\"@id\":\"https:\\\/\\\/jornalboasnoticias.com.br\\\/home\\\/irlanda-realiza-1a-marcha-para-jesus-com-milhares-de-pessoas\\\/#breadcrumb\",\"itemListElement\":[{\"@type\":\"ListItem\",\"position\":1,\"name\":\"In\u00edcio\",\"item\":\"https:\\\/\\\/jornalboasnoticias.com.br\\\/home\\\/\"},{\"@type\":\"ListItem\",\"position\":2,\"name\":\"Irlanda realiza 1\u00aa Marcha para Jesus com milhares de pessoas\"}]},{\"@type\":\"WebSite\",\"@id\":\"https:\\\/\\\/jornalboasnoticias.com.br\\\/home\\\/#website\",\"url\":\"https:\\\/\\\/jornalboasnoticias.com.br\\\/home\\\/\",\"name\":\"Jornal Boas Not\u00edcias\",\"description\":\"Boas not\u00edcias\",\"publisher\":{\"@id\":\"https:\\\/\\\/jornalboasnoticias.com.br\\\/home\\\/#organization\"},\"potentialAction\":[{\"@type\":\"SearchAction\",\"target\":{\"@type\":\"EntryPoint\",\"urlTemplate\":\"https:\\\/\\\/jornalboasnoticias.com.br\\\/home\\\/?s={search_term_string}\"},\"query-input\":{\"@type\":\"PropertyValueSpecification\",\"valueRequired\":true,\"valueName\":\"search_term_string\"}}],\"inLanguage\":\"pt-BR\"},{\"@type\":\"Organization\",\"@id\":\"https:\\\/\\\/jornalboasnoticias.com.br\\\/home\\\/#organization\",\"name\":\"Coq Editora Ltda\",\"alternateName\":\"Jornal Boas Noticias\",\"url\":\"https:\\\/\\\/jornalboasnoticias.com.br\\\/home\\\/\",\"logo\":{\"@type\":\"ImageObject\",\"inLanguage\":\"pt-BR\",\"@id\":\"https:\\\/\\\/jornalboasnoticias.com.br\\\/home\\\/#\\\/schema\\\/logo\\\/image\\\/\",\"url\":\"https:\\\/\\\/jornalboasnoticias.com.br\\\/home\\\/wp-content\\\/uploads\\\/2024\\\/07\\\/cropped-logo.jpg\",\"contentUrl\":\"https:\\\/\\\/jornalboasnoticias.com.br\\\/home\\\/wp-content\\\/uploads\\\/2024\\\/07\\\/cropped-logo.jpg\",\"width\":290,\"height\":142,\"caption\":\"Coq Editora Ltda\"},\"image\":{\"@id\":\"https:\\\/\\\/jornalboasnoticias.com.br\\\/home\\\/#\\\/schema\\\/logo\\\/image\\\/\"},\"sameAs\":[\"https:\\\/\\\/www.facebook.com\\\/boasnoticiasjornal\"]},{\"@type\":\"Person\",\"@id\":\"https:\\\/\\\/jornalboasnoticias.com.br\\\/home\\\/#\\\/schema\\\/person\\\/d641193e0afc6405b390164dac847971\",\"name\":\"Ana Luiza Bonatto\",\"image\":{\"@type\":\"ImageObject\",\"inLanguage\":\"pt-BR\",\"@id\":\"https:\\\/\\\/secure.gravatar.com\\\/avatar\\\/8a055ebe6373371f67ac6fcf313c0ac0b0a91157fdcdb9514fa62927373348f0?s=96&d=mm&r=g\",\"url\":\"https:\\\/\\\/secure.gravatar.com\\\/avatar\\\/8a055ebe6373371f67ac6fcf313c0ac0b0a91157fdcdb9514fa62927373348f0?s=96&d=mm&r=g\",\"contentUrl\":\"https:\\\/\\\/secure.gravatar.com\\\/avatar\\\/8a055ebe6373371f67ac6fcf313c0ac0b0a91157fdcdb9514fa62927373348f0?s=96&d=mm&r=g\",\"caption\":\"Ana Luiza Bonatto\"},\"url\":\"https:\\\/\\\/jornalboasnoticias.com.br\\\/home\\\/author\\\/ana-luiza\\\/\"}]}<\/script>\n<!-- \/ Yoast SEO plugin. -->","yoast_head_json":{"title":"Irlanda realiza 1\u00aa Marcha para Jesus com milhares de pessoas - Jornal","description":"Irlanda realiza 1\u00aa Marcha para Jesus com milhares de pessoas","robots":{"index":"index","follow":"follow","max-snippet":"max-snippet:-1","max-image-preview":"max-image-preview:large","max-video-preview":"max-video-preview:-1"},"canonical":"https:\/\/jornalboasnoticias.com.br\/home\/irlanda-realiza-1a-marcha-para-jesus-com-milhares-de-pessoas\/","og_locale":"pt_BR","og_type":"article","og_title":"Irlanda realiza 1\u00aa Marcha para Jesus com milhares de pessoas - Jornal","og_description":"Irlanda realiza 1\u00aa Marcha para Jesus com milhares de pessoas","og_url":"https:\/\/jornalboasnoticias.com.br\/home\/irlanda-realiza-1a-marcha-para-jesus-com-milhares-de-pessoas\/","og_site_name":"Jornal","article_publisher":"https:\/\/www.facebook.com\/boasnoticiasjornal","article_published_time":"2024-11-12T16:59:39+00:00","og_image":[{"width":1269,"height":742,"url":"https:\/\/jornalboasnoticias.com.br\/home\/wp-content\/uploads\/2024\/11\/primeira-edicao-da-marcha-para-jeus-na-irlanda.jpg","type":"image\/jpeg"}],"author":"Ana Luiza Bonatto","twitter_card":"summary_large_image","twitter_misc":{"Escrito por":"Ana Luiza Bonatto","Est. tempo de leitura":"3 minutos"},"schema":{"@context":"https:\/\/schema.org","@graph":[{"@type":"Article","@id":"https:\/\/jornalboasnoticias.com.br\/home\/irlanda-realiza-1a-marcha-para-jesus-com-milhares-de-pessoas\/#article","isPartOf":{"@id":"https:\/\/jornalboasnoticias.com.br\/home\/irlanda-realiza-1a-marcha-para-jesus-com-milhares-de-pessoas\/"},"author":{"name":"Ana Luiza Bonatto","@id":"https:\/\/jornalboasnoticias.com.br\/home\/#\/schema\/person\/d641193e0afc6405b390164dac847971"},"headline":"Irlanda realiza 1\u00aa Marcha para Jesus com milhares de pessoas","datePublished":"2024-11-12T16:59:39+00:00","mainEntityOfPage":{"@id":"https:\/\/jornalboasnoticias.com.br\/home\/irlanda-realiza-1a-marcha-para-jesus-com-milhares-de-pessoas\/"},"wordCount":374,"commentCount":0,"publisher":{"@id":"https:\/\/jornalboasnoticias.com.br\/home\/#organization"},"image":{"@id":"https:\/\/jornalboasnoticias.com.br\/home\/irlanda-realiza-1a-marcha-para-jesus-com-milhares-de-pessoas\/#primaryimage"},"thumbnailUrl":"https:\/\/jornalboasnoticias.com.br\/home\/wp-content\/uploads\/2024\/11\/primeira-edicao-da-marcha-para-jeus-na-irlanda.jpg","articleSection":["DESTAQUE","INTERNACIONAL"],"inLanguage":"pt-BR","potentialAction":[{"@type":"CommentAction","name":"Comment","target":["https:\/\/jornalboasnoticias.com.br\/home\/irlanda-realiza-1a-marcha-para-jesus-com-milhares-de-pessoas\/#respond"]}]},{"@type":"WebPage","@id":"https:\/\/jornalboasnoticias.com.br\/home\/irlanda-realiza-1a-marcha-para-jesus-com-milhares-de-pessoas\/","url":"https:\/\/jornalboasnoticias.com.br\/home\/irlanda-realiza-1a-marcha-para-jesus-com-milhares-de-pessoas\/","name":"Irlanda realiza 1\u00aa Marcha para Jesus com milhares de pessoas - Jornal","isPartOf":{"@id":"https:\/\/jornalboasnoticias.com.br\/home\/#website"},"primaryImageOfPage":{"@id":"https:\/\/jornalboasnoticias.com.br\/home\/irlanda-realiza-1a-marcha-para-jesus-com-milhares-de-pessoas\/#primaryimage"},"image":{"@id":"https:\/\/jornalboasnoticias.com.br\/home\/irlanda-realiza-1a-marcha-para-jesus-com-milhares-de-pessoas\/#primaryimage"},"thumbnailUrl":"https:\/\/jornalboasnoticias.com.br\/home\/wp-content\/uploads\/2024\/11\/primeira-edicao-da-marcha-para-jeus-na-irlanda.jpg","datePublished":"2024-11-12T16:59:39+00:00","description":"Irlanda realiza 1\u00aa Marcha para Jesus com milhares de pessoas","breadcrumb":{"@id":"https:\/\/jornalboasnoticias.com.br\/home\/irlanda-realiza-1a-marcha-para-jesus-com-milhares-de-pessoas\/#breadcrumb"},"inLanguage":"pt-BR","potentialAction":[{"@type":"ReadAction","target":["https:\/\/jornalboasnoticias.com.br\/home\/irlanda-realiza-1a-marcha-para-jesus-com-milhares-de-pessoas\/"]}]},{"@type":"ImageObject","inLanguage":"pt-BR","@id":"https:\/\/jornalboasnoticias.com.br\/home\/irlanda-realiza-1a-marcha-para-jesus-com-milhares-de-pessoas\/#primaryimage","url":"https:\/\/jornalboasnoticias.com.br\/home\/wp-content\/uploads\/2024\/11\/primeira-edicao-da-marcha-para-jeus-na-irlanda.jpg","contentUrl":"https:\/\/jornalboasnoticias.com.br\/home\/wp-content\/uploads\/2024\/11\/primeira-edicao-da-marcha-para-jeus-na-irlanda.jpg","width":1269,"height":742,"caption":"Foto: Reprodu\u00e7\u00e3o\/YouTube"},{"@type":"BreadcrumbList","@id":"https:\/\/jornalboasnoticias.com.br\/home\/irlanda-realiza-1a-marcha-para-jesus-com-milhares-de-pessoas\/#breadcrumb","itemListElement":[{"@type":"ListItem","position":1,"name":"In\u00edcio","item":"https:\/\/jornalboasnoticias.com.br\/home\/"},{"@type":"ListItem","position":2,"name":"Irlanda realiza 1\u00aa Marcha para Jesus com milhares de pessoas"}]},{"@type":"WebSite","@id":"https:\/\/jornalboasnoticias.com.br\/home\/#website","url":"https:\/\/jornalboasnoticias.com.br\/home\/","name":"Jornal Boas Not\u00edcias","description":"Boas not\u00edcias","publisher":{"@id":"https:\/\/jornalboasnoticias.com.br\/home\/#organization"},"potentialAction":[{"@type":"SearchAction","target":{"@type":"EntryPoint","urlTemplate":"https:\/\/jornalboasnoticias.com.br\/home\/?s={search_term_string}"},"query-input":{"@type":"PropertyValueSpecification","valueRequired":true,"valueName":"search_term_string"}}],"inLanguage":"pt-BR"},{"@type":"Organization","@id":"https:\/\/jornalboasnoticias.com.br\/home\/#organization","name":"Coq Editora Ltda","alternateName":"Jornal Boas Noticias","url":"https:\/\/jornalboasnoticias.com.br\/home\/","logo":{"@type":"ImageObject","inLanguage":"pt-BR","@id":"https:\/\/jornalboasnoticias.com.br\/home\/#\/schema\/logo\/image\/","url":"https:\/\/jornalboasnoticias.com.br\/home\/wp-content\/uploads\/2024\/07\/cropped-logo.jpg","contentUrl":"https:\/\/jornalboasnoticias.com.br\/home\/wp-content\/uploads\/2024\/07\/cropped-logo.jpg","width":290,"height":142,"caption":"Coq Editora Ltda"},"image":{"@id":"https:\/\/jornalboasnoticias.com.br\/home\/#\/schema\/logo\/image\/"},"sameAs":["https:\/\/www.facebook.com\/boasnoticiasjornal"]},{"@type":"Person","@id":"https:\/\/jornalboasnoticias.com.br\/home\/#\/schema\/person\/d641193e0afc6405b390164dac847971","name":"Ana Luiza Bonatto","image":{"@type":"ImageObject","inLanguage":"pt-BR","@id":"https:\/\/secure.gravatar.com\/avatar\/8a055ebe6373371f67ac6fcf313c0ac0b0a91157fdcdb9514fa62927373348f0?s=96&d=mm&r=g","url":"https:\/\/secure.gravatar.com\/avatar\/8a055ebe6373371f67ac6fcf313c0ac0b0a91157fdcdb9514fa62927373348f0?s=96&d=mm&r=g","contentUrl":"https:\/\/secure.gravatar.com\/avatar\/8a055ebe6373371f67ac6fcf313c0ac0b0a91157fdcdb9514fa62927373348f0?s=96&d=mm&r=g","caption":"Ana Luiza Bonatto"},"url":"https:\/\/jornalboasnoticias.com.br\/home\/author\/ana-luiza\/"}]}},"_links":{"self":[{"href":"https:\/\/jornalboasnoticias.com.br\/home\/wp-json\/wp\/v2\/posts\/45260","targetHints":{"allow":["GET"]}}],"collection":[{"href":"https:\/\/jornalboasnoticias.com.br\/home\/wp-json\/wp\/v2\/posts"}],"about":[{"href":"https:\/\/jornalboasnoticias.com.br\/home\/wp-json\/wp\/v2\/types\/post"}],"author":[{"embeddable":true,"href":"https:\/\/jornalboasnoticias.com.br\/home\/wp-json\/wp\/v2\/users\/4"}],"replies":[{"embeddable":true,"href":"https:\/\/jornalboasnoticias.com.br\/home\/wp-json\/wp\/v2\/comments?post=45260"}],"version-history":[{"count":1,"href":"https:\/\/jornalboasnoticias.com.br\/home\/wp-json\/wp\/v2\/posts\/45260\/revisions"}],"predecessor-version":[{"id":45262,"href":"https:\/\/jornalboasnoticias.com.br\/home\/wp-json\/wp\/v2\/posts\/45260\/revisions\/45262"}],"wp:featuredmedia":[{"embeddable":true,"href":"https:\/\/jornalboasnoticias.com.br\/home\/wp-json\/wp\/v2\/media\/45261"}],"wp:attachment":[{"href":"https:\/\/jornalboasnoticias.com.br\/home\/wp-json\/wp\/v2\/media?parent=45260"}],"wp:term":[{"taxonomy":"category","embeddable":true,"href":"https:\/\/jornalboasnoticias.com.br\/home\/wp-json\/wp\/v2\/categories?post=45260"},{"taxonomy":"post_tag","embeddable":true,"href":"https:\/\/jornalboasnoticias.com.br\/home\/wp-json\/wp\/v2\/tags?post=45260"}],"curies":[{"name":"wp","href":"https:\/\/api.w.org\/{rel}","templated":true}]}}