{"id":45245,"date":"2024-11-12T16:47:16","date_gmt":"2024-11-12T16:47:16","guid":{"rendered":"https:\/\/jornalboasnoticias.com.br\/home\/?p=45245"},"modified":"2024-11-12T16:47:16","modified_gmt":"2024-11-12T16:47:16","slug":"lago-40-anos-caminhada-encerra-celebracao-de-aniversario","status":"publish","type":"post","link":"https:\/\/jornalboasnoticias.com.br\/home\/lago-40-anos-caminhada-encerra-celebracao-de-aniversario\/","title":{"rendered":"LAGO 40 ANOS: Caminhada encerra celebra\u00e7\u00e3o de anivers\u00e1rio"},"content":{"rendered":"<blockquote>\n<div class=\"area-subtitulo-pagina\">\n<p>Durante o dia de ontem, aconteceu plantio de arauc\u00e1rias e uma pesca com integrantes do Felicidade do Idoso para comemorar as quatro d\u00e9cadas do cart\u00e3o-postal<\/p>\n<\/div>\n<\/blockquote>\n<p>As comemora\u00e7\u00f5es dos 40 anos do Lago Municipal de Cascavel foram encerradas no in\u00edcio da noite de ontem (11) com uma caminhada no entorno do cart\u00e3o-postal. Outras atividades foram realizadas durante o dia, como o plantio de 40 mudas de arauc\u00e1rias e uma pescaria que reuniu mais de 200 integrantes do programa Felicidade do Idoso.<\/p>\n<p>O secret\u00e1rio de Meio Ambiente, Ailton Lima, disse que foi um dia de muita alegria e repleto de atividades relacionadas aos prop\u00f3sitos do Lago Municipal. \u201cN\u00e3o poderia\u00a0terminar o\u00a0dia de um\u00a0jeito diferente. Esse espa\u00e7o que \u00e9 utilizado para sa\u00fade, para qualidade de vida\u00a0e hoje temos essa\u00a0caminhada, uma corrida, que \u00e9 a primeira corrida recreativa, festiva aqui do Lago Municipal. Algo sem inscri\u00e7\u00e3o pr\u00e9via, feito o convite de maneira espont\u00e2nea para toda a comunidade\u201d, enfatizou.<\/p>\n<p>Daniel Soares foi com a fam\u00edlia participar da caminhada e ressaltou que o lago merece todo o carinho e respeito da popula\u00e7\u00e3o.\u00a0\u201c\u00c9 um ponto tur\u00edstico de Cascavel, refer\u00eancia para o esporte tamb\u00e9m\u201d, afirma.<\/p>\n<p>Foto: Vanderlei Faria\/Secom<\/p>\n<p><em><strong>Secom Cascavel<\/strong><\/em><\/p>\n","protected":false},"excerpt":{"rendered":"<p>Durante o dia de ontem, aconteceu plantio de arauc\u00e1rias e uma pesca com integrantes do<\/p>\n","protected":false},"author":4,"featured_media":45246,"comment_status":"open","ping_status":"open","sticky":false,"template":"","format":"standard","meta":{"footnotes":""},"categories":[2,3],"tags":[],"class_list":["post-45245","post","type-post","status-publish","format-standard","has-post-thumbnail","hentry","category-cascavel","category-destaques"],"yoast_head":"<!-- This site is optimized with the Yoast SEO plugin v27.5 - https:\/\/yoast.com\/product\/yoast-seo-wordpress\/ -->\n<title>LAGO 40 ANOS: Caminhada encerra celebra\u00e7\u00e3o de anivers\u00e1rio - Jornal<\/title>\n<meta name=\"description\" content=\"LAGO 40 ANOS: Caminhada encerra celebra\u00e7\u00e3o de anivers\u00e1rio\" \/>\n<meta name=\"robots\" content=\"index, follow, max-snippet:-1, max-image-preview:large, max-video-preview:-1\" \/>\n<link rel=\"canonical\" href=\"https:\/\/jornalboasnoticias.com.br\/home\/lago-40-anos-caminhada-encerra-celebracao-de-aniversario\/\" \/>\n<meta property=\"og:locale\" content=\"pt_BR\" \/>\n<meta property=\"og:type\" content=\"article\" \/>\n<meta property=\"og:title\" content=\"LAGO 40 ANOS: Caminhada encerra celebra\u00e7\u00e3o de anivers\u00e1rio - Jornal\" \/>\n<meta property=\"og:description\" content=\"LAGO 40 ANOS: Caminhada encerra celebra\u00e7\u00e3o de anivers\u00e1rio\" \/>\n<meta property=\"og:url\" content=\"https:\/\/jornalboasnoticias.com.br\/home\/lago-40-anos-caminhada-encerra-celebracao-de-aniversario\/\" \/>\n<meta property=\"og:site_name\" content=\"Jornal\" \/>\n<meta property=\"article:publisher\" content=\"https:\/\/www.facebook.com\/boasnoticiasjornal\" \/>\n<meta property=\"article:published_time\" content=\"2024-11-12T16:47:16+00:00\" \/>\n<meta property=\"og:image\" content=\"https:\/\/jornalboasnoticias.com.br\/home\/wp-content\/uploads\/2024\/11\/1-2.jpg\" \/>\n\t<meta property=\"og:image:width\" content=\"1600\" \/>\n\t<meta property=\"og:image:height\" content=\"1066\" \/>\n\t<meta property=\"og:image:type\" content=\"image\/jpeg\" \/>\n<meta name=\"author\" content=\"Ana Luiza Bonatto\" \/>\n<meta name=\"twitter:card\" content=\"summary_large_image\" \/>\n<meta name=\"twitter:label1\" content=\"Escrito por\" \/>\n\t<meta name=\"twitter:data1\" content=\"Ana Luiza Bonatto\" \/>\n\t<meta name=\"twitter:label2\" content=\"Est. tempo de leitura\" \/>\n\t<meta name=\"twitter:data2\" content=\"1 minuto\" \/>\n<script type=\"application\/ld+json\" class=\"yoast-schema-graph\">{\"@context\":\"https:\\\/\\\/schema.org\",\"@graph\":[{\"@type\":\"Article\",\"@id\":\"https:\\\/\\\/jornalboasnoticias.com.br\\\/home\\\/lago-40-anos-caminhada-encerra-celebracao-de-aniversario\\\/#article\",\"isPartOf\":{\"@id\":\"https:\\\/\\\/jornalboasnoticias.com.br\\\/home\\\/lago-40-anos-caminhada-encerra-celebracao-de-aniversario\\\/\"},\"author\":{\"name\":\"Ana Luiza Bonatto\",\"@id\":\"https:\\\/\\\/jornalboasnoticias.com.br\\\/home\\\/#\\\/schema\\\/person\\\/d641193e0afc6405b390164dac847971\"},\"headline\":\"LAGO 40 ANOS: Caminhada encerra celebra\u00e7\u00e3o de anivers\u00e1rio\",\"datePublished\":\"2024-11-12T16:47:16+00:00\",\"mainEntityOfPage\":{\"@id\":\"https:\\\/\\\/jornalboasnoticias.com.br\\\/home\\\/lago-40-anos-caminhada-encerra-celebracao-de-aniversario\\\/\"},\"wordCount\":220,\"commentCount\":0,\"publisher\":{\"@id\":\"https:\\\/\\\/jornalboasnoticias.com.br\\\/home\\\/#organization\"},\"image\":{\"@id\":\"https:\\\/\\\/jornalboasnoticias.com.br\\\/home\\\/lago-40-anos-caminhada-encerra-celebracao-de-aniversario\\\/#primaryimage\"},\"thumbnailUrl\":\"https:\\\/\\\/jornalboasnoticias.com.br\\\/home\\\/wp-content\\\/uploads\\\/2024\\\/11\\\/1-2.jpg\",\"articleSection\":[\"CASCAVEL\",\"DESTAQUE\"],\"inLanguage\":\"pt-BR\",\"potentialAction\":[{\"@type\":\"CommentAction\",\"name\":\"Comment\",\"target\":[\"https:\\\/\\\/jornalboasnoticias.com.br\\\/home\\\/lago-40-anos-caminhada-encerra-celebracao-de-aniversario\\\/#respond\"]}]},{\"@type\":\"WebPage\",\"@id\":\"https:\\\/\\\/jornalboasnoticias.com.br\\\/home\\\/lago-40-anos-caminhada-encerra-celebracao-de-aniversario\\\/\",\"url\":\"https:\\\/\\\/jornalboasnoticias.com.br\\\/home\\\/lago-40-anos-caminhada-encerra-celebracao-de-aniversario\\\/\",\"name\":\"LAGO 40 ANOS: Caminhada encerra celebra\u00e7\u00e3o de anivers\u00e1rio - Jornal\",\"isPartOf\":{\"@id\":\"https:\\\/\\\/jornalboasnoticias.com.br\\\/home\\\/#website\"},\"primaryImageOfPage\":{\"@id\":\"https:\\\/\\\/jornalboasnoticias.com.br\\\/home\\\/lago-40-anos-caminhada-encerra-celebracao-de-aniversario\\\/#primaryimage\"},\"image\":{\"@id\":\"https:\\\/\\\/jornalboasnoticias.com.br\\\/home\\\/lago-40-anos-caminhada-encerra-celebracao-de-aniversario\\\/#primaryimage\"},\"thumbnailUrl\":\"https:\\\/\\\/jornalboasnoticias.com.br\\\/home\\\/wp-content\\\/uploads\\\/2024\\\/11\\\/1-2.jpg\",\"datePublished\":\"2024-11-12T16:47:16+00:00\",\"description\":\"LAGO 40 ANOS: Caminhada encerra celebra\u00e7\u00e3o de anivers\u00e1rio\",\"breadcrumb\":{\"@id\":\"https:\\\/\\\/jornalboasnoticias.com.br\\\/home\\\/lago-40-anos-caminhada-encerra-celebracao-de-aniversario\\\/#breadcrumb\"},\"inLanguage\":\"pt-BR\",\"potentialAction\":[{\"@type\":\"ReadAction\",\"target\":[\"https:\\\/\\\/jornalboasnoticias.com.br\\\/home\\\/lago-40-anos-caminhada-encerra-celebracao-de-aniversario\\\/\"]}]},{\"@type\":\"ImageObject\",\"inLanguage\":\"pt-BR\",\"@id\":\"https:\\\/\\\/jornalboasnoticias.com.br\\\/home\\\/lago-40-anos-caminhada-encerra-celebracao-de-aniversario\\\/#primaryimage\",\"url\":\"https:\\\/\\\/jornalboasnoticias.com.br\\\/home\\\/wp-content\\\/uploads\\\/2024\\\/11\\\/1-2.jpg\",\"contentUrl\":\"https:\\\/\\\/jornalboasnoticias.com.br\\\/home\\\/wp-content\\\/uploads\\\/2024\\\/11\\\/1-2.jpg\",\"width\":1600,\"height\":1066},{\"@type\":\"BreadcrumbList\",\"@id\":\"https:\\\/\\\/jornalboasnoticias.com.br\\\/home\\\/lago-40-anos-caminhada-encerra-celebracao-de-aniversario\\\/#breadcrumb\",\"itemListElement\":[{\"@type\":\"ListItem\",\"position\":1,\"name\":\"In\u00edcio\",\"item\":\"https:\\\/\\\/jornalboasnoticias.com.br\\\/home\\\/\"},{\"@type\":\"ListItem\",\"position\":2,\"name\":\"LAGO 40 ANOS: Caminhada encerra celebra\u00e7\u00e3o de anivers\u00e1rio\"}]},{\"@type\":\"WebSite\",\"@id\":\"https:\\\/\\\/jornalboasnoticias.com.br\\\/home\\\/#website\",\"url\":\"https:\\\/\\\/jornalboasnoticias.com.br\\\/home\\\/\",\"name\":\"Jornal Boas Not\u00edcias\",\"description\":\"Boas not\u00edcias\",\"publisher\":{\"@id\":\"https:\\\/\\\/jornalboasnoticias.com.br\\\/home\\\/#organization\"},\"potentialAction\":[{\"@type\":\"SearchAction\",\"target\":{\"@type\":\"EntryPoint\",\"urlTemplate\":\"https:\\\/\\\/jornalboasnoticias.com.br\\\/home\\\/?s={search_term_string}\"},\"query-input\":{\"@type\":\"PropertyValueSpecification\",\"valueRequired\":true,\"valueName\":\"search_term_string\"}}],\"inLanguage\":\"pt-BR\"},{\"@type\":\"Organization\",\"@id\":\"https:\\\/\\\/jornalboasnoticias.com.br\\\/home\\\/#organization\",\"name\":\"Coq Editora Ltda\",\"alternateName\":\"Jornal Boas Noticias\",\"url\":\"https:\\\/\\\/jornalboasnoticias.com.br\\\/home\\\/\",\"logo\":{\"@type\":\"ImageObject\",\"inLanguage\":\"pt-BR\",\"@id\":\"https:\\\/\\\/jornalboasnoticias.com.br\\\/home\\\/#\\\/schema\\\/logo\\\/image\\\/\",\"url\":\"https:\\\/\\\/jornalboasnoticias.com.br\\\/home\\\/wp-content\\\/uploads\\\/2024\\\/07\\\/cropped-logo.jpg\",\"contentUrl\":\"https:\\\/\\\/jornalboasnoticias.com.br\\\/home\\\/wp-content\\\/uploads\\\/2024\\\/07\\\/cropped-logo.jpg\",\"width\":290,\"height\":142,\"caption\":\"Coq Editora Ltda\"},\"image\":{\"@id\":\"https:\\\/\\\/jornalboasnoticias.com.br\\\/home\\\/#\\\/schema\\\/logo\\\/image\\\/\"},\"sameAs\":[\"https:\\\/\\\/www.facebook.com\\\/boasnoticiasjornal\"]},{\"@type\":\"Person\",\"@id\":\"https:\\\/\\\/jornalboasnoticias.com.br\\\/home\\\/#\\\/schema\\\/person\\\/d641193e0afc6405b390164dac847971\",\"name\":\"Ana Luiza Bonatto\",\"image\":{\"@type\":\"ImageObject\",\"inLanguage\":\"pt-BR\",\"@id\":\"https:\\\/\\\/secure.gravatar.com\\\/avatar\\\/8a055ebe6373371f67ac6fcf313c0ac0b0a91157fdcdb9514fa62927373348f0?s=96&d=mm&r=g\",\"url\":\"https:\\\/\\\/secure.gravatar.com\\\/avatar\\\/8a055ebe6373371f67ac6fcf313c0ac0b0a91157fdcdb9514fa62927373348f0?s=96&d=mm&r=g\",\"contentUrl\":\"https:\\\/\\\/secure.gravatar.com\\\/avatar\\\/8a055ebe6373371f67ac6fcf313c0ac0b0a91157fdcdb9514fa62927373348f0?s=96&d=mm&r=g\",\"caption\":\"Ana Luiza Bonatto\"},\"url\":\"https:\\\/\\\/jornalboasnoticias.com.br\\\/home\\\/author\\\/ana-luiza\\\/\"}]}<\/script>\n<!-- \/ Yoast SEO plugin. -->","yoast_head_json":{"title":"LAGO 40 ANOS: Caminhada encerra celebra\u00e7\u00e3o de anivers\u00e1rio - Jornal","description":"LAGO 40 ANOS: Caminhada encerra celebra\u00e7\u00e3o de anivers\u00e1rio","robots":{"index":"index","follow":"follow","max-snippet":"max-snippet:-1","max-image-preview":"max-image-preview:large","max-video-preview":"max-video-preview:-1"},"canonical":"https:\/\/jornalboasnoticias.com.br\/home\/lago-40-anos-caminhada-encerra-celebracao-de-aniversario\/","og_locale":"pt_BR","og_type":"article","og_title":"LAGO 40 ANOS: Caminhada encerra celebra\u00e7\u00e3o de anivers\u00e1rio - Jornal","og_description":"LAGO 40 ANOS: Caminhada encerra celebra\u00e7\u00e3o de anivers\u00e1rio","og_url":"https:\/\/jornalboasnoticias.com.br\/home\/lago-40-anos-caminhada-encerra-celebracao-de-aniversario\/","og_site_name":"Jornal","article_publisher":"https:\/\/www.facebook.com\/boasnoticiasjornal","article_published_time":"2024-11-12T16:47:16+00:00","og_image":[{"width":1600,"height":1066,"url":"https:\/\/jornalboasnoticias.com.br\/home\/wp-content\/uploads\/2024\/11\/1-2.jpg","type":"image\/jpeg"}],"author":"Ana Luiza Bonatto","twitter_card":"summary_large_image","twitter_misc":{"Escrito por":"Ana Luiza Bonatto","Est. tempo de leitura":"1 minuto"},"schema":{"@context":"https:\/\/schema.org","@graph":[{"@type":"Article","@id":"https:\/\/jornalboasnoticias.com.br\/home\/lago-40-anos-caminhada-encerra-celebracao-de-aniversario\/#article","isPartOf":{"@id":"https:\/\/jornalboasnoticias.com.br\/home\/lago-40-anos-caminhada-encerra-celebracao-de-aniversario\/"},"author":{"name":"Ana Luiza Bonatto","@id":"https:\/\/jornalboasnoticias.com.br\/home\/#\/schema\/person\/d641193e0afc6405b390164dac847971"},"headline":"LAGO 40 ANOS: Caminhada encerra celebra\u00e7\u00e3o de anivers\u00e1rio","datePublished":"2024-11-12T16:47:16+00:00","mainEntityOfPage":{"@id":"https:\/\/jornalboasnoticias.com.br\/home\/lago-40-anos-caminhada-encerra-celebracao-de-aniversario\/"},"wordCount":220,"commentCount":0,"publisher":{"@id":"https:\/\/jornalboasnoticias.com.br\/home\/#organization"},"image":{"@id":"https:\/\/jornalboasnoticias.com.br\/home\/lago-40-anos-caminhada-encerra-celebracao-de-aniversario\/#primaryimage"},"thumbnailUrl":"https:\/\/jornalboasnoticias.com.br\/home\/wp-content\/uploads\/2024\/11\/1-2.jpg","articleSection":["CASCAVEL","DESTAQUE"],"inLanguage":"pt-BR","potentialAction":[{"@type":"CommentAction","name":"Comment","target":["https:\/\/jornalboasnoticias.com.br\/home\/lago-40-anos-caminhada-encerra-celebracao-de-aniversario\/#respond"]}]},{"@type":"WebPage","@id":"https:\/\/jornalboasnoticias.com.br\/home\/lago-40-anos-caminhada-encerra-celebracao-de-aniversario\/","url":"https:\/\/jornalboasnoticias.com.br\/home\/lago-40-anos-caminhada-encerra-celebracao-de-aniversario\/","name":"LAGO 40 ANOS: Caminhada encerra celebra\u00e7\u00e3o de anivers\u00e1rio - Jornal","isPartOf":{"@id":"https:\/\/jornalboasnoticias.com.br\/home\/#website"},"primaryImageOfPage":{"@id":"https:\/\/jornalboasnoticias.com.br\/home\/lago-40-anos-caminhada-encerra-celebracao-de-aniversario\/#primaryimage"},"image":{"@id":"https:\/\/jornalboasnoticias.com.br\/home\/lago-40-anos-caminhada-encerra-celebracao-de-aniversario\/#primaryimage"},"thumbnailUrl":"https:\/\/jornalboasnoticias.com.br\/home\/wp-content\/uploads\/2024\/11\/1-2.jpg","datePublished":"2024-11-12T16:47:16+00:00","description":"LAGO 40 ANOS: Caminhada encerra celebra\u00e7\u00e3o de anivers\u00e1rio","breadcrumb":{"@id":"https:\/\/jornalboasnoticias.com.br\/home\/lago-40-anos-caminhada-encerra-celebracao-de-aniversario\/#breadcrumb"},"inLanguage":"pt-BR","potentialAction":[{"@type":"ReadAction","target":["https:\/\/jornalboasnoticias.com.br\/home\/lago-40-anos-caminhada-encerra-celebracao-de-aniversario\/"]}]},{"@type":"ImageObject","inLanguage":"pt-BR","@id":"https:\/\/jornalboasnoticias.com.br\/home\/lago-40-anos-caminhada-encerra-celebracao-de-aniversario\/#primaryimage","url":"https:\/\/jornalboasnoticias.com.br\/home\/wp-content\/uploads\/2024\/11\/1-2.jpg","contentUrl":"https:\/\/jornalboasnoticias.com.br\/home\/wp-content\/uploads\/2024\/11\/1-2.jpg","width":1600,"height":1066},{"@type":"BreadcrumbList","@id":"https:\/\/jornalboasnoticias.com.br\/home\/lago-40-anos-caminhada-encerra-celebracao-de-aniversario\/#breadcrumb","itemListElement":[{"@type":"ListItem","position":1,"name":"In\u00edcio","item":"https:\/\/jornalboasnoticias.com.br\/home\/"},{"@type":"ListItem","position":2,"name":"LAGO 40 ANOS: Caminhada encerra celebra\u00e7\u00e3o de anivers\u00e1rio"}]},{"@type":"WebSite","@id":"https:\/\/jornalboasnoticias.com.br\/home\/#website","url":"https:\/\/jornalboasnoticias.com.br\/home\/","name":"Jornal Boas Not\u00edcias","description":"Boas not\u00edcias","publisher":{"@id":"https:\/\/jornalboasnoticias.com.br\/home\/#organization"},"potentialAction":[{"@type":"SearchAction","target":{"@type":"EntryPoint","urlTemplate":"https:\/\/jornalboasnoticias.com.br\/home\/?s={search_term_string}"},"query-input":{"@type":"PropertyValueSpecification","valueRequired":true,"valueName":"search_term_string"}}],"inLanguage":"pt-BR"},{"@type":"Organization","@id":"https:\/\/jornalboasnoticias.com.br\/home\/#organization","name":"Coq Editora Ltda","alternateName":"Jornal Boas Noticias","url":"https:\/\/jornalboasnoticias.com.br\/home\/","logo":{"@type":"ImageObject","inLanguage":"pt-BR","@id":"https:\/\/jornalboasnoticias.com.br\/home\/#\/schema\/logo\/image\/","url":"https:\/\/jornalboasnoticias.com.br\/home\/wp-content\/uploads\/2024\/07\/cropped-logo.jpg","contentUrl":"https:\/\/jornalboasnoticias.com.br\/home\/wp-content\/uploads\/2024\/07\/cropped-logo.jpg","width":290,"height":142,"caption":"Coq Editora Ltda"},"image":{"@id":"https:\/\/jornalboasnoticias.com.br\/home\/#\/schema\/logo\/image\/"},"sameAs":["https:\/\/www.facebook.com\/boasnoticiasjornal"]},{"@type":"Person","@id":"https:\/\/jornalboasnoticias.com.br\/home\/#\/schema\/person\/d641193e0afc6405b390164dac847971","name":"Ana Luiza Bonatto","image":{"@type":"ImageObject","inLanguage":"pt-BR","@id":"https:\/\/secure.gravatar.com\/avatar\/8a055ebe6373371f67ac6fcf313c0ac0b0a91157fdcdb9514fa62927373348f0?s=96&d=mm&r=g","url":"https:\/\/secure.gravatar.com\/avatar\/8a055ebe6373371f67ac6fcf313c0ac0b0a91157fdcdb9514fa62927373348f0?s=96&d=mm&r=g","contentUrl":"https:\/\/secure.gravatar.com\/avatar\/8a055ebe6373371f67ac6fcf313c0ac0b0a91157fdcdb9514fa62927373348f0?s=96&d=mm&r=g","caption":"Ana Luiza Bonatto"},"url":"https:\/\/jornalboasnoticias.com.br\/home\/author\/ana-luiza\/"}]}},"_links":{"self":[{"href":"https:\/\/jornalboasnoticias.com.br\/home\/wp-json\/wp\/v2\/posts\/45245","targetHints":{"allow":["GET"]}}],"collection":[{"href":"https:\/\/jornalboasnoticias.com.br\/home\/wp-json\/wp\/v2\/posts"}],"about":[{"href":"https:\/\/jornalboasnoticias.com.br\/home\/wp-json\/wp\/v2\/types\/post"}],"author":[{"embeddable":true,"href":"https:\/\/jornalboasnoticias.com.br\/home\/wp-json\/wp\/v2\/users\/4"}],"replies":[{"embeddable":true,"href":"https:\/\/jornalboasnoticias.com.br\/home\/wp-json\/wp\/v2\/comments?post=45245"}],"version-history":[{"count":1,"href":"https:\/\/jornalboasnoticias.com.br\/home\/wp-json\/wp\/v2\/posts\/45245\/revisions"}],"predecessor-version":[{"id":45247,"href":"https:\/\/jornalboasnoticias.com.br\/home\/wp-json\/wp\/v2\/posts\/45245\/revisions\/45247"}],"wp:featuredmedia":[{"embeddable":true,"href":"https:\/\/jornalboasnoticias.com.br\/home\/wp-json\/wp\/v2\/media\/45246"}],"wp:attachment":[{"href":"https:\/\/jornalboasnoticias.com.br\/home\/wp-json\/wp\/v2\/media?parent=45245"}],"wp:term":[{"taxonomy":"category","embeddable":true,"href":"https:\/\/jornalboasnoticias.com.br\/home\/wp-json\/wp\/v2\/categories?post=45245"},{"taxonomy":"post_tag","embeddable":true,"href":"https:\/\/jornalboasnoticias.com.br\/home\/wp-json\/wp\/v2\/tags?post=45245"}],"curies":[{"name":"wp","href":"https:\/\/api.w.org\/{rel}","templated":true}]}}