{"id":45241,"date":"2024-11-12T16:45:25","date_gmt":"2024-11-12T16:45:25","guid":{"rendered":"https:\/\/jornalboasnoticias.com.br\/home\/?p=45241"},"modified":"2024-11-12T16:45:25","modified_gmt":"2024-11-12T16:45:25","slug":"ceasas-de-curitiba-e-cascavel-nao-abrem-no-feriado-de-15-de-novembro","status":"publish","type":"post","link":"https:\/\/jornalboasnoticias.com.br\/home\/ceasas-de-curitiba-e-cascavel-nao-abrem-no-feriado-de-15-de-novembro\/","title":{"rendered":"Ceasas de Curitiba e Cascavel n\u00e3o abrem no feriado de 15 de novembro"},"content":{"rendered":"<blockquote>\n<div class=\"not-escopo-destaque\">\n<div class=\"field field--name-field-escopo-destaque field--type-string-long field--label-hidden field--item\">J\u00e1 as unidades de Londrina, Maring\u00e1 e Foz do Igua\u00e7u estar\u00e3o abertas normalmente na pr\u00f3xima sexta-feira (15). S\u00e1bado (16) todos os mercados abrem normalmente.<\/div>\n<\/div>\n<\/blockquote>\n<div>\n<p>Os mercados das\u00a0Ceasas de Londrina, Maring\u00e1 e Foz do Igua\u00e7u estar\u00e3o abertas normalmente na pr\u00f3xima sexta-feira, dia 15 de novembro. J\u00e1 as Ceasas de Curitiba e Cascavel estar\u00e3o fechadas nessa data, feriado nacional\u00a0quando \u00e9 comemorada a\u00a0Proclama\u00e7\u00e3o da Rep\u00fablica\u00a0do Brasil.\u00a0Todos os mercados abrem normalmente no s\u00e1bado, dia 16 de novembro.<\/p>\n<p>Seguindo a orienta\u00e7\u00e3o\u00a0do Governo do Estado a administra\u00e7\u00e3o central da Ceasa Paran\u00e1 estar\u00e1 em ponto facultativo no dia 14 de novembro, quinta-feira.<\/p>\n<p><strong>Confira abaixo os hor\u00e1rios, e dias de funcionamento das Ceasas no Estado:<\/strong><\/p>\n<p><strong>Ceasa Londrina<\/strong><\/p>\n<p>Dia\u00a015\u00a0de\u00a0novembro, sexta-feira,\u00a0mercado\u00a0aberto.<\/p>\n<p>Hor\u00e1rios:\u00a0de segunda, quarta e sexta-feira, das 3 \u00e0s 10 horas;<\/p>\n<p>ter\u00e7a-feira,\u00a0quinta-feira e s\u00e1bado, das 5h30 \u00c0s 10 horas.<\/p>\n<p>Endere\u00e7o: Av. Bras\u00edlia, n\u00ba 10.000, Gleba Ribeir\u00e3o Lind\u00f3ia.<\/p>\n<p>CEP: 86.031-770 \u2013 Londrina \u2013 Paran\u00e1.<\/p>\n<p>Fones: (0**43) 3325-4713 \u2013 (043) 3325-4404.<\/p>\n<p><strong>Ceasa Maring\u00e1<\/strong><\/p>\n<p>Dia\u00a015\u00a0de\u00a0novembro, sexta-feira,\u00a0mercado\u00a0aberto.<\/p>\n<p>Hor\u00e1rio: de segunda-feira a sexta-feira, das 5h30 \u00e0s 12 horas.<\/p>\n<p>S\u00e1bados: das 5h30 \u00e0s 10 horas.<\/p>\n<p>Endere\u00e7o: Rodovia PR-317, n\u00ba 6.330 \u2013 Sa\u00edda para Campo Mour\u00e3o.<\/p>\n<p>CEP: 87.065-901 \u2013 Maring\u00e1 \u2013 Paran\u00e1.<\/p>\n<p>Fone: (044) 3266-1147.<\/p>\n<p><strong>Ceasa Foz do Igua\u00e7u<\/strong><\/p>\n<p>Dia\u00a015\u00a0de\u00a0novembro, sexta-feira,\u00a0mercado\u00a0aberto.<\/p>\n<p>Hor\u00e1rio: de segunda-feira a sexta-feira, das 5\u00a0as 15 horas.<\/p>\n<p>S\u00e1bados, das 5 as 14 horas.<\/p>\n<p>Endere\u00e7o: Av. Juscelino Kubitschek, n\u00ba 1.254.<\/p>\n<p>CEP: 85.864-000 \u2013 Foz do Igua\u00e7u \u2013 Paran\u00e1.<\/p>\n<p>Fone: (045) 3522-1129.<\/p>\n<p><strong>Ceasa Curitiba<\/strong><\/p>\n<p>Dia\u00a015\u00a0de\u00a0novembro, sexta-feira,\u00a0mercado fechado.<\/p>\n<p>Hor\u00e1rio: Boxes de segunda-feira\u00a0a s\u00e1bado, das 4h30 \u00e0s 12 horas.<\/p>\n<p>Mercado do Produtor, de segunda-feira a s\u00e1bado, das 4h30 as 12 horas.<\/p>\n<p>Mercado de Flores: de segunda-feira a s\u00e1bado, das 6 \u00c0s 14 horas.<\/p>\n<p>Endere\u00e7o: BR 116, km 111, n\u00ba 22.881 \u2013 bairro Tatuquara.<\/p>\n<p>CEP: 81.690-901 \u2013 Curitiba \u2013 Paran\u00e1.<\/p>\n<p>Fones: Ger\u00eancia (041) 3341-8300 \u2013 3348-6690.<\/p>\n<p>Mercado do Produtor \u2013 (041) 3348-6690.<\/p>\n<p><strong>Ceasa Cascavel<\/strong><\/p>\n<p>Dia 15 de novembro, sexta-feira, mercado fechado.<\/p>\n<p>Hor\u00e1rio: de segunda-feira a s\u00e1bado, das\u00a05h30\u00a0as 12 horas.<\/p>\n<p>Endere\u00e7o: BR 467 \u2013 km 110,6 \u2013 Sa\u00edda para Toledo.<\/p>\n<p>CEP: 85.809-630 \u2013 Cascavel \u2013 Paran\u00e1.<\/p>\n<p>Fone: (045) 3323-6741 \u2013 (045) 3323-5335-\u00a0(045) 3323-3508.<\/p>\n<p><strong>Ceasa Paran\u00e1 Administra\u00e7\u00e3o<\/strong><\/p>\n<p>Dia 14 de novembro, quinta-feira, ponto facultativo, fechada.<\/p>\n<p>Dia 15 de novembro, sexta-feira, fechada.<\/p>\n<p>Hor\u00e1rio:\u00a0de segunda a sexta-feira das 7h \u00e0s 12h, e das 13h \u00e0s 16 horas.<\/p>\n<p>Endere\u00e7o: BR 116, km 111, n\u00ba 22.881 \u2013 bairro Tatuquara.<\/p>\n<p>CEP: 80.230-000 \u2013 Curitiba \u2013 Paran\u00e1.<\/p>\n<p>Fone: (0**41) 3253-3232 \u2013 (041) 3352-7456.<\/p>\n<p><strong>Mais informa\u00e7\u00f5es Podem ser obtidas no\u00a0<a class=\"0\" href=\"https:\/\/www.ceasa.pr.gov.br\/\" target=\"_blank\" rel=\"nofollow noopener\">site da Ceasa Paran\u00e1.<\/a><\/strong><\/p>\n<p>(aen)<\/p>\n<\/div>\n","protected":false},"excerpt":{"rendered":"<p>J\u00e1 as unidades de Londrina, Maring\u00e1 e Foz do Igua\u00e7u estar\u00e3o abertas normalmente na pr\u00f3xima<\/p>\n","protected":false},"author":4,"featured_media":45242,"comment_status":"open","ping_status":"open","sticky":false,"template":"","format":"standard","meta":{"footnotes":""},"categories":[3,4],"tags":[],"class_list":["post-45241","post","type-post","status-publish","format-standard","has-post-thumbnail","hentry","category-destaques","category-parana"],"yoast_head":"<!-- This site is optimized with the Yoast SEO plugin v27.5 - https:\/\/yoast.com\/product\/yoast-seo-wordpress\/ -->\n<title>Ceasas de Curitiba e Cascavel n\u00e3o abrem no feriado de 15 de novembro - Jornal<\/title>\n<meta name=\"description\" content=\"Ceasas de Curitiba e Cascavel n\u00e3o abrem no feriado de 15 de novembro\" \/>\n<meta name=\"robots\" content=\"index, follow, max-snippet:-1, max-image-preview:large, max-video-preview:-1\" \/>\n<link rel=\"canonical\" href=\"https:\/\/jornalboasnoticias.com.br\/home\/ceasas-de-curitiba-e-cascavel-nao-abrem-no-feriado-de-15-de-novembro\/\" \/>\n<meta property=\"og:locale\" content=\"pt_BR\" \/>\n<meta property=\"og:type\" content=\"article\" \/>\n<meta property=\"og:title\" content=\"Ceasas de Curitiba e Cascavel n\u00e3o abrem no feriado de 15 de novembro - Jornal\" \/>\n<meta property=\"og:description\" content=\"Ceasas de Curitiba e Cascavel n\u00e3o abrem no feriado de 15 de novembro\" \/>\n<meta property=\"og:url\" content=\"https:\/\/jornalboasnoticias.com.br\/home\/ceasas-de-curitiba-e-cascavel-nao-abrem-no-feriado-de-15-de-novembro\/\" \/>\n<meta property=\"og:site_name\" content=\"Jornal\" \/>\n<meta property=\"article:publisher\" content=\"https:\/\/www.facebook.com\/boasnoticiasjornal\" \/>\n<meta property=\"article:published_time\" content=\"2024-11-12T16:45:25+00:00\" \/>\n<meta property=\"og:image\" content=\"https:\/\/jornalboasnoticias.com.br\/home\/wp-content\/uploads\/2024\/11\/drone_ceasa_foto_rdziura-0709.jpg\" \/>\n\t<meta property=\"og:image:width\" content=\"2421\" \/>\n\t<meta property=\"og:image:height\" content=\"1614\" \/>\n\t<meta property=\"og:image:type\" content=\"image\/jpeg\" \/>\n<meta name=\"author\" content=\"Ana Luiza Bonatto\" \/>\n<meta name=\"twitter:card\" content=\"summary_large_image\" \/>\n<meta name=\"twitter:label1\" content=\"Escrito por\" \/>\n\t<meta name=\"twitter:data1\" content=\"Ana Luiza Bonatto\" \/>\n\t<meta name=\"twitter:label2\" content=\"Est. tempo de leitura\" \/>\n\t<meta name=\"twitter:data2\" content=\"3 minutos\" \/>\n<script type=\"application\/ld+json\" class=\"yoast-schema-graph\">{\"@context\":\"https:\\\/\\\/schema.org\",\"@graph\":[{\"@type\":\"Article\",\"@id\":\"https:\\\/\\\/jornalboasnoticias.com.br\\\/home\\\/ceasas-de-curitiba-e-cascavel-nao-abrem-no-feriado-de-15-de-novembro\\\/#article\",\"isPartOf\":{\"@id\":\"https:\\\/\\\/jornalboasnoticias.com.br\\\/home\\\/ceasas-de-curitiba-e-cascavel-nao-abrem-no-feriado-de-15-de-novembro\\\/\"},\"author\":{\"name\":\"Ana Luiza Bonatto\",\"@id\":\"https:\\\/\\\/jornalboasnoticias.com.br\\\/home\\\/#\\\/schema\\\/person\\\/d641193e0afc6405b390164dac847971\"},\"headline\":\"Ceasas de Curitiba e Cascavel n\u00e3o abrem no feriado de 15 de novembro\",\"datePublished\":\"2024-11-12T16:45:25+00:00\",\"mainEntityOfPage\":{\"@id\":\"https:\\\/\\\/jornalboasnoticias.com.br\\\/home\\\/ceasas-de-curitiba-e-cascavel-nao-abrem-no-feriado-de-15-de-novembro\\\/\"},\"wordCount\":417,\"commentCount\":0,\"publisher\":{\"@id\":\"https:\\\/\\\/jornalboasnoticias.com.br\\\/home\\\/#organization\"},\"image\":{\"@id\":\"https:\\\/\\\/jornalboasnoticias.com.br\\\/home\\\/ceasas-de-curitiba-e-cascavel-nao-abrem-no-feriado-de-15-de-novembro\\\/#primaryimage\"},\"thumbnailUrl\":\"https:\\\/\\\/jornalboasnoticias.com.br\\\/home\\\/wp-content\\\/uploads\\\/2024\\\/11\\\/drone_ceasa_foto_rdziura-0709.jpg\",\"articleSection\":[\"DESTAQUE\",\"PARAN\u00c1\"],\"inLanguage\":\"pt-BR\",\"potentialAction\":[{\"@type\":\"CommentAction\",\"name\":\"Comment\",\"target\":[\"https:\\\/\\\/jornalboasnoticias.com.br\\\/home\\\/ceasas-de-curitiba-e-cascavel-nao-abrem-no-feriado-de-15-de-novembro\\\/#respond\"]}]},{\"@type\":\"WebPage\",\"@id\":\"https:\\\/\\\/jornalboasnoticias.com.br\\\/home\\\/ceasas-de-curitiba-e-cascavel-nao-abrem-no-feriado-de-15-de-novembro\\\/\",\"url\":\"https:\\\/\\\/jornalboasnoticias.com.br\\\/home\\\/ceasas-de-curitiba-e-cascavel-nao-abrem-no-feriado-de-15-de-novembro\\\/\",\"name\":\"Ceasas de Curitiba e Cascavel n\u00e3o abrem no feriado de 15 de novembro - Jornal\",\"isPartOf\":{\"@id\":\"https:\\\/\\\/jornalboasnoticias.com.br\\\/home\\\/#website\"},\"primaryImageOfPage\":{\"@id\":\"https:\\\/\\\/jornalboasnoticias.com.br\\\/home\\\/ceasas-de-curitiba-e-cascavel-nao-abrem-no-feriado-de-15-de-novembro\\\/#primaryimage\"},\"image\":{\"@id\":\"https:\\\/\\\/jornalboasnoticias.com.br\\\/home\\\/ceasas-de-curitiba-e-cascavel-nao-abrem-no-feriado-de-15-de-novembro\\\/#primaryimage\"},\"thumbnailUrl\":\"https:\\\/\\\/jornalboasnoticias.com.br\\\/home\\\/wp-content\\\/uploads\\\/2024\\\/11\\\/drone_ceasa_foto_rdziura-0709.jpg\",\"datePublished\":\"2024-11-12T16:45:25+00:00\",\"description\":\"Ceasas de Curitiba e Cascavel n\u00e3o abrem no feriado de 15 de novembro\",\"breadcrumb\":{\"@id\":\"https:\\\/\\\/jornalboasnoticias.com.br\\\/home\\\/ceasas-de-curitiba-e-cascavel-nao-abrem-no-feriado-de-15-de-novembro\\\/#breadcrumb\"},\"inLanguage\":\"pt-BR\",\"potentialAction\":[{\"@type\":\"ReadAction\",\"target\":[\"https:\\\/\\\/jornalboasnoticias.com.br\\\/home\\\/ceasas-de-curitiba-e-cascavel-nao-abrem-no-feriado-de-15-de-novembro\\\/\"]}]},{\"@type\":\"ImageObject\",\"inLanguage\":\"pt-BR\",\"@id\":\"https:\\\/\\\/jornalboasnoticias.com.br\\\/home\\\/ceasas-de-curitiba-e-cascavel-nao-abrem-no-feriado-de-15-de-novembro\\\/#primaryimage\",\"url\":\"https:\\\/\\\/jornalboasnoticias.com.br\\\/home\\\/wp-content\\\/uploads\\\/2024\\\/11\\\/drone_ceasa_foto_rdziura-0709.jpg\",\"contentUrl\":\"https:\\\/\\\/jornalboasnoticias.com.br\\\/home\\\/wp-content\\\/uploads\\\/2024\\\/11\\\/drone_ceasa_foto_rdziura-0709.jpg\",\"width\":2421,\"height\":1614,\"caption\":\"Curitiba, 06 de janeiro de 2023 - Central de Abastecimento (Ceasa), localizado no bairro Tatuquara, em Curitiba.\"},{\"@type\":\"BreadcrumbList\",\"@id\":\"https:\\\/\\\/jornalboasnoticias.com.br\\\/home\\\/ceasas-de-curitiba-e-cascavel-nao-abrem-no-feriado-de-15-de-novembro\\\/#breadcrumb\",\"itemListElement\":[{\"@type\":\"ListItem\",\"position\":1,\"name\":\"In\u00edcio\",\"item\":\"https:\\\/\\\/jornalboasnoticias.com.br\\\/home\\\/\"},{\"@type\":\"ListItem\",\"position\":2,\"name\":\"Ceasas de Curitiba e Cascavel n\u00e3o abrem no feriado de 15 de novembro\"}]},{\"@type\":\"WebSite\",\"@id\":\"https:\\\/\\\/jornalboasnoticias.com.br\\\/home\\\/#website\",\"url\":\"https:\\\/\\\/jornalboasnoticias.com.br\\\/home\\\/\",\"name\":\"Jornal Boas Not\u00edcias\",\"description\":\"Boas not\u00edcias\",\"publisher\":{\"@id\":\"https:\\\/\\\/jornalboasnoticias.com.br\\\/home\\\/#organization\"},\"potentialAction\":[{\"@type\":\"SearchAction\",\"target\":{\"@type\":\"EntryPoint\",\"urlTemplate\":\"https:\\\/\\\/jornalboasnoticias.com.br\\\/home\\\/?s={search_term_string}\"},\"query-input\":{\"@type\":\"PropertyValueSpecification\",\"valueRequired\":true,\"valueName\":\"search_term_string\"}}],\"inLanguage\":\"pt-BR\"},{\"@type\":\"Organization\",\"@id\":\"https:\\\/\\\/jornalboasnoticias.com.br\\\/home\\\/#organization\",\"name\":\"Coq Editora Ltda\",\"alternateName\":\"Jornal Boas Noticias\",\"url\":\"https:\\\/\\\/jornalboasnoticias.com.br\\\/home\\\/\",\"logo\":{\"@type\":\"ImageObject\",\"inLanguage\":\"pt-BR\",\"@id\":\"https:\\\/\\\/jornalboasnoticias.com.br\\\/home\\\/#\\\/schema\\\/logo\\\/image\\\/\",\"url\":\"https:\\\/\\\/jornalboasnoticias.com.br\\\/home\\\/wp-content\\\/uploads\\\/2024\\\/07\\\/cropped-logo.jpg\",\"contentUrl\":\"https:\\\/\\\/jornalboasnoticias.com.br\\\/home\\\/wp-content\\\/uploads\\\/2024\\\/07\\\/cropped-logo.jpg\",\"width\":290,\"height\":142,\"caption\":\"Coq Editora Ltda\"},\"image\":{\"@id\":\"https:\\\/\\\/jornalboasnoticias.com.br\\\/home\\\/#\\\/schema\\\/logo\\\/image\\\/\"},\"sameAs\":[\"https:\\\/\\\/www.facebook.com\\\/boasnoticiasjornal\"]},{\"@type\":\"Person\",\"@id\":\"https:\\\/\\\/jornalboasnoticias.com.br\\\/home\\\/#\\\/schema\\\/person\\\/d641193e0afc6405b390164dac847971\",\"name\":\"Ana Luiza Bonatto\",\"image\":{\"@type\":\"ImageObject\",\"inLanguage\":\"pt-BR\",\"@id\":\"https:\\\/\\\/secure.gravatar.com\\\/avatar\\\/8a055ebe6373371f67ac6fcf313c0ac0b0a91157fdcdb9514fa62927373348f0?s=96&d=mm&r=g\",\"url\":\"https:\\\/\\\/secure.gravatar.com\\\/avatar\\\/8a055ebe6373371f67ac6fcf313c0ac0b0a91157fdcdb9514fa62927373348f0?s=96&d=mm&r=g\",\"contentUrl\":\"https:\\\/\\\/secure.gravatar.com\\\/avatar\\\/8a055ebe6373371f67ac6fcf313c0ac0b0a91157fdcdb9514fa62927373348f0?s=96&d=mm&r=g\",\"caption\":\"Ana Luiza Bonatto\"},\"url\":\"https:\\\/\\\/jornalboasnoticias.com.br\\\/home\\\/author\\\/ana-luiza\\\/\"}]}<\/script>\n<!-- \/ Yoast SEO plugin. -->","yoast_head_json":{"title":"Ceasas de Curitiba e Cascavel n\u00e3o abrem no feriado de 15 de novembro - Jornal","description":"Ceasas de Curitiba e Cascavel n\u00e3o abrem no feriado de 15 de novembro","robots":{"index":"index","follow":"follow","max-snippet":"max-snippet:-1","max-image-preview":"max-image-preview:large","max-video-preview":"max-video-preview:-1"},"canonical":"https:\/\/jornalboasnoticias.com.br\/home\/ceasas-de-curitiba-e-cascavel-nao-abrem-no-feriado-de-15-de-novembro\/","og_locale":"pt_BR","og_type":"article","og_title":"Ceasas de Curitiba e Cascavel n\u00e3o abrem no feriado de 15 de novembro - Jornal","og_description":"Ceasas de Curitiba e Cascavel n\u00e3o abrem no feriado de 15 de novembro","og_url":"https:\/\/jornalboasnoticias.com.br\/home\/ceasas-de-curitiba-e-cascavel-nao-abrem-no-feriado-de-15-de-novembro\/","og_site_name":"Jornal","article_publisher":"https:\/\/www.facebook.com\/boasnoticiasjornal","article_published_time":"2024-11-12T16:45:25+00:00","og_image":[{"width":2421,"height":1614,"url":"https:\/\/jornalboasnoticias.com.br\/home\/wp-content\/uploads\/2024\/11\/drone_ceasa_foto_rdziura-0709.jpg","type":"image\/jpeg"}],"author":"Ana Luiza Bonatto","twitter_card":"summary_large_image","twitter_misc":{"Escrito por":"Ana Luiza Bonatto","Est. tempo de leitura":"3 minutos"},"schema":{"@context":"https:\/\/schema.org","@graph":[{"@type":"Article","@id":"https:\/\/jornalboasnoticias.com.br\/home\/ceasas-de-curitiba-e-cascavel-nao-abrem-no-feriado-de-15-de-novembro\/#article","isPartOf":{"@id":"https:\/\/jornalboasnoticias.com.br\/home\/ceasas-de-curitiba-e-cascavel-nao-abrem-no-feriado-de-15-de-novembro\/"},"author":{"name":"Ana Luiza Bonatto","@id":"https:\/\/jornalboasnoticias.com.br\/home\/#\/schema\/person\/d641193e0afc6405b390164dac847971"},"headline":"Ceasas de Curitiba e Cascavel n\u00e3o abrem no feriado de 15 de novembro","datePublished":"2024-11-12T16:45:25+00:00","mainEntityOfPage":{"@id":"https:\/\/jornalboasnoticias.com.br\/home\/ceasas-de-curitiba-e-cascavel-nao-abrem-no-feriado-de-15-de-novembro\/"},"wordCount":417,"commentCount":0,"publisher":{"@id":"https:\/\/jornalboasnoticias.com.br\/home\/#organization"},"image":{"@id":"https:\/\/jornalboasnoticias.com.br\/home\/ceasas-de-curitiba-e-cascavel-nao-abrem-no-feriado-de-15-de-novembro\/#primaryimage"},"thumbnailUrl":"https:\/\/jornalboasnoticias.com.br\/home\/wp-content\/uploads\/2024\/11\/drone_ceasa_foto_rdziura-0709.jpg","articleSection":["DESTAQUE","PARAN\u00c1"],"inLanguage":"pt-BR","potentialAction":[{"@type":"CommentAction","name":"Comment","target":["https:\/\/jornalboasnoticias.com.br\/home\/ceasas-de-curitiba-e-cascavel-nao-abrem-no-feriado-de-15-de-novembro\/#respond"]}]},{"@type":"WebPage","@id":"https:\/\/jornalboasnoticias.com.br\/home\/ceasas-de-curitiba-e-cascavel-nao-abrem-no-feriado-de-15-de-novembro\/","url":"https:\/\/jornalboasnoticias.com.br\/home\/ceasas-de-curitiba-e-cascavel-nao-abrem-no-feriado-de-15-de-novembro\/","name":"Ceasas de Curitiba e Cascavel n\u00e3o abrem no feriado de 15 de novembro - Jornal","isPartOf":{"@id":"https:\/\/jornalboasnoticias.com.br\/home\/#website"},"primaryImageOfPage":{"@id":"https:\/\/jornalboasnoticias.com.br\/home\/ceasas-de-curitiba-e-cascavel-nao-abrem-no-feriado-de-15-de-novembro\/#primaryimage"},"image":{"@id":"https:\/\/jornalboasnoticias.com.br\/home\/ceasas-de-curitiba-e-cascavel-nao-abrem-no-feriado-de-15-de-novembro\/#primaryimage"},"thumbnailUrl":"https:\/\/jornalboasnoticias.com.br\/home\/wp-content\/uploads\/2024\/11\/drone_ceasa_foto_rdziura-0709.jpg","datePublished":"2024-11-12T16:45:25+00:00","description":"Ceasas de Curitiba e Cascavel n\u00e3o abrem no feriado de 15 de novembro","breadcrumb":{"@id":"https:\/\/jornalboasnoticias.com.br\/home\/ceasas-de-curitiba-e-cascavel-nao-abrem-no-feriado-de-15-de-novembro\/#breadcrumb"},"inLanguage":"pt-BR","potentialAction":[{"@type":"ReadAction","target":["https:\/\/jornalboasnoticias.com.br\/home\/ceasas-de-curitiba-e-cascavel-nao-abrem-no-feriado-de-15-de-novembro\/"]}]},{"@type":"ImageObject","inLanguage":"pt-BR","@id":"https:\/\/jornalboasnoticias.com.br\/home\/ceasas-de-curitiba-e-cascavel-nao-abrem-no-feriado-de-15-de-novembro\/#primaryimage","url":"https:\/\/jornalboasnoticias.com.br\/home\/wp-content\/uploads\/2024\/11\/drone_ceasa_foto_rdziura-0709.jpg","contentUrl":"https:\/\/jornalboasnoticias.com.br\/home\/wp-content\/uploads\/2024\/11\/drone_ceasa_foto_rdziura-0709.jpg","width":2421,"height":1614,"caption":"Curitiba, 06 de janeiro de 2023 - Central de Abastecimento (Ceasa), localizado no bairro Tatuquara, em Curitiba."},{"@type":"BreadcrumbList","@id":"https:\/\/jornalboasnoticias.com.br\/home\/ceasas-de-curitiba-e-cascavel-nao-abrem-no-feriado-de-15-de-novembro\/#breadcrumb","itemListElement":[{"@type":"ListItem","position":1,"name":"In\u00edcio","item":"https:\/\/jornalboasnoticias.com.br\/home\/"},{"@type":"ListItem","position":2,"name":"Ceasas de Curitiba e Cascavel n\u00e3o abrem no feriado de 15 de novembro"}]},{"@type":"WebSite","@id":"https:\/\/jornalboasnoticias.com.br\/home\/#website","url":"https:\/\/jornalboasnoticias.com.br\/home\/","name":"Jornal Boas Not\u00edcias","description":"Boas not\u00edcias","publisher":{"@id":"https:\/\/jornalboasnoticias.com.br\/home\/#organization"},"potentialAction":[{"@type":"SearchAction","target":{"@type":"EntryPoint","urlTemplate":"https:\/\/jornalboasnoticias.com.br\/home\/?s={search_term_string}"},"query-input":{"@type":"PropertyValueSpecification","valueRequired":true,"valueName":"search_term_string"}}],"inLanguage":"pt-BR"},{"@type":"Organization","@id":"https:\/\/jornalboasnoticias.com.br\/home\/#organization","name":"Coq Editora Ltda","alternateName":"Jornal Boas Noticias","url":"https:\/\/jornalboasnoticias.com.br\/home\/","logo":{"@type":"ImageObject","inLanguage":"pt-BR","@id":"https:\/\/jornalboasnoticias.com.br\/home\/#\/schema\/logo\/image\/","url":"https:\/\/jornalboasnoticias.com.br\/home\/wp-content\/uploads\/2024\/07\/cropped-logo.jpg","contentUrl":"https:\/\/jornalboasnoticias.com.br\/home\/wp-content\/uploads\/2024\/07\/cropped-logo.jpg","width":290,"height":142,"caption":"Coq Editora Ltda"},"image":{"@id":"https:\/\/jornalboasnoticias.com.br\/home\/#\/schema\/logo\/image\/"},"sameAs":["https:\/\/www.facebook.com\/boasnoticiasjornal"]},{"@type":"Person","@id":"https:\/\/jornalboasnoticias.com.br\/home\/#\/schema\/person\/d641193e0afc6405b390164dac847971","name":"Ana Luiza Bonatto","image":{"@type":"ImageObject","inLanguage":"pt-BR","@id":"https:\/\/secure.gravatar.com\/avatar\/8a055ebe6373371f67ac6fcf313c0ac0b0a91157fdcdb9514fa62927373348f0?s=96&d=mm&r=g","url":"https:\/\/secure.gravatar.com\/avatar\/8a055ebe6373371f67ac6fcf313c0ac0b0a91157fdcdb9514fa62927373348f0?s=96&d=mm&r=g","contentUrl":"https:\/\/secure.gravatar.com\/avatar\/8a055ebe6373371f67ac6fcf313c0ac0b0a91157fdcdb9514fa62927373348f0?s=96&d=mm&r=g","caption":"Ana Luiza Bonatto"},"url":"https:\/\/jornalboasnoticias.com.br\/home\/author\/ana-luiza\/"}]}},"_links":{"self":[{"href":"https:\/\/jornalboasnoticias.com.br\/home\/wp-json\/wp\/v2\/posts\/45241","targetHints":{"allow":["GET"]}}],"collection":[{"href":"https:\/\/jornalboasnoticias.com.br\/home\/wp-json\/wp\/v2\/posts"}],"about":[{"href":"https:\/\/jornalboasnoticias.com.br\/home\/wp-json\/wp\/v2\/types\/post"}],"author":[{"embeddable":true,"href":"https:\/\/jornalboasnoticias.com.br\/home\/wp-json\/wp\/v2\/users\/4"}],"replies":[{"embeddable":true,"href":"https:\/\/jornalboasnoticias.com.br\/home\/wp-json\/wp\/v2\/comments?post=45241"}],"version-history":[{"count":2,"href":"https:\/\/jornalboasnoticias.com.br\/home\/wp-json\/wp\/v2\/posts\/45241\/revisions"}],"predecessor-version":[{"id":45244,"href":"https:\/\/jornalboasnoticias.com.br\/home\/wp-json\/wp\/v2\/posts\/45241\/revisions\/45244"}],"wp:featuredmedia":[{"embeddable":true,"href":"https:\/\/jornalboasnoticias.com.br\/home\/wp-json\/wp\/v2\/media\/45242"}],"wp:attachment":[{"href":"https:\/\/jornalboasnoticias.com.br\/home\/wp-json\/wp\/v2\/media?parent=45241"}],"wp:term":[{"taxonomy":"category","embeddable":true,"href":"https:\/\/jornalboasnoticias.com.br\/home\/wp-json\/wp\/v2\/categories?post=45241"},{"taxonomy":"post_tag","embeddable":true,"href":"https:\/\/jornalboasnoticias.com.br\/home\/wp-json\/wp\/v2\/tags?post=45241"}],"curies":[{"name":"wp","href":"https:\/\/api.w.org\/{rel}","templated":true}]}}