{"id":45235,"date":"2024-11-12T16:42:37","date_gmt":"2024-11-12T16:42:37","guid":{"rendered":"https:\/\/jornalboasnoticias.com.br\/home\/?p=45235"},"modified":"2024-11-12T16:42:37","modified_gmt":"2024-11-12T16:42:37","slug":"parana-sediara-conferencia-sobre-clima-e-solucoes-para-reduzir-impactos-ambientais","status":"publish","type":"post","link":"https:\/\/jornalboasnoticias.com.br\/home\/parana-sediara-conferencia-sobre-clima-e-solucoes-para-reduzir-impactos-ambientais\/","title":{"rendered":"Paran\u00e1 sediar\u00e1 confer\u00eancia sobre clima e solu\u00e7\u00f5es para reduzir impactos ambientais"},"content":{"rendered":"<blockquote>\n<div class=\"not-escopo-destaque\">\n<div class=\"field field--name-field-escopo-destaque field--type-string-long field--label-hidden field--item\">A 1\u00aa Confer\u00eancia Paranaense de Emerg\u00eancia Clim\u00e1tica (Cpec 2024) ser\u00e1 realizada entre os dias 2 e 4 de dezembro, em Foz do Igua\u00e7u, no Oeste do Estado. O evento reunir\u00e1 pesquisadores de oito universidades que desenvolvem estudos cient\u00edficos relacionados \u00e0s quest\u00f5es ambientais e clim\u00e1ticas. Inscri\u00e7\u00f5es v\u00e3o at\u00e9 30 de novembro.<\/div>\n<\/div>\n<\/blockquote>\n<div>\n<div class=\"row\">\n<div class=\"col-sm-8 col-md-offset-1 bloco-central\">\n<article class=\"node node--type-noticia node--promoted node--view-mode-full clearfix\" role=\"article\" data-history-node-id=\"69923\">\n<div class=\"node__content clearfix\">\n<div class=\"field field--name-field-texto field--type-text-long field--label-hidden field--item\">\n<p>O Paran\u00e1 vai sediar a 1\u00aa Confer\u00eancia Paranaense de Emerg\u00eancia Clim\u00e1tica (Cpec 2024), que ser\u00e1 realizada entre os dias 2 e 4 de dezembro, em Foz do Igua\u00e7u, na regi\u00e3o Oeste do Paran\u00e1. Evento reunir\u00e1 pesquisadores de oito universidades que desenvolvem estudos cient\u00edficos relacionados \u00e0s quest\u00f5es ambientais e clim\u00e1ticas.<\/p>\n<p>O objetivo \u00e9 debater solu\u00e7\u00f5es e articular a\u00e7\u00f5es de pesquisa cient\u00edfica para enfrentar as mudan\u00e7as clim\u00e1ticas, com foco em adapta\u00e7\u00e3o e mitiga\u00e7\u00e3o de impactos ambientais, sociais e econ\u00f4micos.<\/p>\n<p>A iniciativa \u00e9 voltada para professores e estudantes de gradua\u00e7\u00e3o e p\u00f3s-gradua\u00e7\u00e3o de diferentes \u00e1reas do conhecimento, como climatologia, biologia, geografia, ci\u00eancias ambientais e sociais, al\u00e9m de representantes de organiza\u00e7\u00f5es empresariais, governamentais e da sociedade civil. Os interessados podem se inscrever gratuitamente at\u00e9 30 de novembro (<strong><a class=\"0\" href=\"https:\/\/docs.google.com\/forms\/d\/e\/1FAIpQLSfbCUk_f_oioAluLEEtIo1EETrb8Y4evzEVDr9XyZnTEFoB2g\/viewform?pli=1\" target=\"_blank\" rel=\"nofollow noopener\">AQUI<\/a><\/strong>).<\/p>\n<p>A confer\u00eancia \u00e9 uma a\u00e7\u00e3o do\u00a0<a class=\"0\" href=\"https:\/\/www.iaraucaria.pr.gov.br\/napi-emergencia-climatica\/\" target=\"_blank\" rel=\"nofollow noopener\"><strong>Novo Arranjo de Pesquisa e Inova\u00e7\u00e3o (Napi)<\/strong>\u00a0em Emerg\u00eancia Clim\u00e1tica<\/a>\u00a0e conta com o apoio do Governo do Estado, por meio das secretarias da Ci\u00eancia, Tecnologia e Ensino Superior (Seti), e do Desenvolvimento Sustent\u00e1vel (Sedest), da Funda\u00e7\u00e3o Arauc\u00e1ria; e da Itaipu Binacional.<\/p>\n<p>Para o coordenador do Napi Emerg\u00eancia Clim\u00e1tica, professor Francisco de Assis Mendon\u00e7a, da Universidade Federal do Paran\u00e1 (UFPR), \u00e9 importante aprofundar o entendimento sobre as mudan\u00e7as clim\u00e1ticas e a necessidade de a\u00e7\u00f5es concretas para mitigar os efeitos. \u201cA ideia \u00e9 avan\u00e7ar no conhecimento sobre as mudan\u00e7as clim\u00e1ticas e levantar medidas e a\u00e7\u00f5es para que seja poss\u00edvel enfrentar, com base na ci\u00eancia, os impactos e os riscos associados \u00e0 emerg\u00eancia clim\u00e1tica\u201d, afirma.<\/p>\n<p><strong>PROGRAMA\u00c7\u00c3O<\/strong>\u00a0\u2013 O climatologista Carlos Afonso Nobre, agraciado com o Nobel da Paz, est\u00e1 confirmado para a palestra de abertura da confer\u00eancia, cuja\u00a0<strong><a class=\"0\" href=\"https:\/\/www.seti.pr.gov.br\/Arquivo\/Cpec2024-Programacao\" target=\"_blank\" rel=\"nofollow noopener\">programa\u00e7\u00e3o<\/a><\/strong>\u00a0contar\u00e1 com especialistas das \u00e1reas ambientais e clim\u00e1ticas de diferentes regi\u00f5es do Brasil.<\/p>\n<p>Ao longo do evento, palestras, pain\u00e9is e mesas-redondas ir\u00e3o abordar epis\u00f3dios clim\u00e1ticos recentes, como as enchentes no Rio Grande do Sul, a seca severa na Amaz\u00f4nia e as queimadas acima da m\u00e9dia em todo o pa\u00eds. Tamb\u00e9m haver\u00e1 exposi\u00e7\u00e3o de 68 projetos de pesquisa, desenvolvidos no Paran\u00e1 e em outros estados.<\/p>\n<p><strong>ARRANJO DE PESQUISA\u00a0<\/strong>\u2013 O Napi Emerg\u00eancia Clim\u00e1tica tem como finalidade desenvolver estudos para entender e analisar como as atividades urbanas, industriais e agr\u00edcolas podem se adaptar aos cen\u00e1rios clim\u00e1ticos, que tendem a gerar mais eventos extremos. O foco \u00e9 reduzir os riscos para a natureza, buscando evitar os danos causados pelas mudan\u00e7as clim\u00e1ticas globais.<\/p>\n<p>Com investimento de R$ 3,2 milh\u00f5es, o arranjo de pesquisa re\u00fane professores e estudantes das universidades estaduais de Londrina (UEL), Maring\u00e1 (UEM), Ponta Grossa (UEPG), do Oeste do Paran\u00e1 (Unioeste) e do Centro-Oeste (Unicentro); da Universidade Federal do Paran\u00e1 (UFPR), da Universidade Tecnol\u00f3gica Federal do Paran\u00e1 (UTFPR) e da Pontif\u00edcia Universidade Cat\u00f3lica do Paran\u00e1 (PUCPR).<\/p>\n<p><strong>Servi\u00e7o:<\/strong><\/p>\n<p>Confer\u00eancia Paranaense de Emerg\u00eancia Clim\u00e1tica (Cpec 2024)<\/p>\n<p>Data: 2 a 4 de dezembro<\/p>\n<p>Local: Grand Carim\u00e3 Resort &amp; Convention Center \u2013 Av. das Cataratas, 4790 \u2013 Vila Carim\u00e3 \u2013 Foz do Igua\u00e7u<\/p>\n<p>Inscri\u00e7\u00f5es: at\u00e9 30 de novembro \u2013\u00a0<strong><a class=\"0\" href=\"https:\/\/docs.google.com\/forms\/d\/e\/1FAIpQLSfbCUk_f_oioAluLEEtIo1EETrb8Y4evzEVDr9XyZnTEFoB2g\/viewform?pli=1\" target=\"_blank\" rel=\"nofollow noopener\">AQUI<\/a><\/strong><\/p>\n<p>(aen)<\/p>\n<\/div>\n<\/div>\n<\/article>\n<\/div>\n<\/div>\n<\/div>\n","protected":false},"excerpt":{"rendered":"<p>A 1\u00aa Confer\u00eancia Paranaense de Emerg\u00eancia Clim\u00e1tica (Cpec 2024) ser\u00e1 realizada entre os dias 2<\/p>\n","protected":false},"author":4,"featured_media":45236,"comment_status":"open","ping_status":"open","sticky":false,"template":"","format":"standard","meta":{"footnotes":""},"categories":[4],"tags":[],"class_list":["post-45235","post","type-post","status-publish","format-standard","has-post-thumbnail","hentry","category-parana"],"yoast_head":"<!-- This site is optimized with the Yoast SEO plugin v27.5 - https:\/\/yoast.com\/product\/yoast-seo-wordpress\/ -->\n<title>Paran\u00e1 sediar\u00e1 confer\u00eancia sobre clima e solu\u00e7\u00f5es para reduzir impactos ambientais - Jornal<\/title>\n<meta name=\"description\" content=\"Paran\u00e1 sediar\u00e1 confer\u00eancia sobre clima e solu\u00e7\u00f5es para reduzir impactos ambientais\" \/>\n<meta name=\"robots\" content=\"index, follow, max-snippet:-1, max-image-preview:large, max-video-preview:-1\" \/>\n<link rel=\"canonical\" href=\"https:\/\/jornalboasnoticias.com.br\/home\/parana-sediara-conferencia-sobre-clima-e-solucoes-para-reduzir-impactos-ambientais\/\" \/>\n<meta property=\"og:locale\" content=\"pt_BR\" \/>\n<meta property=\"og:type\" content=\"article\" \/>\n<meta property=\"og:title\" content=\"Paran\u00e1 sediar\u00e1 confer\u00eancia sobre clima e solu\u00e7\u00f5es para reduzir impactos ambientais - Jornal\" \/>\n<meta property=\"og:description\" content=\"Paran\u00e1 sediar\u00e1 confer\u00eancia sobre clima e solu\u00e7\u00f5es para reduzir impactos ambientais\" \/>\n<meta property=\"og:url\" content=\"https:\/\/jornalboasnoticias.com.br\/home\/parana-sediara-conferencia-sobre-clima-e-solucoes-para-reduzir-impactos-ambientais\/\" \/>\n<meta property=\"og:site_name\" content=\"Jornal\" \/>\n<meta property=\"article:publisher\" content=\"https:\/\/www.facebook.com\/boasnoticiasjornal\" \/>\n<meta property=\"article:published_time\" content=\"2024-11-12T16:42:37+00:00\" \/>\n<meta property=\"og:image\" content=\"https:\/\/jornalboasnoticias.com.br\/home\/wp-content\/uploads\/2024\/11\/cpec-card_noticias-scaled.jpg\" \/>\n\t<meta property=\"og:image:width\" content=\"2560\" \/>\n\t<meta property=\"og:image:height\" content=\"1707\" \/>\n\t<meta property=\"og:image:type\" content=\"image\/jpeg\" \/>\n<meta name=\"author\" content=\"Ana Luiza Bonatto\" \/>\n<meta name=\"twitter:card\" content=\"summary_large_image\" \/>\n<meta name=\"twitter:label1\" content=\"Escrito por\" \/>\n\t<meta name=\"twitter:data1\" content=\"Ana Luiza Bonatto\" \/>\n\t<meta name=\"twitter:label2\" content=\"Est. tempo de leitura\" \/>\n\t<meta name=\"twitter:data2\" content=\"3 minutos\" \/>\n<script type=\"application\/ld+json\" class=\"yoast-schema-graph\">{\"@context\":\"https:\\\/\\\/schema.org\",\"@graph\":[{\"@type\":\"Article\",\"@id\":\"https:\\\/\\\/jornalboasnoticias.com.br\\\/home\\\/parana-sediara-conferencia-sobre-clima-e-solucoes-para-reduzir-impactos-ambientais\\\/#article\",\"isPartOf\":{\"@id\":\"https:\\\/\\\/jornalboasnoticias.com.br\\\/home\\\/parana-sediara-conferencia-sobre-clima-e-solucoes-para-reduzir-impactos-ambientais\\\/\"},\"author\":{\"name\":\"Ana Luiza Bonatto\",\"@id\":\"https:\\\/\\\/jornalboasnoticias.com.br\\\/home\\\/#\\\/schema\\\/person\\\/d641193e0afc6405b390164dac847971\"},\"headline\":\"Paran\u00e1 sediar\u00e1 confer\u00eancia sobre clima e solu\u00e7\u00f5es para reduzir impactos ambientais\",\"datePublished\":\"2024-11-12T16:42:37+00:00\",\"mainEntityOfPage\":{\"@id\":\"https:\\\/\\\/jornalboasnoticias.com.br\\\/home\\\/parana-sediara-conferencia-sobre-clima-e-solucoes-para-reduzir-impactos-ambientais\\\/\"},\"wordCount\":601,\"commentCount\":0,\"publisher\":{\"@id\":\"https:\\\/\\\/jornalboasnoticias.com.br\\\/home\\\/#organization\"},\"image\":{\"@id\":\"https:\\\/\\\/jornalboasnoticias.com.br\\\/home\\\/parana-sediara-conferencia-sobre-clima-e-solucoes-para-reduzir-impactos-ambientais\\\/#primaryimage\"},\"thumbnailUrl\":\"https:\\\/\\\/jornalboasnoticias.com.br\\\/home\\\/wp-content\\\/uploads\\\/2024\\\/11\\\/cpec-card_noticias-scaled.jpg\",\"articleSection\":[\"PARAN\u00c1\"],\"inLanguage\":\"pt-BR\",\"potentialAction\":[{\"@type\":\"CommentAction\",\"name\":\"Comment\",\"target\":[\"https:\\\/\\\/jornalboasnoticias.com.br\\\/home\\\/parana-sediara-conferencia-sobre-clima-e-solucoes-para-reduzir-impactos-ambientais\\\/#respond\"]}]},{\"@type\":\"WebPage\",\"@id\":\"https:\\\/\\\/jornalboasnoticias.com.br\\\/home\\\/parana-sediara-conferencia-sobre-clima-e-solucoes-para-reduzir-impactos-ambientais\\\/\",\"url\":\"https:\\\/\\\/jornalboasnoticias.com.br\\\/home\\\/parana-sediara-conferencia-sobre-clima-e-solucoes-para-reduzir-impactos-ambientais\\\/\",\"name\":\"Paran\u00e1 sediar\u00e1 confer\u00eancia sobre clima e solu\u00e7\u00f5es para reduzir impactos ambientais - Jornal\",\"isPartOf\":{\"@id\":\"https:\\\/\\\/jornalboasnoticias.com.br\\\/home\\\/#website\"},\"primaryImageOfPage\":{\"@id\":\"https:\\\/\\\/jornalboasnoticias.com.br\\\/home\\\/parana-sediara-conferencia-sobre-clima-e-solucoes-para-reduzir-impactos-ambientais\\\/#primaryimage\"},\"image\":{\"@id\":\"https:\\\/\\\/jornalboasnoticias.com.br\\\/home\\\/parana-sediara-conferencia-sobre-clima-e-solucoes-para-reduzir-impactos-ambientais\\\/#primaryimage\"},\"thumbnailUrl\":\"https:\\\/\\\/jornalboasnoticias.com.br\\\/home\\\/wp-content\\\/uploads\\\/2024\\\/11\\\/cpec-card_noticias-scaled.jpg\",\"datePublished\":\"2024-11-12T16:42:37+00:00\",\"description\":\"Paran\u00e1 sediar\u00e1 confer\u00eancia sobre clima e solu\u00e7\u00f5es para reduzir impactos ambientais\",\"breadcrumb\":{\"@id\":\"https:\\\/\\\/jornalboasnoticias.com.br\\\/home\\\/parana-sediara-conferencia-sobre-clima-e-solucoes-para-reduzir-impactos-ambientais\\\/#breadcrumb\"},\"inLanguage\":\"pt-BR\",\"potentialAction\":[{\"@type\":\"ReadAction\",\"target\":[\"https:\\\/\\\/jornalboasnoticias.com.br\\\/home\\\/parana-sediara-conferencia-sobre-clima-e-solucoes-para-reduzir-impactos-ambientais\\\/\"]}]},{\"@type\":\"ImageObject\",\"inLanguage\":\"pt-BR\",\"@id\":\"https:\\\/\\\/jornalboasnoticias.com.br\\\/home\\\/parana-sediara-conferencia-sobre-clima-e-solucoes-para-reduzir-impactos-ambientais\\\/#primaryimage\",\"url\":\"https:\\\/\\\/jornalboasnoticias.com.br\\\/home\\\/wp-content\\\/uploads\\\/2024\\\/11\\\/cpec-card_noticias-scaled.jpg\",\"contentUrl\":\"https:\\\/\\\/jornalboasnoticias.com.br\\\/home\\\/wp-content\\\/uploads\\\/2024\\\/11\\\/cpec-card_noticias-scaled.jpg\",\"width\":2560,\"height\":1707},{\"@type\":\"BreadcrumbList\",\"@id\":\"https:\\\/\\\/jornalboasnoticias.com.br\\\/home\\\/parana-sediara-conferencia-sobre-clima-e-solucoes-para-reduzir-impactos-ambientais\\\/#breadcrumb\",\"itemListElement\":[{\"@type\":\"ListItem\",\"position\":1,\"name\":\"In\u00edcio\",\"item\":\"https:\\\/\\\/jornalboasnoticias.com.br\\\/home\\\/\"},{\"@type\":\"ListItem\",\"position\":2,\"name\":\"Paran\u00e1 sediar\u00e1 confer\u00eancia sobre clima e solu\u00e7\u00f5es para reduzir impactos ambientais\"}]},{\"@type\":\"WebSite\",\"@id\":\"https:\\\/\\\/jornalboasnoticias.com.br\\\/home\\\/#website\",\"url\":\"https:\\\/\\\/jornalboasnoticias.com.br\\\/home\\\/\",\"name\":\"Jornal Boas Not\u00edcias\",\"description\":\"Boas not\u00edcias\",\"publisher\":{\"@id\":\"https:\\\/\\\/jornalboasnoticias.com.br\\\/home\\\/#organization\"},\"potentialAction\":[{\"@type\":\"SearchAction\",\"target\":{\"@type\":\"EntryPoint\",\"urlTemplate\":\"https:\\\/\\\/jornalboasnoticias.com.br\\\/home\\\/?s={search_term_string}\"},\"query-input\":{\"@type\":\"PropertyValueSpecification\",\"valueRequired\":true,\"valueName\":\"search_term_string\"}}],\"inLanguage\":\"pt-BR\"},{\"@type\":\"Organization\",\"@id\":\"https:\\\/\\\/jornalboasnoticias.com.br\\\/home\\\/#organization\",\"name\":\"Coq Editora Ltda\",\"alternateName\":\"Jornal Boas Noticias\",\"url\":\"https:\\\/\\\/jornalboasnoticias.com.br\\\/home\\\/\",\"logo\":{\"@type\":\"ImageObject\",\"inLanguage\":\"pt-BR\",\"@id\":\"https:\\\/\\\/jornalboasnoticias.com.br\\\/home\\\/#\\\/schema\\\/logo\\\/image\\\/\",\"url\":\"https:\\\/\\\/jornalboasnoticias.com.br\\\/home\\\/wp-content\\\/uploads\\\/2024\\\/07\\\/cropped-logo.jpg\",\"contentUrl\":\"https:\\\/\\\/jornalboasnoticias.com.br\\\/home\\\/wp-content\\\/uploads\\\/2024\\\/07\\\/cropped-logo.jpg\",\"width\":290,\"height\":142,\"caption\":\"Coq Editora Ltda\"},\"image\":{\"@id\":\"https:\\\/\\\/jornalboasnoticias.com.br\\\/home\\\/#\\\/schema\\\/logo\\\/image\\\/\"},\"sameAs\":[\"https:\\\/\\\/www.facebook.com\\\/boasnoticiasjornal\"]},{\"@type\":\"Person\",\"@id\":\"https:\\\/\\\/jornalboasnoticias.com.br\\\/home\\\/#\\\/schema\\\/person\\\/d641193e0afc6405b390164dac847971\",\"name\":\"Ana Luiza Bonatto\",\"image\":{\"@type\":\"ImageObject\",\"inLanguage\":\"pt-BR\",\"@id\":\"https:\\\/\\\/secure.gravatar.com\\\/avatar\\\/8a055ebe6373371f67ac6fcf313c0ac0b0a91157fdcdb9514fa62927373348f0?s=96&d=mm&r=g\",\"url\":\"https:\\\/\\\/secure.gravatar.com\\\/avatar\\\/8a055ebe6373371f67ac6fcf313c0ac0b0a91157fdcdb9514fa62927373348f0?s=96&d=mm&r=g\",\"contentUrl\":\"https:\\\/\\\/secure.gravatar.com\\\/avatar\\\/8a055ebe6373371f67ac6fcf313c0ac0b0a91157fdcdb9514fa62927373348f0?s=96&d=mm&r=g\",\"caption\":\"Ana Luiza Bonatto\"},\"url\":\"https:\\\/\\\/jornalboasnoticias.com.br\\\/home\\\/author\\\/ana-luiza\\\/\"}]}<\/script>\n<!-- \/ Yoast SEO plugin. -->","yoast_head_json":{"title":"Paran\u00e1 sediar\u00e1 confer\u00eancia sobre clima e solu\u00e7\u00f5es para reduzir impactos ambientais - Jornal","description":"Paran\u00e1 sediar\u00e1 confer\u00eancia sobre clima e solu\u00e7\u00f5es para reduzir impactos ambientais","robots":{"index":"index","follow":"follow","max-snippet":"max-snippet:-1","max-image-preview":"max-image-preview:large","max-video-preview":"max-video-preview:-1"},"canonical":"https:\/\/jornalboasnoticias.com.br\/home\/parana-sediara-conferencia-sobre-clima-e-solucoes-para-reduzir-impactos-ambientais\/","og_locale":"pt_BR","og_type":"article","og_title":"Paran\u00e1 sediar\u00e1 confer\u00eancia sobre clima e solu\u00e7\u00f5es para reduzir impactos ambientais - Jornal","og_description":"Paran\u00e1 sediar\u00e1 confer\u00eancia sobre clima e solu\u00e7\u00f5es para reduzir impactos ambientais","og_url":"https:\/\/jornalboasnoticias.com.br\/home\/parana-sediara-conferencia-sobre-clima-e-solucoes-para-reduzir-impactos-ambientais\/","og_site_name":"Jornal","article_publisher":"https:\/\/www.facebook.com\/boasnoticiasjornal","article_published_time":"2024-11-12T16:42:37+00:00","og_image":[{"width":2560,"height":1707,"url":"https:\/\/jornalboasnoticias.com.br\/home\/wp-content\/uploads\/2024\/11\/cpec-card_noticias-scaled.jpg","type":"image\/jpeg"}],"author":"Ana Luiza Bonatto","twitter_card":"summary_large_image","twitter_misc":{"Escrito por":"Ana Luiza Bonatto","Est. tempo de leitura":"3 minutos"},"schema":{"@context":"https:\/\/schema.org","@graph":[{"@type":"Article","@id":"https:\/\/jornalboasnoticias.com.br\/home\/parana-sediara-conferencia-sobre-clima-e-solucoes-para-reduzir-impactos-ambientais\/#article","isPartOf":{"@id":"https:\/\/jornalboasnoticias.com.br\/home\/parana-sediara-conferencia-sobre-clima-e-solucoes-para-reduzir-impactos-ambientais\/"},"author":{"name":"Ana Luiza Bonatto","@id":"https:\/\/jornalboasnoticias.com.br\/home\/#\/schema\/person\/d641193e0afc6405b390164dac847971"},"headline":"Paran\u00e1 sediar\u00e1 confer\u00eancia sobre clima e solu\u00e7\u00f5es para reduzir impactos ambientais","datePublished":"2024-11-12T16:42:37+00:00","mainEntityOfPage":{"@id":"https:\/\/jornalboasnoticias.com.br\/home\/parana-sediara-conferencia-sobre-clima-e-solucoes-para-reduzir-impactos-ambientais\/"},"wordCount":601,"commentCount":0,"publisher":{"@id":"https:\/\/jornalboasnoticias.com.br\/home\/#organization"},"image":{"@id":"https:\/\/jornalboasnoticias.com.br\/home\/parana-sediara-conferencia-sobre-clima-e-solucoes-para-reduzir-impactos-ambientais\/#primaryimage"},"thumbnailUrl":"https:\/\/jornalboasnoticias.com.br\/home\/wp-content\/uploads\/2024\/11\/cpec-card_noticias-scaled.jpg","articleSection":["PARAN\u00c1"],"inLanguage":"pt-BR","potentialAction":[{"@type":"CommentAction","name":"Comment","target":["https:\/\/jornalboasnoticias.com.br\/home\/parana-sediara-conferencia-sobre-clima-e-solucoes-para-reduzir-impactos-ambientais\/#respond"]}]},{"@type":"WebPage","@id":"https:\/\/jornalboasnoticias.com.br\/home\/parana-sediara-conferencia-sobre-clima-e-solucoes-para-reduzir-impactos-ambientais\/","url":"https:\/\/jornalboasnoticias.com.br\/home\/parana-sediara-conferencia-sobre-clima-e-solucoes-para-reduzir-impactos-ambientais\/","name":"Paran\u00e1 sediar\u00e1 confer\u00eancia sobre clima e solu\u00e7\u00f5es para reduzir impactos ambientais - Jornal","isPartOf":{"@id":"https:\/\/jornalboasnoticias.com.br\/home\/#website"},"primaryImageOfPage":{"@id":"https:\/\/jornalboasnoticias.com.br\/home\/parana-sediara-conferencia-sobre-clima-e-solucoes-para-reduzir-impactos-ambientais\/#primaryimage"},"image":{"@id":"https:\/\/jornalboasnoticias.com.br\/home\/parana-sediara-conferencia-sobre-clima-e-solucoes-para-reduzir-impactos-ambientais\/#primaryimage"},"thumbnailUrl":"https:\/\/jornalboasnoticias.com.br\/home\/wp-content\/uploads\/2024\/11\/cpec-card_noticias-scaled.jpg","datePublished":"2024-11-12T16:42:37+00:00","description":"Paran\u00e1 sediar\u00e1 confer\u00eancia sobre clima e solu\u00e7\u00f5es para reduzir impactos ambientais","breadcrumb":{"@id":"https:\/\/jornalboasnoticias.com.br\/home\/parana-sediara-conferencia-sobre-clima-e-solucoes-para-reduzir-impactos-ambientais\/#breadcrumb"},"inLanguage":"pt-BR","potentialAction":[{"@type":"ReadAction","target":["https:\/\/jornalboasnoticias.com.br\/home\/parana-sediara-conferencia-sobre-clima-e-solucoes-para-reduzir-impactos-ambientais\/"]}]},{"@type":"ImageObject","inLanguage":"pt-BR","@id":"https:\/\/jornalboasnoticias.com.br\/home\/parana-sediara-conferencia-sobre-clima-e-solucoes-para-reduzir-impactos-ambientais\/#primaryimage","url":"https:\/\/jornalboasnoticias.com.br\/home\/wp-content\/uploads\/2024\/11\/cpec-card_noticias-scaled.jpg","contentUrl":"https:\/\/jornalboasnoticias.com.br\/home\/wp-content\/uploads\/2024\/11\/cpec-card_noticias-scaled.jpg","width":2560,"height":1707},{"@type":"BreadcrumbList","@id":"https:\/\/jornalboasnoticias.com.br\/home\/parana-sediara-conferencia-sobre-clima-e-solucoes-para-reduzir-impactos-ambientais\/#breadcrumb","itemListElement":[{"@type":"ListItem","position":1,"name":"In\u00edcio","item":"https:\/\/jornalboasnoticias.com.br\/home\/"},{"@type":"ListItem","position":2,"name":"Paran\u00e1 sediar\u00e1 confer\u00eancia sobre clima e solu\u00e7\u00f5es para reduzir impactos ambientais"}]},{"@type":"WebSite","@id":"https:\/\/jornalboasnoticias.com.br\/home\/#website","url":"https:\/\/jornalboasnoticias.com.br\/home\/","name":"Jornal Boas Not\u00edcias","description":"Boas not\u00edcias","publisher":{"@id":"https:\/\/jornalboasnoticias.com.br\/home\/#organization"},"potentialAction":[{"@type":"SearchAction","target":{"@type":"EntryPoint","urlTemplate":"https:\/\/jornalboasnoticias.com.br\/home\/?s={search_term_string}"},"query-input":{"@type":"PropertyValueSpecification","valueRequired":true,"valueName":"search_term_string"}}],"inLanguage":"pt-BR"},{"@type":"Organization","@id":"https:\/\/jornalboasnoticias.com.br\/home\/#organization","name":"Coq Editora Ltda","alternateName":"Jornal Boas Noticias","url":"https:\/\/jornalboasnoticias.com.br\/home\/","logo":{"@type":"ImageObject","inLanguage":"pt-BR","@id":"https:\/\/jornalboasnoticias.com.br\/home\/#\/schema\/logo\/image\/","url":"https:\/\/jornalboasnoticias.com.br\/home\/wp-content\/uploads\/2024\/07\/cropped-logo.jpg","contentUrl":"https:\/\/jornalboasnoticias.com.br\/home\/wp-content\/uploads\/2024\/07\/cropped-logo.jpg","width":290,"height":142,"caption":"Coq Editora Ltda"},"image":{"@id":"https:\/\/jornalboasnoticias.com.br\/home\/#\/schema\/logo\/image\/"},"sameAs":["https:\/\/www.facebook.com\/boasnoticiasjornal"]},{"@type":"Person","@id":"https:\/\/jornalboasnoticias.com.br\/home\/#\/schema\/person\/d641193e0afc6405b390164dac847971","name":"Ana Luiza Bonatto","image":{"@type":"ImageObject","inLanguage":"pt-BR","@id":"https:\/\/secure.gravatar.com\/avatar\/8a055ebe6373371f67ac6fcf313c0ac0b0a91157fdcdb9514fa62927373348f0?s=96&d=mm&r=g","url":"https:\/\/secure.gravatar.com\/avatar\/8a055ebe6373371f67ac6fcf313c0ac0b0a91157fdcdb9514fa62927373348f0?s=96&d=mm&r=g","contentUrl":"https:\/\/secure.gravatar.com\/avatar\/8a055ebe6373371f67ac6fcf313c0ac0b0a91157fdcdb9514fa62927373348f0?s=96&d=mm&r=g","caption":"Ana Luiza Bonatto"},"url":"https:\/\/jornalboasnoticias.com.br\/home\/author\/ana-luiza\/"}]}},"_links":{"self":[{"href":"https:\/\/jornalboasnoticias.com.br\/home\/wp-json\/wp\/v2\/posts\/45235","targetHints":{"allow":["GET"]}}],"collection":[{"href":"https:\/\/jornalboasnoticias.com.br\/home\/wp-json\/wp\/v2\/posts"}],"about":[{"href":"https:\/\/jornalboasnoticias.com.br\/home\/wp-json\/wp\/v2\/types\/post"}],"author":[{"embeddable":true,"href":"https:\/\/jornalboasnoticias.com.br\/home\/wp-json\/wp\/v2\/users\/4"}],"replies":[{"embeddable":true,"href":"https:\/\/jornalboasnoticias.com.br\/home\/wp-json\/wp\/v2\/comments?post=45235"}],"version-history":[{"count":1,"href":"https:\/\/jornalboasnoticias.com.br\/home\/wp-json\/wp\/v2\/posts\/45235\/revisions"}],"predecessor-version":[{"id":45237,"href":"https:\/\/jornalboasnoticias.com.br\/home\/wp-json\/wp\/v2\/posts\/45235\/revisions\/45237"}],"wp:featuredmedia":[{"embeddable":true,"href":"https:\/\/jornalboasnoticias.com.br\/home\/wp-json\/wp\/v2\/media\/45236"}],"wp:attachment":[{"href":"https:\/\/jornalboasnoticias.com.br\/home\/wp-json\/wp\/v2\/media?parent=45235"}],"wp:term":[{"taxonomy":"category","embeddable":true,"href":"https:\/\/jornalboasnoticias.com.br\/home\/wp-json\/wp\/v2\/categories?post=45235"},{"taxonomy":"post_tag","embeddable":true,"href":"https:\/\/jornalboasnoticias.com.br\/home\/wp-json\/wp\/v2\/tags?post=45235"}],"curies":[{"name":"wp","href":"https:\/\/api.w.org\/{rel}","templated":true}]}}