{"id":45232,"date":"2024-11-12T16:41:17","date_gmt":"2024-11-12T16:41:17","guid":{"rendered":"https:\/\/jornalboasnoticias.com.br\/home\/?p=45232"},"modified":"2024-11-12T16:41:17","modified_gmt":"2024-11-12T16:41:17","slug":"de-bebidas-a-moveis-parana-lidera-crescimento-da-producao-industrial-em-varios-segmentos","status":"publish","type":"post","link":"https:\/\/jornalboasnoticias.com.br\/home\/de-bebidas-a-moveis-parana-lidera-crescimento-da-producao-industrial-em-varios-segmentos\/","title":{"rendered":"De bebidas a m\u00f3veis: Paran\u00e1 lidera crescimento da produ\u00e7\u00e3o industrial em v\u00e1rios segmentos"},"content":{"rendered":"<div class=\"not-escopo-destaque\">\n<div>\n<figure id=\"attachment_45233\" aria-describedby=\"caption-attachment-45233\" style=\"width: 2560px\" class=\"wp-caption alignnone\"><img loading=\"lazy\" decoding=\"async\" class=\"size-full wp-image-45233\" src=\"https:\/\/jornalboasnoticias.com.br\/home\/wp-content\/uploads\/2024\/11\/colibri_moveis010-scaled.jpg\" alt=\"\" width=\"2560\" height=\"1707\" srcset=\"https:\/\/jornalboasnoticias.com.br\/home\/wp-content\/uploads\/2024\/11\/colibri_moveis010-scaled.jpg 2560w, https:\/\/jornalboasnoticias.com.br\/home\/wp-content\/uploads\/2024\/11\/colibri_moveis010-300x200.jpg 300w, https:\/\/jornalboasnoticias.com.br\/home\/wp-content\/uploads\/2024\/11\/colibri_moveis010-1024x683.jpg 1024w, https:\/\/jornalboasnoticias.com.br\/home\/wp-content\/uploads\/2024\/11\/colibri_moveis010-768x512.jpg 768w, https:\/\/jornalboasnoticias.com.br\/home\/wp-content\/uploads\/2024\/11\/colibri_moveis010-1536x1024.jpg 1536w, https:\/\/jornalboasnoticias.com.br\/home\/wp-content\/uploads\/2024\/11\/colibri_moveis010-2048x1365.jpg 2048w, https:\/\/jornalboasnoticias.com.br\/home\/wp-content\/uploads\/2024\/11\/colibri_moveis010-900x600.jpg 900w\" sizes=\"auto, (max-width: 2560px) 100vw, 2560px\" \/><figcaption id=\"caption-attachment-45233\" class=\"wp-caption-text\">Jos\u00e9 Lopes Aquino da Colibri M\u00f3veis, empresa de Arapongas. Foto Gilson Abreu\/AEN<br \/>Foto Gilson Abreu\/AEN<\/figcaption><\/figure>\n<\/div>\n<\/div>\n<blockquote>\n<div class=\"not-escopo-destaque\">\n<div class=\"field field--name-field-escopo-destaque field--type-string-long field--label-hidden field--item\">A ind\u00fastria paranaense vem se destacando em diversos ramos em 2024. De janeiro a setembro deste ano, a produ\u00e7\u00e3o dos segmentos de bebidas, produtos de madeira, materiais el\u00e9tricos e m\u00f3veis cresceu, respectivamente, 13%, 12,5%, 28,5% e 13,1% em rela\u00e7\u00e3o ao mesmo per\u00edodo do ano passado.<\/div>\n<\/div>\n<\/blockquote>\n<div>\n<p>A ind\u00fastria paranaense vem se destacando em diversos ramos em 2024. De janeiro a setembro deste ano, segundo dados do Instituto Brasileiro de Geografia e Estat\u00edstica (IBGE), a produ\u00e7\u00e3o dos segmentos de bebidas, produtos de madeira, materiais el\u00e9tricos e m\u00f3veis cresceu, respectivamente, 13%, 12,5%, 28,5% e 13,1% em rela\u00e7\u00e3o ao mesmo per\u00edodo do ano passado. Em todos esses casos, o Paran\u00e1 lidera o ranking nacional de expans\u00e3o da produ\u00e7\u00e3o.<\/p>\n<p>Em bebidas, por exemplo, o crescimento foi 9,3 pontos percentuais acima da m\u00e9dia nacional, de 3,7%. Na fabrica\u00e7\u00e3o de m\u00f3veis o resultado \u00e9 3,2 pontos percentuais acima da m\u00e9dia nacional, de 9,9%.<\/p>\n<p>No ranking espec\u00edfico da regi\u00e3o Sul, o Paran\u00e1 \u00e9 l\u00edder tamb\u00e9m na fabrica\u00e7\u00e3o de ve\u00edculos automotores e papel e celulose, com taxas de crescimento de 9,6% e 2,2%, respectivamente, nos primeiros nove meses de 2024.<\/p>\n<p>Esses resultados da produ\u00e7\u00e3o v\u00eam acompanhados de bons n\u00fameros em termos de emprego. De acordo com estat\u00edsticas do Cadastro Geral de Empregados e Desempregados (Caged), do Minist\u00e9rio do Trabalho, os segmentos de bebidas, produtos de madeira, materiais el\u00e9tricos e m\u00f3veis foram respons\u00e1veis pela cria\u00e7\u00e3o de, respectivamente, 304, 1.667, 1.726 e 2.710 novas ocupa\u00e7\u00f5es com carteira assinada no Paran\u00e1 at\u00e9 o m\u00eas de setembro, o que demonstra a rela\u00e7\u00e3o entre o desempenho produtivo e o retorno social, com a gera\u00e7\u00e3o de emprego e renda.<\/p>\n<p>Segundo Jorge Callado, diretor-presidente do Ipardes, os n\u00fameros n\u00e3o deixam d\u00favida quanto \u00e0 amplitude do crescimento industrial paranaense, abrangendo desde ramos manufatureiros sofisticados, como s\u00e3o os casos das ind\u00fastrias automotiva e de material el\u00e9trico, at\u00e9 segmentos em que o Estado apresenta vantagens comparativas, como na fabrica\u00e7\u00e3o de produtos madeireiros e de papel e celulose.<\/p>\n<p>\u201cAl\u00e9m disso, n\u00e3o podemos esquecer que diversos ramos industriais receberam vultosos investimentos nos \u00faltimos anos, o que ampliou a capacidade instalada dessas atividades e, na sequ\u00eancia, possibilitou eleva\u00e7\u00e3o significativa dos n\u00edveis de produ\u00e7\u00e3o. O caso da ind\u00fastria paranaense de bebidas, com grandes plantas na regi\u00e3o dos Campos Gerais, \u00e9 emblem\u00e1tico nesse sentido\u201d, conclui o diretor-presidente.<\/p>\n<p>Desde 2020, empresas do setor de cervejas investiram cerca de\u00a0<a href=\"https:\/\/www.aen.pr.gov.br\/Noticia\/Do-campo-ao-copo-industria-cervejeira-investiu-R-5-bilhoes-em-5-anos-no-Parana\" target=\"_blank\" rel=\"noopener\">R$ 5 bilh\u00f5es<\/a>\u00a0n\u00e3o apenas para a fabrica\u00e7\u00e3o da bebida no Estado, mas tamb\u00e9m de outros insumos usados no processo, desde o malte at\u00e9 as garrafas. Eles est\u00e3o na\u00a0Maltaria Campos Gerais, expans\u00e3o da\u00a0Heineken e\u00a0f\u00e1brica de embalagens da Ambev.<\/p>\n<p>Em rela\u00e7\u00e3o ao setor moveleiro, o Paran\u00e1 tem atualmente o segundo maior n\u00famero de postos de trabalho e de ind\u00fastrias, gerando 38.490 empregos em mais de 3 mil estabelecimentos.<\/p>\n<p>Para o secret\u00e1rio da Ind\u00fastria, Com\u00e9rcio e Servi\u00e7os, Ricardo Barros, esses resultados refletem o esfor\u00e7o cont\u00ednuo do Governo do Estado em criar um ambiente favor\u00e1vel aos neg\u00f3cios, com pol\u00edticas p\u00fablicas que incentivam a inova\u00e7\u00e3o, a capacita\u00e7\u00e3o profissional e a melhoria da infraestrutura.<\/p>\n<p>\u201cO Paran\u00e1 est\u00e1 cada vez mais se consolidando como um polo industrial de destaque no Brasil, n\u00e3o apenas pela quantidade de produ\u00e7\u00e3o, mas tamb\u00e9m pela qualidade e competitividade de seus produtos. Com a lideran\u00e7a em diversos segmentos, temos a certeza de que estamos no caminho certo, gerando empregos, renda e desenvolvendo a economia local de forma sustent\u00e1vel e inovadora\u201d, afirmou.<\/p>\n<p>(AEN)<\/p>\n<\/div>\n","protected":false},"excerpt":{"rendered":"<p>A ind\u00fastria paranaense vem se destacando em diversos ramos em 2024. De janeiro a setembro<\/p>\n","protected":false},"author":4,"featured_media":45233,"comment_status":"open","ping_status":"open","sticky":false,"template":"","format":"standard","meta":{"footnotes":""},"categories":[4],"tags":[],"class_list":["post-45232","post","type-post","status-publish","format-standard","has-post-thumbnail","hentry","category-parana"],"yoast_head":"<!-- This site is optimized with the Yoast SEO plugin v27.5 - https:\/\/yoast.com\/product\/yoast-seo-wordpress\/ -->\n<title>De bebidas a m\u00f3veis: Paran\u00e1 lidera crescimento da produ\u00e7\u00e3o industrial em v\u00e1rios segmentos - Jornal<\/title>\n<meta name=\"description\" content=\"De bebidas a m\u00f3veis: Paran\u00e1 lidera crescimento da produ\u00e7\u00e3o industrial em v\u00e1rios segmentos\" \/>\n<meta name=\"robots\" content=\"index, follow, max-snippet:-1, max-image-preview:large, max-video-preview:-1\" \/>\n<link rel=\"canonical\" href=\"https:\/\/jornalboasnoticias.com.br\/home\/de-bebidas-a-moveis-parana-lidera-crescimento-da-producao-industrial-em-varios-segmentos\/\" \/>\n<meta property=\"og:locale\" content=\"pt_BR\" \/>\n<meta property=\"og:type\" content=\"article\" \/>\n<meta property=\"og:title\" content=\"De bebidas a m\u00f3veis: Paran\u00e1 lidera crescimento da produ\u00e7\u00e3o industrial em v\u00e1rios segmentos - Jornal\" \/>\n<meta property=\"og:description\" content=\"De bebidas a m\u00f3veis: Paran\u00e1 lidera crescimento da produ\u00e7\u00e3o industrial em v\u00e1rios segmentos\" \/>\n<meta property=\"og:url\" content=\"https:\/\/jornalboasnoticias.com.br\/home\/de-bebidas-a-moveis-parana-lidera-crescimento-da-producao-industrial-em-varios-segmentos\/\" \/>\n<meta property=\"og:site_name\" content=\"Jornal\" \/>\n<meta property=\"article:publisher\" content=\"https:\/\/www.facebook.com\/boasnoticiasjornal\" \/>\n<meta property=\"article:published_time\" content=\"2024-11-12T16:41:17+00:00\" \/>\n<meta property=\"og:image\" content=\"https:\/\/jornalboasnoticias.com.br\/home\/wp-content\/uploads\/2024\/11\/colibri_moveis010-scaled.jpg\" \/>\n\t<meta property=\"og:image:width\" content=\"2560\" \/>\n\t<meta property=\"og:image:height\" content=\"1707\" \/>\n\t<meta property=\"og:image:type\" content=\"image\/jpeg\" \/>\n<meta name=\"author\" content=\"Ana Luiza Bonatto\" \/>\n<meta name=\"twitter:card\" content=\"summary_large_image\" \/>\n<meta name=\"twitter:label1\" content=\"Escrito por\" \/>\n\t<meta name=\"twitter:data1\" content=\"Ana Luiza Bonatto\" \/>\n\t<meta name=\"twitter:label2\" content=\"Est. tempo de leitura\" \/>\n\t<meta name=\"twitter:data2\" content=\"4 minutos\" \/>\n<script type=\"application\/ld+json\" class=\"yoast-schema-graph\">{\"@context\":\"https:\\\/\\\/schema.org\",\"@graph\":[{\"@type\":\"Article\",\"@id\":\"https:\\\/\\\/jornalboasnoticias.com.br\\\/home\\\/de-bebidas-a-moveis-parana-lidera-crescimento-da-producao-industrial-em-varios-segmentos\\\/#article\",\"isPartOf\":{\"@id\":\"https:\\\/\\\/jornalboasnoticias.com.br\\\/home\\\/de-bebidas-a-moveis-parana-lidera-crescimento-da-producao-industrial-em-varios-segmentos\\\/\"},\"author\":{\"name\":\"Ana Luiza Bonatto\",\"@id\":\"https:\\\/\\\/jornalboasnoticias.com.br\\\/home\\\/#\\\/schema\\\/person\\\/d641193e0afc6405b390164dac847971\"},\"headline\":\"De bebidas a m\u00f3veis: Paran\u00e1 lidera crescimento da produ\u00e7\u00e3o industrial em v\u00e1rios segmentos\",\"datePublished\":\"2024-11-12T16:41:17+00:00\",\"mainEntityOfPage\":{\"@id\":\"https:\\\/\\\/jornalboasnoticias.com.br\\\/home\\\/de-bebidas-a-moveis-parana-lidera-crescimento-da-producao-industrial-em-varios-segmentos\\\/\"},\"wordCount\":648,\"commentCount\":0,\"publisher\":{\"@id\":\"https:\\\/\\\/jornalboasnoticias.com.br\\\/home\\\/#organization\"},\"image\":{\"@id\":\"https:\\\/\\\/jornalboasnoticias.com.br\\\/home\\\/de-bebidas-a-moveis-parana-lidera-crescimento-da-producao-industrial-em-varios-segmentos\\\/#primaryimage\"},\"thumbnailUrl\":\"https:\\\/\\\/jornalboasnoticias.com.br\\\/home\\\/wp-content\\\/uploads\\\/2024\\\/11\\\/colibri_moveis010-scaled.jpg\",\"articleSection\":[\"PARAN\u00c1\"],\"inLanguage\":\"pt-BR\",\"potentialAction\":[{\"@type\":\"CommentAction\",\"name\":\"Comment\",\"target\":[\"https:\\\/\\\/jornalboasnoticias.com.br\\\/home\\\/de-bebidas-a-moveis-parana-lidera-crescimento-da-producao-industrial-em-varios-segmentos\\\/#respond\"]}]},{\"@type\":\"WebPage\",\"@id\":\"https:\\\/\\\/jornalboasnoticias.com.br\\\/home\\\/de-bebidas-a-moveis-parana-lidera-crescimento-da-producao-industrial-em-varios-segmentos\\\/\",\"url\":\"https:\\\/\\\/jornalboasnoticias.com.br\\\/home\\\/de-bebidas-a-moveis-parana-lidera-crescimento-da-producao-industrial-em-varios-segmentos\\\/\",\"name\":\"De bebidas a m\u00f3veis: Paran\u00e1 lidera crescimento da produ\u00e7\u00e3o industrial em v\u00e1rios segmentos - Jornal\",\"isPartOf\":{\"@id\":\"https:\\\/\\\/jornalboasnoticias.com.br\\\/home\\\/#website\"},\"primaryImageOfPage\":{\"@id\":\"https:\\\/\\\/jornalboasnoticias.com.br\\\/home\\\/de-bebidas-a-moveis-parana-lidera-crescimento-da-producao-industrial-em-varios-segmentos\\\/#primaryimage\"},\"image\":{\"@id\":\"https:\\\/\\\/jornalboasnoticias.com.br\\\/home\\\/de-bebidas-a-moveis-parana-lidera-crescimento-da-producao-industrial-em-varios-segmentos\\\/#primaryimage\"},\"thumbnailUrl\":\"https:\\\/\\\/jornalboasnoticias.com.br\\\/home\\\/wp-content\\\/uploads\\\/2024\\\/11\\\/colibri_moveis010-scaled.jpg\",\"datePublished\":\"2024-11-12T16:41:17+00:00\",\"description\":\"De bebidas a m\u00f3veis: Paran\u00e1 lidera crescimento da produ\u00e7\u00e3o industrial em v\u00e1rios segmentos\",\"breadcrumb\":{\"@id\":\"https:\\\/\\\/jornalboasnoticias.com.br\\\/home\\\/de-bebidas-a-moveis-parana-lidera-crescimento-da-producao-industrial-em-varios-segmentos\\\/#breadcrumb\"},\"inLanguage\":\"pt-BR\",\"potentialAction\":[{\"@type\":\"ReadAction\",\"target\":[\"https:\\\/\\\/jornalboasnoticias.com.br\\\/home\\\/de-bebidas-a-moveis-parana-lidera-crescimento-da-producao-industrial-em-varios-segmentos\\\/\"]}]},{\"@type\":\"ImageObject\",\"inLanguage\":\"pt-BR\",\"@id\":\"https:\\\/\\\/jornalboasnoticias.com.br\\\/home\\\/de-bebidas-a-moveis-parana-lidera-crescimento-da-producao-industrial-em-varios-segmentos\\\/#primaryimage\",\"url\":\"https:\\\/\\\/jornalboasnoticias.com.br\\\/home\\\/wp-content\\\/uploads\\\/2024\\\/11\\\/colibri_moveis010-scaled.jpg\",\"contentUrl\":\"https:\\\/\\\/jornalboasnoticias.com.br\\\/home\\\/wp-content\\\/uploads\\\/2024\\\/11\\\/colibri_moveis010-scaled.jpg\",\"width\":2560,\"height\":1707,\"caption\":\"Jos\u00e9 Lopes Aquino da Colibri M\u00f3veis, empresa de Arapongas. Foto Gilson Abreu\\\/AEN Foto Gilson Abreu\\\/AEN\"},{\"@type\":\"BreadcrumbList\",\"@id\":\"https:\\\/\\\/jornalboasnoticias.com.br\\\/home\\\/de-bebidas-a-moveis-parana-lidera-crescimento-da-producao-industrial-em-varios-segmentos\\\/#breadcrumb\",\"itemListElement\":[{\"@type\":\"ListItem\",\"position\":1,\"name\":\"In\u00edcio\",\"item\":\"https:\\\/\\\/jornalboasnoticias.com.br\\\/home\\\/\"},{\"@type\":\"ListItem\",\"position\":2,\"name\":\"De bebidas a m\u00f3veis: Paran\u00e1 lidera crescimento da produ\u00e7\u00e3o industrial em v\u00e1rios segmentos\"}]},{\"@type\":\"WebSite\",\"@id\":\"https:\\\/\\\/jornalboasnoticias.com.br\\\/home\\\/#website\",\"url\":\"https:\\\/\\\/jornalboasnoticias.com.br\\\/home\\\/\",\"name\":\"Jornal Boas Not\u00edcias\",\"description\":\"Boas not\u00edcias\",\"publisher\":{\"@id\":\"https:\\\/\\\/jornalboasnoticias.com.br\\\/home\\\/#organization\"},\"potentialAction\":[{\"@type\":\"SearchAction\",\"target\":{\"@type\":\"EntryPoint\",\"urlTemplate\":\"https:\\\/\\\/jornalboasnoticias.com.br\\\/home\\\/?s={search_term_string}\"},\"query-input\":{\"@type\":\"PropertyValueSpecification\",\"valueRequired\":true,\"valueName\":\"search_term_string\"}}],\"inLanguage\":\"pt-BR\"},{\"@type\":\"Organization\",\"@id\":\"https:\\\/\\\/jornalboasnoticias.com.br\\\/home\\\/#organization\",\"name\":\"Coq Editora Ltda\",\"alternateName\":\"Jornal Boas Noticias\",\"url\":\"https:\\\/\\\/jornalboasnoticias.com.br\\\/home\\\/\",\"logo\":{\"@type\":\"ImageObject\",\"inLanguage\":\"pt-BR\",\"@id\":\"https:\\\/\\\/jornalboasnoticias.com.br\\\/home\\\/#\\\/schema\\\/logo\\\/image\\\/\",\"url\":\"https:\\\/\\\/jornalboasnoticias.com.br\\\/home\\\/wp-content\\\/uploads\\\/2024\\\/07\\\/cropped-logo.jpg\",\"contentUrl\":\"https:\\\/\\\/jornalboasnoticias.com.br\\\/home\\\/wp-content\\\/uploads\\\/2024\\\/07\\\/cropped-logo.jpg\",\"width\":290,\"height\":142,\"caption\":\"Coq Editora Ltda\"},\"image\":{\"@id\":\"https:\\\/\\\/jornalboasnoticias.com.br\\\/home\\\/#\\\/schema\\\/logo\\\/image\\\/\"},\"sameAs\":[\"https:\\\/\\\/www.facebook.com\\\/boasnoticiasjornal\"]},{\"@type\":\"Person\",\"@id\":\"https:\\\/\\\/jornalboasnoticias.com.br\\\/home\\\/#\\\/schema\\\/person\\\/d641193e0afc6405b390164dac847971\",\"name\":\"Ana Luiza Bonatto\",\"image\":{\"@type\":\"ImageObject\",\"inLanguage\":\"pt-BR\",\"@id\":\"https:\\\/\\\/secure.gravatar.com\\\/avatar\\\/8a055ebe6373371f67ac6fcf313c0ac0b0a91157fdcdb9514fa62927373348f0?s=96&d=mm&r=g\",\"url\":\"https:\\\/\\\/secure.gravatar.com\\\/avatar\\\/8a055ebe6373371f67ac6fcf313c0ac0b0a91157fdcdb9514fa62927373348f0?s=96&d=mm&r=g\",\"contentUrl\":\"https:\\\/\\\/secure.gravatar.com\\\/avatar\\\/8a055ebe6373371f67ac6fcf313c0ac0b0a91157fdcdb9514fa62927373348f0?s=96&d=mm&r=g\",\"caption\":\"Ana Luiza Bonatto\"},\"url\":\"https:\\\/\\\/jornalboasnoticias.com.br\\\/home\\\/author\\\/ana-luiza\\\/\"}]}<\/script>\n<!-- \/ Yoast SEO plugin. -->","yoast_head_json":{"title":"De bebidas a m\u00f3veis: Paran\u00e1 lidera crescimento da produ\u00e7\u00e3o industrial em v\u00e1rios segmentos - Jornal","description":"De bebidas a m\u00f3veis: Paran\u00e1 lidera crescimento da produ\u00e7\u00e3o industrial em v\u00e1rios segmentos","robots":{"index":"index","follow":"follow","max-snippet":"max-snippet:-1","max-image-preview":"max-image-preview:large","max-video-preview":"max-video-preview:-1"},"canonical":"https:\/\/jornalboasnoticias.com.br\/home\/de-bebidas-a-moveis-parana-lidera-crescimento-da-producao-industrial-em-varios-segmentos\/","og_locale":"pt_BR","og_type":"article","og_title":"De bebidas a m\u00f3veis: Paran\u00e1 lidera crescimento da produ\u00e7\u00e3o industrial em v\u00e1rios segmentos - Jornal","og_description":"De bebidas a m\u00f3veis: Paran\u00e1 lidera crescimento da produ\u00e7\u00e3o industrial em v\u00e1rios segmentos","og_url":"https:\/\/jornalboasnoticias.com.br\/home\/de-bebidas-a-moveis-parana-lidera-crescimento-da-producao-industrial-em-varios-segmentos\/","og_site_name":"Jornal","article_publisher":"https:\/\/www.facebook.com\/boasnoticiasjornal","article_published_time":"2024-11-12T16:41:17+00:00","og_image":[{"width":2560,"height":1707,"url":"https:\/\/jornalboasnoticias.com.br\/home\/wp-content\/uploads\/2024\/11\/colibri_moveis010-scaled.jpg","type":"image\/jpeg"}],"author":"Ana Luiza Bonatto","twitter_card":"summary_large_image","twitter_misc":{"Escrito por":"Ana Luiza Bonatto","Est. tempo de leitura":"4 minutos"},"schema":{"@context":"https:\/\/schema.org","@graph":[{"@type":"Article","@id":"https:\/\/jornalboasnoticias.com.br\/home\/de-bebidas-a-moveis-parana-lidera-crescimento-da-producao-industrial-em-varios-segmentos\/#article","isPartOf":{"@id":"https:\/\/jornalboasnoticias.com.br\/home\/de-bebidas-a-moveis-parana-lidera-crescimento-da-producao-industrial-em-varios-segmentos\/"},"author":{"name":"Ana Luiza Bonatto","@id":"https:\/\/jornalboasnoticias.com.br\/home\/#\/schema\/person\/d641193e0afc6405b390164dac847971"},"headline":"De bebidas a m\u00f3veis: Paran\u00e1 lidera crescimento da produ\u00e7\u00e3o industrial em v\u00e1rios segmentos","datePublished":"2024-11-12T16:41:17+00:00","mainEntityOfPage":{"@id":"https:\/\/jornalboasnoticias.com.br\/home\/de-bebidas-a-moveis-parana-lidera-crescimento-da-producao-industrial-em-varios-segmentos\/"},"wordCount":648,"commentCount":0,"publisher":{"@id":"https:\/\/jornalboasnoticias.com.br\/home\/#organization"},"image":{"@id":"https:\/\/jornalboasnoticias.com.br\/home\/de-bebidas-a-moveis-parana-lidera-crescimento-da-producao-industrial-em-varios-segmentos\/#primaryimage"},"thumbnailUrl":"https:\/\/jornalboasnoticias.com.br\/home\/wp-content\/uploads\/2024\/11\/colibri_moveis010-scaled.jpg","articleSection":["PARAN\u00c1"],"inLanguage":"pt-BR","potentialAction":[{"@type":"CommentAction","name":"Comment","target":["https:\/\/jornalboasnoticias.com.br\/home\/de-bebidas-a-moveis-parana-lidera-crescimento-da-producao-industrial-em-varios-segmentos\/#respond"]}]},{"@type":"WebPage","@id":"https:\/\/jornalboasnoticias.com.br\/home\/de-bebidas-a-moveis-parana-lidera-crescimento-da-producao-industrial-em-varios-segmentos\/","url":"https:\/\/jornalboasnoticias.com.br\/home\/de-bebidas-a-moveis-parana-lidera-crescimento-da-producao-industrial-em-varios-segmentos\/","name":"De bebidas a m\u00f3veis: Paran\u00e1 lidera crescimento da produ\u00e7\u00e3o industrial em v\u00e1rios segmentos - Jornal","isPartOf":{"@id":"https:\/\/jornalboasnoticias.com.br\/home\/#website"},"primaryImageOfPage":{"@id":"https:\/\/jornalboasnoticias.com.br\/home\/de-bebidas-a-moveis-parana-lidera-crescimento-da-producao-industrial-em-varios-segmentos\/#primaryimage"},"image":{"@id":"https:\/\/jornalboasnoticias.com.br\/home\/de-bebidas-a-moveis-parana-lidera-crescimento-da-producao-industrial-em-varios-segmentos\/#primaryimage"},"thumbnailUrl":"https:\/\/jornalboasnoticias.com.br\/home\/wp-content\/uploads\/2024\/11\/colibri_moveis010-scaled.jpg","datePublished":"2024-11-12T16:41:17+00:00","description":"De bebidas a m\u00f3veis: Paran\u00e1 lidera crescimento da produ\u00e7\u00e3o industrial em v\u00e1rios segmentos","breadcrumb":{"@id":"https:\/\/jornalboasnoticias.com.br\/home\/de-bebidas-a-moveis-parana-lidera-crescimento-da-producao-industrial-em-varios-segmentos\/#breadcrumb"},"inLanguage":"pt-BR","potentialAction":[{"@type":"ReadAction","target":["https:\/\/jornalboasnoticias.com.br\/home\/de-bebidas-a-moveis-parana-lidera-crescimento-da-producao-industrial-em-varios-segmentos\/"]}]},{"@type":"ImageObject","inLanguage":"pt-BR","@id":"https:\/\/jornalboasnoticias.com.br\/home\/de-bebidas-a-moveis-parana-lidera-crescimento-da-producao-industrial-em-varios-segmentos\/#primaryimage","url":"https:\/\/jornalboasnoticias.com.br\/home\/wp-content\/uploads\/2024\/11\/colibri_moveis010-scaled.jpg","contentUrl":"https:\/\/jornalboasnoticias.com.br\/home\/wp-content\/uploads\/2024\/11\/colibri_moveis010-scaled.jpg","width":2560,"height":1707,"caption":"Jos\u00e9 Lopes Aquino da Colibri M\u00f3veis, empresa de Arapongas. Foto Gilson Abreu\/AEN Foto Gilson Abreu\/AEN"},{"@type":"BreadcrumbList","@id":"https:\/\/jornalboasnoticias.com.br\/home\/de-bebidas-a-moveis-parana-lidera-crescimento-da-producao-industrial-em-varios-segmentos\/#breadcrumb","itemListElement":[{"@type":"ListItem","position":1,"name":"In\u00edcio","item":"https:\/\/jornalboasnoticias.com.br\/home\/"},{"@type":"ListItem","position":2,"name":"De bebidas a m\u00f3veis: Paran\u00e1 lidera crescimento da produ\u00e7\u00e3o industrial em v\u00e1rios segmentos"}]},{"@type":"WebSite","@id":"https:\/\/jornalboasnoticias.com.br\/home\/#website","url":"https:\/\/jornalboasnoticias.com.br\/home\/","name":"Jornal Boas Not\u00edcias","description":"Boas not\u00edcias","publisher":{"@id":"https:\/\/jornalboasnoticias.com.br\/home\/#organization"},"potentialAction":[{"@type":"SearchAction","target":{"@type":"EntryPoint","urlTemplate":"https:\/\/jornalboasnoticias.com.br\/home\/?s={search_term_string}"},"query-input":{"@type":"PropertyValueSpecification","valueRequired":true,"valueName":"search_term_string"}}],"inLanguage":"pt-BR"},{"@type":"Organization","@id":"https:\/\/jornalboasnoticias.com.br\/home\/#organization","name":"Coq Editora Ltda","alternateName":"Jornal Boas Noticias","url":"https:\/\/jornalboasnoticias.com.br\/home\/","logo":{"@type":"ImageObject","inLanguage":"pt-BR","@id":"https:\/\/jornalboasnoticias.com.br\/home\/#\/schema\/logo\/image\/","url":"https:\/\/jornalboasnoticias.com.br\/home\/wp-content\/uploads\/2024\/07\/cropped-logo.jpg","contentUrl":"https:\/\/jornalboasnoticias.com.br\/home\/wp-content\/uploads\/2024\/07\/cropped-logo.jpg","width":290,"height":142,"caption":"Coq Editora Ltda"},"image":{"@id":"https:\/\/jornalboasnoticias.com.br\/home\/#\/schema\/logo\/image\/"},"sameAs":["https:\/\/www.facebook.com\/boasnoticiasjornal"]},{"@type":"Person","@id":"https:\/\/jornalboasnoticias.com.br\/home\/#\/schema\/person\/d641193e0afc6405b390164dac847971","name":"Ana Luiza Bonatto","image":{"@type":"ImageObject","inLanguage":"pt-BR","@id":"https:\/\/secure.gravatar.com\/avatar\/8a055ebe6373371f67ac6fcf313c0ac0b0a91157fdcdb9514fa62927373348f0?s=96&d=mm&r=g","url":"https:\/\/secure.gravatar.com\/avatar\/8a055ebe6373371f67ac6fcf313c0ac0b0a91157fdcdb9514fa62927373348f0?s=96&d=mm&r=g","contentUrl":"https:\/\/secure.gravatar.com\/avatar\/8a055ebe6373371f67ac6fcf313c0ac0b0a91157fdcdb9514fa62927373348f0?s=96&d=mm&r=g","caption":"Ana Luiza Bonatto"},"url":"https:\/\/jornalboasnoticias.com.br\/home\/author\/ana-luiza\/"}]}},"_links":{"self":[{"href":"https:\/\/jornalboasnoticias.com.br\/home\/wp-json\/wp\/v2\/posts\/45232","targetHints":{"allow":["GET"]}}],"collection":[{"href":"https:\/\/jornalboasnoticias.com.br\/home\/wp-json\/wp\/v2\/posts"}],"about":[{"href":"https:\/\/jornalboasnoticias.com.br\/home\/wp-json\/wp\/v2\/types\/post"}],"author":[{"embeddable":true,"href":"https:\/\/jornalboasnoticias.com.br\/home\/wp-json\/wp\/v2\/users\/4"}],"replies":[{"embeddable":true,"href":"https:\/\/jornalboasnoticias.com.br\/home\/wp-json\/wp\/v2\/comments?post=45232"}],"version-history":[{"count":1,"href":"https:\/\/jornalboasnoticias.com.br\/home\/wp-json\/wp\/v2\/posts\/45232\/revisions"}],"predecessor-version":[{"id":45234,"href":"https:\/\/jornalboasnoticias.com.br\/home\/wp-json\/wp\/v2\/posts\/45232\/revisions\/45234"}],"wp:featuredmedia":[{"embeddable":true,"href":"https:\/\/jornalboasnoticias.com.br\/home\/wp-json\/wp\/v2\/media\/45233"}],"wp:attachment":[{"href":"https:\/\/jornalboasnoticias.com.br\/home\/wp-json\/wp\/v2\/media?parent=45232"}],"wp:term":[{"taxonomy":"category","embeddable":true,"href":"https:\/\/jornalboasnoticias.com.br\/home\/wp-json\/wp\/v2\/categories?post=45232"},{"taxonomy":"post_tag","embeddable":true,"href":"https:\/\/jornalboasnoticias.com.br\/home\/wp-json\/wp\/v2\/tags?post=45232"}],"curies":[{"name":"wp","href":"https:\/\/api.w.org\/{rel}","templated":true}]}}