{"id":45226,"date":"2024-11-12T16:37:59","date_gmt":"2024-11-12T16:37:59","guid":{"rendered":"https:\/\/jornalboasnoticias.com.br\/home\/?p=45226"},"modified":"2024-11-12T16:37:59","modified_gmt":"2024-11-12T16:37:59","slug":"maior-crescimento-do-pais-em-setembro-comercio-paranaense-acumula-alta-de-72-no-ano","status":"publish","type":"post","link":"https:\/\/jornalboasnoticias.com.br\/home\/maior-crescimento-do-pais-em-setembro-comercio-paranaense-acumula-alta-de-72-no-ano\/","title":{"rendered":"Maior crescimento do Pa\u00eds em setembro, com\u00e9rcio paranaense acumula alta de 7,2% no ano"},"content":{"rendered":"<div class=\"not-escopo-destaque\">\n<div>\n<figure id=\"attachment_45227\" aria-describedby=\"caption-attachment-45227\" style=\"width: 2560px\" class=\"wp-caption alignnone\"><img loading=\"lazy\" decoding=\"async\" class=\"size-full wp-image-45227\" src=\"https:\/\/jornalboasnoticias.com.br\/home\/wp-content\/uploads\/2024\/11\/comercio-mulher-13-scaled.jpg\" alt=\"\" width=\"2560\" height=\"1707\" srcset=\"https:\/\/jornalboasnoticias.com.br\/home\/wp-content\/uploads\/2024\/11\/comercio-mulher-13-scaled.jpg 2560w, https:\/\/jornalboasnoticias.com.br\/home\/wp-content\/uploads\/2024\/11\/comercio-mulher-13-300x200.jpg 300w, https:\/\/jornalboasnoticias.com.br\/home\/wp-content\/uploads\/2024\/11\/comercio-mulher-13-1024x683.jpg 1024w, https:\/\/jornalboasnoticias.com.br\/home\/wp-content\/uploads\/2024\/11\/comercio-mulher-13-768x512.jpg 768w, https:\/\/jornalboasnoticias.com.br\/home\/wp-content\/uploads\/2024\/11\/comercio-mulher-13-1536x1024.jpg 1536w, https:\/\/jornalboasnoticias.com.br\/home\/wp-content\/uploads\/2024\/11\/comercio-mulher-13-2048x1365.jpg 2048w, https:\/\/jornalboasnoticias.com.br\/home\/wp-content\/uploads\/2024\/11\/comercio-mulher-13-900x600.jpg 900w\" sizes=\"auto, (max-width: 2560px) 100vw, 2560px\" \/><figcaption id=\"caption-attachment-45227\" class=\"wp-caption-text\">Foto: Gabriel Rosa\/AEN<\/figcaption><\/figure>\n<\/div>\n<\/div>\n<blockquote>\n<div class=\"not-escopo-destaque\">\n<p>Crescimento de 20,5% em setembro puxou o desempenho do Paran\u00e1 nos nove primeiros meses de 2024, cujo crescimento ficou acima da m\u00e9dia nacional, que foi de 4,5% entre janeiro e setembro deste ano.<\/p>\n<\/div>\n<\/blockquote>\n<div>\n<p>O setor de com\u00e9rcio do Paran\u00e1 teve de longe o maior crescimento do Pa\u00eds no volume de vendas em setembro, com um aumento de 20,5% em rela\u00e7\u00e3o a agosto, segundo dados da Pesquisa Mensal do Com\u00e9rcio (PMC) divulgados nesta ter\u00e7a-feira (12) pelo Instituto Brasileiro de Geografia e Estat\u00edstica (IBGE). O desempenho fez com que o setor acumulasse uma alta de 7,2% nos nove primeiros meses de 2024, acima da m\u00e9dia nacional, que foi de 4,5% entre janeiro e setembro deste ano.<\/p>\n<p>Para se ter no\u00e7\u00e3o do feito alcan\u00e7ado pelo com\u00e9rcio paranaense, o aumento das vendas do chamado com\u00e9rcio ampliado &#8211; que inclui todos os segmentos varejistas, acrescidos da constru\u00e7\u00e3o civil e do setor automotivo &#8211; entre agosto e setembro no Paran\u00e1 ficou 14,5 pontos percentuais acima do segundo colocado, o Esp\u00edrito Santo, cujo com\u00e9rcio cresceu 6% no per\u00edodo. Em todo o Brasil, a varia\u00e7\u00e3o foi de 1,8% entre os dois meses.<\/p>\n<p>No comparativo com setembro de 2023, o Paran\u00e1 teve um aumento de 20,4% no volume de vendas mensal em setembro deste ano, 16,5 pontos percentuais a mais do que a m\u00e9dia nacional, que foi de 3,9%. Neste recorte, o segundo melhor colocado foi o Amap\u00e1, com varia\u00e7\u00e3o de 17,7%. Os dados dizem respeito ao chamado com\u00e9rcio ampliado.<\/p>\n<p>A venda de ve\u00edculos, motocicletas e pe\u00e7as automotivas, ali\u00e1s, tem sido o grande destaque de 2024 no Paran\u00e1, com uma alta acumulado de 26,1% de janeiro a setembro em rela\u00e7\u00e3o ao mesmo per\u00edodo do ano passado. Trata-se da segundo maior varia\u00e7\u00e3o positiva para este setor no ano, atr\u00e1s apenas de Goi\u00e1s, que acumula 29,3% de crescimento.<\/p>\n<p>Com 15,3% de aumento de vendas em 2024, os m\u00f3veis e eletrodom\u00e9sticos tiveram o segundo melhor desempenho em n\u00edvel estadual nos nove primeiros meses do ano. Depois, aparecem os materiais de constru\u00e7\u00e3o, com alta de 13,9%, outros artigos de uso pessoal e dom\u00e9stico (9,8%), hipermercados e supermercados (5,8%), equipamentos e materiais para escrit\u00f3rio inform\u00e1tica e comunica\u00e7\u00e3o (5,1%), tecidos vestu\u00e1rios e cal\u00e7ados (1,6%).<\/p>\n<p>Apenas tr\u00eas setores registraram quedas no volume total de vendas entre janeiro e setembro: livros, jornais, revistas e papelaria, com redu\u00e7\u00e3o de 10,3%, combust\u00edveis e lubrificantes (-8,2%) e atacado especializado em produtos aliment\u00edcios, bebidas e fumo (-5,6%).<\/p>\n<p><strong>SOBRE A PESQUISA \u2013<\/strong>\u00a0A PMC produz indicadores que permitem acompanhar o comportamento conjuntural do com\u00e9rcio varejista no pa\u00eds, investigando a receita bruta de revenda nas empresas formalmente constitu\u00eddas, com 20 ou mais pessoas ocupadas, e cuja atividade principal \u00e9 o com\u00e9rcio varejista. Os dados completos podem ser consultados no Sidra, o banco de dados do IBGE.<\/p>\n<p>(AEN)<\/p>\n<\/div>\n","protected":false},"excerpt":{"rendered":"<p>Crescimento de 20,5% em setembro puxou o desempenho do Paran\u00e1 nos nove primeiros meses de<\/p>\n","protected":false},"author":4,"featured_media":45227,"comment_status":"open","ping_status":"open","sticky":false,"template":"","format":"standard","meta":{"footnotes":""},"categories":[3,4],"tags":[],"class_list":["post-45226","post","type-post","status-publish","format-standard","has-post-thumbnail","hentry","category-destaques","category-parana"],"yoast_head":"<!-- This site is optimized with the Yoast SEO plugin v27.5 - https:\/\/yoast.com\/product\/yoast-seo-wordpress\/ -->\n<title>Maior crescimento do Pa\u00eds em setembro, com\u00e9rcio paranaense acumula alta de 7,2% no ano - Jornal<\/title>\n<meta name=\"description\" content=\"Maior crescimento do Pa\u00eds em setembro, com\u00e9rcio paranaense acumula alta de 7,2% no ano\" \/>\n<meta name=\"robots\" content=\"index, follow, max-snippet:-1, max-image-preview:large, max-video-preview:-1\" \/>\n<link rel=\"canonical\" href=\"https:\/\/jornalboasnoticias.com.br\/home\/maior-crescimento-do-pais-em-setembro-comercio-paranaense-acumula-alta-de-72-no-ano\/\" \/>\n<meta property=\"og:locale\" content=\"pt_BR\" \/>\n<meta property=\"og:type\" content=\"article\" \/>\n<meta property=\"og:title\" content=\"Maior crescimento do Pa\u00eds em setembro, com\u00e9rcio paranaense acumula alta de 7,2% no ano - Jornal\" \/>\n<meta property=\"og:description\" content=\"Maior crescimento do Pa\u00eds em setembro, com\u00e9rcio paranaense acumula alta de 7,2% no ano\" \/>\n<meta property=\"og:url\" content=\"https:\/\/jornalboasnoticias.com.br\/home\/maior-crescimento-do-pais-em-setembro-comercio-paranaense-acumula-alta-de-72-no-ano\/\" \/>\n<meta property=\"og:site_name\" content=\"Jornal\" \/>\n<meta property=\"article:publisher\" content=\"https:\/\/www.facebook.com\/boasnoticiasjornal\" \/>\n<meta property=\"article:published_time\" content=\"2024-11-12T16:37:59+00:00\" \/>\n<meta property=\"og:image\" content=\"https:\/\/jornalboasnoticias.com.br\/home\/wp-content\/uploads\/2024\/11\/comercio-mulher-13-scaled.jpg\" \/>\n\t<meta property=\"og:image:width\" content=\"2560\" \/>\n\t<meta property=\"og:image:height\" content=\"1707\" \/>\n\t<meta property=\"og:image:type\" content=\"image\/jpeg\" \/>\n<meta name=\"author\" content=\"Ana Luiza Bonatto\" \/>\n<meta name=\"twitter:card\" content=\"summary_large_image\" \/>\n<meta name=\"twitter:label1\" content=\"Escrito por\" \/>\n\t<meta name=\"twitter:data1\" content=\"Ana Luiza Bonatto\" \/>\n\t<meta name=\"twitter:label2\" content=\"Est. tempo de leitura\" \/>\n\t<meta name=\"twitter:data2\" content=\"3 minutos\" \/>\n<script type=\"application\/ld+json\" class=\"yoast-schema-graph\">{\"@context\":\"https:\\\/\\\/schema.org\",\"@graph\":[{\"@type\":\"Article\",\"@id\":\"https:\\\/\\\/jornalboasnoticias.com.br\\\/home\\\/maior-crescimento-do-pais-em-setembro-comercio-paranaense-acumula-alta-de-72-no-ano\\\/#article\",\"isPartOf\":{\"@id\":\"https:\\\/\\\/jornalboasnoticias.com.br\\\/home\\\/maior-crescimento-do-pais-em-setembro-comercio-paranaense-acumula-alta-de-72-no-ano\\\/\"},\"author\":{\"name\":\"Ana Luiza Bonatto\",\"@id\":\"https:\\\/\\\/jornalboasnoticias.com.br\\\/home\\\/#\\\/schema\\\/person\\\/d641193e0afc6405b390164dac847971\"},\"headline\":\"Maior crescimento do Pa\u00eds em setembro, com\u00e9rcio paranaense acumula alta de 7,2% no ano\",\"datePublished\":\"2024-11-12T16:37:59+00:00\",\"mainEntityOfPage\":{\"@id\":\"https:\\\/\\\/jornalboasnoticias.com.br\\\/home\\\/maior-crescimento-do-pais-em-setembro-comercio-paranaense-acumula-alta-de-72-no-ano\\\/\"},\"wordCount\":496,\"commentCount\":0,\"publisher\":{\"@id\":\"https:\\\/\\\/jornalboasnoticias.com.br\\\/home\\\/#organization\"},\"image\":{\"@id\":\"https:\\\/\\\/jornalboasnoticias.com.br\\\/home\\\/maior-crescimento-do-pais-em-setembro-comercio-paranaense-acumula-alta-de-72-no-ano\\\/#primaryimage\"},\"thumbnailUrl\":\"https:\\\/\\\/jornalboasnoticias.com.br\\\/home\\\/wp-content\\\/uploads\\\/2024\\\/11\\\/comercio-mulher-13-scaled.jpg\",\"articleSection\":[\"DESTAQUE\",\"PARAN\u00c1\"],\"inLanguage\":\"pt-BR\",\"potentialAction\":[{\"@type\":\"CommentAction\",\"name\":\"Comment\",\"target\":[\"https:\\\/\\\/jornalboasnoticias.com.br\\\/home\\\/maior-crescimento-do-pais-em-setembro-comercio-paranaense-acumula-alta-de-72-no-ano\\\/#respond\"]}]},{\"@type\":\"WebPage\",\"@id\":\"https:\\\/\\\/jornalboasnoticias.com.br\\\/home\\\/maior-crescimento-do-pais-em-setembro-comercio-paranaense-acumula-alta-de-72-no-ano\\\/\",\"url\":\"https:\\\/\\\/jornalboasnoticias.com.br\\\/home\\\/maior-crescimento-do-pais-em-setembro-comercio-paranaense-acumula-alta-de-72-no-ano\\\/\",\"name\":\"Maior crescimento do Pa\u00eds em setembro, com\u00e9rcio paranaense acumula alta de 7,2% no ano - Jornal\",\"isPartOf\":{\"@id\":\"https:\\\/\\\/jornalboasnoticias.com.br\\\/home\\\/#website\"},\"primaryImageOfPage\":{\"@id\":\"https:\\\/\\\/jornalboasnoticias.com.br\\\/home\\\/maior-crescimento-do-pais-em-setembro-comercio-paranaense-acumula-alta-de-72-no-ano\\\/#primaryimage\"},\"image\":{\"@id\":\"https:\\\/\\\/jornalboasnoticias.com.br\\\/home\\\/maior-crescimento-do-pais-em-setembro-comercio-paranaense-acumula-alta-de-72-no-ano\\\/#primaryimage\"},\"thumbnailUrl\":\"https:\\\/\\\/jornalboasnoticias.com.br\\\/home\\\/wp-content\\\/uploads\\\/2024\\\/11\\\/comercio-mulher-13-scaled.jpg\",\"datePublished\":\"2024-11-12T16:37:59+00:00\",\"description\":\"Maior crescimento do Pa\u00eds em setembro, com\u00e9rcio paranaense acumula alta de 7,2% no ano\",\"breadcrumb\":{\"@id\":\"https:\\\/\\\/jornalboasnoticias.com.br\\\/home\\\/maior-crescimento-do-pais-em-setembro-comercio-paranaense-acumula-alta-de-72-no-ano\\\/#breadcrumb\"},\"inLanguage\":\"pt-BR\",\"potentialAction\":[{\"@type\":\"ReadAction\",\"target\":[\"https:\\\/\\\/jornalboasnoticias.com.br\\\/home\\\/maior-crescimento-do-pais-em-setembro-comercio-paranaense-acumula-alta-de-72-no-ano\\\/\"]}]},{\"@type\":\"ImageObject\",\"inLanguage\":\"pt-BR\",\"@id\":\"https:\\\/\\\/jornalboasnoticias.com.br\\\/home\\\/maior-crescimento-do-pais-em-setembro-comercio-paranaense-acumula-alta-de-72-no-ano\\\/#primaryimage\",\"url\":\"https:\\\/\\\/jornalboasnoticias.com.br\\\/home\\\/wp-content\\\/uploads\\\/2024\\\/11\\\/comercio-mulher-13-scaled.jpg\",\"contentUrl\":\"https:\\\/\\\/jornalboasnoticias.com.br\\\/home\\\/wp-content\\\/uploads\\\/2024\\\/11\\\/comercio-mulher-13-scaled.jpg\",\"width\":2560,\"height\":1707,\"caption\":\"Foto: Gabriel Rosa\\\/AEN\"},{\"@type\":\"BreadcrumbList\",\"@id\":\"https:\\\/\\\/jornalboasnoticias.com.br\\\/home\\\/maior-crescimento-do-pais-em-setembro-comercio-paranaense-acumula-alta-de-72-no-ano\\\/#breadcrumb\",\"itemListElement\":[{\"@type\":\"ListItem\",\"position\":1,\"name\":\"In\u00edcio\",\"item\":\"https:\\\/\\\/jornalboasnoticias.com.br\\\/home\\\/\"},{\"@type\":\"ListItem\",\"position\":2,\"name\":\"Maior crescimento do Pa\u00eds em setembro, com\u00e9rcio paranaense acumula alta de 7,2% no ano\"}]},{\"@type\":\"WebSite\",\"@id\":\"https:\\\/\\\/jornalboasnoticias.com.br\\\/home\\\/#website\",\"url\":\"https:\\\/\\\/jornalboasnoticias.com.br\\\/home\\\/\",\"name\":\"Jornal Boas Not\u00edcias\",\"description\":\"Boas not\u00edcias\",\"publisher\":{\"@id\":\"https:\\\/\\\/jornalboasnoticias.com.br\\\/home\\\/#organization\"},\"potentialAction\":[{\"@type\":\"SearchAction\",\"target\":{\"@type\":\"EntryPoint\",\"urlTemplate\":\"https:\\\/\\\/jornalboasnoticias.com.br\\\/home\\\/?s={search_term_string}\"},\"query-input\":{\"@type\":\"PropertyValueSpecification\",\"valueRequired\":true,\"valueName\":\"search_term_string\"}}],\"inLanguage\":\"pt-BR\"},{\"@type\":\"Organization\",\"@id\":\"https:\\\/\\\/jornalboasnoticias.com.br\\\/home\\\/#organization\",\"name\":\"Coq Editora Ltda\",\"alternateName\":\"Jornal Boas Noticias\",\"url\":\"https:\\\/\\\/jornalboasnoticias.com.br\\\/home\\\/\",\"logo\":{\"@type\":\"ImageObject\",\"inLanguage\":\"pt-BR\",\"@id\":\"https:\\\/\\\/jornalboasnoticias.com.br\\\/home\\\/#\\\/schema\\\/logo\\\/image\\\/\",\"url\":\"https:\\\/\\\/jornalboasnoticias.com.br\\\/home\\\/wp-content\\\/uploads\\\/2024\\\/07\\\/cropped-logo.jpg\",\"contentUrl\":\"https:\\\/\\\/jornalboasnoticias.com.br\\\/home\\\/wp-content\\\/uploads\\\/2024\\\/07\\\/cropped-logo.jpg\",\"width\":290,\"height\":142,\"caption\":\"Coq Editora Ltda\"},\"image\":{\"@id\":\"https:\\\/\\\/jornalboasnoticias.com.br\\\/home\\\/#\\\/schema\\\/logo\\\/image\\\/\"},\"sameAs\":[\"https:\\\/\\\/www.facebook.com\\\/boasnoticiasjornal\"]},{\"@type\":\"Person\",\"@id\":\"https:\\\/\\\/jornalboasnoticias.com.br\\\/home\\\/#\\\/schema\\\/person\\\/d641193e0afc6405b390164dac847971\",\"name\":\"Ana Luiza Bonatto\",\"image\":{\"@type\":\"ImageObject\",\"inLanguage\":\"pt-BR\",\"@id\":\"https:\\\/\\\/secure.gravatar.com\\\/avatar\\\/8a055ebe6373371f67ac6fcf313c0ac0b0a91157fdcdb9514fa62927373348f0?s=96&d=mm&r=g\",\"url\":\"https:\\\/\\\/secure.gravatar.com\\\/avatar\\\/8a055ebe6373371f67ac6fcf313c0ac0b0a91157fdcdb9514fa62927373348f0?s=96&d=mm&r=g\",\"contentUrl\":\"https:\\\/\\\/secure.gravatar.com\\\/avatar\\\/8a055ebe6373371f67ac6fcf313c0ac0b0a91157fdcdb9514fa62927373348f0?s=96&d=mm&r=g\",\"caption\":\"Ana Luiza Bonatto\"},\"url\":\"https:\\\/\\\/jornalboasnoticias.com.br\\\/home\\\/author\\\/ana-luiza\\\/\"}]}<\/script>\n<!-- \/ Yoast SEO plugin. -->","yoast_head_json":{"title":"Maior crescimento do Pa\u00eds em setembro, com\u00e9rcio paranaense acumula alta de 7,2% no ano - Jornal","description":"Maior crescimento do Pa\u00eds em setembro, com\u00e9rcio paranaense acumula alta de 7,2% no ano","robots":{"index":"index","follow":"follow","max-snippet":"max-snippet:-1","max-image-preview":"max-image-preview:large","max-video-preview":"max-video-preview:-1"},"canonical":"https:\/\/jornalboasnoticias.com.br\/home\/maior-crescimento-do-pais-em-setembro-comercio-paranaense-acumula-alta-de-72-no-ano\/","og_locale":"pt_BR","og_type":"article","og_title":"Maior crescimento do Pa\u00eds em setembro, com\u00e9rcio paranaense acumula alta de 7,2% no ano - Jornal","og_description":"Maior crescimento do Pa\u00eds em setembro, com\u00e9rcio paranaense acumula alta de 7,2% no ano","og_url":"https:\/\/jornalboasnoticias.com.br\/home\/maior-crescimento-do-pais-em-setembro-comercio-paranaense-acumula-alta-de-72-no-ano\/","og_site_name":"Jornal","article_publisher":"https:\/\/www.facebook.com\/boasnoticiasjornal","article_published_time":"2024-11-12T16:37:59+00:00","og_image":[{"width":2560,"height":1707,"url":"https:\/\/jornalboasnoticias.com.br\/home\/wp-content\/uploads\/2024\/11\/comercio-mulher-13-scaled.jpg","type":"image\/jpeg"}],"author":"Ana Luiza Bonatto","twitter_card":"summary_large_image","twitter_misc":{"Escrito por":"Ana Luiza Bonatto","Est. tempo de leitura":"3 minutos"},"schema":{"@context":"https:\/\/schema.org","@graph":[{"@type":"Article","@id":"https:\/\/jornalboasnoticias.com.br\/home\/maior-crescimento-do-pais-em-setembro-comercio-paranaense-acumula-alta-de-72-no-ano\/#article","isPartOf":{"@id":"https:\/\/jornalboasnoticias.com.br\/home\/maior-crescimento-do-pais-em-setembro-comercio-paranaense-acumula-alta-de-72-no-ano\/"},"author":{"name":"Ana Luiza Bonatto","@id":"https:\/\/jornalboasnoticias.com.br\/home\/#\/schema\/person\/d641193e0afc6405b390164dac847971"},"headline":"Maior crescimento do Pa\u00eds em setembro, com\u00e9rcio paranaense acumula alta de 7,2% no ano","datePublished":"2024-11-12T16:37:59+00:00","mainEntityOfPage":{"@id":"https:\/\/jornalboasnoticias.com.br\/home\/maior-crescimento-do-pais-em-setembro-comercio-paranaense-acumula-alta-de-72-no-ano\/"},"wordCount":496,"commentCount":0,"publisher":{"@id":"https:\/\/jornalboasnoticias.com.br\/home\/#organization"},"image":{"@id":"https:\/\/jornalboasnoticias.com.br\/home\/maior-crescimento-do-pais-em-setembro-comercio-paranaense-acumula-alta-de-72-no-ano\/#primaryimage"},"thumbnailUrl":"https:\/\/jornalboasnoticias.com.br\/home\/wp-content\/uploads\/2024\/11\/comercio-mulher-13-scaled.jpg","articleSection":["DESTAQUE","PARAN\u00c1"],"inLanguage":"pt-BR","potentialAction":[{"@type":"CommentAction","name":"Comment","target":["https:\/\/jornalboasnoticias.com.br\/home\/maior-crescimento-do-pais-em-setembro-comercio-paranaense-acumula-alta-de-72-no-ano\/#respond"]}]},{"@type":"WebPage","@id":"https:\/\/jornalboasnoticias.com.br\/home\/maior-crescimento-do-pais-em-setembro-comercio-paranaense-acumula-alta-de-72-no-ano\/","url":"https:\/\/jornalboasnoticias.com.br\/home\/maior-crescimento-do-pais-em-setembro-comercio-paranaense-acumula-alta-de-72-no-ano\/","name":"Maior crescimento do Pa\u00eds em setembro, com\u00e9rcio paranaense acumula alta de 7,2% no ano - Jornal","isPartOf":{"@id":"https:\/\/jornalboasnoticias.com.br\/home\/#website"},"primaryImageOfPage":{"@id":"https:\/\/jornalboasnoticias.com.br\/home\/maior-crescimento-do-pais-em-setembro-comercio-paranaense-acumula-alta-de-72-no-ano\/#primaryimage"},"image":{"@id":"https:\/\/jornalboasnoticias.com.br\/home\/maior-crescimento-do-pais-em-setembro-comercio-paranaense-acumula-alta-de-72-no-ano\/#primaryimage"},"thumbnailUrl":"https:\/\/jornalboasnoticias.com.br\/home\/wp-content\/uploads\/2024\/11\/comercio-mulher-13-scaled.jpg","datePublished":"2024-11-12T16:37:59+00:00","description":"Maior crescimento do Pa\u00eds em setembro, com\u00e9rcio paranaense acumula alta de 7,2% no ano","breadcrumb":{"@id":"https:\/\/jornalboasnoticias.com.br\/home\/maior-crescimento-do-pais-em-setembro-comercio-paranaense-acumula-alta-de-72-no-ano\/#breadcrumb"},"inLanguage":"pt-BR","potentialAction":[{"@type":"ReadAction","target":["https:\/\/jornalboasnoticias.com.br\/home\/maior-crescimento-do-pais-em-setembro-comercio-paranaense-acumula-alta-de-72-no-ano\/"]}]},{"@type":"ImageObject","inLanguage":"pt-BR","@id":"https:\/\/jornalboasnoticias.com.br\/home\/maior-crescimento-do-pais-em-setembro-comercio-paranaense-acumula-alta-de-72-no-ano\/#primaryimage","url":"https:\/\/jornalboasnoticias.com.br\/home\/wp-content\/uploads\/2024\/11\/comercio-mulher-13-scaled.jpg","contentUrl":"https:\/\/jornalboasnoticias.com.br\/home\/wp-content\/uploads\/2024\/11\/comercio-mulher-13-scaled.jpg","width":2560,"height":1707,"caption":"Foto: Gabriel Rosa\/AEN"},{"@type":"BreadcrumbList","@id":"https:\/\/jornalboasnoticias.com.br\/home\/maior-crescimento-do-pais-em-setembro-comercio-paranaense-acumula-alta-de-72-no-ano\/#breadcrumb","itemListElement":[{"@type":"ListItem","position":1,"name":"In\u00edcio","item":"https:\/\/jornalboasnoticias.com.br\/home\/"},{"@type":"ListItem","position":2,"name":"Maior crescimento do Pa\u00eds em setembro, com\u00e9rcio paranaense acumula alta de 7,2% no ano"}]},{"@type":"WebSite","@id":"https:\/\/jornalboasnoticias.com.br\/home\/#website","url":"https:\/\/jornalboasnoticias.com.br\/home\/","name":"Jornal Boas Not\u00edcias","description":"Boas not\u00edcias","publisher":{"@id":"https:\/\/jornalboasnoticias.com.br\/home\/#organization"},"potentialAction":[{"@type":"SearchAction","target":{"@type":"EntryPoint","urlTemplate":"https:\/\/jornalboasnoticias.com.br\/home\/?s={search_term_string}"},"query-input":{"@type":"PropertyValueSpecification","valueRequired":true,"valueName":"search_term_string"}}],"inLanguage":"pt-BR"},{"@type":"Organization","@id":"https:\/\/jornalboasnoticias.com.br\/home\/#organization","name":"Coq Editora Ltda","alternateName":"Jornal Boas Noticias","url":"https:\/\/jornalboasnoticias.com.br\/home\/","logo":{"@type":"ImageObject","inLanguage":"pt-BR","@id":"https:\/\/jornalboasnoticias.com.br\/home\/#\/schema\/logo\/image\/","url":"https:\/\/jornalboasnoticias.com.br\/home\/wp-content\/uploads\/2024\/07\/cropped-logo.jpg","contentUrl":"https:\/\/jornalboasnoticias.com.br\/home\/wp-content\/uploads\/2024\/07\/cropped-logo.jpg","width":290,"height":142,"caption":"Coq Editora Ltda"},"image":{"@id":"https:\/\/jornalboasnoticias.com.br\/home\/#\/schema\/logo\/image\/"},"sameAs":["https:\/\/www.facebook.com\/boasnoticiasjornal"]},{"@type":"Person","@id":"https:\/\/jornalboasnoticias.com.br\/home\/#\/schema\/person\/d641193e0afc6405b390164dac847971","name":"Ana Luiza Bonatto","image":{"@type":"ImageObject","inLanguage":"pt-BR","@id":"https:\/\/secure.gravatar.com\/avatar\/8a055ebe6373371f67ac6fcf313c0ac0b0a91157fdcdb9514fa62927373348f0?s=96&d=mm&r=g","url":"https:\/\/secure.gravatar.com\/avatar\/8a055ebe6373371f67ac6fcf313c0ac0b0a91157fdcdb9514fa62927373348f0?s=96&d=mm&r=g","contentUrl":"https:\/\/secure.gravatar.com\/avatar\/8a055ebe6373371f67ac6fcf313c0ac0b0a91157fdcdb9514fa62927373348f0?s=96&d=mm&r=g","caption":"Ana Luiza Bonatto"},"url":"https:\/\/jornalboasnoticias.com.br\/home\/author\/ana-luiza\/"}]}},"_links":{"self":[{"href":"https:\/\/jornalboasnoticias.com.br\/home\/wp-json\/wp\/v2\/posts\/45226","targetHints":{"allow":["GET"]}}],"collection":[{"href":"https:\/\/jornalboasnoticias.com.br\/home\/wp-json\/wp\/v2\/posts"}],"about":[{"href":"https:\/\/jornalboasnoticias.com.br\/home\/wp-json\/wp\/v2\/types\/post"}],"author":[{"embeddable":true,"href":"https:\/\/jornalboasnoticias.com.br\/home\/wp-json\/wp\/v2\/users\/4"}],"replies":[{"embeddable":true,"href":"https:\/\/jornalboasnoticias.com.br\/home\/wp-json\/wp\/v2\/comments?post=45226"}],"version-history":[{"count":1,"href":"https:\/\/jornalboasnoticias.com.br\/home\/wp-json\/wp\/v2\/posts\/45226\/revisions"}],"predecessor-version":[{"id":45228,"href":"https:\/\/jornalboasnoticias.com.br\/home\/wp-json\/wp\/v2\/posts\/45226\/revisions\/45228"}],"wp:featuredmedia":[{"embeddable":true,"href":"https:\/\/jornalboasnoticias.com.br\/home\/wp-json\/wp\/v2\/media\/45227"}],"wp:attachment":[{"href":"https:\/\/jornalboasnoticias.com.br\/home\/wp-json\/wp\/v2\/media?parent=45226"}],"wp:term":[{"taxonomy":"category","embeddable":true,"href":"https:\/\/jornalboasnoticias.com.br\/home\/wp-json\/wp\/v2\/categories?post=45226"},{"taxonomy":"post_tag","embeddable":true,"href":"https:\/\/jornalboasnoticias.com.br\/home\/wp-json\/wp\/v2\/tags?post=45226"}],"curies":[{"name":"wp","href":"https:\/\/api.w.org\/{rel}","templated":true}]}}