{"id":45203,"date":"2024-11-11T11:27:10","date_gmt":"2024-11-11T11:27:10","guid":{"rendered":"https:\/\/jornalboasnoticias.com.br\/home\/?p=45203"},"modified":"2024-11-11T11:27:10","modified_gmt":"2024-11-11T11:27:10","slug":"mec-estuda-volta-do-enem-como-certificado-do-ensino-medio-em-2025","status":"publish","type":"post","link":"https:\/\/jornalboasnoticias.com.br\/home\/mec-estuda-volta-do-enem-como-certificado-do-ensino-medio-em-2025\/","title":{"rendered":"MEC estuda volta do Enem como certificado do ensino m\u00e9dio em 2025"},"content":{"rendered":"<div class=\"header-noticia full-width\">\n<div>\n<figure id=\"attachment_45204\" aria-describedby=\"caption-attachment-45204\" style=\"width: 1170px\" class=\"wp-caption alignnone\"><img loading=\"lazy\" decoding=\"async\" class=\"size-full wp-image-45204\" src=\"https:\/\/jornalboasnoticias.com.br\/home\/wp-content\/uploads\/2024\/11\/54129977317_515c518412_o.webp\" alt=\"\" width=\"1170\" height=\"700\" srcset=\"https:\/\/jornalboasnoticias.com.br\/home\/wp-content\/uploads\/2024\/11\/54129977317_515c518412_o.webp 1170w, https:\/\/jornalboasnoticias.com.br\/home\/wp-content\/uploads\/2024\/11\/54129977317_515c518412_o-300x179.webp 300w, https:\/\/jornalboasnoticias.com.br\/home\/wp-content\/uploads\/2024\/11\/54129977317_515c518412_o-1024x613.webp 1024w, https:\/\/jornalboasnoticias.com.br\/home\/wp-content\/uploads\/2024\/11\/54129977317_515c518412_o-768x459.webp 768w\" sizes=\"auto, (max-width: 1170px) 100vw, 1170px\" \/><figcaption id=\"caption-attachment-45204\" class=\"wp-caption-text\">\u00a9 Bruna Ara\u00fajo\/MEC<\/figcaption><\/figure>\n<\/div>\n<\/div>\n<blockquote>\n<div class=\"header-noticia full-width\">\n<div class=\"linha-fina-noticia\">Medida valer\u00e1 para estudantes acima de 18 anos de idade<\/div>\n<\/div>\n<\/blockquote>\n<div>\n<p>O ministro da Educa\u00e7\u00e3o (MEC), Camilo Santana, disse neste domingo (10) que estuda voltar a usar\u00a0o Exame Nacional do Ensino M\u00e9dio (Enem) como\u00a0certifica\u00e7\u00e3o\u00a0de\u00a0conclus\u00e3o do ensino m\u00e9dio para estudantes maiores de 18 anos. A mudan\u00e7a deve passar a valer no Enem de 2025.<img decoding=\"async\" src=\"https:\/\/agenciabrasil.ebc.com.br\/ebc.png?id=1619029&amp;o=node\" \/><img decoding=\"async\" src=\"https:\/\/agenciabrasil.ebc.com.br\/ebc.gif?id=1619029&amp;o=node\" \/><\/p>\n<p>Segundo o ministro, a recomenda\u00e7\u00e3o foi feita ao Instituto Nacional de Estudos e Pesquisas Educacionais An\u00edsio Teixeira (Inep), \u00f3rg\u00e3o respons\u00e1vel pela aplica\u00e7\u00e3o do exame. A certifica\u00e7\u00e3o por meio do exame deixou de vigorar\u00a0em 2016.<\/p>\n<p>&#8220;A ideia \u00e9 possibilitar que esse jovem tamb\u00e9m tenha a oportunidade de a prova do Enem o certificar. Isso d\u00e1 mais abrang\u00eancia para acesso a essa prova e para que ele possa fazer a prova e entrar na universidade&#8221;, afirmou, acrescentando que\u00a0o Exame Nacional para Certifica\u00e7\u00e3o de Compet\u00eancias de Jovens e Adultos (Encceja) dever\u00e1 ser mantido.<\/p>\n<p>Camilo Santana tamb\u00e9m afirmou que outra possibilidade em an\u00e1lise \u00e9 convergir o Enem com o\u00a0Sistema de Avalia\u00e7\u00e3o da Educa\u00e7\u00e3o B\u00e1sica (Saeb), utilizado pelo Inep para medir o desempenho dos estudantes do ensino m\u00e9dio.<\/p>\n<p>&#8220;\u00c0s vezes, o aluno do terceiro ano do ensino m\u00e9dio prioriza o Enem em rela\u00e7\u00e3o \u00e0 prova do Saeb. A gente est\u00e1 estudando a possibilidade da prova do Enem para o aluno do terceiro ano do ensino m\u00e9dio j\u00e1 servir para a prova do Saeb. O Inep ter\u00e1 prazo at\u00e9 antes das inscri\u00e7\u00f5es do pr\u00f3ximo ano para concluir essa recomenda\u00e7\u00e3o. Esse \u00e9 um passo que o Minist\u00e9rio da Educa\u00e7\u00e3o quer proporcionar para dar mais efici\u00eancia e convergir a prova do Saeb com a prova do Enem j\u00e1 em 2025&#8221;, afirmou.<\/p>\n<h2>Ocorr\u00eancias<\/h2>\n<p>Mais cedo, o ministro da Educa\u00e7\u00e3o fez um balan\u00e7o do segundo domingo de provas do exame. Segundo Santana, a aplica\u00e7\u00e3o foi realizada\u00a0sem ocorr\u00eancias graves.<\/p>\n<p>Pelos dados divulgados, 1,9 mil participantes foram eliminados\u00a0hoje por descumprirem as regras do edital, como portar equipamentos eletr\u00f4nicos e deixar o local do exame com o caderno de provas antes dos 30 minutos finais do tempo de prova.<\/p>\n<p>Neste domingo (10), os alunos\u00a0realizaram as provas\u00a0de ci\u00eancias da natureza (f\u00edsica, qu\u00edmica e biologia) e suas tecnologias e matem\u00e1tica. No domingo passado (3), primeiro dia de provas, os candidatos fizeram as quest\u00f5es de linguagens e ci\u00eancias humanas.<\/p>\n<h2>Gabarito<\/h2>\n<p>Santana informou ainda que a\u00a0divulga\u00e7\u00e3o do gabarito oficial do Enem\u00a0ser\u00e1 antecipada. A previs\u00e3o era divulgar o gabarito e os cadernos de quest\u00f5es no dia 20 de novembro, mas o ministro disse que ser\u00e1 divulgado nesta semana.<\/p>\n<p>O Inep informar\u00e1 a nova data.<\/p>\n<p>Conforme o cronograma, a\u00a0entrega final dos resultados est\u00e1 prevista para o dia 13 de janeiro de 2025.<\/p>\n<p>(Ag\u00eancia Brasil)<\/p>\n<\/div>\n","protected":false},"excerpt":{"rendered":"<p>Medida valer\u00e1 para estudantes acima de 18 anos de idade O ministro da Educa\u00e7\u00e3o (MEC),<\/p>\n","protected":false},"author":4,"featured_media":45204,"comment_status":"open","ping_status":"open","sticky":false,"template":"","format":"standard","meta":{"footnotes":""},"categories":[3,8],"tags":[],"class_list":["post-45203","post","type-post","status-publish","format-standard","has-post-thumbnail","hentry","category-destaques","category-educacao"],"yoast_head":"<!-- This site is optimized with the Yoast SEO plugin v27.5 - https:\/\/yoast.com\/product\/yoast-seo-wordpress\/ -->\n<title>MEC estuda volta do Enem como certificado do ensino m\u00e9dio em 2025 - Jornal<\/title>\n<meta name=\"description\" content=\"MEC estuda volta do Enem como certificado do ensino m\u00e9dio em 2025\" \/>\n<meta name=\"robots\" content=\"index, follow, max-snippet:-1, max-image-preview:large, max-video-preview:-1\" \/>\n<link rel=\"canonical\" href=\"https:\/\/jornalboasnoticias.com.br\/home\/mec-estuda-volta-do-enem-como-certificado-do-ensino-medio-em-2025\/\" \/>\n<meta property=\"og:locale\" content=\"pt_BR\" \/>\n<meta property=\"og:type\" content=\"article\" \/>\n<meta property=\"og:title\" content=\"MEC estuda volta do Enem como certificado do ensino m\u00e9dio em 2025 - Jornal\" \/>\n<meta property=\"og:description\" content=\"MEC estuda volta do Enem como certificado do ensino m\u00e9dio em 2025\" \/>\n<meta property=\"og:url\" content=\"https:\/\/jornalboasnoticias.com.br\/home\/mec-estuda-volta-do-enem-como-certificado-do-ensino-medio-em-2025\/\" \/>\n<meta property=\"og:site_name\" content=\"Jornal\" \/>\n<meta property=\"article:publisher\" content=\"https:\/\/www.facebook.com\/boasnoticiasjornal\" \/>\n<meta property=\"article:published_time\" content=\"2024-11-11T11:27:10+00:00\" \/>\n<meta property=\"og:image\" content=\"https:\/\/jornalboasnoticias.com.br\/home\/wp-content\/uploads\/2024\/11\/54129977317_515c518412_o.webp\" \/>\n\t<meta property=\"og:image:width\" content=\"1170\" \/>\n\t<meta property=\"og:image:height\" content=\"700\" \/>\n\t<meta property=\"og:image:type\" content=\"image\/webp\" \/>\n<meta name=\"author\" content=\"Ana Luiza Bonatto\" \/>\n<meta name=\"twitter:card\" content=\"summary_large_image\" \/>\n<meta name=\"twitter:label1\" content=\"Escrito por\" \/>\n\t<meta name=\"twitter:data1\" content=\"Ana Luiza Bonatto\" \/>\n\t<meta name=\"twitter:label2\" content=\"Est. tempo de leitura\" \/>\n\t<meta name=\"twitter:data2\" content=\"4 minutos\" \/>\n<script type=\"application\/ld+json\" class=\"yoast-schema-graph\">{\"@context\":\"https:\\\/\\\/schema.org\",\"@graph\":[{\"@type\":\"Article\",\"@id\":\"https:\\\/\\\/jornalboasnoticias.com.br\\\/home\\\/mec-estuda-volta-do-enem-como-certificado-do-ensino-medio-em-2025\\\/#article\",\"isPartOf\":{\"@id\":\"https:\\\/\\\/jornalboasnoticias.com.br\\\/home\\\/mec-estuda-volta-do-enem-como-certificado-do-ensino-medio-em-2025\\\/\"},\"author\":{\"name\":\"Ana Luiza Bonatto\",\"@id\":\"https:\\\/\\\/jornalboasnoticias.com.br\\\/home\\\/#\\\/schema\\\/person\\\/d641193e0afc6405b390164dac847971\"},\"headline\":\"MEC estuda volta do Enem como certificado do ensino m\u00e9dio em 2025\",\"datePublished\":\"2024-11-11T11:27:10+00:00\",\"mainEntityOfPage\":{\"@id\":\"https:\\\/\\\/jornalboasnoticias.com.br\\\/home\\\/mec-estuda-volta-do-enem-como-certificado-do-ensino-medio-em-2025\\\/\"},\"wordCount\":494,\"commentCount\":0,\"publisher\":{\"@id\":\"https:\\\/\\\/jornalboasnoticias.com.br\\\/home\\\/#organization\"},\"image\":{\"@id\":\"https:\\\/\\\/jornalboasnoticias.com.br\\\/home\\\/mec-estuda-volta-do-enem-como-certificado-do-ensino-medio-em-2025\\\/#primaryimage\"},\"thumbnailUrl\":\"https:\\\/\\\/jornalboasnoticias.com.br\\\/home\\\/wp-content\\\/uploads\\\/2024\\\/11\\\/54129977317_515c518412_o.webp\",\"articleSection\":[\"DESTAQUE\",\"EDUCA\u00c7\u00c3O\"],\"inLanguage\":\"pt-BR\",\"potentialAction\":[{\"@type\":\"CommentAction\",\"name\":\"Comment\",\"target\":[\"https:\\\/\\\/jornalboasnoticias.com.br\\\/home\\\/mec-estuda-volta-do-enem-como-certificado-do-ensino-medio-em-2025\\\/#respond\"]}]},{\"@type\":\"WebPage\",\"@id\":\"https:\\\/\\\/jornalboasnoticias.com.br\\\/home\\\/mec-estuda-volta-do-enem-como-certificado-do-ensino-medio-em-2025\\\/\",\"url\":\"https:\\\/\\\/jornalboasnoticias.com.br\\\/home\\\/mec-estuda-volta-do-enem-como-certificado-do-ensino-medio-em-2025\\\/\",\"name\":\"MEC estuda volta do Enem como certificado do ensino m\u00e9dio em 2025 - Jornal\",\"isPartOf\":{\"@id\":\"https:\\\/\\\/jornalboasnoticias.com.br\\\/home\\\/#website\"},\"primaryImageOfPage\":{\"@id\":\"https:\\\/\\\/jornalboasnoticias.com.br\\\/home\\\/mec-estuda-volta-do-enem-como-certificado-do-ensino-medio-em-2025\\\/#primaryimage\"},\"image\":{\"@id\":\"https:\\\/\\\/jornalboasnoticias.com.br\\\/home\\\/mec-estuda-volta-do-enem-como-certificado-do-ensino-medio-em-2025\\\/#primaryimage\"},\"thumbnailUrl\":\"https:\\\/\\\/jornalboasnoticias.com.br\\\/home\\\/wp-content\\\/uploads\\\/2024\\\/11\\\/54129977317_515c518412_o.webp\",\"datePublished\":\"2024-11-11T11:27:10+00:00\",\"description\":\"MEC estuda volta do Enem como certificado do ensino m\u00e9dio em 2025\",\"breadcrumb\":{\"@id\":\"https:\\\/\\\/jornalboasnoticias.com.br\\\/home\\\/mec-estuda-volta-do-enem-como-certificado-do-ensino-medio-em-2025\\\/#breadcrumb\"},\"inLanguage\":\"pt-BR\",\"potentialAction\":[{\"@type\":\"ReadAction\",\"target\":[\"https:\\\/\\\/jornalboasnoticias.com.br\\\/home\\\/mec-estuda-volta-do-enem-como-certificado-do-ensino-medio-em-2025\\\/\"]}]},{\"@type\":\"ImageObject\",\"inLanguage\":\"pt-BR\",\"@id\":\"https:\\\/\\\/jornalboasnoticias.com.br\\\/home\\\/mec-estuda-volta-do-enem-como-certificado-do-ensino-medio-em-2025\\\/#primaryimage\",\"url\":\"https:\\\/\\\/jornalboasnoticias.com.br\\\/home\\\/wp-content\\\/uploads\\\/2024\\\/11\\\/54129977317_515c518412_o.webp\",\"contentUrl\":\"https:\\\/\\\/jornalboasnoticias.com.br\\\/home\\\/wp-content\\\/uploads\\\/2024\\\/11\\\/54129977317_515c518412_o.webp\",\"width\":1170,\"height\":700,\"caption\":\"\u00a9 Bruna Ara\u00fajo\\\/MEC\"},{\"@type\":\"BreadcrumbList\",\"@id\":\"https:\\\/\\\/jornalboasnoticias.com.br\\\/home\\\/mec-estuda-volta-do-enem-como-certificado-do-ensino-medio-em-2025\\\/#breadcrumb\",\"itemListElement\":[{\"@type\":\"ListItem\",\"position\":1,\"name\":\"In\u00edcio\",\"item\":\"https:\\\/\\\/jornalboasnoticias.com.br\\\/home\\\/\"},{\"@type\":\"ListItem\",\"position\":2,\"name\":\"MEC estuda volta do Enem como certificado do ensino m\u00e9dio em 2025\"}]},{\"@type\":\"WebSite\",\"@id\":\"https:\\\/\\\/jornalboasnoticias.com.br\\\/home\\\/#website\",\"url\":\"https:\\\/\\\/jornalboasnoticias.com.br\\\/home\\\/\",\"name\":\"Jornal Boas Not\u00edcias\",\"description\":\"Boas not\u00edcias\",\"publisher\":{\"@id\":\"https:\\\/\\\/jornalboasnoticias.com.br\\\/home\\\/#organization\"},\"potentialAction\":[{\"@type\":\"SearchAction\",\"target\":{\"@type\":\"EntryPoint\",\"urlTemplate\":\"https:\\\/\\\/jornalboasnoticias.com.br\\\/home\\\/?s={search_term_string}\"},\"query-input\":{\"@type\":\"PropertyValueSpecification\",\"valueRequired\":true,\"valueName\":\"search_term_string\"}}],\"inLanguage\":\"pt-BR\"},{\"@type\":\"Organization\",\"@id\":\"https:\\\/\\\/jornalboasnoticias.com.br\\\/home\\\/#organization\",\"name\":\"Coq Editora Ltda\",\"alternateName\":\"Jornal Boas Noticias\",\"url\":\"https:\\\/\\\/jornalboasnoticias.com.br\\\/home\\\/\",\"logo\":{\"@type\":\"ImageObject\",\"inLanguage\":\"pt-BR\",\"@id\":\"https:\\\/\\\/jornalboasnoticias.com.br\\\/home\\\/#\\\/schema\\\/logo\\\/image\\\/\",\"url\":\"https:\\\/\\\/jornalboasnoticias.com.br\\\/home\\\/wp-content\\\/uploads\\\/2024\\\/07\\\/cropped-logo.jpg\",\"contentUrl\":\"https:\\\/\\\/jornalboasnoticias.com.br\\\/home\\\/wp-content\\\/uploads\\\/2024\\\/07\\\/cropped-logo.jpg\",\"width\":290,\"height\":142,\"caption\":\"Coq Editora Ltda\"},\"image\":{\"@id\":\"https:\\\/\\\/jornalboasnoticias.com.br\\\/home\\\/#\\\/schema\\\/logo\\\/image\\\/\"},\"sameAs\":[\"https:\\\/\\\/www.facebook.com\\\/boasnoticiasjornal\"]},{\"@type\":\"Person\",\"@id\":\"https:\\\/\\\/jornalboasnoticias.com.br\\\/home\\\/#\\\/schema\\\/person\\\/d641193e0afc6405b390164dac847971\",\"name\":\"Ana Luiza Bonatto\",\"image\":{\"@type\":\"ImageObject\",\"inLanguage\":\"pt-BR\",\"@id\":\"https:\\\/\\\/secure.gravatar.com\\\/avatar\\\/8a055ebe6373371f67ac6fcf313c0ac0b0a91157fdcdb9514fa62927373348f0?s=96&d=mm&r=g\",\"url\":\"https:\\\/\\\/secure.gravatar.com\\\/avatar\\\/8a055ebe6373371f67ac6fcf313c0ac0b0a91157fdcdb9514fa62927373348f0?s=96&d=mm&r=g\",\"contentUrl\":\"https:\\\/\\\/secure.gravatar.com\\\/avatar\\\/8a055ebe6373371f67ac6fcf313c0ac0b0a91157fdcdb9514fa62927373348f0?s=96&d=mm&r=g\",\"caption\":\"Ana Luiza Bonatto\"},\"url\":\"https:\\\/\\\/jornalboasnoticias.com.br\\\/home\\\/author\\\/ana-luiza\\\/\"}]}<\/script>\n<!-- \/ Yoast SEO plugin. -->","yoast_head_json":{"title":"MEC estuda volta do Enem como certificado do ensino m\u00e9dio em 2025 - Jornal","description":"MEC estuda volta do Enem como certificado do ensino m\u00e9dio em 2025","robots":{"index":"index","follow":"follow","max-snippet":"max-snippet:-1","max-image-preview":"max-image-preview:large","max-video-preview":"max-video-preview:-1"},"canonical":"https:\/\/jornalboasnoticias.com.br\/home\/mec-estuda-volta-do-enem-como-certificado-do-ensino-medio-em-2025\/","og_locale":"pt_BR","og_type":"article","og_title":"MEC estuda volta do Enem como certificado do ensino m\u00e9dio em 2025 - Jornal","og_description":"MEC estuda volta do Enem como certificado do ensino m\u00e9dio em 2025","og_url":"https:\/\/jornalboasnoticias.com.br\/home\/mec-estuda-volta-do-enem-como-certificado-do-ensino-medio-em-2025\/","og_site_name":"Jornal","article_publisher":"https:\/\/www.facebook.com\/boasnoticiasjornal","article_published_time":"2024-11-11T11:27:10+00:00","og_image":[{"width":1170,"height":700,"url":"https:\/\/jornalboasnoticias.com.br\/home\/wp-content\/uploads\/2024\/11\/54129977317_515c518412_o.webp","type":"image\/webp"}],"author":"Ana Luiza Bonatto","twitter_card":"summary_large_image","twitter_misc":{"Escrito por":"Ana Luiza Bonatto","Est. tempo de leitura":"4 minutos"},"schema":{"@context":"https:\/\/schema.org","@graph":[{"@type":"Article","@id":"https:\/\/jornalboasnoticias.com.br\/home\/mec-estuda-volta-do-enem-como-certificado-do-ensino-medio-em-2025\/#article","isPartOf":{"@id":"https:\/\/jornalboasnoticias.com.br\/home\/mec-estuda-volta-do-enem-como-certificado-do-ensino-medio-em-2025\/"},"author":{"name":"Ana Luiza Bonatto","@id":"https:\/\/jornalboasnoticias.com.br\/home\/#\/schema\/person\/d641193e0afc6405b390164dac847971"},"headline":"MEC estuda volta do Enem como certificado do ensino m\u00e9dio em 2025","datePublished":"2024-11-11T11:27:10+00:00","mainEntityOfPage":{"@id":"https:\/\/jornalboasnoticias.com.br\/home\/mec-estuda-volta-do-enem-como-certificado-do-ensino-medio-em-2025\/"},"wordCount":494,"commentCount":0,"publisher":{"@id":"https:\/\/jornalboasnoticias.com.br\/home\/#organization"},"image":{"@id":"https:\/\/jornalboasnoticias.com.br\/home\/mec-estuda-volta-do-enem-como-certificado-do-ensino-medio-em-2025\/#primaryimage"},"thumbnailUrl":"https:\/\/jornalboasnoticias.com.br\/home\/wp-content\/uploads\/2024\/11\/54129977317_515c518412_o.webp","articleSection":["DESTAQUE","EDUCA\u00c7\u00c3O"],"inLanguage":"pt-BR","potentialAction":[{"@type":"CommentAction","name":"Comment","target":["https:\/\/jornalboasnoticias.com.br\/home\/mec-estuda-volta-do-enem-como-certificado-do-ensino-medio-em-2025\/#respond"]}]},{"@type":"WebPage","@id":"https:\/\/jornalboasnoticias.com.br\/home\/mec-estuda-volta-do-enem-como-certificado-do-ensino-medio-em-2025\/","url":"https:\/\/jornalboasnoticias.com.br\/home\/mec-estuda-volta-do-enem-como-certificado-do-ensino-medio-em-2025\/","name":"MEC estuda volta do Enem como certificado do ensino m\u00e9dio em 2025 - Jornal","isPartOf":{"@id":"https:\/\/jornalboasnoticias.com.br\/home\/#website"},"primaryImageOfPage":{"@id":"https:\/\/jornalboasnoticias.com.br\/home\/mec-estuda-volta-do-enem-como-certificado-do-ensino-medio-em-2025\/#primaryimage"},"image":{"@id":"https:\/\/jornalboasnoticias.com.br\/home\/mec-estuda-volta-do-enem-como-certificado-do-ensino-medio-em-2025\/#primaryimage"},"thumbnailUrl":"https:\/\/jornalboasnoticias.com.br\/home\/wp-content\/uploads\/2024\/11\/54129977317_515c518412_o.webp","datePublished":"2024-11-11T11:27:10+00:00","description":"MEC estuda volta do Enem como certificado do ensino m\u00e9dio em 2025","breadcrumb":{"@id":"https:\/\/jornalboasnoticias.com.br\/home\/mec-estuda-volta-do-enem-como-certificado-do-ensino-medio-em-2025\/#breadcrumb"},"inLanguage":"pt-BR","potentialAction":[{"@type":"ReadAction","target":["https:\/\/jornalboasnoticias.com.br\/home\/mec-estuda-volta-do-enem-como-certificado-do-ensino-medio-em-2025\/"]}]},{"@type":"ImageObject","inLanguage":"pt-BR","@id":"https:\/\/jornalboasnoticias.com.br\/home\/mec-estuda-volta-do-enem-como-certificado-do-ensino-medio-em-2025\/#primaryimage","url":"https:\/\/jornalboasnoticias.com.br\/home\/wp-content\/uploads\/2024\/11\/54129977317_515c518412_o.webp","contentUrl":"https:\/\/jornalboasnoticias.com.br\/home\/wp-content\/uploads\/2024\/11\/54129977317_515c518412_o.webp","width":1170,"height":700,"caption":"\u00a9 Bruna Ara\u00fajo\/MEC"},{"@type":"BreadcrumbList","@id":"https:\/\/jornalboasnoticias.com.br\/home\/mec-estuda-volta-do-enem-como-certificado-do-ensino-medio-em-2025\/#breadcrumb","itemListElement":[{"@type":"ListItem","position":1,"name":"In\u00edcio","item":"https:\/\/jornalboasnoticias.com.br\/home\/"},{"@type":"ListItem","position":2,"name":"MEC estuda volta do Enem como certificado do ensino m\u00e9dio em 2025"}]},{"@type":"WebSite","@id":"https:\/\/jornalboasnoticias.com.br\/home\/#website","url":"https:\/\/jornalboasnoticias.com.br\/home\/","name":"Jornal Boas Not\u00edcias","description":"Boas not\u00edcias","publisher":{"@id":"https:\/\/jornalboasnoticias.com.br\/home\/#organization"},"potentialAction":[{"@type":"SearchAction","target":{"@type":"EntryPoint","urlTemplate":"https:\/\/jornalboasnoticias.com.br\/home\/?s={search_term_string}"},"query-input":{"@type":"PropertyValueSpecification","valueRequired":true,"valueName":"search_term_string"}}],"inLanguage":"pt-BR"},{"@type":"Organization","@id":"https:\/\/jornalboasnoticias.com.br\/home\/#organization","name":"Coq Editora Ltda","alternateName":"Jornal Boas Noticias","url":"https:\/\/jornalboasnoticias.com.br\/home\/","logo":{"@type":"ImageObject","inLanguage":"pt-BR","@id":"https:\/\/jornalboasnoticias.com.br\/home\/#\/schema\/logo\/image\/","url":"https:\/\/jornalboasnoticias.com.br\/home\/wp-content\/uploads\/2024\/07\/cropped-logo.jpg","contentUrl":"https:\/\/jornalboasnoticias.com.br\/home\/wp-content\/uploads\/2024\/07\/cropped-logo.jpg","width":290,"height":142,"caption":"Coq Editora Ltda"},"image":{"@id":"https:\/\/jornalboasnoticias.com.br\/home\/#\/schema\/logo\/image\/"},"sameAs":["https:\/\/www.facebook.com\/boasnoticiasjornal"]},{"@type":"Person","@id":"https:\/\/jornalboasnoticias.com.br\/home\/#\/schema\/person\/d641193e0afc6405b390164dac847971","name":"Ana Luiza Bonatto","image":{"@type":"ImageObject","inLanguage":"pt-BR","@id":"https:\/\/secure.gravatar.com\/avatar\/8a055ebe6373371f67ac6fcf313c0ac0b0a91157fdcdb9514fa62927373348f0?s=96&d=mm&r=g","url":"https:\/\/secure.gravatar.com\/avatar\/8a055ebe6373371f67ac6fcf313c0ac0b0a91157fdcdb9514fa62927373348f0?s=96&d=mm&r=g","contentUrl":"https:\/\/secure.gravatar.com\/avatar\/8a055ebe6373371f67ac6fcf313c0ac0b0a91157fdcdb9514fa62927373348f0?s=96&d=mm&r=g","caption":"Ana Luiza Bonatto"},"url":"https:\/\/jornalboasnoticias.com.br\/home\/author\/ana-luiza\/"}]}},"_links":{"self":[{"href":"https:\/\/jornalboasnoticias.com.br\/home\/wp-json\/wp\/v2\/posts\/45203","targetHints":{"allow":["GET"]}}],"collection":[{"href":"https:\/\/jornalboasnoticias.com.br\/home\/wp-json\/wp\/v2\/posts"}],"about":[{"href":"https:\/\/jornalboasnoticias.com.br\/home\/wp-json\/wp\/v2\/types\/post"}],"author":[{"embeddable":true,"href":"https:\/\/jornalboasnoticias.com.br\/home\/wp-json\/wp\/v2\/users\/4"}],"replies":[{"embeddable":true,"href":"https:\/\/jornalboasnoticias.com.br\/home\/wp-json\/wp\/v2\/comments?post=45203"}],"version-history":[{"count":1,"href":"https:\/\/jornalboasnoticias.com.br\/home\/wp-json\/wp\/v2\/posts\/45203\/revisions"}],"predecessor-version":[{"id":45205,"href":"https:\/\/jornalboasnoticias.com.br\/home\/wp-json\/wp\/v2\/posts\/45203\/revisions\/45205"}],"wp:featuredmedia":[{"embeddable":true,"href":"https:\/\/jornalboasnoticias.com.br\/home\/wp-json\/wp\/v2\/media\/45204"}],"wp:attachment":[{"href":"https:\/\/jornalboasnoticias.com.br\/home\/wp-json\/wp\/v2\/media?parent=45203"}],"wp:term":[{"taxonomy":"category","embeddable":true,"href":"https:\/\/jornalboasnoticias.com.br\/home\/wp-json\/wp\/v2\/categories?post=45203"},{"taxonomy":"post_tag","embeddable":true,"href":"https:\/\/jornalboasnoticias.com.br\/home\/wp-json\/wp\/v2\/tags?post=45203"}],"curies":[{"name":"wp","href":"https:\/\/api.w.org\/{rel}","templated":true}]}}