{"id":45195,"date":"2024-11-07T18:38:04","date_gmt":"2024-11-07T18:38:04","guid":{"rendered":"https:\/\/jornalboasnoticias.com.br\/home\/?p=45195"},"modified":"2024-11-07T18:38:04","modified_gmt":"2024-11-07T18:38:04","slug":"enem-2024-quase-10-mil-inscritos-tem-mais-de-60-anos","status":"publish","type":"post","link":"https:\/\/jornalboasnoticias.com.br\/home\/enem-2024-quase-10-mil-inscritos-tem-mais-de-60-anos\/","title":{"rendered":"Enem 2024: quase 10 mil inscritos t\u00eam mais de 60 anos"},"content":{"rendered":"<div class=\"header-noticia full-width\">\n<div>\n<figure id=\"attachment_45196\" aria-describedby=\"caption-attachment-45196\" style=\"width: 1170px\" class=\"wp-caption alignnone\"><img loading=\"lazy\" decoding=\"async\" class=\"size-full wp-image-45196\" src=\"https:\/\/jornalboasnoticias.com.br\/home\/wp-content\/uploads\/2024\/11\/personagens-enem_mcamgo_abr_03112024-4-1.webp\" alt=\"\" width=\"1170\" height=\"700\" srcset=\"https:\/\/jornalboasnoticias.com.br\/home\/wp-content\/uploads\/2024\/11\/personagens-enem_mcamgo_abr_03112024-4-1.webp 1170w, https:\/\/jornalboasnoticias.com.br\/home\/wp-content\/uploads\/2024\/11\/personagens-enem_mcamgo_abr_03112024-4-1-300x179.webp 300w, https:\/\/jornalboasnoticias.com.br\/home\/wp-content\/uploads\/2024\/11\/personagens-enem_mcamgo_abr_03112024-4-1-1024x613.webp 1024w, https:\/\/jornalboasnoticias.com.br\/home\/wp-content\/uploads\/2024\/11\/personagens-enem_mcamgo_abr_03112024-4-1-768x459.webp 768w\" sizes=\"auto, (max-width: 1170px) 100vw, 1170px\" \/><figcaption id=\"caption-attachment-45196\" class=\"wp-caption-text\">\u00a9 Marcelo Camargo\/Ag\u00eancia Brasil<\/figcaption><\/figure>\n<\/div>\n<\/div>\n<blockquote>\n<div class=\"header-noticia full-width\">\n<div class=\"linha-fina-noticia\">Do total, 558 cursam ensino m\u00e9dio na educa\u00e7\u00e3o de jovens e adultos<\/div>\n<\/div>\n<\/blockquote>\n<div class=\"container-autoria\">\n<p>O Exame Nacional do Ensino M\u00e9dio (Enem) de 2024 tem 9.950 participantes maiores de 60 anos, o que representa 0,23% do total de 4.325.960 inscri\u00e7\u00f5es confirmadas. O n\u00famero dessa faixa et\u00e1ria \u00e9 o maior desde 2020, quando houve o registro de 11.768 idosos inscritos \u00e0 \u00e9poca.\u00a0<img decoding=\"async\" src=\"https:\/\/agenciabrasil.ebc.com.br\/ebc.png?id=1618631&amp;o=node\" \/><img decoding=\"async\" src=\"https:\/\/agenciabrasil.ebc.com.br\/ebc.gif?id=1618631&amp;o=node\" \/><\/p>\n<p>Nessa quarta-feira (6) o Instituto Nacional de Estudos e Pesquisas Educacionais An\u00edsio Teixeira (Inep), coordenador do exame nacional, divulgou dados comparativos de inscri\u00e7\u00f5es de 60+, desde 2015.<\/p>\n<p>N\u00famero de participantes<\/p>\n<p>\u00b7\u00a0\u00a0\u00a0\u00a0\u00a0\u00a0\u00a0\u00a0 2015: 10.685;<\/p>\n<p>\u00b7\u00a0\u00a0\u00a0\u00a0\u00a0\u00a0\u00a0\u00a0 2016: 13.021;<\/p>\n<p>\u00b7\u00a0\u00a0\u00a0\u00a0\u00a0\u00a0\u00a0\u00a0 2017: 9.619;<\/p>\n<p>\u00b7\u00a0\u00a0\u00a0\u00a0\u00a0\u00a0\u00a0\u00a0 2018: 9.704;<\/p>\n<p>\u00b7\u00a0\u00a0\u00a0\u00a0\u00a0\u00a0\u00a0\u00a0 2019: 8.259;<\/p>\n<p>\u00b7\u00a0\u00a0\u00a0\u00a0\u00a0\u00a0\u00a0\u00a0 2020: 11.768;<\/p>\n<p>\u00b7\u00a0\u00a0\u00a0\u00a0\u00a0\u00a0\u00a0\u00a0 2021: 6.004;<\/p>\n<p>\u00b7\u00a0\u00a0\u00a0\u00a0\u00a0\u00a0\u00a0\u00a0 2022: 5.900;<\/p>\n<p>\u00b7\u00a0\u00a0\u00a0\u00a0\u00a0\u00a0\u00a0\u00a0 2023: 8.531;<\/p>\n<p>\u00b7\u00a0\u00a0\u00a0\u00a0\u00a0\u00a0\u00a0\u00a0 2024: 9.950.<\/p>\n<p>O Minist\u00e9rio da Educa\u00e7\u00e3o (MEC) destaca que o aumento de pessoas idosas entre os candidatos do Enem e o ingresso na educa\u00e7\u00e3o superior acompanham a eleva\u00e7\u00e3o da expectativa e qualidade de vida dos brasileiros.<\/p>\n<p>De acordo com o\u00a0<a href=\"https:\/\/www.ibge.gov.br\/estatisticas\/sociais\/trabalho\/22827-censo-demografico-2022.html\" target=\"_blank\" rel=\"noopener\">Censo de 2022<\/a>, do Instituto Brasileiro de Geografia e Estat\u00edstica (IBGE), a quantidade de habitantes com 60 anos ou mais \u00e9 de 32,1 milh\u00f5es, enquanto em 2010 era de 20,5 milh\u00f5es.<\/p>\n<p>Na mesma linha de crescimento, o\u00a0Censo da Educa\u00e7\u00e3o Superior\u00a02023, divulgado\u00a0no \u00faltimo m\u00eas, registrou quase 10 milh\u00f5es (9.977.217) de matr\u00edculas nos cursos de gradua\u00e7\u00e3o e sequenciais de forma\u00e7\u00e3o espec\u00edfica\u00a0\u2014\u00a0presenciais e a dist\u00e2ncia. \u201cDesse total, 60.735 matr\u00edculas foram de estudantes com 60 anos ou mais. Quase metade dos alunos nessa faixa et\u00e1ria\u00a0(30.692)\u00a0ingressou\u00a0no ensino superior em 2023\u201d, afirmou o MEC em nota.<\/p>\n<h2>Demais faixas et\u00e1rias<\/h2>\n<p>O\u00a0<a href=\"https:\/\/app.powerbi.com\/view?r=eyJrIjoiMjNkZWMxNjctNzViNS00N2VlLTkwMjctZDQwZDQ2MzE5ZGQzIiwidCI6IjI2ZjczODk3LWM4YWMtNGIxZS05NzhmLWVhNGMwNzc0MzRiZiJ9\" target=\"_blank\" rel=\"noopener\">Painel Enem<\/a>, disponibilizado pelo Inep para acesso a dados dos 4,32 milh\u00f5es de candidatos\u00a0confirmados no Enem 2024, mostra que no recorte por faixa et\u00e1ria dos candidatos,\u00a0dos,\u00a02,9\u00a0milh\u00f5es\u00a0(67%)\u00a0t\u00eam at\u00e9 18 anos; 420 mil (9,7%), entre 19 e 20 anos; 639 mil (14,8%), entre 21 e 30 anos;\u00a0e 350 mil, (8,1%), entre 31 e 59 anos, al\u00e9m dos quase 10 mil (0,23%) com mais de 60 anos, j\u00e1 citados.<\/p>\n<h2>Escolaridade<\/h2>\n<p>O Minist\u00e9rio da Educa\u00e7\u00e3o informa tamb\u00e9m que, dos quase 10 mil candidatos inscritos no Enem 2024 com mais de 60 anos, 558 ainda s\u00e3o estudantes do ensino m\u00e9dio da\u00a0Educa\u00e7\u00e3o de Jovens e Adultos\u00a0(EJA), modalidade da educa\u00e7\u00e3o b\u00e1sica voltada a pessoas com mais de 18 anos que n\u00e3o tiveram acesso \u00e0 educa\u00e7\u00e3o ou n\u00e3o conclu\u00edram na idade certa.<\/p>\n<p>O grupo mais representativo \u00e9 dos que j\u00e1 terminaram o ensino m\u00e9dio (1,8 milh\u00e3o). Os concluintes em 2024 s\u00e3o 1,6 milh\u00e3o dos inscritos.<\/p>\n<p>Entre os inscritos, h\u00e1 841.546\u00a0(19,4%) estudantes do primeiro e do segundo ano do ensino m\u00e9dio e h\u00e1 outras 24.723 (0,6%)\u00a0pessoas que n\u00e3o cursam\u00a0nem completaram o ensino m\u00e9dio. Os candidatos desses dois \u00faltimos grupos s\u00e3o treineiros, as pessoas que fazem o\u00a0Enem\u00a0para testar seus conhecimentos, e os resultados obtidos no exame servem somente para autoavalia\u00e7\u00e3o de conhecimentos.<\/p>\n<p>O MEC explica que dados s\u00e3o autodeclarat\u00f3rios e foram fornecidos no ato de inscri\u00e7\u00e3o.<\/p>\n<h2>Perfil dos inscritos<\/h2>\n<p>A plataforma interativa do Inep revela ainda que dos participantes do\u00a0Enem\u00a02024, as mulheres s\u00e3o maioria entre os inscritos \u2013 equivalem a 60,59%, enquanto os homens representam 39,41%.<\/p>\n<p>Em rela\u00e7\u00e3o ao custo da inscri\u00e7\u00e3o, 63,6% s\u00e3o isentos da taxa de inscri\u00e7\u00e3o e 36,4% pagaram o boleto de R$ 85.<\/p>\n<p>Sobre a declara\u00e7\u00e3o de ra\u00e7a e\/ou cor dos candidatos, a maioria se reconhece de\u00a0cor parda (1.860.766), seguida da branca (1.788.622) e preta (533.861). Outros 62.288 se consideram de cor amarela e 29.891 se declaram ind\u00edgenas. Mais de 50 mil participantes n\u00e3o declararam ra\u00e7a ou cor.<\/p>\n<h2>Enem 2024<\/h2>\n<p>No pr\u00f3ximo domingo (10), os candidatos far\u00e3o\u00a0as provas de ci\u00eancias da natureza (qu\u00edmica, f\u00edsica e biologia) e matem\u00e1tica da 26\u00aa edi\u00e7\u00e3o do Enem.<\/p>\n<p>No primeiro dia, os candidatos prestaram provas de linguagens, ci\u00eancias humanas (hist\u00f3ria, geografia, filosofia e sociologia) e reda\u00e7\u00e3o e houve\u00a0absten\u00e7\u00e3o\u00a0de 26,6%, dos mais de 4,3 milh\u00f5es de inscritos\u00a0este ano.<\/p>\n<p>De acordo com o Inep, a divulga\u00e7\u00e3o do gabarito das provas do Enem ocorrer\u00e1 em 20 de novembro e\u00a0o resultado final ser\u00e1 conhecido em 13 de janeiro de 2025.<\/p>\n<p>Para mais informa\u00e7\u00f5es, acesse o\u00a0<a href=\"https:\/\/www.in.gov.br\/en\/web\/dou\/-\/edital-n-51-de-10-de-maio-de-2024-559158847\" target=\"_blank\" rel=\"noopener\">edital do Enem 2024<\/a>\u00a0com as regras v\u00e1lidas.<\/p>\n<p>(Ag\u00eancia Brasil)<\/p>\n<\/div>\n","protected":false},"excerpt":{"rendered":"<p>Do total, 558 cursam ensino m\u00e9dio na educa\u00e7\u00e3o de jovens e adultos O Exame Nacional<\/p>\n","protected":false},"author":4,"featured_media":45196,"comment_status":"open","ping_status":"open","sticky":false,"template":"","format":"standard","meta":{"footnotes":""},"categories":[3,8],"tags":[],"class_list":["post-45195","post","type-post","status-publish","format-standard","has-post-thumbnail","hentry","category-destaques","category-educacao"],"yoast_head":"<!-- This site is optimized with the Yoast SEO plugin v27.5 - https:\/\/yoast.com\/product\/yoast-seo-wordpress\/ -->\n<title>Enem 2024: quase 10 mil inscritos t\u00eam mais de 60 anos - Jornal<\/title>\n<meta name=\"description\" content=\"Enem 2024: quase 10 mil inscritos t\u00eam mais de 60 anos\" \/>\n<meta name=\"robots\" content=\"index, follow, max-snippet:-1, max-image-preview:large, max-video-preview:-1\" \/>\n<link rel=\"canonical\" href=\"https:\/\/jornalboasnoticias.com.br\/home\/enem-2024-quase-10-mil-inscritos-tem-mais-de-60-anos\/\" \/>\n<meta property=\"og:locale\" content=\"pt_BR\" \/>\n<meta property=\"og:type\" content=\"article\" \/>\n<meta property=\"og:title\" content=\"Enem 2024: quase 10 mil inscritos t\u00eam mais de 60 anos - Jornal\" \/>\n<meta property=\"og:description\" content=\"Enem 2024: quase 10 mil inscritos t\u00eam mais de 60 anos\" \/>\n<meta property=\"og:url\" content=\"https:\/\/jornalboasnoticias.com.br\/home\/enem-2024-quase-10-mil-inscritos-tem-mais-de-60-anos\/\" \/>\n<meta property=\"og:site_name\" content=\"Jornal\" \/>\n<meta property=\"article:publisher\" content=\"https:\/\/www.facebook.com\/boasnoticiasjornal\" \/>\n<meta property=\"article:published_time\" content=\"2024-11-07T18:38:04+00:00\" \/>\n<meta property=\"og:image\" content=\"https:\/\/jornalboasnoticias.com.br\/home\/wp-content\/uploads\/2024\/11\/personagens-enem_mcamgo_abr_03112024-4-1.webp\" \/>\n\t<meta property=\"og:image:width\" content=\"1170\" \/>\n\t<meta property=\"og:image:height\" content=\"700\" \/>\n\t<meta property=\"og:image:type\" content=\"image\/webp\" \/>\n<meta name=\"author\" content=\"Ana Luiza Bonatto\" \/>\n<meta name=\"twitter:card\" content=\"summary_large_image\" \/>\n<meta name=\"twitter:label1\" content=\"Escrito por\" \/>\n\t<meta name=\"twitter:data1\" content=\"Ana Luiza Bonatto\" \/>\n\t<meta name=\"twitter:label2\" content=\"Est. tempo de leitura\" \/>\n\t<meta name=\"twitter:data2\" content=\"5 minutos\" \/>\n<script type=\"application\/ld+json\" class=\"yoast-schema-graph\">{\"@context\":\"https:\\\/\\\/schema.org\",\"@graph\":[{\"@type\":\"Article\",\"@id\":\"https:\\\/\\\/jornalboasnoticias.com.br\\\/home\\\/enem-2024-quase-10-mil-inscritos-tem-mais-de-60-anos\\\/#article\",\"isPartOf\":{\"@id\":\"https:\\\/\\\/jornalboasnoticias.com.br\\\/home\\\/enem-2024-quase-10-mil-inscritos-tem-mais-de-60-anos\\\/\"},\"author\":{\"name\":\"Ana Luiza Bonatto\",\"@id\":\"https:\\\/\\\/jornalboasnoticias.com.br\\\/home\\\/#\\\/schema\\\/person\\\/d641193e0afc6405b390164dac847971\"},\"headline\":\"Enem 2024: quase 10 mil inscritos t\u00eam mais de 60 anos\",\"datePublished\":\"2024-11-07T18:38:04+00:00\",\"mainEntityOfPage\":{\"@id\":\"https:\\\/\\\/jornalboasnoticias.com.br\\\/home\\\/enem-2024-quase-10-mil-inscritos-tem-mais-de-60-anos\\\/\"},\"wordCount\":681,\"commentCount\":0,\"publisher\":{\"@id\":\"https:\\\/\\\/jornalboasnoticias.com.br\\\/home\\\/#organization\"},\"image\":{\"@id\":\"https:\\\/\\\/jornalboasnoticias.com.br\\\/home\\\/enem-2024-quase-10-mil-inscritos-tem-mais-de-60-anos\\\/#primaryimage\"},\"thumbnailUrl\":\"https:\\\/\\\/jornalboasnoticias.com.br\\\/home\\\/wp-content\\\/uploads\\\/2024\\\/11\\\/personagens-enem_mcamgo_abr_03112024-4-1.webp\",\"articleSection\":[\"DESTAQUE\",\"EDUCA\u00c7\u00c3O\"],\"inLanguage\":\"pt-BR\",\"potentialAction\":[{\"@type\":\"CommentAction\",\"name\":\"Comment\",\"target\":[\"https:\\\/\\\/jornalboasnoticias.com.br\\\/home\\\/enem-2024-quase-10-mil-inscritos-tem-mais-de-60-anos\\\/#respond\"]}]},{\"@type\":\"WebPage\",\"@id\":\"https:\\\/\\\/jornalboasnoticias.com.br\\\/home\\\/enem-2024-quase-10-mil-inscritos-tem-mais-de-60-anos\\\/\",\"url\":\"https:\\\/\\\/jornalboasnoticias.com.br\\\/home\\\/enem-2024-quase-10-mil-inscritos-tem-mais-de-60-anos\\\/\",\"name\":\"Enem 2024: quase 10 mil inscritos t\u00eam mais de 60 anos - Jornal\",\"isPartOf\":{\"@id\":\"https:\\\/\\\/jornalboasnoticias.com.br\\\/home\\\/#website\"},\"primaryImageOfPage\":{\"@id\":\"https:\\\/\\\/jornalboasnoticias.com.br\\\/home\\\/enem-2024-quase-10-mil-inscritos-tem-mais-de-60-anos\\\/#primaryimage\"},\"image\":{\"@id\":\"https:\\\/\\\/jornalboasnoticias.com.br\\\/home\\\/enem-2024-quase-10-mil-inscritos-tem-mais-de-60-anos\\\/#primaryimage\"},\"thumbnailUrl\":\"https:\\\/\\\/jornalboasnoticias.com.br\\\/home\\\/wp-content\\\/uploads\\\/2024\\\/11\\\/personagens-enem_mcamgo_abr_03112024-4-1.webp\",\"datePublished\":\"2024-11-07T18:38:04+00:00\",\"description\":\"Enem 2024: quase 10 mil inscritos t\u00eam mais de 60 anos\",\"breadcrumb\":{\"@id\":\"https:\\\/\\\/jornalboasnoticias.com.br\\\/home\\\/enem-2024-quase-10-mil-inscritos-tem-mais-de-60-anos\\\/#breadcrumb\"},\"inLanguage\":\"pt-BR\",\"potentialAction\":[{\"@type\":\"ReadAction\",\"target\":[\"https:\\\/\\\/jornalboasnoticias.com.br\\\/home\\\/enem-2024-quase-10-mil-inscritos-tem-mais-de-60-anos\\\/\"]}]},{\"@type\":\"ImageObject\",\"inLanguage\":\"pt-BR\",\"@id\":\"https:\\\/\\\/jornalboasnoticias.com.br\\\/home\\\/enem-2024-quase-10-mil-inscritos-tem-mais-de-60-anos\\\/#primaryimage\",\"url\":\"https:\\\/\\\/jornalboasnoticias.com.br\\\/home\\\/wp-content\\\/uploads\\\/2024\\\/11\\\/personagens-enem_mcamgo_abr_03112024-4-1.webp\",\"contentUrl\":\"https:\\\/\\\/jornalboasnoticias.com.br\\\/home\\\/wp-content\\\/uploads\\\/2024\\\/11\\\/personagens-enem_mcamgo_abr_03112024-4-1.webp\",\"width\":1170,\"height\":700,\"caption\":\"\u00a9 Marcelo Camargo\\\/Ag\u00eancia Brasil\"},{\"@type\":\"BreadcrumbList\",\"@id\":\"https:\\\/\\\/jornalboasnoticias.com.br\\\/home\\\/enem-2024-quase-10-mil-inscritos-tem-mais-de-60-anos\\\/#breadcrumb\",\"itemListElement\":[{\"@type\":\"ListItem\",\"position\":1,\"name\":\"In\u00edcio\",\"item\":\"https:\\\/\\\/jornalboasnoticias.com.br\\\/home\\\/\"},{\"@type\":\"ListItem\",\"position\":2,\"name\":\"Enem 2024: quase 10 mil inscritos t\u00eam mais de 60 anos\"}]},{\"@type\":\"WebSite\",\"@id\":\"https:\\\/\\\/jornalboasnoticias.com.br\\\/home\\\/#website\",\"url\":\"https:\\\/\\\/jornalboasnoticias.com.br\\\/home\\\/\",\"name\":\"Jornal Boas Not\u00edcias\",\"description\":\"Boas not\u00edcias\",\"publisher\":{\"@id\":\"https:\\\/\\\/jornalboasnoticias.com.br\\\/home\\\/#organization\"},\"potentialAction\":[{\"@type\":\"SearchAction\",\"target\":{\"@type\":\"EntryPoint\",\"urlTemplate\":\"https:\\\/\\\/jornalboasnoticias.com.br\\\/home\\\/?s={search_term_string}\"},\"query-input\":{\"@type\":\"PropertyValueSpecification\",\"valueRequired\":true,\"valueName\":\"search_term_string\"}}],\"inLanguage\":\"pt-BR\"},{\"@type\":\"Organization\",\"@id\":\"https:\\\/\\\/jornalboasnoticias.com.br\\\/home\\\/#organization\",\"name\":\"Coq Editora Ltda\",\"alternateName\":\"Jornal Boas Noticias\",\"url\":\"https:\\\/\\\/jornalboasnoticias.com.br\\\/home\\\/\",\"logo\":{\"@type\":\"ImageObject\",\"inLanguage\":\"pt-BR\",\"@id\":\"https:\\\/\\\/jornalboasnoticias.com.br\\\/home\\\/#\\\/schema\\\/logo\\\/image\\\/\",\"url\":\"https:\\\/\\\/jornalboasnoticias.com.br\\\/home\\\/wp-content\\\/uploads\\\/2024\\\/07\\\/cropped-logo.jpg\",\"contentUrl\":\"https:\\\/\\\/jornalboasnoticias.com.br\\\/home\\\/wp-content\\\/uploads\\\/2024\\\/07\\\/cropped-logo.jpg\",\"width\":290,\"height\":142,\"caption\":\"Coq Editora Ltda\"},\"image\":{\"@id\":\"https:\\\/\\\/jornalboasnoticias.com.br\\\/home\\\/#\\\/schema\\\/logo\\\/image\\\/\"},\"sameAs\":[\"https:\\\/\\\/www.facebook.com\\\/boasnoticiasjornal\"]},{\"@type\":\"Person\",\"@id\":\"https:\\\/\\\/jornalboasnoticias.com.br\\\/home\\\/#\\\/schema\\\/person\\\/d641193e0afc6405b390164dac847971\",\"name\":\"Ana Luiza Bonatto\",\"image\":{\"@type\":\"ImageObject\",\"inLanguage\":\"pt-BR\",\"@id\":\"https:\\\/\\\/secure.gravatar.com\\\/avatar\\\/8a055ebe6373371f67ac6fcf313c0ac0b0a91157fdcdb9514fa62927373348f0?s=96&d=mm&r=g\",\"url\":\"https:\\\/\\\/secure.gravatar.com\\\/avatar\\\/8a055ebe6373371f67ac6fcf313c0ac0b0a91157fdcdb9514fa62927373348f0?s=96&d=mm&r=g\",\"contentUrl\":\"https:\\\/\\\/secure.gravatar.com\\\/avatar\\\/8a055ebe6373371f67ac6fcf313c0ac0b0a91157fdcdb9514fa62927373348f0?s=96&d=mm&r=g\",\"caption\":\"Ana Luiza Bonatto\"},\"url\":\"https:\\\/\\\/jornalboasnoticias.com.br\\\/home\\\/author\\\/ana-luiza\\\/\"}]}<\/script>\n<!-- \/ Yoast SEO plugin. -->","yoast_head_json":{"title":"Enem 2024: quase 10 mil inscritos t\u00eam mais de 60 anos - Jornal","description":"Enem 2024: quase 10 mil inscritos t\u00eam mais de 60 anos","robots":{"index":"index","follow":"follow","max-snippet":"max-snippet:-1","max-image-preview":"max-image-preview:large","max-video-preview":"max-video-preview:-1"},"canonical":"https:\/\/jornalboasnoticias.com.br\/home\/enem-2024-quase-10-mil-inscritos-tem-mais-de-60-anos\/","og_locale":"pt_BR","og_type":"article","og_title":"Enem 2024: quase 10 mil inscritos t\u00eam mais de 60 anos - Jornal","og_description":"Enem 2024: quase 10 mil inscritos t\u00eam mais de 60 anos","og_url":"https:\/\/jornalboasnoticias.com.br\/home\/enem-2024-quase-10-mil-inscritos-tem-mais-de-60-anos\/","og_site_name":"Jornal","article_publisher":"https:\/\/www.facebook.com\/boasnoticiasjornal","article_published_time":"2024-11-07T18:38:04+00:00","og_image":[{"width":1170,"height":700,"url":"https:\/\/jornalboasnoticias.com.br\/home\/wp-content\/uploads\/2024\/11\/personagens-enem_mcamgo_abr_03112024-4-1.webp","type":"image\/webp"}],"author":"Ana Luiza Bonatto","twitter_card":"summary_large_image","twitter_misc":{"Escrito por":"Ana Luiza Bonatto","Est. tempo de leitura":"5 minutos"},"schema":{"@context":"https:\/\/schema.org","@graph":[{"@type":"Article","@id":"https:\/\/jornalboasnoticias.com.br\/home\/enem-2024-quase-10-mil-inscritos-tem-mais-de-60-anos\/#article","isPartOf":{"@id":"https:\/\/jornalboasnoticias.com.br\/home\/enem-2024-quase-10-mil-inscritos-tem-mais-de-60-anos\/"},"author":{"name":"Ana Luiza Bonatto","@id":"https:\/\/jornalboasnoticias.com.br\/home\/#\/schema\/person\/d641193e0afc6405b390164dac847971"},"headline":"Enem 2024: quase 10 mil inscritos t\u00eam mais de 60 anos","datePublished":"2024-11-07T18:38:04+00:00","mainEntityOfPage":{"@id":"https:\/\/jornalboasnoticias.com.br\/home\/enem-2024-quase-10-mil-inscritos-tem-mais-de-60-anos\/"},"wordCount":681,"commentCount":0,"publisher":{"@id":"https:\/\/jornalboasnoticias.com.br\/home\/#organization"},"image":{"@id":"https:\/\/jornalboasnoticias.com.br\/home\/enem-2024-quase-10-mil-inscritos-tem-mais-de-60-anos\/#primaryimage"},"thumbnailUrl":"https:\/\/jornalboasnoticias.com.br\/home\/wp-content\/uploads\/2024\/11\/personagens-enem_mcamgo_abr_03112024-4-1.webp","articleSection":["DESTAQUE","EDUCA\u00c7\u00c3O"],"inLanguage":"pt-BR","potentialAction":[{"@type":"CommentAction","name":"Comment","target":["https:\/\/jornalboasnoticias.com.br\/home\/enem-2024-quase-10-mil-inscritos-tem-mais-de-60-anos\/#respond"]}]},{"@type":"WebPage","@id":"https:\/\/jornalboasnoticias.com.br\/home\/enem-2024-quase-10-mil-inscritos-tem-mais-de-60-anos\/","url":"https:\/\/jornalboasnoticias.com.br\/home\/enem-2024-quase-10-mil-inscritos-tem-mais-de-60-anos\/","name":"Enem 2024: quase 10 mil inscritos t\u00eam mais de 60 anos - Jornal","isPartOf":{"@id":"https:\/\/jornalboasnoticias.com.br\/home\/#website"},"primaryImageOfPage":{"@id":"https:\/\/jornalboasnoticias.com.br\/home\/enem-2024-quase-10-mil-inscritos-tem-mais-de-60-anos\/#primaryimage"},"image":{"@id":"https:\/\/jornalboasnoticias.com.br\/home\/enem-2024-quase-10-mil-inscritos-tem-mais-de-60-anos\/#primaryimage"},"thumbnailUrl":"https:\/\/jornalboasnoticias.com.br\/home\/wp-content\/uploads\/2024\/11\/personagens-enem_mcamgo_abr_03112024-4-1.webp","datePublished":"2024-11-07T18:38:04+00:00","description":"Enem 2024: quase 10 mil inscritos t\u00eam mais de 60 anos","breadcrumb":{"@id":"https:\/\/jornalboasnoticias.com.br\/home\/enem-2024-quase-10-mil-inscritos-tem-mais-de-60-anos\/#breadcrumb"},"inLanguage":"pt-BR","potentialAction":[{"@type":"ReadAction","target":["https:\/\/jornalboasnoticias.com.br\/home\/enem-2024-quase-10-mil-inscritos-tem-mais-de-60-anos\/"]}]},{"@type":"ImageObject","inLanguage":"pt-BR","@id":"https:\/\/jornalboasnoticias.com.br\/home\/enem-2024-quase-10-mil-inscritos-tem-mais-de-60-anos\/#primaryimage","url":"https:\/\/jornalboasnoticias.com.br\/home\/wp-content\/uploads\/2024\/11\/personagens-enem_mcamgo_abr_03112024-4-1.webp","contentUrl":"https:\/\/jornalboasnoticias.com.br\/home\/wp-content\/uploads\/2024\/11\/personagens-enem_mcamgo_abr_03112024-4-1.webp","width":1170,"height":700,"caption":"\u00a9 Marcelo Camargo\/Ag\u00eancia Brasil"},{"@type":"BreadcrumbList","@id":"https:\/\/jornalboasnoticias.com.br\/home\/enem-2024-quase-10-mil-inscritos-tem-mais-de-60-anos\/#breadcrumb","itemListElement":[{"@type":"ListItem","position":1,"name":"In\u00edcio","item":"https:\/\/jornalboasnoticias.com.br\/home\/"},{"@type":"ListItem","position":2,"name":"Enem 2024: quase 10 mil inscritos t\u00eam mais de 60 anos"}]},{"@type":"WebSite","@id":"https:\/\/jornalboasnoticias.com.br\/home\/#website","url":"https:\/\/jornalboasnoticias.com.br\/home\/","name":"Jornal Boas Not\u00edcias","description":"Boas not\u00edcias","publisher":{"@id":"https:\/\/jornalboasnoticias.com.br\/home\/#organization"},"potentialAction":[{"@type":"SearchAction","target":{"@type":"EntryPoint","urlTemplate":"https:\/\/jornalboasnoticias.com.br\/home\/?s={search_term_string}"},"query-input":{"@type":"PropertyValueSpecification","valueRequired":true,"valueName":"search_term_string"}}],"inLanguage":"pt-BR"},{"@type":"Organization","@id":"https:\/\/jornalboasnoticias.com.br\/home\/#organization","name":"Coq Editora Ltda","alternateName":"Jornal Boas Noticias","url":"https:\/\/jornalboasnoticias.com.br\/home\/","logo":{"@type":"ImageObject","inLanguage":"pt-BR","@id":"https:\/\/jornalboasnoticias.com.br\/home\/#\/schema\/logo\/image\/","url":"https:\/\/jornalboasnoticias.com.br\/home\/wp-content\/uploads\/2024\/07\/cropped-logo.jpg","contentUrl":"https:\/\/jornalboasnoticias.com.br\/home\/wp-content\/uploads\/2024\/07\/cropped-logo.jpg","width":290,"height":142,"caption":"Coq Editora Ltda"},"image":{"@id":"https:\/\/jornalboasnoticias.com.br\/home\/#\/schema\/logo\/image\/"},"sameAs":["https:\/\/www.facebook.com\/boasnoticiasjornal"]},{"@type":"Person","@id":"https:\/\/jornalboasnoticias.com.br\/home\/#\/schema\/person\/d641193e0afc6405b390164dac847971","name":"Ana Luiza Bonatto","image":{"@type":"ImageObject","inLanguage":"pt-BR","@id":"https:\/\/secure.gravatar.com\/avatar\/8a055ebe6373371f67ac6fcf313c0ac0b0a91157fdcdb9514fa62927373348f0?s=96&d=mm&r=g","url":"https:\/\/secure.gravatar.com\/avatar\/8a055ebe6373371f67ac6fcf313c0ac0b0a91157fdcdb9514fa62927373348f0?s=96&d=mm&r=g","contentUrl":"https:\/\/secure.gravatar.com\/avatar\/8a055ebe6373371f67ac6fcf313c0ac0b0a91157fdcdb9514fa62927373348f0?s=96&d=mm&r=g","caption":"Ana Luiza Bonatto"},"url":"https:\/\/jornalboasnoticias.com.br\/home\/author\/ana-luiza\/"}]}},"_links":{"self":[{"href":"https:\/\/jornalboasnoticias.com.br\/home\/wp-json\/wp\/v2\/posts\/45195","targetHints":{"allow":["GET"]}}],"collection":[{"href":"https:\/\/jornalboasnoticias.com.br\/home\/wp-json\/wp\/v2\/posts"}],"about":[{"href":"https:\/\/jornalboasnoticias.com.br\/home\/wp-json\/wp\/v2\/types\/post"}],"author":[{"embeddable":true,"href":"https:\/\/jornalboasnoticias.com.br\/home\/wp-json\/wp\/v2\/users\/4"}],"replies":[{"embeddable":true,"href":"https:\/\/jornalboasnoticias.com.br\/home\/wp-json\/wp\/v2\/comments?post=45195"}],"version-history":[{"count":1,"href":"https:\/\/jornalboasnoticias.com.br\/home\/wp-json\/wp\/v2\/posts\/45195\/revisions"}],"predecessor-version":[{"id":45197,"href":"https:\/\/jornalboasnoticias.com.br\/home\/wp-json\/wp\/v2\/posts\/45195\/revisions\/45197"}],"wp:featuredmedia":[{"embeddable":true,"href":"https:\/\/jornalboasnoticias.com.br\/home\/wp-json\/wp\/v2\/media\/45196"}],"wp:attachment":[{"href":"https:\/\/jornalboasnoticias.com.br\/home\/wp-json\/wp\/v2\/media?parent=45195"}],"wp:term":[{"taxonomy":"category","embeddable":true,"href":"https:\/\/jornalboasnoticias.com.br\/home\/wp-json\/wp\/v2\/categories?post=45195"},{"taxonomy":"post_tag","embeddable":true,"href":"https:\/\/jornalboasnoticias.com.br\/home\/wp-json\/wp\/v2\/tags?post=45195"}],"curies":[{"name":"wp","href":"https:\/\/api.w.org\/{rel}","templated":true}]}}