{"id":45117,"date":"2024-11-01T17:59:29","date_gmt":"2024-11-01T17:59:29","guid":{"rendered":"https:\/\/jornalboasnoticias.com.br\/home\/?p=45117"},"modified":"2024-11-01T17:59:29","modified_gmt":"2024-11-01T17:59:29","slug":"aeronaves-da-fab-se-chocam-durante-voo-de-instrucao-em-pirassununga","status":"publish","type":"post","link":"https:\/\/jornalboasnoticias.com.br\/home\/aeronaves-da-fab-se-chocam-durante-voo-de-instrucao-em-pirassununga\/","title":{"rendered":"Aeronaves da FAB se chocam durante voo de instru\u00e7\u00e3o em Pirassununga"},"content":{"rendered":"<div class=\"header-noticia full-width\">\n<div>\n<figure id=\"attachment_45118\" aria-describedby=\"caption-attachment-45118\" style=\"width: 888px\" class=\"wp-caption alignnone\"><img loading=\"lazy\" decoding=\"async\" class=\"size-full wp-image-45118\" src=\"https:\/\/jornalboasnoticias.com.br\/home\/wp-content\/uploads\/2024\/11\/whatsapp-image-2024-11-01-at-14.37.57.jpg\" alt=\"\" width=\"888\" height=\"940\" srcset=\"https:\/\/jornalboasnoticias.com.br\/home\/wp-content\/uploads\/2024\/11\/whatsapp-image-2024-11-01-at-14.37.57.jpg 888w, https:\/\/jornalboasnoticias.com.br\/home\/wp-content\/uploads\/2024\/11\/whatsapp-image-2024-11-01-at-14.37.57-283x300.jpg 283w, https:\/\/jornalboasnoticias.com.br\/home\/wp-content\/uploads\/2024\/11\/whatsapp-image-2024-11-01-at-14.37.57-768x813.jpg 768w\" sizes=\"auto, (max-width: 888px) 100vw, 888px\" \/><figcaption id=\"caption-attachment-45118\" class=\"wp-caption-text\">Foto: Reprodu\u00e7\u00e3o\/Redes Sociais<\/figcaption><\/figure>\n<\/div>\n<\/div>\n<blockquote>\n<div class=\"header-noticia full-width\">\n<div class=\"linha-fina-noticia\">Avi\u00f5es eram do modelo T-27 Tucano<\/div>\n<\/div>\n<\/blockquote>\n<div class=\"container-autoria\">\n<p>Duas aeronaves da For\u00e7a A\u00e9rea Brasileira (FAB) que estavam sendo utilizadas em treinamento de cadetes colidiram nesta sexta-feira (1\u00ba) durante um voo de instru\u00e7\u00e3o em Pirassununga, no interior de S\u00e3o Paulo. As duas aeronaves eram modelo T-27 Tucano.<img decoding=\"async\" src=\"https:\/\/agenciabrasil.ebc.com.br\/ebc.png?id=1618007&amp;o=node\" \/><img decoding=\"async\" src=\"https:\/\/agenciabrasil.ebc.com.br\/ebc.gif?id=1618007&amp;o=node\" \/><\/p>\n<p>Segundo a FAB, um dos avi\u00f5es pousou em seguran\u00e7a e o outro foi direcionado para uma regi\u00e3o desabitada. O piloto realizou os procedimentos de eje\u00e7\u00e3o com sucesso, tendo sido resgatado por equipes de salvamento da FAB.<\/p>\n<p>V\u00eddeos que circulam nas redes sociais mostram muita fuma\u00e7a na regi\u00e3o e um avi\u00e3o em chamas ca\u00eddo em uma \u00e1rea rural. H\u00e1 v\u00eddeos tamb\u00e9m que apresentam o piloto de uma das aeronaves utilizando um paraquedas, momentos depois dele ter se ejetado do avi\u00e3o.<\/p>\n<p>O acidente ser\u00e1 investigado pelo Centro de Investiga\u00e7\u00e3o e Preven\u00e7\u00e3o de Acidentes Aeron\u00e1uticos (Cenipa).<\/p>\n<p>(Ag\u00eancia Brasil)<\/p>\n<\/div>\n","protected":false},"excerpt":{"rendered":"<p>Avi\u00f5es eram do modelo T-27 Tucano Duas aeronaves da For\u00e7a A\u00e9rea Brasileira (FAB) que estavam<\/p>\n","protected":false},"author":4,"featured_media":45118,"comment_status":"open","ping_status":"open","sticky":false,"template":"","format":"standard","meta":{"footnotes":""},"categories":[26],"tags":[],"class_list":["post-45117","post","type-post","status-publish","format-standard","has-post-thumbnail","hentry","category-geral"],"yoast_head":"<!-- This site is optimized with the Yoast SEO plugin v27.5 - https:\/\/yoast.com\/product\/yoast-seo-wordpress\/ -->\n<title>Aeronaves da FAB se chocam durante voo de instru\u00e7\u00e3o em Pirassununga - Jornal<\/title>\n<meta name=\"description\" content=\"Aeronaves da FAB se chocam durante voo de instru\u00e7\u00e3o em Pirassununga\" \/>\n<meta name=\"robots\" content=\"index, follow, max-snippet:-1, max-image-preview:large, max-video-preview:-1\" \/>\n<link rel=\"canonical\" href=\"https:\/\/jornalboasnoticias.com.br\/home\/aeronaves-da-fab-se-chocam-durante-voo-de-instrucao-em-pirassununga\/\" \/>\n<meta property=\"og:locale\" content=\"pt_BR\" \/>\n<meta property=\"og:type\" content=\"article\" \/>\n<meta property=\"og:title\" content=\"Aeronaves da FAB se chocam durante voo de instru\u00e7\u00e3o em Pirassununga - Jornal\" \/>\n<meta property=\"og:description\" content=\"Aeronaves da FAB se chocam durante voo de instru\u00e7\u00e3o em Pirassununga\" \/>\n<meta property=\"og:url\" content=\"https:\/\/jornalboasnoticias.com.br\/home\/aeronaves-da-fab-se-chocam-durante-voo-de-instrucao-em-pirassununga\/\" \/>\n<meta property=\"og:site_name\" content=\"Jornal\" \/>\n<meta property=\"article:publisher\" content=\"https:\/\/www.facebook.com\/boasnoticiasjornal\" \/>\n<meta property=\"article:published_time\" content=\"2024-11-01T17:59:29+00:00\" \/>\n<meta property=\"og:image\" content=\"https:\/\/jornalboasnoticias.com.br\/home\/wp-content\/uploads\/2024\/11\/whatsapp-image-2024-11-01-at-14.37.57.jpg\" \/>\n\t<meta property=\"og:image:width\" content=\"888\" \/>\n\t<meta property=\"og:image:height\" content=\"940\" \/>\n\t<meta property=\"og:image:type\" content=\"image\/jpeg\" \/>\n<meta name=\"author\" content=\"Ana Luiza Bonatto\" \/>\n<meta name=\"twitter:card\" content=\"summary_large_image\" \/>\n<meta name=\"twitter:label1\" content=\"Escrito por\" \/>\n\t<meta name=\"twitter:data1\" content=\"Ana Luiza Bonatto\" \/>\n\t<meta name=\"twitter:label2\" content=\"Est. tempo de leitura\" \/>\n\t<meta name=\"twitter:data2\" content=\"2 minutos\" \/>\n<script type=\"application\/ld+json\" class=\"yoast-schema-graph\">{\"@context\":\"https:\\\/\\\/schema.org\",\"@graph\":[{\"@type\":\"Article\",\"@id\":\"https:\\\/\\\/jornalboasnoticias.com.br\\\/home\\\/aeronaves-da-fab-se-chocam-durante-voo-de-instrucao-em-pirassununga\\\/#article\",\"isPartOf\":{\"@id\":\"https:\\\/\\\/jornalboasnoticias.com.br\\\/home\\\/aeronaves-da-fab-se-chocam-durante-voo-de-instrucao-em-pirassununga\\\/\"},\"author\":{\"name\":\"Ana Luiza Bonatto\",\"@id\":\"https:\\\/\\\/jornalboasnoticias.com.br\\\/home\\\/#\\\/schema\\\/person\\\/d641193e0afc6405b390164dac847971\"},\"headline\":\"Aeronaves da FAB se chocam durante voo de instru\u00e7\u00e3o em Pirassununga\",\"datePublished\":\"2024-11-01T17:59:29+00:00\",\"mainEntityOfPage\":{\"@id\":\"https:\\\/\\\/jornalboasnoticias.com.br\\\/home\\\/aeronaves-da-fab-se-chocam-durante-voo-de-instrucao-em-pirassununga\\\/\"},\"wordCount\":183,\"commentCount\":0,\"publisher\":{\"@id\":\"https:\\\/\\\/jornalboasnoticias.com.br\\\/home\\\/#organization\"},\"image\":{\"@id\":\"https:\\\/\\\/jornalboasnoticias.com.br\\\/home\\\/aeronaves-da-fab-se-chocam-durante-voo-de-instrucao-em-pirassununga\\\/#primaryimage\"},\"thumbnailUrl\":\"https:\\\/\\\/jornalboasnoticias.com.br\\\/home\\\/wp-content\\\/uploads\\\/2024\\\/11\\\/whatsapp-image-2024-11-01-at-14.37.57.jpg\",\"articleSection\":[\"Geral\"],\"inLanguage\":\"pt-BR\",\"potentialAction\":[{\"@type\":\"CommentAction\",\"name\":\"Comment\",\"target\":[\"https:\\\/\\\/jornalboasnoticias.com.br\\\/home\\\/aeronaves-da-fab-se-chocam-durante-voo-de-instrucao-em-pirassununga\\\/#respond\"]}]},{\"@type\":\"WebPage\",\"@id\":\"https:\\\/\\\/jornalboasnoticias.com.br\\\/home\\\/aeronaves-da-fab-se-chocam-durante-voo-de-instrucao-em-pirassununga\\\/\",\"url\":\"https:\\\/\\\/jornalboasnoticias.com.br\\\/home\\\/aeronaves-da-fab-se-chocam-durante-voo-de-instrucao-em-pirassununga\\\/\",\"name\":\"Aeronaves da FAB se chocam durante voo de instru\u00e7\u00e3o em Pirassununga - Jornal\",\"isPartOf\":{\"@id\":\"https:\\\/\\\/jornalboasnoticias.com.br\\\/home\\\/#website\"},\"primaryImageOfPage\":{\"@id\":\"https:\\\/\\\/jornalboasnoticias.com.br\\\/home\\\/aeronaves-da-fab-se-chocam-durante-voo-de-instrucao-em-pirassununga\\\/#primaryimage\"},\"image\":{\"@id\":\"https:\\\/\\\/jornalboasnoticias.com.br\\\/home\\\/aeronaves-da-fab-se-chocam-durante-voo-de-instrucao-em-pirassununga\\\/#primaryimage\"},\"thumbnailUrl\":\"https:\\\/\\\/jornalboasnoticias.com.br\\\/home\\\/wp-content\\\/uploads\\\/2024\\\/11\\\/whatsapp-image-2024-11-01-at-14.37.57.jpg\",\"datePublished\":\"2024-11-01T17:59:29+00:00\",\"description\":\"Aeronaves da FAB se chocam durante voo de instru\u00e7\u00e3o em Pirassununga\",\"breadcrumb\":{\"@id\":\"https:\\\/\\\/jornalboasnoticias.com.br\\\/home\\\/aeronaves-da-fab-se-chocam-durante-voo-de-instrucao-em-pirassununga\\\/#breadcrumb\"},\"inLanguage\":\"pt-BR\",\"potentialAction\":[{\"@type\":\"ReadAction\",\"target\":[\"https:\\\/\\\/jornalboasnoticias.com.br\\\/home\\\/aeronaves-da-fab-se-chocam-durante-voo-de-instrucao-em-pirassununga\\\/\"]}]},{\"@type\":\"ImageObject\",\"inLanguage\":\"pt-BR\",\"@id\":\"https:\\\/\\\/jornalboasnoticias.com.br\\\/home\\\/aeronaves-da-fab-se-chocam-durante-voo-de-instrucao-em-pirassununga\\\/#primaryimage\",\"url\":\"https:\\\/\\\/jornalboasnoticias.com.br\\\/home\\\/wp-content\\\/uploads\\\/2024\\\/11\\\/whatsapp-image-2024-11-01-at-14.37.57.jpg\",\"contentUrl\":\"https:\\\/\\\/jornalboasnoticias.com.br\\\/home\\\/wp-content\\\/uploads\\\/2024\\\/11\\\/whatsapp-image-2024-11-01-at-14.37.57.jpg\",\"width\":888,\"height\":940,\"caption\":\"Foto: Reprodu\u00e7\u00e3o\\\/Redes Sociais\"},{\"@type\":\"BreadcrumbList\",\"@id\":\"https:\\\/\\\/jornalboasnoticias.com.br\\\/home\\\/aeronaves-da-fab-se-chocam-durante-voo-de-instrucao-em-pirassununga\\\/#breadcrumb\",\"itemListElement\":[{\"@type\":\"ListItem\",\"position\":1,\"name\":\"In\u00edcio\",\"item\":\"https:\\\/\\\/jornalboasnoticias.com.br\\\/home\\\/\"},{\"@type\":\"ListItem\",\"position\":2,\"name\":\"Aeronaves da FAB se chocam durante voo de instru\u00e7\u00e3o em Pirassununga\"}]},{\"@type\":\"WebSite\",\"@id\":\"https:\\\/\\\/jornalboasnoticias.com.br\\\/home\\\/#website\",\"url\":\"https:\\\/\\\/jornalboasnoticias.com.br\\\/home\\\/\",\"name\":\"Jornal Boas Not\u00edcias\",\"description\":\"Boas not\u00edcias\",\"publisher\":{\"@id\":\"https:\\\/\\\/jornalboasnoticias.com.br\\\/home\\\/#organization\"},\"potentialAction\":[{\"@type\":\"SearchAction\",\"target\":{\"@type\":\"EntryPoint\",\"urlTemplate\":\"https:\\\/\\\/jornalboasnoticias.com.br\\\/home\\\/?s={search_term_string}\"},\"query-input\":{\"@type\":\"PropertyValueSpecification\",\"valueRequired\":true,\"valueName\":\"search_term_string\"}}],\"inLanguage\":\"pt-BR\"},{\"@type\":\"Organization\",\"@id\":\"https:\\\/\\\/jornalboasnoticias.com.br\\\/home\\\/#organization\",\"name\":\"Coq Editora Ltda\",\"alternateName\":\"Jornal Boas Noticias\",\"url\":\"https:\\\/\\\/jornalboasnoticias.com.br\\\/home\\\/\",\"logo\":{\"@type\":\"ImageObject\",\"inLanguage\":\"pt-BR\",\"@id\":\"https:\\\/\\\/jornalboasnoticias.com.br\\\/home\\\/#\\\/schema\\\/logo\\\/image\\\/\",\"url\":\"https:\\\/\\\/jornalboasnoticias.com.br\\\/home\\\/wp-content\\\/uploads\\\/2024\\\/07\\\/cropped-logo.jpg\",\"contentUrl\":\"https:\\\/\\\/jornalboasnoticias.com.br\\\/home\\\/wp-content\\\/uploads\\\/2024\\\/07\\\/cropped-logo.jpg\",\"width\":290,\"height\":142,\"caption\":\"Coq Editora Ltda\"},\"image\":{\"@id\":\"https:\\\/\\\/jornalboasnoticias.com.br\\\/home\\\/#\\\/schema\\\/logo\\\/image\\\/\"},\"sameAs\":[\"https:\\\/\\\/www.facebook.com\\\/boasnoticiasjornal\"]},{\"@type\":\"Person\",\"@id\":\"https:\\\/\\\/jornalboasnoticias.com.br\\\/home\\\/#\\\/schema\\\/person\\\/d641193e0afc6405b390164dac847971\",\"name\":\"Ana Luiza Bonatto\",\"image\":{\"@type\":\"ImageObject\",\"inLanguage\":\"pt-BR\",\"@id\":\"https:\\\/\\\/secure.gravatar.com\\\/avatar\\\/8a055ebe6373371f67ac6fcf313c0ac0b0a91157fdcdb9514fa62927373348f0?s=96&d=mm&r=g\",\"url\":\"https:\\\/\\\/secure.gravatar.com\\\/avatar\\\/8a055ebe6373371f67ac6fcf313c0ac0b0a91157fdcdb9514fa62927373348f0?s=96&d=mm&r=g\",\"contentUrl\":\"https:\\\/\\\/secure.gravatar.com\\\/avatar\\\/8a055ebe6373371f67ac6fcf313c0ac0b0a91157fdcdb9514fa62927373348f0?s=96&d=mm&r=g\",\"caption\":\"Ana Luiza Bonatto\"},\"url\":\"https:\\\/\\\/jornalboasnoticias.com.br\\\/home\\\/author\\\/ana-luiza\\\/\"}]}<\/script>\n<!-- \/ Yoast SEO plugin. -->","yoast_head_json":{"title":"Aeronaves da FAB se chocam durante voo de instru\u00e7\u00e3o em Pirassununga - Jornal","description":"Aeronaves da FAB se chocam durante voo de instru\u00e7\u00e3o em Pirassununga","robots":{"index":"index","follow":"follow","max-snippet":"max-snippet:-1","max-image-preview":"max-image-preview:large","max-video-preview":"max-video-preview:-1"},"canonical":"https:\/\/jornalboasnoticias.com.br\/home\/aeronaves-da-fab-se-chocam-durante-voo-de-instrucao-em-pirassununga\/","og_locale":"pt_BR","og_type":"article","og_title":"Aeronaves da FAB se chocam durante voo de instru\u00e7\u00e3o em Pirassununga - Jornal","og_description":"Aeronaves da FAB se chocam durante voo de instru\u00e7\u00e3o em Pirassununga","og_url":"https:\/\/jornalboasnoticias.com.br\/home\/aeronaves-da-fab-se-chocam-durante-voo-de-instrucao-em-pirassununga\/","og_site_name":"Jornal","article_publisher":"https:\/\/www.facebook.com\/boasnoticiasjornal","article_published_time":"2024-11-01T17:59:29+00:00","og_image":[{"width":888,"height":940,"url":"https:\/\/jornalboasnoticias.com.br\/home\/wp-content\/uploads\/2024\/11\/whatsapp-image-2024-11-01-at-14.37.57.jpg","type":"image\/jpeg"}],"author":"Ana Luiza Bonatto","twitter_card":"summary_large_image","twitter_misc":{"Escrito por":"Ana Luiza Bonatto","Est. tempo de leitura":"2 minutos"},"schema":{"@context":"https:\/\/schema.org","@graph":[{"@type":"Article","@id":"https:\/\/jornalboasnoticias.com.br\/home\/aeronaves-da-fab-se-chocam-durante-voo-de-instrucao-em-pirassununga\/#article","isPartOf":{"@id":"https:\/\/jornalboasnoticias.com.br\/home\/aeronaves-da-fab-se-chocam-durante-voo-de-instrucao-em-pirassununga\/"},"author":{"name":"Ana Luiza Bonatto","@id":"https:\/\/jornalboasnoticias.com.br\/home\/#\/schema\/person\/d641193e0afc6405b390164dac847971"},"headline":"Aeronaves da FAB se chocam durante voo de instru\u00e7\u00e3o em Pirassununga","datePublished":"2024-11-01T17:59:29+00:00","mainEntityOfPage":{"@id":"https:\/\/jornalboasnoticias.com.br\/home\/aeronaves-da-fab-se-chocam-durante-voo-de-instrucao-em-pirassununga\/"},"wordCount":183,"commentCount":0,"publisher":{"@id":"https:\/\/jornalboasnoticias.com.br\/home\/#organization"},"image":{"@id":"https:\/\/jornalboasnoticias.com.br\/home\/aeronaves-da-fab-se-chocam-durante-voo-de-instrucao-em-pirassununga\/#primaryimage"},"thumbnailUrl":"https:\/\/jornalboasnoticias.com.br\/home\/wp-content\/uploads\/2024\/11\/whatsapp-image-2024-11-01-at-14.37.57.jpg","articleSection":["Geral"],"inLanguage":"pt-BR","potentialAction":[{"@type":"CommentAction","name":"Comment","target":["https:\/\/jornalboasnoticias.com.br\/home\/aeronaves-da-fab-se-chocam-durante-voo-de-instrucao-em-pirassununga\/#respond"]}]},{"@type":"WebPage","@id":"https:\/\/jornalboasnoticias.com.br\/home\/aeronaves-da-fab-se-chocam-durante-voo-de-instrucao-em-pirassununga\/","url":"https:\/\/jornalboasnoticias.com.br\/home\/aeronaves-da-fab-se-chocam-durante-voo-de-instrucao-em-pirassununga\/","name":"Aeronaves da FAB se chocam durante voo de instru\u00e7\u00e3o em Pirassununga - Jornal","isPartOf":{"@id":"https:\/\/jornalboasnoticias.com.br\/home\/#website"},"primaryImageOfPage":{"@id":"https:\/\/jornalboasnoticias.com.br\/home\/aeronaves-da-fab-se-chocam-durante-voo-de-instrucao-em-pirassununga\/#primaryimage"},"image":{"@id":"https:\/\/jornalboasnoticias.com.br\/home\/aeronaves-da-fab-se-chocam-durante-voo-de-instrucao-em-pirassununga\/#primaryimage"},"thumbnailUrl":"https:\/\/jornalboasnoticias.com.br\/home\/wp-content\/uploads\/2024\/11\/whatsapp-image-2024-11-01-at-14.37.57.jpg","datePublished":"2024-11-01T17:59:29+00:00","description":"Aeronaves da FAB se chocam durante voo de instru\u00e7\u00e3o em Pirassununga","breadcrumb":{"@id":"https:\/\/jornalboasnoticias.com.br\/home\/aeronaves-da-fab-se-chocam-durante-voo-de-instrucao-em-pirassununga\/#breadcrumb"},"inLanguage":"pt-BR","potentialAction":[{"@type":"ReadAction","target":["https:\/\/jornalboasnoticias.com.br\/home\/aeronaves-da-fab-se-chocam-durante-voo-de-instrucao-em-pirassununga\/"]}]},{"@type":"ImageObject","inLanguage":"pt-BR","@id":"https:\/\/jornalboasnoticias.com.br\/home\/aeronaves-da-fab-se-chocam-durante-voo-de-instrucao-em-pirassununga\/#primaryimage","url":"https:\/\/jornalboasnoticias.com.br\/home\/wp-content\/uploads\/2024\/11\/whatsapp-image-2024-11-01-at-14.37.57.jpg","contentUrl":"https:\/\/jornalboasnoticias.com.br\/home\/wp-content\/uploads\/2024\/11\/whatsapp-image-2024-11-01-at-14.37.57.jpg","width":888,"height":940,"caption":"Foto: Reprodu\u00e7\u00e3o\/Redes Sociais"},{"@type":"BreadcrumbList","@id":"https:\/\/jornalboasnoticias.com.br\/home\/aeronaves-da-fab-se-chocam-durante-voo-de-instrucao-em-pirassununga\/#breadcrumb","itemListElement":[{"@type":"ListItem","position":1,"name":"In\u00edcio","item":"https:\/\/jornalboasnoticias.com.br\/home\/"},{"@type":"ListItem","position":2,"name":"Aeronaves da FAB se chocam durante voo de instru\u00e7\u00e3o em Pirassununga"}]},{"@type":"WebSite","@id":"https:\/\/jornalboasnoticias.com.br\/home\/#website","url":"https:\/\/jornalboasnoticias.com.br\/home\/","name":"Jornal Boas Not\u00edcias","description":"Boas not\u00edcias","publisher":{"@id":"https:\/\/jornalboasnoticias.com.br\/home\/#organization"},"potentialAction":[{"@type":"SearchAction","target":{"@type":"EntryPoint","urlTemplate":"https:\/\/jornalboasnoticias.com.br\/home\/?s={search_term_string}"},"query-input":{"@type":"PropertyValueSpecification","valueRequired":true,"valueName":"search_term_string"}}],"inLanguage":"pt-BR"},{"@type":"Organization","@id":"https:\/\/jornalboasnoticias.com.br\/home\/#organization","name":"Coq Editora Ltda","alternateName":"Jornal Boas Noticias","url":"https:\/\/jornalboasnoticias.com.br\/home\/","logo":{"@type":"ImageObject","inLanguage":"pt-BR","@id":"https:\/\/jornalboasnoticias.com.br\/home\/#\/schema\/logo\/image\/","url":"https:\/\/jornalboasnoticias.com.br\/home\/wp-content\/uploads\/2024\/07\/cropped-logo.jpg","contentUrl":"https:\/\/jornalboasnoticias.com.br\/home\/wp-content\/uploads\/2024\/07\/cropped-logo.jpg","width":290,"height":142,"caption":"Coq Editora Ltda"},"image":{"@id":"https:\/\/jornalboasnoticias.com.br\/home\/#\/schema\/logo\/image\/"},"sameAs":["https:\/\/www.facebook.com\/boasnoticiasjornal"]},{"@type":"Person","@id":"https:\/\/jornalboasnoticias.com.br\/home\/#\/schema\/person\/d641193e0afc6405b390164dac847971","name":"Ana Luiza Bonatto","image":{"@type":"ImageObject","inLanguage":"pt-BR","@id":"https:\/\/secure.gravatar.com\/avatar\/8a055ebe6373371f67ac6fcf313c0ac0b0a91157fdcdb9514fa62927373348f0?s=96&d=mm&r=g","url":"https:\/\/secure.gravatar.com\/avatar\/8a055ebe6373371f67ac6fcf313c0ac0b0a91157fdcdb9514fa62927373348f0?s=96&d=mm&r=g","contentUrl":"https:\/\/secure.gravatar.com\/avatar\/8a055ebe6373371f67ac6fcf313c0ac0b0a91157fdcdb9514fa62927373348f0?s=96&d=mm&r=g","caption":"Ana Luiza Bonatto"},"url":"https:\/\/jornalboasnoticias.com.br\/home\/author\/ana-luiza\/"}]}},"_links":{"self":[{"href":"https:\/\/jornalboasnoticias.com.br\/home\/wp-json\/wp\/v2\/posts\/45117","targetHints":{"allow":["GET"]}}],"collection":[{"href":"https:\/\/jornalboasnoticias.com.br\/home\/wp-json\/wp\/v2\/posts"}],"about":[{"href":"https:\/\/jornalboasnoticias.com.br\/home\/wp-json\/wp\/v2\/types\/post"}],"author":[{"embeddable":true,"href":"https:\/\/jornalboasnoticias.com.br\/home\/wp-json\/wp\/v2\/users\/4"}],"replies":[{"embeddable":true,"href":"https:\/\/jornalboasnoticias.com.br\/home\/wp-json\/wp\/v2\/comments?post=45117"}],"version-history":[{"count":1,"href":"https:\/\/jornalboasnoticias.com.br\/home\/wp-json\/wp\/v2\/posts\/45117\/revisions"}],"predecessor-version":[{"id":45119,"href":"https:\/\/jornalboasnoticias.com.br\/home\/wp-json\/wp\/v2\/posts\/45117\/revisions\/45119"}],"wp:featuredmedia":[{"embeddable":true,"href":"https:\/\/jornalboasnoticias.com.br\/home\/wp-json\/wp\/v2\/media\/45118"}],"wp:attachment":[{"href":"https:\/\/jornalboasnoticias.com.br\/home\/wp-json\/wp\/v2\/media?parent=45117"}],"wp:term":[{"taxonomy":"category","embeddable":true,"href":"https:\/\/jornalboasnoticias.com.br\/home\/wp-json\/wp\/v2\/categories?post=45117"},{"taxonomy":"post_tag","embeddable":true,"href":"https:\/\/jornalboasnoticias.com.br\/home\/wp-json\/wp\/v2\/tags?post=45117"}],"curies":[{"name":"wp","href":"https:\/\/api.w.org\/{rel}","templated":true}]}}