{"id":45107,"date":"2024-11-01T13:27:27","date_gmt":"2024-11-01T13:27:27","guid":{"rendered":"https:\/\/jornalboasnoticias.com.br\/home\/?p=45107"},"modified":"2024-11-01T13:27:27","modified_gmt":"2024-11-01T13:27:27","slug":"e-festa-natal-dos-pioneiros-tem-programacao-cultural-intensa-e-gratuita-para-toda-comunidade-em-cascavel","status":"publish","type":"post","link":"https:\/\/jornalboasnoticias.com.br\/home\/e-festa-natal-dos-pioneiros-tem-programacao-cultural-intensa-e-gratuita-para-toda-comunidade-em-cascavel\/","title":{"rendered":"\u00c9 FESTA: Natal dos Pioneiros tem programa\u00e7\u00e3o cultural intensa e gratuita para toda comunidade em Cascavel"},"content":{"rendered":"<p><img loading=\"lazy\" decoding=\"async\" class=\"alignnone size-full wp-image-45108\" src=\"https:\/\/jornalboasnoticias.com.br\/home\/wp-content\/uploads\/2024\/11\/img_C6D7424AD93F618285FF171DD1F55EE3DA78A5D7_420x870.png\" alt=\"\" width=\"630\" height=\"420\" srcset=\"https:\/\/jornalboasnoticias.com.br\/home\/wp-content\/uploads\/2024\/11\/img_C6D7424AD93F618285FF171DD1F55EE3DA78A5D7_420x870.png 630w, https:\/\/jornalboasnoticias.com.br\/home\/wp-content\/uploads\/2024\/11\/img_C6D7424AD93F618285FF171DD1F55EE3DA78A5D7_420x870-300x200.png 300w\" sizes=\"auto, (max-width: 630px) 100vw, 630px\" \/><\/p>\n<p>A Prefeitura de Cascavel prometeu um Natal espetacular e hist\u00f3rico para a comunidade e a programa\u00e7\u00e3o cultural para a festa est\u00e1 \u00e0 altura de uma celebra\u00e7\u00e3o em grande estilo. E o melhor: gratuita e acess\u00edvel para todos os cascavelenses.<\/p>\n<p>A abertura do chamado Natal dos Pioneiros ser\u00e1 tradicionalmente no dia do anivers\u00e1rio da cidade, no feriado municipal de 14 de novembro, quando Cascavel completar\u00e1 73 anos. A festa ser\u00e1 centralizada em frente \u00e0 Prefeitura. A partir das 19h, a cantora Vicka dar\u00e1 in\u00edcio aos festejos. A partir das 21h30 ser\u00e1 a vez da renomada Fam\u00edlia Lima subir ao palco e embalar a noite de celebra\u00e7\u00e3o. A chegada do bom velhinho tamb\u00e9m ser\u00e1 uma atra\u00e7\u00e3o especial, aguardada principalmente pelos pequenos. A cada ano, a chega do Papai Noel se torna um mist\u00e9rio que as crian\u00e7as adoram desvendar.<\/p>\n<p>Ainda pela manh\u00e3, Cascavel ter\u00e1 o tradicional Almo\u00e7o dos Pioneiros, a partir das 11h, no Clube Tuiuti, com o artista Gustavo Zago.<\/p>\n<p>O Natal deste ano, desenvolvido pela Secretaria de Cultura, busca homenagear os pioneiros e resgatar a mem\u00f3ria local.\u00a0A tem\u00e1tica escolhida para 2024 ressalta o esp\u00edrito de pioneirismo que moldou a hist\u00f3ria de Cascavel. A decora\u00e7\u00e3o que j\u00e1 toma conta da cidade tamb\u00e9m ser\u00e1 acesa dia 14 de novembro, iluminando toda a cidade no clima natalino.<\/p>\n<p>PROGRAMA\u00c7\u00c3O<br \/>\nA \u00a0partir do dia 16 de novembro, come\u00e7ar\u00e3o as atra\u00e7\u00f5es culturais descentralizadas. A abertura ser\u00e1 \u00e0s 19h30, no Palco Arena, no Cal\u00e7ad\u00e3o, em frente \u00e0 Catedral Nossa Senhora Aparecida, com a apresenta\u00e7\u00e3o \u00e9pica da Banda Sinf\u00f4nica Maestro Morales.<\/p>\n<p>No dia 17, \u00e0s 11, a apresenta\u00e7\u00e3o ser\u00e1 na Feira do Teatro, com a atra\u00e7\u00e3o \u201cCan\u00e7\u00f5es para o caminho interior\u201d. J\u00e1 \u00e0s 19h30, ser\u00e1 no Palco Arena, com o grupo Populares Mulheres do Brasil.<\/p>\n<p>A \u00a0programa\u00e7\u00e3o segue pelos pr\u00f3ximos dias:<br \/>\n22\/11 &#8211; 19h30 &#8211; Palco Arena<br \/>\nCoral Infantil Cia da M\u00fasica<br \/>\nClass Dan\u00e7a<\/p>\n<p>23\/11 &#8211; 19h30 &#8211; Palco Arena<br \/>\nCoral Rouxinol<\/p>\n<p>24\/11 &#8211; 11h &#8211; Feira do Teatro<br \/>\nPrograma\u00e7\u00e3o de Natal<\/p>\n<p>20h &#8211; Palco Arena<br \/>\nParticipantes do Festival Estudantil<\/p>\n<p>29\/11 &#8211; 19h30 &#8211; Palco Arena<br \/>\nCoral da Educa\u00e7\u00e3o do Tempo Integral<\/p>\n<p>30\/11 &#8211; 19h30 &#8211; Palco Arena<br \/>\nCyro Bittencourt<\/p>\n<p>1\u00ba\/12 &#8211; 11h &#8211; Feira do Teatro<br \/>\nDan\u00e7a Inclusiva<br \/>\nPalha\u00e7a para Todos<br \/>\nCoral da Educa\u00e7\u00e3o do Tempo Integral<\/p>\n<p>19h30 &#8211; Palco Catedral (Palco ser\u00e1 montado na Vila do Noel)<br \/>\nEspet\u00e1culo Doce Natal Encantado<\/p>\n<p>06\/12 &#8211; 19h30 &#8211; Palco Arena<br \/>\nCoral do ETI<br \/>\nCoral Globoaves<br \/>\nCoral Novos Cantos<\/p>\n<p>07\/12 &#8211; 19h30 &#8211; Palco Arena<br \/>\nCoral Clareana (Toledo)<br \/>\nCoral Juvenil de S\u00e3o Pedro do Igua\u00e7u<\/p>\n<p>08\/12 &#8211; 11h &#8211; Feira do Teatro<br \/>\nGrupo Mulheres do Brasil<\/p>\n<p>19h30 &#8211; Palco Arena<br \/>\nCoral Novos Cantos<br \/>\nCoral Feminino de Toledo<\/p>\n<p>13\/12 &#8211; 19h30 &#8211; Palco Arena<br \/>\nCoral Clareana (Toledo)<br \/>\nCoral Juvenil de S\u00e3o Pedro do Igua\u00e7u<\/p>\n<p>20h &#8211; Teatro Municipal Sefrin Filho<br \/>\nViola Quebrada convida Jackson Antunes<\/p>\n<p>14\/12 &#8211; 19h30 &#8211; Palco Arena<br \/>\nGrupo Popular Mulheres do Brasil<\/p>\n<p>15\/12 &#8211; 11h &#8211; Feira do Teatro<br \/>\nEncontro de Medita\u00e7\u00e3o com os mantras indianos<\/p>\n<p>19h30 &#8211; Coral Unioeste Encanta Cascavel<\/p>\n<p>18\/12 &#8211; 19h30 &#8211; Teatro Municipal Sefrin Filho<br \/>\nShoe de encerramento do projeto &#8211; Aulas de Viola Caipira<\/p>\n<p>20\/12 &#8211; 19h30 &#8211; Palco Arena<br \/>\nAndreia Karen Ac\u00fastico<\/p>\n<p>20h &#8211; Centro Cultural Gilberto Mayer<br \/>\nCantata de Natal<\/p>\n<p>21\/12 &#8211; 19h30 &#8211; Palco Arena<br \/>\nDe Beatles a Pixinguinha<\/p>\n<p>22\/12 &#8211; 11h &#8211; Feira do Teatro<br \/>\nPrograma\u00e7\u00e3o de Natal<\/p>\n<p>20h &#8211; Palco Catedral<br \/>\nEverton e Alex<br \/>\nFlavio Aquino<\/p>\n<p>A programa\u00e7\u00e3o art\u00edstica cultural est\u00e1 sujeita a altera\u00e7\u00f5es.<\/p>\n<p>Vale destacar que a programa\u00e7\u00e3o cultural tamb\u00e9m far\u00e1 uma turn\u00ea pelas escolas da Rede P\u00fablica Municipal de Ensino. As atra\u00e7\u00f5es, ainda em defini\u00e7\u00e3o, passar\u00e3o por 18 escolas para levar o esp\u00edrito natalino e de festa entre as crian\u00e7as.<\/p>\n","protected":false},"excerpt":{"rendered":"<p>A Prefeitura de Cascavel prometeu um Natal espetacular e hist\u00f3rico para a comunidade e a<\/p>\n","protected":false},"author":4,"featured_media":45108,"comment_status":"open","ping_status":"open","sticky":false,"template":"","format":"standard","meta":{"footnotes":""},"categories":[2,3],"tags":[],"class_list":["post-45107","post","type-post","status-publish","format-standard","has-post-thumbnail","hentry","category-cascavel","category-destaques"],"yoast_head":"<!-- This site is optimized with the Yoast SEO plugin v27.5 - https:\/\/yoast.com\/product\/yoast-seo-wordpress\/ -->\n<title>\u00c9 FESTA: Natal dos Pioneiros tem programa\u00e7\u00e3o cultural intensa e gratuita para toda comunidade em Cascavel - Jornal<\/title>\n<meta name=\"description\" content=\"\u00c9 FESTA: Natal dos Pioneiros tem programa\u00e7\u00e3o cultural intensa e gratuita para toda comunidade em Cascavel\" \/>\n<meta name=\"robots\" content=\"index, follow, max-snippet:-1, max-image-preview:large, max-video-preview:-1\" \/>\n<link rel=\"canonical\" href=\"https:\/\/jornalboasnoticias.com.br\/home\/e-festa-natal-dos-pioneiros-tem-programacao-cultural-intensa-e-gratuita-para-toda-comunidade-em-cascavel\/\" \/>\n<meta property=\"og:locale\" content=\"pt_BR\" \/>\n<meta property=\"og:type\" content=\"article\" \/>\n<meta property=\"og:title\" content=\"\u00c9 FESTA: Natal dos Pioneiros tem programa\u00e7\u00e3o cultural intensa e gratuita para toda comunidade em Cascavel - Jornal\" \/>\n<meta property=\"og:description\" content=\"\u00c9 FESTA: Natal dos Pioneiros tem programa\u00e7\u00e3o cultural intensa e gratuita para toda comunidade em Cascavel\" \/>\n<meta property=\"og:url\" content=\"https:\/\/jornalboasnoticias.com.br\/home\/e-festa-natal-dos-pioneiros-tem-programacao-cultural-intensa-e-gratuita-para-toda-comunidade-em-cascavel\/\" \/>\n<meta property=\"og:site_name\" content=\"Jornal\" \/>\n<meta property=\"article:publisher\" content=\"https:\/\/www.facebook.com\/boasnoticiasjornal\" \/>\n<meta property=\"article:published_time\" content=\"2024-11-01T13:27:27+00:00\" \/>\n<meta property=\"og:image\" content=\"https:\/\/jornalboasnoticias.com.br\/home\/wp-content\/uploads\/2024\/11\/img_C6D7424AD93F618285FF171DD1F55EE3DA78A5D7_420x870.png\" \/>\n\t<meta property=\"og:image:width\" content=\"630\" \/>\n\t<meta property=\"og:image:height\" content=\"420\" \/>\n\t<meta property=\"og:image:type\" content=\"image\/png\" \/>\n<meta name=\"author\" content=\"Ana Luiza Bonatto\" \/>\n<meta name=\"twitter:card\" content=\"summary_large_image\" \/>\n<meta name=\"twitter:label1\" content=\"Escrito por\" \/>\n\t<meta name=\"twitter:data1\" content=\"Ana Luiza Bonatto\" \/>\n\t<meta name=\"twitter:label2\" content=\"Est. tempo de leitura\" \/>\n\t<meta name=\"twitter:data2\" content=\"4 minutos\" \/>\n<script type=\"application\/ld+json\" class=\"yoast-schema-graph\">{\"@context\":\"https:\\\/\\\/schema.org\",\"@graph\":[{\"@type\":\"Article\",\"@id\":\"https:\\\/\\\/jornalboasnoticias.com.br\\\/home\\\/e-festa-natal-dos-pioneiros-tem-programacao-cultural-intensa-e-gratuita-para-toda-comunidade-em-cascavel\\\/#article\",\"isPartOf\":{\"@id\":\"https:\\\/\\\/jornalboasnoticias.com.br\\\/home\\\/e-festa-natal-dos-pioneiros-tem-programacao-cultural-intensa-e-gratuita-para-toda-comunidade-em-cascavel\\\/\"},\"author\":{\"name\":\"Ana Luiza Bonatto\",\"@id\":\"https:\\\/\\\/jornalboasnoticias.com.br\\\/home\\\/#\\\/schema\\\/person\\\/d641193e0afc6405b390164dac847971\"},\"headline\":\"\u00c9 FESTA: Natal dos Pioneiros tem programa\u00e7\u00e3o cultural intensa e gratuita para toda comunidade em Cascavel\",\"datePublished\":\"2024-11-01T13:27:27+00:00\",\"mainEntityOfPage\":{\"@id\":\"https:\\\/\\\/jornalboasnoticias.com.br\\\/home\\\/e-festa-natal-dos-pioneiros-tem-programacao-cultural-intensa-e-gratuita-para-toda-comunidade-em-cascavel\\\/\"},\"wordCount\":653,\"commentCount\":0,\"publisher\":{\"@id\":\"https:\\\/\\\/jornalboasnoticias.com.br\\\/home\\\/#organization\"},\"image\":{\"@id\":\"https:\\\/\\\/jornalboasnoticias.com.br\\\/home\\\/e-festa-natal-dos-pioneiros-tem-programacao-cultural-intensa-e-gratuita-para-toda-comunidade-em-cascavel\\\/#primaryimage\"},\"thumbnailUrl\":\"https:\\\/\\\/jornalboasnoticias.com.br\\\/home\\\/wp-content\\\/uploads\\\/2024\\\/11\\\/img_C6D7424AD93F618285FF171DD1F55EE3DA78A5D7_420x870.png\",\"articleSection\":[\"CASCAVEL\",\"DESTAQUE\"],\"inLanguage\":\"pt-BR\",\"potentialAction\":[{\"@type\":\"CommentAction\",\"name\":\"Comment\",\"target\":[\"https:\\\/\\\/jornalboasnoticias.com.br\\\/home\\\/e-festa-natal-dos-pioneiros-tem-programacao-cultural-intensa-e-gratuita-para-toda-comunidade-em-cascavel\\\/#respond\"]}]},{\"@type\":\"WebPage\",\"@id\":\"https:\\\/\\\/jornalboasnoticias.com.br\\\/home\\\/e-festa-natal-dos-pioneiros-tem-programacao-cultural-intensa-e-gratuita-para-toda-comunidade-em-cascavel\\\/\",\"url\":\"https:\\\/\\\/jornalboasnoticias.com.br\\\/home\\\/e-festa-natal-dos-pioneiros-tem-programacao-cultural-intensa-e-gratuita-para-toda-comunidade-em-cascavel\\\/\",\"name\":\"\u00c9 FESTA: Natal dos Pioneiros tem programa\u00e7\u00e3o cultural intensa e gratuita para toda comunidade em Cascavel - Jornal\",\"isPartOf\":{\"@id\":\"https:\\\/\\\/jornalboasnoticias.com.br\\\/home\\\/#website\"},\"primaryImageOfPage\":{\"@id\":\"https:\\\/\\\/jornalboasnoticias.com.br\\\/home\\\/e-festa-natal-dos-pioneiros-tem-programacao-cultural-intensa-e-gratuita-para-toda-comunidade-em-cascavel\\\/#primaryimage\"},\"image\":{\"@id\":\"https:\\\/\\\/jornalboasnoticias.com.br\\\/home\\\/e-festa-natal-dos-pioneiros-tem-programacao-cultural-intensa-e-gratuita-para-toda-comunidade-em-cascavel\\\/#primaryimage\"},\"thumbnailUrl\":\"https:\\\/\\\/jornalboasnoticias.com.br\\\/home\\\/wp-content\\\/uploads\\\/2024\\\/11\\\/img_C6D7424AD93F618285FF171DD1F55EE3DA78A5D7_420x870.png\",\"datePublished\":\"2024-11-01T13:27:27+00:00\",\"description\":\"\u00c9 FESTA: Natal dos Pioneiros tem programa\u00e7\u00e3o cultural intensa e gratuita para toda comunidade em Cascavel\",\"breadcrumb\":{\"@id\":\"https:\\\/\\\/jornalboasnoticias.com.br\\\/home\\\/e-festa-natal-dos-pioneiros-tem-programacao-cultural-intensa-e-gratuita-para-toda-comunidade-em-cascavel\\\/#breadcrumb\"},\"inLanguage\":\"pt-BR\",\"potentialAction\":[{\"@type\":\"ReadAction\",\"target\":[\"https:\\\/\\\/jornalboasnoticias.com.br\\\/home\\\/e-festa-natal-dos-pioneiros-tem-programacao-cultural-intensa-e-gratuita-para-toda-comunidade-em-cascavel\\\/\"]}]},{\"@type\":\"ImageObject\",\"inLanguage\":\"pt-BR\",\"@id\":\"https:\\\/\\\/jornalboasnoticias.com.br\\\/home\\\/e-festa-natal-dos-pioneiros-tem-programacao-cultural-intensa-e-gratuita-para-toda-comunidade-em-cascavel\\\/#primaryimage\",\"url\":\"https:\\\/\\\/jornalboasnoticias.com.br\\\/home\\\/wp-content\\\/uploads\\\/2024\\\/11\\\/img_C6D7424AD93F618285FF171DD1F55EE3DA78A5D7_420x870.png\",\"contentUrl\":\"https:\\\/\\\/jornalboasnoticias.com.br\\\/home\\\/wp-content\\\/uploads\\\/2024\\\/11\\\/img_C6D7424AD93F618285FF171DD1F55EE3DA78A5D7_420x870.png\",\"width\":630,\"height\":420},{\"@type\":\"BreadcrumbList\",\"@id\":\"https:\\\/\\\/jornalboasnoticias.com.br\\\/home\\\/e-festa-natal-dos-pioneiros-tem-programacao-cultural-intensa-e-gratuita-para-toda-comunidade-em-cascavel\\\/#breadcrumb\",\"itemListElement\":[{\"@type\":\"ListItem\",\"position\":1,\"name\":\"In\u00edcio\",\"item\":\"https:\\\/\\\/jornalboasnoticias.com.br\\\/home\\\/\"},{\"@type\":\"ListItem\",\"position\":2,\"name\":\"\u00c9 FESTA: Natal dos Pioneiros tem programa\u00e7\u00e3o cultural intensa e gratuita para toda comunidade em Cascavel\"}]},{\"@type\":\"WebSite\",\"@id\":\"https:\\\/\\\/jornalboasnoticias.com.br\\\/home\\\/#website\",\"url\":\"https:\\\/\\\/jornalboasnoticias.com.br\\\/home\\\/\",\"name\":\"Jornal Boas Not\u00edcias\",\"description\":\"Boas not\u00edcias\",\"publisher\":{\"@id\":\"https:\\\/\\\/jornalboasnoticias.com.br\\\/home\\\/#organization\"},\"potentialAction\":[{\"@type\":\"SearchAction\",\"target\":{\"@type\":\"EntryPoint\",\"urlTemplate\":\"https:\\\/\\\/jornalboasnoticias.com.br\\\/home\\\/?s={search_term_string}\"},\"query-input\":{\"@type\":\"PropertyValueSpecification\",\"valueRequired\":true,\"valueName\":\"search_term_string\"}}],\"inLanguage\":\"pt-BR\"},{\"@type\":\"Organization\",\"@id\":\"https:\\\/\\\/jornalboasnoticias.com.br\\\/home\\\/#organization\",\"name\":\"Coq Editora Ltda\",\"alternateName\":\"Jornal Boas Noticias\",\"url\":\"https:\\\/\\\/jornalboasnoticias.com.br\\\/home\\\/\",\"logo\":{\"@type\":\"ImageObject\",\"inLanguage\":\"pt-BR\",\"@id\":\"https:\\\/\\\/jornalboasnoticias.com.br\\\/home\\\/#\\\/schema\\\/logo\\\/image\\\/\",\"url\":\"https:\\\/\\\/jornalboasnoticias.com.br\\\/home\\\/wp-content\\\/uploads\\\/2024\\\/07\\\/cropped-logo.jpg\",\"contentUrl\":\"https:\\\/\\\/jornalboasnoticias.com.br\\\/home\\\/wp-content\\\/uploads\\\/2024\\\/07\\\/cropped-logo.jpg\",\"width\":290,\"height\":142,\"caption\":\"Coq Editora Ltda\"},\"image\":{\"@id\":\"https:\\\/\\\/jornalboasnoticias.com.br\\\/home\\\/#\\\/schema\\\/logo\\\/image\\\/\"},\"sameAs\":[\"https:\\\/\\\/www.facebook.com\\\/boasnoticiasjornal\"]},{\"@type\":\"Person\",\"@id\":\"https:\\\/\\\/jornalboasnoticias.com.br\\\/home\\\/#\\\/schema\\\/person\\\/d641193e0afc6405b390164dac847971\",\"name\":\"Ana Luiza Bonatto\",\"image\":{\"@type\":\"ImageObject\",\"inLanguage\":\"pt-BR\",\"@id\":\"https:\\\/\\\/secure.gravatar.com\\\/avatar\\\/8a055ebe6373371f67ac6fcf313c0ac0b0a91157fdcdb9514fa62927373348f0?s=96&d=mm&r=g\",\"url\":\"https:\\\/\\\/secure.gravatar.com\\\/avatar\\\/8a055ebe6373371f67ac6fcf313c0ac0b0a91157fdcdb9514fa62927373348f0?s=96&d=mm&r=g\",\"contentUrl\":\"https:\\\/\\\/secure.gravatar.com\\\/avatar\\\/8a055ebe6373371f67ac6fcf313c0ac0b0a91157fdcdb9514fa62927373348f0?s=96&d=mm&r=g\",\"caption\":\"Ana Luiza Bonatto\"},\"url\":\"https:\\\/\\\/jornalboasnoticias.com.br\\\/home\\\/author\\\/ana-luiza\\\/\"}]}<\/script>\n<!-- \/ Yoast SEO plugin. -->","yoast_head_json":{"title":"\u00c9 FESTA: Natal dos Pioneiros tem programa\u00e7\u00e3o cultural intensa e gratuita para toda comunidade em Cascavel - Jornal","description":"\u00c9 FESTA: Natal dos Pioneiros tem programa\u00e7\u00e3o cultural intensa e gratuita para toda comunidade em Cascavel","robots":{"index":"index","follow":"follow","max-snippet":"max-snippet:-1","max-image-preview":"max-image-preview:large","max-video-preview":"max-video-preview:-1"},"canonical":"https:\/\/jornalboasnoticias.com.br\/home\/e-festa-natal-dos-pioneiros-tem-programacao-cultural-intensa-e-gratuita-para-toda-comunidade-em-cascavel\/","og_locale":"pt_BR","og_type":"article","og_title":"\u00c9 FESTA: Natal dos Pioneiros tem programa\u00e7\u00e3o cultural intensa e gratuita para toda comunidade em Cascavel - Jornal","og_description":"\u00c9 FESTA: Natal dos Pioneiros tem programa\u00e7\u00e3o cultural intensa e gratuita para toda comunidade em Cascavel","og_url":"https:\/\/jornalboasnoticias.com.br\/home\/e-festa-natal-dos-pioneiros-tem-programacao-cultural-intensa-e-gratuita-para-toda-comunidade-em-cascavel\/","og_site_name":"Jornal","article_publisher":"https:\/\/www.facebook.com\/boasnoticiasjornal","article_published_time":"2024-11-01T13:27:27+00:00","og_image":[{"width":630,"height":420,"url":"https:\/\/jornalboasnoticias.com.br\/home\/wp-content\/uploads\/2024\/11\/img_C6D7424AD93F618285FF171DD1F55EE3DA78A5D7_420x870.png","type":"image\/png"}],"author":"Ana Luiza Bonatto","twitter_card":"summary_large_image","twitter_misc":{"Escrito por":"Ana Luiza Bonatto","Est. tempo de leitura":"4 minutos"},"schema":{"@context":"https:\/\/schema.org","@graph":[{"@type":"Article","@id":"https:\/\/jornalboasnoticias.com.br\/home\/e-festa-natal-dos-pioneiros-tem-programacao-cultural-intensa-e-gratuita-para-toda-comunidade-em-cascavel\/#article","isPartOf":{"@id":"https:\/\/jornalboasnoticias.com.br\/home\/e-festa-natal-dos-pioneiros-tem-programacao-cultural-intensa-e-gratuita-para-toda-comunidade-em-cascavel\/"},"author":{"name":"Ana Luiza Bonatto","@id":"https:\/\/jornalboasnoticias.com.br\/home\/#\/schema\/person\/d641193e0afc6405b390164dac847971"},"headline":"\u00c9 FESTA: Natal dos Pioneiros tem programa\u00e7\u00e3o cultural intensa e gratuita para toda comunidade em Cascavel","datePublished":"2024-11-01T13:27:27+00:00","mainEntityOfPage":{"@id":"https:\/\/jornalboasnoticias.com.br\/home\/e-festa-natal-dos-pioneiros-tem-programacao-cultural-intensa-e-gratuita-para-toda-comunidade-em-cascavel\/"},"wordCount":653,"commentCount":0,"publisher":{"@id":"https:\/\/jornalboasnoticias.com.br\/home\/#organization"},"image":{"@id":"https:\/\/jornalboasnoticias.com.br\/home\/e-festa-natal-dos-pioneiros-tem-programacao-cultural-intensa-e-gratuita-para-toda-comunidade-em-cascavel\/#primaryimage"},"thumbnailUrl":"https:\/\/jornalboasnoticias.com.br\/home\/wp-content\/uploads\/2024\/11\/img_C6D7424AD93F618285FF171DD1F55EE3DA78A5D7_420x870.png","articleSection":["CASCAVEL","DESTAQUE"],"inLanguage":"pt-BR","potentialAction":[{"@type":"CommentAction","name":"Comment","target":["https:\/\/jornalboasnoticias.com.br\/home\/e-festa-natal-dos-pioneiros-tem-programacao-cultural-intensa-e-gratuita-para-toda-comunidade-em-cascavel\/#respond"]}]},{"@type":"WebPage","@id":"https:\/\/jornalboasnoticias.com.br\/home\/e-festa-natal-dos-pioneiros-tem-programacao-cultural-intensa-e-gratuita-para-toda-comunidade-em-cascavel\/","url":"https:\/\/jornalboasnoticias.com.br\/home\/e-festa-natal-dos-pioneiros-tem-programacao-cultural-intensa-e-gratuita-para-toda-comunidade-em-cascavel\/","name":"\u00c9 FESTA: Natal dos Pioneiros tem programa\u00e7\u00e3o cultural intensa e gratuita para toda comunidade em Cascavel - Jornal","isPartOf":{"@id":"https:\/\/jornalboasnoticias.com.br\/home\/#website"},"primaryImageOfPage":{"@id":"https:\/\/jornalboasnoticias.com.br\/home\/e-festa-natal-dos-pioneiros-tem-programacao-cultural-intensa-e-gratuita-para-toda-comunidade-em-cascavel\/#primaryimage"},"image":{"@id":"https:\/\/jornalboasnoticias.com.br\/home\/e-festa-natal-dos-pioneiros-tem-programacao-cultural-intensa-e-gratuita-para-toda-comunidade-em-cascavel\/#primaryimage"},"thumbnailUrl":"https:\/\/jornalboasnoticias.com.br\/home\/wp-content\/uploads\/2024\/11\/img_C6D7424AD93F618285FF171DD1F55EE3DA78A5D7_420x870.png","datePublished":"2024-11-01T13:27:27+00:00","description":"\u00c9 FESTA: Natal dos Pioneiros tem programa\u00e7\u00e3o cultural intensa e gratuita para toda comunidade em Cascavel","breadcrumb":{"@id":"https:\/\/jornalboasnoticias.com.br\/home\/e-festa-natal-dos-pioneiros-tem-programacao-cultural-intensa-e-gratuita-para-toda-comunidade-em-cascavel\/#breadcrumb"},"inLanguage":"pt-BR","potentialAction":[{"@type":"ReadAction","target":["https:\/\/jornalboasnoticias.com.br\/home\/e-festa-natal-dos-pioneiros-tem-programacao-cultural-intensa-e-gratuita-para-toda-comunidade-em-cascavel\/"]}]},{"@type":"ImageObject","inLanguage":"pt-BR","@id":"https:\/\/jornalboasnoticias.com.br\/home\/e-festa-natal-dos-pioneiros-tem-programacao-cultural-intensa-e-gratuita-para-toda-comunidade-em-cascavel\/#primaryimage","url":"https:\/\/jornalboasnoticias.com.br\/home\/wp-content\/uploads\/2024\/11\/img_C6D7424AD93F618285FF171DD1F55EE3DA78A5D7_420x870.png","contentUrl":"https:\/\/jornalboasnoticias.com.br\/home\/wp-content\/uploads\/2024\/11\/img_C6D7424AD93F618285FF171DD1F55EE3DA78A5D7_420x870.png","width":630,"height":420},{"@type":"BreadcrumbList","@id":"https:\/\/jornalboasnoticias.com.br\/home\/e-festa-natal-dos-pioneiros-tem-programacao-cultural-intensa-e-gratuita-para-toda-comunidade-em-cascavel\/#breadcrumb","itemListElement":[{"@type":"ListItem","position":1,"name":"In\u00edcio","item":"https:\/\/jornalboasnoticias.com.br\/home\/"},{"@type":"ListItem","position":2,"name":"\u00c9 FESTA: Natal dos Pioneiros tem programa\u00e7\u00e3o cultural intensa e gratuita para toda comunidade em Cascavel"}]},{"@type":"WebSite","@id":"https:\/\/jornalboasnoticias.com.br\/home\/#website","url":"https:\/\/jornalboasnoticias.com.br\/home\/","name":"Jornal Boas Not\u00edcias","description":"Boas not\u00edcias","publisher":{"@id":"https:\/\/jornalboasnoticias.com.br\/home\/#organization"},"potentialAction":[{"@type":"SearchAction","target":{"@type":"EntryPoint","urlTemplate":"https:\/\/jornalboasnoticias.com.br\/home\/?s={search_term_string}"},"query-input":{"@type":"PropertyValueSpecification","valueRequired":true,"valueName":"search_term_string"}}],"inLanguage":"pt-BR"},{"@type":"Organization","@id":"https:\/\/jornalboasnoticias.com.br\/home\/#organization","name":"Coq Editora Ltda","alternateName":"Jornal Boas Noticias","url":"https:\/\/jornalboasnoticias.com.br\/home\/","logo":{"@type":"ImageObject","inLanguage":"pt-BR","@id":"https:\/\/jornalboasnoticias.com.br\/home\/#\/schema\/logo\/image\/","url":"https:\/\/jornalboasnoticias.com.br\/home\/wp-content\/uploads\/2024\/07\/cropped-logo.jpg","contentUrl":"https:\/\/jornalboasnoticias.com.br\/home\/wp-content\/uploads\/2024\/07\/cropped-logo.jpg","width":290,"height":142,"caption":"Coq Editora Ltda"},"image":{"@id":"https:\/\/jornalboasnoticias.com.br\/home\/#\/schema\/logo\/image\/"},"sameAs":["https:\/\/www.facebook.com\/boasnoticiasjornal"]},{"@type":"Person","@id":"https:\/\/jornalboasnoticias.com.br\/home\/#\/schema\/person\/d641193e0afc6405b390164dac847971","name":"Ana Luiza Bonatto","image":{"@type":"ImageObject","inLanguage":"pt-BR","@id":"https:\/\/secure.gravatar.com\/avatar\/8a055ebe6373371f67ac6fcf313c0ac0b0a91157fdcdb9514fa62927373348f0?s=96&d=mm&r=g","url":"https:\/\/secure.gravatar.com\/avatar\/8a055ebe6373371f67ac6fcf313c0ac0b0a91157fdcdb9514fa62927373348f0?s=96&d=mm&r=g","contentUrl":"https:\/\/secure.gravatar.com\/avatar\/8a055ebe6373371f67ac6fcf313c0ac0b0a91157fdcdb9514fa62927373348f0?s=96&d=mm&r=g","caption":"Ana Luiza Bonatto"},"url":"https:\/\/jornalboasnoticias.com.br\/home\/author\/ana-luiza\/"}]}},"_links":{"self":[{"href":"https:\/\/jornalboasnoticias.com.br\/home\/wp-json\/wp\/v2\/posts\/45107","targetHints":{"allow":["GET"]}}],"collection":[{"href":"https:\/\/jornalboasnoticias.com.br\/home\/wp-json\/wp\/v2\/posts"}],"about":[{"href":"https:\/\/jornalboasnoticias.com.br\/home\/wp-json\/wp\/v2\/types\/post"}],"author":[{"embeddable":true,"href":"https:\/\/jornalboasnoticias.com.br\/home\/wp-json\/wp\/v2\/users\/4"}],"replies":[{"embeddable":true,"href":"https:\/\/jornalboasnoticias.com.br\/home\/wp-json\/wp\/v2\/comments?post=45107"}],"version-history":[{"count":1,"href":"https:\/\/jornalboasnoticias.com.br\/home\/wp-json\/wp\/v2\/posts\/45107\/revisions"}],"predecessor-version":[{"id":45109,"href":"https:\/\/jornalboasnoticias.com.br\/home\/wp-json\/wp\/v2\/posts\/45107\/revisions\/45109"}],"wp:featuredmedia":[{"embeddable":true,"href":"https:\/\/jornalboasnoticias.com.br\/home\/wp-json\/wp\/v2\/media\/45108"}],"wp:attachment":[{"href":"https:\/\/jornalboasnoticias.com.br\/home\/wp-json\/wp\/v2\/media?parent=45107"}],"wp:term":[{"taxonomy":"category","embeddable":true,"href":"https:\/\/jornalboasnoticias.com.br\/home\/wp-json\/wp\/v2\/categories?post=45107"},{"taxonomy":"post_tag","embeddable":true,"href":"https:\/\/jornalboasnoticias.com.br\/home\/wp-json\/wp\/v2\/tags?post=45107"}],"curies":[{"name":"wp","href":"https:\/\/api.w.org\/{rel}","templated":true}]}}