{"id":45099,"date":"2024-11-01T13:06:43","date_gmt":"2024-11-01T13:06:43","guid":{"rendered":"https:\/\/jornalboasnoticias.com.br\/home\/?p=45099"},"modified":"2024-11-01T13:06:43","modified_gmt":"2024-11-01T13:06:43","slug":"calendario-de-novembro-tem-shows-natalinos-festas-religiosas-e-frango-na-telha","status":"publish","type":"post","link":"https:\/\/jornalboasnoticias.com.br\/home\/calendario-de-novembro-tem-shows-natalinos-festas-religiosas-e-frango-na-telha\/","title":{"rendered":"Calend\u00e1rio de novembro tem shows natalinos, festas religiosas e frango na telha"},"content":{"rendered":"<div class=\"not-escopo-destaque\">\n<div>\n<figure id=\"attachment_45100\" aria-describedby=\"caption-attachment-45100\" style=\"width: 800px\" class=\"wp-caption alignnone\"><img loading=\"lazy\" decoding=\"async\" class=\"size-full wp-image-45100\" src=\"https:\/\/jornalboasnoticias.com.br\/home\/wp-content\/uploads\/2024\/11\/00460929.png\" alt=\"\" width=\"800\" height=\"533\" srcset=\"https:\/\/jornalboasnoticias.com.br\/home\/wp-content\/uploads\/2024\/11\/00460929.png 800w, https:\/\/jornalboasnoticias.com.br\/home\/wp-content\/uploads\/2024\/11\/00460929-300x200.png 300w, https:\/\/jornalboasnoticias.com.br\/home\/wp-content\/uploads\/2024\/11\/00460929-768x512.png 768w\" sizes=\"auto, (max-width: 800px) 100vw, 800px\" \/><figcaption id=\"caption-attachment-45100\" class=\"wp-caption-text\">Foto: Jos\u00e9 Fernando Ogura\/SMCS<\/figcaption><\/figure>\n<\/div>\n<\/div>\n<blockquote>\n<div class=\"not-escopo-destaque\">\n<div class=\"field field--name-field-escopo-destaque field--type-string-long field--label-hidden field--item\">Os eventos contam com apoio do Governo do Estado, por meio da Secretaria do Turismo do Paran\u00e1 (Setu) e do Viaje Paran\u00e1. Destaques s\u00e3o Natal de Curitiba, Boat Show de Foz do Igua\u00e7u, Torneio de Pesca ao Black Bass de Campo Mour\u00e3o, Festa de Nossa Senhora do Rocio, VII Congresso Internacional de Felicidade e Frango na Telha de Umuarama.<\/div>\n<\/div>\n<\/blockquote>\n<div>\n<p>Novembro chegou e com ele a abertura da temporada de espet\u00e1culos natalinos \u2013 especialmente em Curitiba, que se transforma na Capital Nacional do Natal, atraindo visitantes de todo o Pa\u00eds. Mas n\u00e3o \u00e9 s\u00f3 o Papai Noel que se destaca: o calend\u00e1rio tur\u00edstico do Paran\u00e1 prev\u00ea atra\u00e7\u00f5es em todos os segmentos, de romaria a congresso de felicidade, de encontro de motor homes a evento n\u00e1utico, de frango na telha a porco moura. Os eventos contam com apoio do Governo do Estado, por meio da Secretaria do Turismo do Paran\u00e1 (Setu) e do Viaje Paran\u00e1.<\/p>\n<p>A grande expectativa gira em torno da abertura do Natal de Curitiba \u2013 Luz dos Pinhais, que ter\u00e1 este ano a maior edi\u00e7\u00e3o da hist\u00f3ria e ser\u00e1 tamb\u00e9m o maior do Brasil. O Auto de Natal do Largo da Ordem ser\u00e1 o espet\u00e1culo de abertura, no dia 22 de novembro, com 46 dias seguidos de apresenta\u00e7\u00f5es e atra\u00e7\u00f5es por toda a cidade, como roda-gigante na Rua XV de Novembro, carrossel no Passeio P\u00fablico, show de drones, cantatas, autos, bal\u00e9 \u2013 al\u00e9m da decora\u00e7\u00e3o, que ser\u00e1 mantida at\u00e9 dia 6 de janeiro de 2025 (Dia de Reis). A programa\u00e7\u00e3o completa est\u00e1\u00a0<a class=\"0\" href=\"https:\/\/www.curitiba.pr.gov.br\/noticias\/conheca-as-principais-atracoes-do-natal-de-curitiba-luz-dos-pinhais-2024\/74756?utm_content=mldn\" target=\"_blank\" rel=\"nofollow noopener\">aqui<\/a>.<\/p>\n<p>\u201cEm parceria com o munic\u00edpio, n\u00f3s queremos consolidar Curitiba como a Capital Nacional do Natal, atrair turistas n\u00e3o s\u00f3 do Brasil mas do exterior e tamb\u00e9m motiv\u00e1-los a permanecer por mais tempo e conhecer o entorno da cidade, como as praias e cidades hist\u00f3ricas do nosso litoral, a rota das cervejas, as vin\u00edcolas, os atrativos dos Campos Gerais\u201d, destaca o secret\u00e1rio estadual do Turismo, Marcio Nunes.<\/p>\n<p>Mas n\u00e3o \u00e9 apenas a Capital que ter\u00e1 espet\u00e1culos natalinos: diversas outras cidades promover\u00e3o eventos e decora\u00e7\u00f5es especiais para celebrar a data j\u00e1 a partir de novembro. O munic\u00edpio de Marialva promove o espet\u00e1culo \u201cNatal, Brilho e Magia\u201d de 14\/11 a 6\/1; em Sapopema, o Natal Encantado come\u00e7a dia 15\/11 e vai at\u00e9 6\/1; j\u00e1 Cianorte promove seu Natal de Luz de 28\/11 a 23\/12; e em Formosa do Oeste, as festas natalinas ocorrem de 29\/11 a 10\/01.<\/p>\n<p><strong>N\u00c1UTICA &amp; PESCA\u00a0<\/strong>\u2013 Tamb\u00e9m neste m\u00eas, o Paran\u00e1 recebe a segunda edi\u00e7\u00e3o da International Foz Boat Show, em Foz do Igua\u00e7u, no Iate Clube Lago de Itaipu (ICLI), de 28\/11 a 1\/12. O Boat Show \u00e9 o maior evento n\u00e1utico da Am\u00e9rica Latina, tradicionalmente realizado no Rio de Janeiro e em S\u00e3o Paulo. Em Foz, pela primeira vez foi realizado em \u00e1guas doces, tornando-se o \u00fanico evento do g\u00eanero no Pa\u00eds. Em 2023, foram mais de 6 mil visitantes e R$ 30 milh\u00f5es em neg\u00f3cios.<\/p>\n<p>J\u00e1 Paranagu\u00e1 recebe, no dia 2\/11, a etapa Ilha do Mel do Festival Paran\u00e1 Veleiro Oce\u00e2nico. E, para os amantes da pesca desportiva, a grande pedida \u00e9 o Torneio de Pesca ao Black Bass de Campo Mour\u00e3o, dias 23 e 24\/11.<\/p>\n<p><strong>TURISMO SOBRE RODAS<\/strong>\u00a0\u2013 Entre os dias 13 e 17 de novembro, S\u00e3o Jos\u00e9 dos Pinhais ser\u00e1 novamente a capital nacional do campismo e do caravanismo, com a 8\u00aa edi\u00e7\u00e3o da expo Motorhome \u2013 a maior feira do g\u00eanero na Am\u00e9rica Latina. O evento tem papel fundamental no fortalecimento do setor de motorhomes e do turismo sobre rodas, estimulando a inova\u00e7\u00e3o e permitindo ao consumidor final conhecer as mais recentes tecnologias do mercado. A expectativa para este ano \u00e9 de atingir cerca de R$ 500 milh\u00f5es em neg\u00f3cios movimentados.<\/p>\n<p>J\u00e1 Curitiba recebe, entre os dias 15 e 17, o Encontro Nacional de Pumas, no Bosque s\u00e3o Crist\u00f3v\u00e3o (Santa Felicidade), reunindo amantes da famosa marca nacional de ve\u00edculos que, inclusive, teve f\u00e1brica em Curitiba na d\u00e9cada de 1980.<\/p>\n<p><strong>FESTAS RELIGIOSAS<\/strong>\u00a0\u2013 O turismo religioso tamb\u00e9m segue em alta no Paran\u00e1, e este m\u00eas acontecem alguns eventos tradicionais que costumam reunir centenas de milhares de fieis e visitantes. Um deles \u00e9 a Festa de Nossa Senhora do Rocio, em Paranagu\u00e1, que este ano chega \u00e0 sua 211\u00aa edi\u00e7\u00e3o. A celebra\u00e7\u00e3o da Padroeira do Paran\u00e1 ser\u00e1 iniciada em 3 de novembro, \u00e0s 20h, com a Troca do Manto da Santa no Santu\u00e1rio do Rocio. O noven\u00e1rio ocorre entre 6 a 14 de novembro, com destaque para a prociss\u00e3o, que ocorrer\u00e1 em 15 de novembro.<\/p>\n<p>Prudent\u00f3polis abriga a Festa em Louvor ao Padroeiro S\u00e3o Josafat, dias 9 e 10. J\u00e1 Tapejara promove a 3\u00aa Romaria \u00e0 Capela de Nossa Senhora do Rocio, dia 15\/11. E Campo Mour\u00e3o recebe, dia 17, a 19\u00aa edi\u00e7\u00e3o do evento Cristo \u00e9 Nosso Show, com apresenta\u00e7\u00f5es de diversos artistas do segmento, como Dunga, Cosme e Fernando Vinhote.<\/p>\n<p>Em Curitiba, o VII Congresso Internacional de Felicidade, maior evento de bem-estar e autoconhecimento da Am\u00e9rica Latina, traz ao Paran\u00e1 milhares de visitantes para assistir palestrantes do Brasil e do Exterior abordarem o tema da felicidade sob os aspectos da ci\u00eancia, da arte, da filosofia e da espiritualidade.<\/p>\n<p><strong>GASTRONOMIA\u00a0<\/strong>\u2013 Pra fechar as dicas do m\u00eas, Foz do Igua\u00e7u recebe no final do evento grandes eventos gastron\u00f4micos. Como a 25\u00b0 Festa do Frango na Telha de Umuarama, promovida pelo Rotary Club da cidade e que est\u00e1 completando 25 anos. O evento acontece nos dias 9 e 10 de novembro no Centro de Eventos Alexandre Ceranto \u2013 ao lado do Parque de Exposi\u00e7\u00f5es de Umuarama.<\/p>\n<p>J\u00e1 Foz do Igua\u00e7u fecha o m\u00eas em grande estilo e com muito sabor, com o Festival Circuito Gastron\u00f4mico das Cataratas (29 e 30\/11) e o Festival do Porco Moura, tamb\u00e9m no dia 30 de novembro.<\/p>\n<p><strong>Confira os eventos de novembro:<\/strong><\/p>\n<p>Festival Paran\u00e1 Veleiro Oceano &#8211; Etapa Ilha do Mel &#8211; Paranagu\u00e1 &#8211;\u00a002\/11<\/p>\n<p>VII Congresso Internacional de Felicidade e Festival de Felicidade Curitiba &#8211; 02\/11 a 03\/11<\/p>\n<p>Comemora\u00e7\u00e3o do Anivers\u00e1rio de Antonina &#8211; 06\/11<\/p>\n<p>Congresso Inovare Curitiba &#8211; 06\/11 a 08\/11<\/p>\n<p>211\u00b0 Festa Estadual de Nossa Senhora do Rocio &#8211; Paranagu\u00e1 &#8211; 06\/11 a 16\/11<\/p>\n<p>8\u00b0 Expo Nova Londrina &#8211; 07\/11 a 09\/11<\/p>\n<p>Festuris Gramado &#8211; 07\/11 a 10\/11<\/p>\n<p>64\u00b0 Anivers\u00e1rio do Munic\u00edpio Guaira\u00e7\u00e1 &#8211; 08\/11 a 10\/11<\/p>\n<p>III Expo Ramil\u00e2ndia &#8211; 08\/11 a 10\/11<\/p>\n<p>Anivers\u00e1rio do Munic\u00edpio de Amapor\u00e3 &#8211; 08\/11 e 09\/11<\/p>\n<p>Anivers\u00e1rio do Munic\u00edpio de Miraselva &#8211; 09\/11 e 10\/11<\/p>\n<p>Anivers\u00e1rio do Munic\u00edpio de Nova Alian\u00e7a do Iva\u00ed &#8211; 09\/11 e 10\/11<\/p>\n<p>Festa em Louvor ao Padroeiro S\u00e3o Josafat &#8211; Prudent\u00f3polis &#8211; 09\/11 e 10\/11<\/p>\n<p>Vambora &#8211; Cascavel &#8211; 09\/11<\/p>\n<p>25\u00b0 Festa do Frango na Telha de Umuarama &#8211; 09\/11 e 10\/11<\/p>\n<p>Momento de Espiritualidade Maring\u00e1 &#8211; 10\/11<\/p>\n<p>Camb\u00e9 Musical &#8211; 11\/11<\/p>\n<p>Expo Motor Home Pinhais &#8211; 13\/11 a 17\/11<\/p>\n<p>11\u00b0 Exposanto e 2\u00b0 Expoagro Santo Ant\u00f4nio do Sudoeste &#8211; 13\/11 a 17\/11<\/p>\n<p>Natal, Brilho e Magia de Marialva &#8211; 14\/11 a 06\/01<\/p>\n<p>20\u00b0 Expovale &#8211; Exposi\u00e7\u00e3o Agropecu\u00e1ria e Industrial de Ivaipor\u00e3 &#8211; 14\/11 a 19\/11<\/p>\n<p>Anivers\u00e1rio de Florest\u00f3polis &#8211; 14\/11 a 15\/11<\/p>\n<p>Anivers\u00e1rio de Emancipa\u00e7\u00e3o Pol\u00edtica de Mirador &#8211; 14\/11 e 15\/11<\/p>\n<p>Anivers\u00e1rio de Planaltina do Paran\u00e1 &#8211; 15\/11 e 16\/11<\/p>\n<p>ExpoAmoreira S\u00e3o Sebasti\u00e3o da Amoreira &#8211; 15\/11 a 17\/11<\/p>\n<p>3\u00b0 Romaria \u00e0 Capela Nossa Senhora do Rocio &#8211; Tapejara &#8211; 15\/11<\/p>\n<p>Encontro Nacional de Pumas Curitiba &#8211; 15\/11 a 17\/11<\/p>\n<p>63\u00b0 Anivers\u00e1rio do Munic\u00edpio de Ita\u00fana do Sul &#8211; 15\/11 e 16\/11<\/p>\n<p>Natal Encantado de Sapopema &#8211; 15\/11 a 06\/01<\/p>\n<p>10\u00b0 Edi\u00e7\u00e3o PDM (Pedal dos Mestres) Mato Rico &#8211; 16\/11<\/p>\n<p>Cristo \u00e9 nosso Show Campo Mour\u00e3o &#8211; 17\/11 e 18\/11<\/p>\n<p>XVII Expoaveco Vera Cruz do Oeste &#8211; 21\/11 a 24\/11<\/p>\n<p>7\u00b0 Edi\u00e7\u00e3o do Torneio de Pesca ao Black Bass e Campo Mour\u00e3o Pesca &amp; Na\u00fatica Campo Mour\u00e3o &#8211; 23\/11 e 24\/11<\/p>\n<p>Natal Luz de Braganey &#8211; 23\/11 a 06\/01<\/p>\n<p>Ivatuba Encantada &#8211; 23\/11 a 10\/01<\/p>\n<p>Anivers\u00e1rio de Vera Cruz do Oeste &#8211; 24\/11<\/p>\n<p>Agroshow Dois Vizinhos &#8211; 27\/11 a 01\/12<\/p>\n<p>Foz Internacional Boat Show Foz do Igua\u00e7u &#8211; 28\/11 a 01\/12<\/p>\n<p>Expo Le\u00f3polis &#8211; 28\/11 a 01\/12<\/p>\n<p>Expo Loanda 2024 &#8211; 28\/11 a 01\/12<\/p>\n<p>Natal Luz de Cianorte &#8211; 28\/11 a 23\/12<\/p>\n<p>Festas Natalinas de Formosa do Oeste &#8211; 29\/11 a 10\/01<\/p>\n<p>Castelo Fest Presidente Castelo Branco &#8211; 29\/11 a 01\/12<\/p>\n<p>Festival Circuito Gastron\u00f4mico das Cataratas &#8211; Foz do Igua\u00e7u &#8211; 29\/11 e 30\/11<\/p>\n<p>Festa das Na\u00e7\u00f5es de Para\u00edso do Norte Para\u00edso do Norte &#8211; 29\/11 a 01\/12<\/p>\n<p>Festival Porco Moura &#8211; Foz do Igua\u00e7u \u2013 30\/11<\/p>\n<\/div>\n","protected":false},"excerpt":{"rendered":"<p>Os eventos contam com apoio do Governo do Estado, por meio da Secretaria do Turismo<\/p>\n","protected":false},"author":4,"featured_media":45100,"comment_status":"open","ping_status":"open","sticky":false,"template":"","format":"standard","meta":{"footnotes":""},"categories":[4],"tags":[],"class_list":["post-45099","post","type-post","status-publish","format-standard","has-post-thumbnail","hentry","category-parana"],"yoast_head":"<!-- This site is optimized with the Yoast SEO plugin v27.5 - https:\/\/yoast.com\/product\/yoast-seo-wordpress\/ -->\n<title>Calend\u00e1rio de novembro tem shows natalinos, festas religiosas e frango na telha - Jornal<\/title>\n<meta name=\"description\" content=\"Calend\u00e1rio de novembro tem shows natalinos, festas religiosas e frango na telha\" \/>\n<meta name=\"robots\" content=\"index, follow, max-snippet:-1, max-image-preview:large, max-video-preview:-1\" \/>\n<link rel=\"canonical\" href=\"https:\/\/jornalboasnoticias.com.br\/home\/calendario-de-novembro-tem-shows-natalinos-festas-religiosas-e-frango-na-telha\/\" \/>\n<meta property=\"og:locale\" content=\"pt_BR\" \/>\n<meta property=\"og:type\" content=\"article\" \/>\n<meta property=\"og:title\" content=\"Calend\u00e1rio de novembro tem shows natalinos, festas religiosas e frango na telha - Jornal\" \/>\n<meta property=\"og:description\" content=\"Calend\u00e1rio de novembro tem shows natalinos, festas religiosas e frango na telha\" \/>\n<meta property=\"og:url\" content=\"https:\/\/jornalboasnoticias.com.br\/home\/calendario-de-novembro-tem-shows-natalinos-festas-religiosas-e-frango-na-telha\/\" \/>\n<meta property=\"og:site_name\" content=\"Jornal\" \/>\n<meta property=\"article:publisher\" content=\"https:\/\/www.facebook.com\/boasnoticiasjornal\" \/>\n<meta property=\"article:published_time\" content=\"2024-11-01T13:06:43+00:00\" \/>\n<meta property=\"og:image\" content=\"https:\/\/jornalboasnoticias.com.br\/home\/wp-content\/uploads\/2024\/11\/00460929.png\" \/>\n\t<meta property=\"og:image:width\" content=\"800\" \/>\n\t<meta property=\"og:image:height\" content=\"533\" \/>\n\t<meta property=\"og:image:type\" content=\"image\/png\" \/>\n<meta name=\"author\" content=\"Ana Luiza Bonatto\" \/>\n<meta name=\"twitter:card\" content=\"summary_large_image\" \/>\n<meta name=\"twitter:label1\" content=\"Escrito por\" \/>\n\t<meta name=\"twitter:data1\" content=\"Ana Luiza Bonatto\" \/>\n\t<meta name=\"twitter:label2\" content=\"Est. tempo de leitura\" \/>\n\t<meta name=\"twitter:data2\" content=\"8 minutos\" \/>\n<script type=\"application\/ld+json\" class=\"yoast-schema-graph\">{\"@context\":\"https:\\\/\\\/schema.org\",\"@graph\":[{\"@type\":\"Article\",\"@id\":\"https:\\\/\\\/jornalboasnoticias.com.br\\\/home\\\/calendario-de-novembro-tem-shows-natalinos-festas-religiosas-e-frango-na-telha\\\/#article\",\"isPartOf\":{\"@id\":\"https:\\\/\\\/jornalboasnoticias.com.br\\\/home\\\/calendario-de-novembro-tem-shows-natalinos-festas-religiosas-e-frango-na-telha\\\/\"},\"author\":{\"name\":\"Ana Luiza Bonatto\",\"@id\":\"https:\\\/\\\/jornalboasnoticias.com.br\\\/home\\\/#\\\/schema\\\/person\\\/d641193e0afc6405b390164dac847971\"},\"headline\":\"Calend\u00e1rio de novembro tem shows natalinos, festas religiosas e frango na telha\",\"datePublished\":\"2024-11-01T13:06:43+00:00\",\"mainEntityOfPage\":{\"@id\":\"https:\\\/\\\/jornalboasnoticias.com.br\\\/home\\\/calendario-de-novembro-tem-shows-natalinos-festas-religiosas-e-frango-na-telha\\\/\"},\"wordCount\":1391,\"commentCount\":0,\"publisher\":{\"@id\":\"https:\\\/\\\/jornalboasnoticias.com.br\\\/home\\\/#organization\"},\"image\":{\"@id\":\"https:\\\/\\\/jornalboasnoticias.com.br\\\/home\\\/calendario-de-novembro-tem-shows-natalinos-festas-religiosas-e-frango-na-telha\\\/#primaryimage\"},\"thumbnailUrl\":\"https:\\\/\\\/jornalboasnoticias.com.br\\\/home\\\/wp-content\\\/uploads\\\/2024\\\/11\\\/00460929.png\",\"articleSection\":[\"PARAN\u00c1\"],\"inLanguage\":\"pt-BR\",\"potentialAction\":[{\"@type\":\"CommentAction\",\"name\":\"Comment\",\"target\":[\"https:\\\/\\\/jornalboasnoticias.com.br\\\/home\\\/calendario-de-novembro-tem-shows-natalinos-festas-religiosas-e-frango-na-telha\\\/#respond\"]}]},{\"@type\":\"WebPage\",\"@id\":\"https:\\\/\\\/jornalboasnoticias.com.br\\\/home\\\/calendario-de-novembro-tem-shows-natalinos-festas-religiosas-e-frango-na-telha\\\/\",\"url\":\"https:\\\/\\\/jornalboasnoticias.com.br\\\/home\\\/calendario-de-novembro-tem-shows-natalinos-festas-religiosas-e-frango-na-telha\\\/\",\"name\":\"Calend\u00e1rio de novembro tem shows natalinos, festas religiosas e frango na telha - Jornal\",\"isPartOf\":{\"@id\":\"https:\\\/\\\/jornalboasnoticias.com.br\\\/home\\\/#website\"},\"primaryImageOfPage\":{\"@id\":\"https:\\\/\\\/jornalboasnoticias.com.br\\\/home\\\/calendario-de-novembro-tem-shows-natalinos-festas-religiosas-e-frango-na-telha\\\/#primaryimage\"},\"image\":{\"@id\":\"https:\\\/\\\/jornalboasnoticias.com.br\\\/home\\\/calendario-de-novembro-tem-shows-natalinos-festas-religiosas-e-frango-na-telha\\\/#primaryimage\"},\"thumbnailUrl\":\"https:\\\/\\\/jornalboasnoticias.com.br\\\/home\\\/wp-content\\\/uploads\\\/2024\\\/11\\\/00460929.png\",\"datePublished\":\"2024-11-01T13:06:43+00:00\",\"description\":\"Calend\u00e1rio de novembro tem shows natalinos, festas religiosas e frango na telha\",\"breadcrumb\":{\"@id\":\"https:\\\/\\\/jornalboasnoticias.com.br\\\/home\\\/calendario-de-novembro-tem-shows-natalinos-festas-religiosas-e-frango-na-telha\\\/#breadcrumb\"},\"inLanguage\":\"pt-BR\",\"potentialAction\":[{\"@type\":\"ReadAction\",\"target\":[\"https:\\\/\\\/jornalboasnoticias.com.br\\\/home\\\/calendario-de-novembro-tem-shows-natalinos-festas-religiosas-e-frango-na-telha\\\/\"]}]},{\"@type\":\"ImageObject\",\"inLanguage\":\"pt-BR\",\"@id\":\"https:\\\/\\\/jornalboasnoticias.com.br\\\/home\\\/calendario-de-novembro-tem-shows-natalinos-festas-religiosas-e-frango-na-telha\\\/#primaryimage\",\"url\":\"https:\\\/\\\/jornalboasnoticias.com.br\\\/home\\\/wp-content\\\/uploads\\\/2024\\\/11\\\/00460929.png\",\"contentUrl\":\"https:\\\/\\\/jornalboasnoticias.com.br\\\/home\\\/wp-content\\\/uploads\\\/2024\\\/11\\\/00460929.png\",\"width\":800,\"height\":533,\"caption\":\"Foto: Jos\u00e9 Fernando Ogura\\\/SMCS\"},{\"@type\":\"BreadcrumbList\",\"@id\":\"https:\\\/\\\/jornalboasnoticias.com.br\\\/home\\\/calendario-de-novembro-tem-shows-natalinos-festas-religiosas-e-frango-na-telha\\\/#breadcrumb\",\"itemListElement\":[{\"@type\":\"ListItem\",\"position\":1,\"name\":\"In\u00edcio\",\"item\":\"https:\\\/\\\/jornalboasnoticias.com.br\\\/home\\\/\"},{\"@type\":\"ListItem\",\"position\":2,\"name\":\"Calend\u00e1rio de novembro tem shows natalinos, festas religiosas e frango na telha\"}]},{\"@type\":\"WebSite\",\"@id\":\"https:\\\/\\\/jornalboasnoticias.com.br\\\/home\\\/#website\",\"url\":\"https:\\\/\\\/jornalboasnoticias.com.br\\\/home\\\/\",\"name\":\"Jornal Boas Not\u00edcias\",\"description\":\"Boas not\u00edcias\",\"publisher\":{\"@id\":\"https:\\\/\\\/jornalboasnoticias.com.br\\\/home\\\/#organization\"},\"potentialAction\":[{\"@type\":\"SearchAction\",\"target\":{\"@type\":\"EntryPoint\",\"urlTemplate\":\"https:\\\/\\\/jornalboasnoticias.com.br\\\/home\\\/?s={search_term_string}\"},\"query-input\":{\"@type\":\"PropertyValueSpecification\",\"valueRequired\":true,\"valueName\":\"search_term_string\"}}],\"inLanguage\":\"pt-BR\"},{\"@type\":\"Organization\",\"@id\":\"https:\\\/\\\/jornalboasnoticias.com.br\\\/home\\\/#organization\",\"name\":\"Coq Editora Ltda\",\"alternateName\":\"Jornal Boas Noticias\",\"url\":\"https:\\\/\\\/jornalboasnoticias.com.br\\\/home\\\/\",\"logo\":{\"@type\":\"ImageObject\",\"inLanguage\":\"pt-BR\",\"@id\":\"https:\\\/\\\/jornalboasnoticias.com.br\\\/home\\\/#\\\/schema\\\/logo\\\/image\\\/\",\"url\":\"https:\\\/\\\/jornalboasnoticias.com.br\\\/home\\\/wp-content\\\/uploads\\\/2024\\\/07\\\/cropped-logo.jpg\",\"contentUrl\":\"https:\\\/\\\/jornalboasnoticias.com.br\\\/home\\\/wp-content\\\/uploads\\\/2024\\\/07\\\/cropped-logo.jpg\",\"width\":290,\"height\":142,\"caption\":\"Coq Editora Ltda\"},\"image\":{\"@id\":\"https:\\\/\\\/jornalboasnoticias.com.br\\\/home\\\/#\\\/schema\\\/logo\\\/image\\\/\"},\"sameAs\":[\"https:\\\/\\\/www.facebook.com\\\/boasnoticiasjornal\"]},{\"@type\":\"Person\",\"@id\":\"https:\\\/\\\/jornalboasnoticias.com.br\\\/home\\\/#\\\/schema\\\/person\\\/d641193e0afc6405b390164dac847971\",\"name\":\"Ana Luiza Bonatto\",\"image\":{\"@type\":\"ImageObject\",\"inLanguage\":\"pt-BR\",\"@id\":\"https:\\\/\\\/secure.gravatar.com\\\/avatar\\\/8a055ebe6373371f67ac6fcf313c0ac0b0a91157fdcdb9514fa62927373348f0?s=96&d=mm&r=g\",\"url\":\"https:\\\/\\\/secure.gravatar.com\\\/avatar\\\/8a055ebe6373371f67ac6fcf313c0ac0b0a91157fdcdb9514fa62927373348f0?s=96&d=mm&r=g\",\"contentUrl\":\"https:\\\/\\\/secure.gravatar.com\\\/avatar\\\/8a055ebe6373371f67ac6fcf313c0ac0b0a91157fdcdb9514fa62927373348f0?s=96&d=mm&r=g\",\"caption\":\"Ana Luiza Bonatto\"},\"url\":\"https:\\\/\\\/jornalboasnoticias.com.br\\\/home\\\/author\\\/ana-luiza\\\/\"}]}<\/script>\n<!-- \/ Yoast SEO plugin. -->","yoast_head_json":{"title":"Calend\u00e1rio de novembro tem shows natalinos, festas religiosas e frango na telha - Jornal","description":"Calend\u00e1rio de novembro tem shows natalinos, festas religiosas e frango na telha","robots":{"index":"index","follow":"follow","max-snippet":"max-snippet:-1","max-image-preview":"max-image-preview:large","max-video-preview":"max-video-preview:-1"},"canonical":"https:\/\/jornalboasnoticias.com.br\/home\/calendario-de-novembro-tem-shows-natalinos-festas-religiosas-e-frango-na-telha\/","og_locale":"pt_BR","og_type":"article","og_title":"Calend\u00e1rio de novembro tem shows natalinos, festas religiosas e frango na telha - Jornal","og_description":"Calend\u00e1rio de novembro tem shows natalinos, festas religiosas e frango na telha","og_url":"https:\/\/jornalboasnoticias.com.br\/home\/calendario-de-novembro-tem-shows-natalinos-festas-religiosas-e-frango-na-telha\/","og_site_name":"Jornal","article_publisher":"https:\/\/www.facebook.com\/boasnoticiasjornal","article_published_time":"2024-11-01T13:06:43+00:00","og_image":[{"width":800,"height":533,"url":"https:\/\/jornalboasnoticias.com.br\/home\/wp-content\/uploads\/2024\/11\/00460929.png","type":"image\/png"}],"author":"Ana Luiza Bonatto","twitter_card":"summary_large_image","twitter_misc":{"Escrito por":"Ana Luiza Bonatto","Est. tempo de leitura":"8 minutos"},"schema":{"@context":"https:\/\/schema.org","@graph":[{"@type":"Article","@id":"https:\/\/jornalboasnoticias.com.br\/home\/calendario-de-novembro-tem-shows-natalinos-festas-religiosas-e-frango-na-telha\/#article","isPartOf":{"@id":"https:\/\/jornalboasnoticias.com.br\/home\/calendario-de-novembro-tem-shows-natalinos-festas-religiosas-e-frango-na-telha\/"},"author":{"name":"Ana Luiza Bonatto","@id":"https:\/\/jornalboasnoticias.com.br\/home\/#\/schema\/person\/d641193e0afc6405b390164dac847971"},"headline":"Calend\u00e1rio de novembro tem shows natalinos, festas religiosas e frango na telha","datePublished":"2024-11-01T13:06:43+00:00","mainEntityOfPage":{"@id":"https:\/\/jornalboasnoticias.com.br\/home\/calendario-de-novembro-tem-shows-natalinos-festas-religiosas-e-frango-na-telha\/"},"wordCount":1391,"commentCount":0,"publisher":{"@id":"https:\/\/jornalboasnoticias.com.br\/home\/#organization"},"image":{"@id":"https:\/\/jornalboasnoticias.com.br\/home\/calendario-de-novembro-tem-shows-natalinos-festas-religiosas-e-frango-na-telha\/#primaryimage"},"thumbnailUrl":"https:\/\/jornalboasnoticias.com.br\/home\/wp-content\/uploads\/2024\/11\/00460929.png","articleSection":["PARAN\u00c1"],"inLanguage":"pt-BR","potentialAction":[{"@type":"CommentAction","name":"Comment","target":["https:\/\/jornalboasnoticias.com.br\/home\/calendario-de-novembro-tem-shows-natalinos-festas-religiosas-e-frango-na-telha\/#respond"]}]},{"@type":"WebPage","@id":"https:\/\/jornalboasnoticias.com.br\/home\/calendario-de-novembro-tem-shows-natalinos-festas-religiosas-e-frango-na-telha\/","url":"https:\/\/jornalboasnoticias.com.br\/home\/calendario-de-novembro-tem-shows-natalinos-festas-religiosas-e-frango-na-telha\/","name":"Calend\u00e1rio de novembro tem shows natalinos, festas religiosas e frango na telha - Jornal","isPartOf":{"@id":"https:\/\/jornalboasnoticias.com.br\/home\/#website"},"primaryImageOfPage":{"@id":"https:\/\/jornalboasnoticias.com.br\/home\/calendario-de-novembro-tem-shows-natalinos-festas-religiosas-e-frango-na-telha\/#primaryimage"},"image":{"@id":"https:\/\/jornalboasnoticias.com.br\/home\/calendario-de-novembro-tem-shows-natalinos-festas-religiosas-e-frango-na-telha\/#primaryimage"},"thumbnailUrl":"https:\/\/jornalboasnoticias.com.br\/home\/wp-content\/uploads\/2024\/11\/00460929.png","datePublished":"2024-11-01T13:06:43+00:00","description":"Calend\u00e1rio de novembro tem shows natalinos, festas religiosas e frango na telha","breadcrumb":{"@id":"https:\/\/jornalboasnoticias.com.br\/home\/calendario-de-novembro-tem-shows-natalinos-festas-religiosas-e-frango-na-telha\/#breadcrumb"},"inLanguage":"pt-BR","potentialAction":[{"@type":"ReadAction","target":["https:\/\/jornalboasnoticias.com.br\/home\/calendario-de-novembro-tem-shows-natalinos-festas-religiosas-e-frango-na-telha\/"]}]},{"@type":"ImageObject","inLanguage":"pt-BR","@id":"https:\/\/jornalboasnoticias.com.br\/home\/calendario-de-novembro-tem-shows-natalinos-festas-religiosas-e-frango-na-telha\/#primaryimage","url":"https:\/\/jornalboasnoticias.com.br\/home\/wp-content\/uploads\/2024\/11\/00460929.png","contentUrl":"https:\/\/jornalboasnoticias.com.br\/home\/wp-content\/uploads\/2024\/11\/00460929.png","width":800,"height":533,"caption":"Foto: Jos\u00e9 Fernando Ogura\/SMCS"},{"@type":"BreadcrumbList","@id":"https:\/\/jornalboasnoticias.com.br\/home\/calendario-de-novembro-tem-shows-natalinos-festas-religiosas-e-frango-na-telha\/#breadcrumb","itemListElement":[{"@type":"ListItem","position":1,"name":"In\u00edcio","item":"https:\/\/jornalboasnoticias.com.br\/home\/"},{"@type":"ListItem","position":2,"name":"Calend\u00e1rio de novembro tem shows natalinos, festas religiosas e frango na telha"}]},{"@type":"WebSite","@id":"https:\/\/jornalboasnoticias.com.br\/home\/#website","url":"https:\/\/jornalboasnoticias.com.br\/home\/","name":"Jornal Boas Not\u00edcias","description":"Boas not\u00edcias","publisher":{"@id":"https:\/\/jornalboasnoticias.com.br\/home\/#organization"},"potentialAction":[{"@type":"SearchAction","target":{"@type":"EntryPoint","urlTemplate":"https:\/\/jornalboasnoticias.com.br\/home\/?s={search_term_string}"},"query-input":{"@type":"PropertyValueSpecification","valueRequired":true,"valueName":"search_term_string"}}],"inLanguage":"pt-BR"},{"@type":"Organization","@id":"https:\/\/jornalboasnoticias.com.br\/home\/#organization","name":"Coq Editora Ltda","alternateName":"Jornal Boas Noticias","url":"https:\/\/jornalboasnoticias.com.br\/home\/","logo":{"@type":"ImageObject","inLanguage":"pt-BR","@id":"https:\/\/jornalboasnoticias.com.br\/home\/#\/schema\/logo\/image\/","url":"https:\/\/jornalboasnoticias.com.br\/home\/wp-content\/uploads\/2024\/07\/cropped-logo.jpg","contentUrl":"https:\/\/jornalboasnoticias.com.br\/home\/wp-content\/uploads\/2024\/07\/cropped-logo.jpg","width":290,"height":142,"caption":"Coq Editora Ltda"},"image":{"@id":"https:\/\/jornalboasnoticias.com.br\/home\/#\/schema\/logo\/image\/"},"sameAs":["https:\/\/www.facebook.com\/boasnoticiasjornal"]},{"@type":"Person","@id":"https:\/\/jornalboasnoticias.com.br\/home\/#\/schema\/person\/d641193e0afc6405b390164dac847971","name":"Ana Luiza Bonatto","image":{"@type":"ImageObject","inLanguage":"pt-BR","@id":"https:\/\/secure.gravatar.com\/avatar\/8a055ebe6373371f67ac6fcf313c0ac0b0a91157fdcdb9514fa62927373348f0?s=96&d=mm&r=g","url":"https:\/\/secure.gravatar.com\/avatar\/8a055ebe6373371f67ac6fcf313c0ac0b0a91157fdcdb9514fa62927373348f0?s=96&d=mm&r=g","contentUrl":"https:\/\/secure.gravatar.com\/avatar\/8a055ebe6373371f67ac6fcf313c0ac0b0a91157fdcdb9514fa62927373348f0?s=96&d=mm&r=g","caption":"Ana Luiza Bonatto"},"url":"https:\/\/jornalboasnoticias.com.br\/home\/author\/ana-luiza\/"}]}},"_links":{"self":[{"href":"https:\/\/jornalboasnoticias.com.br\/home\/wp-json\/wp\/v2\/posts\/45099","targetHints":{"allow":["GET"]}}],"collection":[{"href":"https:\/\/jornalboasnoticias.com.br\/home\/wp-json\/wp\/v2\/posts"}],"about":[{"href":"https:\/\/jornalboasnoticias.com.br\/home\/wp-json\/wp\/v2\/types\/post"}],"author":[{"embeddable":true,"href":"https:\/\/jornalboasnoticias.com.br\/home\/wp-json\/wp\/v2\/users\/4"}],"replies":[{"embeddable":true,"href":"https:\/\/jornalboasnoticias.com.br\/home\/wp-json\/wp\/v2\/comments?post=45099"}],"version-history":[{"count":1,"href":"https:\/\/jornalboasnoticias.com.br\/home\/wp-json\/wp\/v2\/posts\/45099\/revisions"}],"predecessor-version":[{"id":45101,"href":"https:\/\/jornalboasnoticias.com.br\/home\/wp-json\/wp\/v2\/posts\/45099\/revisions\/45101"}],"wp:featuredmedia":[{"embeddable":true,"href":"https:\/\/jornalboasnoticias.com.br\/home\/wp-json\/wp\/v2\/media\/45100"}],"wp:attachment":[{"href":"https:\/\/jornalboasnoticias.com.br\/home\/wp-json\/wp\/v2\/media?parent=45099"}],"wp:term":[{"taxonomy":"category","embeddable":true,"href":"https:\/\/jornalboasnoticias.com.br\/home\/wp-json\/wp\/v2\/categories?post=45099"},{"taxonomy":"post_tag","embeddable":true,"href":"https:\/\/jornalboasnoticias.com.br\/home\/wp-json\/wp\/v2\/tags?post=45099"}],"curies":[{"name":"wp","href":"https:\/\/api.w.org\/{rel}","templated":true}]}}