{"id":45025,"date":"2024-10-31T14:32:06","date_gmt":"2024-10-31T14:32:06","guid":{"rendered":"https:\/\/jornalboasnoticias.com.br\/home\/?p=45025"},"modified":"2024-10-31T14:32:06","modified_gmt":"2024-10-31T14:32:06","slug":"marina-silva-defende-indigena-detida-na-cop16-durante-protesto","status":"publish","type":"post","link":"https:\/\/jornalboasnoticias.com.br\/home\/marina-silva-defende-indigena-detida-na-cop16-durante-protesto\/","title":{"rendered":"Marina Silva defende ind\u00edgena detida na COP16 durante protesto"},"content":{"rendered":"<div class=\"header-noticia full-width\">\n<div>\n<figure id=\"attachment_45026\" aria-describedby=\"caption-attachment-45026\" style=\"width: 1170px\" class=\"wp-caption alignnone\"><img loading=\"lazy\" decoding=\"async\" class=\"size-full wp-image-45026\" src=\"https:\/\/jornalboasnoticias.com.br\/home\/wp-content\/uploads\/2024\/10\/54101957435_85861c8cd2_o.webp\" alt=\"\" width=\"1170\" height=\"700\" srcset=\"https:\/\/jornalboasnoticias.com.br\/home\/wp-content\/uploads\/2024\/10\/54101957435_85861c8cd2_o.webp 1170w, https:\/\/jornalboasnoticias.com.br\/home\/wp-content\/uploads\/2024\/10\/54101957435_85861c8cd2_o-300x179.webp 300w, https:\/\/jornalboasnoticias.com.br\/home\/wp-content\/uploads\/2024\/10\/54101957435_85861c8cd2_o-1024x613.webp 1024w, https:\/\/jornalboasnoticias.com.br\/home\/wp-content\/uploads\/2024\/10\/54101957435_85861c8cd2_o-768x459.webp 768w\" sizes=\"auto, (max-width: 1170px) 100vw, 1170px\" \/><figcaption id=\"caption-attachment-45026\" class=\"wp-caption-text\">\u00a9 Felipe Werneck\/MMA<\/figcaption><\/figure>\n<\/div>\n<\/div>\n<blockquote>\n<div class=\"header-noticia full-width\">\n<div class=\"linha-fina-noticia\">Organiza\u00e7\u00e3o pediu desculpas e devolveu credencial de Txai Suru\u00ed<\/div>\n<\/div>\n<\/blockquote>\n<div class=\"container-autoria\">\n<p>A ministra do Meio Ambiente e Mudan\u00e7a do Clima, Marina Silva, fez uma declara\u00e7\u00e3o em defesa ind\u00edgena Txai Suru\u00ed detida durante uma manifesta\u00e7\u00e3o na 16\u00aa Confer\u00eancia das Partes da Conven\u00e7\u00e3o sobre Diversidade Biol\u00f3gica (COP16), em Cali, na Col\u00f4mbia. \u201cTodos n\u00f3s sentimos por qualquer pessoa que tivesse vivido o que ela viveu, mas ela \u00e9 uma pessoa muito relevante para todos n\u00f3s. N\u00e3o \u00e9 s\u00f3 um s\u00edmbolo, ela \u00e9 uma pessoa com uma a\u00e7\u00e3o concreta, efetiva na luta dos povos ind\u00edgenas, dos direitos das mulheres, dos direitos humanos\u201d, declarou a ministra sobre Txai.<img decoding=\"async\" src=\"https:\/\/agenciabrasil.ebc.com.br\/ebc.png?id=1617742&amp;o=node\" \/><img decoding=\"async\" src=\"https:\/\/agenciabrasil.ebc.com.br\/ebc.gif?id=1617742&amp;o=node\" \/><\/p>\n<p>A declara\u00e7\u00e3o veio ap\u00f3s o epis\u00f3dio que ocorreu no final da tarde dessa quarta-feira (30), quando a ativista de Rond\u00f4nia e um grupo de ind\u00edgenas brasileiros exibiram cartazes contra Proposta de Emenda Constitucional (PEC) 48, que cria um marco temporal para as terras ind\u00edgenas no Brasil. \u201cEles nos cercaram com seguran\u00e7a e continuaram a apertar nossos bra\u00e7os, continuaram a empurrar-nos e n\u00f3s n\u00e3o est\u00e1vamos mais protestando. Txai s\u00f3 pediu ajuda porque estava sofrendo essa viol\u00eancia. N\u00e3o era mais um protesto, era um pedido de socorro \u00e0 viol\u00eancia&#8221;, declarou nas redes sociais Thiago Karai Djekupe, l\u00edder guarani que fazia parte do grupo.<\/p>\n<p>De acordo com os ind\u00edgenas, a ideia era manifestar uma posi\u00e7\u00e3o na COP16, ao mesmo tempo em que ocorria a\u00a0marcha contra o marco temporal em Bras\u00edlia. Como o pedido para o ato s\u00f3 foi feito no mesmo dia, n\u00e3o houve tempo para emiss\u00e3o de autoriza\u00e7\u00e3o. \u201cImagina uma jovem mulher fazendo uma manifesta\u00e7\u00e3o com as m\u00e3os pintadas de sangue. N\u00e3o tinha nenhuma raz\u00e3o para que tr\u00eas policiais fortes fizessem ali uma abordagem, digamos, bastante desproporcional\u201d, descreveu a ministra.<\/p>\n<p>Segundo a ministra Marina Silva, a organiza\u00e7\u00e3o da COP buscou as autoridades brasileiras para um pedido de desculpas e a devolu\u00e7\u00e3o das credenciais que haviam sido retiradas dos ativistas ind\u00edgenas. \u201cEles disseram que foi uma a\u00e7\u00e3o desproporcional, fizeram um pedido de desculpas, e que o pedido de desculpas n\u00e3o era uma coisa s\u00f3 verbal, que se materializava na devolu\u00e7\u00e3o das credenciais.\u201d<\/p>\n<p>Marina lembrou que em 2025, o Brasil sediar\u00e1 a COP30, em Bel\u00e9m do Par\u00e1, onde os organizadores dever\u00e3o estar atentos para que epis\u00f3dios semelhantes n\u00e3o ocorram. \u201cObviamente que n\u00f3s tomamos isso como um sinal para que tenhamos todos os cuidados, porque vamos ter uma COP em Bel\u00e9m que vai ter centenas de milhares de popula\u00e7\u00f5es ind\u00edgenas e de outros movimentos fazendo manifesta\u00e7\u00f5es.\u201d<\/p>\n<p>(Ag\u00eancia Brasil)<\/p>\n<\/div>\n","protected":false},"excerpt":{"rendered":"<p>Organiza\u00e7\u00e3o pediu desculpas e devolveu credencial de Txai Suru\u00ed A ministra do Meio Ambiente e<\/p>\n","protected":false},"author":4,"featured_media":45026,"comment_status":"open","ping_status":"open","sticky":false,"template":"","format":"standard","meta":{"footnotes":""},"categories":[9],"tags":[],"class_list":["post-45025","post","type-post","status-publish","format-standard","has-post-thumbnail","hentry","category-internacional"],"yoast_head":"<!-- This site is optimized with the Yoast SEO plugin v27.5 - https:\/\/yoast.com\/product\/yoast-seo-wordpress\/ -->\n<title>Marina Silva defende ind\u00edgena detida na COP16 durante protesto - Jornal<\/title>\n<meta name=\"description\" content=\"Marina Silva defende ind\u00edgena detida na COP16 durante protesto\" \/>\n<meta name=\"robots\" content=\"index, follow, max-snippet:-1, max-image-preview:large, max-video-preview:-1\" \/>\n<link rel=\"canonical\" href=\"https:\/\/jornalboasnoticias.com.br\/home\/marina-silva-defende-indigena-detida-na-cop16-durante-protesto\/\" \/>\n<meta property=\"og:locale\" content=\"pt_BR\" \/>\n<meta property=\"og:type\" content=\"article\" \/>\n<meta property=\"og:title\" content=\"Marina Silva defende ind\u00edgena detida na COP16 durante protesto - Jornal\" \/>\n<meta property=\"og:description\" content=\"Marina Silva defende ind\u00edgena detida na COP16 durante protesto\" \/>\n<meta property=\"og:url\" content=\"https:\/\/jornalboasnoticias.com.br\/home\/marina-silva-defende-indigena-detida-na-cop16-durante-protesto\/\" \/>\n<meta property=\"og:site_name\" content=\"Jornal\" \/>\n<meta property=\"article:publisher\" content=\"https:\/\/www.facebook.com\/boasnoticiasjornal\" \/>\n<meta property=\"article:published_time\" content=\"2024-10-31T14:32:06+00:00\" \/>\n<meta property=\"og:image\" content=\"https:\/\/jornalboasnoticias.com.br\/home\/wp-content\/uploads\/2024\/10\/54101957435_85861c8cd2_o.webp\" \/>\n\t<meta property=\"og:image:width\" content=\"1170\" \/>\n\t<meta property=\"og:image:height\" content=\"700\" \/>\n\t<meta property=\"og:image:type\" content=\"image\/webp\" \/>\n<meta name=\"author\" content=\"Ana Luiza Bonatto\" \/>\n<meta name=\"twitter:card\" content=\"summary_large_image\" \/>\n<meta name=\"twitter:label1\" content=\"Escrito por\" \/>\n\t<meta name=\"twitter:data1\" content=\"Ana Luiza Bonatto\" \/>\n\t<meta name=\"twitter:label2\" content=\"Est. tempo de leitura\" \/>\n\t<meta name=\"twitter:data2\" content=\"3 minutos\" \/>\n<script type=\"application\/ld+json\" class=\"yoast-schema-graph\">{\"@context\":\"https:\\\/\\\/schema.org\",\"@graph\":[{\"@type\":\"Article\",\"@id\":\"https:\\\/\\\/jornalboasnoticias.com.br\\\/home\\\/marina-silva-defende-indigena-detida-na-cop16-durante-protesto\\\/#article\",\"isPartOf\":{\"@id\":\"https:\\\/\\\/jornalboasnoticias.com.br\\\/home\\\/marina-silva-defende-indigena-detida-na-cop16-durante-protesto\\\/\"},\"author\":{\"name\":\"Ana Luiza Bonatto\",\"@id\":\"https:\\\/\\\/jornalboasnoticias.com.br\\\/home\\\/#\\\/schema\\\/person\\\/d641193e0afc6405b390164dac847971\"},\"headline\":\"Marina Silva defende ind\u00edgena detida na COP16 durante protesto\",\"datePublished\":\"2024-10-31T14:32:06+00:00\",\"mainEntityOfPage\":{\"@id\":\"https:\\\/\\\/jornalboasnoticias.com.br\\\/home\\\/marina-silva-defende-indigena-detida-na-cop16-durante-protesto\\\/\"},\"wordCount\":474,\"commentCount\":0,\"publisher\":{\"@id\":\"https:\\\/\\\/jornalboasnoticias.com.br\\\/home\\\/#organization\"},\"image\":{\"@id\":\"https:\\\/\\\/jornalboasnoticias.com.br\\\/home\\\/marina-silva-defende-indigena-detida-na-cop16-durante-protesto\\\/#primaryimage\"},\"thumbnailUrl\":\"https:\\\/\\\/jornalboasnoticias.com.br\\\/home\\\/wp-content\\\/uploads\\\/2024\\\/10\\\/54101957435_85861c8cd2_o.webp\",\"articleSection\":[\"INTERNACIONAL\"],\"inLanguage\":\"pt-BR\",\"potentialAction\":[{\"@type\":\"CommentAction\",\"name\":\"Comment\",\"target\":[\"https:\\\/\\\/jornalboasnoticias.com.br\\\/home\\\/marina-silva-defende-indigena-detida-na-cop16-durante-protesto\\\/#respond\"]}]},{\"@type\":\"WebPage\",\"@id\":\"https:\\\/\\\/jornalboasnoticias.com.br\\\/home\\\/marina-silva-defende-indigena-detida-na-cop16-durante-protesto\\\/\",\"url\":\"https:\\\/\\\/jornalboasnoticias.com.br\\\/home\\\/marina-silva-defende-indigena-detida-na-cop16-durante-protesto\\\/\",\"name\":\"Marina Silva defende ind\u00edgena detida na COP16 durante protesto - Jornal\",\"isPartOf\":{\"@id\":\"https:\\\/\\\/jornalboasnoticias.com.br\\\/home\\\/#website\"},\"primaryImageOfPage\":{\"@id\":\"https:\\\/\\\/jornalboasnoticias.com.br\\\/home\\\/marina-silva-defende-indigena-detida-na-cop16-durante-protesto\\\/#primaryimage\"},\"image\":{\"@id\":\"https:\\\/\\\/jornalboasnoticias.com.br\\\/home\\\/marina-silva-defende-indigena-detida-na-cop16-durante-protesto\\\/#primaryimage\"},\"thumbnailUrl\":\"https:\\\/\\\/jornalboasnoticias.com.br\\\/home\\\/wp-content\\\/uploads\\\/2024\\\/10\\\/54101957435_85861c8cd2_o.webp\",\"datePublished\":\"2024-10-31T14:32:06+00:00\",\"description\":\"Marina Silva defende ind\u00edgena detida na COP16 durante protesto\",\"breadcrumb\":{\"@id\":\"https:\\\/\\\/jornalboasnoticias.com.br\\\/home\\\/marina-silva-defende-indigena-detida-na-cop16-durante-protesto\\\/#breadcrumb\"},\"inLanguage\":\"pt-BR\",\"potentialAction\":[{\"@type\":\"ReadAction\",\"target\":[\"https:\\\/\\\/jornalboasnoticias.com.br\\\/home\\\/marina-silva-defende-indigena-detida-na-cop16-durante-protesto\\\/\"]}]},{\"@type\":\"ImageObject\",\"inLanguage\":\"pt-BR\",\"@id\":\"https:\\\/\\\/jornalboasnoticias.com.br\\\/home\\\/marina-silva-defende-indigena-detida-na-cop16-durante-protesto\\\/#primaryimage\",\"url\":\"https:\\\/\\\/jornalboasnoticias.com.br\\\/home\\\/wp-content\\\/uploads\\\/2024\\\/10\\\/54101957435_85861c8cd2_o.webp\",\"contentUrl\":\"https:\\\/\\\/jornalboasnoticias.com.br\\\/home\\\/wp-content\\\/uploads\\\/2024\\\/10\\\/54101957435_85861c8cd2_o.webp\",\"width\":1170,\"height\":700,\"caption\":\"\u00a9 Felipe Werneck\\\/MMA\"},{\"@type\":\"BreadcrumbList\",\"@id\":\"https:\\\/\\\/jornalboasnoticias.com.br\\\/home\\\/marina-silva-defende-indigena-detida-na-cop16-durante-protesto\\\/#breadcrumb\",\"itemListElement\":[{\"@type\":\"ListItem\",\"position\":1,\"name\":\"In\u00edcio\",\"item\":\"https:\\\/\\\/jornalboasnoticias.com.br\\\/home\\\/\"},{\"@type\":\"ListItem\",\"position\":2,\"name\":\"Marina Silva defende ind\u00edgena detida na COP16 durante protesto\"}]},{\"@type\":\"WebSite\",\"@id\":\"https:\\\/\\\/jornalboasnoticias.com.br\\\/home\\\/#website\",\"url\":\"https:\\\/\\\/jornalboasnoticias.com.br\\\/home\\\/\",\"name\":\"Jornal Boas Not\u00edcias\",\"description\":\"Boas not\u00edcias\",\"publisher\":{\"@id\":\"https:\\\/\\\/jornalboasnoticias.com.br\\\/home\\\/#organization\"},\"potentialAction\":[{\"@type\":\"SearchAction\",\"target\":{\"@type\":\"EntryPoint\",\"urlTemplate\":\"https:\\\/\\\/jornalboasnoticias.com.br\\\/home\\\/?s={search_term_string}\"},\"query-input\":{\"@type\":\"PropertyValueSpecification\",\"valueRequired\":true,\"valueName\":\"search_term_string\"}}],\"inLanguage\":\"pt-BR\"},{\"@type\":\"Organization\",\"@id\":\"https:\\\/\\\/jornalboasnoticias.com.br\\\/home\\\/#organization\",\"name\":\"Coq Editora Ltda\",\"alternateName\":\"Jornal Boas Noticias\",\"url\":\"https:\\\/\\\/jornalboasnoticias.com.br\\\/home\\\/\",\"logo\":{\"@type\":\"ImageObject\",\"inLanguage\":\"pt-BR\",\"@id\":\"https:\\\/\\\/jornalboasnoticias.com.br\\\/home\\\/#\\\/schema\\\/logo\\\/image\\\/\",\"url\":\"https:\\\/\\\/jornalboasnoticias.com.br\\\/home\\\/wp-content\\\/uploads\\\/2024\\\/07\\\/cropped-logo.jpg\",\"contentUrl\":\"https:\\\/\\\/jornalboasnoticias.com.br\\\/home\\\/wp-content\\\/uploads\\\/2024\\\/07\\\/cropped-logo.jpg\",\"width\":290,\"height\":142,\"caption\":\"Coq Editora Ltda\"},\"image\":{\"@id\":\"https:\\\/\\\/jornalboasnoticias.com.br\\\/home\\\/#\\\/schema\\\/logo\\\/image\\\/\"},\"sameAs\":[\"https:\\\/\\\/www.facebook.com\\\/boasnoticiasjornal\"]},{\"@type\":\"Person\",\"@id\":\"https:\\\/\\\/jornalboasnoticias.com.br\\\/home\\\/#\\\/schema\\\/person\\\/d641193e0afc6405b390164dac847971\",\"name\":\"Ana Luiza Bonatto\",\"image\":{\"@type\":\"ImageObject\",\"inLanguage\":\"pt-BR\",\"@id\":\"https:\\\/\\\/secure.gravatar.com\\\/avatar\\\/8a055ebe6373371f67ac6fcf313c0ac0b0a91157fdcdb9514fa62927373348f0?s=96&d=mm&r=g\",\"url\":\"https:\\\/\\\/secure.gravatar.com\\\/avatar\\\/8a055ebe6373371f67ac6fcf313c0ac0b0a91157fdcdb9514fa62927373348f0?s=96&d=mm&r=g\",\"contentUrl\":\"https:\\\/\\\/secure.gravatar.com\\\/avatar\\\/8a055ebe6373371f67ac6fcf313c0ac0b0a91157fdcdb9514fa62927373348f0?s=96&d=mm&r=g\",\"caption\":\"Ana Luiza Bonatto\"},\"url\":\"https:\\\/\\\/jornalboasnoticias.com.br\\\/home\\\/author\\\/ana-luiza\\\/\"}]}<\/script>\n<!-- \/ Yoast SEO plugin. -->","yoast_head_json":{"title":"Marina Silva defende ind\u00edgena detida na COP16 durante protesto - Jornal","description":"Marina Silva defende ind\u00edgena detida na COP16 durante protesto","robots":{"index":"index","follow":"follow","max-snippet":"max-snippet:-1","max-image-preview":"max-image-preview:large","max-video-preview":"max-video-preview:-1"},"canonical":"https:\/\/jornalboasnoticias.com.br\/home\/marina-silva-defende-indigena-detida-na-cop16-durante-protesto\/","og_locale":"pt_BR","og_type":"article","og_title":"Marina Silva defende ind\u00edgena detida na COP16 durante protesto - Jornal","og_description":"Marina Silva defende ind\u00edgena detida na COP16 durante protesto","og_url":"https:\/\/jornalboasnoticias.com.br\/home\/marina-silva-defende-indigena-detida-na-cop16-durante-protesto\/","og_site_name":"Jornal","article_publisher":"https:\/\/www.facebook.com\/boasnoticiasjornal","article_published_time":"2024-10-31T14:32:06+00:00","og_image":[{"width":1170,"height":700,"url":"https:\/\/jornalboasnoticias.com.br\/home\/wp-content\/uploads\/2024\/10\/54101957435_85861c8cd2_o.webp","type":"image\/webp"}],"author":"Ana Luiza Bonatto","twitter_card":"summary_large_image","twitter_misc":{"Escrito por":"Ana Luiza Bonatto","Est. tempo de leitura":"3 minutos"},"schema":{"@context":"https:\/\/schema.org","@graph":[{"@type":"Article","@id":"https:\/\/jornalboasnoticias.com.br\/home\/marina-silva-defende-indigena-detida-na-cop16-durante-protesto\/#article","isPartOf":{"@id":"https:\/\/jornalboasnoticias.com.br\/home\/marina-silva-defende-indigena-detida-na-cop16-durante-protesto\/"},"author":{"name":"Ana Luiza Bonatto","@id":"https:\/\/jornalboasnoticias.com.br\/home\/#\/schema\/person\/d641193e0afc6405b390164dac847971"},"headline":"Marina Silva defende ind\u00edgena detida na COP16 durante protesto","datePublished":"2024-10-31T14:32:06+00:00","mainEntityOfPage":{"@id":"https:\/\/jornalboasnoticias.com.br\/home\/marina-silva-defende-indigena-detida-na-cop16-durante-protesto\/"},"wordCount":474,"commentCount":0,"publisher":{"@id":"https:\/\/jornalboasnoticias.com.br\/home\/#organization"},"image":{"@id":"https:\/\/jornalboasnoticias.com.br\/home\/marina-silva-defende-indigena-detida-na-cop16-durante-protesto\/#primaryimage"},"thumbnailUrl":"https:\/\/jornalboasnoticias.com.br\/home\/wp-content\/uploads\/2024\/10\/54101957435_85861c8cd2_o.webp","articleSection":["INTERNACIONAL"],"inLanguage":"pt-BR","potentialAction":[{"@type":"CommentAction","name":"Comment","target":["https:\/\/jornalboasnoticias.com.br\/home\/marina-silva-defende-indigena-detida-na-cop16-durante-protesto\/#respond"]}]},{"@type":"WebPage","@id":"https:\/\/jornalboasnoticias.com.br\/home\/marina-silva-defende-indigena-detida-na-cop16-durante-protesto\/","url":"https:\/\/jornalboasnoticias.com.br\/home\/marina-silva-defende-indigena-detida-na-cop16-durante-protesto\/","name":"Marina Silva defende ind\u00edgena detida na COP16 durante protesto - Jornal","isPartOf":{"@id":"https:\/\/jornalboasnoticias.com.br\/home\/#website"},"primaryImageOfPage":{"@id":"https:\/\/jornalboasnoticias.com.br\/home\/marina-silva-defende-indigena-detida-na-cop16-durante-protesto\/#primaryimage"},"image":{"@id":"https:\/\/jornalboasnoticias.com.br\/home\/marina-silva-defende-indigena-detida-na-cop16-durante-protesto\/#primaryimage"},"thumbnailUrl":"https:\/\/jornalboasnoticias.com.br\/home\/wp-content\/uploads\/2024\/10\/54101957435_85861c8cd2_o.webp","datePublished":"2024-10-31T14:32:06+00:00","description":"Marina Silva defende ind\u00edgena detida na COP16 durante protesto","breadcrumb":{"@id":"https:\/\/jornalboasnoticias.com.br\/home\/marina-silva-defende-indigena-detida-na-cop16-durante-protesto\/#breadcrumb"},"inLanguage":"pt-BR","potentialAction":[{"@type":"ReadAction","target":["https:\/\/jornalboasnoticias.com.br\/home\/marina-silva-defende-indigena-detida-na-cop16-durante-protesto\/"]}]},{"@type":"ImageObject","inLanguage":"pt-BR","@id":"https:\/\/jornalboasnoticias.com.br\/home\/marina-silva-defende-indigena-detida-na-cop16-durante-protesto\/#primaryimage","url":"https:\/\/jornalboasnoticias.com.br\/home\/wp-content\/uploads\/2024\/10\/54101957435_85861c8cd2_o.webp","contentUrl":"https:\/\/jornalboasnoticias.com.br\/home\/wp-content\/uploads\/2024\/10\/54101957435_85861c8cd2_o.webp","width":1170,"height":700,"caption":"\u00a9 Felipe Werneck\/MMA"},{"@type":"BreadcrumbList","@id":"https:\/\/jornalboasnoticias.com.br\/home\/marina-silva-defende-indigena-detida-na-cop16-durante-protesto\/#breadcrumb","itemListElement":[{"@type":"ListItem","position":1,"name":"In\u00edcio","item":"https:\/\/jornalboasnoticias.com.br\/home\/"},{"@type":"ListItem","position":2,"name":"Marina Silva defende ind\u00edgena detida na COP16 durante protesto"}]},{"@type":"WebSite","@id":"https:\/\/jornalboasnoticias.com.br\/home\/#website","url":"https:\/\/jornalboasnoticias.com.br\/home\/","name":"Jornal Boas Not\u00edcias","description":"Boas not\u00edcias","publisher":{"@id":"https:\/\/jornalboasnoticias.com.br\/home\/#organization"},"potentialAction":[{"@type":"SearchAction","target":{"@type":"EntryPoint","urlTemplate":"https:\/\/jornalboasnoticias.com.br\/home\/?s={search_term_string}"},"query-input":{"@type":"PropertyValueSpecification","valueRequired":true,"valueName":"search_term_string"}}],"inLanguage":"pt-BR"},{"@type":"Organization","@id":"https:\/\/jornalboasnoticias.com.br\/home\/#organization","name":"Coq Editora Ltda","alternateName":"Jornal Boas Noticias","url":"https:\/\/jornalboasnoticias.com.br\/home\/","logo":{"@type":"ImageObject","inLanguage":"pt-BR","@id":"https:\/\/jornalboasnoticias.com.br\/home\/#\/schema\/logo\/image\/","url":"https:\/\/jornalboasnoticias.com.br\/home\/wp-content\/uploads\/2024\/07\/cropped-logo.jpg","contentUrl":"https:\/\/jornalboasnoticias.com.br\/home\/wp-content\/uploads\/2024\/07\/cropped-logo.jpg","width":290,"height":142,"caption":"Coq Editora Ltda"},"image":{"@id":"https:\/\/jornalboasnoticias.com.br\/home\/#\/schema\/logo\/image\/"},"sameAs":["https:\/\/www.facebook.com\/boasnoticiasjornal"]},{"@type":"Person","@id":"https:\/\/jornalboasnoticias.com.br\/home\/#\/schema\/person\/d641193e0afc6405b390164dac847971","name":"Ana Luiza Bonatto","image":{"@type":"ImageObject","inLanguage":"pt-BR","@id":"https:\/\/secure.gravatar.com\/avatar\/8a055ebe6373371f67ac6fcf313c0ac0b0a91157fdcdb9514fa62927373348f0?s=96&d=mm&r=g","url":"https:\/\/secure.gravatar.com\/avatar\/8a055ebe6373371f67ac6fcf313c0ac0b0a91157fdcdb9514fa62927373348f0?s=96&d=mm&r=g","contentUrl":"https:\/\/secure.gravatar.com\/avatar\/8a055ebe6373371f67ac6fcf313c0ac0b0a91157fdcdb9514fa62927373348f0?s=96&d=mm&r=g","caption":"Ana Luiza Bonatto"},"url":"https:\/\/jornalboasnoticias.com.br\/home\/author\/ana-luiza\/"}]}},"_links":{"self":[{"href":"https:\/\/jornalboasnoticias.com.br\/home\/wp-json\/wp\/v2\/posts\/45025","targetHints":{"allow":["GET"]}}],"collection":[{"href":"https:\/\/jornalboasnoticias.com.br\/home\/wp-json\/wp\/v2\/posts"}],"about":[{"href":"https:\/\/jornalboasnoticias.com.br\/home\/wp-json\/wp\/v2\/types\/post"}],"author":[{"embeddable":true,"href":"https:\/\/jornalboasnoticias.com.br\/home\/wp-json\/wp\/v2\/users\/4"}],"replies":[{"embeddable":true,"href":"https:\/\/jornalboasnoticias.com.br\/home\/wp-json\/wp\/v2\/comments?post=45025"}],"version-history":[{"count":1,"href":"https:\/\/jornalboasnoticias.com.br\/home\/wp-json\/wp\/v2\/posts\/45025\/revisions"}],"predecessor-version":[{"id":45027,"href":"https:\/\/jornalboasnoticias.com.br\/home\/wp-json\/wp\/v2\/posts\/45025\/revisions\/45027"}],"wp:featuredmedia":[{"embeddable":true,"href":"https:\/\/jornalboasnoticias.com.br\/home\/wp-json\/wp\/v2\/media\/45026"}],"wp:attachment":[{"href":"https:\/\/jornalboasnoticias.com.br\/home\/wp-json\/wp\/v2\/media?parent=45025"}],"wp:term":[{"taxonomy":"category","embeddable":true,"href":"https:\/\/jornalboasnoticias.com.br\/home\/wp-json\/wp\/v2\/categories?post=45025"},{"taxonomy":"post_tag","embeddable":true,"href":"https:\/\/jornalboasnoticias.com.br\/home\/wp-json\/wp\/v2\/tags?post=45025"}],"curies":[{"name":"wp","href":"https:\/\/api.w.org\/{rel}","templated":true}]}}