{"id":45022,"date":"2024-10-31T14:31:00","date_gmt":"2024-10-31T14:31:00","guid":{"rendered":"https:\/\/jornalboasnoticias.com.br\/home\/?p=45022"},"modified":"2024-10-31T14:31:00","modified_gmt":"2024-10-31T14:31:00","slug":"numero-de-lares-urbanos-com-internet-passou-de-13-para-85-em-20-anos","status":"publish","type":"post","link":"https:\/\/jornalboasnoticias.com.br\/home\/numero-de-lares-urbanos-com-internet-passou-de-13-para-85-em-20-anos\/","title":{"rendered":"N\u00famero de lares urbanos com internet passou de 13% para 85% em 20 anos"},"content":{"rendered":"<div class=\"header-noticia full-width\">\n<div>\n<figure id=\"attachment_45023\" aria-describedby=\"caption-attachment-45023\" style=\"width: 1170px\" class=\"wp-caption alignnone\"><img loading=\"lazy\" decoding=\"async\" class=\"size-full wp-image-45023\" src=\"https:\/\/jornalboasnoticias.com.br\/home\/wp-content\/uploads\/2024\/10\/908223aa-7004-4bf3-b49d-cf420124ad68.webp\" alt=\"\" width=\"1170\" height=\"700\" srcset=\"https:\/\/jornalboasnoticias.com.br\/home\/wp-content\/uploads\/2024\/10\/908223aa-7004-4bf3-b49d-cf420124ad68.webp 1170w, https:\/\/jornalboasnoticias.com.br\/home\/wp-content\/uploads\/2024\/10\/908223aa-7004-4bf3-b49d-cf420124ad68-300x179.webp 300w, https:\/\/jornalboasnoticias.com.br\/home\/wp-content\/uploads\/2024\/10\/908223aa-7004-4bf3-b49d-cf420124ad68-1024x613.webp 1024w, https:\/\/jornalboasnoticias.com.br\/home\/wp-content\/uploads\/2024\/10\/908223aa-7004-4bf3-b49d-cf420124ad68-768x459.webp 768w\" sizes=\"auto, (max-width: 1170px) 100vw, 1170px\" \/><figcaption id=\"caption-attachment-45023\" class=\"wp-caption-text\">\u00a9 Infogr\u00e1fico: CGI.br<\/figcaption><\/figure>\n<\/div>\n<\/div>\n<blockquote>\n<div class=\"header-noticia full-width\">\n<div class=\"linha-fina-noticia\">Nas \u00e1reas rurais, o \u00edndice \u00e9 de 74%<\/div>\n<\/div>\n<\/blockquote>\n<div>\n<p>Nas resid\u00eancias em \u00e1reas urbanas do Brasil, 85% t\u00eam acesso \u00e0 internet. Nas \u00e1reas rurais, o \u00edndice \u00e9 de 74%. Os dados fazem parte da pesquisa TIC Domic\u00edlios, realizada pelo Centro Regional para o Desenvolvimento de Estudos sobre a Sociedade da Informa\u00e7\u00e3o (Cetic.br), vinculado ao Comit\u00ea Gestor da Internet no Brasil.<img decoding=\"async\" src=\"https:\/\/agenciabrasil.ebc.com.br\/ebc.png?id=1617752&amp;o=node\" \/><img decoding=\"async\" src=\"https:\/\/agenciabrasil.ebc.com.br\/ebc.gif?id=1617752&amp;o=node\" \/><\/p>\n<p>Este ano, o estudo completa 20 anos. A s\u00e9rie hist\u00f3rica sobre acesso a tecnologias da informa\u00e7\u00e3o e comunica\u00e7\u00e3o em domic\u00edlios e suas formas de uso pela popula\u00e7\u00e3o com 10 anos de idade ou mais apresenta um retrato da transforma\u00e7\u00e3o da conectividade no Brasil, considerando que em 2005 apenas 13% das resid\u00eancias em \u00e1reas urbanas, por exemplo, tinham acesso \u00e0 rede.<\/p>\n<p>Divulgada nesta quinta-feira (31) durante a 10\u00aa edi\u00e7\u00e3o da Semana de Inova\u00e7\u00e3o, promovida pela Escola Nacional de Administra\u00e7\u00e3o P\u00fablica (Enap), a s\u00e9rie hist\u00f3rica mostra que, h\u00e1 20 anos, 24% dos habitantes de \u00e1reas urbanas eram usu\u00e1rios da rede. Este ano, o \u00edndice alcan\u00e7ou 86%, indicando um total de 141 milh\u00f5es de pessoas conectadas ao ambiente digital.<\/p>\n<p>Se considerado o conceito ampliado de usu\u00e1rio de internet, que abarca quem informou n\u00e3o ter acessado a rede, mas realizou atividades online pelo celular, o \u00edndice sobe para 90%.<\/p>\n<p>\u201cEm seus anos iniciais, a pesquisa investigava exclusivamente domic\u00edlios e usu\u00e1rios de \u00e1reas urbanas. Agora, a compara\u00e7\u00e3o foi feita com base nesse recorte\u201d, explica o Cetic.br.<\/p>\n<p>Em duas d\u00e9cadas a coleta de dados revela que o pa\u00eds passou de um a cada oito domic\u00edlios com internet para sete a cada oito domic\u00edlios conectados. A forma de acesso tamb\u00e9m mudou: em 2008, usu\u00e1rios se conectavam mais via lan houses ou internet caf\u00e9s e utilizando computadores. Atualmente, quase todos se conectam de seus domic\u00edlios utilizando um smartphone.<\/p>\n<h2>Desigualdades<\/h2>\n<div class=\"dnd-widget-wrapper context-cheio_8colunas type-image\">\n<div class=\"dnd-atom-rendered\">\n<figure style=\"width: 754px\" class=\"wp-caption alignnone\"><img loading=\"lazy\" decoding=\"async\" title=\"Jo\u00e9dson Alves\/Ag\u00eancia Brasil\" src=\"https:\/\/imagens.ebc.com.br\/ItnoIuUU0DqESNqAIL_nM1BhL6Q=\/754x0\/smart\/https:\/\/agenciabrasil.ebc.com.br\/sites\/default\/files\/thumbnails\/image\/2024\/08\/16\/_mg_8511.jpg?itok=l6FSuaWE\" alt=\"Bras\u00edlia (DF) 16\/08\/2024 \u2013 Uso de internet avan\u00e7a no pa\u00eds entre idososFoto: Jo\u00e9dson Alves\/Ag\u00eancia Brasil\" width=\"754\" height=\"503\" \/><figcaption class=\"wp-caption-text\">Uso de internet avan\u00e7a no pa\u00eds entre idosos- Foto: Jo\u00e9dson Alves\/Ag\u00eancia Brasil<\/figcaption><\/figure>\n<\/div>\n<\/div>\n<p>Apesar dos avan\u00e7os, a pesquisa revela desigualdades classificadas como \u201cmarcantes\u201d pela Cetic.br. Enquanto a internet est\u00e1 presente em 100% dos domic\u00edlios de classe A, por exemplo, o \u00edndice \u00e9 de 68% nos lares das classes D e E.<\/p>\n<p>Al\u00e9m disso, de um total de 29 milh\u00f5es de n\u00e3o usu\u00e1rios da rede, 24 milh\u00f5es moram em \u00e1reas urbanas, 22 milh\u00f5es t\u00eam at\u00e9 o ensino fundamental, 17 milh\u00f5es se declaram pretos ou pardos, 16 milh\u00f5es pertencem \u00e0s classes D e E e 21 milh\u00f5es vivem nas regi\u00f5es Sudeste (12 milh\u00f5es) e Nordeste (8 milh\u00f5es).<\/p>\n<p>Os dados mostram ainda desigualdades na qualidade do acesso \u00e0 internet. Segundo o indicador de conectividade significativa criado pelo Cetic.br, que inclui fatores como custo e velocidade da conex\u00e3o, presen\u00e7a de banda larga fixa nos domic\u00edlios e acesso por m\u00faltiplos dispositivos, apenas 22% dos indiv\u00edduos com 10 anos de idade ou mais no Brasil t\u00eam condi\u00e7\u00f5es satisfat\u00f3rias de conectividade.<\/p>\n<p>Est\u00e3o nessa situa\u00e7\u00e3o 73% dos indiv\u00edduos da classe A, 33% dos habitantes da Regi\u00e3o Sul, 28% dos homens, 16% das mulheres, 11% dos que vivem no Nordeste e 3% dos indiv\u00edduos das classes D e E.<\/p>\n<h2>Perfil<\/h2>\n<p>De acordo com o Cetic.br, uma tend\u00eancia que vem se consolidando \u00e9 a do acesso \u00e0 internet pela TV. O dispositivo \u00e9 o segundo mais utilizado para esse fim, com \u00edndice de 60%, atr\u00e1s apenas do telefone celular (99%). At\u00e9 2019, o acesso pelo computador superava o pela TV (42% contra 37%). Este ano, o acesso pela televis\u00e3o ficou 20 pontos percentuais acima do pelo computador (40%), a maior diferen\u00e7a hist\u00f3rica da s\u00e9rie.<\/p>\n<p>O estudo identificou ainda que 60% dos brasileiros se conectam \u00e0 rede pelo celular, mas n\u00e3o pelo computador, enquanto 40% utilizam ambos. Nas classes D e E, as propor\u00e7\u00f5es foram de 86% e 13%, respectivamente. O acesso exclusivo \u00e0 rede pelo celular \u00e9 maior entre as mulheres (66%) do que entre os homens (54%) e entre pretos (56%) e pardos (66%) do que entre brancos (51%).<\/p>\n<div class=\"dnd-widget-wrapper context-grande_6colunas type-image atom-align-left\">\n<div class=\"dnd-atom-rendered\">\n<figure style=\"width: 463px\" class=\"wp-caption alignright\"><img loading=\"lazy\" decoding=\"async\" title=\"Fabio Rodrigues-Pozzebom\/ Ag\u00eancia Brasil\" src=\"https:\/\/imagens.ebc.com.br\/wloMQq23xB8j2u8oF-csxJ_mrZw=\/463x0\/smart\/https:\/\/agenciabrasil.ebc.com.br\/sites\/default\/files\/thumbnails\/image\/2024\/10\/22\/pzzb9905.jpg?itok=9IHApMjG\" alt=\"Bras\u00edlia (DF) 22\/10\/2024 Crian\u00e7a faz uso de celular, tablet e computador  Foto: Fabio Rodrigues-Pozzebom\/ Ag\u00eancia Brasil\" width=\"463\" height=\"309\" \/><figcaption class=\"wp-caption-text\">Foto: Fabio Rodrigues-Pozzebom\/Ag\u00eancia Brasil<\/figcaption><\/figure>\n<\/div>\n<\/div>\n<p>Entre os brasileiros que t\u00eam celular, mais da metade (57%) conta com plano pr\u00e9-pago, 20% t\u00eam plano p\u00f3s-pago e 18% plano controle. Nessa \u00faltima modalidade, o cliente paga um valor fixo por m\u00eas e tem direito a uma franquia de servi\u00e7os nesse per\u00edodo. Se ele ultrapassar o limite da franquia, os servi\u00e7os podem ser cortados ou reduzidos. Para continuar utilizando os servi\u00e7os, o cliente pode aguardar a renova\u00e7\u00e3o da franquia ou adicionar cr\u00e9ditos.<\/p>\n<p>Sobre a forma de conex\u00e3o, 73% dos que acessam a internet pelo celular o fazem tanto por wi-fi quanto pela rede m\u00f3vel. Entre brasileiros da classe A, a propor\u00e7\u00e3o \u00e9 de 95%, enquanto nas classes D e E, a porcentagem \u00e9 de 57%. Outros 37% se conectam exclusivamente por wi-fi e 6%, somente pela rede m\u00f3vel.<\/p>\n<h2>Habilidades digitais<\/h2>\n<p>A pesquisa identificou que as chamadas habilidades digitais est\u00e3o mais presentes entre pessoas com maior escolaridade. Enquanto 80% dos usu\u00e1rios de internet com ensino superior afirmaram ter buscado verificar a veracidade de uma informa\u00e7\u00e3o encontrada no ambiente digital, a propor\u00e7\u00e3o foi de 31% entre aqueles com ensino fundamental. De maneira geral, a pr\u00e1tica foi realizada por 52% dos usu\u00e1rios.<\/p>\n<p>O uso de altera\u00e7\u00f5es de configura\u00e7\u00f5es de privacidade para limitar o compartilhamento de dados foi reportada por 58% dos que t\u00eam ensino superior e por 18% dos com ensino fundamental. Entre os que relataram n\u00e3o ter nenhuma das habilidades digitais investigadas pela pesquisa, 51% tinham ensino fundamental e 8%, ensino superior.<\/p>\n<div class=\"dnd-widget-wrapper context-grande_6colunas type-image atom-align-right\">\n<div class=\"dnd-atom-rendered\">\n<figure style=\"width: 463px\" class=\"wp-caption alignleft\"><img loading=\"lazy\" decoding=\"async\" title=\"Pixabay\" src=\"https:\/\/imagens.ebc.com.br\/ax-utORmUStmXlkiAsHw2LECRfs=\/463x0\/smart\/https:\/\/agenciabrasil.ebc.com.br\/sites\/default\/files\/thumbnails\/image\/2024\/03\/19\/pixabay_2-_0.jpg?itok=66RPxNzX\" alt=\"Fake News; Not\u00edcia Falsa; Celular; Notebook; Computador; Not\u00edcia - Nova onda de fake news no Brasil influencia a guerra digital. Foto: Pixabay\" width=\"463\" height=\"302\" \/><figcaption class=\"wp-caption-text\">Foto: Pixabay<\/figcaption><\/figure>\n<\/div>\n<\/div>\n<h2>Servi\u00e7os p\u00fablicos<\/h2>\n<p>Servi\u00e7os p\u00fablicos online relacionados \u00e0 sa\u00fade foram a a\u00e7\u00e3o realizada em maior propor\u00e7\u00e3o (32%) entre usu\u00e1rios de internet com 16 anos de idade ou mais nos 12 meses anteriores \u00e0 pesquisa. Servi\u00e7os ligados ao pagamento de impostos e taxas foram os prevalentes entre usu\u00e1rios das classes A (66%) e B (59%), enquanto servi\u00e7os online relacionados \u00e0 educa\u00e7\u00e3o p\u00fablica, como matr\u00edculas em escolas ou universidades p\u00fablicas, foram realizados em maior propor\u00e7\u00e3o por usu\u00e1rios de 16 a 24 anos de idade (42%).<\/p>\n<p>Entre os usu\u00e1rios de internet com ocupa\u00e7\u00e3o formal, 46% haviam procurado ou usado algum servi\u00e7o p\u00fablico vinculado a pagamento de impostos e taxas e 37%, algum servi\u00e7o p\u00fablico ligado a direitos do trabalhador ou previd\u00eancia social. Entre aqueles com ocupa\u00e7\u00e3o informal, os \u00edndices foram de 26% e 20%, respectivamente.<\/p>\n<h2>Com\u00e9rcio online<\/h2>\n<p>Aplicado a cada 2 anos, o m\u00f3dulo de com\u00e9rcio eletr\u00f4nico revela que a pr\u00e1tica de comprar online, tanto produtos como servi\u00e7os, alavancada durante a pandemia, segue em um patamar mais elevado do que o verificado antes da crise sanit\u00e1ria. Segundo a pesquisa, 73 milh\u00f5es (46%) de usu\u00e1rios de internet realizaram esse tipo de atividade este ano, o equivalente a 6 milh\u00f5es a mais do que em 2022 (67 milh\u00f5es).<\/p>\n<p>O estudo mostra tamb\u00e9m que o Pix superou o cart\u00e3o de cr\u00e9dito (67%) como forma de pagamento mais utilizada no ambiente digital, sendo citado por 84% dos entrevistados, 18 pontos percentuais acima do observado em 2022 (66%).<\/p>\n<p>Os maiores \u00edndices de uso foram registrados entre as classes B (de 63% para 82%), C (de 68% para 86%) e D e E (de 60% para 78%).<\/p>\n<div class=\"dnd-widget-wrapper context-grande_6colunas type-image atom-align-left\">\n<div class=\"dnd-atom-rendered\">\n<figure style=\"width: 463px\" class=\"wp-caption alignright\"><img loading=\"lazy\" decoding=\"async\" title=\"Marcello Casal JrAg\u00eancia Brasil\" src=\"https:\/\/imagens.ebc.com.br\/jGEk1XcJ1GbvrGTuLFkWeooO3-w=\/463x0\/smart\/https:\/\/agenciabrasil.ebc.com.br\/sites\/default\/files\/thumbnails\/image\/pix_0411202553.jpg?itok=DKSgMGSg\" alt=\"Pix \u00e9 o pagamento instant\u00e2neo brasileiro. O meio de pagamento criado pelo Banco Central (BC) em que os recursos s\u00e3o transferidos entre contas em poucos segundos, a qualquer hora ou dia. \u00c9 pr\u00e1tico, r\u00e1pido e seguro.\" width=\"463\" height=\"309\" \/><figcaption class=\"wp-caption-text\">\u00a0Marcello Casal Jr\/Ag\u00eancia Brasil<\/figcaption><\/figure>\n<\/div>\n<\/div>\n<p>Em contrapartida, a propor\u00e7\u00e3o dos que pagaram por boleto banc\u00e1rio passou de 43% em 2022 para 24% este ano, uma diferen\u00e7a de 19 pontos percentuais.<\/p>\n<p>As categorias de produtos com maior crescimento de compras online em rela\u00e7\u00e3o a 2022 foram roupas, cal\u00e7ados e material esportivo (de 64% em 2022 para 71% este ano) e cosm\u00e9ticos e produtos de higiene pessoal (de 34% em 2022 para 41% este ano).<\/p>\n<p>Tamb\u00e9m foi identificado aumento significativo no pagamento por servi\u00e7os de m\u00fasicas pela internet, passando de 13% dos usu\u00e1rios em 2022 para 19% este ano. O avan\u00e7o foi maior entre usu\u00e1rios de 16 a 24 anos de idade, cuja propor\u00e7\u00e3o passou de 15% para 32%, e entre usu\u00e1rios da classe B, de 22% para 41%.<\/p>\n<p>Houve aumento ainda na propor\u00e7\u00e3o de usu\u00e1rios de internet que adquiriram produtos ou servi\u00e7os em sites de compra e venda (marketplaces), com o \u00edndice passando de 72% em 2022 para 90% este ano. Aplicativos de lojas no telefone celular foram mencionados por 65% dos usu\u00e1rios que compraram online, enquanto 22% citaram ter comprado por meio de redes sociais.<\/p>\n<p>Os que disseram ter visualizado an\u00fancios de produtos ou servi\u00e7os em posts de redes sociais somam 41%, em v\u00eddeos na internet 49% e em propagandas em sites ou aplicativos 49%.<\/p>\n<\/div>\n<blockquote>\n<div class=\"subheader\">\n<div class=\"container-autoria\"><\/div>\n<\/div>\n<\/blockquote>\n","protected":false},"excerpt":{"rendered":"<p>Nas \u00e1reas rurais, o \u00edndice \u00e9 de 74% Nas resid\u00eancias em \u00e1reas urbanas do Brasil,<\/p>\n","protected":false},"author":4,"featured_media":45023,"comment_status":"open","ping_status":"open","sticky":false,"template":"","format":"standard","meta":{"footnotes":""},"categories":[26],"tags":[],"class_list":["post-45022","post","type-post","status-publish","format-standard","has-post-thumbnail","hentry","category-geral"],"yoast_head":"<!-- This site is optimized with the Yoast SEO plugin v27.5 - https:\/\/yoast.com\/product\/yoast-seo-wordpress\/ -->\n<title>N\u00famero de lares urbanos com internet passou de 13% para 85% em 20 anos - Jornal<\/title>\n<meta name=\"description\" content=\"N\u00famero de lares urbanos com internet passou de 13% para 85% em 20 anos\" \/>\n<meta name=\"robots\" content=\"index, follow, max-snippet:-1, max-image-preview:large, max-video-preview:-1\" \/>\n<link rel=\"canonical\" href=\"https:\/\/jornalboasnoticias.com.br\/home\/numero-de-lares-urbanos-com-internet-passou-de-13-para-85-em-20-anos\/\" \/>\n<meta property=\"og:locale\" content=\"pt_BR\" \/>\n<meta property=\"og:type\" content=\"article\" \/>\n<meta property=\"og:title\" content=\"N\u00famero de lares urbanos com internet passou de 13% para 85% em 20 anos - Jornal\" \/>\n<meta property=\"og:description\" content=\"N\u00famero de lares urbanos com internet passou de 13% para 85% em 20 anos\" \/>\n<meta property=\"og:url\" content=\"https:\/\/jornalboasnoticias.com.br\/home\/numero-de-lares-urbanos-com-internet-passou-de-13-para-85-em-20-anos\/\" \/>\n<meta property=\"og:site_name\" content=\"Jornal\" \/>\n<meta property=\"article:publisher\" content=\"https:\/\/www.facebook.com\/boasnoticiasjornal\" \/>\n<meta property=\"article:published_time\" content=\"2024-10-31T14:31:00+00:00\" \/>\n<meta property=\"og:image\" content=\"https:\/\/jornalboasnoticias.com.br\/home\/wp-content\/uploads\/2024\/10\/908223aa-7004-4bf3-b49d-cf420124ad68.webp\" \/>\n\t<meta property=\"og:image:width\" content=\"1170\" \/>\n\t<meta property=\"og:image:height\" content=\"700\" \/>\n\t<meta property=\"og:image:type\" content=\"image\/webp\" \/>\n<meta name=\"author\" content=\"Ana Luiza Bonatto\" \/>\n<meta name=\"twitter:card\" content=\"summary_large_image\" \/>\n<meta name=\"twitter:label1\" content=\"Escrito por\" \/>\n\t<meta name=\"twitter:data1\" content=\"Ana Luiza Bonatto\" \/>\n\t<meta name=\"twitter:label2\" content=\"Est. tempo de leitura\" \/>\n\t<meta name=\"twitter:data2\" content=\"9 minutos\" \/>\n<script type=\"application\/ld+json\" class=\"yoast-schema-graph\">{\"@context\":\"https:\\\/\\\/schema.org\",\"@graph\":[{\"@type\":\"Article\",\"@id\":\"https:\\\/\\\/jornalboasnoticias.com.br\\\/home\\\/numero-de-lares-urbanos-com-internet-passou-de-13-para-85-em-20-anos\\\/#article\",\"isPartOf\":{\"@id\":\"https:\\\/\\\/jornalboasnoticias.com.br\\\/home\\\/numero-de-lares-urbanos-com-internet-passou-de-13-para-85-em-20-anos\\\/\"},\"author\":{\"name\":\"Ana Luiza Bonatto\",\"@id\":\"https:\\\/\\\/jornalboasnoticias.com.br\\\/home\\\/#\\\/schema\\\/person\\\/d641193e0afc6405b390164dac847971\"},\"headline\":\"N\u00famero de lares urbanos com internet passou de 13% para 85% em 20 anos\",\"datePublished\":\"2024-10-31T14:31:00+00:00\",\"mainEntityOfPage\":{\"@id\":\"https:\\\/\\\/jornalboasnoticias.com.br\\\/home\\\/numero-de-lares-urbanos-com-internet-passou-de-13-para-85-em-20-anos\\\/\"},\"wordCount\":1435,\"commentCount\":0,\"publisher\":{\"@id\":\"https:\\\/\\\/jornalboasnoticias.com.br\\\/home\\\/#organization\"},\"image\":{\"@id\":\"https:\\\/\\\/jornalboasnoticias.com.br\\\/home\\\/numero-de-lares-urbanos-com-internet-passou-de-13-para-85-em-20-anos\\\/#primaryimage\"},\"thumbnailUrl\":\"https:\\\/\\\/jornalboasnoticias.com.br\\\/home\\\/wp-content\\\/uploads\\\/2024\\\/10\\\/908223aa-7004-4bf3-b49d-cf420124ad68.webp\",\"articleSection\":[\"Geral\"],\"inLanguage\":\"pt-BR\",\"potentialAction\":[{\"@type\":\"CommentAction\",\"name\":\"Comment\",\"target\":[\"https:\\\/\\\/jornalboasnoticias.com.br\\\/home\\\/numero-de-lares-urbanos-com-internet-passou-de-13-para-85-em-20-anos\\\/#respond\"]}]},{\"@type\":\"WebPage\",\"@id\":\"https:\\\/\\\/jornalboasnoticias.com.br\\\/home\\\/numero-de-lares-urbanos-com-internet-passou-de-13-para-85-em-20-anos\\\/\",\"url\":\"https:\\\/\\\/jornalboasnoticias.com.br\\\/home\\\/numero-de-lares-urbanos-com-internet-passou-de-13-para-85-em-20-anos\\\/\",\"name\":\"N\u00famero de lares urbanos com internet passou de 13% para 85% em 20 anos - Jornal\",\"isPartOf\":{\"@id\":\"https:\\\/\\\/jornalboasnoticias.com.br\\\/home\\\/#website\"},\"primaryImageOfPage\":{\"@id\":\"https:\\\/\\\/jornalboasnoticias.com.br\\\/home\\\/numero-de-lares-urbanos-com-internet-passou-de-13-para-85-em-20-anos\\\/#primaryimage\"},\"image\":{\"@id\":\"https:\\\/\\\/jornalboasnoticias.com.br\\\/home\\\/numero-de-lares-urbanos-com-internet-passou-de-13-para-85-em-20-anos\\\/#primaryimage\"},\"thumbnailUrl\":\"https:\\\/\\\/jornalboasnoticias.com.br\\\/home\\\/wp-content\\\/uploads\\\/2024\\\/10\\\/908223aa-7004-4bf3-b49d-cf420124ad68.webp\",\"datePublished\":\"2024-10-31T14:31:00+00:00\",\"description\":\"N\u00famero de lares urbanos com internet passou de 13% para 85% em 20 anos\",\"breadcrumb\":{\"@id\":\"https:\\\/\\\/jornalboasnoticias.com.br\\\/home\\\/numero-de-lares-urbanos-com-internet-passou-de-13-para-85-em-20-anos\\\/#breadcrumb\"},\"inLanguage\":\"pt-BR\",\"potentialAction\":[{\"@type\":\"ReadAction\",\"target\":[\"https:\\\/\\\/jornalboasnoticias.com.br\\\/home\\\/numero-de-lares-urbanos-com-internet-passou-de-13-para-85-em-20-anos\\\/\"]}]},{\"@type\":\"ImageObject\",\"inLanguage\":\"pt-BR\",\"@id\":\"https:\\\/\\\/jornalboasnoticias.com.br\\\/home\\\/numero-de-lares-urbanos-com-internet-passou-de-13-para-85-em-20-anos\\\/#primaryimage\",\"url\":\"https:\\\/\\\/jornalboasnoticias.com.br\\\/home\\\/wp-content\\\/uploads\\\/2024\\\/10\\\/908223aa-7004-4bf3-b49d-cf420124ad68.webp\",\"contentUrl\":\"https:\\\/\\\/jornalboasnoticias.com.br\\\/home\\\/wp-content\\\/uploads\\\/2024\\\/10\\\/908223aa-7004-4bf3-b49d-cf420124ad68.webp\",\"width\":1170,\"height\":700,\"caption\":\"\u00a9 Infogr\u00e1fico: CGI.br\"},{\"@type\":\"BreadcrumbList\",\"@id\":\"https:\\\/\\\/jornalboasnoticias.com.br\\\/home\\\/numero-de-lares-urbanos-com-internet-passou-de-13-para-85-em-20-anos\\\/#breadcrumb\",\"itemListElement\":[{\"@type\":\"ListItem\",\"position\":1,\"name\":\"In\u00edcio\",\"item\":\"https:\\\/\\\/jornalboasnoticias.com.br\\\/home\\\/\"},{\"@type\":\"ListItem\",\"position\":2,\"name\":\"N\u00famero de lares urbanos com internet passou de 13% para 85% em 20 anos\"}]},{\"@type\":\"WebSite\",\"@id\":\"https:\\\/\\\/jornalboasnoticias.com.br\\\/home\\\/#website\",\"url\":\"https:\\\/\\\/jornalboasnoticias.com.br\\\/home\\\/\",\"name\":\"Jornal Boas Not\u00edcias\",\"description\":\"Boas not\u00edcias\",\"publisher\":{\"@id\":\"https:\\\/\\\/jornalboasnoticias.com.br\\\/home\\\/#organization\"},\"potentialAction\":[{\"@type\":\"SearchAction\",\"target\":{\"@type\":\"EntryPoint\",\"urlTemplate\":\"https:\\\/\\\/jornalboasnoticias.com.br\\\/home\\\/?s={search_term_string}\"},\"query-input\":{\"@type\":\"PropertyValueSpecification\",\"valueRequired\":true,\"valueName\":\"search_term_string\"}}],\"inLanguage\":\"pt-BR\"},{\"@type\":\"Organization\",\"@id\":\"https:\\\/\\\/jornalboasnoticias.com.br\\\/home\\\/#organization\",\"name\":\"Coq Editora Ltda\",\"alternateName\":\"Jornal Boas Noticias\",\"url\":\"https:\\\/\\\/jornalboasnoticias.com.br\\\/home\\\/\",\"logo\":{\"@type\":\"ImageObject\",\"inLanguage\":\"pt-BR\",\"@id\":\"https:\\\/\\\/jornalboasnoticias.com.br\\\/home\\\/#\\\/schema\\\/logo\\\/image\\\/\",\"url\":\"https:\\\/\\\/jornalboasnoticias.com.br\\\/home\\\/wp-content\\\/uploads\\\/2024\\\/07\\\/cropped-logo.jpg\",\"contentUrl\":\"https:\\\/\\\/jornalboasnoticias.com.br\\\/home\\\/wp-content\\\/uploads\\\/2024\\\/07\\\/cropped-logo.jpg\",\"width\":290,\"height\":142,\"caption\":\"Coq Editora Ltda\"},\"image\":{\"@id\":\"https:\\\/\\\/jornalboasnoticias.com.br\\\/home\\\/#\\\/schema\\\/logo\\\/image\\\/\"},\"sameAs\":[\"https:\\\/\\\/www.facebook.com\\\/boasnoticiasjornal\"]},{\"@type\":\"Person\",\"@id\":\"https:\\\/\\\/jornalboasnoticias.com.br\\\/home\\\/#\\\/schema\\\/person\\\/d641193e0afc6405b390164dac847971\",\"name\":\"Ana Luiza Bonatto\",\"image\":{\"@type\":\"ImageObject\",\"inLanguage\":\"pt-BR\",\"@id\":\"https:\\\/\\\/secure.gravatar.com\\\/avatar\\\/8a055ebe6373371f67ac6fcf313c0ac0b0a91157fdcdb9514fa62927373348f0?s=96&d=mm&r=g\",\"url\":\"https:\\\/\\\/secure.gravatar.com\\\/avatar\\\/8a055ebe6373371f67ac6fcf313c0ac0b0a91157fdcdb9514fa62927373348f0?s=96&d=mm&r=g\",\"contentUrl\":\"https:\\\/\\\/secure.gravatar.com\\\/avatar\\\/8a055ebe6373371f67ac6fcf313c0ac0b0a91157fdcdb9514fa62927373348f0?s=96&d=mm&r=g\",\"caption\":\"Ana Luiza Bonatto\"},\"url\":\"https:\\\/\\\/jornalboasnoticias.com.br\\\/home\\\/author\\\/ana-luiza\\\/\"}]}<\/script>\n<!-- \/ Yoast SEO plugin. -->","yoast_head_json":{"title":"N\u00famero de lares urbanos com internet passou de 13% para 85% em 20 anos - Jornal","description":"N\u00famero de lares urbanos com internet passou de 13% para 85% em 20 anos","robots":{"index":"index","follow":"follow","max-snippet":"max-snippet:-1","max-image-preview":"max-image-preview:large","max-video-preview":"max-video-preview:-1"},"canonical":"https:\/\/jornalboasnoticias.com.br\/home\/numero-de-lares-urbanos-com-internet-passou-de-13-para-85-em-20-anos\/","og_locale":"pt_BR","og_type":"article","og_title":"N\u00famero de lares urbanos com internet passou de 13% para 85% em 20 anos - Jornal","og_description":"N\u00famero de lares urbanos com internet passou de 13% para 85% em 20 anos","og_url":"https:\/\/jornalboasnoticias.com.br\/home\/numero-de-lares-urbanos-com-internet-passou-de-13-para-85-em-20-anos\/","og_site_name":"Jornal","article_publisher":"https:\/\/www.facebook.com\/boasnoticiasjornal","article_published_time":"2024-10-31T14:31:00+00:00","og_image":[{"width":1170,"height":700,"url":"https:\/\/jornalboasnoticias.com.br\/home\/wp-content\/uploads\/2024\/10\/908223aa-7004-4bf3-b49d-cf420124ad68.webp","type":"image\/webp"}],"author":"Ana Luiza Bonatto","twitter_card":"summary_large_image","twitter_misc":{"Escrito por":"Ana Luiza Bonatto","Est. tempo de leitura":"9 minutos"},"schema":{"@context":"https:\/\/schema.org","@graph":[{"@type":"Article","@id":"https:\/\/jornalboasnoticias.com.br\/home\/numero-de-lares-urbanos-com-internet-passou-de-13-para-85-em-20-anos\/#article","isPartOf":{"@id":"https:\/\/jornalboasnoticias.com.br\/home\/numero-de-lares-urbanos-com-internet-passou-de-13-para-85-em-20-anos\/"},"author":{"name":"Ana Luiza Bonatto","@id":"https:\/\/jornalboasnoticias.com.br\/home\/#\/schema\/person\/d641193e0afc6405b390164dac847971"},"headline":"N\u00famero de lares urbanos com internet passou de 13% para 85% em 20 anos","datePublished":"2024-10-31T14:31:00+00:00","mainEntityOfPage":{"@id":"https:\/\/jornalboasnoticias.com.br\/home\/numero-de-lares-urbanos-com-internet-passou-de-13-para-85-em-20-anos\/"},"wordCount":1435,"commentCount":0,"publisher":{"@id":"https:\/\/jornalboasnoticias.com.br\/home\/#organization"},"image":{"@id":"https:\/\/jornalboasnoticias.com.br\/home\/numero-de-lares-urbanos-com-internet-passou-de-13-para-85-em-20-anos\/#primaryimage"},"thumbnailUrl":"https:\/\/jornalboasnoticias.com.br\/home\/wp-content\/uploads\/2024\/10\/908223aa-7004-4bf3-b49d-cf420124ad68.webp","articleSection":["Geral"],"inLanguage":"pt-BR","potentialAction":[{"@type":"CommentAction","name":"Comment","target":["https:\/\/jornalboasnoticias.com.br\/home\/numero-de-lares-urbanos-com-internet-passou-de-13-para-85-em-20-anos\/#respond"]}]},{"@type":"WebPage","@id":"https:\/\/jornalboasnoticias.com.br\/home\/numero-de-lares-urbanos-com-internet-passou-de-13-para-85-em-20-anos\/","url":"https:\/\/jornalboasnoticias.com.br\/home\/numero-de-lares-urbanos-com-internet-passou-de-13-para-85-em-20-anos\/","name":"N\u00famero de lares urbanos com internet passou de 13% para 85% em 20 anos - Jornal","isPartOf":{"@id":"https:\/\/jornalboasnoticias.com.br\/home\/#website"},"primaryImageOfPage":{"@id":"https:\/\/jornalboasnoticias.com.br\/home\/numero-de-lares-urbanos-com-internet-passou-de-13-para-85-em-20-anos\/#primaryimage"},"image":{"@id":"https:\/\/jornalboasnoticias.com.br\/home\/numero-de-lares-urbanos-com-internet-passou-de-13-para-85-em-20-anos\/#primaryimage"},"thumbnailUrl":"https:\/\/jornalboasnoticias.com.br\/home\/wp-content\/uploads\/2024\/10\/908223aa-7004-4bf3-b49d-cf420124ad68.webp","datePublished":"2024-10-31T14:31:00+00:00","description":"N\u00famero de lares urbanos com internet passou de 13% para 85% em 20 anos","breadcrumb":{"@id":"https:\/\/jornalboasnoticias.com.br\/home\/numero-de-lares-urbanos-com-internet-passou-de-13-para-85-em-20-anos\/#breadcrumb"},"inLanguage":"pt-BR","potentialAction":[{"@type":"ReadAction","target":["https:\/\/jornalboasnoticias.com.br\/home\/numero-de-lares-urbanos-com-internet-passou-de-13-para-85-em-20-anos\/"]}]},{"@type":"ImageObject","inLanguage":"pt-BR","@id":"https:\/\/jornalboasnoticias.com.br\/home\/numero-de-lares-urbanos-com-internet-passou-de-13-para-85-em-20-anos\/#primaryimage","url":"https:\/\/jornalboasnoticias.com.br\/home\/wp-content\/uploads\/2024\/10\/908223aa-7004-4bf3-b49d-cf420124ad68.webp","contentUrl":"https:\/\/jornalboasnoticias.com.br\/home\/wp-content\/uploads\/2024\/10\/908223aa-7004-4bf3-b49d-cf420124ad68.webp","width":1170,"height":700,"caption":"\u00a9 Infogr\u00e1fico: CGI.br"},{"@type":"BreadcrumbList","@id":"https:\/\/jornalboasnoticias.com.br\/home\/numero-de-lares-urbanos-com-internet-passou-de-13-para-85-em-20-anos\/#breadcrumb","itemListElement":[{"@type":"ListItem","position":1,"name":"In\u00edcio","item":"https:\/\/jornalboasnoticias.com.br\/home\/"},{"@type":"ListItem","position":2,"name":"N\u00famero de lares urbanos com internet passou de 13% para 85% em 20 anos"}]},{"@type":"WebSite","@id":"https:\/\/jornalboasnoticias.com.br\/home\/#website","url":"https:\/\/jornalboasnoticias.com.br\/home\/","name":"Jornal Boas Not\u00edcias","description":"Boas not\u00edcias","publisher":{"@id":"https:\/\/jornalboasnoticias.com.br\/home\/#organization"},"potentialAction":[{"@type":"SearchAction","target":{"@type":"EntryPoint","urlTemplate":"https:\/\/jornalboasnoticias.com.br\/home\/?s={search_term_string}"},"query-input":{"@type":"PropertyValueSpecification","valueRequired":true,"valueName":"search_term_string"}}],"inLanguage":"pt-BR"},{"@type":"Organization","@id":"https:\/\/jornalboasnoticias.com.br\/home\/#organization","name":"Coq Editora Ltda","alternateName":"Jornal Boas Noticias","url":"https:\/\/jornalboasnoticias.com.br\/home\/","logo":{"@type":"ImageObject","inLanguage":"pt-BR","@id":"https:\/\/jornalboasnoticias.com.br\/home\/#\/schema\/logo\/image\/","url":"https:\/\/jornalboasnoticias.com.br\/home\/wp-content\/uploads\/2024\/07\/cropped-logo.jpg","contentUrl":"https:\/\/jornalboasnoticias.com.br\/home\/wp-content\/uploads\/2024\/07\/cropped-logo.jpg","width":290,"height":142,"caption":"Coq Editora Ltda"},"image":{"@id":"https:\/\/jornalboasnoticias.com.br\/home\/#\/schema\/logo\/image\/"},"sameAs":["https:\/\/www.facebook.com\/boasnoticiasjornal"]},{"@type":"Person","@id":"https:\/\/jornalboasnoticias.com.br\/home\/#\/schema\/person\/d641193e0afc6405b390164dac847971","name":"Ana Luiza Bonatto","image":{"@type":"ImageObject","inLanguage":"pt-BR","@id":"https:\/\/secure.gravatar.com\/avatar\/8a055ebe6373371f67ac6fcf313c0ac0b0a91157fdcdb9514fa62927373348f0?s=96&d=mm&r=g","url":"https:\/\/secure.gravatar.com\/avatar\/8a055ebe6373371f67ac6fcf313c0ac0b0a91157fdcdb9514fa62927373348f0?s=96&d=mm&r=g","contentUrl":"https:\/\/secure.gravatar.com\/avatar\/8a055ebe6373371f67ac6fcf313c0ac0b0a91157fdcdb9514fa62927373348f0?s=96&d=mm&r=g","caption":"Ana Luiza Bonatto"},"url":"https:\/\/jornalboasnoticias.com.br\/home\/author\/ana-luiza\/"}]}},"_links":{"self":[{"href":"https:\/\/jornalboasnoticias.com.br\/home\/wp-json\/wp\/v2\/posts\/45022","targetHints":{"allow":["GET"]}}],"collection":[{"href":"https:\/\/jornalboasnoticias.com.br\/home\/wp-json\/wp\/v2\/posts"}],"about":[{"href":"https:\/\/jornalboasnoticias.com.br\/home\/wp-json\/wp\/v2\/types\/post"}],"author":[{"embeddable":true,"href":"https:\/\/jornalboasnoticias.com.br\/home\/wp-json\/wp\/v2\/users\/4"}],"replies":[{"embeddable":true,"href":"https:\/\/jornalboasnoticias.com.br\/home\/wp-json\/wp\/v2\/comments?post=45022"}],"version-history":[{"count":1,"href":"https:\/\/jornalboasnoticias.com.br\/home\/wp-json\/wp\/v2\/posts\/45022\/revisions"}],"predecessor-version":[{"id":45024,"href":"https:\/\/jornalboasnoticias.com.br\/home\/wp-json\/wp\/v2\/posts\/45022\/revisions\/45024"}],"wp:featuredmedia":[{"embeddable":true,"href":"https:\/\/jornalboasnoticias.com.br\/home\/wp-json\/wp\/v2\/media\/45023"}],"wp:attachment":[{"href":"https:\/\/jornalboasnoticias.com.br\/home\/wp-json\/wp\/v2\/media?parent=45022"}],"wp:term":[{"taxonomy":"category","embeddable":true,"href":"https:\/\/jornalboasnoticias.com.br\/home\/wp-json\/wp\/v2\/categories?post=45022"},{"taxonomy":"post_tag","embeddable":true,"href":"https:\/\/jornalboasnoticias.com.br\/home\/wp-json\/wp\/v2\/tags?post=45022"}],"curies":[{"name":"wp","href":"https:\/\/api.w.org\/{rel}","templated":true}]}}