{"id":45015,"date":"2024-10-31T12:49:19","date_gmt":"2024-10-31T12:49:19","guid":{"rendered":"https:\/\/jornalboasnoticias.com.br\/home\/?p=45015"},"modified":"2024-10-31T12:49:55","modified_gmt":"2024-10-31T12:49:55","slug":"estudo-do-bid-consolida-parana-como-referencia-nacional-na-analise-de-dados-tributarios","status":"publish","type":"post","link":"https:\/\/jornalboasnoticias.com.br\/home\/estudo-do-bid-consolida-parana-como-referencia-nacional-na-analise-de-dados-tributarios\/","title":{"rendered":"Estudo do BID consolida Paran\u00e1 como refer\u00eancia nacional na an\u00e1lise de dados tribut\u00e1rios"},"content":{"rendered":"<div class=\"not-escopo-destaque\">\n<div>\n<figure id=\"attachment_45016\" aria-describedby=\"caption-attachment-45016\" style=\"width: 2560px\" class=\"wp-caption alignnone\"><img loading=\"lazy\" decoding=\"async\" class=\"wp-image-45016 size-full\" src=\"https:\/\/jornalboasnoticias.com.br\/home\/wp-content\/uploads\/2024\/10\/alessandrovieira2-scaled.jpg\" alt=\"\" width=\"2560\" height=\"1707\" srcset=\"https:\/\/jornalboasnoticias.com.br\/home\/wp-content\/uploads\/2024\/10\/alessandrovieira2-scaled.jpg 2560w, https:\/\/jornalboasnoticias.com.br\/home\/wp-content\/uploads\/2024\/10\/alessandrovieira2-300x200.jpg 300w, https:\/\/jornalboasnoticias.com.br\/home\/wp-content\/uploads\/2024\/10\/alessandrovieira2-1024x683.jpg 1024w, https:\/\/jornalboasnoticias.com.br\/home\/wp-content\/uploads\/2024\/10\/alessandrovieira2-768x512.jpg 768w, https:\/\/jornalboasnoticias.com.br\/home\/wp-content\/uploads\/2024\/10\/alessandrovieira2-1536x1024.jpg 1536w, https:\/\/jornalboasnoticias.com.br\/home\/wp-content\/uploads\/2024\/10\/alessandrovieira2-2048x1365.jpg 2048w, https:\/\/jornalboasnoticias.com.br\/home\/wp-content\/uploads\/2024\/10\/alessandrovieira2-900x600.jpg 900w\" sizes=\"auto, (max-width: 2560px) 100vw, 2560px\" \/><figcaption id=\"caption-attachment-45016\" class=\"wp-caption-text\">Foto: Alessandro Vieira\/CC<\/figcaption><\/figure>\n<\/div>\n<\/div>\n<blockquote>\n<div class=\"not-escopo-destaque\">\n<div class=\"field field--name-field-escopo-destaque field--type-string-long field--label-hidden field--item\">Estado recebeu a classifica\u00e7\u00e3o mais alta no indicador de ambiente anal\u00edtico, sendo reconhecido por sua compet\u00eancia t\u00e9cnica e capacidade anal\u00edtica. Paran\u00e1 est\u00e1 acima da m\u00e9dia nacional em todos os crit\u00e9rios analisados.<\/div>\n<\/div>\n<\/blockquote>\n<div>\n<article class=\"node node--type-noticia node--promoted node--view-mode-full clearfix\" role=\"article\" data-history-node-id=\"69636\">\n<div class=\"node__content clearfix\">\n<div class=\"field field--name-field-texto field--type-text-long field--label-hidden field--item\">\n<p>O Banco Interamericano de Desenvolvimento (BID) enviou \u00e0 Secretaria da Fazenda e Receita Estadual do Paran\u00e1 (Sefa) o estudo &#8220;Avalia\u00e7\u00e3o de Maturidade de An\u00e1lise de Dados Avan\u00e7ada na Administra\u00e7\u00e3o Tribut\u00e1ria (AT) dos Estados e Distrito Federal&#8217;. O documento analisa a efici\u00eancia dos fiscos estaduais brasileiros no uso de dados anal\u00edticos avan\u00e7ados na administra\u00e7\u00e3o tribut\u00e1ria. O Paran\u00e1 recebeu a classifica\u00e7\u00e3o mais alta no indicador de ambiente anal\u00edtico, sendo reconhecido por sua compet\u00eancia t\u00e9cnica e capacidade anal\u00edtica.<\/p>\n<p>A avalia\u00e7\u00e3o foi conduzida de forma an\u00f4nima, ou seja, embora os estados tenham sido ranqueados, as posi\u00e7\u00f5es n\u00e3o s\u00e3o reveladas para todos, sendo exclusivamente divulgada para cada ente da federa\u00e7\u00e3o.<\/p>\n<p>O Paran\u00e1 tem reconhecimento nacional na an\u00e1lise de dados tribut\u00e1rios e est\u00e1 acima da m\u00e9dia nacional, de 48%, em todos os crit\u00e9rios analisados. No quesito &#8220;Processos e formas de trabalho&#8221;, o Estado alcan\u00e7ou 75%, superando a m\u00e9dia nacional em 37 pontos percentuais. J\u00e1 o indicador de &#8220;Gest\u00e3o de Dados&#8221; obteve 73%, significativamente acima da m\u00e9dia.<\/p>\n<p>Al\u00e9m disso, no segundo eixo de avalia\u00e7\u00e3o, a Administra\u00e7\u00e3o Tribut\u00e1ria do Paran\u00e1 demonstrou um desempenho consistentemente superior \u00e0 m\u00e9dia nacional em todos os crit\u00e9rios analisados. Esses resultados refor\u00e7am a efici\u00eancia do fisco paranaense e sua capacidade de gest\u00e3o e inova\u00e7\u00e3o no uso de dados.<\/p>\n<p>\u201cEssa avalia\u00e7\u00e3o \u00e9 fundamental, pois aborda um dos grandes desafios das administra\u00e7\u00f5es tribut\u00e1rias que \u00e9 de aumentar a efici\u00eancia operacional, beneficiando a sociedade como um todo, al\u00e9m de fomentar a economia, inclusive para a Fazenda melhorar a rela\u00e7\u00e3o com as empresas e com os contribuintes\u201d, afirmou o secret\u00e1rio estadual da Fazenda, Norberto Ortigara,.<\/p>\n<p><strong>EFICIENTE\u00a0<\/strong>\u2013<strong>\u00a0<\/strong>Em maio deste ano, em miss\u00e3o na Secretaria da Fazenda, o BID j\u00e1 havia destacado nacionalmente a gest\u00e3o anal\u00edtica tribut\u00e1ria baseada em dados, com uso de\u00a0 an\u00e1lises da Metodologia para Avalia\u00e7\u00e3o da Maturidade da Gest\u00e3o Fiscal (MD-Gefis).\u00a0Com esse desempenho, o fisco paranaense se destacou como um dos mais eficientes do Brasil.<\/p>\n<p>O estudo ainda classifica os fiscos em quatro categorias de acordo com o desempenho obtido: Iniciante, T\u00e9cnico, Emergente e Refer\u00eancia Anal\u00edtica. Das 27 Administra\u00e7\u00f5es Tribut\u00e1rias avaliadas, 15 foram classificadas como Iniciantes, 3 como T\u00e9cnicas, 3 como Emergentes e 6 alcan\u00e7aram o n\u00edvel de Refer\u00eancia Anal\u00edtica.<\/p>\n<p><strong>100%<\/strong>\u00a0\u2013 No indicador &#8220;Data Quality e Cleansing&#8221;, a\u00a0Administra\u00e7\u00e3o Tribut\u00e1ria do Paran\u00e1 (AT-PR) alcan\u00e7ou a marca de 100%, em contraste com a m\u00e9dia nacional de 42%. Esse resultado evidencia a alta capacidade do Estado em assegurar a qualidade e a consist\u00eancia dos dados utilizados em seus processos, refor\u00e7ando sua posi\u00e7\u00e3o de destaque no cen\u00e1rio nacional.<\/p>\n<p>\u201cEsse estudo \u00e9 de grande relev\u00e2ncia, pois fornece uma base estrat\u00e9gica tanto para consolidar a posi\u00e7\u00e3o de refer\u00eancia j\u00e1 conquistada pelo Paran\u00e1 quanto para identificar oportunidades de aprimoramento. Al\u00e9m disso, a pesquisa apresenta Casos de Uso inspirados nas melhores pr\u00e1ticas de outros fiscos, oferecendo um referencial pr\u00e1tico para o desenvolvimento de planos voltados \u00e0 melhoria cont\u00ednua dos indicadores de desempenho\u201d, esclareceu a diretora da Receita Estadual, Suzane Gambeta.<\/p>\n<p>Segundo Suzane, a evolu\u00e7\u00e3o e refer\u00eancia do Paran\u00e1 vem em raz\u00e3o do Profisco II, um projeto abrangente de aperfei\u00e7oamento da gest\u00e3o p\u00fablica nas \u00e1reas fiscal, fazend\u00e1ria e financeira do Paran\u00e1.<\/p>\n<p>Com um investimento total de aproximadamente R$ 270 milh\u00f5es (US$ 55 milh\u00f5es), a serem desembolsados at\u00e9 setembro de 2025 \u2013 sendo R$ 245 milh\u00f5es (US$ 50 milh\u00f5es) financiados pelo BID e R$ 25 milh\u00f5es (US$ 5 milh\u00f5es) como contrapartida do governo estadual \u2013, o Profisco II visa contribuir para a sustentabilidade da gest\u00e3o fiscal e a incorpora\u00e7\u00e3o de melhores servi\u00e7os e tecnologias voltadas aos contribuintes, al\u00e9m de embasar as pol\u00edticas p\u00fablicas em dados e sistemas s\u00f3lidos.<\/p>\n<p>O programa proporciona a ado\u00e7\u00e3o de tecnologias avan\u00e7adas, impulsionada pela transforma\u00e7\u00e3o digital, o que torna os sistemas mais eficazes e responsivos, fortalecendo a atua\u00e7\u00e3o das administra\u00e7\u00f5es fiscais. al\u00e9m disso, fazer a administra\u00e7\u00e3o tribut\u00e1ria baseada em dados melhora a efici\u00eancia e credibilidade, al\u00e9m de incentivar a conformidade fiscal\u201d, disse o coordenador do Profisco II no Paran\u00e1, Sandro Ferrari.<\/p>\n<\/div>\n<\/div>\n<\/article>\n<\/div>\n","protected":false},"excerpt":{"rendered":"<p>Estado recebeu a classifica\u00e7\u00e3o mais alta no indicador de ambiente anal\u00edtico, sendo reconhecido por sua<\/p>\n","protected":false},"author":4,"featured_media":45016,"comment_status":"open","ping_status":"open","sticky":false,"template":"","format":"standard","meta":{"footnotes":""},"categories":[3,4],"tags":[],"class_list":["post-45015","post","type-post","status-publish","format-standard","has-post-thumbnail","hentry","category-destaques","category-parana"],"yoast_head":"<!-- This site is optimized with the Yoast SEO plugin v27.5 - https:\/\/yoast.com\/product\/yoast-seo-wordpress\/ -->\n<title>Estudo do BID consolida Paran\u00e1 como refer\u00eancia nacional na an\u00e1lise de dados tribut\u00e1rios - Jornal<\/title>\n<meta name=\"description\" content=\"Estudo do BID consolida Paran\u00e1 como refer\u00eancia nacional na an\u00e1lise de dados tribut\u00e1rios\" \/>\n<meta name=\"robots\" content=\"index, follow, max-snippet:-1, max-image-preview:large, max-video-preview:-1\" \/>\n<link rel=\"canonical\" href=\"https:\/\/jornalboasnoticias.com.br\/home\/estudo-do-bid-consolida-parana-como-referencia-nacional-na-analise-de-dados-tributarios\/\" \/>\n<meta property=\"og:locale\" content=\"pt_BR\" \/>\n<meta property=\"og:type\" content=\"article\" \/>\n<meta property=\"og:title\" content=\"Estudo do BID consolida Paran\u00e1 como refer\u00eancia nacional na an\u00e1lise de dados tribut\u00e1rios - Jornal\" \/>\n<meta property=\"og:description\" content=\"Estudo do BID consolida Paran\u00e1 como refer\u00eancia nacional na an\u00e1lise de dados tribut\u00e1rios\" \/>\n<meta property=\"og:url\" content=\"https:\/\/jornalboasnoticias.com.br\/home\/estudo-do-bid-consolida-parana-como-referencia-nacional-na-analise-de-dados-tributarios\/\" \/>\n<meta property=\"og:site_name\" content=\"Jornal\" \/>\n<meta property=\"article:publisher\" content=\"https:\/\/www.facebook.com\/boasnoticiasjornal\" \/>\n<meta property=\"article:published_time\" content=\"2024-10-31T12:49:19+00:00\" \/>\n<meta property=\"article:modified_time\" content=\"2024-10-31T12:49:55+00:00\" \/>\n<meta property=\"og:image\" content=\"https:\/\/jornalboasnoticias.com.br\/home\/wp-content\/uploads\/2024\/10\/alessandrovieira2-scaled.jpg\" \/>\n\t<meta property=\"og:image:width\" content=\"2560\" \/>\n\t<meta property=\"og:image:height\" content=\"1707\" \/>\n\t<meta property=\"og:image:type\" content=\"image\/jpeg\" \/>\n<meta name=\"author\" content=\"Ana Luiza Bonatto\" \/>\n<meta name=\"twitter:card\" content=\"summary_large_image\" \/>\n<meta name=\"twitter:label1\" content=\"Escrito por\" \/>\n\t<meta name=\"twitter:data1\" content=\"Ana Luiza Bonatto\" \/>\n\t<meta name=\"twitter:label2\" content=\"Est. tempo de leitura\" \/>\n\t<meta name=\"twitter:data2\" content=\"4 minutos\" \/>\n<script type=\"application\/ld+json\" class=\"yoast-schema-graph\">{\"@context\":\"https:\\\/\\\/schema.org\",\"@graph\":[{\"@type\":\"Article\",\"@id\":\"https:\\\/\\\/jornalboasnoticias.com.br\\\/home\\\/estudo-do-bid-consolida-parana-como-referencia-nacional-na-analise-de-dados-tributarios\\\/#article\",\"isPartOf\":{\"@id\":\"https:\\\/\\\/jornalboasnoticias.com.br\\\/home\\\/estudo-do-bid-consolida-parana-como-referencia-nacional-na-analise-de-dados-tributarios\\\/\"},\"author\":{\"name\":\"Ana Luiza Bonatto\",\"@id\":\"https:\\\/\\\/jornalboasnoticias.com.br\\\/home\\\/#\\\/schema\\\/person\\\/d641193e0afc6405b390164dac847971\"},\"headline\":\"Estudo do BID consolida Paran\u00e1 como refer\u00eancia nacional na an\u00e1lise de dados tribut\u00e1rios\",\"datePublished\":\"2024-10-31T12:49:19+00:00\",\"dateModified\":\"2024-10-31T12:49:55+00:00\",\"mainEntityOfPage\":{\"@id\":\"https:\\\/\\\/jornalboasnoticias.com.br\\\/home\\\/estudo-do-bid-consolida-parana-como-referencia-nacional-na-analise-de-dados-tributarios\\\/\"},\"wordCount\":788,\"commentCount\":0,\"publisher\":{\"@id\":\"https:\\\/\\\/jornalboasnoticias.com.br\\\/home\\\/#organization\"},\"image\":{\"@id\":\"https:\\\/\\\/jornalboasnoticias.com.br\\\/home\\\/estudo-do-bid-consolida-parana-como-referencia-nacional-na-analise-de-dados-tributarios\\\/#primaryimage\"},\"thumbnailUrl\":\"https:\\\/\\\/jornalboasnoticias.com.br\\\/home\\\/wp-content\\\/uploads\\\/2024\\\/10\\\/alessandrovieira2-scaled.jpg\",\"articleSection\":[\"DESTAQUE\",\"PARAN\u00c1\"],\"inLanguage\":\"pt-BR\",\"potentialAction\":[{\"@type\":\"CommentAction\",\"name\":\"Comment\",\"target\":[\"https:\\\/\\\/jornalboasnoticias.com.br\\\/home\\\/estudo-do-bid-consolida-parana-como-referencia-nacional-na-analise-de-dados-tributarios\\\/#respond\"]}]},{\"@type\":\"WebPage\",\"@id\":\"https:\\\/\\\/jornalboasnoticias.com.br\\\/home\\\/estudo-do-bid-consolida-parana-como-referencia-nacional-na-analise-de-dados-tributarios\\\/\",\"url\":\"https:\\\/\\\/jornalboasnoticias.com.br\\\/home\\\/estudo-do-bid-consolida-parana-como-referencia-nacional-na-analise-de-dados-tributarios\\\/\",\"name\":\"Estudo do BID consolida Paran\u00e1 como refer\u00eancia nacional na an\u00e1lise de dados tribut\u00e1rios - Jornal\",\"isPartOf\":{\"@id\":\"https:\\\/\\\/jornalboasnoticias.com.br\\\/home\\\/#website\"},\"primaryImageOfPage\":{\"@id\":\"https:\\\/\\\/jornalboasnoticias.com.br\\\/home\\\/estudo-do-bid-consolida-parana-como-referencia-nacional-na-analise-de-dados-tributarios\\\/#primaryimage\"},\"image\":{\"@id\":\"https:\\\/\\\/jornalboasnoticias.com.br\\\/home\\\/estudo-do-bid-consolida-parana-como-referencia-nacional-na-analise-de-dados-tributarios\\\/#primaryimage\"},\"thumbnailUrl\":\"https:\\\/\\\/jornalboasnoticias.com.br\\\/home\\\/wp-content\\\/uploads\\\/2024\\\/10\\\/alessandrovieira2-scaled.jpg\",\"datePublished\":\"2024-10-31T12:49:19+00:00\",\"dateModified\":\"2024-10-31T12:49:55+00:00\",\"description\":\"Estudo do BID consolida Paran\u00e1 como refer\u00eancia nacional na an\u00e1lise de dados tribut\u00e1rios\",\"breadcrumb\":{\"@id\":\"https:\\\/\\\/jornalboasnoticias.com.br\\\/home\\\/estudo-do-bid-consolida-parana-como-referencia-nacional-na-analise-de-dados-tributarios\\\/#breadcrumb\"},\"inLanguage\":\"pt-BR\",\"potentialAction\":[{\"@type\":\"ReadAction\",\"target\":[\"https:\\\/\\\/jornalboasnoticias.com.br\\\/home\\\/estudo-do-bid-consolida-parana-como-referencia-nacional-na-analise-de-dados-tributarios\\\/\"]}]},{\"@type\":\"ImageObject\",\"inLanguage\":\"pt-BR\",\"@id\":\"https:\\\/\\\/jornalboasnoticias.com.br\\\/home\\\/estudo-do-bid-consolida-parana-como-referencia-nacional-na-analise-de-dados-tributarios\\\/#primaryimage\",\"url\":\"https:\\\/\\\/jornalboasnoticias.com.br\\\/home\\\/wp-content\\\/uploads\\\/2024\\\/10\\\/alessandrovieira2-scaled.jpg\",\"contentUrl\":\"https:\\\/\\\/jornalboasnoticias.com.br\\\/home\\\/wp-content\\\/uploads\\\/2024\\\/10\\\/alessandrovieira2-scaled.jpg\",\"width\":2560,\"height\":1707},{\"@type\":\"BreadcrumbList\",\"@id\":\"https:\\\/\\\/jornalboasnoticias.com.br\\\/home\\\/estudo-do-bid-consolida-parana-como-referencia-nacional-na-analise-de-dados-tributarios\\\/#breadcrumb\",\"itemListElement\":[{\"@type\":\"ListItem\",\"position\":1,\"name\":\"In\u00edcio\",\"item\":\"https:\\\/\\\/jornalboasnoticias.com.br\\\/home\\\/\"},{\"@type\":\"ListItem\",\"position\":2,\"name\":\"Estudo do BID consolida Paran\u00e1 como refer\u00eancia nacional na an\u00e1lise de dados tribut\u00e1rios\"}]},{\"@type\":\"WebSite\",\"@id\":\"https:\\\/\\\/jornalboasnoticias.com.br\\\/home\\\/#website\",\"url\":\"https:\\\/\\\/jornalboasnoticias.com.br\\\/home\\\/\",\"name\":\"Jornal Boas Not\u00edcias\",\"description\":\"Boas not\u00edcias\",\"publisher\":{\"@id\":\"https:\\\/\\\/jornalboasnoticias.com.br\\\/home\\\/#organization\"},\"potentialAction\":[{\"@type\":\"SearchAction\",\"target\":{\"@type\":\"EntryPoint\",\"urlTemplate\":\"https:\\\/\\\/jornalboasnoticias.com.br\\\/home\\\/?s={search_term_string}\"},\"query-input\":{\"@type\":\"PropertyValueSpecification\",\"valueRequired\":true,\"valueName\":\"search_term_string\"}}],\"inLanguage\":\"pt-BR\"},{\"@type\":\"Organization\",\"@id\":\"https:\\\/\\\/jornalboasnoticias.com.br\\\/home\\\/#organization\",\"name\":\"Coq Editora Ltda\",\"alternateName\":\"Jornal Boas Noticias\",\"url\":\"https:\\\/\\\/jornalboasnoticias.com.br\\\/home\\\/\",\"logo\":{\"@type\":\"ImageObject\",\"inLanguage\":\"pt-BR\",\"@id\":\"https:\\\/\\\/jornalboasnoticias.com.br\\\/home\\\/#\\\/schema\\\/logo\\\/image\\\/\",\"url\":\"https:\\\/\\\/jornalboasnoticias.com.br\\\/home\\\/wp-content\\\/uploads\\\/2024\\\/07\\\/cropped-logo.jpg\",\"contentUrl\":\"https:\\\/\\\/jornalboasnoticias.com.br\\\/home\\\/wp-content\\\/uploads\\\/2024\\\/07\\\/cropped-logo.jpg\",\"width\":290,\"height\":142,\"caption\":\"Coq Editora Ltda\"},\"image\":{\"@id\":\"https:\\\/\\\/jornalboasnoticias.com.br\\\/home\\\/#\\\/schema\\\/logo\\\/image\\\/\"},\"sameAs\":[\"https:\\\/\\\/www.facebook.com\\\/boasnoticiasjornal\"]},{\"@type\":\"Person\",\"@id\":\"https:\\\/\\\/jornalboasnoticias.com.br\\\/home\\\/#\\\/schema\\\/person\\\/d641193e0afc6405b390164dac847971\",\"name\":\"Ana Luiza Bonatto\",\"image\":{\"@type\":\"ImageObject\",\"inLanguage\":\"pt-BR\",\"@id\":\"https:\\\/\\\/secure.gravatar.com\\\/avatar\\\/8a055ebe6373371f67ac6fcf313c0ac0b0a91157fdcdb9514fa62927373348f0?s=96&d=mm&r=g\",\"url\":\"https:\\\/\\\/secure.gravatar.com\\\/avatar\\\/8a055ebe6373371f67ac6fcf313c0ac0b0a91157fdcdb9514fa62927373348f0?s=96&d=mm&r=g\",\"contentUrl\":\"https:\\\/\\\/secure.gravatar.com\\\/avatar\\\/8a055ebe6373371f67ac6fcf313c0ac0b0a91157fdcdb9514fa62927373348f0?s=96&d=mm&r=g\",\"caption\":\"Ana Luiza Bonatto\"},\"url\":\"https:\\\/\\\/jornalboasnoticias.com.br\\\/home\\\/author\\\/ana-luiza\\\/\"}]}<\/script>\n<!-- \/ Yoast SEO plugin. -->","yoast_head_json":{"title":"Estudo do BID consolida Paran\u00e1 como refer\u00eancia nacional na an\u00e1lise de dados tribut\u00e1rios - Jornal","description":"Estudo do BID consolida Paran\u00e1 como refer\u00eancia nacional na an\u00e1lise de dados tribut\u00e1rios","robots":{"index":"index","follow":"follow","max-snippet":"max-snippet:-1","max-image-preview":"max-image-preview:large","max-video-preview":"max-video-preview:-1"},"canonical":"https:\/\/jornalboasnoticias.com.br\/home\/estudo-do-bid-consolida-parana-como-referencia-nacional-na-analise-de-dados-tributarios\/","og_locale":"pt_BR","og_type":"article","og_title":"Estudo do BID consolida Paran\u00e1 como refer\u00eancia nacional na an\u00e1lise de dados tribut\u00e1rios - Jornal","og_description":"Estudo do BID consolida Paran\u00e1 como refer\u00eancia nacional na an\u00e1lise de dados tribut\u00e1rios","og_url":"https:\/\/jornalboasnoticias.com.br\/home\/estudo-do-bid-consolida-parana-como-referencia-nacional-na-analise-de-dados-tributarios\/","og_site_name":"Jornal","article_publisher":"https:\/\/www.facebook.com\/boasnoticiasjornal","article_published_time":"2024-10-31T12:49:19+00:00","article_modified_time":"2024-10-31T12:49:55+00:00","og_image":[{"width":2560,"height":1707,"url":"https:\/\/jornalboasnoticias.com.br\/home\/wp-content\/uploads\/2024\/10\/alessandrovieira2-scaled.jpg","type":"image\/jpeg"}],"author":"Ana Luiza Bonatto","twitter_card":"summary_large_image","twitter_misc":{"Escrito por":"Ana Luiza Bonatto","Est. tempo de leitura":"4 minutos"},"schema":{"@context":"https:\/\/schema.org","@graph":[{"@type":"Article","@id":"https:\/\/jornalboasnoticias.com.br\/home\/estudo-do-bid-consolida-parana-como-referencia-nacional-na-analise-de-dados-tributarios\/#article","isPartOf":{"@id":"https:\/\/jornalboasnoticias.com.br\/home\/estudo-do-bid-consolida-parana-como-referencia-nacional-na-analise-de-dados-tributarios\/"},"author":{"name":"Ana Luiza Bonatto","@id":"https:\/\/jornalboasnoticias.com.br\/home\/#\/schema\/person\/d641193e0afc6405b390164dac847971"},"headline":"Estudo do BID consolida Paran\u00e1 como refer\u00eancia nacional na an\u00e1lise de dados tribut\u00e1rios","datePublished":"2024-10-31T12:49:19+00:00","dateModified":"2024-10-31T12:49:55+00:00","mainEntityOfPage":{"@id":"https:\/\/jornalboasnoticias.com.br\/home\/estudo-do-bid-consolida-parana-como-referencia-nacional-na-analise-de-dados-tributarios\/"},"wordCount":788,"commentCount":0,"publisher":{"@id":"https:\/\/jornalboasnoticias.com.br\/home\/#organization"},"image":{"@id":"https:\/\/jornalboasnoticias.com.br\/home\/estudo-do-bid-consolida-parana-como-referencia-nacional-na-analise-de-dados-tributarios\/#primaryimage"},"thumbnailUrl":"https:\/\/jornalboasnoticias.com.br\/home\/wp-content\/uploads\/2024\/10\/alessandrovieira2-scaled.jpg","articleSection":["DESTAQUE","PARAN\u00c1"],"inLanguage":"pt-BR","potentialAction":[{"@type":"CommentAction","name":"Comment","target":["https:\/\/jornalboasnoticias.com.br\/home\/estudo-do-bid-consolida-parana-como-referencia-nacional-na-analise-de-dados-tributarios\/#respond"]}]},{"@type":"WebPage","@id":"https:\/\/jornalboasnoticias.com.br\/home\/estudo-do-bid-consolida-parana-como-referencia-nacional-na-analise-de-dados-tributarios\/","url":"https:\/\/jornalboasnoticias.com.br\/home\/estudo-do-bid-consolida-parana-como-referencia-nacional-na-analise-de-dados-tributarios\/","name":"Estudo do BID consolida Paran\u00e1 como refer\u00eancia nacional na an\u00e1lise de dados tribut\u00e1rios - Jornal","isPartOf":{"@id":"https:\/\/jornalboasnoticias.com.br\/home\/#website"},"primaryImageOfPage":{"@id":"https:\/\/jornalboasnoticias.com.br\/home\/estudo-do-bid-consolida-parana-como-referencia-nacional-na-analise-de-dados-tributarios\/#primaryimage"},"image":{"@id":"https:\/\/jornalboasnoticias.com.br\/home\/estudo-do-bid-consolida-parana-como-referencia-nacional-na-analise-de-dados-tributarios\/#primaryimage"},"thumbnailUrl":"https:\/\/jornalboasnoticias.com.br\/home\/wp-content\/uploads\/2024\/10\/alessandrovieira2-scaled.jpg","datePublished":"2024-10-31T12:49:19+00:00","dateModified":"2024-10-31T12:49:55+00:00","description":"Estudo do BID consolida Paran\u00e1 como refer\u00eancia nacional na an\u00e1lise de dados tribut\u00e1rios","breadcrumb":{"@id":"https:\/\/jornalboasnoticias.com.br\/home\/estudo-do-bid-consolida-parana-como-referencia-nacional-na-analise-de-dados-tributarios\/#breadcrumb"},"inLanguage":"pt-BR","potentialAction":[{"@type":"ReadAction","target":["https:\/\/jornalboasnoticias.com.br\/home\/estudo-do-bid-consolida-parana-como-referencia-nacional-na-analise-de-dados-tributarios\/"]}]},{"@type":"ImageObject","inLanguage":"pt-BR","@id":"https:\/\/jornalboasnoticias.com.br\/home\/estudo-do-bid-consolida-parana-como-referencia-nacional-na-analise-de-dados-tributarios\/#primaryimage","url":"https:\/\/jornalboasnoticias.com.br\/home\/wp-content\/uploads\/2024\/10\/alessandrovieira2-scaled.jpg","contentUrl":"https:\/\/jornalboasnoticias.com.br\/home\/wp-content\/uploads\/2024\/10\/alessandrovieira2-scaled.jpg","width":2560,"height":1707},{"@type":"BreadcrumbList","@id":"https:\/\/jornalboasnoticias.com.br\/home\/estudo-do-bid-consolida-parana-como-referencia-nacional-na-analise-de-dados-tributarios\/#breadcrumb","itemListElement":[{"@type":"ListItem","position":1,"name":"In\u00edcio","item":"https:\/\/jornalboasnoticias.com.br\/home\/"},{"@type":"ListItem","position":2,"name":"Estudo do BID consolida Paran\u00e1 como refer\u00eancia nacional na an\u00e1lise de dados tribut\u00e1rios"}]},{"@type":"WebSite","@id":"https:\/\/jornalboasnoticias.com.br\/home\/#website","url":"https:\/\/jornalboasnoticias.com.br\/home\/","name":"Jornal Boas Not\u00edcias","description":"Boas not\u00edcias","publisher":{"@id":"https:\/\/jornalboasnoticias.com.br\/home\/#organization"},"potentialAction":[{"@type":"SearchAction","target":{"@type":"EntryPoint","urlTemplate":"https:\/\/jornalboasnoticias.com.br\/home\/?s={search_term_string}"},"query-input":{"@type":"PropertyValueSpecification","valueRequired":true,"valueName":"search_term_string"}}],"inLanguage":"pt-BR"},{"@type":"Organization","@id":"https:\/\/jornalboasnoticias.com.br\/home\/#organization","name":"Coq Editora Ltda","alternateName":"Jornal Boas Noticias","url":"https:\/\/jornalboasnoticias.com.br\/home\/","logo":{"@type":"ImageObject","inLanguage":"pt-BR","@id":"https:\/\/jornalboasnoticias.com.br\/home\/#\/schema\/logo\/image\/","url":"https:\/\/jornalboasnoticias.com.br\/home\/wp-content\/uploads\/2024\/07\/cropped-logo.jpg","contentUrl":"https:\/\/jornalboasnoticias.com.br\/home\/wp-content\/uploads\/2024\/07\/cropped-logo.jpg","width":290,"height":142,"caption":"Coq Editora Ltda"},"image":{"@id":"https:\/\/jornalboasnoticias.com.br\/home\/#\/schema\/logo\/image\/"},"sameAs":["https:\/\/www.facebook.com\/boasnoticiasjornal"]},{"@type":"Person","@id":"https:\/\/jornalboasnoticias.com.br\/home\/#\/schema\/person\/d641193e0afc6405b390164dac847971","name":"Ana Luiza Bonatto","image":{"@type":"ImageObject","inLanguage":"pt-BR","@id":"https:\/\/secure.gravatar.com\/avatar\/8a055ebe6373371f67ac6fcf313c0ac0b0a91157fdcdb9514fa62927373348f0?s=96&d=mm&r=g","url":"https:\/\/secure.gravatar.com\/avatar\/8a055ebe6373371f67ac6fcf313c0ac0b0a91157fdcdb9514fa62927373348f0?s=96&d=mm&r=g","contentUrl":"https:\/\/secure.gravatar.com\/avatar\/8a055ebe6373371f67ac6fcf313c0ac0b0a91157fdcdb9514fa62927373348f0?s=96&d=mm&r=g","caption":"Ana Luiza Bonatto"},"url":"https:\/\/jornalboasnoticias.com.br\/home\/author\/ana-luiza\/"}]}},"_links":{"self":[{"href":"https:\/\/jornalboasnoticias.com.br\/home\/wp-json\/wp\/v2\/posts\/45015","targetHints":{"allow":["GET"]}}],"collection":[{"href":"https:\/\/jornalboasnoticias.com.br\/home\/wp-json\/wp\/v2\/posts"}],"about":[{"href":"https:\/\/jornalboasnoticias.com.br\/home\/wp-json\/wp\/v2\/types\/post"}],"author":[{"embeddable":true,"href":"https:\/\/jornalboasnoticias.com.br\/home\/wp-json\/wp\/v2\/users\/4"}],"replies":[{"embeddable":true,"href":"https:\/\/jornalboasnoticias.com.br\/home\/wp-json\/wp\/v2\/comments?post=45015"}],"version-history":[{"count":3,"href":"https:\/\/jornalboasnoticias.com.br\/home\/wp-json\/wp\/v2\/posts\/45015\/revisions"}],"predecessor-version":[{"id":45019,"href":"https:\/\/jornalboasnoticias.com.br\/home\/wp-json\/wp\/v2\/posts\/45015\/revisions\/45019"}],"wp:featuredmedia":[{"embeddable":true,"href":"https:\/\/jornalboasnoticias.com.br\/home\/wp-json\/wp\/v2\/media\/45016"}],"wp:attachment":[{"href":"https:\/\/jornalboasnoticias.com.br\/home\/wp-json\/wp\/v2\/media?parent=45015"}],"wp:term":[{"taxonomy":"category","embeddable":true,"href":"https:\/\/jornalboasnoticias.com.br\/home\/wp-json\/wp\/v2\/categories?post=45015"},{"taxonomy":"post_tag","embeddable":true,"href":"https:\/\/jornalboasnoticias.com.br\/home\/wp-json\/wp\/v2\/tags?post=45015"}],"curies":[{"name":"wp","href":"https:\/\/api.w.org\/{rel}","templated":true}]}}