{"id":45009,"date":"2024-10-31T12:10:04","date_gmt":"2024-10-31T12:10:04","guid":{"rendered":"https:\/\/jornalboasnoticias.com.br\/home\/?p=45009"},"modified":"2024-10-31T12:10:04","modified_gmt":"2024-10-31T12:10:04","slug":"educacao-ambiental-escola-de-uniao-da-vitoria-recebe-jardim-de-agua-e-mel-da-sanepar","status":"publish","type":"post","link":"https:\/\/jornalboasnoticias.com.br\/home\/educacao-ambiental-escola-de-uniao-da-vitoria-recebe-jardim-de-agua-e-mel-da-sanepar\/","title":{"rendered":"Educa\u00e7\u00e3o ambiental: escola de Uni\u00e3o da Vit\u00f3ria recebe Jardim de \u00c1gua e Mel da Sanepar"},"content":{"rendered":"<div class=\"not-escopo-destaque\">\n<div>\n<figure id=\"attachment_45010\" aria-describedby=\"caption-attachment-45010\" style=\"width: 1280px\" class=\"wp-caption alignnone\"><img loading=\"lazy\" decoding=\"async\" class=\"size-full wp-image-45010\" src=\"https:\/\/jornalboasnoticias.com.br\/home\/wp-content\/uploads\/2024\/10\/241030_sanepar_-_uniao_da_vitoria_-_jardim_de_agua_e_mel_3.jpg\" alt=\"\" width=\"1280\" height=\"854\" srcset=\"https:\/\/jornalboasnoticias.com.br\/home\/wp-content\/uploads\/2024\/10\/241030_sanepar_-_uniao_da_vitoria_-_jardim_de_agua_e_mel_3.jpg 1280w, https:\/\/jornalboasnoticias.com.br\/home\/wp-content\/uploads\/2024\/10\/241030_sanepar_-_uniao_da_vitoria_-_jardim_de_agua_e_mel_3-300x200.jpg 300w, https:\/\/jornalboasnoticias.com.br\/home\/wp-content\/uploads\/2024\/10\/241030_sanepar_-_uniao_da_vitoria_-_jardim_de_agua_e_mel_3-1024x683.jpg 1024w, https:\/\/jornalboasnoticias.com.br\/home\/wp-content\/uploads\/2024\/10\/241030_sanepar_-_uniao_da_vitoria_-_jardim_de_agua_e_mel_3-768x512.jpg 768w, https:\/\/jornalboasnoticias.com.br\/home\/wp-content\/uploads\/2024\/10\/241030_sanepar_-_uniao_da_vitoria_-_jardim_de_agua_e_mel_3-900x600.jpg 900w\" sizes=\"auto, (max-width: 1280px) 100vw, 1280px\" \/><figcaption id=\"caption-attachment-45010\" class=\"wp-caption-text\">Foto: Sanepar<\/figcaption><\/figure>\n<\/div>\n<\/div>\n<blockquote>\n<div class=\"not-escopo-destaque\">\n<div class=\"field field--name-field-escopo-destaque field--type-string-long field--label-hidden field--item\">O espa\u00e7o, na Escola Municipal Professora Miguelina Hessa Treuke, desenvolvido pela Sanepar como parte do Projeto de Trabalho Social que acompanha empreendimentos de \u00e1gua e esgoto, foi concebido para a realiza\u00e7\u00e3o de atividades educativas voltadas \u00e0 preserva\u00e7\u00e3o ambiental.<\/div>\n<\/div>\n<\/blockquote>\n<div>\n<p>A Companhia de Saneamento do Paran\u00e1, com o apoio da Secretaria Municipal de Educa\u00e7\u00e3o de Uni\u00e3o da Vit\u00f3ria, inaugurou, nesta semana, um Jardim de \u00c1gua e Mel na Escola Municipal Professora Miguelina Hessa Treuke, no bairro S\u00e3o Sebasti\u00e3o, que atende 280 estudantes.<\/p>\n<p>O espa\u00e7o, desenvolvido pela Sanepar como parte do Projeto de Trabalho Social que acompanha empreendimentos de \u00e1gua e esgoto da Companhia, foi concebido para a realiza\u00e7\u00e3o de atividades educativas voltadas \u00e0 preserva\u00e7\u00e3o ambiental.<\/p>\n<p>A estrutura instalada \u00e9 composta por tr\u00eas colmeias de abelhas sem ferr\u00e3o, de esp\u00e9cies nativas, como\u00a0Jata\u00ed, Mirim e Manda\u00e7aia,\u00a0al\u00e9m de deck, bancos e uma diversidade de flores e outras plantas. Os professores poder\u00e3o utilizar o espa\u00e7o como ferramenta de apoio ao conte\u00fado\u00a0educacional ligado aos temas de sustentabilidade, de biodiversidade, da flora,\u00a0do\u00a0meio ambiente e dos cuidados com a \u00e1gua.<\/p>\n<p>\u201cA Sanepar tem investido na constru\u00e7\u00e3o de Jardins de \u00c1gua e Mel com o objetivo de sensibilizar a comunidade escolar para a import\u00e2ncia das abelhas sem ferr\u00e3o, as abelhas nativas, considerando seu papel na manuten\u00e7\u00e3o da biodiversidade. Esses espa\u00e7os s\u00e3o constru\u00eddos em escolas e institui\u00e7\u00f5es sociais, e s\u00e3o doados para a comunidade para que se tornem ferramentas educativas para a educa\u00e7\u00e3o socioambiental\u201d, explica a gestora de Educa\u00e7\u00e3o Socioambiental da Sanepar, Luciana Garcia.<\/p>\n<p>Al\u00e9m da produ\u00e7\u00e3o de alimento, as abelhas s\u00e3o seres fundamentais para a manuten\u00e7\u00e3o da biodiversidade e da qualidade do meio ambiente.\u00a0Por meio da poliniza\u00e7\u00e3o, elas contribuem para a composi\u00e7\u00e3o da flora e assim para a preserva\u00e7\u00e3o dos recursos h\u00eddricos.<\/p>\n<p>A diretora da Escola, Juliana Martins Testa, conta que\u00a0a comunidade escolar recebeu a proposta de forma entusiasmada, com muitas expectativas em rela\u00e7\u00e3o \u00e0s abelhas,\u00a0ao jardim e a horta. \u201cO espa\u00e7o do Jardim de \u00c1gua e Mel, com as abelhas, assim como a horta, nos proporcionar\u00e3o a oportunidade de colocar em pr\u00e1tica o ensino e aprendizagem proporcionados em sala de aula\u201d, diz.<\/p>\n<p><strong>MANUTEN\u00c7\u00c3O &#8211;<\/strong>\u00a0Para que o jardim funcione de forma adequada, a equipe escolar recebeu orienta\u00e7\u00f5es\u00a0sobre a manuten\u00e7\u00e3o\u00a0do\u00a0espa\u00e7o e o manejo das colmeias. As pr\u00f3prias crian\u00e7as contribu\u00edram com o plantio das mudas de flores para compor o jardim. Al\u00e9m do Jardim de \u00c1gua e Mel, a escola tamb\u00e9m foi beneficiada pela implanta\u00e7\u00e3o de uma horta comunit\u00e1ria m\u00eas passado.<\/p>\n<p>Para Juliana, \u201ca socializa\u00e7\u00e3o entre as crian\u00e7as na pr\u00e1tica com o cuidado em rela\u00e7\u00e3o \u00e0s abelhas, a compreens\u00e3o do papel imprescind\u00edvel que elas t\u00eam para a manuten\u00e7\u00e3o da biodiversidade, o manejo, o sentimento de pertencer a algum lugar e cuidar deste espa\u00e7o, a inclus\u00e3o social, bem como a inclus\u00e3o disciplinar, \u201cs\u00e3o oportunidades de aprendizado significativo, baseado em experi\u00eancias, que o Jardim de Mel vai proporcionar aos estudantes\u201d, considera.<\/p>\n<p>A inaugura\u00e7\u00e3o do Jardim de \u00c1gua e Mel contou com a presen\u00e7a da secret\u00e1ria municipal de Educa\u00e7\u00e3o de Uni\u00e3o da Vit\u00f3ria, Elizabeth Melnik de Castilho, da supervisora pedag\u00f3gica Marlene Silveira Kreuzberg, do gerente em exerc\u00edcio da Sanepar, Alessandro Mernick, Bol\u00edvar Menoncin Junior e Emerson Lu\u00eds Affonso, tamb\u00e9m da Sanepar.<\/p>\n<p>(aen)<\/p>\n<\/div>\n","protected":false},"excerpt":{"rendered":"<p>O espa\u00e7o, na Escola Municipal Professora Miguelina Hessa Treuke, desenvolvido pela Sanepar como parte do<\/p>\n","protected":false},"author":4,"featured_media":45010,"comment_status":"open","ping_status":"open","sticky":false,"template":"","format":"standard","meta":{"footnotes":""},"categories":[3,4],"tags":[],"class_list":["post-45009","post","type-post","status-publish","format-standard","has-post-thumbnail","hentry","category-destaques","category-parana"],"yoast_head":"<!-- This site is optimized with the Yoast SEO plugin v27.5 - https:\/\/yoast.com\/product\/yoast-seo-wordpress\/ -->\n<title>Educa\u00e7\u00e3o ambiental: escola de Uni\u00e3o da Vit\u00f3ria recebe Jardim de \u00c1gua e Mel da Sanepar - Jornal<\/title>\n<meta name=\"description\" content=\"Educa\u00e7\u00e3o ambiental: escola de Uni\u00e3o da Vit\u00f3ria recebe Jardim de \u00c1gua e Mel da Sanepar\" \/>\n<meta name=\"robots\" content=\"index, follow, max-snippet:-1, max-image-preview:large, max-video-preview:-1\" \/>\n<link rel=\"canonical\" href=\"https:\/\/jornalboasnoticias.com.br\/home\/educacao-ambiental-escola-de-uniao-da-vitoria-recebe-jardim-de-agua-e-mel-da-sanepar\/\" \/>\n<meta property=\"og:locale\" content=\"pt_BR\" \/>\n<meta property=\"og:type\" content=\"article\" \/>\n<meta property=\"og:title\" content=\"Educa\u00e7\u00e3o ambiental: escola de Uni\u00e3o da Vit\u00f3ria recebe Jardim de \u00c1gua e Mel da Sanepar - Jornal\" \/>\n<meta property=\"og:description\" content=\"Educa\u00e7\u00e3o ambiental: escola de Uni\u00e3o da Vit\u00f3ria recebe Jardim de \u00c1gua e Mel da Sanepar\" \/>\n<meta property=\"og:url\" content=\"https:\/\/jornalboasnoticias.com.br\/home\/educacao-ambiental-escola-de-uniao-da-vitoria-recebe-jardim-de-agua-e-mel-da-sanepar\/\" \/>\n<meta property=\"og:site_name\" content=\"Jornal\" \/>\n<meta property=\"article:publisher\" content=\"https:\/\/www.facebook.com\/boasnoticiasjornal\" \/>\n<meta property=\"article:published_time\" content=\"2024-10-31T12:10:04+00:00\" \/>\n<meta property=\"og:image\" content=\"https:\/\/jornalboasnoticias.com.br\/home\/wp-content\/uploads\/2024\/10\/241030_sanepar_-_uniao_da_vitoria_-_jardim_de_agua_e_mel_3.jpg\" \/>\n\t<meta property=\"og:image:width\" content=\"1280\" \/>\n\t<meta property=\"og:image:height\" content=\"854\" \/>\n\t<meta property=\"og:image:type\" content=\"image\/jpeg\" \/>\n<meta name=\"author\" content=\"Ana Luiza Bonatto\" \/>\n<meta name=\"twitter:card\" content=\"summary_large_image\" \/>\n<meta name=\"twitter:label1\" content=\"Escrito por\" \/>\n\t<meta name=\"twitter:data1\" content=\"Ana Luiza Bonatto\" \/>\n\t<meta name=\"twitter:label2\" content=\"Est. tempo de leitura\" \/>\n\t<meta name=\"twitter:data2\" content=\"3 minutos\" \/>\n<script type=\"application\/ld+json\" class=\"yoast-schema-graph\">{\"@context\":\"https:\\\/\\\/schema.org\",\"@graph\":[{\"@type\":\"Article\",\"@id\":\"https:\\\/\\\/jornalboasnoticias.com.br\\\/home\\\/educacao-ambiental-escola-de-uniao-da-vitoria-recebe-jardim-de-agua-e-mel-da-sanepar\\\/#article\",\"isPartOf\":{\"@id\":\"https:\\\/\\\/jornalboasnoticias.com.br\\\/home\\\/educacao-ambiental-escola-de-uniao-da-vitoria-recebe-jardim-de-agua-e-mel-da-sanepar\\\/\"},\"author\":{\"name\":\"Ana Luiza Bonatto\",\"@id\":\"https:\\\/\\\/jornalboasnoticias.com.br\\\/home\\\/#\\\/schema\\\/person\\\/d641193e0afc6405b390164dac847971\"},\"headline\":\"Educa\u00e7\u00e3o ambiental: escola de Uni\u00e3o da Vit\u00f3ria recebe Jardim de \u00c1gua e Mel da Sanepar\",\"datePublished\":\"2024-10-31T12:10:04+00:00\",\"mainEntityOfPage\":{\"@id\":\"https:\\\/\\\/jornalboasnoticias.com.br\\\/home\\\/educacao-ambiental-escola-de-uniao-da-vitoria-recebe-jardim-de-agua-e-mel-da-sanepar\\\/\"},\"wordCount\":630,\"commentCount\":0,\"publisher\":{\"@id\":\"https:\\\/\\\/jornalboasnoticias.com.br\\\/home\\\/#organization\"},\"image\":{\"@id\":\"https:\\\/\\\/jornalboasnoticias.com.br\\\/home\\\/educacao-ambiental-escola-de-uniao-da-vitoria-recebe-jardim-de-agua-e-mel-da-sanepar\\\/#primaryimage\"},\"thumbnailUrl\":\"https:\\\/\\\/jornalboasnoticias.com.br\\\/home\\\/wp-content\\\/uploads\\\/2024\\\/10\\\/241030_sanepar_-_uniao_da_vitoria_-_jardim_de_agua_e_mel_3.jpg\",\"articleSection\":[\"DESTAQUE\",\"PARAN\u00c1\"],\"inLanguage\":\"pt-BR\",\"potentialAction\":[{\"@type\":\"CommentAction\",\"name\":\"Comment\",\"target\":[\"https:\\\/\\\/jornalboasnoticias.com.br\\\/home\\\/educacao-ambiental-escola-de-uniao-da-vitoria-recebe-jardim-de-agua-e-mel-da-sanepar\\\/#respond\"]}]},{\"@type\":\"WebPage\",\"@id\":\"https:\\\/\\\/jornalboasnoticias.com.br\\\/home\\\/educacao-ambiental-escola-de-uniao-da-vitoria-recebe-jardim-de-agua-e-mel-da-sanepar\\\/\",\"url\":\"https:\\\/\\\/jornalboasnoticias.com.br\\\/home\\\/educacao-ambiental-escola-de-uniao-da-vitoria-recebe-jardim-de-agua-e-mel-da-sanepar\\\/\",\"name\":\"Educa\u00e7\u00e3o ambiental: escola de Uni\u00e3o da Vit\u00f3ria recebe Jardim de \u00c1gua e Mel da Sanepar - Jornal\",\"isPartOf\":{\"@id\":\"https:\\\/\\\/jornalboasnoticias.com.br\\\/home\\\/#website\"},\"primaryImageOfPage\":{\"@id\":\"https:\\\/\\\/jornalboasnoticias.com.br\\\/home\\\/educacao-ambiental-escola-de-uniao-da-vitoria-recebe-jardim-de-agua-e-mel-da-sanepar\\\/#primaryimage\"},\"image\":{\"@id\":\"https:\\\/\\\/jornalboasnoticias.com.br\\\/home\\\/educacao-ambiental-escola-de-uniao-da-vitoria-recebe-jardim-de-agua-e-mel-da-sanepar\\\/#primaryimage\"},\"thumbnailUrl\":\"https:\\\/\\\/jornalboasnoticias.com.br\\\/home\\\/wp-content\\\/uploads\\\/2024\\\/10\\\/241030_sanepar_-_uniao_da_vitoria_-_jardim_de_agua_e_mel_3.jpg\",\"datePublished\":\"2024-10-31T12:10:04+00:00\",\"description\":\"Educa\u00e7\u00e3o ambiental: escola de Uni\u00e3o da Vit\u00f3ria recebe Jardim de \u00c1gua e Mel da Sanepar\",\"breadcrumb\":{\"@id\":\"https:\\\/\\\/jornalboasnoticias.com.br\\\/home\\\/educacao-ambiental-escola-de-uniao-da-vitoria-recebe-jardim-de-agua-e-mel-da-sanepar\\\/#breadcrumb\"},\"inLanguage\":\"pt-BR\",\"potentialAction\":[{\"@type\":\"ReadAction\",\"target\":[\"https:\\\/\\\/jornalboasnoticias.com.br\\\/home\\\/educacao-ambiental-escola-de-uniao-da-vitoria-recebe-jardim-de-agua-e-mel-da-sanepar\\\/\"]}]},{\"@type\":\"ImageObject\",\"inLanguage\":\"pt-BR\",\"@id\":\"https:\\\/\\\/jornalboasnoticias.com.br\\\/home\\\/educacao-ambiental-escola-de-uniao-da-vitoria-recebe-jardim-de-agua-e-mel-da-sanepar\\\/#primaryimage\",\"url\":\"https:\\\/\\\/jornalboasnoticias.com.br\\\/home\\\/wp-content\\\/uploads\\\/2024\\\/10\\\/241030_sanepar_-_uniao_da_vitoria_-_jardim_de_agua_e_mel_3.jpg\",\"contentUrl\":\"https:\\\/\\\/jornalboasnoticias.com.br\\\/home\\\/wp-content\\\/uploads\\\/2024\\\/10\\\/241030_sanepar_-_uniao_da_vitoria_-_jardim_de_agua_e_mel_3.jpg\",\"width\":1280,\"height\":854,\"caption\":\"Foto: Sanepar\"},{\"@type\":\"BreadcrumbList\",\"@id\":\"https:\\\/\\\/jornalboasnoticias.com.br\\\/home\\\/educacao-ambiental-escola-de-uniao-da-vitoria-recebe-jardim-de-agua-e-mel-da-sanepar\\\/#breadcrumb\",\"itemListElement\":[{\"@type\":\"ListItem\",\"position\":1,\"name\":\"In\u00edcio\",\"item\":\"https:\\\/\\\/jornalboasnoticias.com.br\\\/home\\\/\"},{\"@type\":\"ListItem\",\"position\":2,\"name\":\"Educa\u00e7\u00e3o ambiental: escola de Uni\u00e3o da Vit\u00f3ria recebe Jardim de \u00c1gua e Mel da Sanepar\"}]},{\"@type\":\"WebSite\",\"@id\":\"https:\\\/\\\/jornalboasnoticias.com.br\\\/home\\\/#website\",\"url\":\"https:\\\/\\\/jornalboasnoticias.com.br\\\/home\\\/\",\"name\":\"Jornal Boas Not\u00edcias\",\"description\":\"Boas not\u00edcias\",\"publisher\":{\"@id\":\"https:\\\/\\\/jornalboasnoticias.com.br\\\/home\\\/#organization\"},\"potentialAction\":[{\"@type\":\"SearchAction\",\"target\":{\"@type\":\"EntryPoint\",\"urlTemplate\":\"https:\\\/\\\/jornalboasnoticias.com.br\\\/home\\\/?s={search_term_string}\"},\"query-input\":{\"@type\":\"PropertyValueSpecification\",\"valueRequired\":true,\"valueName\":\"search_term_string\"}}],\"inLanguage\":\"pt-BR\"},{\"@type\":\"Organization\",\"@id\":\"https:\\\/\\\/jornalboasnoticias.com.br\\\/home\\\/#organization\",\"name\":\"Coq Editora Ltda\",\"alternateName\":\"Jornal Boas Noticias\",\"url\":\"https:\\\/\\\/jornalboasnoticias.com.br\\\/home\\\/\",\"logo\":{\"@type\":\"ImageObject\",\"inLanguage\":\"pt-BR\",\"@id\":\"https:\\\/\\\/jornalboasnoticias.com.br\\\/home\\\/#\\\/schema\\\/logo\\\/image\\\/\",\"url\":\"https:\\\/\\\/jornalboasnoticias.com.br\\\/home\\\/wp-content\\\/uploads\\\/2024\\\/07\\\/cropped-logo.jpg\",\"contentUrl\":\"https:\\\/\\\/jornalboasnoticias.com.br\\\/home\\\/wp-content\\\/uploads\\\/2024\\\/07\\\/cropped-logo.jpg\",\"width\":290,\"height\":142,\"caption\":\"Coq Editora Ltda\"},\"image\":{\"@id\":\"https:\\\/\\\/jornalboasnoticias.com.br\\\/home\\\/#\\\/schema\\\/logo\\\/image\\\/\"},\"sameAs\":[\"https:\\\/\\\/www.facebook.com\\\/boasnoticiasjornal\"]},{\"@type\":\"Person\",\"@id\":\"https:\\\/\\\/jornalboasnoticias.com.br\\\/home\\\/#\\\/schema\\\/person\\\/d641193e0afc6405b390164dac847971\",\"name\":\"Ana Luiza Bonatto\",\"image\":{\"@type\":\"ImageObject\",\"inLanguage\":\"pt-BR\",\"@id\":\"https:\\\/\\\/secure.gravatar.com\\\/avatar\\\/8a055ebe6373371f67ac6fcf313c0ac0b0a91157fdcdb9514fa62927373348f0?s=96&d=mm&r=g\",\"url\":\"https:\\\/\\\/secure.gravatar.com\\\/avatar\\\/8a055ebe6373371f67ac6fcf313c0ac0b0a91157fdcdb9514fa62927373348f0?s=96&d=mm&r=g\",\"contentUrl\":\"https:\\\/\\\/secure.gravatar.com\\\/avatar\\\/8a055ebe6373371f67ac6fcf313c0ac0b0a91157fdcdb9514fa62927373348f0?s=96&d=mm&r=g\",\"caption\":\"Ana Luiza Bonatto\"},\"url\":\"https:\\\/\\\/jornalboasnoticias.com.br\\\/home\\\/author\\\/ana-luiza\\\/\"}]}<\/script>\n<!-- \/ Yoast SEO plugin. -->","yoast_head_json":{"title":"Educa\u00e7\u00e3o ambiental: escola de Uni\u00e3o da Vit\u00f3ria recebe Jardim de \u00c1gua e Mel da Sanepar - Jornal","description":"Educa\u00e7\u00e3o ambiental: escola de Uni\u00e3o da Vit\u00f3ria recebe Jardim de \u00c1gua e Mel da Sanepar","robots":{"index":"index","follow":"follow","max-snippet":"max-snippet:-1","max-image-preview":"max-image-preview:large","max-video-preview":"max-video-preview:-1"},"canonical":"https:\/\/jornalboasnoticias.com.br\/home\/educacao-ambiental-escola-de-uniao-da-vitoria-recebe-jardim-de-agua-e-mel-da-sanepar\/","og_locale":"pt_BR","og_type":"article","og_title":"Educa\u00e7\u00e3o ambiental: escola de Uni\u00e3o da Vit\u00f3ria recebe Jardim de \u00c1gua e Mel da Sanepar - Jornal","og_description":"Educa\u00e7\u00e3o ambiental: escola de Uni\u00e3o da Vit\u00f3ria recebe Jardim de \u00c1gua e Mel da Sanepar","og_url":"https:\/\/jornalboasnoticias.com.br\/home\/educacao-ambiental-escola-de-uniao-da-vitoria-recebe-jardim-de-agua-e-mel-da-sanepar\/","og_site_name":"Jornal","article_publisher":"https:\/\/www.facebook.com\/boasnoticiasjornal","article_published_time":"2024-10-31T12:10:04+00:00","og_image":[{"width":1280,"height":854,"url":"https:\/\/jornalboasnoticias.com.br\/home\/wp-content\/uploads\/2024\/10\/241030_sanepar_-_uniao_da_vitoria_-_jardim_de_agua_e_mel_3.jpg","type":"image\/jpeg"}],"author":"Ana Luiza Bonatto","twitter_card":"summary_large_image","twitter_misc":{"Escrito por":"Ana Luiza Bonatto","Est. tempo de leitura":"3 minutos"},"schema":{"@context":"https:\/\/schema.org","@graph":[{"@type":"Article","@id":"https:\/\/jornalboasnoticias.com.br\/home\/educacao-ambiental-escola-de-uniao-da-vitoria-recebe-jardim-de-agua-e-mel-da-sanepar\/#article","isPartOf":{"@id":"https:\/\/jornalboasnoticias.com.br\/home\/educacao-ambiental-escola-de-uniao-da-vitoria-recebe-jardim-de-agua-e-mel-da-sanepar\/"},"author":{"name":"Ana Luiza Bonatto","@id":"https:\/\/jornalboasnoticias.com.br\/home\/#\/schema\/person\/d641193e0afc6405b390164dac847971"},"headline":"Educa\u00e7\u00e3o ambiental: escola de Uni\u00e3o da Vit\u00f3ria recebe Jardim de \u00c1gua e Mel da Sanepar","datePublished":"2024-10-31T12:10:04+00:00","mainEntityOfPage":{"@id":"https:\/\/jornalboasnoticias.com.br\/home\/educacao-ambiental-escola-de-uniao-da-vitoria-recebe-jardim-de-agua-e-mel-da-sanepar\/"},"wordCount":630,"commentCount":0,"publisher":{"@id":"https:\/\/jornalboasnoticias.com.br\/home\/#organization"},"image":{"@id":"https:\/\/jornalboasnoticias.com.br\/home\/educacao-ambiental-escola-de-uniao-da-vitoria-recebe-jardim-de-agua-e-mel-da-sanepar\/#primaryimage"},"thumbnailUrl":"https:\/\/jornalboasnoticias.com.br\/home\/wp-content\/uploads\/2024\/10\/241030_sanepar_-_uniao_da_vitoria_-_jardim_de_agua_e_mel_3.jpg","articleSection":["DESTAQUE","PARAN\u00c1"],"inLanguage":"pt-BR","potentialAction":[{"@type":"CommentAction","name":"Comment","target":["https:\/\/jornalboasnoticias.com.br\/home\/educacao-ambiental-escola-de-uniao-da-vitoria-recebe-jardim-de-agua-e-mel-da-sanepar\/#respond"]}]},{"@type":"WebPage","@id":"https:\/\/jornalboasnoticias.com.br\/home\/educacao-ambiental-escola-de-uniao-da-vitoria-recebe-jardim-de-agua-e-mel-da-sanepar\/","url":"https:\/\/jornalboasnoticias.com.br\/home\/educacao-ambiental-escola-de-uniao-da-vitoria-recebe-jardim-de-agua-e-mel-da-sanepar\/","name":"Educa\u00e7\u00e3o ambiental: escola de Uni\u00e3o da Vit\u00f3ria recebe Jardim de \u00c1gua e Mel da Sanepar - Jornal","isPartOf":{"@id":"https:\/\/jornalboasnoticias.com.br\/home\/#website"},"primaryImageOfPage":{"@id":"https:\/\/jornalboasnoticias.com.br\/home\/educacao-ambiental-escola-de-uniao-da-vitoria-recebe-jardim-de-agua-e-mel-da-sanepar\/#primaryimage"},"image":{"@id":"https:\/\/jornalboasnoticias.com.br\/home\/educacao-ambiental-escola-de-uniao-da-vitoria-recebe-jardim-de-agua-e-mel-da-sanepar\/#primaryimage"},"thumbnailUrl":"https:\/\/jornalboasnoticias.com.br\/home\/wp-content\/uploads\/2024\/10\/241030_sanepar_-_uniao_da_vitoria_-_jardim_de_agua_e_mel_3.jpg","datePublished":"2024-10-31T12:10:04+00:00","description":"Educa\u00e7\u00e3o ambiental: escola de Uni\u00e3o da Vit\u00f3ria recebe Jardim de \u00c1gua e Mel da Sanepar","breadcrumb":{"@id":"https:\/\/jornalboasnoticias.com.br\/home\/educacao-ambiental-escola-de-uniao-da-vitoria-recebe-jardim-de-agua-e-mel-da-sanepar\/#breadcrumb"},"inLanguage":"pt-BR","potentialAction":[{"@type":"ReadAction","target":["https:\/\/jornalboasnoticias.com.br\/home\/educacao-ambiental-escola-de-uniao-da-vitoria-recebe-jardim-de-agua-e-mel-da-sanepar\/"]}]},{"@type":"ImageObject","inLanguage":"pt-BR","@id":"https:\/\/jornalboasnoticias.com.br\/home\/educacao-ambiental-escola-de-uniao-da-vitoria-recebe-jardim-de-agua-e-mel-da-sanepar\/#primaryimage","url":"https:\/\/jornalboasnoticias.com.br\/home\/wp-content\/uploads\/2024\/10\/241030_sanepar_-_uniao_da_vitoria_-_jardim_de_agua_e_mel_3.jpg","contentUrl":"https:\/\/jornalboasnoticias.com.br\/home\/wp-content\/uploads\/2024\/10\/241030_sanepar_-_uniao_da_vitoria_-_jardim_de_agua_e_mel_3.jpg","width":1280,"height":854,"caption":"Foto: Sanepar"},{"@type":"BreadcrumbList","@id":"https:\/\/jornalboasnoticias.com.br\/home\/educacao-ambiental-escola-de-uniao-da-vitoria-recebe-jardim-de-agua-e-mel-da-sanepar\/#breadcrumb","itemListElement":[{"@type":"ListItem","position":1,"name":"In\u00edcio","item":"https:\/\/jornalboasnoticias.com.br\/home\/"},{"@type":"ListItem","position":2,"name":"Educa\u00e7\u00e3o ambiental: escola de Uni\u00e3o da Vit\u00f3ria recebe Jardim de \u00c1gua e Mel da Sanepar"}]},{"@type":"WebSite","@id":"https:\/\/jornalboasnoticias.com.br\/home\/#website","url":"https:\/\/jornalboasnoticias.com.br\/home\/","name":"Jornal Boas Not\u00edcias","description":"Boas not\u00edcias","publisher":{"@id":"https:\/\/jornalboasnoticias.com.br\/home\/#organization"},"potentialAction":[{"@type":"SearchAction","target":{"@type":"EntryPoint","urlTemplate":"https:\/\/jornalboasnoticias.com.br\/home\/?s={search_term_string}"},"query-input":{"@type":"PropertyValueSpecification","valueRequired":true,"valueName":"search_term_string"}}],"inLanguage":"pt-BR"},{"@type":"Organization","@id":"https:\/\/jornalboasnoticias.com.br\/home\/#organization","name":"Coq Editora Ltda","alternateName":"Jornal Boas Noticias","url":"https:\/\/jornalboasnoticias.com.br\/home\/","logo":{"@type":"ImageObject","inLanguage":"pt-BR","@id":"https:\/\/jornalboasnoticias.com.br\/home\/#\/schema\/logo\/image\/","url":"https:\/\/jornalboasnoticias.com.br\/home\/wp-content\/uploads\/2024\/07\/cropped-logo.jpg","contentUrl":"https:\/\/jornalboasnoticias.com.br\/home\/wp-content\/uploads\/2024\/07\/cropped-logo.jpg","width":290,"height":142,"caption":"Coq Editora Ltda"},"image":{"@id":"https:\/\/jornalboasnoticias.com.br\/home\/#\/schema\/logo\/image\/"},"sameAs":["https:\/\/www.facebook.com\/boasnoticiasjornal"]},{"@type":"Person","@id":"https:\/\/jornalboasnoticias.com.br\/home\/#\/schema\/person\/d641193e0afc6405b390164dac847971","name":"Ana Luiza Bonatto","image":{"@type":"ImageObject","inLanguage":"pt-BR","@id":"https:\/\/secure.gravatar.com\/avatar\/8a055ebe6373371f67ac6fcf313c0ac0b0a91157fdcdb9514fa62927373348f0?s=96&d=mm&r=g","url":"https:\/\/secure.gravatar.com\/avatar\/8a055ebe6373371f67ac6fcf313c0ac0b0a91157fdcdb9514fa62927373348f0?s=96&d=mm&r=g","contentUrl":"https:\/\/secure.gravatar.com\/avatar\/8a055ebe6373371f67ac6fcf313c0ac0b0a91157fdcdb9514fa62927373348f0?s=96&d=mm&r=g","caption":"Ana Luiza Bonatto"},"url":"https:\/\/jornalboasnoticias.com.br\/home\/author\/ana-luiza\/"}]}},"_links":{"self":[{"href":"https:\/\/jornalboasnoticias.com.br\/home\/wp-json\/wp\/v2\/posts\/45009","targetHints":{"allow":["GET"]}}],"collection":[{"href":"https:\/\/jornalboasnoticias.com.br\/home\/wp-json\/wp\/v2\/posts"}],"about":[{"href":"https:\/\/jornalboasnoticias.com.br\/home\/wp-json\/wp\/v2\/types\/post"}],"author":[{"embeddable":true,"href":"https:\/\/jornalboasnoticias.com.br\/home\/wp-json\/wp\/v2\/users\/4"}],"replies":[{"embeddable":true,"href":"https:\/\/jornalboasnoticias.com.br\/home\/wp-json\/wp\/v2\/comments?post=45009"}],"version-history":[{"count":1,"href":"https:\/\/jornalboasnoticias.com.br\/home\/wp-json\/wp\/v2\/posts\/45009\/revisions"}],"predecessor-version":[{"id":45011,"href":"https:\/\/jornalboasnoticias.com.br\/home\/wp-json\/wp\/v2\/posts\/45009\/revisions\/45011"}],"wp:featuredmedia":[{"embeddable":true,"href":"https:\/\/jornalboasnoticias.com.br\/home\/wp-json\/wp\/v2\/media\/45010"}],"wp:attachment":[{"href":"https:\/\/jornalboasnoticias.com.br\/home\/wp-json\/wp\/v2\/media?parent=45009"}],"wp:term":[{"taxonomy":"category","embeddable":true,"href":"https:\/\/jornalboasnoticias.com.br\/home\/wp-json\/wp\/v2\/categories?post=45009"},{"taxonomy":"post_tag","embeddable":true,"href":"https:\/\/jornalboasnoticias.com.br\/home\/wp-json\/wp\/v2\/tags?post=45009"}],"curies":[{"name":"wp","href":"https:\/\/api.w.org\/{rel}","templated":true}]}}