{"id":45006,"date":"2024-10-31T12:08:51","date_gmt":"2024-10-31T12:08:51","guid":{"rendered":"https:\/\/jornalboasnoticias.com.br\/home\/?p=45006"},"modified":"2024-10-31T12:08:51","modified_gmt":"2024-10-31T12:08:51","slug":"evolucao-da-portos-do-parana-e-destaque-em-evento-nos-estados-unidos","status":"publish","type":"post","link":"https:\/\/jornalboasnoticias.com.br\/home\/evolucao-da-portos-do-parana-e-destaque-em-evento-nos-estados-unidos\/","title":{"rendered":"Evolu\u00e7\u00e3o da Portos do Paran\u00e1 \u00e9 destaque em evento nos Estados Unidos"},"content":{"rendered":"<div class=\"not-escopo-destaque\">\n<div>\n<figure id=\"attachment_45007\" aria-describedby=\"caption-attachment-45007\" style=\"width: 862px\" class=\"wp-caption alignnone\"><img loading=\"lazy\" decoding=\"async\" class=\"size-full wp-image-45007\" src=\"https:\/\/jornalboasnoticias.com.br\/home\/wp-content\/uploads\/2024\/10\/design_sem_nome_1.jpg\" alt=\"\" width=\"862\" height=\"575\" srcset=\"https:\/\/jornalboasnoticias.com.br\/home\/wp-content\/uploads\/2024\/10\/design_sem_nome_1.jpg 862w, https:\/\/jornalboasnoticias.com.br\/home\/wp-content\/uploads\/2024\/10\/design_sem_nome_1-300x200.jpg 300w, https:\/\/jornalboasnoticias.com.br\/home\/wp-content\/uploads\/2024\/10\/design_sem_nome_1-768x512.jpg 768w\" sizes=\"auto, (max-width: 862px) 100vw, 862px\" \/><figcaption id=\"caption-attachment-45007\" class=\"wp-caption-text\">Foto: Divulga\u00e7\u00e3o\/Portos do Paran\u00e1<\/figcaption><\/figure>\n<\/div>\n<\/div>\n<blockquote>\n<div class=\"not-escopo-destaque\">\n<div class=\"field field--name-field-escopo-destaque field--type-string-long field--label-hidden field--item\">A empresa p\u00fablica paranaense apresentou os recordes de movimenta\u00e7\u00e3o, os ganhos de efici\u00eancia e compartilhou os desafios log\u00edsticos com mais de 500 profissionais do setor na AAPA Annual Convention &amp; Expo, em Boston.<\/div>\n<\/div>\n<\/blockquote>\n<div>\n<p>A evolu\u00e7\u00e3o dos Portos de Paranagu\u00e1 e Antonina nos \u00faltimos seis anos foi um dos destaques na AAPA Annual Convention &amp; Expo (Conven\u00e7\u00e3o Anual e Exposi\u00e7\u00e3o da Associa\u00e7\u00e3o Americana de Autoridades Portu\u00e1rias) nesta quarta-feira (30). O encontro reuniu 90 representantes portu\u00e1rios de todo o continente em Boston, nos Estados Unidos.<\/p>\n<p>A empresa p\u00fablica paranaense apresentou os recordes de movimenta\u00e7\u00e3o, os ganhos de efici\u00eancia e compartilhou os desafios log\u00edsticos com mais de 500 profissionais do setor.<\/p>\n<p>\u201cMostramos para todas as autoridades portu\u00e1rias da Am\u00e9rica um pouco do nosso trabalho, e como a Portos do Paran\u00e1 se destacou na gest\u00e3o portu\u00e1ria do Brasil. Estamos compartilhando e trocando as nossas experi\u00eancias em prol do desenvolvimento do nosso pa\u00eds e da infraestrutura mundial\u201d, destacou Luiz Fernando Garcia, diretor-presidente da Portos do Paran\u00e1.<\/p>\n<p>Garcia foi um dos painelistas do Palco Principal do evento com o tema \u201cOs portos s\u00e3o a chave: como melhorar o com\u00e9rcio no Hemisf\u00e9rio Ocidental\u201d.<\/p>\n<p>\u201cFoi muito importante sermos convidados para falar um pouco do cen\u00e1rio brasileiro e da Portos do Paran\u00e1. Mostrar que somos o segundo maior porto do Brasil e ajudamos a escoar boa parte da safra, mas que tamb\u00e9m trabalhamos com diversos tipos de carga que totalizaram 65 milh\u00f5es de toneladas movimentados em 2023\u201d, explicou o diretor-presidente.<\/p>\n<p>A Portos do Paran\u00e1 \u00e9 membro da AAPA, entidade que com mais de um s\u00e9culo de atua\u00e7\u00e3o e que promove os interesses comuns da comunidade portu\u00e1ria no desenvolvimento das opera\u00e7\u00f5es, seguran\u00e7a, com\u00e9rcio, transporte e infraestrutura.<\/p>\n<p>\u201cA Portos do Paran\u00e1 foi a \u00fanica autoridade portu\u00e1ria do setor brasileiro compondo painel durante a conven\u00e7\u00e3o, o que mostra a relev\u00e2ncia da empresa no \u00e2mbito mundial. Foram debatidas quest\u00f5es geopol\u00edticas, de desenvolvimento econ\u00f4mico e as intera\u00e7\u00f5es regionais visando a promo\u00e7\u00e3o de catalisadores mais efetivos para todos os membros\u201d, analisou Felipe Gama, secret\u00e1rio-geral da Presid\u00eancia da Portos do Paran\u00e1.<\/p>\n<p>Tamb\u00e9m representaram a equipe da Portos do Paran\u00e1 o diretor Jur\u00eddico Marcus Freitas e o superintendente de Governan\u00e7a Carlos Eidam de Assis.<\/p>\n<p>(AEN)<\/p>\n<\/div>\n","protected":false},"excerpt":{"rendered":"<p>A empresa p\u00fablica paranaense apresentou os recordes de movimenta\u00e7\u00e3o, os ganhos de efici\u00eancia e compartilhou<\/p>\n","protected":false},"author":4,"featured_media":45007,"comment_status":"open","ping_status":"open","sticky":false,"template":"","format":"standard","meta":{"footnotes":""},"categories":[3,4],"tags":[],"class_list":["post-45006","post","type-post","status-publish","format-standard","has-post-thumbnail","hentry","category-destaques","category-parana"],"yoast_head":"<!-- This site is optimized with the Yoast SEO plugin v27.5 - https:\/\/yoast.com\/product\/yoast-seo-wordpress\/ -->\n<title>Evolu\u00e7\u00e3o da Portos do Paran\u00e1 \u00e9 destaque em evento nos Estados Unidos - Jornal<\/title>\n<meta name=\"description\" content=\"Evolu\u00e7\u00e3o da Portos do Paran\u00e1 \u00e9 destaque em evento nos Estados Unidos\" \/>\n<meta name=\"robots\" content=\"index, follow, max-snippet:-1, max-image-preview:large, max-video-preview:-1\" \/>\n<link rel=\"canonical\" href=\"https:\/\/jornalboasnoticias.com.br\/home\/evolucao-da-portos-do-parana-e-destaque-em-evento-nos-estados-unidos\/\" \/>\n<meta property=\"og:locale\" content=\"pt_BR\" \/>\n<meta property=\"og:type\" content=\"article\" \/>\n<meta property=\"og:title\" content=\"Evolu\u00e7\u00e3o da Portos do Paran\u00e1 \u00e9 destaque em evento nos Estados Unidos - Jornal\" \/>\n<meta property=\"og:description\" content=\"Evolu\u00e7\u00e3o da Portos do Paran\u00e1 \u00e9 destaque em evento nos Estados Unidos\" \/>\n<meta property=\"og:url\" content=\"https:\/\/jornalboasnoticias.com.br\/home\/evolucao-da-portos-do-parana-e-destaque-em-evento-nos-estados-unidos\/\" \/>\n<meta property=\"og:site_name\" content=\"Jornal\" \/>\n<meta property=\"article:publisher\" content=\"https:\/\/www.facebook.com\/boasnoticiasjornal\" \/>\n<meta property=\"article:published_time\" content=\"2024-10-31T12:08:51+00:00\" \/>\n<meta property=\"og:image\" content=\"https:\/\/jornalboasnoticias.com.br\/home\/wp-content\/uploads\/2024\/10\/design_sem_nome_1.jpg\" \/>\n\t<meta property=\"og:image:width\" content=\"862\" \/>\n\t<meta property=\"og:image:height\" content=\"575\" \/>\n\t<meta property=\"og:image:type\" content=\"image\/jpeg\" \/>\n<meta name=\"author\" content=\"Ana Luiza Bonatto\" \/>\n<meta name=\"twitter:card\" content=\"summary_large_image\" \/>\n<meta name=\"twitter:label1\" content=\"Escrito por\" \/>\n\t<meta name=\"twitter:data1\" content=\"Ana Luiza Bonatto\" \/>\n\t<meta name=\"twitter:label2\" content=\"Est. tempo de leitura\" \/>\n\t<meta name=\"twitter:data2\" content=\"3 minutos\" \/>\n<script type=\"application\/ld+json\" class=\"yoast-schema-graph\">{\"@context\":\"https:\\\/\\\/schema.org\",\"@graph\":[{\"@type\":\"Article\",\"@id\":\"https:\\\/\\\/jornalboasnoticias.com.br\\\/home\\\/evolucao-da-portos-do-parana-e-destaque-em-evento-nos-estados-unidos\\\/#article\",\"isPartOf\":{\"@id\":\"https:\\\/\\\/jornalboasnoticias.com.br\\\/home\\\/evolucao-da-portos-do-parana-e-destaque-em-evento-nos-estados-unidos\\\/\"},\"author\":{\"name\":\"Ana Luiza Bonatto\",\"@id\":\"https:\\\/\\\/jornalboasnoticias.com.br\\\/home\\\/#\\\/schema\\\/person\\\/d641193e0afc6405b390164dac847971\"},\"headline\":\"Evolu\u00e7\u00e3o da Portos do Paran\u00e1 \u00e9 destaque em evento nos Estados Unidos\",\"datePublished\":\"2024-10-31T12:08:51+00:00\",\"mainEntityOfPage\":{\"@id\":\"https:\\\/\\\/jornalboasnoticias.com.br\\\/home\\\/evolucao-da-portos-do-parana-e-destaque-em-evento-nos-estados-unidos\\\/\"},\"wordCount\":421,\"commentCount\":0,\"publisher\":{\"@id\":\"https:\\\/\\\/jornalboasnoticias.com.br\\\/home\\\/#organization\"},\"image\":{\"@id\":\"https:\\\/\\\/jornalboasnoticias.com.br\\\/home\\\/evolucao-da-portos-do-parana-e-destaque-em-evento-nos-estados-unidos\\\/#primaryimage\"},\"thumbnailUrl\":\"https:\\\/\\\/jornalboasnoticias.com.br\\\/home\\\/wp-content\\\/uploads\\\/2024\\\/10\\\/design_sem_nome_1.jpg\",\"articleSection\":[\"DESTAQUE\",\"PARAN\u00c1\"],\"inLanguage\":\"pt-BR\",\"potentialAction\":[{\"@type\":\"CommentAction\",\"name\":\"Comment\",\"target\":[\"https:\\\/\\\/jornalboasnoticias.com.br\\\/home\\\/evolucao-da-portos-do-parana-e-destaque-em-evento-nos-estados-unidos\\\/#respond\"]}]},{\"@type\":\"WebPage\",\"@id\":\"https:\\\/\\\/jornalboasnoticias.com.br\\\/home\\\/evolucao-da-portos-do-parana-e-destaque-em-evento-nos-estados-unidos\\\/\",\"url\":\"https:\\\/\\\/jornalboasnoticias.com.br\\\/home\\\/evolucao-da-portos-do-parana-e-destaque-em-evento-nos-estados-unidos\\\/\",\"name\":\"Evolu\u00e7\u00e3o da Portos do Paran\u00e1 \u00e9 destaque em evento nos Estados Unidos - Jornal\",\"isPartOf\":{\"@id\":\"https:\\\/\\\/jornalboasnoticias.com.br\\\/home\\\/#website\"},\"primaryImageOfPage\":{\"@id\":\"https:\\\/\\\/jornalboasnoticias.com.br\\\/home\\\/evolucao-da-portos-do-parana-e-destaque-em-evento-nos-estados-unidos\\\/#primaryimage\"},\"image\":{\"@id\":\"https:\\\/\\\/jornalboasnoticias.com.br\\\/home\\\/evolucao-da-portos-do-parana-e-destaque-em-evento-nos-estados-unidos\\\/#primaryimage\"},\"thumbnailUrl\":\"https:\\\/\\\/jornalboasnoticias.com.br\\\/home\\\/wp-content\\\/uploads\\\/2024\\\/10\\\/design_sem_nome_1.jpg\",\"datePublished\":\"2024-10-31T12:08:51+00:00\",\"description\":\"Evolu\u00e7\u00e3o da Portos do Paran\u00e1 \u00e9 destaque em evento nos Estados Unidos\",\"breadcrumb\":{\"@id\":\"https:\\\/\\\/jornalboasnoticias.com.br\\\/home\\\/evolucao-da-portos-do-parana-e-destaque-em-evento-nos-estados-unidos\\\/#breadcrumb\"},\"inLanguage\":\"pt-BR\",\"potentialAction\":[{\"@type\":\"ReadAction\",\"target\":[\"https:\\\/\\\/jornalboasnoticias.com.br\\\/home\\\/evolucao-da-portos-do-parana-e-destaque-em-evento-nos-estados-unidos\\\/\"]}]},{\"@type\":\"ImageObject\",\"inLanguage\":\"pt-BR\",\"@id\":\"https:\\\/\\\/jornalboasnoticias.com.br\\\/home\\\/evolucao-da-portos-do-parana-e-destaque-em-evento-nos-estados-unidos\\\/#primaryimage\",\"url\":\"https:\\\/\\\/jornalboasnoticias.com.br\\\/home\\\/wp-content\\\/uploads\\\/2024\\\/10\\\/design_sem_nome_1.jpg\",\"contentUrl\":\"https:\\\/\\\/jornalboasnoticias.com.br\\\/home\\\/wp-content\\\/uploads\\\/2024\\\/10\\\/design_sem_nome_1.jpg\",\"width\":862,\"height\":575,\"caption\":\"Foto: Divulga\u00e7\u00e3o\\\/Portos do Paran\u00e1\"},{\"@type\":\"BreadcrumbList\",\"@id\":\"https:\\\/\\\/jornalboasnoticias.com.br\\\/home\\\/evolucao-da-portos-do-parana-e-destaque-em-evento-nos-estados-unidos\\\/#breadcrumb\",\"itemListElement\":[{\"@type\":\"ListItem\",\"position\":1,\"name\":\"In\u00edcio\",\"item\":\"https:\\\/\\\/jornalboasnoticias.com.br\\\/home\\\/\"},{\"@type\":\"ListItem\",\"position\":2,\"name\":\"Evolu\u00e7\u00e3o da Portos do Paran\u00e1 \u00e9 destaque em evento nos Estados Unidos\"}]},{\"@type\":\"WebSite\",\"@id\":\"https:\\\/\\\/jornalboasnoticias.com.br\\\/home\\\/#website\",\"url\":\"https:\\\/\\\/jornalboasnoticias.com.br\\\/home\\\/\",\"name\":\"Jornal Boas Not\u00edcias\",\"description\":\"Boas not\u00edcias\",\"publisher\":{\"@id\":\"https:\\\/\\\/jornalboasnoticias.com.br\\\/home\\\/#organization\"},\"potentialAction\":[{\"@type\":\"SearchAction\",\"target\":{\"@type\":\"EntryPoint\",\"urlTemplate\":\"https:\\\/\\\/jornalboasnoticias.com.br\\\/home\\\/?s={search_term_string}\"},\"query-input\":{\"@type\":\"PropertyValueSpecification\",\"valueRequired\":true,\"valueName\":\"search_term_string\"}}],\"inLanguage\":\"pt-BR\"},{\"@type\":\"Organization\",\"@id\":\"https:\\\/\\\/jornalboasnoticias.com.br\\\/home\\\/#organization\",\"name\":\"Coq Editora Ltda\",\"alternateName\":\"Jornal Boas Noticias\",\"url\":\"https:\\\/\\\/jornalboasnoticias.com.br\\\/home\\\/\",\"logo\":{\"@type\":\"ImageObject\",\"inLanguage\":\"pt-BR\",\"@id\":\"https:\\\/\\\/jornalboasnoticias.com.br\\\/home\\\/#\\\/schema\\\/logo\\\/image\\\/\",\"url\":\"https:\\\/\\\/jornalboasnoticias.com.br\\\/home\\\/wp-content\\\/uploads\\\/2024\\\/07\\\/cropped-logo.jpg\",\"contentUrl\":\"https:\\\/\\\/jornalboasnoticias.com.br\\\/home\\\/wp-content\\\/uploads\\\/2024\\\/07\\\/cropped-logo.jpg\",\"width\":290,\"height\":142,\"caption\":\"Coq Editora Ltda\"},\"image\":{\"@id\":\"https:\\\/\\\/jornalboasnoticias.com.br\\\/home\\\/#\\\/schema\\\/logo\\\/image\\\/\"},\"sameAs\":[\"https:\\\/\\\/www.facebook.com\\\/boasnoticiasjornal\"]},{\"@type\":\"Person\",\"@id\":\"https:\\\/\\\/jornalboasnoticias.com.br\\\/home\\\/#\\\/schema\\\/person\\\/d641193e0afc6405b390164dac847971\",\"name\":\"Ana Luiza Bonatto\",\"image\":{\"@type\":\"ImageObject\",\"inLanguage\":\"pt-BR\",\"@id\":\"https:\\\/\\\/secure.gravatar.com\\\/avatar\\\/8a055ebe6373371f67ac6fcf313c0ac0b0a91157fdcdb9514fa62927373348f0?s=96&d=mm&r=g\",\"url\":\"https:\\\/\\\/secure.gravatar.com\\\/avatar\\\/8a055ebe6373371f67ac6fcf313c0ac0b0a91157fdcdb9514fa62927373348f0?s=96&d=mm&r=g\",\"contentUrl\":\"https:\\\/\\\/secure.gravatar.com\\\/avatar\\\/8a055ebe6373371f67ac6fcf313c0ac0b0a91157fdcdb9514fa62927373348f0?s=96&d=mm&r=g\",\"caption\":\"Ana Luiza Bonatto\"},\"url\":\"https:\\\/\\\/jornalboasnoticias.com.br\\\/home\\\/author\\\/ana-luiza\\\/\"}]}<\/script>\n<!-- \/ Yoast SEO plugin. -->","yoast_head_json":{"title":"Evolu\u00e7\u00e3o da Portos do Paran\u00e1 \u00e9 destaque em evento nos Estados Unidos - Jornal","description":"Evolu\u00e7\u00e3o da Portos do Paran\u00e1 \u00e9 destaque em evento nos Estados Unidos","robots":{"index":"index","follow":"follow","max-snippet":"max-snippet:-1","max-image-preview":"max-image-preview:large","max-video-preview":"max-video-preview:-1"},"canonical":"https:\/\/jornalboasnoticias.com.br\/home\/evolucao-da-portos-do-parana-e-destaque-em-evento-nos-estados-unidos\/","og_locale":"pt_BR","og_type":"article","og_title":"Evolu\u00e7\u00e3o da Portos do Paran\u00e1 \u00e9 destaque em evento nos Estados Unidos - Jornal","og_description":"Evolu\u00e7\u00e3o da Portos do Paran\u00e1 \u00e9 destaque em evento nos Estados Unidos","og_url":"https:\/\/jornalboasnoticias.com.br\/home\/evolucao-da-portos-do-parana-e-destaque-em-evento-nos-estados-unidos\/","og_site_name":"Jornal","article_publisher":"https:\/\/www.facebook.com\/boasnoticiasjornal","article_published_time":"2024-10-31T12:08:51+00:00","og_image":[{"width":862,"height":575,"url":"https:\/\/jornalboasnoticias.com.br\/home\/wp-content\/uploads\/2024\/10\/design_sem_nome_1.jpg","type":"image\/jpeg"}],"author":"Ana Luiza Bonatto","twitter_card":"summary_large_image","twitter_misc":{"Escrito por":"Ana Luiza Bonatto","Est. tempo de leitura":"3 minutos"},"schema":{"@context":"https:\/\/schema.org","@graph":[{"@type":"Article","@id":"https:\/\/jornalboasnoticias.com.br\/home\/evolucao-da-portos-do-parana-e-destaque-em-evento-nos-estados-unidos\/#article","isPartOf":{"@id":"https:\/\/jornalboasnoticias.com.br\/home\/evolucao-da-portos-do-parana-e-destaque-em-evento-nos-estados-unidos\/"},"author":{"name":"Ana Luiza Bonatto","@id":"https:\/\/jornalboasnoticias.com.br\/home\/#\/schema\/person\/d641193e0afc6405b390164dac847971"},"headline":"Evolu\u00e7\u00e3o da Portos do Paran\u00e1 \u00e9 destaque em evento nos Estados Unidos","datePublished":"2024-10-31T12:08:51+00:00","mainEntityOfPage":{"@id":"https:\/\/jornalboasnoticias.com.br\/home\/evolucao-da-portos-do-parana-e-destaque-em-evento-nos-estados-unidos\/"},"wordCount":421,"commentCount":0,"publisher":{"@id":"https:\/\/jornalboasnoticias.com.br\/home\/#organization"},"image":{"@id":"https:\/\/jornalboasnoticias.com.br\/home\/evolucao-da-portos-do-parana-e-destaque-em-evento-nos-estados-unidos\/#primaryimage"},"thumbnailUrl":"https:\/\/jornalboasnoticias.com.br\/home\/wp-content\/uploads\/2024\/10\/design_sem_nome_1.jpg","articleSection":["DESTAQUE","PARAN\u00c1"],"inLanguage":"pt-BR","potentialAction":[{"@type":"CommentAction","name":"Comment","target":["https:\/\/jornalboasnoticias.com.br\/home\/evolucao-da-portos-do-parana-e-destaque-em-evento-nos-estados-unidos\/#respond"]}]},{"@type":"WebPage","@id":"https:\/\/jornalboasnoticias.com.br\/home\/evolucao-da-portos-do-parana-e-destaque-em-evento-nos-estados-unidos\/","url":"https:\/\/jornalboasnoticias.com.br\/home\/evolucao-da-portos-do-parana-e-destaque-em-evento-nos-estados-unidos\/","name":"Evolu\u00e7\u00e3o da Portos do Paran\u00e1 \u00e9 destaque em evento nos Estados Unidos - Jornal","isPartOf":{"@id":"https:\/\/jornalboasnoticias.com.br\/home\/#website"},"primaryImageOfPage":{"@id":"https:\/\/jornalboasnoticias.com.br\/home\/evolucao-da-portos-do-parana-e-destaque-em-evento-nos-estados-unidos\/#primaryimage"},"image":{"@id":"https:\/\/jornalboasnoticias.com.br\/home\/evolucao-da-portos-do-parana-e-destaque-em-evento-nos-estados-unidos\/#primaryimage"},"thumbnailUrl":"https:\/\/jornalboasnoticias.com.br\/home\/wp-content\/uploads\/2024\/10\/design_sem_nome_1.jpg","datePublished":"2024-10-31T12:08:51+00:00","description":"Evolu\u00e7\u00e3o da Portos do Paran\u00e1 \u00e9 destaque em evento nos Estados Unidos","breadcrumb":{"@id":"https:\/\/jornalboasnoticias.com.br\/home\/evolucao-da-portos-do-parana-e-destaque-em-evento-nos-estados-unidos\/#breadcrumb"},"inLanguage":"pt-BR","potentialAction":[{"@type":"ReadAction","target":["https:\/\/jornalboasnoticias.com.br\/home\/evolucao-da-portos-do-parana-e-destaque-em-evento-nos-estados-unidos\/"]}]},{"@type":"ImageObject","inLanguage":"pt-BR","@id":"https:\/\/jornalboasnoticias.com.br\/home\/evolucao-da-portos-do-parana-e-destaque-em-evento-nos-estados-unidos\/#primaryimage","url":"https:\/\/jornalboasnoticias.com.br\/home\/wp-content\/uploads\/2024\/10\/design_sem_nome_1.jpg","contentUrl":"https:\/\/jornalboasnoticias.com.br\/home\/wp-content\/uploads\/2024\/10\/design_sem_nome_1.jpg","width":862,"height":575,"caption":"Foto: Divulga\u00e7\u00e3o\/Portos do Paran\u00e1"},{"@type":"BreadcrumbList","@id":"https:\/\/jornalboasnoticias.com.br\/home\/evolucao-da-portos-do-parana-e-destaque-em-evento-nos-estados-unidos\/#breadcrumb","itemListElement":[{"@type":"ListItem","position":1,"name":"In\u00edcio","item":"https:\/\/jornalboasnoticias.com.br\/home\/"},{"@type":"ListItem","position":2,"name":"Evolu\u00e7\u00e3o da Portos do Paran\u00e1 \u00e9 destaque em evento nos Estados Unidos"}]},{"@type":"WebSite","@id":"https:\/\/jornalboasnoticias.com.br\/home\/#website","url":"https:\/\/jornalboasnoticias.com.br\/home\/","name":"Jornal Boas Not\u00edcias","description":"Boas not\u00edcias","publisher":{"@id":"https:\/\/jornalboasnoticias.com.br\/home\/#organization"},"potentialAction":[{"@type":"SearchAction","target":{"@type":"EntryPoint","urlTemplate":"https:\/\/jornalboasnoticias.com.br\/home\/?s={search_term_string}"},"query-input":{"@type":"PropertyValueSpecification","valueRequired":true,"valueName":"search_term_string"}}],"inLanguage":"pt-BR"},{"@type":"Organization","@id":"https:\/\/jornalboasnoticias.com.br\/home\/#organization","name":"Coq Editora Ltda","alternateName":"Jornal Boas Noticias","url":"https:\/\/jornalboasnoticias.com.br\/home\/","logo":{"@type":"ImageObject","inLanguage":"pt-BR","@id":"https:\/\/jornalboasnoticias.com.br\/home\/#\/schema\/logo\/image\/","url":"https:\/\/jornalboasnoticias.com.br\/home\/wp-content\/uploads\/2024\/07\/cropped-logo.jpg","contentUrl":"https:\/\/jornalboasnoticias.com.br\/home\/wp-content\/uploads\/2024\/07\/cropped-logo.jpg","width":290,"height":142,"caption":"Coq Editora Ltda"},"image":{"@id":"https:\/\/jornalboasnoticias.com.br\/home\/#\/schema\/logo\/image\/"},"sameAs":["https:\/\/www.facebook.com\/boasnoticiasjornal"]},{"@type":"Person","@id":"https:\/\/jornalboasnoticias.com.br\/home\/#\/schema\/person\/d641193e0afc6405b390164dac847971","name":"Ana Luiza Bonatto","image":{"@type":"ImageObject","inLanguage":"pt-BR","@id":"https:\/\/secure.gravatar.com\/avatar\/8a055ebe6373371f67ac6fcf313c0ac0b0a91157fdcdb9514fa62927373348f0?s=96&d=mm&r=g","url":"https:\/\/secure.gravatar.com\/avatar\/8a055ebe6373371f67ac6fcf313c0ac0b0a91157fdcdb9514fa62927373348f0?s=96&d=mm&r=g","contentUrl":"https:\/\/secure.gravatar.com\/avatar\/8a055ebe6373371f67ac6fcf313c0ac0b0a91157fdcdb9514fa62927373348f0?s=96&d=mm&r=g","caption":"Ana Luiza Bonatto"},"url":"https:\/\/jornalboasnoticias.com.br\/home\/author\/ana-luiza\/"}]}},"_links":{"self":[{"href":"https:\/\/jornalboasnoticias.com.br\/home\/wp-json\/wp\/v2\/posts\/45006","targetHints":{"allow":["GET"]}}],"collection":[{"href":"https:\/\/jornalboasnoticias.com.br\/home\/wp-json\/wp\/v2\/posts"}],"about":[{"href":"https:\/\/jornalboasnoticias.com.br\/home\/wp-json\/wp\/v2\/types\/post"}],"author":[{"embeddable":true,"href":"https:\/\/jornalboasnoticias.com.br\/home\/wp-json\/wp\/v2\/users\/4"}],"replies":[{"embeddable":true,"href":"https:\/\/jornalboasnoticias.com.br\/home\/wp-json\/wp\/v2\/comments?post=45006"}],"version-history":[{"count":1,"href":"https:\/\/jornalboasnoticias.com.br\/home\/wp-json\/wp\/v2\/posts\/45006\/revisions"}],"predecessor-version":[{"id":45008,"href":"https:\/\/jornalboasnoticias.com.br\/home\/wp-json\/wp\/v2\/posts\/45006\/revisions\/45008"}],"wp:featuredmedia":[{"embeddable":true,"href":"https:\/\/jornalboasnoticias.com.br\/home\/wp-json\/wp\/v2\/media\/45007"}],"wp:attachment":[{"href":"https:\/\/jornalboasnoticias.com.br\/home\/wp-json\/wp\/v2\/media?parent=45006"}],"wp:term":[{"taxonomy":"category","embeddable":true,"href":"https:\/\/jornalboasnoticias.com.br\/home\/wp-json\/wp\/v2\/categories?post=45006"},{"taxonomy":"post_tag","embeddable":true,"href":"https:\/\/jornalboasnoticias.com.br\/home\/wp-json\/wp\/v2\/tags?post=45006"}],"curies":[{"name":"wp","href":"https:\/\/api.w.org\/{rel}","templated":true}]}}