{"id":44998,"date":"2024-10-31T12:00:23","date_gmt":"2024-10-31T12:00:23","guid":{"rendered":"https:\/\/jornalboasnoticias.com.br\/home\/?p=44998"},"modified":"2024-10-31T12:00:23","modified_gmt":"2024-10-31T12:00:23","slug":"alianca-da-china-com-o-ira-pode-intensificar-perseguicao-aos-cristaos","status":"publish","type":"post","link":"https:\/\/jornalboasnoticias.com.br\/home\/alianca-da-china-com-o-ira-pode-intensificar-perseguicao-aos-cristaos\/","title":{"rendered":"Alian\u00e7a da China com o Ir\u00e3 pode intensificar persegui\u00e7\u00e3o aos crist\u00e3os"},"content":{"rendered":"<figure id=\"attachment_44999\" aria-describedby=\"caption-attachment-44999\" style=\"width: 696px\" class=\"wp-caption alignnone\"><img loading=\"lazy\" decoding=\"async\" class=\"size-full wp-image-44999\" src=\"https:\/\/jornalboasnoticias.com.br\/home\/wp-content\/uploads\/2024\/10\/Bandeiras-da-China-e-do-Ira-Foto-Canva-ProFolhaGospel.webp\" alt=\"\" width=\"696\" height=\"497\" srcset=\"https:\/\/jornalboasnoticias.com.br\/home\/wp-content\/uploads\/2024\/10\/Bandeiras-da-China-e-do-Ira-Foto-Canva-ProFolhaGospel.webp 696w, https:\/\/jornalboasnoticias.com.br\/home\/wp-content\/uploads\/2024\/10\/Bandeiras-da-China-e-do-Ira-Foto-Canva-ProFolhaGospel-300x214.webp 300w\" sizes=\"auto, (max-width: 696px) 100vw, 696px\" \/><figcaption id=\"caption-attachment-44999\" class=\"wp-caption-text\">Foto: FolhaGospel<\/figcaption><\/figure>\n<blockquote>\n<p class=\"td-post-sub-title\">China e Ir\u00e3 s\u00e3o designados como Pa\u00edses de Preocupa\u00e7\u00e3o Particular pelo Departamento de Estado dos EUA<\/p>\n<\/blockquote>\n<p>A recente promessa da China de apoio inabal\u00e1vel ao Ir\u00e3 pode intensificar a persegui\u00e7\u00e3o de crist\u00e3os em ambos os pa\u00edses, alerta o grupo sediado nos EUA, International Christian Concern (ICC). A preocupa\u00e7\u00e3o surge ap\u00f3s o presidente chin\u00eas Xi Jinping afirmar fortes la\u00e7os com o Ir\u00e3 durante a c\u00fapula anual do BRICS.<\/p>\n<p>De acordo com o meio de comunica\u00e7\u00e3o chin\u00eas Xinhua, o presidente Xi declarou na c\u00fapula: \u201cN\u00e3o importa como a situa\u00e7\u00e3o internacional e regional mude, a China desenvolver\u00e1 inabalavelmente uma coopera\u00e7\u00e3o amig\u00e1vel com o Ir\u00e3\u201d.<\/p>\n<p>A c\u00fapula do BRICS, realizada na R\u00fassia, reuniu l\u00edderes do Brasil, R\u00fassia, \u00cdndia, China e \u00c1frica do Sul, al\u00e9m de 10 pa\u00edses membros, incluindo o Ir\u00e3.<\/p>\n<p>O \u00f3rg\u00e3o de fiscaliza\u00e7\u00e3o da persegui\u00e7\u00e3o, o TPI, observou que tanto a China quanto o Ir\u00e3 s\u00e3o designados como Pa\u00edses de Preocupa\u00e7\u00e3o Particular pelo Departamento de Estado dos EUA, uma designa\u00e7\u00e3o dada a na\u00e7\u00f5es que praticam ou toleram viola\u00e7\u00f5es flagrantes da liberdade religiosa.<\/p>\n<p>\u201cA China e o Ir\u00e3 s\u00e3o perseguidores conhecidos de crist\u00e3os, e seu apoio m\u00fatuo pode levar ao aumento da persegui\u00e7\u00e3o, j\u00e1 que ambos os pa\u00edses trabalham para eliminar a pr\u00e1tica do cristianismo dentro de suas fronteiras\u201d, disse o ICC em uma declara\u00e7\u00e3o enviada ao The Christian Post.<\/p>\n<p>Em 1\u00ba de setembro, a China implementou novas medidas exigindo que atividades religiosas, incluindo serm\u00f5es, integrem valores socialistas e caracter\u00edsticas chinesas, destacou o ICC. Membros do clero s\u00e3o obrigados a jurar lealdade ao Partido Comunista Chin\u00eas.<\/p>\n<p>Essas medidas ocorrem depois de anos em que milhares de crist\u00e3os sofreram tortura, ass\u00e9dio e pris\u00e3o nas m\u00e3os de autoridades comunistas.<\/p>\n<p>Em um relat\u00f3rio recente, a Comiss\u00e3o dos EUA sobre Liberdade Religiosa Internacional revelou que as autoridades chinesas\u00a0<strong>substitu\u00edram s\u00edmbolos crist\u00e3os por imagens de l\u00edderes comunistas e slogans do partido<\/strong>\u00a0em v\u00e1rias igrejas do pa\u00eds, citando v\u00e1rios casos em que cruzes e imagens religiosas foram removidas das igrejas e substitu\u00eddas por retratos de Xi e do falecido presidente Mao Zedong.<\/p>\n<p>Da mesma forma, o Ir\u00e3 tem um longo hist\u00f3rico de execu\u00e7\u00e3o, pris\u00e3o e tortura de crist\u00e3os, disse o TPI, acrescentando que o pa\u00eds tamb\u00e9m apoia organiza\u00e7\u00f5es terroristas, incluindo o Hamas, que foi respons\u00e1vel pelos\u00a0<strong>ataques a Israel em 7 de outubro de 2023<\/strong>, que resultaram na morte de quase 1.200 pessoas que foram torturadas e mortas, incluindo cerca de 40 americanos , e mais de 254 outras feitas ref\u00e9ns, muitas tamb\u00e9m estupradas ou torturadas e mortas.<\/p>\n<p>A popula\u00e7\u00e3o mu\u00e7ulmana no Ir\u00e3 \u00e9 de aproximadamente 98,5%, sendo a maioria mu\u00e7ulmanos xiitas.<\/p>\n<p>\u201cO apoio inabal\u00e1vel da China ao Ir\u00e3, independentemente da persegui\u00e7\u00e3o iraniana aos crist\u00e3os e do apoio aos terroristas, mostra ao mundo onde est\u00e3o suas prioridades\u201d, declarou o ICC. \u201cO poder combinado das duas na\u00e7\u00f5es tamb\u00e9m levanta alarme entre os crist\u00e3os, que j\u00e1 suportaram anos de abuso e pris\u00e3o sob os dois regimes.\u201d<\/p>\n<p>De acordo com a ICC, o grupo BRICS busca romper o equil\u00edbrio global de poder mantido pelo Ocidente e acabar com o dom\u00ednio do d\u00f3lar americano como principal moeda de reserva global.<\/p>\n<p><em><strong>The Christian Post<\/strong><\/em><\/p>\n","protected":false},"excerpt":{"rendered":"<p>China e Ir\u00e3 s\u00e3o designados como Pa\u00edses de Preocupa\u00e7\u00e3o Particular pelo Departamento de Estado dos<\/p>\n","protected":false},"author":4,"featured_media":44999,"comment_status":"open","ping_status":"open","sticky":false,"template":"","format":"standard","meta":{"footnotes":""},"categories":[3,26],"tags":[],"class_list":["post-44998","post","type-post","status-publish","format-standard","has-post-thumbnail","hentry","category-destaques","category-geral"],"yoast_head":"<!-- This site is optimized with the Yoast SEO plugin v27.5 - https:\/\/yoast.com\/product\/yoast-seo-wordpress\/ -->\n<title>Alian\u00e7a da China com o Ir\u00e3 pode intensificar persegui\u00e7\u00e3o aos crist\u00e3os - Jornal<\/title>\n<meta name=\"description\" content=\"Alian\u00e7a da China com o Ir\u00e3 pode intensificar persegui\u00e7\u00e3o aos crist\u00e3os\" \/>\n<meta name=\"robots\" content=\"index, follow, max-snippet:-1, max-image-preview:large, max-video-preview:-1\" \/>\n<link rel=\"canonical\" href=\"https:\/\/jornalboasnoticias.com.br\/home\/alianca-da-china-com-o-ira-pode-intensificar-perseguicao-aos-cristaos\/\" \/>\n<meta property=\"og:locale\" content=\"pt_BR\" \/>\n<meta property=\"og:type\" content=\"article\" \/>\n<meta property=\"og:title\" content=\"Alian\u00e7a da China com o Ir\u00e3 pode intensificar persegui\u00e7\u00e3o aos crist\u00e3os - Jornal\" \/>\n<meta property=\"og:description\" content=\"Alian\u00e7a da China com o Ir\u00e3 pode intensificar persegui\u00e7\u00e3o aos crist\u00e3os\" \/>\n<meta property=\"og:url\" content=\"https:\/\/jornalboasnoticias.com.br\/home\/alianca-da-china-com-o-ira-pode-intensificar-perseguicao-aos-cristaos\/\" \/>\n<meta property=\"og:site_name\" content=\"Jornal\" \/>\n<meta property=\"article:publisher\" content=\"https:\/\/www.facebook.com\/boasnoticiasjornal\" \/>\n<meta property=\"article:published_time\" content=\"2024-10-31T12:00:23+00:00\" \/>\n<meta property=\"og:image\" content=\"https:\/\/jornalboasnoticias.com.br\/home\/wp-content\/uploads\/2024\/10\/Bandeiras-da-China-e-do-Ira-Foto-Canva-ProFolhaGospel.webp\" \/>\n\t<meta property=\"og:image:width\" content=\"696\" \/>\n\t<meta property=\"og:image:height\" content=\"497\" \/>\n\t<meta property=\"og:image:type\" content=\"image\/webp\" \/>\n<meta name=\"author\" content=\"Ana Luiza Bonatto\" \/>\n<meta name=\"twitter:card\" content=\"summary_large_image\" \/>\n<meta name=\"twitter:label1\" content=\"Escrito por\" \/>\n\t<meta name=\"twitter:data1\" content=\"Ana Luiza Bonatto\" \/>\n\t<meta name=\"twitter:label2\" content=\"Est. tempo de leitura\" \/>\n\t<meta name=\"twitter:data2\" content=\"3 minutos\" \/>\n<script type=\"application\/ld+json\" class=\"yoast-schema-graph\">{\"@context\":\"https:\\\/\\\/schema.org\",\"@graph\":[{\"@type\":\"Article\",\"@id\":\"https:\\\/\\\/jornalboasnoticias.com.br\\\/home\\\/alianca-da-china-com-o-ira-pode-intensificar-perseguicao-aos-cristaos\\\/#article\",\"isPartOf\":{\"@id\":\"https:\\\/\\\/jornalboasnoticias.com.br\\\/home\\\/alianca-da-china-com-o-ira-pode-intensificar-perseguicao-aos-cristaos\\\/\"},\"author\":{\"name\":\"Ana Luiza Bonatto\",\"@id\":\"https:\\\/\\\/jornalboasnoticias.com.br\\\/home\\\/#\\\/schema\\\/person\\\/d641193e0afc6405b390164dac847971\"},\"headline\":\"Alian\u00e7a da China com o Ir\u00e3 pode intensificar persegui\u00e7\u00e3o aos crist\u00e3os\",\"datePublished\":\"2024-10-31T12:00:23+00:00\",\"mainEntityOfPage\":{\"@id\":\"https:\\\/\\\/jornalboasnoticias.com.br\\\/home\\\/alianca-da-china-com-o-ira-pode-intensificar-perseguicao-aos-cristaos\\\/\"},\"wordCount\":606,\"commentCount\":0,\"publisher\":{\"@id\":\"https:\\\/\\\/jornalboasnoticias.com.br\\\/home\\\/#organization\"},\"image\":{\"@id\":\"https:\\\/\\\/jornalboasnoticias.com.br\\\/home\\\/alianca-da-china-com-o-ira-pode-intensificar-perseguicao-aos-cristaos\\\/#primaryimage\"},\"thumbnailUrl\":\"https:\\\/\\\/jornalboasnoticias.com.br\\\/home\\\/wp-content\\\/uploads\\\/2024\\\/10\\\/Bandeiras-da-China-e-do-Ira-Foto-Canva-ProFolhaGospel.webp\",\"articleSection\":[\"DESTAQUE\",\"Geral\"],\"inLanguage\":\"pt-BR\",\"potentialAction\":[{\"@type\":\"CommentAction\",\"name\":\"Comment\",\"target\":[\"https:\\\/\\\/jornalboasnoticias.com.br\\\/home\\\/alianca-da-china-com-o-ira-pode-intensificar-perseguicao-aos-cristaos\\\/#respond\"]}]},{\"@type\":\"WebPage\",\"@id\":\"https:\\\/\\\/jornalboasnoticias.com.br\\\/home\\\/alianca-da-china-com-o-ira-pode-intensificar-perseguicao-aos-cristaos\\\/\",\"url\":\"https:\\\/\\\/jornalboasnoticias.com.br\\\/home\\\/alianca-da-china-com-o-ira-pode-intensificar-perseguicao-aos-cristaos\\\/\",\"name\":\"Alian\u00e7a da China com o Ir\u00e3 pode intensificar persegui\u00e7\u00e3o aos crist\u00e3os - Jornal\",\"isPartOf\":{\"@id\":\"https:\\\/\\\/jornalboasnoticias.com.br\\\/home\\\/#website\"},\"primaryImageOfPage\":{\"@id\":\"https:\\\/\\\/jornalboasnoticias.com.br\\\/home\\\/alianca-da-china-com-o-ira-pode-intensificar-perseguicao-aos-cristaos\\\/#primaryimage\"},\"image\":{\"@id\":\"https:\\\/\\\/jornalboasnoticias.com.br\\\/home\\\/alianca-da-china-com-o-ira-pode-intensificar-perseguicao-aos-cristaos\\\/#primaryimage\"},\"thumbnailUrl\":\"https:\\\/\\\/jornalboasnoticias.com.br\\\/home\\\/wp-content\\\/uploads\\\/2024\\\/10\\\/Bandeiras-da-China-e-do-Ira-Foto-Canva-ProFolhaGospel.webp\",\"datePublished\":\"2024-10-31T12:00:23+00:00\",\"description\":\"Alian\u00e7a da China com o Ir\u00e3 pode intensificar persegui\u00e7\u00e3o aos crist\u00e3os\",\"breadcrumb\":{\"@id\":\"https:\\\/\\\/jornalboasnoticias.com.br\\\/home\\\/alianca-da-china-com-o-ira-pode-intensificar-perseguicao-aos-cristaos\\\/#breadcrumb\"},\"inLanguage\":\"pt-BR\",\"potentialAction\":[{\"@type\":\"ReadAction\",\"target\":[\"https:\\\/\\\/jornalboasnoticias.com.br\\\/home\\\/alianca-da-china-com-o-ira-pode-intensificar-perseguicao-aos-cristaos\\\/\"]}]},{\"@type\":\"ImageObject\",\"inLanguage\":\"pt-BR\",\"@id\":\"https:\\\/\\\/jornalboasnoticias.com.br\\\/home\\\/alianca-da-china-com-o-ira-pode-intensificar-perseguicao-aos-cristaos\\\/#primaryimage\",\"url\":\"https:\\\/\\\/jornalboasnoticias.com.br\\\/home\\\/wp-content\\\/uploads\\\/2024\\\/10\\\/Bandeiras-da-China-e-do-Ira-Foto-Canva-ProFolhaGospel.webp\",\"contentUrl\":\"https:\\\/\\\/jornalboasnoticias.com.br\\\/home\\\/wp-content\\\/uploads\\\/2024\\\/10\\\/Bandeiras-da-China-e-do-Ira-Foto-Canva-ProFolhaGospel.webp\",\"width\":696,\"height\":497,\"caption\":\"Foto: FolhaGospel\"},{\"@type\":\"BreadcrumbList\",\"@id\":\"https:\\\/\\\/jornalboasnoticias.com.br\\\/home\\\/alianca-da-china-com-o-ira-pode-intensificar-perseguicao-aos-cristaos\\\/#breadcrumb\",\"itemListElement\":[{\"@type\":\"ListItem\",\"position\":1,\"name\":\"In\u00edcio\",\"item\":\"https:\\\/\\\/jornalboasnoticias.com.br\\\/home\\\/\"},{\"@type\":\"ListItem\",\"position\":2,\"name\":\"Alian\u00e7a da China com o Ir\u00e3 pode intensificar persegui\u00e7\u00e3o aos crist\u00e3os\"}]},{\"@type\":\"WebSite\",\"@id\":\"https:\\\/\\\/jornalboasnoticias.com.br\\\/home\\\/#website\",\"url\":\"https:\\\/\\\/jornalboasnoticias.com.br\\\/home\\\/\",\"name\":\"Jornal Boas Not\u00edcias\",\"description\":\"Boas not\u00edcias\",\"publisher\":{\"@id\":\"https:\\\/\\\/jornalboasnoticias.com.br\\\/home\\\/#organization\"},\"potentialAction\":[{\"@type\":\"SearchAction\",\"target\":{\"@type\":\"EntryPoint\",\"urlTemplate\":\"https:\\\/\\\/jornalboasnoticias.com.br\\\/home\\\/?s={search_term_string}\"},\"query-input\":{\"@type\":\"PropertyValueSpecification\",\"valueRequired\":true,\"valueName\":\"search_term_string\"}}],\"inLanguage\":\"pt-BR\"},{\"@type\":\"Organization\",\"@id\":\"https:\\\/\\\/jornalboasnoticias.com.br\\\/home\\\/#organization\",\"name\":\"Coq Editora Ltda\",\"alternateName\":\"Jornal Boas Noticias\",\"url\":\"https:\\\/\\\/jornalboasnoticias.com.br\\\/home\\\/\",\"logo\":{\"@type\":\"ImageObject\",\"inLanguage\":\"pt-BR\",\"@id\":\"https:\\\/\\\/jornalboasnoticias.com.br\\\/home\\\/#\\\/schema\\\/logo\\\/image\\\/\",\"url\":\"https:\\\/\\\/jornalboasnoticias.com.br\\\/home\\\/wp-content\\\/uploads\\\/2024\\\/07\\\/cropped-logo.jpg\",\"contentUrl\":\"https:\\\/\\\/jornalboasnoticias.com.br\\\/home\\\/wp-content\\\/uploads\\\/2024\\\/07\\\/cropped-logo.jpg\",\"width\":290,\"height\":142,\"caption\":\"Coq Editora Ltda\"},\"image\":{\"@id\":\"https:\\\/\\\/jornalboasnoticias.com.br\\\/home\\\/#\\\/schema\\\/logo\\\/image\\\/\"},\"sameAs\":[\"https:\\\/\\\/www.facebook.com\\\/boasnoticiasjornal\"]},{\"@type\":\"Person\",\"@id\":\"https:\\\/\\\/jornalboasnoticias.com.br\\\/home\\\/#\\\/schema\\\/person\\\/d641193e0afc6405b390164dac847971\",\"name\":\"Ana Luiza Bonatto\",\"image\":{\"@type\":\"ImageObject\",\"inLanguage\":\"pt-BR\",\"@id\":\"https:\\\/\\\/secure.gravatar.com\\\/avatar\\\/8a055ebe6373371f67ac6fcf313c0ac0b0a91157fdcdb9514fa62927373348f0?s=96&d=mm&r=g\",\"url\":\"https:\\\/\\\/secure.gravatar.com\\\/avatar\\\/8a055ebe6373371f67ac6fcf313c0ac0b0a91157fdcdb9514fa62927373348f0?s=96&d=mm&r=g\",\"contentUrl\":\"https:\\\/\\\/secure.gravatar.com\\\/avatar\\\/8a055ebe6373371f67ac6fcf313c0ac0b0a91157fdcdb9514fa62927373348f0?s=96&d=mm&r=g\",\"caption\":\"Ana Luiza Bonatto\"},\"url\":\"https:\\\/\\\/jornalboasnoticias.com.br\\\/home\\\/author\\\/ana-luiza\\\/\"}]}<\/script>\n<!-- \/ Yoast SEO plugin. -->","yoast_head_json":{"title":"Alian\u00e7a da China com o Ir\u00e3 pode intensificar persegui\u00e7\u00e3o aos crist\u00e3os - Jornal","description":"Alian\u00e7a da China com o Ir\u00e3 pode intensificar persegui\u00e7\u00e3o aos crist\u00e3os","robots":{"index":"index","follow":"follow","max-snippet":"max-snippet:-1","max-image-preview":"max-image-preview:large","max-video-preview":"max-video-preview:-1"},"canonical":"https:\/\/jornalboasnoticias.com.br\/home\/alianca-da-china-com-o-ira-pode-intensificar-perseguicao-aos-cristaos\/","og_locale":"pt_BR","og_type":"article","og_title":"Alian\u00e7a da China com o Ir\u00e3 pode intensificar persegui\u00e7\u00e3o aos crist\u00e3os - Jornal","og_description":"Alian\u00e7a da China com o Ir\u00e3 pode intensificar persegui\u00e7\u00e3o aos crist\u00e3os","og_url":"https:\/\/jornalboasnoticias.com.br\/home\/alianca-da-china-com-o-ira-pode-intensificar-perseguicao-aos-cristaos\/","og_site_name":"Jornal","article_publisher":"https:\/\/www.facebook.com\/boasnoticiasjornal","article_published_time":"2024-10-31T12:00:23+00:00","og_image":[{"width":696,"height":497,"url":"https:\/\/jornalboasnoticias.com.br\/home\/wp-content\/uploads\/2024\/10\/Bandeiras-da-China-e-do-Ira-Foto-Canva-ProFolhaGospel.webp","type":"image\/webp"}],"author":"Ana Luiza Bonatto","twitter_card":"summary_large_image","twitter_misc":{"Escrito por":"Ana Luiza Bonatto","Est. tempo de leitura":"3 minutos"},"schema":{"@context":"https:\/\/schema.org","@graph":[{"@type":"Article","@id":"https:\/\/jornalboasnoticias.com.br\/home\/alianca-da-china-com-o-ira-pode-intensificar-perseguicao-aos-cristaos\/#article","isPartOf":{"@id":"https:\/\/jornalboasnoticias.com.br\/home\/alianca-da-china-com-o-ira-pode-intensificar-perseguicao-aos-cristaos\/"},"author":{"name":"Ana Luiza Bonatto","@id":"https:\/\/jornalboasnoticias.com.br\/home\/#\/schema\/person\/d641193e0afc6405b390164dac847971"},"headline":"Alian\u00e7a da China com o Ir\u00e3 pode intensificar persegui\u00e7\u00e3o aos crist\u00e3os","datePublished":"2024-10-31T12:00:23+00:00","mainEntityOfPage":{"@id":"https:\/\/jornalboasnoticias.com.br\/home\/alianca-da-china-com-o-ira-pode-intensificar-perseguicao-aos-cristaos\/"},"wordCount":606,"commentCount":0,"publisher":{"@id":"https:\/\/jornalboasnoticias.com.br\/home\/#organization"},"image":{"@id":"https:\/\/jornalboasnoticias.com.br\/home\/alianca-da-china-com-o-ira-pode-intensificar-perseguicao-aos-cristaos\/#primaryimage"},"thumbnailUrl":"https:\/\/jornalboasnoticias.com.br\/home\/wp-content\/uploads\/2024\/10\/Bandeiras-da-China-e-do-Ira-Foto-Canva-ProFolhaGospel.webp","articleSection":["DESTAQUE","Geral"],"inLanguage":"pt-BR","potentialAction":[{"@type":"CommentAction","name":"Comment","target":["https:\/\/jornalboasnoticias.com.br\/home\/alianca-da-china-com-o-ira-pode-intensificar-perseguicao-aos-cristaos\/#respond"]}]},{"@type":"WebPage","@id":"https:\/\/jornalboasnoticias.com.br\/home\/alianca-da-china-com-o-ira-pode-intensificar-perseguicao-aos-cristaos\/","url":"https:\/\/jornalboasnoticias.com.br\/home\/alianca-da-china-com-o-ira-pode-intensificar-perseguicao-aos-cristaos\/","name":"Alian\u00e7a da China com o Ir\u00e3 pode intensificar persegui\u00e7\u00e3o aos crist\u00e3os - Jornal","isPartOf":{"@id":"https:\/\/jornalboasnoticias.com.br\/home\/#website"},"primaryImageOfPage":{"@id":"https:\/\/jornalboasnoticias.com.br\/home\/alianca-da-china-com-o-ira-pode-intensificar-perseguicao-aos-cristaos\/#primaryimage"},"image":{"@id":"https:\/\/jornalboasnoticias.com.br\/home\/alianca-da-china-com-o-ira-pode-intensificar-perseguicao-aos-cristaos\/#primaryimage"},"thumbnailUrl":"https:\/\/jornalboasnoticias.com.br\/home\/wp-content\/uploads\/2024\/10\/Bandeiras-da-China-e-do-Ira-Foto-Canva-ProFolhaGospel.webp","datePublished":"2024-10-31T12:00:23+00:00","description":"Alian\u00e7a da China com o Ir\u00e3 pode intensificar persegui\u00e7\u00e3o aos crist\u00e3os","breadcrumb":{"@id":"https:\/\/jornalboasnoticias.com.br\/home\/alianca-da-china-com-o-ira-pode-intensificar-perseguicao-aos-cristaos\/#breadcrumb"},"inLanguage":"pt-BR","potentialAction":[{"@type":"ReadAction","target":["https:\/\/jornalboasnoticias.com.br\/home\/alianca-da-china-com-o-ira-pode-intensificar-perseguicao-aos-cristaos\/"]}]},{"@type":"ImageObject","inLanguage":"pt-BR","@id":"https:\/\/jornalboasnoticias.com.br\/home\/alianca-da-china-com-o-ira-pode-intensificar-perseguicao-aos-cristaos\/#primaryimage","url":"https:\/\/jornalboasnoticias.com.br\/home\/wp-content\/uploads\/2024\/10\/Bandeiras-da-China-e-do-Ira-Foto-Canva-ProFolhaGospel.webp","contentUrl":"https:\/\/jornalboasnoticias.com.br\/home\/wp-content\/uploads\/2024\/10\/Bandeiras-da-China-e-do-Ira-Foto-Canva-ProFolhaGospel.webp","width":696,"height":497,"caption":"Foto: FolhaGospel"},{"@type":"BreadcrumbList","@id":"https:\/\/jornalboasnoticias.com.br\/home\/alianca-da-china-com-o-ira-pode-intensificar-perseguicao-aos-cristaos\/#breadcrumb","itemListElement":[{"@type":"ListItem","position":1,"name":"In\u00edcio","item":"https:\/\/jornalboasnoticias.com.br\/home\/"},{"@type":"ListItem","position":2,"name":"Alian\u00e7a da China com o Ir\u00e3 pode intensificar persegui\u00e7\u00e3o aos crist\u00e3os"}]},{"@type":"WebSite","@id":"https:\/\/jornalboasnoticias.com.br\/home\/#website","url":"https:\/\/jornalboasnoticias.com.br\/home\/","name":"Jornal Boas Not\u00edcias","description":"Boas not\u00edcias","publisher":{"@id":"https:\/\/jornalboasnoticias.com.br\/home\/#organization"},"potentialAction":[{"@type":"SearchAction","target":{"@type":"EntryPoint","urlTemplate":"https:\/\/jornalboasnoticias.com.br\/home\/?s={search_term_string}"},"query-input":{"@type":"PropertyValueSpecification","valueRequired":true,"valueName":"search_term_string"}}],"inLanguage":"pt-BR"},{"@type":"Organization","@id":"https:\/\/jornalboasnoticias.com.br\/home\/#organization","name":"Coq Editora Ltda","alternateName":"Jornal Boas Noticias","url":"https:\/\/jornalboasnoticias.com.br\/home\/","logo":{"@type":"ImageObject","inLanguage":"pt-BR","@id":"https:\/\/jornalboasnoticias.com.br\/home\/#\/schema\/logo\/image\/","url":"https:\/\/jornalboasnoticias.com.br\/home\/wp-content\/uploads\/2024\/07\/cropped-logo.jpg","contentUrl":"https:\/\/jornalboasnoticias.com.br\/home\/wp-content\/uploads\/2024\/07\/cropped-logo.jpg","width":290,"height":142,"caption":"Coq Editora Ltda"},"image":{"@id":"https:\/\/jornalboasnoticias.com.br\/home\/#\/schema\/logo\/image\/"},"sameAs":["https:\/\/www.facebook.com\/boasnoticiasjornal"]},{"@type":"Person","@id":"https:\/\/jornalboasnoticias.com.br\/home\/#\/schema\/person\/d641193e0afc6405b390164dac847971","name":"Ana Luiza Bonatto","image":{"@type":"ImageObject","inLanguage":"pt-BR","@id":"https:\/\/secure.gravatar.com\/avatar\/8a055ebe6373371f67ac6fcf313c0ac0b0a91157fdcdb9514fa62927373348f0?s=96&d=mm&r=g","url":"https:\/\/secure.gravatar.com\/avatar\/8a055ebe6373371f67ac6fcf313c0ac0b0a91157fdcdb9514fa62927373348f0?s=96&d=mm&r=g","contentUrl":"https:\/\/secure.gravatar.com\/avatar\/8a055ebe6373371f67ac6fcf313c0ac0b0a91157fdcdb9514fa62927373348f0?s=96&d=mm&r=g","caption":"Ana Luiza Bonatto"},"url":"https:\/\/jornalboasnoticias.com.br\/home\/author\/ana-luiza\/"}]}},"_links":{"self":[{"href":"https:\/\/jornalboasnoticias.com.br\/home\/wp-json\/wp\/v2\/posts\/44998","targetHints":{"allow":["GET"]}}],"collection":[{"href":"https:\/\/jornalboasnoticias.com.br\/home\/wp-json\/wp\/v2\/posts"}],"about":[{"href":"https:\/\/jornalboasnoticias.com.br\/home\/wp-json\/wp\/v2\/types\/post"}],"author":[{"embeddable":true,"href":"https:\/\/jornalboasnoticias.com.br\/home\/wp-json\/wp\/v2\/users\/4"}],"replies":[{"embeddable":true,"href":"https:\/\/jornalboasnoticias.com.br\/home\/wp-json\/wp\/v2\/comments?post=44998"}],"version-history":[{"count":2,"href":"https:\/\/jornalboasnoticias.com.br\/home\/wp-json\/wp\/v2\/posts\/44998\/revisions"}],"predecessor-version":[{"id":45001,"href":"https:\/\/jornalboasnoticias.com.br\/home\/wp-json\/wp\/v2\/posts\/44998\/revisions\/45001"}],"wp:featuredmedia":[{"embeddable":true,"href":"https:\/\/jornalboasnoticias.com.br\/home\/wp-json\/wp\/v2\/media\/44999"}],"wp:attachment":[{"href":"https:\/\/jornalboasnoticias.com.br\/home\/wp-json\/wp\/v2\/media?parent=44998"}],"wp:term":[{"taxonomy":"category","embeddable":true,"href":"https:\/\/jornalboasnoticias.com.br\/home\/wp-json\/wp\/v2\/categories?post=44998"},{"taxonomy":"post_tag","embeddable":true,"href":"https:\/\/jornalboasnoticias.com.br\/home\/wp-json\/wp\/v2\/tags?post=44998"}],"curies":[{"name":"wp","href":"https:\/\/api.w.org\/{rel}","templated":true}]}}