{"id":44989,"date":"2024-10-31T11:50:39","date_gmt":"2024-10-31T11:50:39","guid":{"rendered":"https:\/\/jornalboasnoticias.com.br\/home\/?p=44989"},"modified":"2024-10-31T11:50:39","modified_gmt":"2024-10-31T11:50:39","slug":"camara-de-rio-branco-aprova-lei-que-permite-biblias-em-bibliotecas-escolares","status":"publish","type":"post","link":"https:\/\/jornalboasnoticias.com.br\/home\/camara-de-rio-branco-aprova-lei-que-permite-biblias-em-bibliotecas-escolares\/","title":{"rendered":"C\u00e2mara de Rio Branco aprova lei que permite B\u00edblias em bibliotecas escolares"},"content":{"rendered":"<figure id=\"attachment_44990\" aria-describedby=\"caption-attachment-44990\" style=\"width: 1536px\" class=\"wp-caption alignnone\"><img loading=\"lazy\" decoding=\"async\" class=\"size-full wp-image-44990\" src=\"https:\/\/jornalboasnoticias.com.br\/home\/wp-content\/uploads\/2024\/10\/biblioteca-1536x901-1.webp\" alt=\"\" width=\"1536\" height=\"901\" srcset=\"https:\/\/jornalboasnoticias.com.br\/home\/wp-content\/uploads\/2024\/10\/biblioteca-1536x901-1.webp 1536w, https:\/\/jornalboasnoticias.com.br\/home\/wp-content\/uploads\/2024\/10\/biblioteca-1536x901-1-300x176.webp 300w, https:\/\/jornalboasnoticias.com.br\/home\/wp-content\/uploads\/2024\/10\/biblioteca-1536x901-1-1024x601.webp 1024w, https:\/\/jornalboasnoticias.com.br\/home\/wp-content\/uploads\/2024\/10\/biblioteca-1536x901-1-768x451.webp 768w\" sizes=\"auto, (max-width: 1536px) 100vw, 1536px\" \/><figcaption id=\"caption-attachment-44990\" class=\"wp-caption-text\">(Foto: Alfons Morales \/ Unsplash<\/figcaption><\/figure>\n<blockquote><p>O texto do PLO destaca que as Escrituras ser\u00e3o oferecidas como uma fonte de conhecimento hist\u00f3rico, filos\u00f3fico, sociol\u00f3gico, cultural e arqueol\u00f3gico.<\/p><\/blockquote>\n<p>A C\u00e2mara de Vereadores de Rio Branco (AC) aprovou nesta ter\u00e7a-feira (22) um Projeto de Lei Ordin\u00e1ria (PLO) que autoriza a disponibiliza\u00e7\u00e3o da\u00a0<a title=\"B\u00edblia\" href=\"https:\/\/bibliaestudos.com\/acf\/\" target=\"\" data-autolink-id=\"13\" rel=\"noopener\">B\u00edblia<\/a> em bibliotecas de escolas municipais e privadas. O projeto, intitulado \u201cB\u00edblia nas Escolas\u201d, foi proposto pelo vereador Arnaldo Barros (Podemos), que n\u00e3o foi reeleito, e segue agora para san\u00e7\u00e3o ou veto do prefeito Ti\u00e3o Bocalom (PL).<\/p>\n<p>O texto do PLO destaca que as Escrituras ser\u00e3o oferecidas como uma fonte de conhecimento hist\u00f3rico, filos\u00f3fico, sociol\u00f3gico, cultural e arqueol\u00f3gico, dispon\u00edvel para consulta dos alunos que assim desejarem. Segundo o projeto, o uso da B\u00edblia ser\u00e1 facultativo e depender\u00e1 da autoriza\u00e7\u00e3o dos respons\u00e1veis legais. Al\u00e9m disso, o projeto garante que o livro ser\u00e1 utilizado como ferramenta educacional, sem proselitismo religioso.<\/p>\n<p>Segundo o G1, Barros comemorou a aprova\u00e7\u00e3o durante a sess\u00e3o, declarando: \u201cEste \u00e9 um momento muito nobre, porque esta casa est\u00e1 aprovando um projeto que traz oportunidades para que nossos filhos, adolescentes nas salas de aula, ou\u00e7am falar do livro dos livros, que \u00e9 a B\u00edblia nas escolas. Cremos que este projeto vai mudar a hist\u00f3ria da na\u00e7\u00e3o rio-branquense\u201d.<\/p>\n<p>Entretanto, o Minist\u00e9rio P\u00fablico do Acre j\u00e1 havia recomendado, em julho deste ano, o veto de uma vers\u00e3o anterior do projeto, por considerar que privilegiava uma religi\u00e3o espec\u00edfica, o que seria inconstitucional. O parecer do MP sugere que a disponibiliza\u00e7\u00e3o da B\u00edblia poderia ser interpretada como um favorecimento ao cristianismo em detrimento de outras cren\u00e7as.<\/p>\n<p>Agora, o destino do projeto est\u00e1 nas m\u00e3os do prefeito, que dever\u00e1 decidir se sanciona ou veta a lei.<\/p>\n<p><em><strong>(GospelPrime)<\/strong><\/em><\/p>\n","protected":false},"excerpt":{"rendered":"<p>O texto do PLO destaca que as Escrituras ser\u00e3o oferecidas como uma fonte de conhecimento<\/p>\n","protected":false},"author":4,"featured_media":44990,"comment_status":"open","ping_status":"open","sticky":false,"template":"","format":"standard","meta":{"footnotes":""},"categories":[6],"tags":[],"class_list":["post-44989","post","type-post","status-publish","format-standard","has-post-thumbnail","hentry","category-brasil"],"yoast_head":"<!-- This site is optimized with the Yoast SEO plugin v27.5 - https:\/\/yoast.com\/product\/yoast-seo-wordpress\/ -->\n<title>C\u00e2mara de Rio Branco aprova lei que permite B\u00edblias em bibliotecas escolares - Jornal<\/title>\n<meta name=\"description\" content=\"C\u00e2mara de Rio Branco aprova lei que permite B\u00edblias em bibliotecas escolares\" \/>\n<meta name=\"robots\" content=\"index, follow, max-snippet:-1, max-image-preview:large, max-video-preview:-1\" \/>\n<link rel=\"canonical\" href=\"https:\/\/jornalboasnoticias.com.br\/home\/camara-de-rio-branco-aprova-lei-que-permite-biblias-em-bibliotecas-escolares\/\" \/>\n<meta property=\"og:locale\" content=\"pt_BR\" \/>\n<meta property=\"og:type\" content=\"article\" \/>\n<meta property=\"og:title\" content=\"C\u00e2mara de Rio Branco aprova lei que permite B\u00edblias em bibliotecas escolares - Jornal\" \/>\n<meta property=\"og:description\" content=\"C\u00e2mara de Rio Branco aprova lei que permite B\u00edblias em bibliotecas escolares\" \/>\n<meta property=\"og:url\" content=\"https:\/\/jornalboasnoticias.com.br\/home\/camara-de-rio-branco-aprova-lei-que-permite-biblias-em-bibliotecas-escolares\/\" \/>\n<meta property=\"og:site_name\" content=\"Jornal\" \/>\n<meta property=\"article:publisher\" content=\"https:\/\/www.facebook.com\/boasnoticiasjornal\" \/>\n<meta property=\"article:published_time\" content=\"2024-10-31T11:50:39+00:00\" \/>\n<meta property=\"og:image\" content=\"https:\/\/jornalboasnoticias.com.br\/home\/wp-content\/uploads\/2024\/10\/biblioteca-1536x901-1.webp\" \/>\n\t<meta property=\"og:image:width\" content=\"1536\" \/>\n\t<meta property=\"og:image:height\" content=\"901\" \/>\n\t<meta property=\"og:image:type\" content=\"image\/webp\" \/>\n<meta name=\"author\" content=\"Ana Luiza Bonatto\" \/>\n<meta name=\"twitter:card\" content=\"summary_large_image\" \/>\n<meta name=\"twitter:label1\" content=\"Escrito por\" \/>\n\t<meta name=\"twitter:data1\" content=\"Ana Luiza Bonatto\" \/>\n\t<meta name=\"twitter:label2\" content=\"Est. tempo de leitura\" \/>\n\t<meta name=\"twitter:data2\" content=\"2 minutos\" \/>\n<script type=\"application\/ld+json\" class=\"yoast-schema-graph\">{\"@context\":\"https:\\\/\\\/schema.org\",\"@graph\":[{\"@type\":\"Article\",\"@id\":\"https:\\\/\\\/jornalboasnoticias.com.br\\\/home\\\/camara-de-rio-branco-aprova-lei-que-permite-biblias-em-bibliotecas-escolares\\\/#article\",\"isPartOf\":{\"@id\":\"https:\\\/\\\/jornalboasnoticias.com.br\\\/home\\\/camara-de-rio-branco-aprova-lei-que-permite-biblias-em-bibliotecas-escolares\\\/\"},\"author\":{\"name\":\"Ana Luiza Bonatto\",\"@id\":\"https:\\\/\\\/jornalboasnoticias.com.br\\\/home\\\/#\\\/schema\\\/person\\\/d641193e0afc6405b390164dac847971\"},\"headline\":\"C\u00e2mara de Rio Branco aprova lei que permite B\u00edblias em bibliotecas escolares\",\"datePublished\":\"2024-10-31T11:50:39+00:00\",\"mainEntityOfPage\":{\"@id\":\"https:\\\/\\\/jornalboasnoticias.com.br\\\/home\\\/camara-de-rio-branco-aprova-lei-que-permite-biblias-em-bibliotecas-escolares\\\/\"},\"wordCount\":337,\"commentCount\":0,\"publisher\":{\"@id\":\"https:\\\/\\\/jornalboasnoticias.com.br\\\/home\\\/#organization\"},\"image\":{\"@id\":\"https:\\\/\\\/jornalboasnoticias.com.br\\\/home\\\/camara-de-rio-branco-aprova-lei-que-permite-biblias-em-bibliotecas-escolares\\\/#primaryimage\"},\"thumbnailUrl\":\"https:\\\/\\\/jornalboasnoticias.com.br\\\/home\\\/wp-content\\\/uploads\\\/2024\\\/10\\\/biblioteca-1536x901-1.webp\",\"articleSection\":[\"BRASIL\"],\"inLanguage\":\"pt-BR\",\"potentialAction\":[{\"@type\":\"CommentAction\",\"name\":\"Comment\",\"target\":[\"https:\\\/\\\/jornalboasnoticias.com.br\\\/home\\\/camara-de-rio-branco-aprova-lei-que-permite-biblias-em-bibliotecas-escolares\\\/#respond\"]}]},{\"@type\":\"WebPage\",\"@id\":\"https:\\\/\\\/jornalboasnoticias.com.br\\\/home\\\/camara-de-rio-branco-aprova-lei-que-permite-biblias-em-bibliotecas-escolares\\\/\",\"url\":\"https:\\\/\\\/jornalboasnoticias.com.br\\\/home\\\/camara-de-rio-branco-aprova-lei-que-permite-biblias-em-bibliotecas-escolares\\\/\",\"name\":\"C\u00e2mara de Rio Branco aprova lei que permite B\u00edblias em bibliotecas escolares - Jornal\",\"isPartOf\":{\"@id\":\"https:\\\/\\\/jornalboasnoticias.com.br\\\/home\\\/#website\"},\"primaryImageOfPage\":{\"@id\":\"https:\\\/\\\/jornalboasnoticias.com.br\\\/home\\\/camara-de-rio-branco-aprova-lei-que-permite-biblias-em-bibliotecas-escolares\\\/#primaryimage\"},\"image\":{\"@id\":\"https:\\\/\\\/jornalboasnoticias.com.br\\\/home\\\/camara-de-rio-branco-aprova-lei-que-permite-biblias-em-bibliotecas-escolares\\\/#primaryimage\"},\"thumbnailUrl\":\"https:\\\/\\\/jornalboasnoticias.com.br\\\/home\\\/wp-content\\\/uploads\\\/2024\\\/10\\\/biblioteca-1536x901-1.webp\",\"datePublished\":\"2024-10-31T11:50:39+00:00\",\"description\":\"C\u00e2mara de Rio Branco aprova lei que permite B\u00edblias em bibliotecas escolares\",\"breadcrumb\":{\"@id\":\"https:\\\/\\\/jornalboasnoticias.com.br\\\/home\\\/camara-de-rio-branco-aprova-lei-que-permite-biblias-em-bibliotecas-escolares\\\/#breadcrumb\"},\"inLanguage\":\"pt-BR\",\"potentialAction\":[{\"@type\":\"ReadAction\",\"target\":[\"https:\\\/\\\/jornalboasnoticias.com.br\\\/home\\\/camara-de-rio-branco-aprova-lei-que-permite-biblias-em-bibliotecas-escolares\\\/\"]}]},{\"@type\":\"ImageObject\",\"inLanguage\":\"pt-BR\",\"@id\":\"https:\\\/\\\/jornalboasnoticias.com.br\\\/home\\\/camara-de-rio-branco-aprova-lei-que-permite-biblias-em-bibliotecas-escolares\\\/#primaryimage\",\"url\":\"https:\\\/\\\/jornalboasnoticias.com.br\\\/home\\\/wp-content\\\/uploads\\\/2024\\\/10\\\/biblioteca-1536x901-1.webp\",\"contentUrl\":\"https:\\\/\\\/jornalboasnoticias.com.br\\\/home\\\/wp-content\\\/uploads\\\/2024\\\/10\\\/biblioteca-1536x901-1.webp\",\"width\":1536,\"height\":901,\"caption\":\"(Foto: Alfons Morales \\\/ Unsplash\"},{\"@type\":\"BreadcrumbList\",\"@id\":\"https:\\\/\\\/jornalboasnoticias.com.br\\\/home\\\/camara-de-rio-branco-aprova-lei-que-permite-biblias-em-bibliotecas-escolares\\\/#breadcrumb\",\"itemListElement\":[{\"@type\":\"ListItem\",\"position\":1,\"name\":\"In\u00edcio\",\"item\":\"https:\\\/\\\/jornalboasnoticias.com.br\\\/home\\\/\"},{\"@type\":\"ListItem\",\"position\":2,\"name\":\"C\u00e2mara de Rio Branco aprova lei que permite B\u00edblias em bibliotecas escolares\"}]},{\"@type\":\"WebSite\",\"@id\":\"https:\\\/\\\/jornalboasnoticias.com.br\\\/home\\\/#website\",\"url\":\"https:\\\/\\\/jornalboasnoticias.com.br\\\/home\\\/\",\"name\":\"Jornal Boas Not\u00edcias\",\"description\":\"Boas not\u00edcias\",\"publisher\":{\"@id\":\"https:\\\/\\\/jornalboasnoticias.com.br\\\/home\\\/#organization\"},\"potentialAction\":[{\"@type\":\"SearchAction\",\"target\":{\"@type\":\"EntryPoint\",\"urlTemplate\":\"https:\\\/\\\/jornalboasnoticias.com.br\\\/home\\\/?s={search_term_string}\"},\"query-input\":{\"@type\":\"PropertyValueSpecification\",\"valueRequired\":true,\"valueName\":\"search_term_string\"}}],\"inLanguage\":\"pt-BR\"},{\"@type\":\"Organization\",\"@id\":\"https:\\\/\\\/jornalboasnoticias.com.br\\\/home\\\/#organization\",\"name\":\"Coq Editora Ltda\",\"alternateName\":\"Jornal Boas Noticias\",\"url\":\"https:\\\/\\\/jornalboasnoticias.com.br\\\/home\\\/\",\"logo\":{\"@type\":\"ImageObject\",\"inLanguage\":\"pt-BR\",\"@id\":\"https:\\\/\\\/jornalboasnoticias.com.br\\\/home\\\/#\\\/schema\\\/logo\\\/image\\\/\",\"url\":\"https:\\\/\\\/jornalboasnoticias.com.br\\\/home\\\/wp-content\\\/uploads\\\/2024\\\/07\\\/cropped-logo.jpg\",\"contentUrl\":\"https:\\\/\\\/jornalboasnoticias.com.br\\\/home\\\/wp-content\\\/uploads\\\/2024\\\/07\\\/cropped-logo.jpg\",\"width\":290,\"height\":142,\"caption\":\"Coq Editora Ltda\"},\"image\":{\"@id\":\"https:\\\/\\\/jornalboasnoticias.com.br\\\/home\\\/#\\\/schema\\\/logo\\\/image\\\/\"},\"sameAs\":[\"https:\\\/\\\/www.facebook.com\\\/boasnoticiasjornal\"]},{\"@type\":\"Person\",\"@id\":\"https:\\\/\\\/jornalboasnoticias.com.br\\\/home\\\/#\\\/schema\\\/person\\\/d641193e0afc6405b390164dac847971\",\"name\":\"Ana Luiza Bonatto\",\"image\":{\"@type\":\"ImageObject\",\"inLanguage\":\"pt-BR\",\"@id\":\"https:\\\/\\\/secure.gravatar.com\\\/avatar\\\/8a055ebe6373371f67ac6fcf313c0ac0b0a91157fdcdb9514fa62927373348f0?s=96&d=mm&r=g\",\"url\":\"https:\\\/\\\/secure.gravatar.com\\\/avatar\\\/8a055ebe6373371f67ac6fcf313c0ac0b0a91157fdcdb9514fa62927373348f0?s=96&d=mm&r=g\",\"contentUrl\":\"https:\\\/\\\/secure.gravatar.com\\\/avatar\\\/8a055ebe6373371f67ac6fcf313c0ac0b0a91157fdcdb9514fa62927373348f0?s=96&d=mm&r=g\",\"caption\":\"Ana Luiza Bonatto\"},\"url\":\"https:\\\/\\\/jornalboasnoticias.com.br\\\/home\\\/author\\\/ana-luiza\\\/\"}]}<\/script>\n<!-- \/ Yoast SEO plugin. -->","yoast_head_json":{"title":"C\u00e2mara de Rio Branco aprova lei que permite B\u00edblias em bibliotecas escolares - Jornal","description":"C\u00e2mara de Rio Branco aprova lei que permite B\u00edblias em bibliotecas escolares","robots":{"index":"index","follow":"follow","max-snippet":"max-snippet:-1","max-image-preview":"max-image-preview:large","max-video-preview":"max-video-preview:-1"},"canonical":"https:\/\/jornalboasnoticias.com.br\/home\/camara-de-rio-branco-aprova-lei-que-permite-biblias-em-bibliotecas-escolares\/","og_locale":"pt_BR","og_type":"article","og_title":"C\u00e2mara de Rio Branco aprova lei que permite B\u00edblias em bibliotecas escolares - Jornal","og_description":"C\u00e2mara de Rio Branco aprova lei que permite B\u00edblias em bibliotecas escolares","og_url":"https:\/\/jornalboasnoticias.com.br\/home\/camara-de-rio-branco-aprova-lei-que-permite-biblias-em-bibliotecas-escolares\/","og_site_name":"Jornal","article_publisher":"https:\/\/www.facebook.com\/boasnoticiasjornal","article_published_time":"2024-10-31T11:50:39+00:00","og_image":[{"width":1536,"height":901,"url":"https:\/\/jornalboasnoticias.com.br\/home\/wp-content\/uploads\/2024\/10\/biblioteca-1536x901-1.webp","type":"image\/webp"}],"author":"Ana Luiza Bonatto","twitter_card":"summary_large_image","twitter_misc":{"Escrito por":"Ana Luiza Bonatto","Est. tempo de leitura":"2 minutos"},"schema":{"@context":"https:\/\/schema.org","@graph":[{"@type":"Article","@id":"https:\/\/jornalboasnoticias.com.br\/home\/camara-de-rio-branco-aprova-lei-que-permite-biblias-em-bibliotecas-escolares\/#article","isPartOf":{"@id":"https:\/\/jornalboasnoticias.com.br\/home\/camara-de-rio-branco-aprova-lei-que-permite-biblias-em-bibliotecas-escolares\/"},"author":{"name":"Ana Luiza Bonatto","@id":"https:\/\/jornalboasnoticias.com.br\/home\/#\/schema\/person\/d641193e0afc6405b390164dac847971"},"headline":"C\u00e2mara de Rio Branco aprova lei que permite B\u00edblias em bibliotecas escolares","datePublished":"2024-10-31T11:50:39+00:00","mainEntityOfPage":{"@id":"https:\/\/jornalboasnoticias.com.br\/home\/camara-de-rio-branco-aprova-lei-que-permite-biblias-em-bibliotecas-escolares\/"},"wordCount":337,"commentCount":0,"publisher":{"@id":"https:\/\/jornalboasnoticias.com.br\/home\/#organization"},"image":{"@id":"https:\/\/jornalboasnoticias.com.br\/home\/camara-de-rio-branco-aprova-lei-que-permite-biblias-em-bibliotecas-escolares\/#primaryimage"},"thumbnailUrl":"https:\/\/jornalboasnoticias.com.br\/home\/wp-content\/uploads\/2024\/10\/biblioteca-1536x901-1.webp","articleSection":["BRASIL"],"inLanguage":"pt-BR","potentialAction":[{"@type":"CommentAction","name":"Comment","target":["https:\/\/jornalboasnoticias.com.br\/home\/camara-de-rio-branco-aprova-lei-que-permite-biblias-em-bibliotecas-escolares\/#respond"]}]},{"@type":"WebPage","@id":"https:\/\/jornalboasnoticias.com.br\/home\/camara-de-rio-branco-aprova-lei-que-permite-biblias-em-bibliotecas-escolares\/","url":"https:\/\/jornalboasnoticias.com.br\/home\/camara-de-rio-branco-aprova-lei-que-permite-biblias-em-bibliotecas-escolares\/","name":"C\u00e2mara de Rio Branco aprova lei que permite B\u00edblias em bibliotecas escolares - Jornal","isPartOf":{"@id":"https:\/\/jornalboasnoticias.com.br\/home\/#website"},"primaryImageOfPage":{"@id":"https:\/\/jornalboasnoticias.com.br\/home\/camara-de-rio-branco-aprova-lei-que-permite-biblias-em-bibliotecas-escolares\/#primaryimage"},"image":{"@id":"https:\/\/jornalboasnoticias.com.br\/home\/camara-de-rio-branco-aprova-lei-que-permite-biblias-em-bibliotecas-escolares\/#primaryimage"},"thumbnailUrl":"https:\/\/jornalboasnoticias.com.br\/home\/wp-content\/uploads\/2024\/10\/biblioteca-1536x901-1.webp","datePublished":"2024-10-31T11:50:39+00:00","description":"C\u00e2mara de Rio Branco aprova lei que permite B\u00edblias em bibliotecas escolares","breadcrumb":{"@id":"https:\/\/jornalboasnoticias.com.br\/home\/camara-de-rio-branco-aprova-lei-que-permite-biblias-em-bibliotecas-escolares\/#breadcrumb"},"inLanguage":"pt-BR","potentialAction":[{"@type":"ReadAction","target":["https:\/\/jornalboasnoticias.com.br\/home\/camara-de-rio-branco-aprova-lei-que-permite-biblias-em-bibliotecas-escolares\/"]}]},{"@type":"ImageObject","inLanguage":"pt-BR","@id":"https:\/\/jornalboasnoticias.com.br\/home\/camara-de-rio-branco-aprova-lei-que-permite-biblias-em-bibliotecas-escolares\/#primaryimage","url":"https:\/\/jornalboasnoticias.com.br\/home\/wp-content\/uploads\/2024\/10\/biblioteca-1536x901-1.webp","contentUrl":"https:\/\/jornalboasnoticias.com.br\/home\/wp-content\/uploads\/2024\/10\/biblioteca-1536x901-1.webp","width":1536,"height":901,"caption":"(Foto: Alfons Morales \/ Unsplash"},{"@type":"BreadcrumbList","@id":"https:\/\/jornalboasnoticias.com.br\/home\/camara-de-rio-branco-aprova-lei-que-permite-biblias-em-bibliotecas-escolares\/#breadcrumb","itemListElement":[{"@type":"ListItem","position":1,"name":"In\u00edcio","item":"https:\/\/jornalboasnoticias.com.br\/home\/"},{"@type":"ListItem","position":2,"name":"C\u00e2mara de Rio Branco aprova lei que permite B\u00edblias em bibliotecas escolares"}]},{"@type":"WebSite","@id":"https:\/\/jornalboasnoticias.com.br\/home\/#website","url":"https:\/\/jornalboasnoticias.com.br\/home\/","name":"Jornal Boas Not\u00edcias","description":"Boas not\u00edcias","publisher":{"@id":"https:\/\/jornalboasnoticias.com.br\/home\/#organization"},"potentialAction":[{"@type":"SearchAction","target":{"@type":"EntryPoint","urlTemplate":"https:\/\/jornalboasnoticias.com.br\/home\/?s={search_term_string}"},"query-input":{"@type":"PropertyValueSpecification","valueRequired":true,"valueName":"search_term_string"}}],"inLanguage":"pt-BR"},{"@type":"Organization","@id":"https:\/\/jornalboasnoticias.com.br\/home\/#organization","name":"Coq Editora Ltda","alternateName":"Jornal Boas Noticias","url":"https:\/\/jornalboasnoticias.com.br\/home\/","logo":{"@type":"ImageObject","inLanguage":"pt-BR","@id":"https:\/\/jornalboasnoticias.com.br\/home\/#\/schema\/logo\/image\/","url":"https:\/\/jornalboasnoticias.com.br\/home\/wp-content\/uploads\/2024\/07\/cropped-logo.jpg","contentUrl":"https:\/\/jornalboasnoticias.com.br\/home\/wp-content\/uploads\/2024\/07\/cropped-logo.jpg","width":290,"height":142,"caption":"Coq Editora Ltda"},"image":{"@id":"https:\/\/jornalboasnoticias.com.br\/home\/#\/schema\/logo\/image\/"},"sameAs":["https:\/\/www.facebook.com\/boasnoticiasjornal"]},{"@type":"Person","@id":"https:\/\/jornalboasnoticias.com.br\/home\/#\/schema\/person\/d641193e0afc6405b390164dac847971","name":"Ana Luiza Bonatto","image":{"@type":"ImageObject","inLanguage":"pt-BR","@id":"https:\/\/secure.gravatar.com\/avatar\/8a055ebe6373371f67ac6fcf313c0ac0b0a91157fdcdb9514fa62927373348f0?s=96&d=mm&r=g","url":"https:\/\/secure.gravatar.com\/avatar\/8a055ebe6373371f67ac6fcf313c0ac0b0a91157fdcdb9514fa62927373348f0?s=96&d=mm&r=g","contentUrl":"https:\/\/secure.gravatar.com\/avatar\/8a055ebe6373371f67ac6fcf313c0ac0b0a91157fdcdb9514fa62927373348f0?s=96&d=mm&r=g","caption":"Ana Luiza Bonatto"},"url":"https:\/\/jornalboasnoticias.com.br\/home\/author\/ana-luiza\/"}]}},"_links":{"self":[{"href":"https:\/\/jornalboasnoticias.com.br\/home\/wp-json\/wp\/v2\/posts\/44989","targetHints":{"allow":["GET"]}}],"collection":[{"href":"https:\/\/jornalboasnoticias.com.br\/home\/wp-json\/wp\/v2\/posts"}],"about":[{"href":"https:\/\/jornalboasnoticias.com.br\/home\/wp-json\/wp\/v2\/types\/post"}],"author":[{"embeddable":true,"href":"https:\/\/jornalboasnoticias.com.br\/home\/wp-json\/wp\/v2\/users\/4"}],"replies":[{"embeddable":true,"href":"https:\/\/jornalboasnoticias.com.br\/home\/wp-json\/wp\/v2\/comments?post=44989"}],"version-history":[{"count":1,"href":"https:\/\/jornalboasnoticias.com.br\/home\/wp-json\/wp\/v2\/posts\/44989\/revisions"}],"predecessor-version":[{"id":44991,"href":"https:\/\/jornalboasnoticias.com.br\/home\/wp-json\/wp\/v2\/posts\/44989\/revisions\/44991"}],"wp:featuredmedia":[{"embeddable":true,"href":"https:\/\/jornalboasnoticias.com.br\/home\/wp-json\/wp\/v2\/media\/44990"}],"wp:attachment":[{"href":"https:\/\/jornalboasnoticias.com.br\/home\/wp-json\/wp\/v2\/media?parent=44989"}],"wp:term":[{"taxonomy":"category","embeddable":true,"href":"https:\/\/jornalboasnoticias.com.br\/home\/wp-json\/wp\/v2\/categories?post=44989"},{"taxonomy":"post_tag","embeddable":true,"href":"https:\/\/jornalboasnoticias.com.br\/home\/wp-json\/wp\/v2\/tags?post=44989"}],"curies":[{"name":"wp","href":"https:\/\/api.w.org\/{rel}","templated":true}]}}