{"id":44986,"date":"2024-10-31T11:42:14","date_gmt":"2024-10-31T11:42:14","guid":{"rendered":"https:\/\/jornalboasnoticias.com.br\/home\/?p=44986"},"modified":"2024-10-31T11:42:14","modified_gmt":"2024-10-31T11:42:14","slug":"toledo-tem-mais-8-esb-e-5-esf-credenciadas-pelo-ministerio-da-saude","status":"publish","type":"post","link":"https:\/\/jornalboasnoticias.com.br\/home\/toledo-tem-mais-8-esb-e-5-esf-credenciadas-pelo-ministerio-da-saude\/","title":{"rendered":"Toledo tem mais 8 eSB e 5 eSF credenciadas pelo Minist\u00e9rio da Sa\u00fade"},"content":{"rendered":"<div data-open-accessibility-text-original=\"17.136px\">\n<figure id=\"attachment_44987\" aria-describedby=\"caption-attachment-44987\" style=\"width: 1349px\" class=\"wp-caption alignnone\"><img loading=\"lazy\" decoding=\"async\" class=\"size-full wp-image-44987\" src=\"https:\/\/jornalboasnoticias.com.br\/home\/wp-content\/uploads\/2024\/10\/ubs_cosmos_311024_foto_fabio_ulsenheimer_0.jpg\" alt=\"\" width=\"1349\" height=\"900\" srcset=\"https:\/\/jornalboasnoticias.com.br\/home\/wp-content\/uploads\/2024\/10\/ubs_cosmos_311024_foto_fabio_ulsenheimer_0.jpg 1349w, https:\/\/jornalboasnoticias.com.br\/home\/wp-content\/uploads\/2024\/10\/ubs_cosmos_311024_foto_fabio_ulsenheimer_0-300x200.jpg 300w, https:\/\/jornalboasnoticias.com.br\/home\/wp-content\/uploads\/2024\/10\/ubs_cosmos_311024_foto_fabio_ulsenheimer_0-1024x683.jpg 1024w, https:\/\/jornalboasnoticias.com.br\/home\/wp-content\/uploads\/2024\/10\/ubs_cosmos_311024_foto_fabio_ulsenheimer_0-768x512.jpg 768w, https:\/\/jornalboasnoticias.com.br\/home\/wp-content\/uploads\/2024\/10\/ubs_cosmos_311024_foto_fabio_ulsenheimer_0-900x600.jpg 900w\" sizes=\"auto, (max-width: 1349px) 100vw, 1349px\" \/><figcaption id=\"caption-attachment-44987\" class=\"wp-caption-text\">Foto: Secom Toledo<\/figcaption><\/figure>\n<\/div>\n<blockquote>\n<div class=\"flex-caption\" data-open-accessibility-text-original=\"17.136px\">Segundo portarias publicadas no DOU desta segunda-feira (29), munic\u00edpio receber\u00e1 aportes para ajudar a manter 13 equipes de sa\u00fade bucal e 32 de sa\u00fade da fam\u00edlia<\/div>\n<\/blockquote>\n<p data-open-accessibility-text-original=\"17.136px\"><span data-open-accessibility-text-original=\"16px\">A edi\u00e7\u00e3o desta segunda-feira (29) do Di\u00e1rio Oficial da Uni\u00e3o (DOU) trouxe duas \u00f3timas not\u00edcias para a aten\u00e7\u00e3o prim\u00e1ria em sa\u00fade de Toledo. A publica\u00e7\u00e3o cont\u00e9m portarias que credenciam oito equipes de sa\u00fade bucal (eSB) e cinco de sa\u00fade da fam\u00edlia (eSF) em Toledo \u2013 ambas com jornada semanal de 40 horas.<\/span><\/p>\n<p data-open-accessibility-text-original=\"17.136px\"><span data-open-accessibility-text-original=\"16px\">Com esse acr\u00e9scimo, o n\u00famero de eSB mantidas parcialmente com recursos federais passa de 5 para 13, um aumento de 160%. Por sua vez, o quantitativo de eSF salta de 27 para 32, crescimento de 18,52%.\u00a0<\/span><\/p>\n<p data-open-accessibility-text-original=\"17.136px\"><span data-open-accessibility-text-original=\"16px\">A amplia\u00e7\u00e3o no n\u00famero de eSB consta na <\/span><a href=\"https:\/\/www.in.gov.br\/web\/dou\/-\/portaria-gm\/ms-n-5.508-de-24-de-outubro-de-2024-592799868\" data-open-accessibility-text-original=\"17.136px\"><span data-open-accessibility-text-original=\"16px\">Portaria GM\/MS n\u00ba 5.508, de 24 de outubro de 2024<\/span><\/a><span data-open-accessibility-text-original=\"16px\">, que contempla 700 munic\u00edpios em todo o Brasil (38 no Paran\u00e1) e permite o aporte de recursos em mais 2.783 novas equipes de sa\u00fade bucal, compostas por cirurgi\u00e3o-dentista e t\u00e9cnico (ou auxiliar) em sa\u00fade bucal.\u00a0<\/span><\/p>\n<p data-open-accessibility-text-original=\"17.136px\"><span data-open-accessibility-text-original=\"16px\">O ato tamb\u00e9m prev\u00ea a destina\u00e7\u00e3o de incentivos financeiros para apoiar a implanta\u00e7\u00e3o de servi\u00e7os de sa\u00fade bucal em 52 munic\u00edpios, incentivos de capital para a estrutura\u00e7\u00e3o do atendimento em 54 munic\u00edpios e o credenciamento de unidades odontol\u00f3gicas m\u00f3veis em 6 munic\u00edpios. Para custear estas a\u00e7\u00f5es em 2024, o Minist\u00e9rio da Sa\u00fade aportar\u00e1 R$ 228.619.651,24, com previs\u00e3o de investimento de R$ 380.580.017,02 no ano que vem.\u00a0<\/span><\/p>\n<p data-open-accessibility-text-original=\"17.136px\"><span data-open-accessibility-text-original=\"16px\">Sa\u00fade da fam\u00edlia \u2013 <\/span><span data-open-accessibility-text-original=\"16px\">O aumento no n\u00famero de eSF habilitadas para receber aportes da Uni\u00e3o figura na <\/span><a href=\"https:\/\/www.in.gov.br\/web\/dou\/-\/portaria-gm\/ms-n-5.610-de-23-de-outubro-de-2024-592472056\" data-open-accessibility-text-original=\"17.136px\"><span data-open-accessibility-text-original=\"16px\">Portaria GM\/MS n\u00ba 5.610, de 23 de outubro de 2024<\/span><\/a><span data-open-accessibility-text-original=\"16px\">, que beneficiou 562 munic\u00edpios do pa\u00eds (40 em nosso estado). Juntos, eles receber\u00e3o R$ 130.048.000,00 neste ano e R$ 724.074.000,00 em 2025 para a manuten\u00e7\u00e3o de mais 2.363 equipes de sa\u00fade da fam\u00edlia, da qual fazem parte m\u00e9dico e enfermeiro especialistas em sa\u00fade da fam\u00edlia, al\u00e9m de t\u00e9cnico de enfermagem e agente comunit\u00e1rio de sa\u00fade (ACS).<\/span><\/p>\n<p data-open-accessibility-text-original=\"17.136px\"><span data-open-accessibility-text-original=\"16px\">A secret\u00e1ria de Sa\u00fade de Toledo, Gabriela Kucharksi, celebra o credenciamento destas equipes, que j\u00e1 estavam em funcionamento e mantidas 100% com recursos pr\u00f3prios. \u201cAntes de iniciar o cofinanciamento com os munic\u00edpios, o Minist\u00e9rio da Sa\u00fade imp\u00f5e a condi\u00e7\u00e3o para que estes formem e iniciem os trabalhos das equipes. S\u00e3o recursos que n\u00e3o cobrem integralmente o custeio, mas que s\u00e3o muito bem-vindos\u201d, observa.\u00a0<\/span><\/p>\n<p data-open-accessibility-text-original=\"17.136px\"><span data-open-accessibility-text-original=\"16px\">Gabriela destaca que o aumento no n\u00famero de eSF supera o previsto no plano de governo. \u201cNo in\u00edcio da gest\u00e3o, t\u00ednhamos 23 equipes e t\u00ednhamos o compromisso de criar mais cinco. Felizmente, conseguimos ir al\u00e9m e mais nove foram formadas. Somadas \u00e0s 11 eAP [equipes de aten\u00e7\u00e3o prim\u00e1ria] em unidades de sa\u00fade tradicionais, constitu\u00eddas por m\u00e9dico e enfermeiro, podemos afirmar que praticamente n\u00e3o existem mais consult\u00f3rios vazios em nossas unidades de aten\u00e7\u00e3o prim\u00e1ria nos bairros e distritos, o que se traduz em um maior acesso da popula\u00e7\u00e3o a este servi\u00e7o\u201d, salienta.\u00a0<\/span><\/p>\n<p data-open-accessibility-text-original=\"17.136px\"><span data-open-accessibility-text-original=\"16px\">A diretora do Departamento da Rede de Aten\u00e7\u00e3o Prim\u00e1ria \u00e0 Sa\u00fade, Tatiane Veiga Rodrigues, acrescenta que tamb\u00e9m houve aumento no n\u00famero de ACS na atual gest\u00e3o. \u201cSa\u00edmos de 100 para 174 e, gra\u00e7as a estes profissionais, que visitaram casa por casa, a cobertura da aten\u00e7\u00e3o b\u00e1sica chegou a 100%, marca atingida por poucos munic\u00edpios em nosso pa\u00eds\u201d, comenta.<\/span><\/p>\n<p data-open-accessibility-text-original=\"17.136px\"><strong><em>Secom Toledo<\/em><\/strong><\/p>\n","protected":false},"excerpt":{"rendered":"<p>Segundo portarias publicadas no DOU desta segunda-feira (29), munic\u00edpio receber\u00e1 aportes para ajudar a manter<\/p>\n","protected":false},"author":4,"featured_media":44987,"comment_status":"open","ping_status":"open","sticky":false,"template":"","format":"standard","meta":{"footnotes":""},"categories":[4],"tags":[],"class_list":["post-44986","post","type-post","status-publish","format-standard","has-post-thumbnail","hentry","category-parana"],"yoast_head":"<!-- This site is optimized with the Yoast SEO plugin v27.5 - https:\/\/yoast.com\/product\/yoast-seo-wordpress\/ -->\n<title>Toledo tem mais 8 eSB e 5 eSF credenciadas pelo Minist\u00e9rio da Sa\u00fade - Jornal<\/title>\n<meta name=\"description\" content=\"Toledo tem mais 8 eSB e 5 eSF credenciadas pelo Minist\u00e9rio da Sa\u00fade\" \/>\n<meta name=\"robots\" content=\"index, follow, max-snippet:-1, max-image-preview:large, max-video-preview:-1\" \/>\n<link rel=\"canonical\" href=\"https:\/\/jornalboasnoticias.com.br\/home\/toledo-tem-mais-8-esb-e-5-esf-credenciadas-pelo-ministerio-da-saude\/\" \/>\n<meta property=\"og:locale\" content=\"pt_BR\" \/>\n<meta property=\"og:type\" content=\"article\" \/>\n<meta property=\"og:title\" content=\"Toledo tem mais 8 eSB e 5 eSF credenciadas pelo Minist\u00e9rio da Sa\u00fade - Jornal\" \/>\n<meta property=\"og:description\" content=\"Toledo tem mais 8 eSB e 5 eSF credenciadas pelo Minist\u00e9rio da Sa\u00fade\" \/>\n<meta property=\"og:url\" content=\"https:\/\/jornalboasnoticias.com.br\/home\/toledo-tem-mais-8-esb-e-5-esf-credenciadas-pelo-ministerio-da-saude\/\" \/>\n<meta property=\"og:site_name\" content=\"Jornal\" \/>\n<meta property=\"article:publisher\" content=\"https:\/\/www.facebook.com\/boasnoticiasjornal\" \/>\n<meta property=\"article:published_time\" content=\"2024-10-31T11:42:14+00:00\" \/>\n<meta property=\"og:image\" content=\"https:\/\/jornalboasnoticias.com.br\/home\/wp-content\/uploads\/2024\/10\/ubs_cosmos_311024_foto_fabio_ulsenheimer_0.jpg\" \/>\n\t<meta property=\"og:image:width\" content=\"1349\" \/>\n\t<meta property=\"og:image:height\" content=\"900\" \/>\n\t<meta property=\"og:image:type\" content=\"image\/jpeg\" \/>\n<meta name=\"author\" content=\"Ana Luiza Bonatto\" \/>\n<meta name=\"twitter:card\" content=\"summary_large_image\" \/>\n<meta name=\"twitter:label1\" content=\"Escrito por\" \/>\n\t<meta name=\"twitter:data1\" content=\"Ana Luiza Bonatto\" \/>\n\t<meta name=\"twitter:label2\" content=\"Est. tempo de leitura\" \/>\n\t<meta name=\"twitter:data2\" content=\"4 minutos\" \/>\n<script type=\"application\/ld+json\" class=\"yoast-schema-graph\">{\"@context\":\"https:\\\/\\\/schema.org\",\"@graph\":[{\"@type\":\"Article\",\"@id\":\"https:\\\/\\\/jornalboasnoticias.com.br\\\/home\\\/toledo-tem-mais-8-esb-e-5-esf-credenciadas-pelo-ministerio-da-saude\\\/#article\",\"isPartOf\":{\"@id\":\"https:\\\/\\\/jornalboasnoticias.com.br\\\/home\\\/toledo-tem-mais-8-esb-e-5-esf-credenciadas-pelo-ministerio-da-saude\\\/\"},\"author\":{\"name\":\"Ana Luiza Bonatto\",\"@id\":\"https:\\\/\\\/jornalboasnoticias.com.br\\\/home\\\/#\\\/schema\\\/person\\\/d641193e0afc6405b390164dac847971\"},\"headline\":\"Toledo tem mais 8 eSB e 5 eSF credenciadas pelo Minist\u00e9rio da Sa\u00fade\",\"datePublished\":\"2024-10-31T11:42:14+00:00\",\"mainEntityOfPage\":{\"@id\":\"https:\\\/\\\/jornalboasnoticias.com.br\\\/home\\\/toledo-tem-mais-8-esb-e-5-esf-credenciadas-pelo-ministerio-da-saude\\\/\"},\"wordCount\":612,\"commentCount\":0,\"publisher\":{\"@id\":\"https:\\\/\\\/jornalboasnoticias.com.br\\\/home\\\/#organization\"},\"image\":{\"@id\":\"https:\\\/\\\/jornalboasnoticias.com.br\\\/home\\\/toledo-tem-mais-8-esb-e-5-esf-credenciadas-pelo-ministerio-da-saude\\\/#primaryimage\"},\"thumbnailUrl\":\"https:\\\/\\\/jornalboasnoticias.com.br\\\/home\\\/wp-content\\\/uploads\\\/2024\\\/10\\\/ubs_cosmos_311024_foto_fabio_ulsenheimer_0.jpg\",\"articleSection\":[\"PARAN\u00c1\"],\"inLanguage\":\"pt-BR\",\"potentialAction\":[{\"@type\":\"CommentAction\",\"name\":\"Comment\",\"target\":[\"https:\\\/\\\/jornalboasnoticias.com.br\\\/home\\\/toledo-tem-mais-8-esb-e-5-esf-credenciadas-pelo-ministerio-da-saude\\\/#respond\"]}]},{\"@type\":\"WebPage\",\"@id\":\"https:\\\/\\\/jornalboasnoticias.com.br\\\/home\\\/toledo-tem-mais-8-esb-e-5-esf-credenciadas-pelo-ministerio-da-saude\\\/\",\"url\":\"https:\\\/\\\/jornalboasnoticias.com.br\\\/home\\\/toledo-tem-mais-8-esb-e-5-esf-credenciadas-pelo-ministerio-da-saude\\\/\",\"name\":\"Toledo tem mais 8 eSB e 5 eSF credenciadas pelo Minist\u00e9rio da Sa\u00fade - Jornal\",\"isPartOf\":{\"@id\":\"https:\\\/\\\/jornalboasnoticias.com.br\\\/home\\\/#website\"},\"primaryImageOfPage\":{\"@id\":\"https:\\\/\\\/jornalboasnoticias.com.br\\\/home\\\/toledo-tem-mais-8-esb-e-5-esf-credenciadas-pelo-ministerio-da-saude\\\/#primaryimage\"},\"image\":{\"@id\":\"https:\\\/\\\/jornalboasnoticias.com.br\\\/home\\\/toledo-tem-mais-8-esb-e-5-esf-credenciadas-pelo-ministerio-da-saude\\\/#primaryimage\"},\"thumbnailUrl\":\"https:\\\/\\\/jornalboasnoticias.com.br\\\/home\\\/wp-content\\\/uploads\\\/2024\\\/10\\\/ubs_cosmos_311024_foto_fabio_ulsenheimer_0.jpg\",\"datePublished\":\"2024-10-31T11:42:14+00:00\",\"description\":\"Toledo tem mais 8 eSB e 5 eSF credenciadas pelo Minist\u00e9rio da Sa\u00fade\",\"breadcrumb\":{\"@id\":\"https:\\\/\\\/jornalboasnoticias.com.br\\\/home\\\/toledo-tem-mais-8-esb-e-5-esf-credenciadas-pelo-ministerio-da-saude\\\/#breadcrumb\"},\"inLanguage\":\"pt-BR\",\"potentialAction\":[{\"@type\":\"ReadAction\",\"target\":[\"https:\\\/\\\/jornalboasnoticias.com.br\\\/home\\\/toledo-tem-mais-8-esb-e-5-esf-credenciadas-pelo-ministerio-da-saude\\\/\"]}]},{\"@type\":\"ImageObject\",\"inLanguage\":\"pt-BR\",\"@id\":\"https:\\\/\\\/jornalboasnoticias.com.br\\\/home\\\/toledo-tem-mais-8-esb-e-5-esf-credenciadas-pelo-ministerio-da-saude\\\/#primaryimage\",\"url\":\"https:\\\/\\\/jornalboasnoticias.com.br\\\/home\\\/wp-content\\\/uploads\\\/2024\\\/10\\\/ubs_cosmos_311024_foto_fabio_ulsenheimer_0.jpg\",\"contentUrl\":\"https:\\\/\\\/jornalboasnoticias.com.br\\\/home\\\/wp-content\\\/uploads\\\/2024\\\/10\\\/ubs_cosmos_311024_foto_fabio_ulsenheimer_0.jpg\",\"width\":1349,\"height\":900,\"caption\":\"Foto: Secom Toledo\"},{\"@type\":\"BreadcrumbList\",\"@id\":\"https:\\\/\\\/jornalboasnoticias.com.br\\\/home\\\/toledo-tem-mais-8-esb-e-5-esf-credenciadas-pelo-ministerio-da-saude\\\/#breadcrumb\",\"itemListElement\":[{\"@type\":\"ListItem\",\"position\":1,\"name\":\"In\u00edcio\",\"item\":\"https:\\\/\\\/jornalboasnoticias.com.br\\\/home\\\/\"},{\"@type\":\"ListItem\",\"position\":2,\"name\":\"Toledo tem mais 8 eSB e 5 eSF credenciadas pelo Minist\u00e9rio da Sa\u00fade\"}]},{\"@type\":\"WebSite\",\"@id\":\"https:\\\/\\\/jornalboasnoticias.com.br\\\/home\\\/#website\",\"url\":\"https:\\\/\\\/jornalboasnoticias.com.br\\\/home\\\/\",\"name\":\"Jornal Boas Not\u00edcias\",\"description\":\"Boas not\u00edcias\",\"publisher\":{\"@id\":\"https:\\\/\\\/jornalboasnoticias.com.br\\\/home\\\/#organization\"},\"potentialAction\":[{\"@type\":\"SearchAction\",\"target\":{\"@type\":\"EntryPoint\",\"urlTemplate\":\"https:\\\/\\\/jornalboasnoticias.com.br\\\/home\\\/?s={search_term_string}\"},\"query-input\":{\"@type\":\"PropertyValueSpecification\",\"valueRequired\":true,\"valueName\":\"search_term_string\"}}],\"inLanguage\":\"pt-BR\"},{\"@type\":\"Organization\",\"@id\":\"https:\\\/\\\/jornalboasnoticias.com.br\\\/home\\\/#organization\",\"name\":\"Coq Editora Ltda\",\"alternateName\":\"Jornal Boas Noticias\",\"url\":\"https:\\\/\\\/jornalboasnoticias.com.br\\\/home\\\/\",\"logo\":{\"@type\":\"ImageObject\",\"inLanguage\":\"pt-BR\",\"@id\":\"https:\\\/\\\/jornalboasnoticias.com.br\\\/home\\\/#\\\/schema\\\/logo\\\/image\\\/\",\"url\":\"https:\\\/\\\/jornalboasnoticias.com.br\\\/home\\\/wp-content\\\/uploads\\\/2024\\\/07\\\/cropped-logo.jpg\",\"contentUrl\":\"https:\\\/\\\/jornalboasnoticias.com.br\\\/home\\\/wp-content\\\/uploads\\\/2024\\\/07\\\/cropped-logo.jpg\",\"width\":290,\"height\":142,\"caption\":\"Coq Editora Ltda\"},\"image\":{\"@id\":\"https:\\\/\\\/jornalboasnoticias.com.br\\\/home\\\/#\\\/schema\\\/logo\\\/image\\\/\"},\"sameAs\":[\"https:\\\/\\\/www.facebook.com\\\/boasnoticiasjornal\"]},{\"@type\":\"Person\",\"@id\":\"https:\\\/\\\/jornalboasnoticias.com.br\\\/home\\\/#\\\/schema\\\/person\\\/d641193e0afc6405b390164dac847971\",\"name\":\"Ana Luiza Bonatto\",\"image\":{\"@type\":\"ImageObject\",\"inLanguage\":\"pt-BR\",\"@id\":\"https:\\\/\\\/secure.gravatar.com\\\/avatar\\\/8a055ebe6373371f67ac6fcf313c0ac0b0a91157fdcdb9514fa62927373348f0?s=96&d=mm&r=g\",\"url\":\"https:\\\/\\\/secure.gravatar.com\\\/avatar\\\/8a055ebe6373371f67ac6fcf313c0ac0b0a91157fdcdb9514fa62927373348f0?s=96&d=mm&r=g\",\"contentUrl\":\"https:\\\/\\\/secure.gravatar.com\\\/avatar\\\/8a055ebe6373371f67ac6fcf313c0ac0b0a91157fdcdb9514fa62927373348f0?s=96&d=mm&r=g\",\"caption\":\"Ana Luiza Bonatto\"},\"url\":\"https:\\\/\\\/jornalboasnoticias.com.br\\\/home\\\/author\\\/ana-luiza\\\/\"}]}<\/script>\n<!-- \/ Yoast SEO plugin. -->","yoast_head_json":{"title":"Toledo tem mais 8 eSB e 5 eSF credenciadas pelo Minist\u00e9rio da Sa\u00fade - Jornal","description":"Toledo tem mais 8 eSB e 5 eSF credenciadas pelo Minist\u00e9rio da Sa\u00fade","robots":{"index":"index","follow":"follow","max-snippet":"max-snippet:-1","max-image-preview":"max-image-preview:large","max-video-preview":"max-video-preview:-1"},"canonical":"https:\/\/jornalboasnoticias.com.br\/home\/toledo-tem-mais-8-esb-e-5-esf-credenciadas-pelo-ministerio-da-saude\/","og_locale":"pt_BR","og_type":"article","og_title":"Toledo tem mais 8 eSB e 5 eSF credenciadas pelo Minist\u00e9rio da Sa\u00fade - Jornal","og_description":"Toledo tem mais 8 eSB e 5 eSF credenciadas pelo Minist\u00e9rio da Sa\u00fade","og_url":"https:\/\/jornalboasnoticias.com.br\/home\/toledo-tem-mais-8-esb-e-5-esf-credenciadas-pelo-ministerio-da-saude\/","og_site_name":"Jornal","article_publisher":"https:\/\/www.facebook.com\/boasnoticiasjornal","article_published_time":"2024-10-31T11:42:14+00:00","og_image":[{"width":1349,"height":900,"url":"https:\/\/jornalboasnoticias.com.br\/home\/wp-content\/uploads\/2024\/10\/ubs_cosmos_311024_foto_fabio_ulsenheimer_0.jpg","type":"image\/jpeg"}],"author":"Ana Luiza Bonatto","twitter_card":"summary_large_image","twitter_misc":{"Escrito por":"Ana Luiza Bonatto","Est. tempo de leitura":"4 minutos"},"schema":{"@context":"https:\/\/schema.org","@graph":[{"@type":"Article","@id":"https:\/\/jornalboasnoticias.com.br\/home\/toledo-tem-mais-8-esb-e-5-esf-credenciadas-pelo-ministerio-da-saude\/#article","isPartOf":{"@id":"https:\/\/jornalboasnoticias.com.br\/home\/toledo-tem-mais-8-esb-e-5-esf-credenciadas-pelo-ministerio-da-saude\/"},"author":{"name":"Ana Luiza Bonatto","@id":"https:\/\/jornalboasnoticias.com.br\/home\/#\/schema\/person\/d641193e0afc6405b390164dac847971"},"headline":"Toledo tem mais 8 eSB e 5 eSF credenciadas pelo Minist\u00e9rio da Sa\u00fade","datePublished":"2024-10-31T11:42:14+00:00","mainEntityOfPage":{"@id":"https:\/\/jornalboasnoticias.com.br\/home\/toledo-tem-mais-8-esb-e-5-esf-credenciadas-pelo-ministerio-da-saude\/"},"wordCount":612,"commentCount":0,"publisher":{"@id":"https:\/\/jornalboasnoticias.com.br\/home\/#organization"},"image":{"@id":"https:\/\/jornalboasnoticias.com.br\/home\/toledo-tem-mais-8-esb-e-5-esf-credenciadas-pelo-ministerio-da-saude\/#primaryimage"},"thumbnailUrl":"https:\/\/jornalboasnoticias.com.br\/home\/wp-content\/uploads\/2024\/10\/ubs_cosmos_311024_foto_fabio_ulsenheimer_0.jpg","articleSection":["PARAN\u00c1"],"inLanguage":"pt-BR","potentialAction":[{"@type":"CommentAction","name":"Comment","target":["https:\/\/jornalboasnoticias.com.br\/home\/toledo-tem-mais-8-esb-e-5-esf-credenciadas-pelo-ministerio-da-saude\/#respond"]}]},{"@type":"WebPage","@id":"https:\/\/jornalboasnoticias.com.br\/home\/toledo-tem-mais-8-esb-e-5-esf-credenciadas-pelo-ministerio-da-saude\/","url":"https:\/\/jornalboasnoticias.com.br\/home\/toledo-tem-mais-8-esb-e-5-esf-credenciadas-pelo-ministerio-da-saude\/","name":"Toledo tem mais 8 eSB e 5 eSF credenciadas pelo Minist\u00e9rio da Sa\u00fade - Jornal","isPartOf":{"@id":"https:\/\/jornalboasnoticias.com.br\/home\/#website"},"primaryImageOfPage":{"@id":"https:\/\/jornalboasnoticias.com.br\/home\/toledo-tem-mais-8-esb-e-5-esf-credenciadas-pelo-ministerio-da-saude\/#primaryimage"},"image":{"@id":"https:\/\/jornalboasnoticias.com.br\/home\/toledo-tem-mais-8-esb-e-5-esf-credenciadas-pelo-ministerio-da-saude\/#primaryimage"},"thumbnailUrl":"https:\/\/jornalboasnoticias.com.br\/home\/wp-content\/uploads\/2024\/10\/ubs_cosmos_311024_foto_fabio_ulsenheimer_0.jpg","datePublished":"2024-10-31T11:42:14+00:00","description":"Toledo tem mais 8 eSB e 5 eSF credenciadas pelo Minist\u00e9rio da Sa\u00fade","breadcrumb":{"@id":"https:\/\/jornalboasnoticias.com.br\/home\/toledo-tem-mais-8-esb-e-5-esf-credenciadas-pelo-ministerio-da-saude\/#breadcrumb"},"inLanguage":"pt-BR","potentialAction":[{"@type":"ReadAction","target":["https:\/\/jornalboasnoticias.com.br\/home\/toledo-tem-mais-8-esb-e-5-esf-credenciadas-pelo-ministerio-da-saude\/"]}]},{"@type":"ImageObject","inLanguage":"pt-BR","@id":"https:\/\/jornalboasnoticias.com.br\/home\/toledo-tem-mais-8-esb-e-5-esf-credenciadas-pelo-ministerio-da-saude\/#primaryimage","url":"https:\/\/jornalboasnoticias.com.br\/home\/wp-content\/uploads\/2024\/10\/ubs_cosmos_311024_foto_fabio_ulsenheimer_0.jpg","contentUrl":"https:\/\/jornalboasnoticias.com.br\/home\/wp-content\/uploads\/2024\/10\/ubs_cosmos_311024_foto_fabio_ulsenheimer_0.jpg","width":1349,"height":900,"caption":"Foto: Secom Toledo"},{"@type":"BreadcrumbList","@id":"https:\/\/jornalboasnoticias.com.br\/home\/toledo-tem-mais-8-esb-e-5-esf-credenciadas-pelo-ministerio-da-saude\/#breadcrumb","itemListElement":[{"@type":"ListItem","position":1,"name":"In\u00edcio","item":"https:\/\/jornalboasnoticias.com.br\/home\/"},{"@type":"ListItem","position":2,"name":"Toledo tem mais 8 eSB e 5 eSF credenciadas pelo Minist\u00e9rio da Sa\u00fade"}]},{"@type":"WebSite","@id":"https:\/\/jornalboasnoticias.com.br\/home\/#website","url":"https:\/\/jornalboasnoticias.com.br\/home\/","name":"Jornal Boas Not\u00edcias","description":"Boas not\u00edcias","publisher":{"@id":"https:\/\/jornalboasnoticias.com.br\/home\/#organization"},"potentialAction":[{"@type":"SearchAction","target":{"@type":"EntryPoint","urlTemplate":"https:\/\/jornalboasnoticias.com.br\/home\/?s={search_term_string}"},"query-input":{"@type":"PropertyValueSpecification","valueRequired":true,"valueName":"search_term_string"}}],"inLanguage":"pt-BR"},{"@type":"Organization","@id":"https:\/\/jornalboasnoticias.com.br\/home\/#organization","name":"Coq Editora Ltda","alternateName":"Jornal Boas Noticias","url":"https:\/\/jornalboasnoticias.com.br\/home\/","logo":{"@type":"ImageObject","inLanguage":"pt-BR","@id":"https:\/\/jornalboasnoticias.com.br\/home\/#\/schema\/logo\/image\/","url":"https:\/\/jornalboasnoticias.com.br\/home\/wp-content\/uploads\/2024\/07\/cropped-logo.jpg","contentUrl":"https:\/\/jornalboasnoticias.com.br\/home\/wp-content\/uploads\/2024\/07\/cropped-logo.jpg","width":290,"height":142,"caption":"Coq Editora Ltda"},"image":{"@id":"https:\/\/jornalboasnoticias.com.br\/home\/#\/schema\/logo\/image\/"},"sameAs":["https:\/\/www.facebook.com\/boasnoticiasjornal"]},{"@type":"Person","@id":"https:\/\/jornalboasnoticias.com.br\/home\/#\/schema\/person\/d641193e0afc6405b390164dac847971","name":"Ana Luiza Bonatto","image":{"@type":"ImageObject","inLanguage":"pt-BR","@id":"https:\/\/secure.gravatar.com\/avatar\/8a055ebe6373371f67ac6fcf313c0ac0b0a91157fdcdb9514fa62927373348f0?s=96&d=mm&r=g","url":"https:\/\/secure.gravatar.com\/avatar\/8a055ebe6373371f67ac6fcf313c0ac0b0a91157fdcdb9514fa62927373348f0?s=96&d=mm&r=g","contentUrl":"https:\/\/secure.gravatar.com\/avatar\/8a055ebe6373371f67ac6fcf313c0ac0b0a91157fdcdb9514fa62927373348f0?s=96&d=mm&r=g","caption":"Ana Luiza Bonatto"},"url":"https:\/\/jornalboasnoticias.com.br\/home\/author\/ana-luiza\/"}]}},"_links":{"self":[{"href":"https:\/\/jornalboasnoticias.com.br\/home\/wp-json\/wp\/v2\/posts\/44986","targetHints":{"allow":["GET"]}}],"collection":[{"href":"https:\/\/jornalboasnoticias.com.br\/home\/wp-json\/wp\/v2\/posts"}],"about":[{"href":"https:\/\/jornalboasnoticias.com.br\/home\/wp-json\/wp\/v2\/types\/post"}],"author":[{"embeddable":true,"href":"https:\/\/jornalboasnoticias.com.br\/home\/wp-json\/wp\/v2\/users\/4"}],"replies":[{"embeddable":true,"href":"https:\/\/jornalboasnoticias.com.br\/home\/wp-json\/wp\/v2\/comments?post=44986"}],"version-history":[{"count":1,"href":"https:\/\/jornalboasnoticias.com.br\/home\/wp-json\/wp\/v2\/posts\/44986\/revisions"}],"predecessor-version":[{"id":44988,"href":"https:\/\/jornalboasnoticias.com.br\/home\/wp-json\/wp\/v2\/posts\/44986\/revisions\/44988"}],"wp:featuredmedia":[{"embeddable":true,"href":"https:\/\/jornalboasnoticias.com.br\/home\/wp-json\/wp\/v2\/media\/44987"}],"wp:attachment":[{"href":"https:\/\/jornalboasnoticias.com.br\/home\/wp-json\/wp\/v2\/media?parent=44986"}],"wp:term":[{"taxonomy":"category","embeddable":true,"href":"https:\/\/jornalboasnoticias.com.br\/home\/wp-json\/wp\/v2\/categories?post=44986"},{"taxonomy":"post_tag","embeddable":true,"href":"https:\/\/jornalboasnoticias.com.br\/home\/wp-json\/wp\/v2\/tags?post=44986"}],"curies":[{"name":"wp","href":"https:\/\/api.w.org\/{rel}","templated":true}]}}