{"id":44983,"date":"2024-10-31T11:40:57","date_gmt":"2024-10-31T11:40:57","guid":{"rendered":"https:\/\/jornalboasnoticias.com.br\/home\/?p=44983"},"modified":"2024-10-31T11:40:57","modified_gmt":"2024-10-31T11:40:57","slug":"museu-willy-barth-abre-uma-exposicao-didatica-produtiva-e-divertida","status":"publish","type":"post","link":"https:\/\/jornalboasnoticias.com.br\/home\/museu-willy-barth-abre-uma-exposicao-didatica-produtiva-e-divertida\/","title":{"rendered":"Museu Willy Barth abre uma exposi\u00e7\u00e3o \u201cdid\u00e1tica, produtiva e divertida\u201d"},"content":{"rendered":"<figure id=\"attachment_44984\" aria-describedby=\"caption-attachment-44984\" style=\"width: 1349px\" class=\"wp-caption alignnone\"><img loading=\"lazy\" decoding=\"async\" class=\"size-full wp-image-44984\" src=\"https:\/\/jornalboasnoticias.com.br\/home\/wp-content\/uploads\/2024\/10\/museu_outubro_rosa_301024_foto_fabio_ulsenheimer_2_0.jpg\" alt=\"\" width=\"1349\" height=\"900\" srcset=\"https:\/\/jornalboasnoticias.com.br\/home\/wp-content\/uploads\/2024\/10\/museu_outubro_rosa_301024_foto_fabio_ulsenheimer_2_0.jpg 1349w, https:\/\/jornalboasnoticias.com.br\/home\/wp-content\/uploads\/2024\/10\/museu_outubro_rosa_301024_foto_fabio_ulsenheimer_2_0-300x200.jpg 300w, https:\/\/jornalboasnoticias.com.br\/home\/wp-content\/uploads\/2024\/10\/museu_outubro_rosa_301024_foto_fabio_ulsenheimer_2_0-1024x683.jpg 1024w, https:\/\/jornalboasnoticias.com.br\/home\/wp-content\/uploads\/2024\/10\/museu_outubro_rosa_301024_foto_fabio_ulsenheimer_2_0-768x512.jpg 768w, https:\/\/jornalboasnoticias.com.br\/home\/wp-content\/uploads\/2024\/10\/museu_outubro_rosa_301024_foto_fabio_ulsenheimer_2_0-900x600.jpg 900w\" sizes=\"auto, (max-width: 1349px) 100vw, 1349px\" \/><figcaption id=\"caption-attachment-44984\" class=\"wp-caption-text\">Foto: Secom Toledo<\/figcaption><\/figure>\n<p data-open-accessibility-text-original=\"17.136px\"><span data-open-accessibility-text-original=\"16px\">Teve in\u00edcio na \u00faltima ter\u00e7a-feira (29) a exposi\u00e7\u00e3o \u201cOutubro Rosa, Novembro Azul: Consci\u00eancia e Sa\u00fade\u201d no Museu Willy Barth. A exposi\u00e7\u00e3o, de autoria do pr\u00f3prio Museu, visa conscientizar a popula\u00e7\u00e3o sobre a import\u00e2ncia dos exames preventivos para c\u00e2ncer de pr\u00f3stata, mama e \u00fatero, utilizando objetos e obras nas cores azul e rosa, que simbolizam as campanhas de sa\u00fade masculina e feminina.\u00a0<\/span><\/p>\n<p data-open-accessibility-text-original=\"17.136px\"><span data-open-accessibility-text-original=\"16px\">Entre os convidados presentes na vernissage, estavam alunos da turma do curso de Tecnologias Educacionais da Universidade Estadual do Oeste do Paran\u00e1 (Unioeste). Na ocasi\u00e3o, o professor Marcos Nestor Stein, ministrou uma aula sobre acervo e museus, integrando a programa\u00e7\u00e3o educativa da noite.<\/span><\/p>\n<p data-open-accessibility-text-original=\"17.136px\"><span data-open-accessibility-text-original=\"16px\">\u201cFoi uma vernissage did\u00e1tica, produtiva e divertida. Os presentes fizeram perguntas acerca das obras, do ambiente expositivo e se identificaram com alguns objetos que seus pais e av\u00f3s utilizavam\u201d, mencionou o muse\u00f3logo respons\u00e1vel pela curadoria, pesquisa e montagem da exposi\u00e7\u00e3o, Luan da Rosa Pacheco.<\/span><\/p>\n<p data-open-accessibility-text-original=\"17.136px\"><span data-open-accessibility-text-original=\"16px\">O muse\u00f3logo tirou d\u00favidas sobre o projeto curatorial das exposi\u00e7\u00f5es. \u201cCabe frisar que \u00e9 a primeira vez no ano que todas as galerias do museu possuem exposi\u00e7\u00f5es autorais\u201d. A exposi\u00e7\u00e3o \u00e9 de curta dura\u00e7\u00e3o e ficar\u00e1 no Museu at\u00e9 dia 14 de novembro.\u00a0<\/span><\/p>\n<p data-open-accessibility-text-original=\"17.136px\"><span data-open-accessibility-text-original=\"16px\">O curador explica que por meio da arte \u00e9 poss\u00edvel instigar pensamentos cr\u00edticos e reflexivos. \u201cPercebi nos olhares dos visitantes a necessidade de refletir sobre o tema. Tanto que, quando as pessoas apreciavam as obras, elas viam que a proposta podia ter impacto direto ou indireto na vida de seus amigos e parentes\u201d, salientou.<\/span><\/p>\n<p data-open-accessibility-text-original=\"17.136px\"><span data-open-accessibility-text-original=\"16px\">A equipe do Museu Hist\u00f3rico Willy Barth, abra\u00e7ou as campanhas do Outubro Rosa e do Novembro Azul, demonstrando preocupa\u00e7\u00e3o com a sa\u00fade dos seus visitantes e familiares. \u201cNa exposi\u00e7\u00e3o, o visitante ver\u00e1 objetos cujas cores possuem rosa e azul. Objetos e telas de artistas locais ilustram a exposi\u00e7\u00e3o. Portanto, convidamos a comunidade a prestigiar o espa\u00e7o e refletir sobre a import\u00e2ncia desses exames em nossas vidas e das pessoas que amamos. N\u00e3o crie tabus acerca do tema. Pesquise e converse com amigos e familiares, pois quanto mais cedo diagnosticar, maiores s\u00e3o as chances de cura\u201d, complementa com este alerta o muse\u00f3logo Luan Pacheco.<\/span><\/p>\n<p data-open-accessibility-text-original=\"17.136px\"><em><strong>Secom Toledo<\/strong><\/em><\/p>\n","protected":false},"excerpt":{"rendered":"<p>Teve in\u00edcio na \u00faltima ter\u00e7a-feira (29) a exposi\u00e7\u00e3o \u201cOutubro Rosa, Novembro Azul: Consci\u00eancia e Sa\u00fade\u201d<\/p>\n","protected":false},"author":4,"featured_media":44984,"comment_status":"open","ping_status":"open","sticky":false,"template":"","format":"standard","meta":{"footnotes":""},"categories":[4],"tags":[],"class_list":["post-44983","post","type-post","status-publish","format-standard","has-post-thumbnail","hentry","category-parana"],"yoast_head":"<!-- This site is optimized with the Yoast SEO plugin v27.5 - https:\/\/yoast.com\/product\/yoast-seo-wordpress\/ -->\n<title>Museu Willy Barth abre uma exposi\u00e7\u00e3o \u201cdid\u00e1tica, produtiva e divertida\u201d - Jornal<\/title>\n<meta name=\"description\" content=\"Museu Willy Barth abre uma exposi\u00e7\u00e3o \u201cdid\u00e1tica, produtiva e divertida\u201d\" \/>\n<meta name=\"robots\" content=\"index, follow, max-snippet:-1, max-image-preview:large, max-video-preview:-1\" \/>\n<link rel=\"canonical\" href=\"https:\/\/jornalboasnoticias.com.br\/home\/museu-willy-barth-abre-uma-exposicao-didatica-produtiva-e-divertida\/\" \/>\n<meta property=\"og:locale\" content=\"pt_BR\" \/>\n<meta property=\"og:type\" content=\"article\" \/>\n<meta property=\"og:title\" content=\"Museu Willy Barth abre uma exposi\u00e7\u00e3o \u201cdid\u00e1tica, produtiva e divertida\u201d - Jornal\" \/>\n<meta property=\"og:description\" content=\"Museu Willy Barth abre uma exposi\u00e7\u00e3o \u201cdid\u00e1tica, produtiva e divertida\u201d\" \/>\n<meta property=\"og:url\" content=\"https:\/\/jornalboasnoticias.com.br\/home\/museu-willy-barth-abre-uma-exposicao-didatica-produtiva-e-divertida\/\" \/>\n<meta property=\"og:site_name\" content=\"Jornal\" \/>\n<meta property=\"article:publisher\" content=\"https:\/\/www.facebook.com\/boasnoticiasjornal\" \/>\n<meta property=\"article:published_time\" content=\"2024-10-31T11:40:57+00:00\" \/>\n<meta property=\"og:image\" content=\"https:\/\/jornalboasnoticias.com.br\/home\/wp-content\/uploads\/2024\/10\/museu_outubro_rosa_301024_foto_fabio_ulsenheimer_2_0.jpg\" \/>\n\t<meta property=\"og:image:width\" content=\"1349\" \/>\n\t<meta property=\"og:image:height\" content=\"900\" \/>\n\t<meta property=\"og:image:type\" content=\"image\/jpeg\" \/>\n<meta name=\"author\" content=\"Ana Luiza Bonatto\" \/>\n<meta name=\"twitter:card\" content=\"summary_large_image\" \/>\n<meta name=\"twitter:label1\" content=\"Escrito por\" \/>\n\t<meta name=\"twitter:data1\" content=\"Ana Luiza Bonatto\" \/>\n\t<meta name=\"twitter:label2\" content=\"Est. tempo de leitura\" \/>\n\t<meta name=\"twitter:data2\" content=\"3 minutos\" \/>\n<script type=\"application\/ld+json\" class=\"yoast-schema-graph\">{\"@context\":\"https:\\\/\\\/schema.org\",\"@graph\":[{\"@type\":\"Article\",\"@id\":\"https:\\\/\\\/jornalboasnoticias.com.br\\\/home\\\/museu-willy-barth-abre-uma-exposicao-didatica-produtiva-e-divertida\\\/#article\",\"isPartOf\":{\"@id\":\"https:\\\/\\\/jornalboasnoticias.com.br\\\/home\\\/museu-willy-barth-abre-uma-exposicao-didatica-produtiva-e-divertida\\\/\"},\"author\":{\"name\":\"Ana Luiza Bonatto\",\"@id\":\"https:\\\/\\\/jornalboasnoticias.com.br\\\/home\\\/#\\\/schema\\\/person\\\/d641193e0afc6405b390164dac847971\"},\"headline\":\"Museu Willy Barth abre uma exposi\u00e7\u00e3o \u201cdid\u00e1tica, produtiva e divertida\u201d\",\"datePublished\":\"2024-10-31T11:40:57+00:00\",\"mainEntityOfPage\":{\"@id\":\"https:\\\/\\\/jornalboasnoticias.com.br\\\/home\\\/museu-willy-barth-abre-uma-exposicao-didatica-produtiva-e-divertida\\\/\"},\"wordCount\":405,\"commentCount\":0,\"publisher\":{\"@id\":\"https:\\\/\\\/jornalboasnoticias.com.br\\\/home\\\/#organization\"},\"image\":{\"@id\":\"https:\\\/\\\/jornalboasnoticias.com.br\\\/home\\\/museu-willy-barth-abre-uma-exposicao-didatica-produtiva-e-divertida\\\/#primaryimage\"},\"thumbnailUrl\":\"https:\\\/\\\/jornalboasnoticias.com.br\\\/home\\\/wp-content\\\/uploads\\\/2024\\\/10\\\/museu_outubro_rosa_301024_foto_fabio_ulsenheimer_2_0.jpg\",\"articleSection\":[\"PARAN\u00c1\"],\"inLanguage\":\"pt-BR\",\"potentialAction\":[{\"@type\":\"CommentAction\",\"name\":\"Comment\",\"target\":[\"https:\\\/\\\/jornalboasnoticias.com.br\\\/home\\\/museu-willy-barth-abre-uma-exposicao-didatica-produtiva-e-divertida\\\/#respond\"]}]},{\"@type\":\"WebPage\",\"@id\":\"https:\\\/\\\/jornalboasnoticias.com.br\\\/home\\\/museu-willy-barth-abre-uma-exposicao-didatica-produtiva-e-divertida\\\/\",\"url\":\"https:\\\/\\\/jornalboasnoticias.com.br\\\/home\\\/museu-willy-barth-abre-uma-exposicao-didatica-produtiva-e-divertida\\\/\",\"name\":\"Museu Willy Barth abre uma exposi\u00e7\u00e3o \u201cdid\u00e1tica, produtiva e divertida\u201d - Jornal\",\"isPartOf\":{\"@id\":\"https:\\\/\\\/jornalboasnoticias.com.br\\\/home\\\/#website\"},\"primaryImageOfPage\":{\"@id\":\"https:\\\/\\\/jornalboasnoticias.com.br\\\/home\\\/museu-willy-barth-abre-uma-exposicao-didatica-produtiva-e-divertida\\\/#primaryimage\"},\"image\":{\"@id\":\"https:\\\/\\\/jornalboasnoticias.com.br\\\/home\\\/museu-willy-barth-abre-uma-exposicao-didatica-produtiva-e-divertida\\\/#primaryimage\"},\"thumbnailUrl\":\"https:\\\/\\\/jornalboasnoticias.com.br\\\/home\\\/wp-content\\\/uploads\\\/2024\\\/10\\\/museu_outubro_rosa_301024_foto_fabio_ulsenheimer_2_0.jpg\",\"datePublished\":\"2024-10-31T11:40:57+00:00\",\"description\":\"Museu Willy Barth abre uma exposi\u00e7\u00e3o \u201cdid\u00e1tica, produtiva e divertida\u201d\",\"breadcrumb\":{\"@id\":\"https:\\\/\\\/jornalboasnoticias.com.br\\\/home\\\/museu-willy-barth-abre-uma-exposicao-didatica-produtiva-e-divertida\\\/#breadcrumb\"},\"inLanguage\":\"pt-BR\",\"potentialAction\":[{\"@type\":\"ReadAction\",\"target\":[\"https:\\\/\\\/jornalboasnoticias.com.br\\\/home\\\/museu-willy-barth-abre-uma-exposicao-didatica-produtiva-e-divertida\\\/\"]}]},{\"@type\":\"ImageObject\",\"inLanguage\":\"pt-BR\",\"@id\":\"https:\\\/\\\/jornalboasnoticias.com.br\\\/home\\\/museu-willy-barth-abre-uma-exposicao-didatica-produtiva-e-divertida\\\/#primaryimage\",\"url\":\"https:\\\/\\\/jornalboasnoticias.com.br\\\/home\\\/wp-content\\\/uploads\\\/2024\\\/10\\\/museu_outubro_rosa_301024_foto_fabio_ulsenheimer_2_0.jpg\",\"contentUrl\":\"https:\\\/\\\/jornalboasnoticias.com.br\\\/home\\\/wp-content\\\/uploads\\\/2024\\\/10\\\/museu_outubro_rosa_301024_foto_fabio_ulsenheimer_2_0.jpg\",\"width\":1349,\"height\":900,\"caption\":\"Foto: Secom Toledo\"},{\"@type\":\"BreadcrumbList\",\"@id\":\"https:\\\/\\\/jornalboasnoticias.com.br\\\/home\\\/museu-willy-barth-abre-uma-exposicao-didatica-produtiva-e-divertida\\\/#breadcrumb\",\"itemListElement\":[{\"@type\":\"ListItem\",\"position\":1,\"name\":\"In\u00edcio\",\"item\":\"https:\\\/\\\/jornalboasnoticias.com.br\\\/home\\\/\"},{\"@type\":\"ListItem\",\"position\":2,\"name\":\"Museu Willy Barth abre uma exposi\u00e7\u00e3o \u201cdid\u00e1tica, produtiva e divertida\u201d\"}]},{\"@type\":\"WebSite\",\"@id\":\"https:\\\/\\\/jornalboasnoticias.com.br\\\/home\\\/#website\",\"url\":\"https:\\\/\\\/jornalboasnoticias.com.br\\\/home\\\/\",\"name\":\"Jornal Boas Not\u00edcias\",\"description\":\"Boas not\u00edcias\",\"publisher\":{\"@id\":\"https:\\\/\\\/jornalboasnoticias.com.br\\\/home\\\/#organization\"},\"potentialAction\":[{\"@type\":\"SearchAction\",\"target\":{\"@type\":\"EntryPoint\",\"urlTemplate\":\"https:\\\/\\\/jornalboasnoticias.com.br\\\/home\\\/?s={search_term_string}\"},\"query-input\":{\"@type\":\"PropertyValueSpecification\",\"valueRequired\":true,\"valueName\":\"search_term_string\"}}],\"inLanguage\":\"pt-BR\"},{\"@type\":\"Organization\",\"@id\":\"https:\\\/\\\/jornalboasnoticias.com.br\\\/home\\\/#organization\",\"name\":\"Coq Editora Ltda\",\"alternateName\":\"Jornal Boas Noticias\",\"url\":\"https:\\\/\\\/jornalboasnoticias.com.br\\\/home\\\/\",\"logo\":{\"@type\":\"ImageObject\",\"inLanguage\":\"pt-BR\",\"@id\":\"https:\\\/\\\/jornalboasnoticias.com.br\\\/home\\\/#\\\/schema\\\/logo\\\/image\\\/\",\"url\":\"https:\\\/\\\/jornalboasnoticias.com.br\\\/home\\\/wp-content\\\/uploads\\\/2024\\\/07\\\/cropped-logo.jpg\",\"contentUrl\":\"https:\\\/\\\/jornalboasnoticias.com.br\\\/home\\\/wp-content\\\/uploads\\\/2024\\\/07\\\/cropped-logo.jpg\",\"width\":290,\"height\":142,\"caption\":\"Coq Editora Ltda\"},\"image\":{\"@id\":\"https:\\\/\\\/jornalboasnoticias.com.br\\\/home\\\/#\\\/schema\\\/logo\\\/image\\\/\"},\"sameAs\":[\"https:\\\/\\\/www.facebook.com\\\/boasnoticiasjornal\"]},{\"@type\":\"Person\",\"@id\":\"https:\\\/\\\/jornalboasnoticias.com.br\\\/home\\\/#\\\/schema\\\/person\\\/d641193e0afc6405b390164dac847971\",\"name\":\"Ana Luiza Bonatto\",\"image\":{\"@type\":\"ImageObject\",\"inLanguage\":\"pt-BR\",\"@id\":\"https:\\\/\\\/secure.gravatar.com\\\/avatar\\\/8a055ebe6373371f67ac6fcf313c0ac0b0a91157fdcdb9514fa62927373348f0?s=96&d=mm&r=g\",\"url\":\"https:\\\/\\\/secure.gravatar.com\\\/avatar\\\/8a055ebe6373371f67ac6fcf313c0ac0b0a91157fdcdb9514fa62927373348f0?s=96&d=mm&r=g\",\"contentUrl\":\"https:\\\/\\\/secure.gravatar.com\\\/avatar\\\/8a055ebe6373371f67ac6fcf313c0ac0b0a91157fdcdb9514fa62927373348f0?s=96&d=mm&r=g\",\"caption\":\"Ana Luiza Bonatto\"},\"url\":\"https:\\\/\\\/jornalboasnoticias.com.br\\\/home\\\/author\\\/ana-luiza\\\/\"}]}<\/script>\n<!-- \/ Yoast SEO plugin. -->","yoast_head_json":{"title":"Museu Willy Barth abre uma exposi\u00e7\u00e3o \u201cdid\u00e1tica, produtiva e divertida\u201d - Jornal","description":"Museu Willy Barth abre uma exposi\u00e7\u00e3o \u201cdid\u00e1tica, produtiva e divertida\u201d","robots":{"index":"index","follow":"follow","max-snippet":"max-snippet:-1","max-image-preview":"max-image-preview:large","max-video-preview":"max-video-preview:-1"},"canonical":"https:\/\/jornalboasnoticias.com.br\/home\/museu-willy-barth-abre-uma-exposicao-didatica-produtiva-e-divertida\/","og_locale":"pt_BR","og_type":"article","og_title":"Museu Willy Barth abre uma exposi\u00e7\u00e3o \u201cdid\u00e1tica, produtiva e divertida\u201d - Jornal","og_description":"Museu Willy Barth abre uma exposi\u00e7\u00e3o \u201cdid\u00e1tica, produtiva e divertida\u201d","og_url":"https:\/\/jornalboasnoticias.com.br\/home\/museu-willy-barth-abre-uma-exposicao-didatica-produtiva-e-divertida\/","og_site_name":"Jornal","article_publisher":"https:\/\/www.facebook.com\/boasnoticiasjornal","article_published_time":"2024-10-31T11:40:57+00:00","og_image":[{"width":1349,"height":900,"url":"https:\/\/jornalboasnoticias.com.br\/home\/wp-content\/uploads\/2024\/10\/museu_outubro_rosa_301024_foto_fabio_ulsenheimer_2_0.jpg","type":"image\/jpeg"}],"author":"Ana Luiza Bonatto","twitter_card":"summary_large_image","twitter_misc":{"Escrito por":"Ana Luiza Bonatto","Est. tempo de leitura":"3 minutos"},"schema":{"@context":"https:\/\/schema.org","@graph":[{"@type":"Article","@id":"https:\/\/jornalboasnoticias.com.br\/home\/museu-willy-barth-abre-uma-exposicao-didatica-produtiva-e-divertida\/#article","isPartOf":{"@id":"https:\/\/jornalboasnoticias.com.br\/home\/museu-willy-barth-abre-uma-exposicao-didatica-produtiva-e-divertida\/"},"author":{"name":"Ana Luiza Bonatto","@id":"https:\/\/jornalboasnoticias.com.br\/home\/#\/schema\/person\/d641193e0afc6405b390164dac847971"},"headline":"Museu Willy Barth abre uma exposi\u00e7\u00e3o \u201cdid\u00e1tica, produtiva e divertida\u201d","datePublished":"2024-10-31T11:40:57+00:00","mainEntityOfPage":{"@id":"https:\/\/jornalboasnoticias.com.br\/home\/museu-willy-barth-abre-uma-exposicao-didatica-produtiva-e-divertida\/"},"wordCount":405,"commentCount":0,"publisher":{"@id":"https:\/\/jornalboasnoticias.com.br\/home\/#organization"},"image":{"@id":"https:\/\/jornalboasnoticias.com.br\/home\/museu-willy-barth-abre-uma-exposicao-didatica-produtiva-e-divertida\/#primaryimage"},"thumbnailUrl":"https:\/\/jornalboasnoticias.com.br\/home\/wp-content\/uploads\/2024\/10\/museu_outubro_rosa_301024_foto_fabio_ulsenheimer_2_0.jpg","articleSection":["PARAN\u00c1"],"inLanguage":"pt-BR","potentialAction":[{"@type":"CommentAction","name":"Comment","target":["https:\/\/jornalboasnoticias.com.br\/home\/museu-willy-barth-abre-uma-exposicao-didatica-produtiva-e-divertida\/#respond"]}]},{"@type":"WebPage","@id":"https:\/\/jornalboasnoticias.com.br\/home\/museu-willy-barth-abre-uma-exposicao-didatica-produtiva-e-divertida\/","url":"https:\/\/jornalboasnoticias.com.br\/home\/museu-willy-barth-abre-uma-exposicao-didatica-produtiva-e-divertida\/","name":"Museu Willy Barth abre uma exposi\u00e7\u00e3o \u201cdid\u00e1tica, produtiva e divertida\u201d - Jornal","isPartOf":{"@id":"https:\/\/jornalboasnoticias.com.br\/home\/#website"},"primaryImageOfPage":{"@id":"https:\/\/jornalboasnoticias.com.br\/home\/museu-willy-barth-abre-uma-exposicao-didatica-produtiva-e-divertida\/#primaryimage"},"image":{"@id":"https:\/\/jornalboasnoticias.com.br\/home\/museu-willy-barth-abre-uma-exposicao-didatica-produtiva-e-divertida\/#primaryimage"},"thumbnailUrl":"https:\/\/jornalboasnoticias.com.br\/home\/wp-content\/uploads\/2024\/10\/museu_outubro_rosa_301024_foto_fabio_ulsenheimer_2_0.jpg","datePublished":"2024-10-31T11:40:57+00:00","description":"Museu Willy Barth abre uma exposi\u00e7\u00e3o \u201cdid\u00e1tica, produtiva e divertida\u201d","breadcrumb":{"@id":"https:\/\/jornalboasnoticias.com.br\/home\/museu-willy-barth-abre-uma-exposicao-didatica-produtiva-e-divertida\/#breadcrumb"},"inLanguage":"pt-BR","potentialAction":[{"@type":"ReadAction","target":["https:\/\/jornalboasnoticias.com.br\/home\/museu-willy-barth-abre-uma-exposicao-didatica-produtiva-e-divertida\/"]}]},{"@type":"ImageObject","inLanguage":"pt-BR","@id":"https:\/\/jornalboasnoticias.com.br\/home\/museu-willy-barth-abre-uma-exposicao-didatica-produtiva-e-divertida\/#primaryimage","url":"https:\/\/jornalboasnoticias.com.br\/home\/wp-content\/uploads\/2024\/10\/museu_outubro_rosa_301024_foto_fabio_ulsenheimer_2_0.jpg","contentUrl":"https:\/\/jornalboasnoticias.com.br\/home\/wp-content\/uploads\/2024\/10\/museu_outubro_rosa_301024_foto_fabio_ulsenheimer_2_0.jpg","width":1349,"height":900,"caption":"Foto: Secom Toledo"},{"@type":"BreadcrumbList","@id":"https:\/\/jornalboasnoticias.com.br\/home\/museu-willy-barth-abre-uma-exposicao-didatica-produtiva-e-divertida\/#breadcrumb","itemListElement":[{"@type":"ListItem","position":1,"name":"In\u00edcio","item":"https:\/\/jornalboasnoticias.com.br\/home\/"},{"@type":"ListItem","position":2,"name":"Museu Willy Barth abre uma exposi\u00e7\u00e3o \u201cdid\u00e1tica, produtiva e divertida\u201d"}]},{"@type":"WebSite","@id":"https:\/\/jornalboasnoticias.com.br\/home\/#website","url":"https:\/\/jornalboasnoticias.com.br\/home\/","name":"Jornal Boas Not\u00edcias","description":"Boas not\u00edcias","publisher":{"@id":"https:\/\/jornalboasnoticias.com.br\/home\/#organization"},"potentialAction":[{"@type":"SearchAction","target":{"@type":"EntryPoint","urlTemplate":"https:\/\/jornalboasnoticias.com.br\/home\/?s={search_term_string}"},"query-input":{"@type":"PropertyValueSpecification","valueRequired":true,"valueName":"search_term_string"}}],"inLanguage":"pt-BR"},{"@type":"Organization","@id":"https:\/\/jornalboasnoticias.com.br\/home\/#organization","name":"Coq Editora Ltda","alternateName":"Jornal Boas Noticias","url":"https:\/\/jornalboasnoticias.com.br\/home\/","logo":{"@type":"ImageObject","inLanguage":"pt-BR","@id":"https:\/\/jornalboasnoticias.com.br\/home\/#\/schema\/logo\/image\/","url":"https:\/\/jornalboasnoticias.com.br\/home\/wp-content\/uploads\/2024\/07\/cropped-logo.jpg","contentUrl":"https:\/\/jornalboasnoticias.com.br\/home\/wp-content\/uploads\/2024\/07\/cropped-logo.jpg","width":290,"height":142,"caption":"Coq Editora Ltda"},"image":{"@id":"https:\/\/jornalboasnoticias.com.br\/home\/#\/schema\/logo\/image\/"},"sameAs":["https:\/\/www.facebook.com\/boasnoticiasjornal"]},{"@type":"Person","@id":"https:\/\/jornalboasnoticias.com.br\/home\/#\/schema\/person\/d641193e0afc6405b390164dac847971","name":"Ana Luiza Bonatto","image":{"@type":"ImageObject","inLanguage":"pt-BR","@id":"https:\/\/secure.gravatar.com\/avatar\/8a055ebe6373371f67ac6fcf313c0ac0b0a91157fdcdb9514fa62927373348f0?s=96&d=mm&r=g","url":"https:\/\/secure.gravatar.com\/avatar\/8a055ebe6373371f67ac6fcf313c0ac0b0a91157fdcdb9514fa62927373348f0?s=96&d=mm&r=g","contentUrl":"https:\/\/secure.gravatar.com\/avatar\/8a055ebe6373371f67ac6fcf313c0ac0b0a91157fdcdb9514fa62927373348f0?s=96&d=mm&r=g","caption":"Ana Luiza Bonatto"},"url":"https:\/\/jornalboasnoticias.com.br\/home\/author\/ana-luiza\/"}]}},"_links":{"self":[{"href":"https:\/\/jornalboasnoticias.com.br\/home\/wp-json\/wp\/v2\/posts\/44983","targetHints":{"allow":["GET"]}}],"collection":[{"href":"https:\/\/jornalboasnoticias.com.br\/home\/wp-json\/wp\/v2\/posts"}],"about":[{"href":"https:\/\/jornalboasnoticias.com.br\/home\/wp-json\/wp\/v2\/types\/post"}],"author":[{"embeddable":true,"href":"https:\/\/jornalboasnoticias.com.br\/home\/wp-json\/wp\/v2\/users\/4"}],"replies":[{"embeddable":true,"href":"https:\/\/jornalboasnoticias.com.br\/home\/wp-json\/wp\/v2\/comments?post=44983"}],"version-history":[{"count":1,"href":"https:\/\/jornalboasnoticias.com.br\/home\/wp-json\/wp\/v2\/posts\/44983\/revisions"}],"predecessor-version":[{"id":44985,"href":"https:\/\/jornalboasnoticias.com.br\/home\/wp-json\/wp\/v2\/posts\/44983\/revisions\/44985"}],"wp:featuredmedia":[{"embeddable":true,"href":"https:\/\/jornalboasnoticias.com.br\/home\/wp-json\/wp\/v2\/media\/44984"}],"wp:attachment":[{"href":"https:\/\/jornalboasnoticias.com.br\/home\/wp-json\/wp\/v2\/media?parent=44983"}],"wp:term":[{"taxonomy":"category","embeddable":true,"href":"https:\/\/jornalboasnoticias.com.br\/home\/wp-json\/wp\/v2\/categories?post=44983"},{"taxonomy":"post_tag","embeddable":true,"href":"https:\/\/jornalboasnoticias.com.br\/home\/wp-json\/wp\/v2\/tags?post=44983"}],"curies":[{"name":"wp","href":"https:\/\/api.w.org\/{rel}","templated":true}]}}