{"id":44977,"date":"2024-10-31T11:35:52","date_gmt":"2024-10-31T11:35:52","guid":{"rendered":"https:\/\/jornalboasnoticias.com.br\/home\/?p=44977"},"modified":"2024-10-31T11:35:52","modified_gmt":"2024-10-31T11:35:52","slug":"educacao-cascavel-e-destaque-no-premio-nacional-conectando-boas-praticas-2024","status":"publish","type":"post","link":"https:\/\/jornalboasnoticias.com.br\/home\/educacao-cascavel-e-destaque-no-premio-nacional-conectando-boas-praticas-2024\/","title":{"rendered":"EDUCA\u00c7\u00c3O: Cascavel \u00e9 destaque no Pr\u00eamio Nacional Conectando Boas Pr\u00e1ticas 2024"},"content":{"rendered":"<div class=\"area-subtitulo-pagina\">\n<figure id=\"attachment_44978\" aria-describedby=\"caption-attachment-44978\" style=\"width: 715px\" class=\"wp-caption alignnone\"><img loading=\"lazy\" decoding=\"async\" class=\"size-full wp-image-44978\" src=\"https:\/\/jornalboasnoticias.com.br\/home\/wp-content\/uploads\/2024\/10\/SECOM-1.png\" alt=\"\" width=\"715\" height=\"585\" srcset=\"https:\/\/jornalboasnoticias.com.br\/home\/wp-content\/uploads\/2024\/10\/SECOM-1.png 715w, https:\/\/jornalboasnoticias.com.br\/home\/wp-content\/uploads\/2024\/10\/SECOM-1-300x245.png 300w\" sizes=\"auto, (max-width: 715px) 100vw, 715px\" \/><figcaption id=\"caption-attachment-44978\" class=\"wp-caption-text\">Foto: Secom<\/figcaption><\/figure>\n<blockquote><p>Instrutora de Inform\u00e1tica da Rede Municipal conquistou o 3\u00b0 lugar na premia\u00e7\u00e3o regional do Sul do Brasil<\/p><\/blockquote>\n<\/div>\n<p>Angela Maria de Souza, instrutora de inform\u00e1tica da Escola Municipal Terezinha Picoli Cezarotto, conquistou o terceiro lugar na premia\u00e7\u00e3o regional do Sul do Brasil pelo Pr\u00eamio Nacional Conectando Boas Pr\u00e1ticas 2024. Realizado em parceria com a Nova Escola, o pr\u00eamio reconhece educadores de todo o pa\u00eds que desenvolvem projetos inovadores e de alto impacto social na educa\u00e7\u00e3o b\u00e1sica. Angela foi premiada pelo seu projeto \u201cEduca\u00e7\u00e3o Ambiental e Rob\u00f3tica Sustent\u00e1vel\u201d, que combina inclus\u00e3o digital com pr\u00e1ticas de conscientiza\u00e7\u00e3o ambiental.<\/p>\n<p>No projeto, Angela utiliza materiais recicl\u00e1veis para ensinar rob\u00f3tica e programa\u00e7\u00e3o, promovendo nos alunos habilidades tecnol\u00f3gicas e, ao mesmo tempo incentivando uma postura ambientalmente respons\u00e1vel. Na Escola Terezinha Picoli Cezarotto, os alunos aprendem a construir e programar rob\u00f4s de maneira acess\u00edvel, refletindo sobre a import\u00e2ncia da sustentabilidade e desenvolvendo compet\u00eancias digitais essenciais para o futuro.<\/p>\n<p>&#8220;Ser reconhecida com o terceiro lugar no Sul do Brasil pelo Pr\u00eamio Nacional Conectando Boas Pr\u00e1ticas \u00e9 uma honra que refor\u00e7a o valor da educa\u00e7\u00e3o sustent\u00e1vel&#8221;, \u00a0afirmou Angela. &#8220;Este projeto mostra que \u00e9 poss\u00edvel ensinar tecnologia enquanto cultivamos nos alunos o respeito pelo meio ambiente e a consci\u00eancia de seu papel na sociedade&#8221;.<\/p>\n<p>O Pr\u00eamio Nacional Conectando Boas Pr\u00e1ticas, em parceria com a Nova Escola, visa incentivar e disseminar metodologias transformadoras como a de Angela, inspirando educadores de todo o pa\u00eds a integrar sustentabilidade e inclus\u00e3o digital em suas pr\u00e1ticas, impactando positivamente suas comunidades escolares e fortalecendo a educa\u00e7\u00e3o p\u00fablica.<\/p>\n<p><em><strong>Secom Cascavel<\/strong><\/em><\/p>\n","protected":false},"excerpt":{"rendered":"<p>Instrutora de Inform\u00e1tica da Rede Municipal conquistou o 3\u00b0 lugar na premia\u00e7\u00e3o regional do Sul<\/p>\n","protected":false},"author":4,"featured_media":44978,"comment_status":"open","ping_status":"open","sticky":false,"template":"","format":"standard","meta":{"footnotes":""},"categories":[2,3],"tags":[],"class_list":["post-44977","post","type-post","status-publish","format-standard","has-post-thumbnail","hentry","category-cascavel","category-destaques"],"yoast_head":"<!-- This site is optimized with the Yoast SEO plugin v27.5 - https:\/\/yoast.com\/product\/yoast-seo-wordpress\/ -->\n<title>EDUCA\u00c7\u00c3O: Cascavel \u00e9 destaque no Pr\u00eamio Nacional Conectando Boas Pr\u00e1ticas 2024 - Jornal<\/title>\n<meta name=\"description\" content=\"EDUCA\u00c7\u00c3O: Cascavel \u00e9 destaque no Pr\u00eamio Nacional Conectando Boas Pr\u00e1ticas 2024\" \/>\n<meta name=\"robots\" content=\"index, follow, max-snippet:-1, max-image-preview:large, max-video-preview:-1\" \/>\n<link rel=\"canonical\" href=\"https:\/\/jornalboasnoticias.com.br\/home\/educacao-cascavel-e-destaque-no-premio-nacional-conectando-boas-praticas-2024\/\" \/>\n<meta property=\"og:locale\" content=\"pt_BR\" \/>\n<meta property=\"og:type\" content=\"article\" \/>\n<meta property=\"og:title\" content=\"EDUCA\u00c7\u00c3O: Cascavel \u00e9 destaque no Pr\u00eamio Nacional Conectando Boas Pr\u00e1ticas 2024 - Jornal\" \/>\n<meta property=\"og:description\" content=\"EDUCA\u00c7\u00c3O: Cascavel \u00e9 destaque no Pr\u00eamio Nacional Conectando Boas Pr\u00e1ticas 2024\" \/>\n<meta property=\"og:url\" content=\"https:\/\/jornalboasnoticias.com.br\/home\/educacao-cascavel-e-destaque-no-premio-nacional-conectando-boas-praticas-2024\/\" \/>\n<meta property=\"og:site_name\" content=\"Jornal\" \/>\n<meta property=\"article:publisher\" content=\"https:\/\/www.facebook.com\/boasnoticiasjornal\" \/>\n<meta property=\"article:published_time\" content=\"2024-10-31T11:35:52+00:00\" \/>\n<meta property=\"og:image\" content=\"https:\/\/jornalboasnoticias.com.br\/home\/wp-content\/uploads\/2024\/10\/SECOM-1.png\" \/>\n\t<meta property=\"og:image:width\" content=\"715\" \/>\n\t<meta property=\"og:image:height\" content=\"585\" \/>\n\t<meta property=\"og:image:type\" content=\"image\/png\" \/>\n<meta name=\"author\" content=\"Ana Luiza Bonatto\" \/>\n<meta name=\"twitter:card\" content=\"summary_large_image\" \/>\n<meta name=\"twitter:label1\" content=\"Escrito por\" \/>\n\t<meta name=\"twitter:data1\" content=\"Ana Luiza Bonatto\" \/>\n\t<meta name=\"twitter:label2\" content=\"Est. tempo de leitura\" \/>\n\t<meta name=\"twitter:data2\" content=\"2 minutos\" \/>\n<script type=\"application\/ld+json\" class=\"yoast-schema-graph\">{\"@context\":\"https:\\\/\\\/schema.org\",\"@graph\":[{\"@type\":\"Article\",\"@id\":\"https:\\\/\\\/jornalboasnoticias.com.br\\\/home\\\/educacao-cascavel-e-destaque-no-premio-nacional-conectando-boas-praticas-2024\\\/#article\",\"isPartOf\":{\"@id\":\"https:\\\/\\\/jornalboasnoticias.com.br\\\/home\\\/educacao-cascavel-e-destaque-no-premio-nacional-conectando-boas-praticas-2024\\\/\"},\"author\":{\"name\":\"Ana Luiza Bonatto\",\"@id\":\"https:\\\/\\\/jornalboasnoticias.com.br\\\/home\\\/#\\\/schema\\\/person\\\/d641193e0afc6405b390164dac847971\"},\"headline\":\"EDUCA\u00c7\u00c3O: Cascavel \u00e9 destaque no Pr\u00eamio Nacional Conectando Boas Pr\u00e1ticas 2024\",\"datePublished\":\"2024-10-31T11:35:52+00:00\",\"mainEntityOfPage\":{\"@id\":\"https:\\\/\\\/jornalboasnoticias.com.br\\\/home\\\/educacao-cascavel-e-destaque-no-premio-nacional-conectando-boas-praticas-2024\\\/\"},\"wordCount\":308,\"commentCount\":0,\"publisher\":{\"@id\":\"https:\\\/\\\/jornalboasnoticias.com.br\\\/home\\\/#organization\"},\"image\":{\"@id\":\"https:\\\/\\\/jornalboasnoticias.com.br\\\/home\\\/educacao-cascavel-e-destaque-no-premio-nacional-conectando-boas-praticas-2024\\\/#primaryimage\"},\"thumbnailUrl\":\"https:\\\/\\\/jornalboasnoticias.com.br\\\/home\\\/wp-content\\\/uploads\\\/2024\\\/10\\\/SECOM-1.png\",\"articleSection\":[\"CASCAVEL\",\"DESTAQUE\"],\"inLanguage\":\"pt-BR\",\"potentialAction\":[{\"@type\":\"CommentAction\",\"name\":\"Comment\",\"target\":[\"https:\\\/\\\/jornalboasnoticias.com.br\\\/home\\\/educacao-cascavel-e-destaque-no-premio-nacional-conectando-boas-praticas-2024\\\/#respond\"]}]},{\"@type\":\"WebPage\",\"@id\":\"https:\\\/\\\/jornalboasnoticias.com.br\\\/home\\\/educacao-cascavel-e-destaque-no-premio-nacional-conectando-boas-praticas-2024\\\/\",\"url\":\"https:\\\/\\\/jornalboasnoticias.com.br\\\/home\\\/educacao-cascavel-e-destaque-no-premio-nacional-conectando-boas-praticas-2024\\\/\",\"name\":\"EDUCA\u00c7\u00c3O: Cascavel \u00e9 destaque no Pr\u00eamio Nacional Conectando Boas Pr\u00e1ticas 2024 - Jornal\",\"isPartOf\":{\"@id\":\"https:\\\/\\\/jornalboasnoticias.com.br\\\/home\\\/#website\"},\"primaryImageOfPage\":{\"@id\":\"https:\\\/\\\/jornalboasnoticias.com.br\\\/home\\\/educacao-cascavel-e-destaque-no-premio-nacional-conectando-boas-praticas-2024\\\/#primaryimage\"},\"image\":{\"@id\":\"https:\\\/\\\/jornalboasnoticias.com.br\\\/home\\\/educacao-cascavel-e-destaque-no-premio-nacional-conectando-boas-praticas-2024\\\/#primaryimage\"},\"thumbnailUrl\":\"https:\\\/\\\/jornalboasnoticias.com.br\\\/home\\\/wp-content\\\/uploads\\\/2024\\\/10\\\/SECOM-1.png\",\"datePublished\":\"2024-10-31T11:35:52+00:00\",\"description\":\"EDUCA\u00c7\u00c3O: Cascavel \u00e9 destaque no Pr\u00eamio Nacional Conectando Boas Pr\u00e1ticas 2024\",\"breadcrumb\":{\"@id\":\"https:\\\/\\\/jornalboasnoticias.com.br\\\/home\\\/educacao-cascavel-e-destaque-no-premio-nacional-conectando-boas-praticas-2024\\\/#breadcrumb\"},\"inLanguage\":\"pt-BR\",\"potentialAction\":[{\"@type\":\"ReadAction\",\"target\":[\"https:\\\/\\\/jornalboasnoticias.com.br\\\/home\\\/educacao-cascavel-e-destaque-no-premio-nacional-conectando-boas-praticas-2024\\\/\"]}]},{\"@type\":\"ImageObject\",\"inLanguage\":\"pt-BR\",\"@id\":\"https:\\\/\\\/jornalboasnoticias.com.br\\\/home\\\/educacao-cascavel-e-destaque-no-premio-nacional-conectando-boas-praticas-2024\\\/#primaryimage\",\"url\":\"https:\\\/\\\/jornalboasnoticias.com.br\\\/home\\\/wp-content\\\/uploads\\\/2024\\\/10\\\/SECOM-1.png\",\"contentUrl\":\"https:\\\/\\\/jornalboasnoticias.com.br\\\/home\\\/wp-content\\\/uploads\\\/2024\\\/10\\\/SECOM-1.png\",\"width\":715,\"height\":585,\"caption\":\"Foto: Secom\"},{\"@type\":\"BreadcrumbList\",\"@id\":\"https:\\\/\\\/jornalboasnoticias.com.br\\\/home\\\/educacao-cascavel-e-destaque-no-premio-nacional-conectando-boas-praticas-2024\\\/#breadcrumb\",\"itemListElement\":[{\"@type\":\"ListItem\",\"position\":1,\"name\":\"In\u00edcio\",\"item\":\"https:\\\/\\\/jornalboasnoticias.com.br\\\/home\\\/\"},{\"@type\":\"ListItem\",\"position\":2,\"name\":\"EDUCA\u00c7\u00c3O: Cascavel \u00e9 destaque no Pr\u00eamio Nacional Conectando Boas Pr\u00e1ticas 2024\"}]},{\"@type\":\"WebSite\",\"@id\":\"https:\\\/\\\/jornalboasnoticias.com.br\\\/home\\\/#website\",\"url\":\"https:\\\/\\\/jornalboasnoticias.com.br\\\/home\\\/\",\"name\":\"Jornal Boas Not\u00edcias\",\"description\":\"Boas not\u00edcias\",\"publisher\":{\"@id\":\"https:\\\/\\\/jornalboasnoticias.com.br\\\/home\\\/#organization\"},\"potentialAction\":[{\"@type\":\"SearchAction\",\"target\":{\"@type\":\"EntryPoint\",\"urlTemplate\":\"https:\\\/\\\/jornalboasnoticias.com.br\\\/home\\\/?s={search_term_string}\"},\"query-input\":{\"@type\":\"PropertyValueSpecification\",\"valueRequired\":true,\"valueName\":\"search_term_string\"}}],\"inLanguage\":\"pt-BR\"},{\"@type\":\"Organization\",\"@id\":\"https:\\\/\\\/jornalboasnoticias.com.br\\\/home\\\/#organization\",\"name\":\"Coq Editora Ltda\",\"alternateName\":\"Jornal Boas Noticias\",\"url\":\"https:\\\/\\\/jornalboasnoticias.com.br\\\/home\\\/\",\"logo\":{\"@type\":\"ImageObject\",\"inLanguage\":\"pt-BR\",\"@id\":\"https:\\\/\\\/jornalboasnoticias.com.br\\\/home\\\/#\\\/schema\\\/logo\\\/image\\\/\",\"url\":\"https:\\\/\\\/jornalboasnoticias.com.br\\\/home\\\/wp-content\\\/uploads\\\/2024\\\/07\\\/cropped-logo.jpg\",\"contentUrl\":\"https:\\\/\\\/jornalboasnoticias.com.br\\\/home\\\/wp-content\\\/uploads\\\/2024\\\/07\\\/cropped-logo.jpg\",\"width\":290,\"height\":142,\"caption\":\"Coq Editora Ltda\"},\"image\":{\"@id\":\"https:\\\/\\\/jornalboasnoticias.com.br\\\/home\\\/#\\\/schema\\\/logo\\\/image\\\/\"},\"sameAs\":[\"https:\\\/\\\/www.facebook.com\\\/boasnoticiasjornal\"]},{\"@type\":\"Person\",\"@id\":\"https:\\\/\\\/jornalboasnoticias.com.br\\\/home\\\/#\\\/schema\\\/person\\\/d641193e0afc6405b390164dac847971\",\"name\":\"Ana Luiza Bonatto\",\"image\":{\"@type\":\"ImageObject\",\"inLanguage\":\"pt-BR\",\"@id\":\"https:\\\/\\\/secure.gravatar.com\\\/avatar\\\/8a055ebe6373371f67ac6fcf313c0ac0b0a91157fdcdb9514fa62927373348f0?s=96&d=mm&r=g\",\"url\":\"https:\\\/\\\/secure.gravatar.com\\\/avatar\\\/8a055ebe6373371f67ac6fcf313c0ac0b0a91157fdcdb9514fa62927373348f0?s=96&d=mm&r=g\",\"contentUrl\":\"https:\\\/\\\/secure.gravatar.com\\\/avatar\\\/8a055ebe6373371f67ac6fcf313c0ac0b0a91157fdcdb9514fa62927373348f0?s=96&d=mm&r=g\",\"caption\":\"Ana Luiza Bonatto\"},\"url\":\"https:\\\/\\\/jornalboasnoticias.com.br\\\/home\\\/author\\\/ana-luiza\\\/\"}]}<\/script>\n<!-- \/ Yoast SEO plugin. -->","yoast_head_json":{"title":"EDUCA\u00c7\u00c3O: Cascavel \u00e9 destaque no Pr\u00eamio Nacional Conectando Boas Pr\u00e1ticas 2024 - Jornal","description":"EDUCA\u00c7\u00c3O: Cascavel \u00e9 destaque no Pr\u00eamio Nacional Conectando Boas Pr\u00e1ticas 2024","robots":{"index":"index","follow":"follow","max-snippet":"max-snippet:-1","max-image-preview":"max-image-preview:large","max-video-preview":"max-video-preview:-1"},"canonical":"https:\/\/jornalboasnoticias.com.br\/home\/educacao-cascavel-e-destaque-no-premio-nacional-conectando-boas-praticas-2024\/","og_locale":"pt_BR","og_type":"article","og_title":"EDUCA\u00c7\u00c3O: Cascavel \u00e9 destaque no Pr\u00eamio Nacional Conectando Boas Pr\u00e1ticas 2024 - Jornal","og_description":"EDUCA\u00c7\u00c3O: Cascavel \u00e9 destaque no Pr\u00eamio Nacional Conectando Boas Pr\u00e1ticas 2024","og_url":"https:\/\/jornalboasnoticias.com.br\/home\/educacao-cascavel-e-destaque-no-premio-nacional-conectando-boas-praticas-2024\/","og_site_name":"Jornal","article_publisher":"https:\/\/www.facebook.com\/boasnoticiasjornal","article_published_time":"2024-10-31T11:35:52+00:00","og_image":[{"width":715,"height":585,"url":"https:\/\/jornalboasnoticias.com.br\/home\/wp-content\/uploads\/2024\/10\/SECOM-1.png","type":"image\/png"}],"author":"Ana Luiza Bonatto","twitter_card":"summary_large_image","twitter_misc":{"Escrito por":"Ana Luiza Bonatto","Est. tempo de leitura":"2 minutos"},"schema":{"@context":"https:\/\/schema.org","@graph":[{"@type":"Article","@id":"https:\/\/jornalboasnoticias.com.br\/home\/educacao-cascavel-e-destaque-no-premio-nacional-conectando-boas-praticas-2024\/#article","isPartOf":{"@id":"https:\/\/jornalboasnoticias.com.br\/home\/educacao-cascavel-e-destaque-no-premio-nacional-conectando-boas-praticas-2024\/"},"author":{"name":"Ana Luiza Bonatto","@id":"https:\/\/jornalboasnoticias.com.br\/home\/#\/schema\/person\/d641193e0afc6405b390164dac847971"},"headline":"EDUCA\u00c7\u00c3O: Cascavel \u00e9 destaque no Pr\u00eamio Nacional Conectando Boas Pr\u00e1ticas 2024","datePublished":"2024-10-31T11:35:52+00:00","mainEntityOfPage":{"@id":"https:\/\/jornalboasnoticias.com.br\/home\/educacao-cascavel-e-destaque-no-premio-nacional-conectando-boas-praticas-2024\/"},"wordCount":308,"commentCount":0,"publisher":{"@id":"https:\/\/jornalboasnoticias.com.br\/home\/#organization"},"image":{"@id":"https:\/\/jornalboasnoticias.com.br\/home\/educacao-cascavel-e-destaque-no-premio-nacional-conectando-boas-praticas-2024\/#primaryimage"},"thumbnailUrl":"https:\/\/jornalboasnoticias.com.br\/home\/wp-content\/uploads\/2024\/10\/SECOM-1.png","articleSection":["CASCAVEL","DESTAQUE"],"inLanguage":"pt-BR","potentialAction":[{"@type":"CommentAction","name":"Comment","target":["https:\/\/jornalboasnoticias.com.br\/home\/educacao-cascavel-e-destaque-no-premio-nacional-conectando-boas-praticas-2024\/#respond"]}]},{"@type":"WebPage","@id":"https:\/\/jornalboasnoticias.com.br\/home\/educacao-cascavel-e-destaque-no-premio-nacional-conectando-boas-praticas-2024\/","url":"https:\/\/jornalboasnoticias.com.br\/home\/educacao-cascavel-e-destaque-no-premio-nacional-conectando-boas-praticas-2024\/","name":"EDUCA\u00c7\u00c3O: Cascavel \u00e9 destaque no Pr\u00eamio Nacional Conectando Boas Pr\u00e1ticas 2024 - Jornal","isPartOf":{"@id":"https:\/\/jornalboasnoticias.com.br\/home\/#website"},"primaryImageOfPage":{"@id":"https:\/\/jornalboasnoticias.com.br\/home\/educacao-cascavel-e-destaque-no-premio-nacional-conectando-boas-praticas-2024\/#primaryimage"},"image":{"@id":"https:\/\/jornalboasnoticias.com.br\/home\/educacao-cascavel-e-destaque-no-premio-nacional-conectando-boas-praticas-2024\/#primaryimage"},"thumbnailUrl":"https:\/\/jornalboasnoticias.com.br\/home\/wp-content\/uploads\/2024\/10\/SECOM-1.png","datePublished":"2024-10-31T11:35:52+00:00","description":"EDUCA\u00c7\u00c3O: Cascavel \u00e9 destaque no Pr\u00eamio Nacional Conectando Boas Pr\u00e1ticas 2024","breadcrumb":{"@id":"https:\/\/jornalboasnoticias.com.br\/home\/educacao-cascavel-e-destaque-no-premio-nacional-conectando-boas-praticas-2024\/#breadcrumb"},"inLanguage":"pt-BR","potentialAction":[{"@type":"ReadAction","target":["https:\/\/jornalboasnoticias.com.br\/home\/educacao-cascavel-e-destaque-no-premio-nacional-conectando-boas-praticas-2024\/"]}]},{"@type":"ImageObject","inLanguage":"pt-BR","@id":"https:\/\/jornalboasnoticias.com.br\/home\/educacao-cascavel-e-destaque-no-premio-nacional-conectando-boas-praticas-2024\/#primaryimage","url":"https:\/\/jornalboasnoticias.com.br\/home\/wp-content\/uploads\/2024\/10\/SECOM-1.png","contentUrl":"https:\/\/jornalboasnoticias.com.br\/home\/wp-content\/uploads\/2024\/10\/SECOM-1.png","width":715,"height":585,"caption":"Foto: Secom"},{"@type":"BreadcrumbList","@id":"https:\/\/jornalboasnoticias.com.br\/home\/educacao-cascavel-e-destaque-no-premio-nacional-conectando-boas-praticas-2024\/#breadcrumb","itemListElement":[{"@type":"ListItem","position":1,"name":"In\u00edcio","item":"https:\/\/jornalboasnoticias.com.br\/home\/"},{"@type":"ListItem","position":2,"name":"EDUCA\u00c7\u00c3O: Cascavel \u00e9 destaque no Pr\u00eamio Nacional Conectando Boas Pr\u00e1ticas 2024"}]},{"@type":"WebSite","@id":"https:\/\/jornalboasnoticias.com.br\/home\/#website","url":"https:\/\/jornalboasnoticias.com.br\/home\/","name":"Jornal Boas Not\u00edcias","description":"Boas not\u00edcias","publisher":{"@id":"https:\/\/jornalboasnoticias.com.br\/home\/#organization"},"potentialAction":[{"@type":"SearchAction","target":{"@type":"EntryPoint","urlTemplate":"https:\/\/jornalboasnoticias.com.br\/home\/?s={search_term_string}"},"query-input":{"@type":"PropertyValueSpecification","valueRequired":true,"valueName":"search_term_string"}}],"inLanguage":"pt-BR"},{"@type":"Organization","@id":"https:\/\/jornalboasnoticias.com.br\/home\/#organization","name":"Coq Editora Ltda","alternateName":"Jornal Boas Noticias","url":"https:\/\/jornalboasnoticias.com.br\/home\/","logo":{"@type":"ImageObject","inLanguage":"pt-BR","@id":"https:\/\/jornalboasnoticias.com.br\/home\/#\/schema\/logo\/image\/","url":"https:\/\/jornalboasnoticias.com.br\/home\/wp-content\/uploads\/2024\/07\/cropped-logo.jpg","contentUrl":"https:\/\/jornalboasnoticias.com.br\/home\/wp-content\/uploads\/2024\/07\/cropped-logo.jpg","width":290,"height":142,"caption":"Coq Editora Ltda"},"image":{"@id":"https:\/\/jornalboasnoticias.com.br\/home\/#\/schema\/logo\/image\/"},"sameAs":["https:\/\/www.facebook.com\/boasnoticiasjornal"]},{"@type":"Person","@id":"https:\/\/jornalboasnoticias.com.br\/home\/#\/schema\/person\/d641193e0afc6405b390164dac847971","name":"Ana Luiza Bonatto","image":{"@type":"ImageObject","inLanguage":"pt-BR","@id":"https:\/\/secure.gravatar.com\/avatar\/8a055ebe6373371f67ac6fcf313c0ac0b0a91157fdcdb9514fa62927373348f0?s=96&d=mm&r=g","url":"https:\/\/secure.gravatar.com\/avatar\/8a055ebe6373371f67ac6fcf313c0ac0b0a91157fdcdb9514fa62927373348f0?s=96&d=mm&r=g","contentUrl":"https:\/\/secure.gravatar.com\/avatar\/8a055ebe6373371f67ac6fcf313c0ac0b0a91157fdcdb9514fa62927373348f0?s=96&d=mm&r=g","caption":"Ana Luiza Bonatto"},"url":"https:\/\/jornalboasnoticias.com.br\/home\/author\/ana-luiza\/"}]}},"_links":{"self":[{"href":"https:\/\/jornalboasnoticias.com.br\/home\/wp-json\/wp\/v2\/posts\/44977","targetHints":{"allow":["GET"]}}],"collection":[{"href":"https:\/\/jornalboasnoticias.com.br\/home\/wp-json\/wp\/v2\/posts"}],"about":[{"href":"https:\/\/jornalboasnoticias.com.br\/home\/wp-json\/wp\/v2\/types\/post"}],"author":[{"embeddable":true,"href":"https:\/\/jornalboasnoticias.com.br\/home\/wp-json\/wp\/v2\/users\/4"}],"replies":[{"embeddable":true,"href":"https:\/\/jornalboasnoticias.com.br\/home\/wp-json\/wp\/v2\/comments?post=44977"}],"version-history":[{"count":1,"href":"https:\/\/jornalboasnoticias.com.br\/home\/wp-json\/wp\/v2\/posts\/44977\/revisions"}],"predecessor-version":[{"id":44979,"href":"https:\/\/jornalboasnoticias.com.br\/home\/wp-json\/wp\/v2\/posts\/44977\/revisions\/44979"}],"wp:featuredmedia":[{"embeddable":true,"href":"https:\/\/jornalboasnoticias.com.br\/home\/wp-json\/wp\/v2\/media\/44978"}],"wp:attachment":[{"href":"https:\/\/jornalboasnoticias.com.br\/home\/wp-json\/wp\/v2\/media?parent=44977"}],"wp:term":[{"taxonomy":"category","embeddable":true,"href":"https:\/\/jornalboasnoticias.com.br\/home\/wp-json\/wp\/v2\/categories?post=44977"},{"taxonomy":"post_tag","embeddable":true,"href":"https:\/\/jornalboasnoticias.com.br\/home\/wp-json\/wp\/v2\/tags?post=44977"}],"curies":[{"name":"wp","href":"https:\/\/api.w.org\/{rel}","templated":true}]}}