{"id":44971,"date":"2024-10-31T11:24:32","date_gmt":"2024-10-31T11:24:32","guid":{"rendered":"https:\/\/jornalboasnoticias.com.br\/home\/?p=44971"},"modified":"2024-10-31T11:24:32","modified_gmt":"2024-10-31T11:24:32","slug":"empresas-e-mei-podem-regularizar-dividas-com-simples-ate-esta-quinta","status":"publish","type":"post","link":"https:\/\/jornalboasnoticias.com.br\/home\/empresas-e-mei-podem-regularizar-dividas-com-simples-ate-esta-quinta\/","title":{"rendered":"Empresas e MEI podem regularizar d\u00edvidas com Simples at\u00e9 esta quinta"},"content":{"rendered":"<div class=\"header-noticia full-width\">\n<div>\n<figure id=\"attachment_44972\" aria-describedby=\"caption-attachment-44972\" style=\"width: 1170px\" class=\"wp-caption alignnone\"><img loading=\"lazy\" decoding=\"async\" class=\"size-full wp-image-44972\" src=\"https:\/\/jornalboasnoticias.com.br\/home\/wp-content\/uploads\/2024\/10\/aplicativo_simples_nacional_mcajr_abr_20220121_0083.webp\" alt=\"\" width=\"1170\" height=\"700\" srcset=\"https:\/\/jornalboasnoticias.com.br\/home\/wp-content\/uploads\/2024\/10\/aplicativo_simples_nacional_mcajr_abr_20220121_0083.webp 1170w, https:\/\/jornalboasnoticias.com.br\/home\/wp-content\/uploads\/2024\/10\/aplicativo_simples_nacional_mcajr_abr_20220121_0083-300x179.webp 300w, https:\/\/jornalboasnoticias.com.br\/home\/wp-content\/uploads\/2024\/10\/aplicativo_simples_nacional_mcajr_abr_20220121_0083-1024x613.webp 1024w, https:\/\/jornalboasnoticias.com.br\/home\/wp-content\/uploads\/2024\/10\/aplicativo_simples_nacional_mcajr_abr_20220121_0083-768x459.webp 768w\" sizes=\"auto, (max-width: 1170px) 100vw, 1170px\" \/><figcaption id=\"caption-attachment-44972\" class=\"wp-caption-text\">\u00a9 Marcello Casal JrAg\u00eancia Brasil<\/figcaption><\/figure>\n<\/div>\n<\/div>\n<blockquote>\n<div class=\"header-noticia full-width\">\n<div class=\"linha-fina-noticia\">Obriga\u00e7\u00e3o vale para contribuintes notificados no fim de setembro<\/div>\n<\/div>\n<\/blockquote>\n<div>\n<p>As micro e pequenas empresas e os microempreendedores individuais (MEI) notificadas no fim de setembro que n\u00e3o regularizarem as d\u00edvidas com o Simples Nacional \u2013 regime tribut\u00e1rio especial para pequenos neg\u00f3cios \u2013 at\u00e9 esta quinta-feira (31) ser\u00e3o exclu\u00eddas do regime. A exclus\u00e3o valer\u00e1 a partir de 1\u00ba de janeiro.<img decoding=\"async\" src=\"https:\/\/agenciabrasil.ebc.com.br\/ebc.png?id=1617599&amp;o=node\" \/><img decoding=\"async\" src=\"https:\/\/agenciabrasil.ebc.com.br\/ebc.gif?id=1617599&amp;o=node\" \/><\/p>\n<p>O devedor pode pagar \u00e0 vista, abater parte da d\u00edvida com cr\u00e9ditos tribut\u00e1rios (recursos que a empresa tem direito a receber do Fisco) ou parcelar os d\u00e9bitos em at\u00e9 cinco anos com o pagamento de juros e multa. O parcelamento pode ser feito pelo Portal do Simples Nacional ou no Centro Virtual de Atendimento da Receita (e-CAC), no servi\u00e7o \u201cParcelamento \u2013 Simples Nacional\u201d.<\/p>\n<p>O acesso ao Portal do Simples Nacional e ao e-CAC \u00e9 feito com certificado digital ou com conta no Portal Gov.br n\u00edvel prata ou ouro. A empresa ou o MEI que n\u00e3o concordar com a d\u00edvida e quiser contestar o Termo de Exclus\u00e3o dever\u00e1 dirigir a contesta\u00e7\u00e3o ao Delegado de Julgamento da Receita Federal, protocolada via internet, conforme orientado no\u00a0<a href=\"https:\/\/www.gov.br\/pt-br\/servicos\/impugnar-exclusao-do-simples-nacional-pela-receita-federal\" target=\"_blank\" rel=\"noopener\"><em>site<\/em>\u00a0do \u00f3rg\u00e3o<\/a>.<\/p>\n<h2>Notifica\u00e7\u00f5es<\/h2>\n<p>De 30 de setembro a 4 de outubro, a Receita notificou 1.121.419 MEI e 754.915 micro e pequenas empresas que deviam R$ 26,5 bilh\u00f5es ao Simples Nacional. Ap\u00f3s o conhecimento do termo, o contribuinte tem at\u00e9 30 dias para impugnar a notifica\u00e7\u00e3o ou quitar os d\u00e9bitos, sob pena de ser exclu\u00eddo do Simples. Dessa forma, as empresas e o MEI que receberam a notifica\u00e7\u00e3o no fim de setembro t\u00eam at\u00e9 o fim de outubro para regularizarem as pend\u00eancias.<\/p>\n<p>Segundo a Receita Federal, as principais irregularidades s\u00e3o falta de documentos, excesso de faturamento, d\u00e9bitos tribut\u00e1rios, parcelamentos pendentes ou o exerc\u00edcio pela empresa de atividades n\u00e3o inclu\u00eddas no Simples Nacional.<\/p>\n<p>Periodicamente, a Receita verifica se as empresas est\u00e3o de acordo com as condi\u00e7\u00f5es de enquadramento no Simples Nacional. Quando o estabelecimento apresenta irregularidades, o \u00f3rg\u00e3o envia cartas com o aviso de exclus\u00e3o. O micro e pequeno empres\u00e1rio que ainda n\u00e3o regularizou as pend\u00eancias pode pedir orienta\u00e7\u00f5es ao Servi\u00e7o Brasileiro de Apoio \u00e0s Micro e Pequenas Empresas (Sebrae), para elaborar um plano de recupera\u00e7\u00e3o dos neg\u00f3cios.<\/p>\n<p>(Ag\u00eancia Brasil)<\/p>\n<\/div>\n","protected":false},"excerpt":{"rendered":"<p>Obriga\u00e7\u00e3o vale para contribuintes notificados no fim de setembro As micro e pequenas empresas e<\/p>\n","protected":false},"author":4,"featured_media":44972,"comment_status":"open","ping_status":"open","sticky":false,"template":"","format":"standard","meta":{"footnotes":""},"categories":[3,5],"tags":[],"class_list":["post-44971","post","type-post","status-publish","format-standard","has-post-thumbnail","hentry","category-destaques","category-economia"],"yoast_head":"<!-- This site is optimized with the Yoast SEO plugin v27.5 - https:\/\/yoast.com\/product\/yoast-seo-wordpress\/ -->\n<title>Empresas e MEI podem regularizar d\u00edvidas com Simples at\u00e9 esta quinta - Jornal<\/title>\n<meta name=\"description\" content=\"Empresas e MEI podem regularizar d\u00edvidas com Simples at\u00e9 esta quinta\" \/>\n<meta name=\"robots\" content=\"index, follow, max-snippet:-1, max-image-preview:large, max-video-preview:-1\" \/>\n<link rel=\"canonical\" href=\"https:\/\/jornalboasnoticias.com.br\/home\/empresas-e-mei-podem-regularizar-dividas-com-simples-ate-esta-quinta\/\" \/>\n<meta property=\"og:locale\" content=\"pt_BR\" \/>\n<meta property=\"og:type\" content=\"article\" \/>\n<meta property=\"og:title\" content=\"Empresas e MEI podem regularizar d\u00edvidas com Simples at\u00e9 esta quinta - Jornal\" \/>\n<meta property=\"og:description\" content=\"Empresas e MEI podem regularizar d\u00edvidas com Simples at\u00e9 esta quinta\" \/>\n<meta property=\"og:url\" content=\"https:\/\/jornalboasnoticias.com.br\/home\/empresas-e-mei-podem-regularizar-dividas-com-simples-ate-esta-quinta\/\" \/>\n<meta property=\"og:site_name\" content=\"Jornal\" \/>\n<meta property=\"article:publisher\" content=\"https:\/\/www.facebook.com\/boasnoticiasjornal\" \/>\n<meta property=\"article:published_time\" content=\"2024-10-31T11:24:32+00:00\" \/>\n<meta property=\"og:image\" content=\"https:\/\/jornalboasnoticias.com.br\/home\/wp-content\/uploads\/2024\/10\/aplicativo_simples_nacional_mcajr_abr_20220121_0083.webp\" \/>\n\t<meta property=\"og:image:width\" content=\"1170\" \/>\n\t<meta property=\"og:image:height\" content=\"700\" \/>\n\t<meta property=\"og:image:type\" content=\"image\/webp\" \/>\n<meta name=\"author\" content=\"Ana Luiza Bonatto\" \/>\n<meta name=\"twitter:card\" content=\"summary_large_image\" \/>\n<meta name=\"twitter:label1\" content=\"Escrito por\" \/>\n\t<meta name=\"twitter:data1\" content=\"Ana Luiza Bonatto\" \/>\n\t<meta name=\"twitter:label2\" content=\"Est. tempo de leitura\" \/>\n\t<meta name=\"twitter:data2\" content=\"3 minutos\" \/>\n<script type=\"application\/ld+json\" class=\"yoast-schema-graph\">{\"@context\":\"https:\\\/\\\/schema.org\",\"@graph\":[{\"@type\":\"Article\",\"@id\":\"https:\\\/\\\/jornalboasnoticias.com.br\\\/home\\\/empresas-e-mei-podem-regularizar-dividas-com-simples-ate-esta-quinta\\\/#article\",\"isPartOf\":{\"@id\":\"https:\\\/\\\/jornalboasnoticias.com.br\\\/home\\\/empresas-e-mei-podem-regularizar-dividas-com-simples-ate-esta-quinta\\\/\"},\"author\":{\"name\":\"Ana Luiza Bonatto\",\"@id\":\"https:\\\/\\\/jornalboasnoticias.com.br\\\/home\\\/#\\\/schema\\\/person\\\/d641193e0afc6405b390164dac847971\"},\"headline\":\"Empresas e MEI podem regularizar d\u00edvidas com Simples at\u00e9 esta quinta\",\"datePublished\":\"2024-10-31T11:24:32+00:00\",\"mainEntityOfPage\":{\"@id\":\"https:\\\/\\\/jornalboasnoticias.com.br\\\/home\\\/empresas-e-mei-podem-regularizar-dividas-com-simples-ate-esta-quinta\\\/\"},\"wordCount\":418,\"commentCount\":0,\"publisher\":{\"@id\":\"https:\\\/\\\/jornalboasnoticias.com.br\\\/home\\\/#organization\"},\"image\":{\"@id\":\"https:\\\/\\\/jornalboasnoticias.com.br\\\/home\\\/empresas-e-mei-podem-regularizar-dividas-com-simples-ate-esta-quinta\\\/#primaryimage\"},\"thumbnailUrl\":\"https:\\\/\\\/jornalboasnoticias.com.br\\\/home\\\/wp-content\\\/uploads\\\/2024\\\/10\\\/aplicativo_simples_nacional_mcajr_abr_20220121_0083.webp\",\"articleSection\":[\"DESTAQUE\",\"ECONOMIA\"],\"inLanguage\":\"pt-BR\",\"potentialAction\":[{\"@type\":\"CommentAction\",\"name\":\"Comment\",\"target\":[\"https:\\\/\\\/jornalboasnoticias.com.br\\\/home\\\/empresas-e-mei-podem-regularizar-dividas-com-simples-ate-esta-quinta\\\/#respond\"]}]},{\"@type\":\"WebPage\",\"@id\":\"https:\\\/\\\/jornalboasnoticias.com.br\\\/home\\\/empresas-e-mei-podem-regularizar-dividas-com-simples-ate-esta-quinta\\\/\",\"url\":\"https:\\\/\\\/jornalboasnoticias.com.br\\\/home\\\/empresas-e-mei-podem-regularizar-dividas-com-simples-ate-esta-quinta\\\/\",\"name\":\"Empresas e MEI podem regularizar d\u00edvidas com Simples at\u00e9 esta quinta - Jornal\",\"isPartOf\":{\"@id\":\"https:\\\/\\\/jornalboasnoticias.com.br\\\/home\\\/#website\"},\"primaryImageOfPage\":{\"@id\":\"https:\\\/\\\/jornalboasnoticias.com.br\\\/home\\\/empresas-e-mei-podem-regularizar-dividas-com-simples-ate-esta-quinta\\\/#primaryimage\"},\"image\":{\"@id\":\"https:\\\/\\\/jornalboasnoticias.com.br\\\/home\\\/empresas-e-mei-podem-regularizar-dividas-com-simples-ate-esta-quinta\\\/#primaryimage\"},\"thumbnailUrl\":\"https:\\\/\\\/jornalboasnoticias.com.br\\\/home\\\/wp-content\\\/uploads\\\/2024\\\/10\\\/aplicativo_simples_nacional_mcajr_abr_20220121_0083.webp\",\"datePublished\":\"2024-10-31T11:24:32+00:00\",\"description\":\"Empresas e MEI podem regularizar d\u00edvidas com Simples at\u00e9 esta quinta\",\"breadcrumb\":{\"@id\":\"https:\\\/\\\/jornalboasnoticias.com.br\\\/home\\\/empresas-e-mei-podem-regularizar-dividas-com-simples-ate-esta-quinta\\\/#breadcrumb\"},\"inLanguage\":\"pt-BR\",\"potentialAction\":[{\"@type\":\"ReadAction\",\"target\":[\"https:\\\/\\\/jornalboasnoticias.com.br\\\/home\\\/empresas-e-mei-podem-regularizar-dividas-com-simples-ate-esta-quinta\\\/\"]}]},{\"@type\":\"ImageObject\",\"inLanguage\":\"pt-BR\",\"@id\":\"https:\\\/\\\/jornalboasnoticias.com.br\\\/home\\\/empresas-e-mei-podem-regularizar-dividas-com-simples-ate-esta-quinta\\\/#primaryimage\",\"url\":\"https:\\\/\\\/jornalboasnoticias.com.br\\\/home\\\/wp-content\\\/uploads\\\/2024\\\/10\\\/aplicativo_simples_nacional_mcajr_abr_20220121_0083.webp\",\"contentUrl\":\"https:\\\/\\\/jornalboasnoticias.com.br\\\/home\\\/wp-content\\\/uploads\\\/2024\\\/10\\\/aplicativo_simples_nacional_mcajr_abr_20220121_0083.webp\",\"width\":1170,\"height\":700,\"caption\":\"\u00a9 Marcello Casal JrAg\u00eancia Brasil\"},{\"@type\":\"BreadcrumbList\",\"@id\":\"https:\\\/\\\/jornalboasnoticias.com.br\\\/home\\\/empresas-e-mei-podem-regularizar-dividas-com-simples-ate-esta-quinta\\\/#breadcrumb\",\"itemListElement\":[{\"@type\":\"ListItem\",\"position\":1,\"name\":\"In\u00edcio\",\"item\":\"https:\\\/\\\/jornalboasnoticias.com.br\\\/home\\\/\"},{\"@type\":\"ListItem\",\"position\":2,\"name\":\"Empresas e MEI podem regularizar d\u00edvidas com Simples at\u00e9 esta quinta\"}]},{\"@type\":\"WebSite\",\"@id\":\"https:\\\/\\\/jornalboasnoticias.com.br\\\/home\\\/#website\",\"url\":\"https:\\\/\\\/jornalboasnoticias.com.br\\\/home\\\/\",\"name\":\"Jornal Boas Not\u00edcias\",\"description\":\"Boas not\u00edcias\",\"publisher\":{\"@id\":\"https:\\\/\\\/jornalboasnoticias.com.br\\\/home\\\/#organization\"},\"potentialAction\":[{\"@type\":\"SearchAction\",\"target\":{\"@type\":\"EntryPoint\",\"urlTemplate\":\"https:\\\/\\\/jornalboasnoticias.com.br\\\/home\\\/?s={search_term_string}\"},\"query-input\":{\"@type\":\"PropertyValueSpecification\",\"valueRequired\":true,\"valueName\":\"search_term_string\"}}],\"inLanguage\":\"pt-BR\"},{\"@type\":\"Organization\",\"@id\":\"https:\\\/\\\/jornalboasnoticias.com.br\\\/home\\\/#organization\",\"name\":\"Coq Editora Ltda\",\"alternateName\":\"Jornal Boas Noticias\",\"url\":\"https:\\\/\\\/jornalboasnoticias.com.br\\\/home\\\/\",\"logo\":{\"@type\":\"ImageObject\",\"inLanguage\":\"pt-BR\",\"@id\":\"https:\\\/\\\/jornalboasnoticias.com.br\\\/home\\\/#\\\/schema\\\/logo\\\/image\\\/\",\"url\":\"https:\\\/\\\/jornalboasnoticias.com.br\\\/home\\\/wp-content\\\/uploads\\\/2024\\\/07\\\/cropped-logo.jpg\",\"contentUrl\":\"https:\\\/\\\/jornalboasnoticias.com.br\\\/home\\\/wp-content\\\/uploads\\\/2024\\\/07\\\/cropped-logo.jpg\",\"width\":290,\"height\":142,\"caption\":\"Coq Editora Ltda\"},\"image\":{\"@id\":\"https:\\\/\\\/jornalboasnoticias.com.br\\\/home\\\/#\\\/schema\\\/logo\\\/image\\\/\"},\"sameAs\":[\"https:\\\/\\\/www.facebook.com\\\/boasnoticiasjornal\"]},{\"@type\":\"Person\",\"@id\":\"https:\\\/\\\/jornalboasnoticias.com.br\\\/home\\\/#\\\/schema\\\/person\\\/d641193e0afc6405b390164dac847971\",\"name\":\"Ana Luiza Bonatto\",\"image\":{\"@type\":\"ImageObject\",\"inLanguage\":\"pt-BR\",\"@id\":\"https:\\\/\\\/secure.gravatar.com\\\/avatar\\\/8a055ebe6373371f67ac6fcf313c0ac0b0a91157fdcdb9514fa62927373348f0?s=96&d=mm&r=g\",\"url\":\"https:\\\/\\\/secure.gravatar.com\\\/avatar\\\/8a055ebe6373371f67ac6fcf313c0ac0b0a91157fdcdb9514fa62927373348f0?s=96&d=mm&r=g\",\"contentUrl\":\"https:\\\/\\\/secure.gravatar.com\\\/avatar\\\/8a055ebe6373371f67ac6fcf313c0ac0b0a91157fdcdb9514fa62927373348f0?s=96&d=mm&r=g\",\"caption\":\"Ana Luiza Bonatto\"},\"url\":\"https:\\\/\\\/jornalboasnoticias.com.br\\\/home\\\/author\\\/ana-luiza\\\/\"}]}<\/script>\n<!-- \/ Yoast SEO plugin. -->","yoast_head_json":{"title":"Empresas e MEI podem regularizar d\u00edvidas com Simples at\u00e9 esta quinta - Jornal","description":"Empresas e MEI podem regularizar d\u00edvidas com Simples at\u00e9 esta quinta","robots":{"index":"index","follow":"follow","max-snippet":"max-snippet:-1","max-image-preview":"max-image-preview:large","max-video-preview":"max-video-preview:-1"},"canonical":"https:\/\/jornalboasnoticias.com.br\/home\/empresas-e-mei-podem-regularizar-dividas-com-simples-ate-esta-quinta\/","og_locale":"pt_BR","og_type":"article","og_title":"Empresas e MEI podem regularizar d\u00edvidas com Simples at\u00e9 esta quinta - Jornal","og_description":"Empresas e MEI podem regularizar d\u00edvidas com Simples at\u00e9 esta quinta","og_url":"https:\/\/jornalboasnoticias.com.br\/home\/empresas-e-mei-podem-regularizar-dividas-com-simples-ate-esta-quinta\/","og_site_name":"Jornal","article_publisher":"https:\/\/www.facebook.com\/boasnoticiasjornal","article_published_time":"2024-10-31T11:24:32+00:00","og_image":[{"width":1170,"height":700,"url":"https:\/\/jornalboasnoticias.com.br\/home\/wp-content\/uploads\/2024\/10\/aplicativo_simples_nacional_mcajr_abr_20220121_0083.webp","type":"image\/webp"}],"author":"Ana Luiza Bonatto","twitter_card":"summary_large_image","twitter_misc":{"Escrito por":"Ana Luiza Bonatto","Est. tempo de leitura":"3 minutos"},"schema":{"@context":"https:\/\/schema.org","@graph":[{"@type":"Article","@id":"https:\/\/jornalboasnoticias.com.br\/home\/empresas-e-mei-podem-regularizar-dividas-com-simples-ate-esta-quinta\/#article","isPartOf":{"@id":"https:\/\/jornalboasnoticias.com.br\/home\/empresas-e-mei-podem-regularizar-dividas-com-simples-ate-esta-quinta\/"},"author":{"name":"Ana Luiza Bonatto","@id":"https:\/\/jornalboasnoticias.com.br\/home\/#\/schema\/person\/d641193e0afc6405b390164dac847971"},"headline":"Empresas e MEI podem regularizar d\u00edvidas com Simples at\u00e9 esta quinta","datePublished":"2024-10-31T11:24:32+00:00","mainEntityOfPage":{"@id":"https:\/\/jornalboasnoticias.com.br\/home\/empresas-e-mei-podem-regularizar-dividas-com-simples-ate-esta-quinta\/"},"wordCount":418,"commentCount":0,"publisher":{"@id":"https:\/\/jornalboasnoticias.com.br\/home\/#organization"},"image":{"@id":"https:\/\/jornalboasnoticias.com.br\/home\/empresas-e-mei-podem-regularizar-dividas-com-simples-ate-esta-quinta\/#primaryimage"},"thumbnailUrl":"https:\/\/jornalboasnoticias.com.br\/home\/wp-content\/uploads\/2024\/10\/aplicativo_simples_nacional_mcajr_abr_20220121_0083.webp","articleSection":["DESTAQUE","ECONOMIA"],"inLanguage":"pt-BR","potentialAction":[{"@type":"CommentAction","name":"Comment","target":["https:\/\/jornalboasnoticias.com.br\/home\/empresas-e-mei-podem-regularizar-dividas-com-simples-ate-esta-quinta\/#respond"]}]},{"@type":"WebPage","@id":"https:\/\/jornalboasnoticias.com.br\/home\/empresas-e-mei-podem-regularizar-dividas-com-simples-ate-esta-quinta\/","url":"https:\/\/jornalboasnoticias.com.br\/home\/empresas-e-mei-podem-regularizar-dividas-com-simples-ate-esta-quinta\/","name":"Empresas e MEI podem regularizar d\u00edvidas com Simples at\u00e9 esta quinta - Jornal","isPartOf":{"@id":"https:\/\/jornalboasnoticias.com.br\/home\/#website"},"primaryImageOfPage":{"@id":"https:\/\/jornalboasnoticias.com.br\/home\/empresas-e-mei-podem-regularizar-dividas-com-simples-ate-esta-quinta\/#primaryimage"},"image":{"@id":"https:\/\/jornalboasnoticias.com.br\/home\/empresas-e-mei-podem-regularizar-dividas-com-simples-ate-esta-quinta\/#primaryimage"},"thumbnailUrl":"https:\/\/jornalboasnoticias.com.br\/home\/wp-content\/uploads\/2024\/10\/aplicativo_simples_nacional_mcajr_abr_20220121_0083.webp","datePublished":"2024-10-31T11:24:32+00:00","description":"Empresas e MEI podem regularizar d\u00edvidas com Simples at\u00e9 esta quinta","breadcrumb":{"@id":"https:\/\/jornalboasnoticias.com.br\/home\/empresas-e-mei-podem-regularizar-dividas-com-simples-ate-esta-quinta\/#breadcrumb"},"inLanguage":"pt-BR","potentialAction":[{"@type":"ReadAction","target":["https:\/\/jornalboasnoticias.com.br\/home\/empresas-e-mei-podem-regularizar-dividas-com-simples-ate-esta-quinta\/"]}]},{"@type":"ImageObject","inLanguage":"pt-BR","@id":"https:\/\/jornalboasnoticias.com.br\/home\/empresas-e-mei-podem-regularizar-dividas-com-simples-ate-esta-quinta\/#primaryimage","url":"https:\/\/jornalboasnoticias.com.br\/home\/wp-content\/uploads\/2024\/10\/aplicativo_simples_nacional_mcajr_abr_20220121_0083.webp","contentUrl":"https:\/\/jornalboasnoticias.com.br\/home\/wp-content\/uploads\/2024\/10\/aplicativo_simples_nacional_mcajr_abr_20220121_0083.webp","width":1170,"height":700,"caption":"\u00a9 Marcello Casal JrAg\u00eancia Brasil"},{"@type":"BreadcrumbList","@id":"https:\/\/jornalboasnoticias.com.br\/home\/empresas-e-mei-podem-regularizar-dividas-com-simples-ate-esta-quinta\/#breadcrumb","itemListElement":[{"@type":"ListItem","position":1,"name":"In\u00edcio","item":"https:\/\/jornalboasnoticias.com.br\/home\/"},{"@type":"ListItem","position":2,"name":"Empresas e MEI podem regularizar d\u00edvidas com Simples at\u00e9 esta quinta"}]},{"@type":"WebSite","@id":"https:\/\/jornalboasnoticias.com.br\/home\/#website","url":"https:\/\/jornalboasnoticias.com.br\/home\/","name":"Jornal Boas Not\u00edcias","description":"Boas not\u00edcias","publisher":{"@id":"https:\/\/jornalboasnoticias.com.br\/home\/#organization"},"potentialAction":[{"@type":"SearchAction","target":{"@type":"EntryPoint","urlTemplate":"https:\/\/jornalboasnoticias.com.br\/home\/?s={search_term_string}"},"query-input":{"@type":"PropertyValueSpecification","valueRequired":true,"valueName":"search_term_string"}}],"inLanguage":"pt-BR"},{"@type":"Organization","@id":"https:\/\/jornalboasnoticias.com.br\/home\/#organization","name":"Coq Editora Ltda","alternateName":"Jornal Boas Noticias","url":"https:\/\/jornalboasnoticias.com.br\/home\/","logo":{"@type":"ImageObject","inLanguage":"pt-BR","@id":"https:\/\/jornalboasnoticias.com.br\/home\/#\/schema\/logo\/image\/","url":"https:\/\/jornalboasnoticias.com.br\/home\/wp-content\/uploads\/2024\/07\/cropped-logo.jpg","contentUrl":"https:\/\/jornalboasnoticias.com.br\/home\/wp-content\/uploads\/2024\/07\/cropped-logo.jpg","width":290,"height":142,"caption":"Coq Editora Ltda"},"image":{"@id":"https:\/\/jornalboasnoticias.com.br\/home\/#\/schema\/logo\/image\/"},"sameAs":["https:\/\/www.facebook.com\/boasnoticiasjornal"]},{"@type":"Person","@id":"https:\/\/jornalboasnoticias.com.br\/home\/#\/schema\/person\/d641193e0afc6405b390164dac847971","name":"Ana Luiza Bonatto","image":{"@type":"ImageObject","inLanguage":"pt-BR","@id":"https:\/\/secure.gravatar.com\/avatar\/8a055ebe6373371f67ac6fcf313c0ac0b0a91157fdcdb9514fa62927373348f0?s=96&d=mm&r=g","url":"https:\/\/secure.gravatar.com\/avatar\/8a055ebe6373371f67ac6fcf313c0ac0b0a91157fdcdb9514fa62927373348f0?s=96&d=mm&r=g","contentUrl":"https:\/\/secure.gravatar.com\/avatar\/8a055ebe6373371f67ac6fcf313c0ac0b0a91157fdcdb9514fa62927373348f0?s=96&d=mm&r=g","caption":"Ana Luiza Bonatto"},"url":"https:\/\/jornalboasnoticias.com.br\/home\/author\/ana-luiza\/"}]}},"_links":{"self":[{"href":"https:\/\/jornalboasnoticias.com.br\/home\/wp-json\/wp\/v2\/posts\/44971","targetHints":{"allow":["GET"]}}],"collection":[{"href":"https:\/\/jornalboasnoticias.com.br\/home\/wp-json\/wp\/v2\/posts"}],"about":[{"href":"https:\/\/jornalboasnoticias.com.br\/home\/wp-json\/wp\/v2\/types\/post"}],"author":[{"embeddable":true,"href":"https:\/\/jornalboasnoticias.com.br\/home\/wp-json\/wp\/v2\/users\/4"}],"replies":[{"embeddable":true,"href":"https:\/\/jornalboasnoticias.com.br\/home\/wp-json\/wp\/v2\/comments?post=44971"}],"version-history":[{"count":1,"href":"https:\/\/jornalboasnoticias.com.br\/home\/wp-json\/wp\/v2\/posts\/44971\/revisions"}],"predecessor-version":[{"id":44973,"href":"https:\/\/jornalboasnoticias.com.br\/home\/wp-json\/wp\/v2\/posts\/44971\/revisions\/44973"}],"wp:featuredmedia":[{"embeddable":true,"href":"https:\/\/jornalboasnoticias.com.br\/home\/wp-json\/wp\/v2\/media\/44972"}],"wp:attachment":[{"href":"https:\/\/jornalboasnoticias.com.br\/home\/wp-json\/wp\/v2\/media?parent=44971"}],"wp:term":[{"taxonomy":"category","embeddable":true,"href":"https:\/\/jornalboasnoticias.com.br\/home\/wp-json\/wp\/v2\/categories?post=44971"},{"taxonomy":"post_tag","embeddable":true,"href":"https:\/\/jornalboasnoticias.com.br\/home\/wp-json\/wp\/v2\/tags?post=44971"}],"curies":[{"name":"wp","href":"https:\/\/api.w.org\/{rel}","templated":true}]}}