{"id":44959,"date":"2024-10-31T11:18:34","date_gmt":"2024-10-31T11:18:34","guid":{"rendered":"https:\/\/jornalboasnoticias.com.br\/home\/?p=44959"},"modified":"2024-10-31T11:18:34","modified_gmt":"2024-10-31T11:18:34","slug":"comissao-de-educacao-aprova-projeto-que-proibe-celular-em-escolas","status":"publish","type":"post","link":"https:\/\/jornalboasnoticias.com.br\/home\/comissao-de-educacao-aprova-projeto-que-proibe-celular-em-escolas\/","title":{"rendered":"Comiss\u00e3o de Educa\u00e7\u00e3o aprova projeto que pro\u00edbe celular em escolas"},"content":{"rendered":"<div class=\"header-noticia full-width\">\n<div>\n<figure id=\"attachment_44960\" aria-describedby=\"caption-attachment-44960\" style=\"width: 1170px\" class=\"wp-caption alignnone\"><img loading=\"lazy\" decoding=\"async\" class=\"size-full wp-image-44960\" src=\"https:\/\/jornalboasnoticias.com.br\/home\/wp-content\/uploads\/2024\/10\/capa1.webp\" alt=\"\" width=\"1170\" height=\"700\" srcset=\"https:\/\/jornalboasnoticias.com.br\/home\/wp-content\/uploads\/2024\/10\/capa1.webp 1170w, https:\/\/jornalboasnoticias.com.br\/home\/wp-content\/uploads\/2024\/10\/capa1-300x179.webp 300w, https:\/\/jornalboasnoticias.com.br\/home\/wp-content\/uploads\/2024\/10\/capa1-1024x613.webp 1024w, https:\/\/jornalboasnoticias.com.br\/home\/wp-content\/uploads\/2024\/10\/capa1-768x459.webp 768w\" sizes=\"auto, (max-width: 1170px) 100vw, 1170px\" \/><figcaption id=\"caption-attachment-44960\" class=\"wp-caption-text\">\u00a9 Arquivo\/EBC<\/figcaption><\/figure>\n<\/div>\n<\/div>\n<blockquote>\n<div class=\"header-noticia full-width\">\n<div class=\"linha-fina-noticia\">Medida vale para institui\u00e7\u00f5es p\u00fablicas e particulares<\/div>\n<\/div>\n<\/blockquote>\n<div>\n<p>Projeto de lei aprovado pela Comiss\u00e3o de Educa\u00e7\u00e3o da C\u00e2mara dos Deputados pro\u00edbe o uso de telefone celular e de outros aparelhos eletr\u00f4nicos port\u00e1teis por alunos da educa\u00e7\u00e3o b\u00e1sica em escolas p\u00fablicas e particulares, inclusive no recreio e nos intervalos entre as aulas.<img decoding=\"async\" src=\"https:\/\/agenciabrasil.ebc.com.br\/ebc.png?id=1617726&amp;o=node\" \/><img decoding=\"async\" src=\"https:\/\/agenciabrasil.ebc.com.br\/ebc.gif?id=1617726&amp;o=node\" \/><\/p>\n<p>Para proteger a crian\u00e7a de at\u00e9 10 anos de idade de poss\u00edveis abusos, o\u00a0texto pro\u00edbe tamb\u00e9m o porte de celular por alunos da educa\u00e7\u00e3o infantil e dos anos iniciais do ensino fundamental.<\/p>\n<p>O projeto autoriza\u00a0o uso de celular em sala de aula para fins estritamente pedag\u00f3gicos, em todos os anos da educa\u00e7\u00e3o b\u00e1sica. Permite ainda o uso para fins de acessibilidade, inclus\u00e3o e condi\u00e7\u00f5es m\u00e9dicas.<\/p>\n<h2>Projeto reformulado<\/h2>\n<p>O texto aprovado \u00e9 o substitutivo do relator, deputado Diego Garcia (Republicanos-PR), ao Projeto de Lei 104\/15\u00a0do deputado Alceu Moreira (MDB-RS), e a outras 13 proposi\u00e7\u00f5es que tramitam em conjunto e tratam do mesmo assunto. Diego Garcia levou em considera\u00e7\u00e3o\u00a0diversos estudos e contribui\u00e7\u00f5es para elaborar parecer.<\/p>\n<p>O relator considerou que o uso e o porte de aparelhos eletr\u00f4nicos na escola para crian\u00e7as de at\u00e9 10 anos de idade podem ser adiados e substitu\u00eddos por atividades f\u00edsicas e de socializa\u00e7\u00e3o, que ser\u00e3o essenciais nos anos seguintes. \u201cPreocupam-nos estudos recentes sobre acesso a conte\u00fado impr\u00f3prio como pornografia, drogas, viol\u00eancia, linguagem impr\u00f3pria e apostas eletr\u00f4nicas\u201d, afirmou\u00a0Garcia.<\/p>\n<p>Para ele, pais que acreditam que o porte de celular, nessa fase, \u00e9\u00a0instrumento de seguran\u00e7a devem olhar tamb\u00e9m para os desafios e preju\u00edzos que o uso de celulares nas escolas pode trazer. \u201cCrian\u00e7as nessa faixa et\u00e1ria n\u00e3o t\u00eam maturidade para discernir quando e como usar esses dispositivos de forma adequada.\u201d<\/p>\n<h2>Exce\u00e7\u00f5es<\/h2>\n<p>Para Garcia, a partir dos 11 anos\u00a0a capacidade de autorregula\u00e7\u00e3o dos alunos \u00e9 maior e a maior demanda por intera\u00e7\u00f5es digitais para as rela\u00e7\u00f5es sociais e as atividades escolares torna inevit\u00e1vel o porte dos celulares na escola. \u201cO uso fica autorizado, em sala de aula, para fins pedag\u00f3gicos e did\u00e1ticos, conforme orienta\u00e7\u00e3o do docente e dos sistemas de ensino, para evitar as distra\u00e7\u00f5es\u201d, destacou.<\/p>\n<p>Sobre a permiss\u00e3o de uso aos alunos com defici\u00eancia, mesmo na educa\u00e7\u00e3o infantil e nos anos iniciais do ensino fundamental, independentemente da atividade pedag\u00f3gica, a ideia \u00e9 garantir a acessibilidade cada vez mais frequente na forma de aplicativos. \u201cInclu\u00edmos tamb\u00e9m os casos de condi\u00e7\u00f5es de sa\u00fade, como a medi\u00e7\u00e3o de glicemia por diab\u00e9ticos. Esses usos s\u00e3o exce\u00e7\u00e3o\u201d, esclareceu o relator.<\/p>\n<h2>Sofrimento ps\u00edquico<\/h2>\n<p>De acordo com o projeto, as redes de ensino e as escolas dever\u00e3o abordar o tema do sofrimento ps\u00edquico e da sa\u00fade mental dos alunos da educa\u00e7\u00e3o b\u00e1sica, apresentando a eles informa\u00e7\u00f5es sobre riscos, sinais e preven\u00e7\u00e3o do sofrimento, incluindo o decorrente do uso imoderado de celulares e do acesso a conte\u00fados impr\u00f3prios.<\/p>\n<p>Tamb\u00e9m os professores dever\u00e3o ser treinados para detectar\u00a0sinais sugestivos de sofrimento ps\u00edquico e mental. As escolas, por sua vez, dever\u00e3o oferecer espa\u00e7os de escuta e de acolhimento para alunos ou funcion\u00e1rios em sofrimento ps\u00edquico e mental, principalmente decorrentes do uso imoderado de telas e nomofobia, que \u00e9 a ang\u00fastia provocada pela aus\u00eancia do celular.<\/p>\n<h2>Pr\u00f3ximos passos<\/h2>\n<p>O projeto ser\u00e1 analisado agora, em car\u00e1ter conclusivo, pela Comiss\u00e3o de Constitui\u00e7\u00e3o, Justi\u00e7a e Cidadania. Para virar lei, a proibi\u00e7\u00e3o precisa ser aprovada pelos deputados e pelos senadores.<\/p>\n<p><em>*Com informa\u00e7\u00f5es da Ag\u00eancia C\u00e2mara de Not\u00edcias<\/em><\/p>\n<\/div>\n","protected":false},"excerpt":{"rendered":"<p>Medida vale para institui\u00e7\u00f5es p\u00fablicas e particulares Projeto de lei aprovado pela Comiss\u00e3o de Educa\u00e7\u00e3o<\/p>\n","protected":false},"author":4,"featured_media":44960,"comment_status":"open","ping_status":"open","sticky":false,"template":"","format":"standard","meta":{"footnotes":""},"categories":[3,8],"tags":[],"class_list":["post-44959","post","type-post","status-publish","format-standard","has-post-thumbnail","hentry","category-destaques","category-educacao"],"yoast_head":"<!-- This site is optimized with the Yoast SEO plugin v27.5 - https:\/\/yoast.com\/product\/yoast-seo-wordpress\/ -->\n<title>Comiss\u00e3o de Educa\u00e7\u00e3o aprova projeto que pro\u00edbe celular em escolas - Jornal<\/title>\n<meta name=\"description\" content=\"Comiss\u00e3o de Educa\u00e7\u00e3o aprova projeto que pro\u00edbe celular em escolas\" \/>\n<meta name=\"robots\" content=\"index, follow, max-snippet:-1, max-image-preview:large, max-video-preview:-1\" \/>\n<link rel=\"canonical\" href=\"https:\/\/jornalboasnoticias.com.br\/home\/comissao-de-educacao-aprova-projeto-que-proibe-celular-em-escolas\/\" \/>\n<meta property=\"og:locale\" content=\"pt_BR\" \/>\n<meta property=\"og:type\" content=\"article\" \/>\n<meta property=\"og:title\" content=\"Comiss\u00e3o de Educa\u00e7\u00e3o aprova projeto que pro\u00edbe celular em escolas - Jornal\" \/>\n<meta property=\"og:description\" content=\"Comiss\u00e3o de Educa\u00e7\u00e3o aprova projeto que pro\u00edbe celular em escolas\" \/>\n<meta property=\"og:url\" content=\"https:\/\/jornalboasnoticias.com.br\/home\/comissao-de-educacao-aprova-projeto-que-proibe-celular-em-escolas\/\" \/>\n<meta property=\"og:site_name\" content=\"Jornal\" \/>\n<meta property=\"article:publisher\" content=\"https:\/\/www.facebook.com\/boasnoticiasjornal\" \/>\n<meta property=\"article:published_time\" content=\"2024-10-31T11:18:34+00:00\" \/>\n<meta property=\"og:image\" content=\"https:\/\/jornalboasnoticias.com.br\/home\/wp-content\/uploads\/2024\/10\/capa1.webp\" \/>\n\t<meta property=\"og:image:width\" content=\"1170\" \/>\n\t<meta property=\"og:image:height\" content=\"700\" \/>\n\t<meta property=\"og:image:type\" content=\"image\/webp\" \/>\n<meta name=\"author\" content=\"Ana Luiza Bonatto\" \/>\n<meta name=\"twitter:card\" content=\"summary_large_image\" \/>\n<meta name=\"twitter:label1\" content=\"Escrito por\" \/>\n\t<meta name=\"twitter:data1\" content=\"Ana Luiza Bonatto\" \/>\n\t<meta name=\"twitter:label2\" content=\"Est. tempo de leitura\" \/>\n\t<meta name=\"twitter:data2\" content=\"4 minutos\" \/>\n<script type=\"application\/ld+json\" class=\"yoast-schema-graph\">{\"@context\":\"https:\\\/\\\/schema.org\",\"@graph\":[{\"@type\":\"Article\",\"@id\":\"https:\\\/\\\/jornalboasnoticias.com.br\\\/home\\\/comissao-de-educacao-aprova-projeto-que-proibe-celular-em-escolas\\\/#article\",\"isPartOf\":{\"@id\":\"https:\\\/\\\/jornalboasnoticias.com.br\\\/home\\\/comissao-de-educacao-aprova-projeto-que-proibe-celular-em-escolas\\\/\"},\"author\":{\"name\":\"Ana Luiza Bonatto\",\"@id\":\"https:\\\/\\\/jornalboasnoticias.com.br\\\/home\\\/#\\\/schema\\\/person\\\/d641193e0afc6405b390164dac847971\"},\"headline\":\"Comiss\u00e3o de Educa\u00e7\u00e3o aprova projeto que pro\u00edbe celular em escolas\",\"datePublished\":\"2024-10-31T11:18:34+00:00\",\"mainEntityOfPage\":{\"@id\":\"https:\\\/\\\/jornalboasnoticias.com.br\\\/home\\\/comissao-de-educacao-aprova-projeto-que-proibe-celular-em-escolas\\\/\"},\"wordCount\":654,\"commentCount\":0,\"publisher\":{\"@id\":\"https:\\\/\\\/jornalboasnoticias.com.br\\\/home\\\/#organization\"},\"image\":{\"@id\":\"https:\\\/\\\/jornalboasnoticias.com.br\\\/home\\\/comissao-de-educacao-aprova-projeto-que-proibe-celular-em-escolas\\\/#primaryimage\"},\"thumbnailUrl\":\"https:\\\/\\\/jornalboasnoticias.com.br\\\/home\\\/wp-content\\\/uploads\\\/2024\\\/10\\\/capa1.webp\",\"articleSection\":[\"DESTAQUE\",\"EDUCA\u00c7\u00c3O\"],\"inLanguage\":\"pt-BR\",\"potentialAction\":[{\"@type\":\"CommentAction\",\"name\":\"Comment\",\"target\":[\"https:\\\/\\\/jornalboasnoticias.com.br\\\/home\\\/comissao-de-educacao-aprova-projeto-que-proibe-celular-em-escolas\\\/#respond\"]}]},{\"@type\":\"WebPage\",\"@id\":\"https:\\\/\\\/jornalboasnoticias.com.br\\\/home\\\/comissao-de-educacao-aprova-projeto-que-proibe-celular-em-escolas\\\/\",\"url\":\"https:\\\/\\\/jornalboasnoticias.com.br\\\/home\\\/comissao-de-educacao-aprova-projeto-que-proibe-celular-em-escolas\\\/\",\"name\":\"Comiss\u00e3o de Educa\u00e7\u00e3o aprova projeto que pro\u00edbe celular em escolas - Jornal\",\"isPartOf\":{\"@id\":\"https:\\\/\\\/jornalboasnoticias.com.br\\\/home\\\/#website\"},\"primaryImageOfPage\":{\"@id\":\"https:\\\/\\\/jornalboasnoticias.com.br\\\/home\\\/comissao-de-educacao-aprova-projeto-que-proibe-celular-em-escolas\\\/#primaryimage\"},\"image\":{\"@id\":\"https:\\\/\\\/jornalboasnoticias.com.br\\\/home\\\/comissao-de-educacao-aprova-projeto-que-proibe-celular-em-escolas\\\/#primaryimage\"},\"thumbnailUrl\":\"https:\\\/\\\/jornalboasnoticias.com.br\\\/home\\\/wp-content\\\/uploads\\\/2024\\\/10\\\/capa1.webp\",\"datePublished\":\"2024-10-31T11:18:34+00:00\",\"description\":\"Comiss\u00e3o de Educa\u00e7\u00e3o aprova projeto que pro\u00edbe celular em escolas\",\"breadcrumb\":{\"@id\":\"https:\\\/\\\/jornalboasnoticias.com.br\\\/home\\\/comissao-de-educacao-aprova-projeto-que-proibe-celular-em-escolas\\\/#breadcrumb\"},\"inLanguage\":\"pt-BR\",\"potentialAction\":[{\"@type\":\"ReadAction\",\"target\":[\"https:\\\/\\\/jornalboasnoticias.com.br\\\/home\\\/comissao-de-educacao-aprova-projeto-que-proibe-celular-em-escolas\\\/\"]}]},{\"@type\":\"ImageObject\",\"inLanguage\":\"pt-BR\",\"@id\":\"https:\\\/\\\/jornalboasnoticias.com.br\\\/home\\\/comissao-de-educacao-aprova-projeto-que-proibe-celular-em-escolas\\\/#primaryimage\",\"url\":\"https:\\\/\\\/jornalboasnoticias.com.br\\\/home\\\/wp-content\\\/uploads\\\/2024\\\/10\\\/capa1.webp\",\"contentUrl\":\"https:\\\/\\\/jornalboasnoticias.com.br\\\/home\\\/wp-content\\\/uploads\\\/2024\\\/10\\\/capa1.webp\",\"width\":1170,\"height\":700,\"caption\":\"\u00a9 Arquivo\\\/EBC\"},{\"@type\":\"BreadcrumbList\",\"@id\":\"https:\\\/\\\/jornalboasnoticias.com.br\\\/home\\\/comissao-de-educacao-aprova-projeto-que-proibe-celular-em-escolas\\\/#breadcrumb\",\"itemListElement\":[{\"@type\":\"ListItem\",\"position\":1,\"name\":\"In\u00edcio\",\"item\":\"https:\\\/\\\/jornalboasnoticias.com.br\\\/home\\\/\"},{\"@type\":\"ListItem\",\"position\":2,\"name\":\"Comiss\u00e3o de Educa\u00e7\u00e3o aprova projeto que pro\u00edbe celular em escolas\"}]},{\"@type\":\"WebSite\",\"@id\":\"https:\\\/\\\/jornalboasnoticias.com.br\\\/home\\\/#website\",\"url\":\"https:\\\/\\\/jornalboasnoticias.com.br\\\/home\\\/\",\"name\":\"Jornal Boas Not\u00edcias\",\"description\":\"Boas not\u00edcias\",\"publisher\":{\"@id\":\"https:\\\/\\\/jornalboasnoticias.com.br\\\/home\\\/#organization\"},\"potentialAction\":[{\"@type\":\"SearchAction\",\"target\":{\"@type\":\"EntryPoint\",\"urlTemplate\":\"https:\\\/\\\/jornalboasnoticias.com.br\\\/home\\\/?s={search_term_string}\"},\"query-input\":{\"@type\":\"PropertyValueSpecification\",\"valueRequired\":true,\"valueName\":\"search_term_string\"}}],\"inLanguage\":\"pt-BR\"},{\"@type\":\"Organization\",\"@id\":\"https:\\\/\\\/jornalboasnoticias.com.br\\\/home\\\/#organization\",\"name\":\"Coq Editora Ltda\",\"alternateName\":\"Jornal Boas Noticias\",\"url\":\"https:\\\/\\\/jornalboasnoticias.com.br\\\/home\\\/\",\"logo\":{\"@type\":\"ImageObject\",\"inLanguage\":\"pt-BR\",\"@id\":\"https:\\\/\\\/jornalboasnoticias.com.br\\\/home\\\/#\\\/schema\\\/logo\\\/image\\\/\",\"url\":\"https:\\\/\\\/jornalboasnoticias.com.br\\\/home\\\/wp-content\\\/uploads\\\/2024\\\/07\\\/cropped-logo.jpg\",\"contentUrl\":\"https:\\\/\\\/jornalboasnoticias.com.br\\\/home\\\/wp-content\\\/uploads\\\/2024\\\/07\\\/cropped-logo.jpg\",\"width\":290,\"height\":142,\"caption\":\"Coq Editora Ltda\"},\"image\":{\"@id\":\"https:\\\/\\\/jornalboasnoticias.com.br\\\/home\\\/#\\\/schema\\\/logo\\\/image\\\/\"},\"sameAs\":[\"https:\\\/\\\/www.facebook.com\\\/boasnoticiasjornal\"]},{\"@type\":\"Person\",\"@id\":\"https:\\\/\\\/jornalboasnoticias.com.br\\\/home\\\/#\\\/schema\\\/person\\\/d641193e0afc6405b390164dac847971\",\"name\":\"Ana Luiza Bonatto\",\"image\":{\"@type\":\"ImageObject\",\"inLanguage\":\"pt-BR\",\"@id\":\"https:\\\/\\\/secure.gravatar.com\\\/avatar\\\/8a055ebe6373371f67ac6fcf313c0ac0b0a91157fdcdb9514fa62927373348f0?s=96&d=mm&r=g\",\"url\":\"https:\\\/\\\/secure.gravatar.com\\\/avatar\\\/8a055ebe6373371f67ac6fcf313c0ac0b0a91157fdcdb9514fa62927373348f0?s=96&d=mm&r=g\",\"contentUrl\":\"https:\\\/\\\/secure.gravatar.com\\\/avatar\\\/8a055ebe6373371f67ac6fcf313c0ac0b0a91157fdcdb9514fa62927373348f0?s=96&d=mm&r=g\",\"caption\":\"Ana Luiza Bonatto\"},\"url\":\"https:\\\/\\\/jornalboasnoticias.com.br\\\/home\\\/author\\\/ana-luiza\\\/\"}]}<\/script>\n<!-- \/ Yoast SEO plugin. -->","yoast_head_json":{"title":"Comiss\u00e3o de Educa\u00e7\u00e3o aprova projeto que pro\u00edbe celular em escolas - Jornal","description":"Comiss\u00e3o de Educa\u00e7\u00e3o aprova projeto que pro\u00edbe celular em escolas","robots":{"index":"index","follow":"follow","max-snippet":"max-snippet:-1","max-image-preview":"max-image-preview:large","max-video-preview":"max-video-preview:-1"},"canonical":"https:\/\/jornalboasnoticias.com.br\/home\/comissao-de-educacao-aprova-projeto-que-proibe-celular-em-escolas\/","og_locale":"pt_BR","og_type":"article","og_title":"Comiss\u00e3o de Educa\u00e7\u00e3o aprova projeto que pro\u00edbe celular em escolas - Jornal","og_description":"Comiss\u00e3o de Educa\u00e7\u00e3o aprova projeto que pro\u00edbe celular em escolas","og_url":"https:\/\/jornalboasnoticias.com.br\/home\/comissao-de-educacao-aprova-projeto-que-proibe-celular-em-escolas\/","og_site_name":"Jornal","article_publisher":"https:\/\/www.facebook.com\/boasnoticiasjornal","article_published_time":"2024-10-31T11:18:34+00:00","og_image":[{"width":1170,"height":700,"url":"https:\/\/jornalboasnoticias.com.br\/home\/wp-content\/uploads\/2024\/10\/capa1.webp","type":"image\/webp"}],"author":"Ana Luiza Bonatto","twitter_card":"summary_large_image","twitter_misc":{"Escrito por":"Ana Luiza Bonatto","Est. tempo de leitura":"4 minutos"},"schema":{"@context":"https:\/\/schema.org","@graph":[{"@type":"Article","@id":"https:\/\/jornalboasnoticias.com.br\/home\/comissao-de-educacao-aprova-projeto-que-proibe-celular-em-escolas\/#article","isPartOf":{"@id":"https:\/\/jornalboasnoticias.com.br\/home\/comissao-de-educacao-aprova-projeto-que-proibe-celular-em-escolas\/"},"author":{"name":"Ana Luiza Bonatto","@id":"https:\/\/jornalboasnoticias.com.br\/home\/#\/schema\/person\/d641193e0afc6405b390164dac847971"},"headline":"Comiss\u00e3o de Educa\u00e7\u00e3o aprova projeto que pro\u00edbe celular em escolas","datePublished":"2024-10-31T11:18:34+00:00","mainEntityOfPage":{"@id":"https:\/\/jornalboasnoticias.com.br\/home\/comissao-de-educacao-aprova-projeto-que-proibe-celular-em-escolas\/"},"wordCount":654,"commentCount":0,"publisher":{"@id":"https:\/\/jornalboasnoticias.com.br\/home\/#organization"},"image":{"@id":"https:\/\/jornalboasnoticias.com.br\/home\/comissao-de-educacao-aprova-projeto-que-proibe-celular-em-escolas\/#primaryimage"},"thumbnailUrl":"https:\/\/jornalboasnoticias.com.br\/home\/wp-content\/uploads\/2024\/10\/capa1.webp","articleSection":["DESTAQUE","EDUCA\u00c7\u00c3O"],"inLanguage":"pt-BR","potentialAction":[{"@type":"CommentAction","name":"Comment","target":["https:\/\/jornalboasnoticias.com.br\/home\/comissao-de-educacao-aprova-projeto-que-proibe-celular-em-escolas\/#respond"]}]},{"@type":"WebPage","@id":"https:\/\/jornalboasnoticias.com.br\/home\/comissao-de-educacao-aprova-projeto-que-proibe-celular-em-escolas\/","url":"https:\/\/jornalboasnoticias.com.br\/home\/comissao-de-educacao-aprova-projeto-que-proibe-celular-em-escolas\/","name":"Comiss\u00e3o de Educa\u00e7\u00e3o aprova projeto que pro\u00edbe celular em escolas - Jornal","isPartOf":{"@id":"https:\/\/jornalboasnoticias.com.br\/home\/#website"},"primaryImageOfPage":{"@id":"https:\/\/jornalboasnoticias.com.br\/home\/comissao-de-educacao-aprova-projeto-que-proibe-celular-em-escolas\/#primaryimage"},"image":{"@id":"https:\/\/jornalboasnoticias.com.br\/home\/comissao-de-educacao-aprova-projeto-que-proibe-celular-em-escolas\/#primaryimage"},"thumbnailUrl":"https:\/\/jornalboasnoticias.com.br\/home\/wp-content\/uploads\/2024\/10\/capa1.webp","datePublished":"2024-10-31T11:18:34+00:00","description":"Comiss\u00e3o de Educa\u00e7\u00e3o aprova projeto que pro\u00edbe celular em escolas","breadcrumb":{"@id":"https:\/\/jornalboasnoticias.com.br\/home\/comissao-de-educacao-aprova-projeto-que-proibe-celular-em-escolas\/#breadcrumb"},"inLanguage":"pt-BR","potentialAction":[{"@type":"ReadAction","target":["https:\/\/jornalboasnoticias.com.br\/home\/comissao-de-educacao-aprova-projeto-que-proibe-celular-em-escolas\/"]}]},{"@type":"ImageObject","inLanguage":"pt-BR","@id":"https:\/\/jornalboasnoticias.com.br\/home\/comissao-de-educacao-aprova-projeto-que-proibe-celular-em-escolas\/#primaryimage","url":"https:\/\/jornalboasnoticias.com.br\/home\/wp-content\/uploads\/2024\/10\/capa1.webp","contentUrl":"https:\/\/jornalboasnoticias.com.br\/home\/wp-content\/uploads\/2024\/10\/capa1.webp","width":1170,"height":700,"caption":"\u00a9 Arquivo\/EBC"},{"@type":"BreadcrumbList","@id":"https:\/\/jornalboasnoticias.com.br\/home\/comissao-de-educacao-aprova-projeto-que-proibe-celular-em-escolas\/#breadcrumb","itemListElement":[{"@type":"ListItem","position":1,"name":"In\u00edcio","item":"https:\/\/jornalboasnoticias.com.br\/home\/"},{"@type":"ListItem","position":2,"name":"Comiss\u00e3o de Educa\u00e7\u00e3o aprova projeto que pro\u00edbe celular em escolas"}]},{"@type":"WebSite","@id":"https:\/\/jornalboasnoticias.com.br\/home\/#website","url":"https:\/\/jornalboasnoticias.com.br\/home\/","name":"Jornal Boas Not\u00edcias","description":"Boas not\u00edcias","publisher":{"@id":"https:\/\/jornalboasnoticias.com.br\/home\/#organization"},"potentialAction":[{"@type":"SearchAction","target":{"@type":"EntryPoint","urlTemplate":"https:\/\/jornalboasnoticias.com.br\/home\/?s={search_term_string}"},"query-input":{"@type":"PropertyValueSpecification","valueRequired":true,"valueName":"search_term_string"}}],"inLanguage":"pt-BR"},{"@type":"Organization","@id":"https:\/\/jornalboasnoticias.com.br\/home\/#organization","name":"Coq Editora Ltda","alternateName":"Jornal Boas Noticias","url":"https:\/\/jornalboasnoticias.com.br\/home\/","logo":{"@type":"ImageObject","inLanguage":"pt-BR","@id":"https:\/\/jornalboasnoticias.com.br\/home\/#\/schema\/logo\/image\/","url":"https:\/\/jornalboasnoticias.com.br\/home\/wp-content\/uploads\/2024\/07\/cropped-logo.jpg","contentUrl":"https:\/\/jornalboasnoticias.com.br\/home\/wp-content\/uploads\/2024\/07\/cropped-logo.jpg","width":290,"height":142,"caption":"Coq Editora Ltda"},"image":{"@id":"https:\/\/jornalboasnoticias.com.br\/home\/#\/schema\/logo\/image\/"},"sameAs":["https:\/\/www.facebook.com\/boasnoticiasjornal"]},{"@type":"Person","@id":"https:\/\/jornalboasnoticias.com.br\/home\/#\/schema\/person\/d641193e0afc6405b390164dac847971","name":"Ana Luiza Bonatto","image":{"@type":"ImageObject","inLanguage":"pt-BR","@id":"https:\/\/secure.gravatar.com\/avatar\/8a055ebe6373371f67ac6fcf313c0ac0b0a91157fdcdb9514fa62927373348f0?s=96&d=mm&r=g","url":"https:\/\/secure.gravatar.com\/avatar\/8a055ebe6373371f67ac6fcf313c0ac0b0a91157fdcdb9514fa62927373348f0?s=96&d=mm&r=g","contentUrl":"https:\/\/secure.gravatar.com\/avatar\/8a055ebe6373371f67ac6fcf313c0ac0b0a91157fdcdb9514fa62927373348f0?s=96&d=mm&r=g","caption":"Ana Luiza Bonatto"},"url":"https:\/\/jornalboasnoticias.com.br\/home\/author\/ana-luiza\/"}]}},"_links":{"self":[{"href":"https:\/\/jornalboasnoticias.com.br\/home\/wp-json\/wp\/v2\/posts\/44959","targetHints":{"allow":["GET"]}}],"collection":[{"href":"https:\/\/jornalboasnoticias.com.br\/home\/wp-json\/wp\/v2\/posts"}],"about":[{"href":"https:\/\/jornalboasnoticias.com.br\/home\/wp-json\/wp\/v2\/types\/post"}],"author":[{"embeddable":true,"href":"https:\/\/jornalboasnoticias.com.br\/home\/wp-json\/wp\/v2\/users\/4"}],"replies":[{"embeddable":true,"href":"https:\/\/jornalboasnoticias.com.br\/home\/wp-json\/wp\/v2\/comments?post=44959"}],"version-history":[{"count":2,"href":"https:\/\/jornalboasnoticias.com.br\/home\/wp-json\/wp\/v2\/posts\/44959\/revisions"}],"predecessor-version":[{"id":44962,"href":"https:\/\/jornalboasnoticias.com.br\/home\/wp-json\/wp\/v2\/posts\/44959\/revisions\/44962"}],"wp:featuredmedia":[{"embeddable":true,"href":"https:\/\/jornalboasnoticias.com.br\/home\/wp-json\/wp\/v2\/media\/44960"}],"wp:attachment":[{"href":"https:\/\/jornalboasnoticias.com.br\/home\/wp-json\/wp\/v2\/media?parent=44959"}],"wp:term":[{"taxonomy":"category","embeddable":true,"href":"https:\/\/jornalboasnoticias.com.br\/home\/wp-json\/wp\/v2\/categories?post=44959"},{"taxonomy":"post_tag","embeddable":true,"href":"https:\/\/jornalboasnoticias.com.br\/home\/wp-json\/wp\/v2\/tags?post=44959"}],"curies":[{"name":"wp","href":"https:\/\/api.w.org\/{rel}","templated":true}]}}