{"id":44945,"date":"2024-10-30T23:57:17","date_gmt":"2024-10-30T23:57:17","guid":{"rendered":"https:\/\/jornalboasnoticias.com.br\/home\/?p=44945"},"modified":"2024-10-30T23:57:17","modified_gmt":"2024-10-30T23:57:17","slug":"piracema-proibicao-de-pesca-predatoria-na-bacia-do-rio-parana-comeca-na-sexta-feira","status":"publish","type":"post","link":"https:\/\/jornalboasnoticias.com.br\/home\/piracema-proibicao-de-pesca-predatoria-na-bacia-do-rio-parana-comeca-na-sexta-feira\/","title":{"rendered":"Piracema: proibi\u00e7\u00e3o de pesca predat\u00f3ria na Bacia do Rio Paran\u00e1 come\u00e7a na sexta-feira"},"content":{"rendered":"<div class=\"not-escopo-destaque\">\n<div>\n<figure id=\"attachment_44946\" aria-describedby=\"caption-attachment-44946\" style=\"width: 1042px\" class=\"wp-caption alignnone\"><img loading=\"lazy\" decoding=\"async\" class=\"size-full wp-image-44946\" src=\"https:\/\/jornalboasnoticias.com.br\/home\/wp-content\/uploads\/2024\/10\/piracema_10_iat.jpg\" alt=\"\" width=\"1042\" height=\"695\" srcset=\"https:\/\/jornalboasnoticias.com.br\/home\/wp-content\/uploads\/2024\/10\/piracema_10_iat.jpg 1042w, https:\/\/jornalboasnoticias.com.br\/home\/wp-content\/uploads\/2024\/10\/piracema_10_iat-300x200.jpg 300w, https:\/\/jornalboasnoticias.com.br\/home\/wp-content\/uploads\/2024\/10\/piracema_10_iat-1024x683.jpg 1024w, https:\/\/jornalboasnoticias.com.br\/home\/wp-content\/uploads\/2024\/10\/piracema_10_iat-768x512.jpg 768w, https:\/\/jornalboasnoticias.com.br\/home\/wp-content\/uploads\/2024\/10\/piracema_10_iat-900x600.jpg 900w\" sizes=\"auto, (max-width: 1042px) 100vw, 1042px\" \/><figcaption id=\"caption-attachment-44946\" class=\"wp-caption-text\">Foto: IAT<\/figcaption><\/figure>\n<\/div>\n<\/div>\n<blockquote>\n<div class=\"not-escopo-destaque\">\n<div class=\"field field--name-field-escopo-destaque field--type-string-long field--label-hidden field--item\">Medida busca preservar o ciclo de reprodu\u00e7\u00e3o natural de esp\u00e9cies nativas do Paran\u00e1 e \u00e9 v\u00e1lida at\u00e9 28 de fevereiro de 2025. Fiscaliza\u00e7\u00e3o ser\u00e1 organizada pelo Instituto \u00c1gua e Terra (IAT) com suporte do Batalh\u00e3o de Pol\u00edcia Ambiental-For\u00e7a Verde.<\/div>\n<\/div>\n<\/blockquote>\n<div>\n<div class=\"row\">\n<div class=\"col-sm-8 col-md-offset-1 bloco-central\">\n<article class=\"node node--type-noticia node--promoted node--view-mode-full clearfix\" role=\"article\" data-history-node-id=\"69623\">\n<div class=\"node__content clearfix\">\n<div class=\"field field--name-field-texto field--type-text-long field--label-hidden field--item\">\n<p>O Paran\u00e1 entra, a partir de sexta-feira (1\u00ba), no per\u00edodo de defeso da Piracema, ciclo de restri\u00e7\u00e3o \u00e0 pesca de esp\u00e9cies nativas para preservar a reprodu\u00e7\u00e3o natural dos peixes na bacia hidrogr\u00e1fica do Rio Paran\u00e1. A a\u00e7\u00e3o \u00e9 normatizada pela Portaria IAT 377\/2022 e vale at\u00e9 28 de fevereiro de 2025. A fiscaliza\u00e7\u00e3o ser\u00e1 organizada pelo Instituto \u00c1gua e Terra (IAT) com suporte do Batalh\u00e3o de Pol\u00edcia Ambiental-For\u00e7a Verde (BPAmb-FV).<\/p>\n<p>No \u00faltimo per\u00edodo de defeso, entre novembro de 2023 e fevereiro de 2024, foram lavrados 92 Autos de Infra\u00e7\u00e3o Ambiental (AIA), com multas que totalizaram R$ 265 mil. Houve ainda a apreens\u00e3o de 194,68 quilos de peixe, al\u00e9m de materiais e equipamentos como redes de pesca, molinetes, carretilhas, anz\u00f3is, entre outras ferramentas de pesca utilizadas irregularmente.<\/p>\n<p>A restri\u00e7\u00e3o de pesca \u00e9 determinada pelo \u00f3rg\u00e3o ambiental h\u00e1 quase duas d\u00e9cadas, em cumprimento \u00e0\u00a0<a class=\"0\" href=\"https:\/\/www.ibama.gov.br\/component\/legislacao\/?view=legislacao&amp;legislacao=115161\" target=\"_blank\" rel=\"nofollow noopener\">Instru\u00e7\u00e3o Normativa n\u00ba 25\/2009<\/a>\u00a0do Instituto Brasileiro do Meio Ambiente e dos Recursos Naturais Renov\u00e1veis (Ibama). O IAT \u00e9 um \u00f3rg\u00e3o vinculado \u00e0 Secretaria do Desenvolvimento Sustent\u00e1vel (Sedest), respons\u00e1vel, tamb\u00e9m, pela fiscaliza\u00e7\u00e3o do cumprimento das regras na pesca.<\/p>\n<p>Considerando o comportamento migrat\u00f3rio e de reprodu\u00e7\u00e3o das esp\u00e9cies nativas, a pesca \u00e9 proibida na bacia hidrogr\u00e1fica do Rio Paran\u00e1, que compreende o rio principal, seus formadores, afluentes, lagos, lagoas marginais, reservat\u00f3rios e demais cole\u00e7\u00f5es de \u00e1gua inseridas na bacia de contribui\u00e7\u00e3o do rio.<\/p>\n<p>Entre as esp\u00e9cies protegidas no per\u00edodo est\u00e3o bagre, dourado, ja\u00fa, pintado, lambari, mandi-amarelo, mandi-prata e piracanjuva.<\/p>\n<p>N\u00e3o entram na restri\u00e7\u00e3o peixes considerados ex\u00f3ticos, que foram introduzidos no meio ambiente pelo homem, como bagre-africano, apaiari, black-bass, carpa, corvina, peixe-rei, sardinha-de-\u00e1gua-doce, piranha-preta, til\u00e1pia, tucunar\u00e9 e zoiudo. Tamb\u00e9m n\u00e3o entram esp\u00e9cies h\u00edbridas, que s\u00e3o organismos resultantes do cruzamento de duas esp\u00e9cies.<\/p>\n<p>A lei de crimes ambientais define multas de aproximadamente R$ 1.200 por pescador e mais de R$ 20 por quilo de peixe pescado. Al\u00e9m disso, os materiais de pesca, como varas, redes e embarca\u00e7\u00f5es, podem ser apreendidos se ficar comprovada a retirada de esp\u00e9cies nativas durante o defeso, com cobran\u00e7a de R$ 100 por apetrecho recolhido. O transporte e a comercializa\u00e7\u00e3o tamb\u00e9m s\u00e3o fiscalizados no per\u00edodo.<\/p>\n<p>\u201cAssim que constatada qualquer irregularidade, os infratores ter\u00e3o os peixes apreendidos, o que tamb\u00e9m pode acontecer com os barcos. E, nos casos de pris\u00e3o, o respons\u00e1vel \u00e9 encaminhado ao Minist\u00e9rio P\u00fablico\u201d, explicou o gerente de Monitoramento e Fiscaliza\u00e7\u00e3o do IAT, \u00c1lvaro C\u00e9sar de Goes.<\/p>\n<p>\u201cAl\u00e9m da import\u00e2ncia da conserva\u00e7\u00e3o das esp\u00e9cies nativas, o defeso tem papel socioambiental, despertando consci\u00eancia ecol\u00f3gica nos turistas e pescadores\u201d, acrescentou ele.<\/p>\n<p><strong>ESTIAGEM\u00a0<\/strong>\u2013 Al\u00e9m do defeso da Piracema, o Paran\u00e1 restringiu a atividade pesqueira em algumas bacias em raz\u00e3o do per\u00edodo cr\u00edtico de escassez h\u00eddrica em decorr\u00eancia da longa estiagem no Estado, de acordo com a Portaria n\u00ba 381\/2024. A medida abrange as Bacias Hidrogr\u00e1ficas do Rio das Cinzas, Iva\u00ed, Itarar\u00e9, Paranapanema 4, Piquiri, Pirap\u00f3 e Tibagi.<\/p>\n<p>O texto tamb\u00e9m pro\u00edbe o transporte de pescados sem a devida comprova\u00e7\u00e3o de origem nessas \u00e1reas. A decis\u00e3o \u00e9 por tempo indeterminado, at\u00e9 que os rios das regi\u00f5es voltem ao n\u00edvel normal e possibilite assim a dispers\u00e3o dos cardumes.<\/p>\n<p>A Portaria, por\u00e9m, autoriza a pesca em ambientes l\u00eanticos (de \u00e1guas sem corrente), ou seja, em reservat\u00f3rios, lagos das represas e lagoas marginais. Para esp\u00e9cies nativas, novamente na modalidade \u201cpesque e solte\u201d, e para esp\u00e9cies ex\u00f3ticas, como a til\u00e1pia e o black-bass, inclui a permiss\u00e3o para retirada.<\/p>\n<p><em><strong>AEN<\/strong><\/em><\/p>\n<\/div>\n<\/div>\n<\/article>\n<\/div>\n<\/div>\n<\/div>\n","protected":false},"excerpt":{"rendered":"<p>Medida busca preservar o ciclo de reprodu\u00e7\u00e3o natural de esp\u00e9cies nativas do Paran\u00e1 e \u00e9<\/p>\n","protected":false},"author":4,"featured_media":44946,"comment_status":"open","ping_status":"open","sticky":false,"template":"","format":"standard","meta":{"footnotes":""},"categories":[4],"tags":[],"class_list":["post-44945","post","type-post","status-publish","format-standard","has-post-thumbnail","hentry","category-parana"],"yoast_head":"<!-- This site is optimized with the Yoast SEO plugin v27.5 - https:\/\/yoast.com\/product\/yoast-seo-wordpress\/ -->\n<title>Piracema: proibi\u00e7\u00e3o de pesca predat\u00f3ria na Bacia do Rio Paran\u00e1 come\u00e7a na sexta-feira - Jornal<\/title>\n<meta name=\"description\" content=\"Piracema: proibi\u00e7\u00e3o de pesca predat\u00f3ria na Bacia do Rio Paran\u00e1 come\u00e7a na sexta-feira\" \/>\n<meta name=\"robots\" content=\"index, follow, max-snippet:-1, max-image-preview:large, max-video-preview:-1\" \/>\n<link rel=\"canonical\" href=\"https:\/\/jornalboasnoticias.com.br\/home\/piracema-proibicao-de-pesca-predatoria-na-bacia-do-rio-parana-comeca-na-sexta-feira\/\" \/>\n<meta property=\"og:locale\" content=\"pt_BR\" \/>\n<meta property=\"og:type\" content=\"article\" \/>\n<meta property=\"og:title\" content=\"Piracema: proibi\u00e7\u00e3o de pesca predat\u00f3ria na Bacia do Rio Paran\u00e1 come\u00e7a na sexta-feira - Jornal\" \/>\n<meta property=\"og:description\" content=\"Piracema: proibi\u00e7\u00e3o de pesca predat\u00f3ria na Bacia do Rio Paran\u00e1 come\u00e7a na sexta-feira\" \/>\n<meta property=\"og:url\" content=\"https:\/\/jornalboasnoticias.com.br\/home\/piracema-proibicao-de-pesca-predatoria-na-bacia-do-rio-parana-comeca-na-sexta-feira\/\" \/>\n<meta property=\"og:site_name\" content=\"Jornal\" \/>\n<meta property=\"article:publisher\" content=\"https:\/\/www.facebook.com\/boasnoticiasjornal\" \/>\n<meta property=\"article:published_time\" content=\"2024-10-30T23:57:17+00:00\" \/>\n<meta property=\"og:image\" content=\"https:\/\/jornalboasnoticias.com.br\/home\/wp-content\/uploads\/2024\/10\/piracema_10_iat.jpg\" \/>\n\t<meta property=\"og:image:width\" content=\"1042\" \/>\n\t<meta property=\"og:image:height\" content=\"695\" \/>\n\t<meta property=\"og:image:type\" content=\"image\/jpeg\" \/>\n<meta name=\"author\" content=\"Ana Luiza Bonatto\" \/>\n<meta name=\"twitter:card\" content=\"summary_large_image\" \/>\n<meta name=\"twitter:label1\" content=\"Escrito por\" \/>\n\t<meta name=\"twitter:data1\" content=\"Ana Luiza Bonatto\" \/>\n\t<meta name=\"twitter:label2\" content=\"Est. tempo de leitura\" \/>\n\t<meta name=\"twitter:data2\" content=\"4 minutos\" \/>\n<script type=\"application\/ld+json\" class=\"yoast-schema-graph\">{\"@context\":\"https:\\\/\\\/schema.org\",\"@graph\":[{\"@type\":\"Article\",\"@id\":\"https:\\\/\\\/jornalboasnoticias.com.br\\\/home\\\/piracema-proibicao-de-pesca-predatoria-na-bacia-do-rio-parana-comeca-na-sexta-feira\\\/#article\",\"isPartOf\":{\"@id\":\"https:\\\/\\\/jornalboasnoticias.com.br\\\/home\\\/piracema-proibicao-de-pesca-predatoria-na-bacia-do-rio-parana-comeca-na-sexta-feira\\\/\"},\"author\":{\"name\":\"Ana Luiza Bonatto\",\"@id\":\"https:\\\/\\\/jornalboasnoticias.com.br\\\/home\\\/#\\\/schema\\\/person\\\/d641193e0afc6405b390164dac847971\"},\"headline\":\"Piracema: proibi\u00e7\u00e3o de pesca predat\u00f3ria na Bacia do Rio Paran\u00e1 come\u00e7a na sexta-feira\",\"datePublished\":\"2024-10-30T23:57:17+00:00\",\"mainEntityOfPage\":{\"@id\":\"https:\\\/\\\/jornalboasnoticias.com.br\\\/home\\\/piracema-proibicao-de-pesca-predatoria-na-bacia-do-rio-parana-comeca-na-sexta-feira\\\/\"},\"wordCount\":690,\"commentCount\":0,\"publisher\":{\"@id\":\"https:\\\/\\\/jornalboasnoticias.com.br\\\/home\\\/#organization\"},\"image\":{\"@id\":\"https:\\\/\\\/jornalboasnoticias.com.br\\\/home\\\/piracema-proibicao-de-pesca-predatoria-na-bacia-do-rio-parana-comeca-na-sexta-feira\\\/#primaryimage\"},\"thumbnailUrl\":\"https:\\\/\\\/jornalboasnoticias.com.br\\\/home\\\/wp-content\\\/uploads\\\/2024\\\/10\\\/piracema_10_iat.jpg\",\"articleSection\":[\"PARAN\u00c1\"],\"inLanguage\":\"pt-BR\",\"potentialAction\":[{\"@type\":\"CommentAction\",\"name\":\"Comment\",\"target\":[\"https:\\\/\\\/jornalboasnoticias.com.br\\\/home\\\/piracema-proibicao-de-pesca-predatoria-na-bacia-do-rio-parana-comeca-na-sexta-feira\\\/#respond\"]}]},{\"@type\":\"WebPage\",\"@id\":\"https:\\\/\\\/jornalboasnoticias.com.br\\\/home\\\/piracema-proibicao-de-pesca-predatoria-na-bacia-do-rio-parana-comeca-na-sexta-feira\\\/\",\"url\":\"https:\\\/\\\/jornalboasnoticias.com.br\\\/home\\\/piracema-proibicao-de-pesca-predatoria-na-bacia-do-rio-parana-comeca-na-sexta-feira\\\/\",\"name\":\"Piracema: proibi\u00e7\u00e3o de pesca predat\u00f3ria na Bacia do Rio Paran\u00e1 come\u00e7a na sexta-feira - Jornal\",\"isPartOf\":{\"@id\":\"https:\\\/\\\/jornalboasnoticias.com.br\\\/home\\\/#website\"},\"primaryImageOfPage\":{\"@id\":\"https:\\\/\\\/jornalboasnoticias.com.br\\\/home\\\/piracema-proibicao-de-pesca-predatoria-na-bacia-do-rio-parana-comeca-na-sexta-feira\\\/#primaryimage\"},\"image\":{\"@id\":\"https:\\\/\\\/jornalboasnoticias.com.br\\\/home\\\/piracema-proibicao-de-pesca-predatoria-na-bacia-do-rio-parana-comeca-na-sexta-feira\\\/#primaryimage\"},\"thumbnailUrl\":\"https:\\\/\\\/jornalboasnoticias.com.br\\\/home\\\/wp-content\\\/uploads\\\/2024\\\/10\\\/piracema_10_iat.jpg\",\"datePublished\":\"2024-10-30T23:57:17+00:00\",\"description\":\"Piracema: proibi\u00e7\u00e3o de pesca predat\u00f3ria na Bacia do Rio Paran\u00e1 come\u00e7a na sexta-feira\",\"breadcrumb\":{\"@id\":\"https:\\\/\\\/jornalboasnoticias.com.br\\\/home\\\/piracema-proibicao-de-pesca-predatoria-na-bacia-do-rio-parana-comeca-na-sexta-feira\\\/#breadcrumb\"},\"inLanguage\":\"pt-BR\",\"potentialAction\":[{\"@type\":\"ReadAction\",\"target\":[\"https:\\\/\\\/jornalboasnoticias.com.br\\\/home\\\/piracema-proibicao-de-pesca-predatoria-na-bacia-do-rio-parana-comeca-na-sexta-feira\\\/\"]}]},{\"@type\":\"ImageObject\",\"inLanguage\":\"pt-BR\",\"@id\":\"https:\\\/\\\/jornalboasnoticias.com.br\\\/home\\\/piracema-proibicao-de-pesca-predatoria-na-bacia-do-rio-parana-comeca-na-sexta-feira\\\/#primaryimage\",\"url\":\"https:\\\/\\\/jornalboasnoticias.com.br\\\/home\\\/wp-content\\\/uploads\\\/2024\\\/10\\\/piracema_10_iat.jpg\",\"contentUrl\":\"https:\\\/\\\/jornalboasnoticias.com.br\\\/home\\\/wp-content\\\/uploads\\\/2024\\\/10\\\/piracema_10_iat.jpg\",\"width\":1042,\"height\":695,\"caption\":\"Foto: IAT\"},{\"@type\":\"BreadcrumbList\",\"@id\":\"https:\\\/\\\/jornalboasnoticias.com.br\\\/home\\\/piracema-proibicao-de-pesca-predatoria-na-bacia-do-rio-parana-comeca-na-sexta-feira\\\/#breadcrumb\",\"itemListElement\":[{\"@type\":\"ListItem\",\"position\":1,\"name\":\"In\u00edcio\",\"item\":\"https:\\\/\\\/jornalboasnoticias.com.br\\\/home\\\/\"},{\"@type\":\"ListItem\",\"position\":2,\"name\":\"Piracema: proibi\u00e7\u00e3o de pesca predat\u00f3ria na Bacia do Rio Paran\u00e1 come\u00e7a na sexta-feira\"}]},{\"@type\":\"WebSite\",\"@id\":\"https:\\\/\\\/jornalboasnoticias.com.br\\\/home\\\/#website\",\"url\":\"https:\\\/\\\/jornalboasnoticias.com.br\\\/home\\\/\",\"name\":\"Jornal Boas Not\u00edcias\",\"description\":\"Boas not\u00edcias\",\"publisher\":{\"@id\":\"https:\\\/\\\/jornalboasnoticias.com.br\\\/home\\\/#organization\"},\"potentialAction\":[{\"@type\":\"SearchAction\",\"target\":{\"@type\":\"EntryPoint\",\"urlTemplate\":\"https:\\\/\\\/jornalboasnoticias.com.br\\\/home\\\/?s={search_term_string}\"},\"query-input\":{\"@type\":\"PropertyValueSpecification\",\"valueRequired\":true,\"valueName\":\"search_term_string\"}}],\"inLanguage\":\"pt-BR\"},{\"@type\":\"Organization\",\"@id\":\"https:\\\/\\\/jornalboasnoticias.com.br\\\/home\\\/#organization\",\"name\":\"Coq Editora Ltda\",\"alternateName\":\"Jornal Boas Noticias\",\"url\":\"https:\\\/\\\/jornalboasnoticias.com.br\\\/home\\\/\",\"logo\":{\"@type\":\"ImageObject\",\"inLanguage\":\"pt-BR\",\"@id\":\"https:\\\/\\\/jornalboasnoticias.com.br\\\/home\\\/#\\\/schema\\\/logo\\\/image\\\/\",\"url\":\"https:\\\/\\\/jornalboasnoticias.com.br\\\/home\\\/wp-content\\\/uploads\\\/2024\\\/07\\\/cropped-logo.jpg\",\"contentUrl\":\"https:\\\/\\\/jornalboasnoticias.com.br\\\/home\\\/wp-content\\\/uploads\\\/2024\\\/07\\\/cropped-logo.jpg\",\"width\":290,\"height\":142,\"caption\":\"Coq Editora Ltda\"},\"image\":{\"@id\":\"https:\\\/\\\/jornalboasnoticias.com.br\\\/home\\\/#\\\/schema\\\/logo\\\/image\\\/\"},\"sameAs\":[\"https:\\\/\\\/www.facebook.com\\\/boasnoticiasjornal\"]},{\"@type\":\"Person\",\"@id\":\"https:\\\/\\\/jornalboasnoticias.com.br\\\/home\\\/#\\\/schema\\\/person\\\/d641193e0afc6405b390164dac847971\",\"name\":\"Ana Luiza Bonatto\",\"image\":{\"@type\":\"ImageObject\",\"inLanguage\":\"pt-BR\",\"@id\":\"https:\\\/\\\/secure.gravatar.com\\\/avatar\\\/8a055ebe6373371f67ac6fcf313c0ac0b0a91157fdcdb9514fa62927373348f0?s=96&d=mm&r=g\",\"url\":\"https:\\\/\\\/secure.gravatar.com\\\/avatar\\\/8a055ebe6373371f67ac6fcf313c0ac0b0a91157fdcdb9514fa62927373348f0?s=96&d=mm&r=g\",\"contentUrl\":\"https:\\\/\\\/secure.gravatar.com\\\/avatar\\\/8a055ebe6373371f67ac6fcf313c0ac0b0a91157fdcdb9514fa62927373348f0?s=96&d=mm&r=g\",\"caption\":\"Ana Luiza Bonatto\"},\"url\":\"https:\\\/\\\/jornalboasnoticias.com.br\\\/home\\\/author\\\/ana-luiza\\\/\"}]}<\/script>\n<!-- \/ Yoast SEO plugin. -->","yoast_head_json":{"title":"Piracema: proibi\u00e7\u00e3o de pesca predat\u00f3ria na Bacia do Rio Paran\u00e1 come\u00e7a na sexta-feira - Jornal","description":"Piracema: proibi\u00e7\u00e3o de pesca predat\u00f3ria na Bacia do Rio Paran\u00e1 come\u00e7a na sexta-feira","robots":{"index":"index","follow":"follow","max-snippet":"max-snippet:-1","max-image-preview":"max-image-preview:large","max-video-preview":"max-video-preview:-1"},"canonical":"https:\/\/jornalboasnoticias.com.br\/home\/piracema-proibicao-de-pesca-predatoria-na-bacia-do-rio-parana-comeca-na-sexta-feira\/","og_locale":"pt_BR","og_type":"article","og_title":"Piracema: proibi\u00e7\u00e3o de pesca predat\u00f3ria na Bacia do Rio Paran\u00e1 come\u00e7a na sexta-feira - Jornal","og_description":"Piracema: proibi\u00e7\u00e3o de pesca predat\u00f3ria na Bacia do Rio Paran\u00e1 come\u00e7a na sexta-feira","og_url":"https:\/\/jornalboasnoticias.com.br\/home\/piracema-proibicao-de-pesca-predatoria-na-bacia-do-rio-parana-comeca-na-sexta-feira\/","og_site_name":"Jornal","article_publisher":"https:\/\/www.facebook.com\/boasnoticiasjornal","article_published_time":"2024-10-30T23:57:17+00:00","og_image":[{"width":1042,"height":695,"url":"https:\/\/jornalboasnoticias.com.br\/home\/wp-content\/uploads\/2024\/10\/piracema_10_iat.jpg","type":"image\/jpeg"}],"author":"Ana Luiza Bonatto","twitter_card":"summary_large_image","twitter_misc":{"Escrito por":"Ana Luiza Bonatto","Est. tempo de leitura":"4 minutos"},"schema":{"@context":"https:\/\/schema.org","@graph":[{"@type":"Article","@id":"https:\/\/jornalboasnoticias.com.br\/home\/piracema-proibicao-de-pesca-predatoria-na-bacia-do-rio-parana-comeca-na-sexta-feira\/#article","isPartOf":{"@id":"https:\/\/jornalboasnoticias.com.br\/home\/piracema-proibicao-de-pesca-predatoria-na-bacia-do-rio-parana-comeca-na-sexta-feira\/"},"author":{"name":"Ana Luiza Bonatto","@id":"https:\/\/jornalboasnoticias.com.br\/home\/#\/schema\/person\/d641193e0afc6405b390164dac847971"},"headline":"Piracema: proibi\u00e7\u00e3o de pesca predat\u00f3ria na Bacia do Rio Paran\u00e1 come\u00e7a na sexta-feira","datePublished":"2024-10-30T23:57:17+00:00","mainEntityOfPage":{"@id":"https:\/\/jornalboasnoticias.com.br\/home\/piracema-proibicao-de-pesca-predatoria-na-bacia-do-rio-parana-comeca-na-sexta-feira\/"},"wordCount":690,"commentCount":0,"publisher":{"@id":"https:\/\/jornalboasnoticias.com.br\/home\/#organization"},"image":{"@id":"https:\/\/jornalboasnoticias.com.br\/home\/piracema-proibicao-de-pesca-predatoria-na-bacia-do-rio-parana-comeca-na-sexta-feira\/#primaryimage"},"thumbnailUrl":"https:\/\/jornalboasnoticias.com.br\/home\/wp-content\/uploads\/2024\/10\/piracema_10_iat.jpg","articleSection":["PARAN\u00c1"],"inLanguage":"pt-BR","potentialAction":[{"@type":"CommentAction","name":"Comment","target":["https:\/\/jornalboasnoticias.com.br\/home\/piracema-proibicao-de-pesca-predatoria-na-bacia-do-rio-parana-comeca-na-sexta-feira\/#respond"]}]},{"@type":"WebPage","@id":"https:\/\/jornalboasnoticias.com.br\/home\/piracema-proibicao-de-pesca-predatoria-na-bacia-do-rio-parana-comeca-na-sexta-feira\/","url":"https:\/\/jornalboasnoticias.com.br\/home\/piracema-proibicao-de-pesca-predatoria-na-bacia-do-rio-parana-comeca-na-sexta-feira\/","name":"Piracema: proibi\u00e7\u00e3o de pesca predat\u00f3ria na Bacia do Rio Paran\u00e1 come\u00e7a na sexta-feira - Jornal","isPartOf":{"@id":"https:\/\/jornalboasnoticias.com.br\/home\/#website"},"primaryImageOfPage":{"@id":"https:\/\/jornalboasnoticias.com.br\/home\/piracema-proibicao-de-pesca-predatoria-na-bacia-do-rio-parana-comeca-na-sexta-feira\/#primaryimage"},"image":{"@id":"https:\/\/jornalboasnoticias.com.br\/home\/piracema-proibicao-de-pesca-predatoria-na-bacia-do-rio-parana-comeca-na-sexta-feira\/#primaryimage"},"thumbnailUrl":"https:\/\/jornalboasnoticias.com.br\/home\/wp-content\/uploads\/2024\/10\/piracema_10_iat.jpg","datePublished":"2024-10-30T23:57:17+00:00","description":"Piracema: proibi\u00e7\u00e3o de pesca predat\u00f3ria na Bacia do Rio Paran\u00e1 come\u00e7a na sexta-feira","breadcrumb":{"@id":"https:\/\/jornalboasnoticias.com.br\/home\/piracema-proibicao-de-pesca-predatoria-na-bacia-do-rio-parana-comeca-na-sexta-feira\/#breadcrumb"},"inLanguage":"pt-BR","potentialAction":[{"@type":"ReadAction","target":["https:\/\/jornalboasnoticias.com.br\/home\/piracema-proibicao-de-pesca-predatoria-na-bacia-do-rio-parana-comeca-na-sexta-feira\/"]}]},{"@type":"ImageObject","inLanguage":"pt-BR","@id":"https:\/\/jornalboasnoticias.com.br\/home\/piracema-proibicao-de-pesca-predatoria-na-bacia-do-rio-parana-comeca-na-sexta-feira\/#primaryimage","url":"https:\/\/jornalboasnoticias.com.br\/home\/wp-content\/uploads\/2024\/10\/piracema_10_iat.jpg","contentUrl":"https:\/\/jornalboasnoticias.com.br\/home\/wp-content\/uploads\/2024\/10\/piracema_10_iat.jpg","width":1042,"height":695,"caption":"Foto: IAT"},{"@type":"BreadcrumbList","@id":"https:\/\/jornalboasnoticias.com.br\/home\/piracema-proibicao-de-pesca-predatoria-na-bacia-do-rio-parana-comeca-na-sexta-feira\/#breadcrumb","itemListElement":[{"@type":"ListItem","position":1,"name":"In\u00edcio","item":"https:\/\/jornalboasnoticias.com.br\/home\/"},{"@type":"ListItem","position":2,"name":"Piracema: proibi\u00e7\u00e3o de pesca predat\u00f3ria na Bacia do Rio Paran\u00e1 come\u00e7a na sexta-feira"}]},{"@type":"WebSite","@id":"https:\/\/jornalboasnoticias.com.br\/home\/#website","url":"https:\/\/jornalboasnoticias.com.br\/home\/","name":"Jornal Boas Not\u00edcias","description":"Boas not\u00edcias","publisher":{"@id":"https:\/\/jornalboasnoticias.com.br\/home\/#organization"},"potentialAction":[{"@type":"SearchAction","target":{"@type":"EntryPoint","urlTemplate":"https:\/\/jornalboasnoticias.com.br\/home\/?s={search_term_string}"},"query-input":{"@type":"PropertyValueSpecification","valueRequired":true,"valueName":"search_term_string"}}],"inLanguage":"pt-BR"},{"@type":"Organization","@id":"https:\/\/jornalboasnoticias.com.br\/home\/#organization","name":"Coq Editora Ltda","alternateName":"Jornal Boas Noticias","url":"https:\/\/jornalboasnoticias.com.br\/home\/","logo":{"@type":"ImageObject","inLanguage":"pt-BR","@id":"https:\/\/jornalboasnoticias.com.br\/home\/#\/schema\/logo\/image\/","url":"https:\/\/jornalboasnoticias.com.br\/home\/wp-content\/uploads\/2024\/07\/cropped-logo.jpg","contentUrl":"https:\/\/jornalboasnoticias.com.br\/home\/wp-content\/uploads\/2024\/07\/cropped-logo.jpg","width":290,"height":142,"caption":"Coq Editora Ltda"},"image":{"@id":"https:\/\/jornalboasnoticias.com.br\/home\/#\/schema\/logo\/image\/"},"sameAs":["https:\/\/www.facebook.com\/boasnoticiasjornal"]},{"@type":"Person","@id":"https:\/\/jornalboasnoticias.com.br\/home\/#\/schema\/person\/d641193e0afc6405b390164dac847971","name":"Ana Luiza Bonatto","image":{"@type":"ImageObject","inLanguage":"pt-BR","@id":"https:\/\/secure.gravatar.com\/avatar\/8a055ebe6373371f67ac6fcf313c0ac0b0a91157fdcdb9514fa62927373348f0?s=96&d=mm&r=g","url":"https:\/\/secure.gravatar.com\/avatar\/8a055ebe6373371f67ac6fcf313c0ac0b0a91157fdcdb9514fa62927373348f0?s=96&d=mm&r=g","contentUrl":"https:\/\/secure.gravatar.com\/avatar\/8a055ebe6373371f67ac6fcf313c0ac0b0a91157fdcdb9514fa62927373348f0?s=96&d=mm&r=g","caption":"Ana Luiza Bonatto"},"url":"https:\/\/jornalboasnoticias.com.br\/home\/author\/ana-luiza\/"}]}},"_links":{"self":[{"href":"https:\/\/jornalboasnoticias.com.br\/home\/wp-json\/wp\/v2\/posts\/44945","targetHints":{"allow":["GET"]}}],"collection":[{"href":"https:\/\/jornalboasnoticias.com.br\/home\/wp-json\/wp\/v2\/posts"}],"about":[{"href":"https:\/\/jornalboasnoticias.com.br\/home\/wp-json\/wp\/v2\/types\/post"}],"author":[{"embeddable":true,"href":"https:\/\/jornalboasnoticias.com.br\/home\/wp-json\/wp\/v2\/users\/4"}],"replies":[{"embeddable":true,"href":"https:\/\/jornalboasnoticias.com.br\/home\/wp-json\/wp\/v2\/comments?post=44945"}],"version-history":[{"count":1,"href":"https:\/\/jornalboasnoticias.com.br\/home\/wp-json\/wp\/v2\/posts\/44945\/revisions"}],"predecessor-version":[{"id":44947,"href":"https:\/\/jornalboasnoticias.com.br\/home\/wp-json\/wp\/v2\/posts\/44945\/revisions\/44947"}],"wp:featuredmedia":[{"embeddable":true,"href":"https:\/\/jornalboasnoticias.com.br\/home\/wp-json\/wp\/v2\/media\/44946"}],"wp:attachment":[{"href":"https:\/\/jornalboasnoticias.com.br\/home\/wp-json\/wp\/v2\/media?parent=44945"}],"wp:term":[{"taxonomy":"category","embeddable":true,"href":"https:\/\/jornalboasnoticias.com.br\/home\/wp-json\/wp\/v2\/categories?post=44945"},{"taxonomy":"post_tag","embeddable":true,"href":"https:\/\/jornalboasnoticias.com.br\/home\/wp-json\/wp\/v2\/tags?post=44945"}],"curies":[{"name":"wp","href":"https:\/\/api.w.org\/{rel}","templated":true}]}}