{"id":44941,"date":"2024-10-30T23:56:16","date_gmt":"2024-10-30T23:56:16","guid":{"rendered":"https:\/\/jornalboasnoticias.com.br\/home\/?p=44941"},"modified":"2024-10-30T23:56:16","modified_gmt":"2024-10-30T23:56:16","slug":"exportacao-de-ovos-do-parana-cresce-318-de-janeiro-a-setembro-e-chega-a-47-paises","status":"publish","type":"post","link":"https:\/\/jornalboasnoticias.com.br\/home\/exportacao-de-ovos-do-parana-cresce-318-de-janeiro-a-setembro-e-chega-a-47-paises\/","title":{"rendered":"Exporta\u00e7\u00e3o de ovos do Paran\u00e1 cresce 31,8% de janeiro a setembro e chega a 47 pa\u00edses"},"content":{"rendered":"<div class=\"not-escopo-destaque\">\n<div>\n<figure id=\"attachment_44942\" aria-describedby=\"caption-attachment-44942\" style=\"width: 2560px\" class=\"wp-caption alignnone\"><img loading=\"lazy\" decoding=\"async\" class=\"size-full wp-image-44942\" src=\"https:\/\/jornalboasnoticias.com.br\/home\/wp-content\/uploads\/2024\/10\/granjaovos_011-scaled.jpg\" alt=\"\" width=\"2560\" height=\"1707\" srcset=\"https:\/\/jornalboasnoticias.com.br\/home\/wp-content\/uploads\/2024\/10\/granjaovos_011-scaled.jpg 2560w, https:\/\/jornalboasnoticias.com.br\/home\/wp-content\/uploads\/2024\/10\/granjaovos_011-300x200.jpg 300w, https:\/\/jornalboasnoticias.com.br\/home\/wp-content\/uploads\/2024\/10\/granjaovos_011-1024x683.jpg 1024w, https:\/\/jornalboasnoticias.com.br\/home\/wp-content\/uploads\/2024\/10\/granjaovos_011-768x512.jpg 768w, https:\/\/jornalboasnoticias.com.br\/home\/wp-content\/uploads\/2024\/10\/granjaovos_011-1536x1024.jpg 1536w, https:\/\/jornalboasnoticias.com.br\/home\/wp-content\/uploads\/2024\/10\/granjaovos_011-2048x1365.jpg 2048w, https:\/\/jornalboasnoticias.com.br\/home\/wp-content\/uploads\/2024\/10\/granjaovos_011-900x600.jpg 900w\" sizes=\"auto, (max-width: 2560px) 100vw, 2560px\" \/><figcaption id=\"caption-attachment-44942\" class=\"wp-caption-text\">Foto: Rodrigo Felix Leal\/Arquivo AEN<\/figcaption><\/figure>\n<\/div>\n<\/div>\n<blockquote>\n<div class=\"not-escopo-destaque\">\n<div class=\"field field--name-field-escopo-destaque field--type-string-long field--label-hidden field--item\">\u00c9 o melhor resultado em 27 anos, quando foi iniciada a s\u00e9rie hist\u00f3rica, em 1997. Foram 7.464 toneladas exportadas nos tr\u00eas trimestres de 2024, contra 5.663 toneladas no mesmo per\u00edodo de 2023. O M\u00e9xico continua como principal destino dos produtos do complexo ovo no primeiro semestre deste ano no Paran\u00e1.<\/div>\n<\/div>\n<\/blockquote>\n<div>\n<p>A exporta\u00e7\u00e3o de ovos e derivados cresceu 31,8% no Paran\u00e1 de janeiro a setembro de 2024, em rela\u00e7\u00e3o ao mesmo per\u00edodo do ano anterior. \u00c9 o melhor resultado em 27 anos, quando foi iniciada a s\u00e9rie hist\u00f3rica, em 1997. Foram 7.464 toneladas exportadas para 47 pa\u00edses, contra 5.663 toneladas nos tr\u00eas primeiros trimestres de 2023, at\u00e9 ent\u00e3o o melhor resultado. A receita tamb\u00e9m aumentou em 20,5%, passando de US$ 27,2 milh\u00f5es no ano passado para US$ 32,8 milh\u00f5es em 2024.<\/p>\n<p>Os dados constam no\u00a0<strong><a class=\"0\" href=\"https:\/\/www.agricultura.pr.gov.br\/sites\/default\/arquivos_restritos\/files\/documento\/2024-10\/boletim_semanal_43_deral.pdf\" target=\"_blank\" rel=\"nofollow noopener\">Boletim de Conjuntura Agropecu\u00e1ria<\/a><\/strong>, divulgado na \u00faltima quinta-feira (24) pelo Departamento de Economia Rural (Deral), da Secretaria de Estado da Agricultura e do Abastecimento (Seab).<\/p>\n<p>No terceiro trimestre do ano, o com\u00e9rcio de ovos produzidos no Paran\u00e1 com outros pa\u00edses cresceu 30% em n\u00famero de destinos. At\u00e9 junho, eram 36 compradores internacionais, agora s\u00e3o 47. Passaram a fazer parte da lista de importadores Bermudas, Egito, Filipinas, Gibraltar, Guin\u00e9-Bissau, Ilha de Man, Ilhas Falkland, S\u00e3o Crist\u00f3v\u00e3o e N\u00e9vis, S\u00e3o Vicente e Granadinas, Su\u00e9cia e Su\u00ed\u00e7a, todos com valores ainda pouco expressivos.<\/p>\n<p>Segundo o Ipardes (Instituto Paranaense de Desenvolvimento Econ\u00f4mico e Social), com dados da Secretaria de Com\u00e9rcio Exterior (Secex), do Minist\u00e9rio do Desenvolvimento, Ind\u00fastria, Com\u00e9rcio e Servi\u00e7os, o M\u00e9xico continua como principal destino dos produtos do complexo ovo no primeiro semestre deste ano no Paran\u00e1. Foram 2.828 toneladas exportadas, com receita de US$ 12,6 milh\u00f5es, representando 38,7% do total.<\/p>\n<p>Na sequ\u00eancia aparecem Venezuela, com 1.127 toneladas e US$ 6 milh\u00f5es; Senegal, com 1.446 toneladas e US$ 5,7 milh\u00f5es; \u00c1frica do Sul, com 1.089 toneladas e US$ 4,7 milh\u00f5es; e Paraguai, com 865 toneladas e US$ 3,3 milh\u00f5es.<\/p>\n<p>Os itens que comp\u00f5em o \u201ccomplexo\u201d s\u00e3o os ovos f\u00e9rteis destinados \u00e0 incuba\u00e7\u00e3o e pintos (material gen\u00e9tico), os ovos frescos com casca, ovos cozidos e secos, gemas frescas e cozidas e ovoalbumina. Os itens mais representativos s\u00e3o os ovos f\u00e9rteis destinados \u00e0 incuba\u00e7\u00e3o e os ovos frescos com casca.<\/p>\n<p><strong>RANKING NACIONAL<\/strong>\u00a0\u2013 O Paran\u00e1 \u00e9 o segundo maior exportador de ovos do Brasil, ficando atr\u00e1s somente de S\u00e3o Paulo, que de janeiro a setembro de 2024 produziu 9.304 toneladas, com receita de US$ 41,5 milh\u00f5es. Em terceiro lugar vem Rio Grande do Sul (4.715 toneladas e US$ 11,7 milh\u00f5es), Santa Catarina em quarto (3.208 toneladas e US$ 14,5 milh\u00f5es) e Minas Gerais em quinto lugar (2.879 toneladas e US$ 4,9 milh\u00f5es).<\/p>\n<p>Dentre os seis principais exportadores brasileiros de ovoprodutos (com a inclus\u00e3o do Mato Grosso do Sul), metade apresentou crescimento no volume enviado ao Exterior: Mato Grosso do Sul (+57,4%), Paran\u00e1 (+32,7%) e Rio Grande do Sul (+1,4%). Os demais tiveram queda: Minas Gerais (-65,1%), S\u00e3o Paulo (-28,3%) e Santa Catarina (-4,6%).<\/p>\n<p><strong>BRASIL<\/strong>\u00a0\u2013 Na contram\u00e3o do crescimento do Paran\u00e1, nos tr\u00eas primeiros trimestres de 2024 a exporta\u00e7\u00e3o nacional de ovos reduziu 20,8% em volume na compara\u00e7\u00e3o com o mesmo per\u00edodo de 2023, atingindo 31.851 toneladas. O faturamento tamb\u00e9m caiu 21,1%, chegando a US$ 117 milh\u00f5es em 2024, at\u00e9 setembro.<\/p>\n<p>Assim como no Paran\u00e1, o M\u00e9xico destacou-se como principal importador de ovoprodutos do Brasil, com volume de 6.988 toneladas e receita cambial de US$ 30,9 milh\u00f5es, ou seja, 40% do que foi comprado pelo pa\u00eds (2.828 toneladas) veio do Paran\u00e1. Entretanto, em n\u00edvel nacional o M\u00e9xico reduziu o volume de importa\u00e7\u00e3o em 39,9% e em 47,8% a receita cambial.<\/p>\n<p>Na sequ\u00eancia vem Chile (5.266 toneladas\/US$ 11,4 milh\u00f5es), \u00c1frica do Sul (3.385 toneladas\/US$ 15,3 milh\u00f5es), Senegal (3.198 toneladas\/US$ 12,7 milh\u00f5es) e Venezuela (2.454 toneladas\/US$ 13,3 milh\u00f5es). Dentre os cinco principais importadores de ovoprodutos, apenas o M\u00e9xico apresentou queda no volume comprado. Chile (+167%), \u00c1frica do Sul (+689%), Senegal (+23,4%) e Venezuela (+428,9%) registraram aumento no per\u00edodo.<\/p>\n<p><strong>CONSUMO<\/strong>\u00a0\u2013 Apesar de n\u00fameros expressivos de produ\u00e7\u00e3o, o Brasil ainda n\u00e3o tem tradi\u00e7\u00e3o na exporta\u00e7\u00e3o de ovos e ovoprodutos, uma vez que praticamente a totalidade da produ\u00e7\u00e3o \u00e9 direcionada ao mercado interno, entre ovos f\u00e9rteis\/reprodu\u00e7\u00e3o, consumo in natura, ind\u00fastria aliment\u00edcia e consumo institucional (merenda escolar e restaurantes, lanchonetes e foodservice). H\u00e1 potencial para aumentar a participa\u00e7\u00e3o no mercado internacional, \u00e0 medida que a produ\u00e7\u00e3o cres\u00e7a.<\/p>\n<p>A Associa\u00e7\u00e3o Brasileira de Prote\u00edna Animal (ABPA) projeta que a produ\u00e7\u00e3o de ovos no Brasil poder\u00e1 chegar a 56,9 bilh\u00f5es de unidades em 2024, o que significar\u00e1 um crescimento de at\u00e9 8,5% se comparado ao ano passado, que atingiu 52,4 bilh\u00f5es de unidades. Quanto ao consumo de ovos, dever\u00e1 crescer 8,5%, totalizando 263 unidades por habitante\/ano. O Paran\u00e1 produziu 434 milh\u00f5es de d\u00fazias em 2023, aumento de 7,1% em rela\u00e7\u00e3o a 2022, maior resultado j\u00e1 registrado na s\u00e9rie hist\u00f3rica.<\/p>\n<p><strong>Confira\u00a0<span class=\"embedded-entity\" title=\"AQUI\" data-embed-button=\"midia_embarcada\" data-entity-embed-display=\"view_mode:media.midia_anexada_em_outro_node\" data-entity-embed-display-settings=\"AQUI\" data-entity-type=\"media\" data-entity-uuid=\"14d90f10-e09e-4d6a-b64f-5b11e1cfb1e9\" data-langcode=\"pt-br\"><a href=\"https:\/\/www.aen.pr.gov.br\/sites\/default\/arquivos_restritos\/files\/documento\/2024-10\/x_pr_ovos.xlsx\" type=\"application\/vnd.openxmlformats-officedocument.spreadsheetml.sheet; length=15349\">AQUI<\/a>\u00a0<\/span>o volume de exporta\u00e7\u00f5es de ovos do Paran\u00e1 desde 2019.\u00a0<\/strong><\/p>\n<\/div>\n","protected":false},"excerpt":{"rendered":"<p>\u00c9 o melhor resultado em 27 anos, quando foi iniciada a s\u00e9rie hist\u00f3rica, em 1997.<\/p>\n","protected":false},"author":4,"featured_media":44942,"comment_status":"open","ping_status":"open","sticky":false,"template":"","format":"standard","meta":{"footnotes":""},"categories":[4],"tags":[],"class_list":["post-44941","post","type-post","status-publish","format-standard","has-post-thumbnail","hentry","category-parana"],"yoast_head":"<!-- This site is optimized with the Yoast SEO plugin v27.5 - https:\/\/yoast.com\/product\/yoast-seo-wordpress\/ -->\n<title>Exporta\u00e7\u00e3o de ovos do Paran\u00e1 cresce 31,8% de janeiro a setembro e chega a 47 pa\u00edses - Jornal<\/title>\n<meta name=\"description\" content=\"Exporta\u00e7\u00e3o de ovos do Paran\u00e1 cresce 31,8% de janeiro a setembro e chega a 47 pa\u00edses\" \/>\n<meta name=\"robots\" content=\"index, follow, max-snippet:-1, max-image-preview:large, max-video-preview:-1\" \/>\n<link rel=\"canonical\" href=\"https:\/\/jornalboasnoticias.com.br\/home\/exportacao-de-ovos-do-parana-cresce-318-de-janeiro-a-setembro-e-chega-a-47-paises\/\" \/>\n<meta property=\"og:locale\" content=\"pt_BR\" \/>\n<meta property=\"og:type\" content=\"article\" \/>\n<meta property=\"og:title\" content=\"Exporta\u00e7\u00e3o de ovos do Paran\u00e1 cresce 31,8% de janeiro a setembro e chega a 47 pa\u00edses - Jornal\" \/>\n<meta property=\"og:description\" content=\"Exporta\u00e7\u00e3o de ovos do Paran\u00e1 cresce 31,8% de janeiro a setembro e chega a 47 pa\u00edses\" \/>\n<meta property=\"og:url\" content=\"https:\/\/jornalboasnoticias.com.br\/home\/exportacao-de-ovos-do-parana-cresce-318-de-janeiro-a-setembro-e-chega-a-47-paises\/\" \/>\n<meta property=\"og:site_name\" content=\"Jornal\" \/>\n<meta property=\"article:publisher\" content=\"https:\/\/www.facebook.com\/boasnoticiasjornal\" \/>\n<meta property=\"article:published_time\" content=\"2024-10-30T23:56:16+00:00\" \/>\n<meta property=\"og:image\" content=\"https:\/\/jornalboasnoticias.com.br\/home\/wp-content\/uploads\/2024\/10\/granjaovos_011-scaled.jpg\" \/>\n\t<meta property=\"og:image:width\" content=\"2560\" \/>\n\t<meta property=\"og:image:height\" content=\"1707\" \/>\n\t<meta property=\"og:image:type\" content=\"image\/jpeg\" \/>\n<meta name=\"author\" content=\"Ana Luiza Bonatto\" \/>\n<meta name=\"twitter:card\" content=\"summary_large_image\" \/>\n<meta name=\"twitter:label1\" content=\"Escrito por\" \/>\n\t<meta name=\"twitter:data1\" content=\"Ana Luiza Bonatto\" \/>\n\t<meta name=\"twitter:label2\" content=\"Est. tempo de leitura\" \/>\n\t<meta name=\"twitter:data2\" content=\"5 minutos\" \/>\n<script type=\"application\/ld+json\" class=\"yoast-schema-graph\">{\"@context\":\"https:\\\/\\\/schema.org\",\"@graph\":[{\"@type\":\"Article\",\"@id\":\"https:\\\/\\\/jornalboasnoticias.com.br\\\/home\\\/exportacao-de-ovos-do-parana-cresce-318-de-janeiro-a-setembro-e-chega-a-47-paises\\\/#article\",\"isPartOf\":{\"@id\":\"https:\\\/\\\/jornalboasnoticias.com.br\\\/home\\\/exportacao-de-ovos-do-parana-cresce-318-de-janeiro-a-setembro-e-chega-a-47-paises\\\/\"},\"author\":{\"name\":\"Ana Luiza Bonatto\",\"@id\":\"https:\\\/\\\/jornalboasnoticias.com.br\\\/home\\\/#\\\/schema\\\/person\\\/d641193e0afc6405b390164dac847971\"},\"headline\":\"Exporta\u00e7\u00e3o de ovos do Paran\u00e1 cresce 31,8% de janeiro a setembro e chega a 47 pa\u00edses\",\"datePublished\":\"2024-10-30T23:56:16+00:00\",\"mainEntityOfPage\":{\"@id\":\"https:\\\/\\\/jornalboasnoticias.com.br\\\/home\\\/exportacao-de-ovos-do-parana-cresce-318-de-janeiro-a-setembro-e-chega-a-47-paises\\\/\"},\"wordCount\":858,\"commentCount\":0,\"publisher\":{\"@id\":\"https:\\\/\\\/jornalboasnoticias.com.br\\\/home\\\/#organization\"},\"image\":{\"@id\":\"https:\\\/\\\/jornalboasnoticias.com.br\\\/home\\\/exportacao-de-ovos-do-parana-cresce-318-de-janeiro-a-setembro-e-chega-a-47-paises\\\/#primaryimage\"},\"thumbnailUrl\":\"https:\\\/\\\/jornalboasnoticias.com.br\\\/home\\\/wp-content\\\/uploads\\\/2024\\\/10\\\/granjaovos_011-scaled.jpg\",\"articleSection\":[\"PARAN\u00c1\"],\"inLanguage\":\"pt-BR\",\"potentialAction\":[{\"@type\":\"CommentAction\",\"name\":\"Comment\",\"target\":[\"https:\\\/\\\/jornalboasnoticias.com.br\\\/home\\\/exportacao-de-ovos-do-parana-cresce-318-de-janeiro-a-setembro-e-chega-a-47-paises\\\/#respond\"]}]},{\"@type\":\"WebPage\",\"@id\":\"https:\\\/\\\/jornalboasnoticias.com.br\\\/home\\\/exportacao-de-ovos-do-parana-cresce-318-de-janeiro-a-setembro-e-chega-a-47-paises\\\/\",\"url\":\"https:\\\/\\\/jornalboasnoticias.com.br\\\/home\\\/exportacao-de-ovos-do-parana-cresce-318-de-janeiro-a-setembro-e-chega-a-47-paises\\\/\",\"name\":\"Exporta\u00e7\u00e3o de ovos do Paran\u00e1 cresce 31,8% de janeiro a setembro e chega a 47 pa\u00edses - Jornal\",\"isPartOf\":{\"@id\":\"https:\\\/\\\/jornalboasnoticias.com.br\\\/home\\\/#website\"},\"primaryImageOfPage\":{\"@id\":\"https:\\\/\\\/jornalboasnoticias.com.br\\\/home\\\/exportacao-de-ovos-do-parana-cresce-318-de-janeiro-a-setembro-e-chega-a-47-paises\\\/#primaryimage\"},\"image\":{\"@id\":\"https:\\\/\\\/jornalboasnoticias.com.br\\\/home\\\/exportacao-de-ovos-do-parana-cresce-318-de-janeiro-a-setembro-e-chega-a-47-paises\\\/#primaryimage\"},\"thumbnailUrl\":\"https:\\\/\\\/jornalboasnoticias.com.br\\\/home\\\/wp-content\\\/uploads\\\/2024\\\/10\\\/granjaovos_011-scaled.jpg\",\"datePublished\":\"2024-10-30T23:56:16+00:00\",\"description\":\"Exporta\u00e7\u00e3o de ovos do Paran\u00e1 cresce 31,8% de janeiro a setembro e chega a 47 pa\u00edses\",\"breadcrumb\":{\"@id\":\"https:\\\/\\\/jornalboasnoticias.com.br\\\/home\\\/exportacao-de-ovos-do-parana-cresce-318-de-janeiro-a-setembro-e-chega-a-47-paises\\\/#breadcrumb\"},\"inLanguage\":\"pt-BR\",\"potentialAction\":[{\"@type\":\"ReadAction\",\"target\":[\"https:\\\/\\\/jornalboasnoticias.com.br\\\/home\\\/exportacao-de-ovos-do-parana-cresce-318-de-janeiro-a-setembro-e-chega-a-47-paises\\\/\"]}]},{\"@type\":\"ImageObject\",\"inLanguage\":\"pt-BR\",\"@id\":\"https:\\\/\\\/jornalboasnoticias.com.br\\\/home\\\/exportacao-de-ovos-do-parana-cresce-318-de-janeiro-a-setembro-e-chega-a-47-paises\\\/#primaryimage\",\"url\":\"https:\\\/\\\/jornalboasnoticias.com.br\\\/home\\\/wp-content\\\/uploads\\\/2024\\\/10\\\/granjaovos_011-scaled.jpg\",\"contentUrl\":\"https:\\\/\\\/jornalboasnoticias.com.br\\\/home\\\/wp-content\\\/uploads\\\/2024\\\/10\\\/granjaovos_011-scaled.jpg\",\"width\":2560,\"height\":1707,\"caption\":\"Foto: Rodrigo Felix Leal\\\/Arquivo AEN\"},{\"@type\":\"BreadcrumbList\",\"@id\":\"https:\\\/\\\/jornalboasnoticias.com.br\\\/home\\\/exportacao-de-ovos-do-parana-cresce-318-de-janeiro-a-setembro-e-chega-a-47-paises\\\/#breadcrumb\",\"itemListElement\":[{\"@type\":\"ListItem\",\"position\":1,\"name\":\"In\u00edcio\",\"item\":\"https:\\\/\\\/jornalboasnoticias.com.br\\\/home\\\/\"},{\"@type\":\"ListItem\",\"position\":2,\"name\":\"Exporta\u00e7\u00e3o de ovos do Paran\u00e1 cresce 31,8% de janeiro a setembro e chega a 47 pa\u00edses\"}]},{\"@type\":\"WebSite\",\"@id\":\"https:\\\/\\\/jornalboasnoticias.com.br\\\/home\\\/#website\",\"url\":\"https:\\\/\\\/jornalboasnoticias.com.br\\\/home\\\/\",\"name\":\"Jornal Boas Not\u00edcias\",\"description\":\"Boas not\u00edcias\",\"publisher\":{\"@id\":\"https:\\\/\\\/jornalboasnoticias.com.br\\\/home\\\/#organization\"},\"potentialAction\":[{\"@type\":\"SearchAction\",\"target\":{\"@type\":\"EntryPoint\",\"urlTemplate\":\"https:\\\/\\\/jornalboasnoticias.com.br\\\/home\\\/?s={search_term_string}\"},\"query-input\":{\"@type\":\"PropertyValueSpecification\",\"valueRequired\":true,\"valueName\":\"search_term_string\"}}],\"inLanguage\":\"pt-BR\"},{\"@type\":\"Organization\",\"@id\":\"https:\\\/\\\/jornalboasnoticias.com.br\\\/home\\\/#organization\",\"name\":\"Coq Editora Ltda\",\"alternateName\":\"Jornal Boas Noticias\",\"url\":\"https:\\\/\\\/jornalboasnoticias.com.br\\\/home\\\/\",\"logo\":{\"@type\":\"ImageObject\",\"inLanguage\":\"pt-BR\",\"@id\":\"https:\\\/\\\/jornalboasnoticias.com.br\\\/home\\\/#\\\/schema\\\/logo\\\/image\\\/\",\"url\":\"https:\\\/\\\/jornalboasnoticias.com.br\\\/home\\\/wp-content\\\/uploads\\\/2024\\\/07\\\/cropped-logo.jpg\",\"contentUrl\":\"https:\\\/\\\/jornalboasnoticias.com.br\\\/home\\\/wp-content\\\/uploads\\\/2024\\\/07\\\/cropped-logo.jpg\",\"width\":290,\"height\":142,\"caption\":\"Coq Editora Ltda\"},\"image\":{\"@id\":\"https:\\\/\\\/jornalboasnoticias.com.br\\\/home\\\/#\\\/schema\\\/logo\\\/image\\\/\"},\"sameAs\":[\"https:\\\/\\\/www.facebook.com\\\/boasnoticiasjornal\"]},{\"@type\":\"Person\",\"@id\":\"https:\\\/\\\/jornalboasnoticias.com.br\\\/home\\\/#\\\/schema\\\/person\\\/d641193e0afc6405b390164dac847971\",\"name\":\"Ana Luiza Bonatto\",\"image\":{\"@type\":\"ImageObject\",\"inLanguage\":\"pt-BR\",\"@id\":\"https:\\\/\\\/secure.gravatar.com\\\/avatar\\\/8a055ebe6373371f67ac6fcf313c0ac0b0a91157fdcdb9514fa62927373348f0?s=96&d=mm&r=g\",\"url\":\"https:\\\/\\\/secure.gravatar.com\\\/avatar\\\/8a055ebe6373371f67ac6fcf313c0ac0b0a91157fdcdb9514fa62927373348f0?s=96&d=mm&r=g\",\"contentUrl\":\"https:\\\/\\\/secure.gravatar.com\\\/avatar\\\/8a055ebe6373371f67ac6fcf313c0ac0b0a91157fdcdb9514fa62927373348f0?s=96&d=mm&r=g\",\"caption\":\"Ana Luiza Bonatto\"},\"url\":\"https:\\\/\\\/jornalboasnoticias.com.br\\\/home\\\/author\\\/ana-luiza\\\/\"}]}<\/script>\n<!-- \/ Yoast SEO plugin. -->","yoast_head_json":{"title":"Exporta\u00e7\u00e3o de ovos do Paran\u00e1 cresce 31,8% de janeiro a setembro e chega a 47 pa\u00edses - Jornal","description":"Exporta\u00e7\u00e3o de ovos do Paran\u00e1 cresce 31,8% de janeiro a setembro e chega a 47 pa\u00edses","robots":{"index":"index","follow":"follow","max-snippet":"max-snippet:-1","max-image-preview":"max-image-preview:large","max-video-preview":"max-video-preview:-1"},"canonical":"https:\/\/jornalboasnoticias.com.br\/home\/exportacao-de-ovos-do-parana-cresce-318-de-janeiro-a-setembro-e-chega-a-47-paises\/","og_locale":"pt_BR","og_type":"article","og_title":"Exporta\u00e7\u00e3o de ovos do Paran\u00e1 cresce 31,8% de janeiro a setembro e chega a 47 pa\u00edses - Jornal","og_description":"Exporta\u00e7\u00e3o de ovos do Paran\u00e1 cresce 31,8% de janeiro a setembro e chega a 47 pa\u00edses","og_url":"https:\/\/jornalboasnoticias.com.br\/home\/exportacao-de-ovos-do-parana-cresce-318-de-janeiro-a-setembro-e-chega-a-47-paises\/","og_site_name":"Jornal","article_publisher":"https:\/\/www.facebook.com\/boasnoticiasjornal","article_published_time":"2024-10-30T23:56:16+00:00","og_image":[{"width":2560,"height":1707,"url":"https:\/\/jornalboasnoticias.com.br\/home\/wp-content\/uploads\/2024\/10\/granjaovos_011-scaled.jpg","type":"image\/jpeg"}],"author":"Ana Luiza Bonatto","twitter_card":"summary_large_image","twitter_misc":{"Escrito por":"Ana Luiza Bonatto","Est. tempo de leitura":"5 minutos"},"schema":{"@context":"https:\/\/schema.org","@graph":[{"@type":"Article","@id":"https:\/\/jornalboasnoticias.com.br\/home\/exportacao-de-ovos-do-parana-cresce-318-de-janeiro-a-setembro-e-chega-a-47-paises\/#article","isPartOf":{"@id":"https:\/\/jornalboasnoticias.com.br\/home\/exportacao-de-ovos-do-parana-cresce-318-de-janeiro-a-setembro-e-chega-a-47-paises\/"},"author":{"name":"Ana Luiza Bonatto","@id":"https:\/\/jornalboasnoticias.com.br\/home\/#\/schema\/person\/d641193e0afc6405b390164dac847971"},"headline":"Exporta\u00e7\u00e3o de ovos do Paran\u00e1 cresce 31,8% de janeiro a setembro e chega a 47 pa\u00edses","datePublished":"2024-10-30T23:56:16+00:00","mainEntityOfPage":{"@id":"https:\/\/jornalboasnoticias.com.br\/home\/exportacao-de-ovos-do-parana-cresce-318-de-janeiro-a-setembro-e-chega-a-47-paises\/"},"wordCount":858,"commentCount":0,"publisher":{"@id":"https:\/\/jornalboasnoticias.com.br\/home\/#organization"},"image":{"@id":"https:\/\/jornalboasnoticias.com.br\/home\/exportacao-de-ovos-do-parana-cresce-318-de-janeiro-a-setembro-e-chega-a-47-paises\/#primaryimage"},"thumbnailUrl":"https:\/\/jornalboasnoticias.com.br\/home\/wp-content\/uploads\/2024\/10\/granjaovos_011-scaled.jpg","articleSection":["PARAN\u00c1"],"inLanguage":"pt-BR","potentialAction":[{"@type":"CommentAction","name":"Comment","target":["https:\/\/jornalboasnoticias.com.br\/home\/exportacao-de-ovos-do-parana-cresce-318-de-janeiro-a-setembro-e-chega-a-47-paises\/#respond"]}]},{"@type":"WebPage","@id":"https:\/\/jornalboasnoticias.com.br\/home\/exportacao-de-ovos-do-parana-cresce-318-de-janeiro-a-setembro-e-chega-a-47-paises\/","url":"https:\/\/jornalboasnoticias.com.br\/home\/exportacao-de-ovos-do-parana-cresce-318-de-janeiro-a-setembro-e-chega-a-47-paises\/","name":"Exporta\u00e7\u00e3o de ovos do Paran\u00e1 cresce 31,8% de janeiro a setembro e chega a 47 pa\u00edses - Jornal","isPartOf":{"@id":"https:\/\/jornalboasnoticias.com.br\/home\/#website"},"primaryImageOfPage":{"@id":"https:\/\/jornalboasnoticias.com.br\/home\/exportacao-de-ovos-do-parana-cresce-318-de-janeiro-a-setembro-e-chega-a-47-paises\/#primaryimage"},"image":{"@id":"https:\/\/jornalboasnoticias.com.br\/home\/exportacao-de-ovos-do-parana-cresce-318-de-janeiro-a-setembro-e-chega-a-47-paises\/#primaryimage"},"thumbnailUrl":"https:\/\/jornalboasnoticias.com.br\/home\/wp-content\/uploads\/2024\/10\/granjaovos_011-scaled.jpg","datePublished":"2024-10-30T23:56:16+00:00","description":"Exporta\u00e7\u00e3o de ovos do Paran\u00e1 cresce 31,8% de janeiro a setembro e chega a 47 pa\u00edses","breadcrumb":{"@id":"https:\/\/jornalboasnoticias.com.br\/home\/exportacao-de-ovos-do-parana-cresce-318-de-janeiro-a-setembro-e-chega-a-47-paises\/#breadcrumb"},"inLanguage":"pt-BR","potentialAction":[{"@type":"ReadAction","target":["https:\/\/jornalboasnoticias.com.br\/home\/exportacao-de-ovos-do-parana-cresce-318-de-janeiro-a-setembro-e-chega-a-47-paises\/"]}]},{"@type":"ImageObject","inLanguage":"pt-BR","@id":"https:\/\/jornalboasnoticias.com.br\/home\/exportacao-de-ovos-do-parana-cresce-318-de-janeiro-a-setembro-e-chega-a-47-paises\/#primaryimage","url":"https:\/\/jornalboasnoticias.com.br\/home\/wp-content\/uploads\/2024\/10\/granjaovos_011-scaled.jpg","contentUrl":"https:\/\/jornalboasnoticias.com.br\/home\/wp-content\/uploads\/2024\/10\/granjaovos_011-scaled.jpg","width":2560,"height":1707,"caption":"Foto: Rodrigo Felix Leal\/Arquivo AEN"},{"@type":"BreadcrumbList","@id":"https:\/\/jornalboasnoticias.com.br\/home\/exportacao-de-ovos-do-parana-cresce-318-de-janeiro-a-setembro-e-chega-a-47-paises\/#breadcrumb","itemListElement":[{"@type":"ListItem","position":1,"name":"In\u00edcio","item":"https:\/\/jornalboasnoticias.com.br\/home\/"},{"@type":"ListItem","position":2,"name":"Exporta\u00e7\u00e3o de ovos do Paran\u00e1 cresce 31,8% de janeiro a setembro e chega a 47 pa\u00edses"}]},{"@type":"WebSite","@id":"https:\/\/jornalboasnoticias.com.br\/home\/#website","url":"https:\/\/jornalboasnoticias.com.br\/home\/","name":"Jornal Boas Not\u00edcias","description":"Boas not\u00edcias","publisher":{"@id":"https:\/\/jornalboasnoticias.com.br\/home\/#organization"},"potentialAction":[{"@type":"SearchAction","target":{"@type":"EntryPoint","urlTemplate":"https:\/\/jornalboasnoticias.com.br\/home\/?s={search_term_string}"},"query-input":{"@type":"PropertyValueSpecification","valueRequired":true,"valueName":"search_term_string"}}],"inLanguage":"pt-BR"},{"@type":"Organization","@id":"https:\/\/jornalboasnoticias.com.br\/home\/#organization","name":"Coq Editora Ltda","alternateName":"Jornal Boas Noticias","url":"https:\/\/jornalboasnoticias.com.br\/home\/","logo":{"@type":"ImageObject","inLanguage":"pt-BR","@id":"https:\/\/jornalboasnoticias.com.br\/home\/#\/schema\/logo\/image\/","url":"https:\/\/jornalboasnoticias.com.br\/home\/wp-content\/uploads\/2024\/07\/cropped-logo.jpg","contentUrl":"https:\/\/jornalboasnoticias.com.br\/home\/wp-content\/uploads\/2024\/07\/cropped-logo.jpg","width":290,"height":142,"caption":"Coq Editora Ltda"},"image":{"@id":"https:\/\/jornalboasnoticias.com.br\/home\/#\/schema\/logo\/image\/"},"sameAs":["https:\/\/www.facebook.com\/boasnoticiasjornal"]},{"@type":"Person","@id":"https:\/\/jornalboasnoticias.com.br\/home\/#\/schema\/person\/d641193e0afc6405b390164dac847971","name":"Ana Luiza Bonatto","image":{"@type":"ImageObject","inLanguage":"pt-BR","@id":"https:\/\/secure.gravatar.com\/avatar\/8a055ebe6373371f67ac6fcf313c0ac0b0a91157fdcdb9514fa62927373348f0?s=96&d=mm&r=g","url":"https:\/\/secure.gravatar.com\/avatar\/8a055ebe6373371f67ac6fcf313c0ac0b0a91157fdcdb9514fa62927373348f0?s=96&d=mm&r=g","contentUrl":"https:\/\/secure.gravatar.com\/avatar\/8a055ebe6373371f67ac6fcf313c0ac0b0a91157fdcdb9514fa62927373348f0?s=96&d=mm&r=g","caption":"Ana Luiza Bonatto"},"url":"https:\/\/jornalboasnoticias.com.br\/home\/author\/ana-luiza\/"}]}},"_links":{"self":[{"href":"https:\/\/jornalboasnoticias.com.br\/home\/wp-json\/wp\/v2\/posts\/44941","targetHints":{"allow":["GET"]}}],"collection":[{"href":"https:\/\/jornalboasnoticias.com.br\/home\/wp-json\/wp\/v2\/posts"}],"about":[{"href":"https:\/\/jornalboasnoticias.com.br\/home\/wp-json\/wp\/v2\/types\/post"}],"author":[{"embeddable":true,"href":"https:\/\/jornalboasnoticias.com.br\/home\/wp-json\/wp\/v2\/users\/4"}],"replies":[{"embeddable":true,"href":"https:\/\/jornalboasnoticias.com.br\/home\/wp-json\/wp\/v2\/comments?post=44941"}],"version-history":[{"count":2,"href":"https:\/\/jornalboasnoticias.com.br\/home\/wp-json\/wp\/v2\/posts\/44941\/revisions"}],"predecessor-version":[{"id":44944,"href":"https:\/\/jornalboasnoticias.com.br\/home\/wp-json\/wp\/v2\/posts\/44941\/revisions\/44944"}],"wp:featuredmedia":[{"embeddable":true,"href":"https:\/\/jornalboasnoticias.com.br\/home\/wp-json\/wp\/v2\/media\/44942"}],"wp:attachment":[{"href":"https:\/\/jornalboasnoticias.com.br\/home\/wp-json\/wp\/v2\/media?parent=44941"}],"wp:term":[{"taxonomy":"category","embeddable":true,"href":"https:\/\/jornalboasnoticias.com.br\/home\/wp-json\/wp\/v2\/categories?post=44941"},{"taxonomy":"post_tag","embeddable":true,"href":"https:\/\/jornalboasnoticias.com.br\/home\/wp-json\/wp\/v2\/tags?post=44941"}],"curies":[{"name":"wp","href":"https:\/\/api.w.org\/{rel}","templated":true}]}}