{"id":44935,"date":"2024-10-30T23:54:19","date_gmt":"2024-10-30T23:54:19","guid":{"rendered":"https:\/\/jornalboasnoticias.com.br\/home\/?p=44935"},"modified":"2024-10-30T23:54:19","modified_gmt":"2024-10-30T23:54:19","slug":"ampliacao-de-usinas-da-copel-no-rio-iguacu-garantira-energia-limpa-a-6-milhoes-de-pessoas","status":"publish","type":"post","link":"https:\/\/jornalboasnoticias.com.br\/home\/ampliacao-de-usinas-da-copel-no-rio-iguacu-garantira-energia-limpa-a-6-milhoes-de-pessoas\/","title":{"rendered":"Amplia\u00e7\u00e3o de usinas da Copel no Rio Igua\u00e7u garantir\u00e1 energia limpa a 6 milh\u00f5es de pessoas"},"content":{"rendered":"<div class=\"not-escopo-destaque\">\n<div>\n<figure id=\"attachment_44936\" aria-describedby=\"caption-attachment-44936\" style=\"width: 2560px\" class=\"wp-caption alignnone\"><img loading=\"lazy\" decoding=\"async\" class=\"size-full wp-image-44936\" src=\"https:\/\/jornalboasnoticias.com.br\/home\/wp-content\/uploads\/2024\/10\/67223b94aa03cusina_segredo-scaled.jpg\" alt=\"\" width=\"2560\" height=\"1707\" srcset=\"https:\/\/jornalboasnoticias.com.br\/home\/wp-content\/uploads\/2024\/10\/67223b94aa03cusina_segredo-scaled.jpg 2560w, https:\/\/jornalboasnoticias.com.br\/home\/wp-content\/uploads\/2024\/10\/67223b94aa03cusina_segredo-300x200.jpg 300w, https:\/\/jornalboasnoticias.com.br\/home\/wp-content\/uploads\/2024\/10\/67223b94aa03cusina_segredo-1024x683.jpg 1024w, https:\/\/jornalboasnoticias.com.br\/home\/wp-content\/uploads\/2024\/10\/67223b94aa03cusina_segredo-768x512.jpg 768w, https:\/\/jornalboasnoticias.com.br\/home\/wp-content\/uploads\/2024\/10\/67223b94aa03cusina_segredo-1536x1024.jpg 1536w, https:\/\/jornalboasnoticias.com.br\/home\/wp-content\/uploads\/2024\/10\/67223b94aa03cusina_segredo-2048x1365.jpg 2048w, https:\/\/jornalboasnoticias.com.br\/home\/wp-content\/uploads\/2024\/10\/67223b94aa03cusina_segredo-900x600.jpg 900w\" sizes=\"auto, (max-width: 2560px) 100vw, 2560px\" \/><figcaption id=\"caption-attachment-44936\" class=\"wp-caption-text\">Foto: Copel<\/figcaption><\/figure>\n<\/div>\n<\/div>\n<blockquote>\n<div class=\"not-escopo-destaque\">\n<div class=\"field field--name-field-escopo-destaque field--type-string-long field--label-hidden field--item\">Projetos devem adicionar 2 gigawatts de pot\u00eancia ao parque gerador da companhia e dar suporte ao crescimento econ\u00f4mico do Paran\u00e1. A Copel est\u00e1 renovando com o governo federal a concess\u00e3o, por mais 30 anos, das suas tr\u00eas maiores usinas.<\/div>\n<\/div>\n<\/blockquote>\n<div>\n<article class=\"node node--type-noticia node--promoted node--view-mode-full clearfix\" role=\"article\" data-history-node-id=\"69625\">\n<div class=\"node__content clearfix\">\n<div class=\"field field--name-field-texto field--type-text-long field--label-hidden field--item\">\n<p>Ao completar 70 anos de exist\u00eancia, a Copel se prepara para ampliar o seu portf\u00f3lio de gera\u00e7\u00e3o de energia, que hoje j\u00e1 \u00e9 um dos maiores do Brasil. A companhia est\u00e1 renovando com o governo federal a concess\u00e3o, por mais 30 anos, das suas tr\u00eas maiores usinas. Com a concess\u00e3o renovada, vai avan\u00e7ar tamb\u00e9m nos projetos para aumentar a produ\u00e7\u00e3o de energia em duas delas: Foz do Areia (Governador Bento Munhoz da Rocha Netto) e Segredo (Governador Ney Braga), instaladas no Rio Igua\u00e7u.<\/p>\n<p>Hoje, a empresa opera um parque gerador de fontes 100% renov\u00e1veis com 6,5 GW de pot\u00eancia instalada e vai chegar a 8,6 GW com a amplia\u00e7\u00e3o destas hidrel\u00e9tricas. Os 2,1 GW adicionais correspondem ao consumo de 6 milh\u00f5es de pessoas e devem proporcionar seguran\u00e7a energ\u00e9tica para que o Paran\u00e1 mantenha o ritmo acelerado de crescimento e as empresas possam expandir suas opera\u00e7\u00f5es.<\/p>\n<p>Em est\u00e1gio mais avan\u00e7ado, o projeto de amplia\u00e7\u00e3o da usina Foz do Areia prev\u00ea que a pot\u00eancia instalada total da planta passar\u00e1 dos atuais 1.676 megawatts (MW) para 2.536 MW. A casa de for\u00e7a da usina, que possui quatro turbinas, j\u00e1 est\u00e1 totalmente preparada para a instala\u00e7\u00e3o de duas novas unidades geradoras, cada uma com 430 MW. Esse projeto far\u00e1 com que a usina Foz do Areia se torne uma das dez maiores do Brasil.<\/p>\n<p>Mirando no futuro e no crescimento da demanda por energia, os engenheiros da Copel que projetaram a usina, na d\u00e9cada de 1970, inclu\u00edram dois v\u00e3os adicionais na casa de for\u00e7a, al\u00e9m dos quatro que acomodariam turbinas e geradores instaladas \u00e0 \u00e9poca. Essa estrat\u00e9gia do passado a coloca, hoje, em uma condi\u00e7\u00e3o privilegiada para a amplia\u00e7\u00e3o.<\/p>\n<p>A necessidade de interven\u00e7\u00e3o na estrutura \u00e9 m\u00ednima e os trabalhos devem se concentrar na montagem de equipamentos, reduzindo custos. A conex\u00e3o existente com a rede de transmiss\u00e3o tamb\u00e9m j\u00e1 comporta o aumento de produ\u00e7\u00e3o de energia no local.<\/p>\n<p>Para viabilizar esse projeto, a Copel aguarda a realiza\u00e7\u00e3o do pr\u00f3ximo Leil\u00e3o de Reserva de Capacidade na Forma de Pot\u00eancia pelo governo federal, previsto para ocorrer nos pr\u00f3ximos meses. Neste leil\u00e3o, os projetos com menor custo para a produ\u00e7\u00e3o de energia ser\u00e3o autorizados a sair do papel.<\/p>\n<p>Tamb\u00e9m est\u00e1 em estudo a amplia\u00e7\u00e3o da Usina Segredo, para participa\u00e7\u00e3o em leil\u00f5es de reserva de capacidade que vir\u00e3o a partir de 2025. Nesse projeto, est\u00e3o previstas tr\u00eas novas unidades geradoras, cada uma com aproximadamente 422 MW. Assim, a hidrel\u00e9trica poder\u00e1 ter a pot\u00eancia total dobrada, passando dos atuais 1.260 MW para cerca de 2.526 MW. Se contemplada em leil\u00e3o, a obra, mais robusta do que a prevista para Foz do Areia, incluir\u00e1 a constru\u00e7\u00e3o de uma segunda casa de for\u00e7a para abrigar os novos conjuntos de turbinas e geradores.<\/p>\n<p><strong>RENOVA\u00c7\u00c3O DAS CONCESS\u00d5ES<\/strong>\u00a0\u2013 A transforma\u00e7\u00e3o da Copel em uma corpora\u00e7\u00e3o, em 2023, garantiu \u00e0 companhia o direito de renovar a concess\u00e3o federal das hidrel\u00e9tricas Foz do Areia, Segredo e Salto Caxias (Gov. Jos\u00e9 Richa), que representam, juntas, 62% do parque gerador da empresa. A nova concess\u00e3o dessas usinas ter\u00e1 prazo de 30 anos e foi viabilizada mediante o pagamento de um b\u00f4nus de outorga no valor de R$ 3,7 bilh\u00f5es.<\/p>\n<p>Pela legisla\u00e7\u00e3o vigente, as concess\u00f5es de ativos de empresas estatais ou de economia mista n\u00e3o poderiam ser renovadas: iriam a leil\u00e3o e, nesse processo, a Copel poderia perder o direito de operar as grandes hidrel\u00e9tricas do Igua\u00e7u.<\/p>\n<\/div>\n<\/div>\n<\/article>\n<\/div>\n","protected":false},"excerpt":{"rendered":"<p>Projetos devem adicionar 2 gigawatts de pot\u00eancia ao parque gerador da companhia e dar suporte<\/p>\n","protected":false},"author":4,"featured_media":44936,"comment_status":"open","ping_status":"open","sticky":false,"template":"","format":"standard","meta":{"footnotes":""},"categories":[3,4],"tags":[],"class_list":["post-44935","post","type-post","status-publish","format-standard","has-post-thumbnail","hentry","category-destaques","category-parana"],"yoast_head":"<!-- This site is optimized with the Yoast SEO plugin v27.5 - https:\/\/yoast.com\/product\/yoast-seo-wordpress\/ -->\n<title>Amplia\u00e7\u00e3o de usinas da Copel no Rio Igua\u00e7u garantir\u00e1 energia limpa a 6 milh\u00f5es de pessoas - Jornal<\/title>\n<meta name=\"description\" content=\"Amplia\u00e7\u00e3o de usinas da Copel no Rio Igua\u00e7u garantir\u00e1 energia limpa a 6 milh\u00f5es de pessoas\" \/>\n<meta name=\"robots\" content=\"index, follow, max-snippet:-1, max-image-preview:large, max-video-preview:-1\" \/>\n<link rel=\"canonical\" href=\"https:\/\/jornalboasnoticias.com.br\/home\/ampliacao-de-usinas-da-copel-no-rio-iguacu-garantira-energia-limpa-a-6-milhoes-de-pessoas\/\" \/>\n<meta property=\"og:locale\" content=\"pt_BR\" \/>\n<meta property=\"og:type\" content=\"article\" \/>\n<meta property=\"og:title\" content=\"Amplia\u00e7\u00e3o de usinas da Copel no Rio Igua\u00e7u garantir\u00e1 energia limpa a 6 milh\u00f5es de pessoas - Jornal\" \/>\n<meta property=\"og:description\" content=\"Amplia\u00e7\u00e3o de usinas da Copel no Rio Igua\u00e7u garantir\u00e1 energia limpa a 6 milh\u00f5es de pessoas\" \/>\n<meta property=\"og:url\" content=\"https:\/\/jornalboasnoticias.com.br\/home\/ampliacao-de-usinas-da-copel-no-rio-iguacu-garantira-energia-limpa-a-6-milhoes-de-pessoas\/\" \/>\n<meta property=\"og:site_name\" content=\"Jornal\" \/>\n<meta property=\"article:publisher\" content=\"https:\/\/www.facebook.com\/boasnoticiasjornal\" \/>\n<meta property=\"article:published_time\" content=\"2024-10-30T23:54:19+00:00\" \/>\n<meta property=\"og:image\" content=\"https:\/\/jornalboasnoticias.com.br\/home\/wp-content\/uploads\/2024\/10\/67223b94aa03cusina_segredo-scaled.jpg\" \/>\n\t<meta property=\"og:image:width\" content=\"2560\" \/>\n\t<meta property=\"og:image:height\" content=\"1707\" \/>\n\t<meta property=\"og:image:type\" content=\"image\/jpeg\" \/>\n<meta name=\"author\" content=\"Ana Luiza Bonatto\" \/>\n<meta name=\"twitter:card\" content=\"summary_large_image\" \/>\n<meta name=\"twitter:label1\" content=\"Escrito por\" \/>\n\t<meta name=\"twitter:data1\" content=\"Ana Luiza Bonatto\" \/>\n\t<meta name=\"twitter:label2\" content=\"Est. tempo de leitura\" \/>\n\t<meta name=\"twitter:data2\" content=\"4 minutos\" \/>\n<script type=\"application\/ld+json\" class=\"yoast-schema-graph\">{\"@context\":\"https:\\\/\\\/schema.org\",\"@graph\":[{\"@type\":\"Article\",\"@id\":\"https:\\\/\\\/jornalboasnoticias.com.br\\\/home\\\/ampliacao-de-usinas-da-copel-no-rio-iguacu-garantira-energia-limpa-a-6-milhoes-de-pessoas\\\/#article\",\"isPartOf\":{\"@id\":\"https:\\\/\\\/jornalboasnoticias.com.br\\\/home\\\/ampliacao-de-usinas-da-copel-no-rio-iguacu-garantira-energia-limpa-a-6-milhoes-de-pessoas\\\/\"},\"author\":{\"name\":\"Ana Luiza Bonatto\",\"@id\":\"https:\\\/\\\/jornalboasnoticias.com.br\\\/home\\\/#\\\/schema\\\/person\\\/d641193e0afc6405b390164dac847971\"},\"headline\":\"Amplia\u00e7\u00e3o de usinas da Copel no Rio Igua\u00e7u garantir\u00e1 energia limpa a 6 milh\u00f5es de pessoas\",\"datePublished\":\"2024-10-30T23:54:19+00:00\",\"mainEntityOfPage\":{\"@id\":\"https:\\\/\\\/jornalboasnoticias.com.br\\\/home\\\/ampliacao-de-usinas-da-copel-no-rio-iguacu-garantira-energia-limpa-a-6-milhoes-de-pessoas\\\/\"},\"wordCount\":676,\"commentCount\":0,\"publisher\":{\"@id\":\"https:\\\/\\\/jornalboasnoticias.com.br\\\/home\\\/#organization\"},\"image\":{\"@id\":\"https:\\\/\\\/jornalboasnoticias.com.br\\\/home\\\/ampliacao-de-usinas-da-copel-no-rio-iguacu-garantira-energia-limpa-a-6-milhoes-de-pessoas\\\/#primaryimage\"},\"thumbnailUrl\":\"https:\\\/\\\/jornalboasnoticias.com.br\\\/home\\\/wp-content\\\/uploads\\\/2024\\\/10\\\/67223b94aa03cusina_segredo-scaled.jpg\",\"articleSection\":[\"DESTAQUE\",\"PARAN\u00c1\"],\"inLanguage\":\"pt-BR\",\"potentialAction\":[{\"@type\":\"CommentAction\",\"name\":\"Comment\",\"target\":[\"https:\\\/\\\/jornalboasnoticias.com.br\\\/home\\\/ampliacao-de-usinas-da-copel-no-rio-iguacu-garantira-energia-limpa-a-6-milhoes-de-pessoas\\\/#respond\"]}]},{\"@type\":\"WebPage\",\"@id\":\"https:\\\/\\\/jornalboasnoticias.com.br\\\/home\\\/ampliacao-de-usinas-da-copel-no-rio-iguacu-garantira-energia-limpa-a-6-milhoes-de-pessoas\\\/\",\"url\":\"https:\\\/\\\/jornalboasnoticias.com.br\\\/home\\\/ampliacao-de-usinas-da-copel-no-rio-iguacu-garantira-energia-limpa-a-6-milhoes-de-pessoas\\\/\",\"name\":\"Amplia\u00e7\u00e3o de usinas da Copel no Rio Igua\u00e7u garantir\u00e1 energia limpa a 6 milh\u00f5es de pessoas - Jornal\",\"isPartOf\":{\"@id\":\"https:\\\/\\\/jornalboasnoticias.com.br\\\/home\\\/#website\"},\"primaryImageOfPage\":{\"@id\":\"https:\\\/\\\/jornalboasnoticias.com.br\\\/home\\\/ampliacao-de-usinas-da-copel-no-rio-iguacu-garantira-energia-limpa-a-6-milhoes-de-pessoas\\\/#primaryimage\"},\"image\":{\"@id\":\"https:\\\/\\\/jornalboasnoticias.com.br\\\/home\\\/ampliacao-de-usinas-da-copel-no-rio-iguacu-garantira-energia-limpa-a-6-milhoes-de-pessoas\\\/#primaryimage\"},\"thumbnailUrl\":\"https:\\\/\\\/jornalboasnoticias.com.br\\\/home\\\/wp-content\\\/uploads\\\/2024\\\/10\\\/67223b94aa03cusina_segredo-scaled.jpg\",\"datePublished\":\"2024-10-30T23:54:19+00:00\",\"description\":\"Amplia\u00e7\u00e3o de usinas da Copel no Rio Igua\u00e7u garantir\u00e1 energia limpa a 6 milh\u00f5es de pessoas\",\"breadcrumb\":{\"@id\":\"https:\\\/\\\/jornalboasnoticias.com.br\\\/home\\\/ampliacao-de-usinas-da-copel-no-rio-iguacu-garantira-energia-limpa-a-6-milhoes-de-pessoas\\\/#breadcrumb\"},\"inLanguage\":\"pt-BR\",\"potentialAction\":[{\"@type\":\"ReadAction\",\"target\":[\"https:\\\/\\\/jornalboasnoticias.com.br\\\/home\\\/ampliacao-de-usinas-da-copel-no-rio-iguacu-garantira-energia-limpa-a-6-milhoes-de-pessoas\\\/\"]}]},{\"@type\":\"ImageObject\",\"inLanguage\":\"pt-BR\",\"@id\":\"https:\\\/\\\/jornalboasnoticias.com.br\\\/home\\\/ampliacao-de-usinas-da-copel-no-rio-iguacu-garantira-energia-limpa-a-6-milhoes-de-pessoas\\\/#primaryimage\",\"url\":\"https:\\\/\\\/jornalboasnoticias.com.br\\\/home\\\/wp-content\\\/uploads\\\/2024\\\/10\\\/67223b94aa03cusina_segredo-scaled.jpg\",\"contentUrl\":\"https:\\\/\\\/jornalboasnoticias.com.br\\\/home\\\/wp-content\\\/uploads\\\/2024\\\/10\\\/67223b94aa03cusina_segredo-scaled.jpg\",\"width\":2560,\"height\":1707,\"caption\":\"Foto: Copel\"},{\"@type\":\"BreadcrumbList\",\"@id\":\"https:\\\/\\\/jornalboasnoticias.com.br\\\/home\\\/ampliacao-de-usinas-da-copel-no-rio-iguacu-garantira-energia-limpa-a-6-milhoes-de-pessoas\\\/#breadcrumb\",\"itemListElement\":[{\"@type\":\"ListItem\",\"position\":1,\"name\":\"In\u00edcio\",\"item\":\"https:\\\/\\\/jornalboasnoticias.com.br\\\/home\\\/\"},{\"@type\":\"ListItem\",\"position\":2,\"name\":\"Amplia\u00e7\u00e3o de usinas da Copel no Rio Igua\u00e7u garantir\u00e1 energia limpa a 6 milh\u00f5es de pessoas\"}]},{\"@type\":\"WebSite\",\"@id\":\"https:\\\/\\\/jornalboasnoticias.com.br\\\/home\\\/#website\",\"url\":\"https:\\\/\\\/jornalboasnoticias.com.br\\\/home\\\/\",\"name\":\"Jornal Boas Not\u00edcias\",\"description\":\"Boas not\u00edcias\",\"publisher\":{\"@id\":\"https:\\\/\\\/jornalboasnoticias.com.br\\\/home\\\/#organization\"},\"potentialAction\":[{\"@type\":\"SearchAction\",\"target\":{\"@type\":\"EntryPoint\",\"urlTemplate\":\"https:\\\/\\\/jornalboasnoticias.com.br\\\/home\\\/?s={search_term_string}\"},\"query-input\":{\"@type\":\"PropertyValueSpecification\",\"valueRequired\":true,\"valueName\":\"search_term_string\"}}],\"inLanguage\":\"pt-BR\"},{\"@type\":\"Organization\",\"@id\":\"https:\\\/\\\/jornalboasnoticias.com.br\\\/home\\\/#organization\",\"name\":\"Coq Editora Ltda\",\"alternateName\":\"Jornal Boas Noticias\",\"url\":\"https:\\\/\\\/jornalboasnoticias.com.br\\\/home\\\/\",\"logo\":{\"@type\":\"ImageObject\",\"inLanguage\":\"pt-BR\",\"@id\":\"https:\\\/\\\/jornalboasnoticias.com.br\\\/home\\\/#\\\/schema\\\/logo\\\/image\\\/\",\"url\":\"https:\\\/\\\/jornalboasnoticias.com.br\\\/home\\\/wp-content\\\/uploads\\\/2024\\\/07\\\/cropped-logo.jpg\",\"contentUrl\":\"https:\\\/\\\/jornalboasnoticias.com.br\\\/home\\\/wp-content\\\/uploads\\\/2024\\\/07\\\/cropped-logo.jpg\",\"width\":290,\"height\":142,\"caption\":\"Coq Editora Ltda\"},\"image\":{\"@id\":\"https:\\\/\\\/jornalboasnoticias.com.br\\\/home\\\/#\\\/schema\\\/logo\\\/image\\\/\"},\"sameAs\":[\"https:\\\/\\\/www.facebook.com\\\/boasnoticiasjornal\"]},{\"@type\":\"Person\",\"@id\":\"https:\\\/\\\/jornalboasnoticias.com.br\\\/home\\\/#\\\/schema\\\/person\\\/d641193e0afc6405b390164dac847971\",\"name\":\"Ana Luiza Bonatto\",\"image\":{\"@type\":\"ImageObject\",\"inLanguage\":\"pt-BR\",\"@id\":\"https:\\\/\\\/secure.gravatar.com\\\/avatar\\\/8a055ebe6373371f67ac6fcf313c0ac0b0a91157fdcdb9514fa62927373348f0?s=96&d=mm&r=g\",\"url\":\"https:\\\/\\\/secure.gravatar.com\\\/avatar\\\/8a055ebe6373371f67ac6fcf313c0ac0b0a91157fdcdb9514fa62927373348f0?s=96&d=mm&r=g\",\"contentUrl\":\"https:\\\/\\\/secure.gravatar.com\\\/avatar\\\/8a055ebe6373371f67ac6fcf313c0ac0b0a91157fdcdb9514fa62927373348f0?s=96&d=mm&r=g\",\"caption\":\"Ana Luiza Bonatto\"},\"url\":\"https:\\\/\\\/jornalboasnoticias.com.br\\\/home\\\/author\\\/ana-luiza\\\/\"}]}<\/script>\n<!-- \/ Yoast SEO plugin. -->","yoast_head_json":{"title":"Amplia\u00e7\u00e3o de usinas da Copel no Rio Igua\u00e7u garantir\u00e1 energia limpa a 6 milh\u00f5es de pessoas - Jornal","description":"Amplia\u00e7\u00e3o de usinas da Copel no Rio Igua\u00e7u garantir\u00e1 energia limpa a 6 milh\u00f5es de pessoas","robots":{"index":"index","follow":"follow","max-snippet":"max-snippet:-1","max-image-preview":"max-image-preview:large","max-video-preview":"max-video-preview:-1"},"canonical":"https:\/\/jornalboasnoticias.com.br\/home\/ampliacao-de-usinas-da-copel-no-rio-iguacu-garantira-energia-limpa-a-6-milhoes-de-pessoas\/","og_locale":"pt_BR","og_type":"article","og_title":"Amplia\u00e7\u00e3o de usinas da Copel no Rio Igua\u00e7u garantir\u00e1 energia limpa a 6 milh\u00f5es de pessoas - Jornal","og_description":"Amplia\u00e7\u00e3o de usinas da Copel no Rio Igua\u00e7u garantir\u00e1 energia limpa a 6 milh\u00f5es de pessoas","og_url":"https:\/\/jornalboasnoticias.com.br\/home\/ampliacao-de-usinas-da-copel-no-rio-iguacu-garantira-energia-limpa-a-6-milhoes-de-pessoas\/","og_site_name":"Jornal","article_publisher":"https:\/\/www.facebook.com\/boasnoticiasjornal","article_published_time":"2024-10-30T23:54:19+00:00","og_image":[{"width":2560,"height":1707,"url":"https:\/\/jornalboasnoticias.com.br\/home\/wp-content\/uploads\/2024\/10\/67223b94aa03cusina_segredo-scaled.jpg","type":"image\/jpeg"}],"author":"Ana Luiza Bonatto","twitter_card":"summary_large_image","twitter_misc":{"Escrito por":"Ana Luiza Bonatto","Est. tempo de leitura":"4 minutos"},"schema":{"@context":"https:\/\/schema.org","@graph":[{"@type":"Article","@id":"https:\/\/jornalboasnoticias.com.br\/home\/ampliacao-de-usinas-da-copel-no-rio-iguacu-garantira-energia-limpa-a-6-milhoes-de-pessoas\/#article","isPartOf":{"@id":"https:\/\/jornalboasnoticias.com.br\/home\/ampliacao-de-usinas-da-copel-no-rio-iguacu-garantira-energia-limpa-a-6-milhoes-de-pessoas\/"},"author":{"name":"Ana Luiza Bonatto","@id":"https:\/\/jornalboasnoticias.com.br\/home\/#\/schema\/person\/d641193e0afc6405b390164dac847971"},"headline":"Amplia\u00e7\u00e3o de usinas da Copel no Rio Igua\u00e7u garantir\u00e1 energia limpa a 6 milh\u00f5es de pessoas","datePublished":"2024-10-30T23:54:19+00:00","mainEntityOfPage":{"@id":"https:\/\/jornalboasnoticias.com.br\/home\/ampliacao-de-usinas-da-copel-no-rio-iguacu-garantira-energia-limpa-a-6-milhoes-de-pessoas\/"},"wordCount":676,"commentCount":0,"publisher":{"@id":"https:\/\/jornalboasnoticias.com.br\/home\/#organization"},"image":{"@id":"https:\/\/jornalboasnoticias.com.br\/home\/ampliacao-de-usinas-da-copel-no-rio-iguacu-garantira-energia-limpa-a-6-milhoes-de-pessoas\/#primaryimage"},"thumbnailUrl":"https:\/\/jornalboasnoticias.com.br\/home\/wp-content\/uploads\/2024\/10\/67223b94aa03cusina_segredo-scaled.jpg","articleSection":["DESTAQUE","PARAN\u00c1"],"inLanguage":"pt-BR","potentialAction":[{"@type":"CommentAction","name":"Comment","target":["https:\/\/jornalboasnoticias.com.br\/home\/ampliacao-de-usinas-da-copel-no-rio-iguacu-garantira-energia-limpa-a-6-milhoes-de-pessoas\/#respond"]}]},{"@type":"WebPage","@id":"https:\/\/jornalboasnoticias.com.br\/home\/ampliacao-de-usinas-da-copel-no-rio-iguacu-garantira-energia-limpa-a-6-milhoes-de-pessoas\/","url":"https:\/\/jornalboasnoticias.com.br\/home\/ampliacao-de-usinas-da-copel-no-rio-iguacu-garantira-energia-limpa-a-6-milhoes-de-pessoas\/","name":"Amplia\u00e7\u00e3o de usinas da Copel no Rio Igua\u00e7u garantir\u00e1 energia limpa a 6 milh\u00f5es de pessoas - Jornal","isPartOf":{"@id":"https:\/\/jornalboasnoticias.com.br\/home\/#website"},"primaryImageOfPage":{"@id":"https:\/\/jornalboasnoticias.com.br\/home\/ampliacao-de-usinas-da-copel-no-rio-iguacu-garantira-energia-limpa-a-6-milhoes-de-pessoas\/#primaryimage"},"image":{"@id":"https:\/\/jornalboasnoticias.com.br\/home\/ampliacao-de-usinas-da-copel-no-rio-iguacu-garantira-energia-limpa-a-6-milhoes-de-pessoas\/#primaryimage"},"thumbnailUrl":"https:\/\/jornalboasnoticias.com.br\/home\/wp-content\/uploads\/2024\/10\/67223b94aa03cusina_segredo-scaled.jpg","datePublished":"2024-10-30T23:54:19+00:00","description":"Amplia\u00e7\u00e3o de usinas da Copel no Rio Igua\u00e7u garantir\u00e1 energia limpa a 6 milh\u00f5es de pessoas","breadcrumb":{"@id":"https:\/\/jornalboasnoticias.com.br\/home\/ampliacao-de-usinas-da-copel-no-rio-iguacu-garantira-energia-limpa-a-6-milhoes-de-pessoas\/#breadcrumb"},"inLanguage":"pt-BR","potentialAction":[{"@type":"ReadAction","target":["https:\/\/jornalboasnoticias.com.br\/home\/ampliacao-de-usinas-da-copel-no-rio-iguacu-garantira-energia-limpa-a-6-milhoes-de-pessoas\/"]}]},{"@type":"ImageObject","inLanguage":"pt-BR","@id":"https:\/\/jornalboasnoticias.com.br\/home\/ampliacao-de-usinas-da-copel-no-rio-iguacu-garantira-energia-limpa-a-6-milhoes-de-pessoas\/#primaryimage","url":"https:\/\/jornalboasnoticias.com.br\/home\/wp-content\/uploads\/2024\/10\/67223b94aa03cusina_segredo-scaled.jpg","contentUrl":"https:\/\/jornalboasnoticias.com.br\/home\/wp-content\/uploads\/2024\/10\/67223b94aa03cusina_segredo-scaled.jpg","width":2560,"height":1707,"caption":"Foto: Copel"},{"@type":"BreadcrumbList","@id":"https:\/\/jornalboasnoticias.com.br\/home\/ampliacao-de-usinas-da-copel-no-rio-iguacu-garantira-energia-limpa-a-6-milhoes-de-pessoas\/#breadcrumb","itemListElement":[{"@type":"ListItem","position":1,"name":"In\u00edcio","item":"https:\/\/jornalboasnoticias.com.br\/home\/"},{"@type":"ListItem","position":2,"name":"Amplia\u00e7\u00e3o de usinas da Copel no Rio Igua\u00e7u garantir\u00e1 energia limpa a 6 milh\u00f5es de pessoas"}]},{"@type":"WebSite","@id":"https:\/\/jornalboasnoticias.com.br\/home\/#website","url":"https:\/\/jornalboasnoticias.com.br\/home\/","name":"Jornal Boas Not\u00edcias","description":"Boas not\u00edcias","publisher":{"@id":"https:\/\/jornalboasnoticias.com.br\/home\/#organization"},"potentialAction":[{"@type":"SearchAction","target":{"@type":"EntryPoint","urlTemplate":"https:\/\/jornalboasnoticias.com.br\/home\/?s={search_term_string}"},"query-input":{"@type":"PropertyValueSpecification","valueRequired":true,"valueName":"search_term_string"}}],"inLanguage":"pt-BR"},{"@type":"Organization","@id":"https:\/\/jornalboasnoticias.com.br\/home\/#organization","name":"Coq Editora Ltda","alternateName":"Jornal Boas Noticias","url":"https:\/\/jornalboasnoticias.com.br\/home\/","logo":{"@type":"ImageObject","inLanguage":"pt-BR","@id":"https:\/\/jornalboasnoticias.com.br\/home\/#\/schema\/logo\/image\/","url":"https:\/\/jornalboasnoticias.com.br\/home\/wp-content\/uploads\/2024\/07\/cropped-logo.jpg","contentUrl":"https:\/\/jornalboasnoticias.com.br\/home\/wp-content\/uploads\/2024\/07\/cropped-logo.jpg","width":290,"height":142,"caption":"Coq Editora Ltda"},"image":{"@id":"https:\/\/jornalboasnoticias.com.br\/home\/#\/schema\/logo\/image\/"},"sameAs":["https:\/\/www.facebook.com\/boasnoticiasjornal"]},{"@type":"Person","@id":"https:\/\/jornalboasnoticias.com.br\/home\/#\/schema\/person\/d641193e0afc6405b390164dac847971","name":"Ana Luiza Bonatto","image":{"@type":"ImageObject","inLanguage":"pt-BR","@id":"https:\/\/secure.gravatar.com\/avatar\/8a055ebe6373371f67ac6fcf313c0ac0b0a91157fdcdb9514fa62927373348f0?s=96&d=mm&r=g","url":"https:\/\/secure.gravatar.com\/avatar\/8a055ebe6373371f67ac6fcf313c0ac0b0a91157fdcdb9514fa62927373348f0?s=96&d=mm&r=g","contentUrl":"https:\/\/secure.gravatar.com\/avatar\/8a055ebe6373371f67ac6fcf313c0ac0b0a91157fdcdb9514fa62927373348f0?s=96&d=mm&r=g","caption":"Ana Luiza Bonatto"},"url":"https:\/\/jornalboasnoticias.com.br\/home\/author\/ana-luiza\/"}]}},"_links":{"self":[{"href":"https:\/\/jornalboasnoticias.com.br\/home\/wp-json\/wp\/v2\/posts\/44935","targetHints":{"allow":["GET"]}}],"collection":[{"href":"https:\/\/jornalboasnoticias.com.br\/home\/wp-json\/wp\/v2\/posts"}],"about":[{"href":"https:\/\/jornalboasnoticias.com.br\/home\/wp-json\/wp\/v2\/types\/post"}],"author":[{"embeddable":true,"href":"https:\/\/jornalboasnoticias.com.br\/home\/wp-json\/wp\/v2\/users\/4"}],"replies":[{"embeddable":true,"href":"https:\/\/jornalboasnoticias.com.br\/home\/wp-json\/wp\/v2\/comments?post=44935"}],"version-history":[{"count":1,"href":"https:\/\/jornalboasnoticias.com.br\/home\/wp-json\/wp\/v2\/posts\/44935\/revisions"}],"predecessor-version":[{"id":44937,"href":"https:\/\/jornalboasnoticias.com.br\/home\/wp-json\/wp\/v2\/posts\/44935\/revisions\/44937"}],"wp:featuredmedia":[{"embeddable":true,"href":"https:\/\/jornalboasnoticias.com.br\/home\/wp-json\/wp\/v2\/media\/44936"}],"wp:attachment":[{"href":"https:\/\/jornalboasnoticias.com.br\/home\/wp-json\/wp\/v2\/media?parent=44935"}],"wp:term":[{"taxonomy":"category","embeddable":true,"href":"https:\/\/jornalboasnoticias.com.br\/home\/wp-json\/wp\/v2\/categories?post=44935"},{"taxonomy":"post_tag","embeddable":true,"href":"https:\/\/jornalboasnoticias.com.br\/home\/wp-json\/wp\/v2\/tags?post=44935"}],"curies":[{"name":"wp","href":"https:\/\/api.w.org\/{rel}","templated":true}]}}