{"id":44931,"date":"2024-10-30T23:53:24","date_gmt":"2024-10-30T23:53:24","guid":{"rendered":"https:\/\/jornalboasnoticias.com.br\/home\/?p=44931"},"modified":"2024-10-30T23:53:24","modified_gmt":"2024-10-30T23:53:24","slug":"ceasas-do-parana-estarao-fechadas-neste-sabado-dia-de-finados","status":"publish","type":"post","link":"https:\/\/jornalboasnoticias.com.br\/home\/ceasas-do-parana-estarao-fechadas-neste-sabado-dia-de-finados\/","title":{"rendered":"Ceasas do Paran\u00e1 estar\u00e3o fechadas neste s\u00e1bado, Dia de Finados"},"content":{"rendered":"<div class=\"not-escopo-destaque\">\n<div>\n<figure id=\"attachment_44932\" aria-describedby=\"caption-attachment-44932\" style=\"width: 2560px\" class=\"wp-caption alignnone\"><img loading=\"lazy\" decoding=\"async\" class=\"size-full wp-image-44932\" src=\"https:\/\/jornalboasnoticias.com.br\/home\/wp-content\/uploads\/2024\/10\/drone_ceasa_foto_rdziura--scaled.jpg\" alt=\"\" width=\"2560\" height=\"1707\" srcset=\"https:\/\/jornalboasnoticias.com.br\/home\/wp-content\/uploads\/2024\/10\/drone_ceasa_foto_rdziura--scaled.jpg 2560w, https:\/\/jornalboasnoticias.com.br\/home\/wp-content\/uploads\/2024\/10\/drone_ceasa_foto_rdziura--300x200.jpg 300w, https:\/\/jornalboasnoticias.com.br\/home\/wp-content\/uploads\/2024\/10\/drone_ceasa_foto_rdziura--1024x683.jpg 1024w, https:\/\/jornalboasnoticias.com.br\/home\/wp-content\/uploads\/2024\/10\/drone_ceasa_foto_rdziura--768x512.jpg 768w, https:\/\/jornalboasnoticias.com.br\/home\/wp-content\/uploads\/2024\/10\/drone_ceasa_foto_rdziura--1536x1024.jpg 1536w, https:\/\/jornalboasnoticias.com.br\/home\/wp-content\/uploads\/2024\/10\/drone_ceasa_foto_rdziura--2048x1365.jpg 2048w, https:\/\/jornalboasnoticias.com.br\/home\/wp-content\/uploads\/2024\/10\/drone_ceasa_foto_rdziura--900x600.jpg 900w\" sizes=\"auto, (max-width: 2560px) 100vw, 2560px\" \/><figcaption id=\"caption-attachment-44932\" class=\"wp-caption-text\">Foto: Roberto Dziura Jr\/AEN<\/figcaption><\/figure>\n<\/div>\n<\/div>\n<blockquote>\n<div class=\"not-escopo-destaque\">\n<div class=\"field field--name-field-escopo-destaque field--type-string-long field--label-hidden field--item\">Todos os mercados, assim como sua administra\u00e7\u00e3o central, abrem normalmente na segunda-feira (4\/11).\u00a0Confira os dias de funcionamento e hor\u00e1rios de cada unidade.<\/div>\n<\/div>\n<\/blockquote>\n<div>\n<p>Os mercados das\u00a0Ceasas do Paran\u00e1 em Curitiba, Londrina, Maring\u00e1, Cascavel e Foz do Igua\u00e7u estar\u00e3o fechados neste s\u00e1bado, 2 de novembro, em fun\u00e7\u00e3o do Dia de Finados, feriado nacional.<\/p>\n<p>Todos os mercados, assim como sua administra\u00e7\u00e3o central, abrem normalmente na segunda-feira (4\/11).<\/p>\n<p><strong>Confira os dias de funcionamento e hor\u00e1rios de cada unidade:<\/strong><\/p>\n<p><u>Ceasa Curitiba<\/u><\/p>\n<p>Dia\u00a02\u00a0de\u00a0novembro, s\u00e1bado,\u00a0mercado fechado<\/p>\n<p>Hor\u00e1rio: boxes de segunda-feira\u00a0a s\u00e1bado, das 4h30\u00a0\u00e0s 12 horas<\/p>\n<p>Mercado do Produtor, de segunda-feira a s\u00e1bado, das 4h30 \u00e0s 12h<\/p>\n<p>Mercado de Flores: de segunda-feira a s\u00e1bado, das 6h \u00e0s 14h<\/p>\n<p>Endere\u00e7o: BR-116, km 111, n\u00ba 22.881 \u2013 bairro Tatuquara<\/p>\n<p>Fones: Ger\u00eancia (041) 3341-8300 \u2013 3348-6690<\/p>\n<p>Mercado do Produtor \u2013 (041) 3348-6690<\/p>\n<p><u>Ceasa Londrina<\/u><\/p>\n<p>Dia\u00a02\u00a0de\u00a0novembro, s\u00e1bado,\u00a0mercado fechado<\/p>\n<p>Hor\u00e1rios:\u00a0segunda, quarta e sexta-feira, das 3h\u00a0\u00e0s 10h; ter\u00e7a,\u00a0quinta-feira e s\u00e1bado, das 5h30\u00a0\u00e0s 10h<\/p>\n<p>Endere\u00e7o: Av. Bras\u00edlia, n\u00ba 10.000, Gleba Ribeir\u00e3o Lind\u00f3ia<\/p>\n<p>Fones: (043) 3325-4713 \u2013 (043) 3325-4404<\/p>\n<p><u>Ceasa Maring\u00e1<\/u><\/p>\n<p>Dia\u00a02\u00a0de\u00a0novembro, s\u00e1bado,\u00a0mercado fechado<\/p>\n<p>Hor\u00e1rio: de segunda-feira a sexta-feira, das 5h30\u00a0\u00e0s 12h; s\u00e1bados, das 5h30 \u00e0s10h<\/p>\n<p>Endere\u00e7o: Rodovia PR-317, n\u00ba 6.330 \u2013 Sa\u00edda para Campo Mour\u00e3o<\/p>\n<p>Fone: (044) 3266-1147<\/p>\n<p><u>Ceasa Cascavel<\/u><\/p>\n<p>Dia 2 de novembro, s\u00e1bado, mercado fechado<\/p>\n<p>Hor\u00e1rio: de segunda-feira a s\u00e1bado, das\u00a05h30\u00a0\u00e0s 12h<\/p>\n<p>Endere\u00e7o: BR-467 \u2013 km 110,6 \u2013 Sa\u00edda para Toledo<\/p>\n<p>Fone: (045) 3323-6741 \u2013 (045) 3323-5335-\u00a0(045) 3323-3508<\/p>\n<p><u>Ceasa Foz do Igua\u00e7u<\/u><\/p>\n<p>Dia\u00a02\u00a0de\u00a0novembro, s\u00e1bado,\u00a0mercado fechado<\/p>\n<p>Hor\u00e1rio: de segunda-feira a sexta-feira, das 5h \u00e0s 15h; s\u00e1bados, das 5h as 14h<\/p>\n<p>Endere\u00e7o: Av. Juscelino Kubitschek, n\u00ba 1.254<\/p>\n<p>Fone: (045) 3522-1129<\/p>\n<p>Ceasa Paran\u00e1 Administra\u00e7\u00e3o<\/p>\n<p>Dia 2 de novembro, s\u00e1bado, fechada<\/p>\n<p>Hor\u00e1rio:\u00a0de segunda a sexta-feira, das 7h \u00e0s 12h e das 13h \u00e0s 16h<\/p>\n<p>Endere\u00e7o: BR-116, km 111, n\u00ba 22.881 \u2013 bairro Tatuquara<\/p>\n<p>Fone: (041) 3253-3232 \u2013 (041) 3352-7456<\/p>\n<p>Mais informa\u00e7\u00f5es\u00a0sobre as Ceasas do Paran\u00e1 em\u00a0<a class=\"0\" href=\"https:\/\/www.ceasa.pr.gov.br\/\" target=\"_blank\" rel=\"nofollow noopener\">www.ceasa.pr.gov.br<\/a>.<\/p>\n<p>(AEN)<\/p>\n<\/div>\n","protected":false},"excerpt":{"rendered":"<p>Todos os mercados, assim como sua administra\u00e7\u00e3o central, abrem normalmente na segunda-feira (4\/11).\u00a0Confira os dias<\/p>\n","protected":false},"author":4,"featured_media":44932,"comment_status":"open","ping_status":"open","sticky":false,"template":"","format":"standard","meta":{"footnotes":""},"categories":[3,4],"tags":[],"class_list":["post-44931","post","type-post","status-publish","format-standard","has-post-thumbnail","hentry","category-destaques","category-parana"],"yoast_head":"<!-- This site is optimized with the Yoast SEO plugin v27.5 - https:\/\/yoast.com\/product\/yoast-seo-wordpress\/ -->\n<title>Ceasas do Paran\u00e1 estar\u00e3o fechadas neste s\u00e1bado, Dia de Finados - Jornal<\/title>\n<meta name=\"description\" content=\"Ceasas do Paran\u00e1 estar\u00e3o fechadas neste s\u00e1bado, Dia de Finados\" \/>\n<meta name=\"robots\" content=\"index, follow, max-snippet:-1, max-image-preview:large, max-video-preview:-1\" \/>\n<link rel=\"canonical\" href=\"https:\/\/jornalboasnoticias.com.br\/home\/ceasas-do-parana-estarao-fechadas-neste-sabado-dia-de-finados\/\" \/>\n<meta property=\"og:locale\" content=\"pt_BR\" \/>\n<meta property=\"og:type\" content=\"article\" \/>\n<meta property=\"og:title\" content=\"Ceasas do Paran\u00e1 estar\u00e3o fechadas neste s\u00e1bado, Dia de Finados - Jornal\" \/>\n<meta property=\"og:description\" content=\"Ceasas do Paran\u00e1 estar\u00e3o fechadas neste s\u00e1bado, Dia de Finados\" \/>\n<meta property=\"og:url\" content=\"https:\/\/jornalboasnoticias.com.br\/home\/ceasas-do-parana-estarao-fechadas-neste-sabado-dia-de-finados\/\" \/>\n<meta property=\"og:site_name\" content=\"Jornal\" \/>\n<meta property=\"article:publisher\" content=\"https:\/\/www.facebook.com\/boasnoticiasjornal\" \/>\n<meta property=\"article:published_time\" content=\"2024-10-30T23:53:24+00:00\" \/>\n<meta property=\"og:image\" content=\"https:\/\/jornalboasnoticias.com.br\/home\/wp-content\/uploads\/2024\/10\/drone_ceasa_foto_rdziura--scaled.jpg\" \/>\n\t<meta property=\"og:image:width\" content=\"2560\" \/>\n\t<meta property=\"og:image:height\" content=\"1707\" \/>\n\t<meta property=\"og:image:type\" content=\"image\/jpeg\" \/>\n<meta name=\"author\" content=\"Ana Luiza Bonatto\" \/>\n<meta name=\"twitter:card\" content=\"summary_large_image\" \/>\n<meta name=\"twitter:label1\" content=\"Escrito por\" \/>\n\t<meta name=\"twitter:data1\" content=\"Ana Luiza Bonatto\" \/>\n\t<meta name=\"twitter:label2\" content=\"Est. tempo de leitura\" \/>\n\t<meta name=\"twitter:data2\" content=\"2 minutos\" \/>\n<script type=\"application\/ld+json\" class=\"yoast-schema-graph\">{\"@context\":\"https:\\\/\\\/schema.org\",\"@graph\":[{\"@type\":\"Article\",\"@id\":\"https:\\\/\\\/jornalboasnoticias.com.br\\\/home\\\/ceasas-do-parana-estarao-fechadas-neste-sabado-dia-de-finados\\\/#article\",\"isPartOf\":{\"@id\":\"https:\\\/\\\/jornalboasnoticias.com.br\\\/home\\\/ceasas-do-parana-estarao-fechadas-neste-sabado-dia-de-finados\\\/\"},\"author\":{\"name\":\"Ana Luiza Bonatto\",\"@id\":\"https:\\\/\\\/jornalboasnoticias.com.br\\\/home\\\/#\\\/schema\\\/person\\\/d641193e0afc6405b390164dac847971\"},\"headline\":\"Ceasas do Paran\u00e1 estar\u00e3o fechadas neste s\u00e1bado, Dia de Finados\",\"datePublished\":\"2024-10-30T23:53:24+00:00\",\"mainEntityOfPage\":{\"@id\":\"https:\\\/\\\/jornalboasnoticias.com.br\\\/home\\\/ceasas-do-parana-estarao-fechadas-neste-sabado-dia-de-finados\\\/\"},\"wordCount\":366,\"commentCount\":0,\"publisher\":{\"@id\":\"https:\\\/\\\/jornalboasnoticias.com.br\\\/home\\\/#organization\"},\"image\":{\"@id\":\"https:\\\/\\\/jornalboasnoticias.com.br\\\/home\\\/ceasas-do-parana-estarao-fechadas-neste-sabado-dia-de-finados\\\/#primaryimage\"},\"thumbnailUrl\":\"https:\\\/\\\/jornalboasnoticias.com.br\\\/home\\\/wp-content\\\/uploads\\\/2024\\\/10\\\/drone_ceasa_foto_rdziura--scaled.jpg\",\"articleSection\":[\"DESTAQUE\",\"PARAN\u00c1\"],\"inLanguage\":\"pt-BR\",\"potentialAction\":[{\"@type\":\"CommentAction\",\"name\":\"Comment\",\"target\":[\"https:\\\/\\\/jornalboasnoticias.com.br\\\/home\\\/ceasas-do-parana-estarao-fechadas-neste-sabado-dia-de-finados\\\/#respond\"]}]},{\"@type\":\"WebPage\",\"@id\":\"https:\\\/\\\/jornalboasnoticias.com.br\\\/home\\\/ceasas-do-parana-estarao-fechadas-neste-sabado-dia-de-finados\\\/\",\"url\":\"https:\\\/\\\/jornalboasnoticias.com.br\\\/home\\\/ceasas-do-parana-estarao-fechadas-neste-sabado-dia-de-finados\\\/\",\"name\":\"Ceasas do Paran\u00e1 estar\u00e3o fechadas neste s\u00e1bado, Dia de Finados - Jornal\",\"isPartOf\":{\"@id\":\"https:\\\/\\\/jornalboasnoticias.com.br\\\/home\\\/#website\"},\"primaryImageOfPage\":{\"@id\":\"https:\\\/\\\/jornalboasnoticias.com.br\\\/home\\\/ceasas-do-parana-estarao-fechadas-neste-sabado-dia-de-finados\\\/#primaryimage\"},\"image\":{\"@id\":\"https:\\\/\\\/jornalboasnoticias.com.br\\\/home\\\/ceasas-do-parana-estarao-fechadas-neste-sabado-dia-de-finados\\\/#primaryimage\"},\"thumbnailUrl\":\"https:\\\/\\\/jornalboasnoticias.com.br\\\/home\\\/wp-content\\\/uploads\\\/2024\\\/10\\\/drone_ceasa_foto_rdziura--scaled.jpg\",\"datePublished\":\"2024-10-30T23:53:24+00:00\",\"description\":\"Ceasas do Paran\u00e1 estar\u00e3o fechadas neste s\u00e1bado, Dia de Finados\",\"breadcrumb\":{\"@id\":\"https:\\\/\\\/jornalboasnoticias.com.br\\\/home\\\/ceasas-do-parana-estarao-fechadas-neste-sabado-dia-de-finados\\\/#breadcrumb\"},\"inLanguage\":\"pt-BR\",\"potentialAction\":[{\"@type\":\"ReadAction\",\"target\":[\"https:\\\/\\\/jornalboasnoticias.com.br\\\/home\\\/ceasas-do-parana-estarao-fechadas-neste-sabado-dia-de-finados\\\/\"]}]},{\"@type\":\"ImageObject\",\"inLanguage\":\"pt-BR\",\"@id\":\"https:\\\/\\\/jornalboasnoticias.com.br\\\/home\\\/ceasas-do-parana-estarao-fechadas-neste-sabado-dia-de-finados\\\/#primaryimage\",\"url\":\"https:\\\/\\\/jornalboasnoticias.com.br\\\/home\\\/wp-content\\\/uploads\\\/2024\\\/10\\\/drone_ceasa_foto_rdziura--scaled.jpg\",\"contentUrl\":\"https:\\\/\\\/jornalboasnoticias.com.br\\\/home\\\/wp-content\\\/uploads\\\/2024\\\/10\\\/drone_ceasa_foto_rdziura--scaled.jpg\",\"width\":2560,\"height\":1707,\"caption\":\"Foto: Roberto Dziura Jr\\\/AEN\"},{\"@type\":\"BreadcrumbList\",\"@id\":\"https:\\\/\\\/jornalboasnoticias.com.br\\\/home\\\/ceasas-do-parana-estarao-fechadas-neste-sabado-dia-de-finados\\\/#breadcrumb\",\"itemListElement\":[{\"@type\":\"ListItem\",\"position\":1,\"name\":\"In\u00edcio\",\"item\":\"https:\\\/\\\/jornalboasnoticias.com.br\\\/home\\\/\"},{\"@type\":\"ListItem\",\"position\":2,\"name\":\"Ceasas do Paran\u00e1 estar\u00e3o fechadas neste s\u00e1bado, Dia de Finados\"}]},{\"@type\":\"WebSite\",\"@id\":\"https:\\\/\\\/jornalboasnoticias.com.br\\\/home\\\/#website\",\"url\":\"https:\\\/\\\/jornalboasnoticias.com.br\\\/home\\\/\",\"name\":\"Jornal Boas Not\u00edcias\",\"description\":\"Boas not\u00edcias\",\"publisher\":{\"@id\":\"https:\\\/\\\/jornalboasnoticias.com.br\\\/home\\\/#organization\"},\"potentialAction\":[{\"@type\":\"SearchAction\",\"target\":{\"@type\":\"EntryPoint\",\"urlTemplate\":\"https:\\\/\\\/jornalboasnoticias.com.br\\\/home\\\/?s={search_term_string}\"},\"query-input\":{\"@type\":\"PropertyValueSpecification\",\"valueRequired\":true,\"valueName\":\"search_term_string\"}}],\"inLanguage\":\"pt-BR\"},{\"@type\":\"Organization\",\"@id\":\"https:\\\/\\\/jornalboasnoticias.com.br\\\/home\\\/#organization\",\"name\":\"Coq Editora Ltda\",\"alternateName\":\"Jornal Boas Noticias\",\"url\":\"https:\\\/\\\/jornalboasnoticias.com.br\\\/home\\\/\",\"logo\":{\"@type\":\"ImageObject\",\"inLanguage\":\"pt-BR\",\"@id\":\"https:\\\/\\\/jornalboasnoticias.com.br\\\/home\\\/#\\\/schema\\\/logo\\\/image\\\/\",\"url\":\"https:\\\/\\\/jornalboasnoticias.com.br\\\/home\\\/wp-content\\\/uploads\\\/2024\\\/07\\\/cropped-logo.jpg\",\"contentUrl\":\"https:\\\/\\\/jornalboasnoticias.com.br\\\/home\\\/wp-content\\\/uploads\\\/2024\\\/07\\\/cropped-logo.jpg\",\"width\":290,\"height\":142,\"caption\":\"Coq Editora Ltda\"},\"image\":{\"@id\":\"https:\\\/\\\/jornalboasnoticias.com.br\\\/home\\\/#\\\/schema\\\/logo\\\/image\\\/\"},\"sameAs\":[\"https:\\\/\\\/www.facebook.com\\\/boasnoticiasjornal\"]},{\"@type\":\"Person\",\"@id\":\"https:\\\/\\\/jornalboasnoticias.com.br\\\/home\\\/#\\\/schema\\\/person\\\/d641193e0afc6405b390164dac847971\",\"name\":\"Ana Luiza Bonatto\",\"image\":{\"@type\":\"ImageObject\",\"inLanguage\":\"pt-BR\",\"@id\":\"https:\\\/\\\/secure.gravatar.com\\\/avatar\\\/8a055ebe6373371f67ac6fcf313c0ac0b0a91157fdcdb9514fa62927373348f0?s=96&d=mm&r=g\",\"url\":\"https:\\\/\\\/secure.gravatar.com\\\/avatar\\\/8a055ebe6373371f67ac6fcf313c0ac0b0a91157fdcdb9514fa62927373348f0?s=96&d=mm&r=g\",\"contentUrl\":\"https:\\\/\\\/secure.gravatar.com\\\/avatar\\\/8a055ebe6373371f67ac6fcf313c0ac0b0a91157fdcdb9514fa62927373348f0?s=96&d=mm&r=g\",\"caption\":\"Ana Luiza Bonatto\"},\"url\":\"https:\\\/\\\/jornalboasnoticias.com.br\\\/home\\\/author\\\/ana-luiza\\\/\"}]}<\/script>\n<!-- \/ Yoast SEO plugin. -->","yoast_head_json":{"title":"Ceasas do Paran\u00e1 estar\u00e3o fechadas neste s\u00e1bado, Dia de Finados - Jornal","description":"Ceasas do Paran\u00e1 estar\u00e3o fechadas neste s\u00e1bado, Dia de Finados","robots":{"index":"index","follow":"follow","max-snippet":"max-snippet:-1","max-image-preview":"max-image-preview:large","max-video-preview":"max-video-preview:-1"},"canonical":"https:\/\/jornalboasnoticias.com.br\/home\/ceasas-do-parana-estarao-fechadas-neste-sabado-dia-de-finados\/","og_locale":"pt_BR","og_type":"article","og_title":"Ceasas do Paran\u00e1 estar\u00e3o fechadas neste s\u00e1bado, Dia de Finados - Jornal","og_description":"Ceasas do Paran\u00e1 estar\u00e3o fechadas neste s\u00e1bado, Dia de Finados","og_url":"https:\/\/jornalboasnoticias.com.br\/home\/ceasas-do-parana-estarao-fechadas-neste-sabado-dia-de-finados\/","og_site_name":"Jornal","article_publisher":"https:\/\/www.facebook.com\/boasnoticiasjornal","article_published_time":"2024-10-30T23:53:24+00:00","og_image":[{"width":2560,"height":1707,"url":"https:\/\/jornalboasnoticias.com.br\/home\/wp-content\/uploads\/2024\/10\/drone_ceasa_foto_rdziura--scaled.jpg","type":"image\/jpeg"}],"author":"Ana Luiza Bonatto","twitter_card":"summary_large_image","twitter_misc":{"Escrito por":"Ana Luiza Bonatto","Est. tempo de leitura":"2 minutos"},"schema":{"@context":"https:\/\/schema.org","@graph":[{"@type":"Article","@id":"https:\/\/jornalboasnoticias.com.br\/home\/ceasas-do-parana-estarao-fechadas-neste-sabado-dia-de-finados\/#article","isPartOf":{"@id":"https:\/\/jornalboasnoticias.com.br\/home\/ceasas-do-parana-estarao-fechadas-neste-sabado-dia-de-finados\/"},"author":{"name":"Ana Luiza Bonatto","@id":"https:\/\/jornalboasnoticias.com.br\/home\/#\/schema\/person\/d641193e0afc6405b390164dac847971"},"headline":"Ceasas do Paran\u00e1 estar\u00e3o fechadas neste s\u00e1bado, Dia de Finados","datePublished":"2024-10-30T23:53:24+00:00","mainEntityOfPage":{"@id":"https:\/\/jornalboasnoticias.com.br\/home\/ceasas-do-parana-estarao-fechadas-neste-sabado-dia-de-finados\/"},"wordCount":366,"commentCount":0,"publisher":{"@id":"https:\/\/jornalboasnoticias.com.br\/home\/#organization"},"image":{"@id":"https:\/\/jornalboasnoticias.com.br\/home\/ceasas-do-parana-estarao-fechadas-neste-sabado-dia-de-finados\/#primaryimage"},"thumbnailUrl":"https:\/\/jornalboasnoticias.com.br\/home\/wp-content\/uploads\/2024\/10\/drone_ceasa_foto_rdziura--scaled.jpg","articleSection":["DESTAQUE","PARAN\u00c1"],"inLanguage":"pt-BR","potentialAction":[{"@type":"CommentAction","name":"Comment","target":["https:\/\/jornalboasnoticias.com.br\/home\/ceasas-do-parana-estarao-fechadas-neste-sabado-dia-de-finados\/#respond"]}]},{"@type":"WebPage","@id":"https:\/\/jornalboasnoticias.com.br\/home\/ceasas-do-parana-estarao-fechadas-neste-sabado-dia-de-finados\/","url":"https:\/\/jornalboasnoticias.com.br\/home\/ceasas-do-parana-estarao-fechadas-neste-sabado-dia-de-finados\/","name":"Ceasas do Paran\u00e1 estar\u00e3o fechadas neste s\u00e1bado, Dia de Finados - Jornal","isPartOf":{"@id":"https:\/\/jornalboasnoticias.com.br\/home\/#website"},"primaryImageOfPage":{"@id":"https:\/\/jornalboasnoticias.com.br\/home\/ceasas-do-parana-estarao-fechadas-neste-sabado-dia-de-finados\/#primaryimage"},"image":{"@id":"https:\/\/jornalboasnoticias.com.br\/home\/ceasas-do-parana-estarao-fechadas-neste-sabado-dia-de-finados\/#primaryimage"},"thumbnailUrl":"https:\/\/jornalboasnoticias.com.br\/home\/wp-content\/uploads\/2024\/10\/drone_ceasa_foto_rdziura--scaled.jpg","datePublished":"2024-10-30T23:53:24+00:00","description":"Ceasas do Paran\u00e1 estar\u00e3o fechadas neste s\u00e1bado, Dia de Finados","breadcrumb":{"@id":"https:\/\/jornalboasnoticias.com.br\/home\/ceasas-do-parana-estarao-fechadas-neste-sabado-dia-de-finados\/#breadcrumb"},"inLanguage":"pt-BR","potentialAction":[{"@type":"ReadAction","target":["https:\/\/jornalboasnoticias.com.br\/home\/ceasas-do-parana-estarao-fechadas-neste-sabado-dia-de-finados\/"]}]},{"@type":"ImageObject","inLanguage":"pt-BR","@id":"https:\/\/jornalboasnoticias.com.br\/home\/ceasas-do-parana-estarao-fechadas-neste-sabado-dia-de-finados\/#primaryimage","url":"https:\/\/jornalboasnoticias.com.br\/home\/wp-content\/uploads\/2024\/10\/drone_ceasa_foto_rdziura--scaled.jpg","contentUrl":"https:\/\/jornalboasnoticias.com.br\/home\/wp-content\/uploads\/2024\/10\/drone_ceasa_foto_rdziura--scaled.jpg","width":2560,"height":1707,"caption":"Foto: Roberto Dziura Jr\/AEN"},{"@type":"BreadcrumbList","@id":"https:\/\/jornalboasnoticias.com.br\/home\/ceasas-do-parana-estarao-fechadas-neste-sabado-dia-de-finados\/#breadcrumb","itemListElement":[{"@type":"ListItem","position":1,"name":"In\u00edcio","item":"https:\/\/jornalboasnoticias.com.br\/home\/"},{"@type":"ListItem","position":2,"name":"Ceasas do Paran\u00e1 estar\u00e3o fechadas neste s\u00e1bado, Dia de Finados"}]},{"@type":"WebSite","@id":"https:\/\/jornalboasnoticias.com.br\/home\/#website","url":"https:\/\/jornalboasnoticias.com.br\/home\/","name":"Jornal Boas Not\u00edcias","description":"Boas not\u00edcias","publisher":{"@id":"https:\/\/jornalboasnoticias.com.br\/home\/#organization"},"potentialAction":[{"@type":"SearchAction","target":{"@type":"EntryPoint","urlTemplate":"https:\/\/jornalboasnoticias.com.br\/home\/?s={search_term_string}"},"query-input":{"@type":"PropertyValueSpecification","valueRequired":true,"valueName":"search_term_string"}}],"inLanguage":"pt-BR"},{"@type":"Organization","@id":"https:\/\/jornalboasnoticias.com.br\/home\/#organization","name":"Coq Editora Ltda","alternateName":"Jornal Boas Noticias","url":"https:\/\/jornalboasnoticias.com.br\/home\/","logo":{"@type":"ImageObject","inLanguage":"pt-BR","@id":"https:\/\/jornalboasnoticias.com.br\/home\/#\/schema\/logo\/image\/","url":"https:\/\/jornalboasnoticias.com.br\/home\/wp-content\/uploads\/2024\/07\/cropped-logo.jpg","contentUrl":"https:\/\/jornalboasnoticias.com.br\/home\/wp-content\/uploads\/2024\/07\/cropped-logo.jpg","width":290,"height":142,"caption":"Coq Editora Ltda"},"image":{"@id":"https:\/\/jornalboasnoticias.com.br\/home\/#\/schema\/logo\/image\/"},"sameAs":["https:\/\/www.facebook.com\/boasnoticiasjornal"]},{"@type":"Person","@id":"https:\/\/jornalboasnoticias.com.br\/home\/#\/schema\/person\/d641193e0afc6405b390164dac847971","name":"Ana Luiza Bonatto","image":{"@type":"ImageObject","inLanguage":"pt-BR","@id":"https:\/\/secure.gravatar.com\/avatar\/8a055ebe6373371f67ac6fcf313c0ac0b0a91157fdcdb9514fa62927373348f0?s=96&d=mm&r=g","url":"https:\/\/secure.gravatar.com\/avatar\/8a055ebe6373371f67ac6fcf313c0ac0b0a91157fdcdb9514fa62927373348f0?s=96&d=mm&r=g","contentUrl":"https:\/\/secure.gravatar.com\/avatar\/8a055ebe6373371f67ac6fcf313c0ac0b0a91157fdcdb9514fa62927373348f0?s=96&d=mm&r=g","caption":"Ana Luiza Bonatto"},"url":"https:\/\/jornalboasnoticias.com.br\/home\/author\/ana-luiza\/"}]}},"_links":{"self":[{"href":"https:\/\/jornalboasnoticias.com.br\/home\/wp-json\/wp\/v2\/posts\/44931","targetHints":{"allow":["GET"]}}],"collection":[{"href":"https:\/\/jornalboasnoticias.com.br\/home\/wp-json\/wp\/v2\/posts"}],"about":[{"href":"https:\/\/jornalboasnoticias.com.br\/home\/wp-json\/wp\/v2\/types\/post"}],"author":[{"embeddable":true,"href":"https:\/\/jornalboasnoticias.com.br\/home\/wp-json\/wp\/v2\/users\/4"}],"replies":[{"embeddable":true,"href":"https:\/\/jornalboasnoticias.com.br\/home\/wp-json\/wp\/v2\/comments?post=44931"}],"version-history":[{"count":2,"href":"https:\/\/jornalboasnoticias.com.br\/home\/wp-json\/wp\/v2\/posts\/44931\/revisions"}],"predecessor-version":[{"id":44934,"href":"https:\/\/jornalboasnoticias.com.br\/home\/wp-json\/wp\/v2\/posts\/44931\/revisions\/44934"}],"wp:featuredmedia":[{"embeddable":true,"href":"https:\/\/jornalboasnoticias.com.br\/home\/wp-json\/wp\/v2\/media\/44932"}],"wp:attachment":[{"href":"https:\/\/jornalboasnoticias.com.br\/home\/wp-json\/wp\/v2\/media?parent=44931"}],"wp:term":[{"taxonomy":"category","embeddable":true,"href":"https:\/\/jornalboasnoticias.com.br\/home\/wp-json\/wp\/v2\/categories?post=44931"},{"taxonomy":"post_tag","embeddable":true,"href":"https:\/\/jornalboasnoticias.com.br\/home\/wp-json\/wp\/v2\/tags?post=44931"}],"curies":[{"name":"wp","href":"https:\/\/api.w.org\/{rel}","templated":true}]}}