{"id":44928,"date":"2024-10-30T23:52:16","date_gmt":"2024-10-30T23:52:16","guid":{"rendered":"https:\/\/jornalboasnoticias.com.br\/home\/?p=44928"},"modified":"2024-10-30T23:52:16","modified_gmt":"2024-10-30T23:52:16","slug":"portos-do-parana-encerra-outubro-com-capacitacao-de-pescadores-e-plantio-de-arvores","status":"publish","type":"post","link":"https:\/\/jornalboasnoticias.com.br\/home\/portos-do-parana-encerra-outubro-com-capacitacao-de-pescadores-e-plantio-de-arvores\/","title":{"rendered":"Portos do Paran\u00e1 encerra outubro com capacita\u00e7\u00e3o de pescadores e plantio de \u00e1rvores"},"content":{"rendered":"<div class=\"not-escopo-destaque\">\n<div>\n<figure id=\"attachment_44929\" aria-describedby=\"caption-attachment-44929\" style=\"width: 1500px\" class=\"wp-caption alignnone\"><img loading=\"lazy\" decoding=\"async\" class=\"size-full wp-image-44929\" src=\"https:\/\/jornalboasnoticias.com.br\/home\/wp-content\/uploads\/2024\/10\/paulo_makoto3.jpg\" alt=\"\" width=\"1500\" height=\"1000\" srcset=\"https:\/\/jornalboasnoticias.com.br\/home\/wp-content\/uploads\/2024\/10\/paulo_makoto3.jpg 1500w, https:\/\/jornalboasnoticias.com.br\/home\/wp-content\/uploads\/2024\/10\/paulo_makoto3-300x200.jpg 300w, https:\/\/jornalboasnoticias.com.br\/home\/wp-content\/uploads\/2024\/10\/paulo_makoto3-1024x683.jpg 1024w, https:\/\/jornalboasnoticias.com.br\/home\/wp-content\/uploads\/2024\/10\/paulo_makoto3-768x512.jpg 768w, https:\/\/jornalboasnoticias.com.br\/home\/wp-content\/uploads\/2024\/10\/paulo_makoto3-900x600.jpg 900w\" sizes=\"auto, (max-width: 1500px) 100vw, 1500px\" \/><figcaption id=\"caption-attachment-44929\" class=\"wp-caption-text\">Foto: Paulo Makoko<\/figcaption><\/figure>\n<\/div>\n<\/div>\n<blockquote>\n<div class=\"not-escopo-destaque\">\n<div class=\"field field--name-field-escopo-destaque field--type-string-long field--label-hidden field--item\">Atividades beneficiaram moradores de ilhas do Litoral do Paran\u00e1 e das cidades de Antonina e Paranagu\u00e1. Curso de pesca esportiva buscou dar mais uma fonte de renda para os pescadores.<\/div>\n<\/div>\n<\/blockquote>\n<div>\n<article class=\"node node--type-noticia node--promoted node--view-mode-full clearfix\" role=\"article\" data-history-node-id=\"69627\">\n<div class=\"node__content clearfix\">\n<div class=\"field field--name-field-texto field--type-text-long field--label-hidden field--item\">\n<p>A Portos do Paran\u00e1, empresa p\u00fablica que administra os portos de Paranagu\u00e1 e Antonina, encerra o m\u00eas de outubro com uma s\u00e9rie de atividades socioambientais desenvolvidas com moradores das ilhas e cidades do Litoral do Estado, entre elas capacita\u00e7\u00e3o de pescadores e plantio de \u00e1rvores. O curso de pesca esportiva teve a participa\u00e7\u00e3o de 30 pescadores e profissionais do turismo nas cidades de Antonina e Paranagu\u00e1. J\u00e1 o reflorestamento foi uma a\u00e7\u00e3o em parceria com entidades que atuam no meio ambiente.<\/p>\n<p>O objetivo da capacita\u00e7\u00e3o em pesca esportiva foi ofertar nova possibilidade de renda aos pescadores, que n\u00e3o apenas a pesca e o extrativismo. A ideia \u00e9 que possam acompanhar e orientar turistas interessados em pesca esportiva. Para isso, o treinamento envolveu quest\u00f5es de atendimento ao p\u00fablico e informa\u00e7\u00f5es legais espec\u00edficas, que os pescadores geralmente desconhecem. \u201cEsse conhecimento permite que iniciem mudan\u00e7a de fonte de renda com atividades voltadas tamb\u00e9m para o turismo\u201d, explicou o diretor de Meio Ambiente da Portos do Paran\u00e1, Jo\u00e3o Paulo Santana.<\/p>\n<p>O coordenador de Comunica\u00e7\u00e3o, Educa\u00e7\u00e3o e Sustentabilidade da empresa p\u00fablica, Pedro Pisacco, explica que houve uma diferen\u00e7a de perfil entre os alunos das duas turmas. \u201cA gente come\u00e7ou o curso em Antonina, em uma parceria com a col\u00f4nia de pescadores. A maioria dos participantes foi homens que trabalham com a pesca artesanal. Outra parceria foi com a Associa\u00e7\u00e3o dos Barqueiros de Paranagu\u00e1 (a Barcopar). O p\u00fablico no curso ministrado no munic\u00edpio foi voltado para o turismo, com mais participa\u00e7\u00e3o de mulheres\u201d, comentou Pisacco.<\/p>\n<p>\u201cSomos pescadores artesanais e muitos de j\u00e1 t\u00eam condi\u00e7\u00e3o de levar o pessoal na pesca esportiva. Alguns aqui da Col\u00f4nia j\u00e1 trabalham com o turismo de pesca e esse curso vem favorecer o nosso trabalho\u201d, disse Ademir Costa Freire, presidente da Col\u00f4nia de Pescadores Z-8 de Antonina.<\/p>\n<p>Para Sindy Calisto Castro, da Secretaria de Turismo de Antonina, o curso \u00e9 interessante para a realidade da comunidade dos pescadores do munic\u00edpio. \u201cEle trata de mais oportunidades de renda e mais conhecimento para eles. \u00c9 muito bacana essas aulas e o di\u00e1logo entre a comunidade e o porto\u201d, destacou.<\/p>\n<p><strong>DEMANDA FREQUENTE<\/strong>\u00a0\u2013 O presidente da Barcopar, de Paranagu\u00e1, Eron Brito, ressaltou a import\u00e2ncia do curso em um setor que possui demanda frequente ao longo do ano. \u201cSempre \u00e9 bom a qualifica\u00e7\u00e3o, tanto para a gente quanto pro servi\u00e7o que prestamos ao turista. No final de semana levamos entre 150 a 200 pessoas para pesca esportiva na Ba\u00eda de Paranagu\u00e1. Estamos recebendo muitas fam\u00edlia e mulheres, inclusive no mercado de trabalho de pesca esportiva\u201d, destacou.<\/p>\n<p>Karina Farias \u00e9 uma das alunas do curso e atua como condutora de turismo de aventura h\u00e1 10 anos oferecendo servi\u00e7os entre canoa havaiana,\u00a0raft, passeio de caiaque,\u00a0stand up paddle\u00a0e rapel. \u201cO curso est\u00e1 sendo de grande valia, estou conhecendo muito sobre a modalidade, o uso dos anz\u00f3is, das varas de pesca. As aulas tamb\u00e9m s\u00e3o muito importantes para nos instruir a como conduzir as pessoas\u201d, comentou.<\/p>\n<p>A professora e instrutora do curso, Milena Ramires, explicou que o conte\u00fado incluiu no\u00e7\u00f5es sobre legisla\u00e7\u00e3o e ordenamento da atividade. \u201cEu levei informa\u00e7\u00f5es t\u00e9cnicas de como a atividade \u00e9 praticada pelos clientes deles. Falamos um pouco de relacionamento humano, de seguran\u00e7a na atividade e como podem melhorar os servi\u00e7os que j\u00e1 desenvolvem\u201d, contou.<\/p>\n<p><strong>SALVANDO \u00c1RVORES DA EXTIN\u00c7\u00c3O<\/strong>\u00a0\u2013 Outra a\u00e7\u00e3o socioambiental realizada pela empresa p\u00fablica em outubro foi o plantio de \u00e1rvores raras nas ilhas do Litoral. De setembro a outubro foram plantadas 150 mudas nas comunidades de Amparo, Eufrasina, Europinha, Pia\u00e7aguera e Teixeira.<\/p>\n<p>A a\u00e7\u00e3o fez parte do projeto \u201cSalvando \u00c1rvores da Extin\u00e7\u00e3o\u201d, uma iniciativa conjunta com o Ek\u00f4a Park, um parque de experi\u00eancias ecol\u00f3gicas em Morretes, e do Instituto H\u00f3rus de Desenvolvimento e Conserva\u00e7\u00e3o Ambiental, em Florian\u00f3polis, com o apoio da Portos do Paran\u00e1. Al\u00e9m da participa\u00e7\u00e3o dos adultos, os alunos do Col\u00e9gio Estadual do Campo Ant\u00f4nio Paulo Lopes, da Escola Municipal do Campo \u201cEufrasina&#8221; e da Escola Municipal do Campo \u201cPia\u00e7aguera\u201d tamb\u00e9m estiveram presentes.<\/p>\n<p>Uma das mudas plantadas foi da esp\u00e9cie bagua\u00e7u (<em>Magnolia ovata<\/em>) tamb\u00e9m conhecida popularmente como pinha-do-brejo, uma \u00e1rvore nativa e restrita ao Brasil, que ocorre na Mata Atl\u00e2ntica e no Cerrado. Com 10 a 20 metros de altura, a esp\u00e9cie se destaca por sua multifuncionalidade, sendo pioneira na restaura\u00e7\u00e3o ecol\u00f3gica pela raridade e adapta\u00e7\u00e3o ao ambiente. O bagua\u00e7u produz uma grande quantidade de frutos que servem de alimento para as aves e as flores atraem as abelhas.<\/p>\n<p><em><strong>AEN<\/strong><\/em><\/p>\n<\/div>\n<\/div>\n<\/article>\n<\/div>\n","protected":false},"excerpt":{"rendered":"<p>Atividades beneficiaram moradores de ilhas do Litoral do Paran\u00e1 e das cidades de Antonina e<\/p>\n","protected":false},"author":4,"featured_media":44929,"comment_status":"open","ping_status":"open","sticky":false,"template":"","format":"standard","meta":{"footnotes":""},"categories":[4],"tags":[],"class_list":["post-44928","post","type-post","status-publish","format-standard","has-post-thumbnail","hentry","category-parana"],"yoast_head":"<!-- This site is optimized with the Yoast SEO plugin v27.5 - https:\/\/yoast.com\/product\/yoast-seo-wordpress\/ -->\n<title>Portos do Paran\u00e1 encerra outubro com capacita\u00e7\u00e3o de pescadores e plantio de \u00e1rvores - Jornal<\/title>\n<meta name=\"description\" content=\"Portos do Paran\u00e1 encerra outubro com capacita\u00e7\u00e3o de pescadores e plantio de \u00e1rvores\" \/>\n<meta name=\"robots\" content=\"index, follow, max-snippet:-1, max-image-preview:large, max-video-preview:-1\" \/>\n<link rel=\"canonical\" href=\"https:\/\/jornalboasnoticias.com.br\/home\/portos-do-parana-encerra-outubro-com-capacitacao-de-pescadores-e-plantio-de-arvores\/\" \/>\n<meta property=\"og:locale\" content=\"pt_BR\" \/>\n<meta property=\"og:type\" content=\"article\" \/>\n<meta property=\"og:title\" content=\"Portos do Paran\u00e1 encerra outubro com capacita\u00e7\u00e3o de pescadores e plantio de \u00e1rvores - Jornal\" \/>\n<meta property=\"og:description\" content=\"Portos do Paran\u00e1 encerra outubro com capacita\u00e7\u00e3o de pescadores e plantio de \u00e1rvores\" \/>\n<meta property=\"og:url\" content=\"https:\/\/jornalboasnoticias.com.br\/home\/portos-do-parana-encerra-outubro-com-capacitacao-de-pescadores-e-plantio-de-arvores\/\" \/>\n<meta property=\"og:site_name\" content=\"Jornal\" \/>\n<meta property=\"article:publisher\" content=\"https:\/\/www.facebook.com\/boasnoticiasjornal\" \/>\n<meta property=\"article:published_time\" content=\"2024-10-30T23:52:16+00:00\" \/>\n<meta property=\"og:image\" content=\"https:\/\/jornalboasnoticias.com.br\/home\/wp-content\/uploads\/2024\/10\/paulo_makoto3.jpg\" \/>\n\t<meta property=\"og:image:width\" content=\"1500\" \/>\n\t<meta property=\"og:image:height\" content=\"1000\" \/>\n\t<meta property=\"og:image:type\" content=\"image\/jpeg\" \/>\n<meta name=\"author\" content=\"Ana Luiza Bonatto\" \/>\n<meta name=\"twitter:card\" content=\"summary_large_image\" \/>\n<meta name=\"twitter:label1\" content=\"Escrito por\" \/>\n\t<meta name=\"twitter:data1\" content=\"Ana Luiza Bonatto\" \/>\n\t<meta name=\"twitter:label2\" content=\"Est. tempo de leitura\" \/>\n\t<meta name=\"twitter:data2\" content=\"5 minutos\" \/>\n<script type=\"application\/ld+json\" class=\"yoast-schema-graph\">{\"@context\":\"https:\\\/\\\/schema.org\",\"@graph\":[{\"@type\":\"Article\",\"@id\":\"https:\\\/\\\/jornalboasnoticias.com.br\\\/home\\\/portos-do-parana-encerra-outubro-com-capacitacao-de-pescadores-e-plantio-de-arvores\\\/#article\",\"isPartOf\":{\"@id\":\"https:\\\/\\\/jornalboasnoticias.com.br\\\/home\\\/portos-do-parana-encerra-outubro-com-capacitacao-de-pescadores-e-plantio-de-arvores\\\/\"},\"author\":{\"name\":\"Ana Luiza Bonatto\",\"@id\":\"https:\\\/\\\/jornalboasnoticias.com.br\\\/home\\\/#\\\/schema\\\/person\\\/d641193e0afc6405b390164dac847971\"},\"headline\":\"Portos do Paran\u00e1 encerra outubro com capacita\u00e7\u00e3o de pescadores e plantio de \u00e1rvores\",\"datePublished\":\"2024-10-30T23:52:16+00:00\",\"mainEntityOfPage\":{\"@id\":\"https:\\\/\\\/jornalboasnoticias.com.br\\\/home\\\/portos-do-parana-encerra-outubro-com-capacitacao-de-pescadores-e-plantio-de-arvores\\\/\"},\"wordCount\":847,\"commentCount\":0,\"publisher\":{\"@id\":\"https:\\\/\\\/jornalboasnoticias.com.br\\\/home\\\/#organization\"},\"image\":{\"@id\":\"https:\\\/\\\/jornalboasnoticias.com.br\\\/home\\\/portos-do-parana-encerra-outubro-com-capacitacao-de-pescadores-e-plantio-de-arvores\\\/#primaryimage\"},\"thumbnailUrl\":\"https:\\\/\\\/jornalboasnoticias.com.br\\\/home\\\/wp-content\\\/uploads\\\/2024\\\/10\\\/paulo_makoto3.jpg\",\"articleSection\":[\"PARAN\u00c1\"],\"inLanguage\":\"pt-BR\",\"potentialAction\":[{\"@type\":\"CommentAction\",\"name\":\"Comment\",\"target\":[\"https:\\\/\\\/jornalboasnoticias.com.br\\\/home\\\/portos-do-parana-encerra-outubro-com-capacitacao-de-pescadores-e-plantio-de-arvores\\\/#respond\"]}]},{\"@type\":\"WebPage\",\"@id\":\"https:\\\/\\\/jornalboasnoticias.com.br\\\/home\\\/portos-do-parana-encerra-outubro-com-capacitacao-de-pescadores-e-plantio-de-arvores\\\/\",\"url\":\"https:\\\/\\\/jornalboasnoticias.com.br\\\/home\\\/portos-do-parana-encerra-outubro-com-capacitacao-de-pescadores-e-plantio-de-arvores\\\/\",\"name\":\"Portos do Paran\u00e1 encerra outubro com capacita\u00e7\u00e3o de pescadores e plantio de \u00e1rvores - Jornal\",\"isPartOf\":{\"@id\":\"https:\\\/\\\/jornalboasnoticias.com.br\\\/home\\\/#website\"},\"primaryImageOfPage\":{\"@id\":\"https:\\\/\\\/jornalboasnoticias.com.br\\\/home\\\/portos-do-parana-encerra-outubro-com-capacitacao-de-pescadores-e-plantio-de-arvores\\\/#primaryimage\"},\"image\":{\"@id\":\"https:\\\/\\\/jornalboasnoticias.com.br\\\/home\\\/portos-do-parana-encerra-outubro-com-capacitacao-de-pescadores-e-plantio-de-arvores\\\/#primaryimage\"},\"thumbnailUrl\":\"https:\\\/\\\/jornalboasnoticias.com.br\\\/home\\\/wp-content\\\/uploads\\\/2024\\\/10\\\/paulo_makoto3.jpg\",\"datePublished\":\"2024-10-30T23:52:16+00:00\",\"description\":\"Portos do Paran\u00e1 encerra outubro com capacita\u00e7\u00e3o de pescadores e plantio de \u00e1rvores\",\"breadcrumb\":{\"@id\":\"https:\\\/\\\/jornalboasnoticias.com.br\\\/home\\\/portos-do-parana-encerra-outubro-com-capacitacao-de-pescadores-e-plantio-de-arvores\\\/#breadcrumb\"},\"inLanguage\":\"pt-BR\",\"potentialAction\":[{\"@type\":\"ReadAction\",\"target\":[\"https:\\\/\\\/jornalboasnoticias.com.br\\\/home\\\/portos-do-parana-encerra-outubro-com-capacitacao-de-pescadores-e-plantio-de-arvores\\\/\"]}]},{\"@type\":\"ImageObject\",\"inLanguage\":\"pt-BR\",\"@id\":\"https:\\\/\\\/jornalboasnoticias.com.br\\\/home\\\/portos-do-parana-encerra-outubro-com-capacitacao-de-pescadores-e-plantio-de-arvores\\\/#primaryimage\",\"url\":\"https:\\\/\\\/jornalboasnoticias.com.br\\\/home\\\/wp-content\\\/uploads\\\/2024\\\/10\\\/paulo_makoto3.jpg\",\"contentUrl\":\"https:\\\/\\\/jornalboasnoticias.com.br\\\/home\\\/wp-content\\\/uploads\\\/2024\\\/10\\\/paulo_makoto3.jpg\",\"width\":1500,\"height\":1000,\"caption\":\"Foto: Paulo Makoko\"},{\"@type\":\"BreadcrumbList\",\"@id\":\"https:\\\/\\\/jornalboasnoticias.com.br\\\/home\\\/portos-do-parana-encerra-outubro-com-capacitacao-de-pescadores-e-plantio-de-arvores\\\/#breadcrumb\",\"itemListElement\":[{\"@type\":\"ListItem\",\"position\":1,\"name\":\"In\u00edcio\",\"item\":\"https:\\\/\\\/jornalboasnoticias.com.br\\\/home\\\/\"},{\"@type\":\"ListItem\",\"position\":2,\"name\":\"Portos do Paran\u00e1 encerra outubro com capacita\u00e7\u00e3o de pescadores e plantio de \u00e1rvores\"}]},{\"@type\":\"WebSite\",\"@id\":\"https:\\\/\\\/jornalboasnoticias.com.br\\\/home\\\/#website\",\"url\":\"https:\\\/\\\/jornalboasnoticias.com.br\\\/home\\\/\",\"name\":\"Jornal Boas Not\u00edcias\",\"description\":\"Boas not\u00edcias\",\"publisher\":{\"@id\":\"https:\\\/\\\/jornalboasnoticias.com.br\\\/home\\\/#organization\"},\"potentialAction\":[{\"@type\":\"SearchAction\",\"target\":{\"@type\":\"EntryPoint\",\"urlTemplate\":\"https:\\\/\\\/jornalboasnoticias.com.br\\\/home\\\/?s={search_term_string}\"},\"query-input\":{\"@type\":\"PropertyValueSpecification\",\"valueRequired\":true,\"valueName\":\"search_term_string\"}}],\"inLanguage\":\"pt-BR\"},{\"@type\":\"Organization\",\"@id\":\"https:\\\/\\\/jornalboasnoticias.com.br\\\/home\\\/#organization\",\"name\":\"Coq Editora Ltda\",\"alternateName\":\"Jornal Boas Noticias\",\"url\":\"https:\\\/\\\/jornalboasnoticias.com.br\\\/home\\\/\",\"logo\":{\"@type\":\"ImageObject\",\"inLanguage\":\"pt-BR\",\"@id\":\"https:\\\/\\\/jornalboasnoticias.com.br\\\/home\\\/#\\\/schema\\\/logo\\\/image\\\/\",\"url\":\"https:\\\/\\\/jornalboasnoticias.com.br\\\/home\\\/wp-content\\\/uploads\\\/2024\\\/07\\\/cropped-logo.jpg\",\"contentUrl\":\"https:\\\/\\\/jornalboasnoticias.com.br\\\/home\\\/wp-content\\\/uploads\\\/2024\\\/07\\\/cropped-logo.jpg\",\"width\":290,\"height\":142,\"caption\":\"Coq Editora Ltda\"},\"image\":{\"@id\":\"https:\\\/\\\/jornalboasnoticias.com.br\\\/home\\\/#\\\/schema\\\/logo\\\/image\\\/\"},\"sameAs\":[\"https:\\\/\\\/www.facebook.com\\\/boasnoticiasjornal\"]},{\"@type\":\"Person\",\"@id\":\"https:\\\/\\\/jornalboasnoticias.com.br\\\/home\\\/#\\\/schema\\\/person\\\/d641193e0afc6405b390164dac847971\",\"name\":\"Ana Luiza Bonatto\",\"image\":{\"@type\":\"ImageObject\",\"inLanguage\":\"pt-BR\",\"@id\":\"https:\\\/\\\/secure.gravatar.com\\\/avatar\\\/8a055ebe6373371f67ac6fcf313c0ac0b0a91157fdcdb9514fa62927373348f0?s=96&d=mm&r=g\",\"url\":\"https:\\\/\\\/secure.gravatar.com\\\/avatar\\\/8a055ebe6373371f67ac6fcf313c0ac0b0a91157fdcdb9514fa62927373348f0?s=96&d=mm&r=g\",\"contentUrl\":\"https:\\\/\\\/secure.gravatar.com\\\/avatar\\\/8a055ebe6373371f67ac6fcf313c0ac0b0a91157fdcdb9514fa62927373348f0?s=96&d=mm&r=g\",\"caption\":\"Ana Luiza Bonatto\"},\"url\":\"https:\\\/\\\/jornalboasnoticias.com.br\\\/home\\\/author\\\/ana-luiza\\\/\"}]}<\/script>\n<!-- \/ Yoast SEO plugin. -->","yoast_head_json":{"title":"Portos do Paran\u00e1 encerra outubro com capacita\u00e7\u00e3o de pescadores e plantio de \u00e1rvores - Jornal","description":"Portos do Paran\u00e1 encerra outubro com capacita\u00e7\u00e3o de pescadores e plantio de \u00e1rvores","robots":{"index":"index","follow":"follow","max-snippet":"max-snippet:-1","max-image-preview":"max-image-preview:large","max-video-preview":"max-video-preview:-1"},"canonical":"https:\/\/jornalboasnoticias.com.br\/home\/portos-do-parana-encerra-outubro-com-capacitacao-de-pescadores-e-plantio-de-arvores\/","og_locale":"pt_BR","og_type":"article","og_title":"Portos do Paran\u00e1 encerra outubro com capacita\u00e7\u00e3o de pescadores e plantio de \u00e1rvores - Jornal","og_description":"Portos do Paran\u00e1 encerra outubro com capacita\u00e7\u00e3o de pescadores e plantio de \u00e1rvores","og_url":"https:\/\/jornalboasnoticias.com.br\/home\/portos-do-parana-encerra-outubro-com-capacitacao-de-pescadores-e-plantio-de-arvores\/","og_site_name":"Jornal","article_publisher":"https:\/\/www.facebook.com\/boasnoticiasjornal","article_published_time":"2024-10-30T23:52:16+00:00","og_image":[{"width":1500,"height":1000,"url":"https:\/\/jornalboasnoticias.com.br\/home\/wp-content\/uploads\/2024\/10\/paulo_makoto3.jpg","type":"image\/jpeg"}],"author":"Ana Luiza Bonatto","twitter_card":"summary_large_image","twitter_misc":{"Escrito por":"Ana Luiza Bonatto","Est. tempo de leitura":"5 minutos"},"schema":{"@context":"https:\/\/schema.org","@graph":[{"@type":"Article","@id":"https:\/\/jornalboasnoticias.com.br\/home\/portos-do-parana-encerra-outubro-com-capacitacao-de-pescadores-e-plantio-de-arvores\/#article","isPartOf":{"@id":"https:\/\/jornalboasnoticias.com.br\/home\/portos-do-parana-encerra-outubro-com-capacitacao-de-pescadores-e-plantio-de-arvores\/"},"author":{"name":"Ana Luiza Bonatto","@id":"https:\/\/jornalboasnoticias.com.br\/home\/#\/schema\/person\/d641193e0afc6405b390164dac847971"},"headline":"Portos do Paran\u00e1 encerra outubro com capacita\u00e7\u00e3o de pescadores e plantio de \u00e1rvores","datePublished":"2024-10-30T23:52:16+00:00","mainEntityOfPage":{"@id":"https:\/\/jornalboasnoticias.com.br\/home\/portos-do-parana-encerra-outubro-com-capacitacao-de-pescadores-e-plantio-de-arvores\/"},"wordCount":847,"commentCount":0,"publisher":{"@id":"https:\/\/jornalboasnoticias.com.br\/home\/#organization"},"image":{"@id":"https:\/\/jornalboasnoticias.com.br\/home\/portos-do-parana-encerra-outubro-com-capacitacao-de-pescadores-e-plantio-de-arvores\/#primaryimage"},"thumbnailUrl":"https:\/\/jornalboasnoticias.com.br\/home\/wp-content\/uploads\/2024\/10\/paulo_makoto3.jpg","articleSection":["PARAN\u00c1"],"inLanguage":"pt-BR","potentialAction":[{"@type":"CommentAction","name":"Comment","target":["https:\/\/jornalboasnoticias.com.br\/home\/portos-do-parana-encerra-outubro-com-capacitacao-de-pescadores-e-plantio-de-arvores\/#respond"]}]},{"@type":"WebPage","@id":"https:\/\/jornalboasnoticias.com.br\/home\/portos-do-parana-encerra-outubro-com-capacitacao-de-pescadores-e-plantio-de-arvores\/","url":"https:\/\/jornalboasnoticias.com.br\/home\/portos-do-parana-encerra-outubro-com-capacitacao-de-pescadores-e-plantio-de-arvores\/","name":"Portos do Paran\u00e1 encerra outubro com capacita\u00e7\u00e3o de pescadores e plantio de \u00e1rvores - Jornal","isPartOf":{"@id":"https:\/\/jornalboasnoticias.com.br\/home\/#website"},"primaryImageOfPage":{"@id":"https:\/\/jornalboasnoticias.com.br\/home\/portos-do-parana-encerra-outubro-com-capacitacao-de-pescadores-e-plantio-de-arvores\/#primaryimage"},"image":{"@id":"https:\/\/jornalboasnoticias.com.br\/home\/portos-do-parana-encerra-outubro-com-capacitacao-de-pescadores-e-plantio-de-arvores\/#primaryimage"},"thumbnailUrl":"https:\/\/jornalboasnoticias.com.br\/home\/wp-content\/uploads\/2024\/10\/paulo_makoto3.jpg","datePublished":"2024-10-30T23:52:16+00:00","description":"Portos do Paran\u00e1 encerra outubro com capacita\u00e7\u00e3o de pescadores e plantio de \u00e1rvores","breadcrumb":{"@id":"https:\/\/jornalboasnoticias.com.br\/home\/portos-do-parana-encerra-outubro-com-capacitacao-de-pescadores-e-plantio-de-arvores\/#breadcrumb"},"inLanguage":"pt-BR","potentialAction":[{"@type":"ReadAction","target":["https:\/\/jornalboasnoticias.com.br\/home\/portos-do-parana-encerra-outubro-com-capacitacao-de-pescadores-e-plantio-de-arvores\/"]}]},{"@type":"ImageObject","inLanguage":"pt-BR","@id":"https:\/\/jornalboasnoticias.com.br\/home\/portos-do-parana-encerra-outubro-com-capacitacao-de-pescadores-e-plantio-de-arvores\/#primaryimage","url":"https:\/\/jornalboasnoticias.com.br\/home\/wp-content\/uploads\/2024\/10\/paulo_makoto3.jpg","contentUrl":"https:\/\/jornalboasnoticias.com.br\/home\/wp-content\/uploads\/2024\/10\/paulo_makoto3.jpg","width":1500,"height":1000,"caption":"Foto: Paulo Makoko"},{"@type":"BreadcrumbList","@id":"https:\/\/jornalboasnoticias.com.br\/home\/portos-do-parana-encerra-outubro-com-capacitacao-de-pescadores-e-plantio-de-arvores\/#breadcrumb","itemListElement":[{"@type":"ListItem","position":1,"name":"In\u00edcio","item":"https:\/\/jornalboasnoticias.com.br\/home\/"},{"@type":"ListItem","position":2,"name":"Portos do Paran\u00e1 encerra outubro com capacita\u00e7\u00e3o de pescadores e plantio de \u00e1rvores"}]},{"@type":"WebSite","@id":"https:\/\/jornalboasnoticias.com.br\/home\/#website","url":"https:\/\/jornalboasnoticias.com.br\/home\/","name":"Jornal Boas Not\u00edcias","description":"Boas not\u00edcias","publisher":{"@id":"https:\/\/jornalboasnoticias.com.br\/home\/#organization"},"potentialAction":[{"@type":"SearchAction","target":{"@type":"EntryPoint","urlTemplate":"https:\/\/jornalboasnoticias.com.br\/home\/?s={search_term_string}"},"query-input":{"@type":"PropertyValueSpecification","valueRequired":true,"valueName":"search_term_string"}}],"inLanguage":"pt-BR"},{"@type":"Organization","@id":"https:\/\/jornalboasnoticias.com.br\/home\/#organization","name":"Coq Editora Ltda","alternateName":"Jornal Boas Noticias","url":"https:\/\/jornalboasnoticias.com.br\/home\/","logo":{"@type":"ImageObject","inLanguage":"pt-BR","@id":"https:\/\/jornalboasnoticias.com.br\/home\/#\/schema\/logo\/image\/","url":"https:\/\/jornalboasnoticias.com.br\/home\/wp-content\/uploads\/2024\/07\/cropped-logo.jpg","contentUrl":"https:\/\/jornalboasnoticias.com.br\/home\/wp-content\/uploads\/2024\/07\/cropped-logo.jpg","width":290,"height":142,"caption":"Coq Editora Ltda"},"image":{"@id":"https:\/\/jornalboasnoticias.com.br\/home\/#\/schema\/logo\/image\/"},"sameAs":["https:\/\/www.facebook.com\/boasnoticiasjornal"]},{"@type":"Person","@id":"https:\/\/jornalboasnoticias.com.br\/home\/#\/schema\/person\/d641193e0afc6405b390164dac847971","name":"Ana Luiza Bonatto","image":{"@type":"ImageObject","inLanguage":"pt-BR","@id":"https:\/\/secure.gravatar.com\/avatar\/8a055ebe6373371f67ac6fcf313c0ac0b0a91157fdcdb9514fa62927373348f0?s=96&d=mm&r=g","url":"https:\/\/secure.gravatar.com\/avatar\/8a055ebe6373371f67ac6fcf313c0ac0b0a91157fdcdb9514fa62927373348f0?s=96&d=mm&r=g","contentUrl":"https:\/\/secure.gravatar.com\/avatar\/8a055ebe6373371f67ac6fcf313c0ac0b0a91157fdcdb9514fa62927373348f0?s=96&d=mm&r=g","caption":"Ana Luiza Bonatto"},"url":"https:\/\/jornalboasnoticias.com.br\/home\/author\/ana-luiza\/"}]}},"_links":{"self":[{"href":"https:\/\/jornalboasnoticias.com.br\/home\/wp-json\/wp\/v2\/posts\/44928","targetHints":{"allow":["GET"]}}],"collection":[{"href":"https:\/\/jornalboasnoticias.com.br\/home\/wp-json\/wp\/v2\/posts"}],"about":[{"href":"https:\/\/jornalboasnoticias.com.br\/home\/wp-json\/wp\/v2\/types\/post"}],"author":[{"embeddable":true,"href":"https:\/\/jornalboasnoticias.com.br\/home\/wp-json\/wp\/v2\/users\/4"}],"replies":[{"embeddable":true,"href":"https:\/\/jornalboasnoticias.com.br\/home\/wp-json\/wp\/v2\/comments?post=44928"}],"version-history":[{"count":1,"href":"https:\/\/jornalboasnoticias.com.br\/home\/wp-json\/wp\/v2\/posts\/44928\/revisions"}],"predecessor-version":[{"id":44930,"href":"https:\/\/jornalboasnoticias.com.br\/home\/wp-json\/wp\/v2\/posts\/44928\/revisions\/44930"}],"wp:featuredmedia":[{"embeddable":true,"href":"https:\/\/jornalboasnoticias.com.br\/home\/wp-json\/wp\/v2\/media\/44929"}],"wp:attachment":[{"href":"https:\/\/jornalboasnoticias.com.br\/home\/wp-json\/wp\/v2\/media?parent=44928"}],"wp:term":[{"taxonomy":"category","embeddable":true,"href":"https:\/\/jornalboasnoticias.com.br\/home\/wp-json\/wp\/v2\/categories?post=44928"},{"taxonomy":"post_tag","embeddable":true,"href":"https:\/\/jornalboasnoticias.com.br\/home\/wp-json\/wp\/v2\/tags?post=44928"}],"curies":[{"name":"wp","href":"https:\/\/api.w.org\/{rel}","templated":true}]}}