{"id":44925,"date":"2024-10-30T23:50:19","date_gmt":"2024-10-30T23:50:19","guid":{"rendered":"https:\/\/jornalboasnoticias.com.br\/home\/?p=44925"},"modified":"2024-10-30T23:50:19","modified_gmt":"2024-10-30T23:50:19","slug":"projetos-sociais-de-guarapuava-e-regiao-receberao-incentivo-de-mais-de-r-5-milhoes","status":"publish","type":"post","link":"https:\/\/jornalboasnoticias.com.br\/home\/projetos-sociais-de-guarapuava-e-regiao-receberao-incentivo-de-mais-de-r-5-milhoes\/","title":{"rendered":"Projetos sociais de Guarapuava e regi\u00e3o receber\u00e3o incentivo de mais de R$ 5 milh\u00f5es"},"content":{"rendered":"<div class=\"not-escopo-destaque\">\n<div>\n<figure id=\"attachment_44926\" aria-describedby=\"caption-attachment-44926\" style=\"width: 2560px\" class=\"wp-caption alignnone\"><img loading=\"lazy\" decoding=\"async\" class=\"size-full wp-image-44926\" src=\"https:\/\/jornalboasnoticias.com.br\/home\/wp-content\/uploads\/2024\/10\/img_8796-scaled.jpg\" alt=\"\" width=\"2560\" height=\"1707\" srcset=\"https:\/\/jornalboasnoticias.com.br\/home\/wp-content\/uploads\/2024\/10\/img_8796-scaled.jpg 2560w, https:\/\/jornalboasnoticias.com.br\/home\/wp-content\/uploads\/2024\/10\/img_8796-300x200.jpg 300w, https:\/\/jornalboasnoticias.com.br\/home\/wp-content\/uploads\/2024\/10\/img_8796-1024x683.jpg 1024w, https:\/\/jornalboasnoticias.com.br\/home\/wp-content\/uploads\/2024\/10\/img_8796-768x512.jpg 768w, https:\/\/jornalboasnoticias.com.br\/home\/wp-content\/uploads\/2024\/10\/img_8796-1536x1024.jpg 1536w, https:\/\/jornalboasnoticias.com.br\/home\/wp-content\/uploads\/2024\/10\/img_8796-2048x1365.jpg 2048w, https:\/\/jornalboasnoticias.com.br\/home\/wp-content\/uploads\/2024\/10\/img_8796-900x600.jpg 900w\" sizes=\"auto, (max-width: 2560px) 100vw, 2560px\" \/><figcaption id=\"caption-attachment-44926\" class=\"wp-caption-text\">Foto: SEDEF<\/figcaption><\/figure>\n<\/div>\n<\/div>\n<blockquote>\n<div class=\"not-escopo-destaque\">\n<div class=\"field field--name-field-escopo-destaque field--type-string-long field--label-hidden field--item\">Recursos ser\u00e3o de reinvestimento da Agr\u00e1ria por meio do Programa Paran\u00e1 Competitivo, do Governo do Estado, que tem como objetivo fomentar a economia paranaense. O repasse da Agr\u00e1ria para projetos sociais \u00e9 uma contrapartida aos incentivos fiscais recebidos por meio do programa.<\/div>\n<\/div>\n<\/blockquote>\n<div>\n<div class=\"row\">\n<div class=\"col-sm-8 col-md-offset-1 bloco-central\">\n<article class=\"node node--type-noticia node--promoted node--view-mode-full clearfix\" role=\"article\" data-history-node-id=\"69628\">\n<div class=\"node__content clearfix\">\n<div class=\"field field--name-field-texto field--type-text-long field--label-hidden field--item\">\n<p>As secretarias de Estado do Desenvolvimento Social e Fam\u00edlia (Sedef) e da Fazenda formalizaram nesta quarta-feira (30) a autoriza\u00e7\u00e3o para execu\u00e7\u00e3o de projetos sociais para nove institui\u00e7\u00f5es da regi\u00e3o Centro-Sul do Paran\u00e1. O investimento passar\u00e1 de R$ 5 milh\u00f5es, com recursos da Cooperativa Agr\u00e1ria, de Guarapuava. Ser\u00e3o beneficiados crian\u00e7as e adolescentes, idosos e outros p\u00fablicos.<\/p>\n<p>Os recursos ser\u00e3o de reinvestimento da Agr\u00e1ria por meio do programa Paran\u00e1 Competitivo, do Governo do Estado, que tem como objetivo fomentar a economia paranaense, atraindo novos investimentos produtivos. O repasse para projetos sociais \u00e9 uma contrapartida aos incentivos fiscais recebidos por meio do programa.<\/p>\n<p>Somente o projeto &#8220;Notas para a Vida&#8221;, por exemplo, atender\u00e1 27 munic\u00edpios, levando musicoterapia a hospitais e Institui\u00e7\u00f5es de Longa Perman\u00eancia, ofertando bem-estar \u00e0queles que receber\u00e3o as apresenta\u00e7\u00f5es.<\/p>\n<p>Segundo o secret\u00e1rio do Desenvolvimento Social e Fam\u00edlia, Rog\u00e9rio Carboni, essa parceria \u00e9 essencial para o bom atendimento de popula\u00e7\u00f5es vulner\u00e1veis em todo o Paran\u00e1. \u201cEstamos em uma parceria com a Secretaria da Fazenda e as empresas, que destinam esses recursos para a \u00e1rea social no Estado. Dessa forma, conseguimos chegar a mais institui\u00e7\u00f5es e, principalmente, atender aqueles que mais precisam\u201d, afirmou.<\/p>\n<p>A Agr\u00e1ria atua na regi\u00e3o h\u00e1 73 anos, al\u00e9m de contar com opera\u00e7\u00f5es nas cidades de Pinh\u00e3o e Ponta Grossa. O diretor-presidente, Adam Stemmer, destaca que a cooperativa j\u00e1 realiza a\u00e7\u00f5es de apoio a projetos sociais, mas que essa tem significado especial. \u201cEssas institui\u00e7\u00f5es s\u00e3o daqui, n\u00f3s vemos, conhecemos. \u00c9 com muito orgulho que estamos fazendo esse reinvestimento, porque vemos por aqui o trabalho de cada uma delas\u201d, afirmou.<\/p>\n<p>A Associa\u00e7\u00e3o Cana\u00e3 de Prote\u00e7\u00e3o \u00e0 Crian\u00e7a e Adolescente atua na col\u00f4nia Cachoeira, em Entre Rios, distrito de Guarapuava e sede da Agr\u00e1ria. A institui\u00e7\u00e3o vai investir na aquisi\u00e7\u00e3o de eletrodom\u00e9sticos, playground e notebooks, na reforma de quadra esportiva, entre outras a\u00e7\u00f5es.<\/p>\n<p>\u201cEstamos vendo o apoio que o Governo do Estado tem dado para n\u00f3s&#8221;, disse o diretor da Cana\u00e3, Anderson Kasnocha. &#8220;Aqui s\u00e3o recursos da Agr\u00e1ria, mas que o pr\u00f3prio Estado incentiva que sejam usados em programas e projetos sociais. Vivemos de a\u00e7\u00f5es pontuais como bazar, venda de pastel e tantas outras. Esses recursos v\u00e3o melhorar muito os nossos atendimentos e beneficiam diretamente as crian\u00e7as\u201d, afirmou.<\/p>\n<p><strong>PARAN\u00c1 COMPETITIVO\u00a0<\/strong>\u2013 O Programa Paran\u00e1 Competitivo tem como principal objetivo fomentar a economia do Estado, atraindo novos investimentos locais, nacionais e internacionais que gerem emprego, renda e riqueza.<\/p>\n<p>Coordenado pela Secretaria da Fazenda e com apoio da InvestParan\u00e1, o programa permite que empresas enquadradas pleiteiem incentivos fiscais sustentados pela legisla\u00e7\u00e3o vigente, sem configurar ren\u00fancia fiscal. Os incentivos s\u00e3o avaliados com base nas prioridades do governo estadual, levando em considera\u00e7\u00e3o fatores como o tipo de investimento, o setor econ\u00f4mico, a quantidade e qualidade dos empregos gerados, impactos econ\u00f4micos e sociais, regi\u00e3o geogr\u00e1fica, sustentabilidade e o grau de inova\u00e7\u00e3o da atividade.<\/p>\n<p>\u201cEnquadradas no programa, as empresas assumem o compromisso de reinvestir parte dos incentivos fiscais recebidos em a\u00e7\u00f5es de cunho social, gerenciadas pelo Governo do Estado, ou em fundo de apoio \u00e0 inova\u00e7\u00e3o, micro e pequenas empresas e garantidor de linhas de cr\u00e9ditos junto \u00e0 Fomento Paran\u00e1\u201d, esclareceu o coordenador do Paran\u00e1 Competitivo na Secretaria da Fazenda, Francisco Inoc\u00eancio.<\/p>\n<p><em><strong>AEN<\/strong><\/em><\/p>\n<\/div>\n<\/div>\n<\/article>\n<\/div>\n<\/div>\n<\/div>\n","protected":false},"excerpt":{"rendered":"<p>Recursos ser\u00e3o de reinvestimento da Agr\u00e1ria por meio do Programa Paran\u00e1 Competitivo, do Governo do<\/p>\n","protected":false},"author":4,"featured_media":44926,"comment_status":"open","ping_status":"open","sticky":false,"template":"","format":"standard","meta":{"footnotes":""},"categories":[3,4],"tags":[],"class_list":["post-44925","post","type-post","status-publish","format-standard","has-post-thumbnail","hentry","category-destaques","category-parana"],"yoast_head":"<!-- This site is optimized with the Yoast SEO plugin v27.5 - https:\/\/yoast.com\/product\/yoast-seo-wordpress\/ -->\n<title>Projetos sociais de Guarapuava e regi\u00e3o receber\u00e3o incentivo de mais de R$ 5 milh\u00f5es - Jornal<\/title>\n<meta name=\"description\" content=\"Projetos sociais de Guarapuava e regi\u00e3o receber\u00e3o incentivo de mais de R$ 5 milh\u00f5es\" \/>\n<meta name=\"robots\" content=\"index, follow, max-snippet:-1, max-image-preview:large, max-video-preview:-1\" \/>\n<link rel=\"canonical\" href=\"https:\/\/jornalboasnoticias.com.br\/home\/projetos-sociais-de-guarapuava-e-regiao-receberao-incentivo-de-mais-de-r-5-milhoes\/\" \/>\n<meta property=\"og:locale\" content=\"pt_BR\" \/>\n<meta property=\"og:type\" content=\"article\" \/>\n<meta property=\"og:title\" content=\"Projetos sociais de Guarapuava e regi\u00e3o receber\u00e3o incentivo de mais de R$ 5 milh\u00f5es - Jornal\" \/>\n<meta property=\"og:description\" content=\"Projetos sociais de Guarapuava e regi\u00e3o receber\u00e3o incentivo de mais de R$ 5 milh\u00f5es\" \/>\n<meta property=\"og:url\" content=\"https:\/\/jornalboasnoticias.com.br\/home\/projetos-sociais-de-guarapuava-e-regiao-receberao-incentivo-de-mais-de-r-5-milhoes\/\" \/>\n<meta property=\"og:site_name\" content=\"Jornal\" \/>\n<meta property=\"article:publisher\" content=\"https:\/\/www.facebook.com\/boasnoticiasjornal\" \/>\n<meta property=\"article:published_time\" content=\"2024-10-30T23:50:19+00:00\" \/>\n<meta property=\"og:image\" content=\"https:\/\/jornalboasnoticias.com.br\/home\/wp-content\/uploads\/2024\/10\/img_8796-scaled.jpg\" \/>\n\t<meta property=\"og:image:width\" content=\"2560\" \/>\n\t<meta property=\"og:image:height\" content=\"1707\" \/>\n\t<meta property=\"og:image:type\" content=\"image\/jpeg\" \/>\n<meta name=\"author\" content=\"Ana Luiza Bonatto\" \/>\n<meta name=\"twitter:card\" content=\"summary_large_image\" \/>\n<meta name=\"twitter:label1\" content=\"Escrito por\" \/>\n\t<meta name=\"twitter:data1\" content=\"Ana Luiza Bonatto\" \/>\n\t<meta name=\"twitter:label2\" content=\"Est. tempo de leitura\" \/>\n\t<meta name=\"twitter:data2\" content=\"4 minutos\" \/>\n<script type=\"application\/ld+json\" class=\"yoast-schema-graph\">{\"@context\":\"https:\\\/\\\/schema.org\",\"@graph\":[{\"@type\":\"Article\",\"@id\":\"https:\\\/\\\/jornalboasnoticias.com.br\\\/home\\\/projetos-sociais-de-guarapuava-e-regiao-receberao-incentivo-de-mais-de-r-5-milhoes\\\/#article\",\"isPartOf\":{\"@id\":\"https:\\\/\\\/jornalboasnoticias.com.br\\\/home\\\/projetos-sociais-de-guarapuava-e-regiao-receberao-incentivo-de-mais-de-r-5-milhoes\\\/\"},\"author\":{\"name\":\"Ana Luiza Bonatto\",\"@id\":\"https:\\\/\\\/jornalboasnoticias.com.br\\\/home\\\/#\\\/schema\\\/person\\\/d641193e0afc6405b390164dac847971\"},\"headline\":\"Projetos sociais de Guarapuava e regi\u00e3o receber\u00e3o incentivo de mais de R$ 5 milh\u00f5es\",\"datePublished\":\"2024-10-30T23:50:19+00:00\",\"mainEntityOfPage\":{\"@id\":\"https:\\\/\\\/jornalboasnoticias.com.br\\\/home\\\/projetos-sociais-de-guarapuava-e-regiao-receberao-incentivo-de-mais-de-r-5-milhoes\\\/\"},\"wordCount\":644,\"commentCount\":0,\"publisher\":{\"@id\":\"https:\\\/\\\/jornalboasnoticias.com.br\\\/home\\\/#organization\"},\"image\":{\"@id\":\"https:\\\/\\\/jornalboasnoticias.com.br\\\/home\\\/projetos-sociais-de-guarapuava-e-regiao-receberao-incentivo-de-mais-de-r-5-milhoes\\\/#primaryimage\"},\"thumbnailUrl\":\"https:\\\/\\\/jornalboasnoticias.com.br\\\/home\\\/wp-content\\\/uploads\\\/2024\\\/10\\\/img_8796-scaled.jpg\",\"articleSection\":[\"DESTAQUE\",\"PARAN\u00c1\"],\"inLanguage\":\"pt-BR\",\"potentialAction\":[{\"@type\":\"CommentAction\",\"name\":\"Comment\",\"target\":[\"https:\\\/\\\/jornalboasnoticias.com.br\\\/home\\\/projetos-sociais-de-guarapuava-e-regiao-receberao-incentivo-de-mais-de-r-5-milhoes\\\/#respond\"]}]},{\"@type\":\"WebPage\",\"@id\":\"https:\\\/\\\/jornalboasnoticias.com.br\\\/home\\\/projetos-sociais-de-guarapuava-e-regiao-receberao-incentivo-de-mais-de-r-5-milhoes\\\/\",\"url\":\"https:\\\/\\\/jornalboasnoticias.com.br\\\/home\\\/projetos-sociais-de-guarapuava-e-regiao-receberao-incentivo-de-mais-de-r-5-milhoes\\\/\",\"name\":\"Projetos sociais de Guarapuava e regi\u00e3o receber\u00e3o incentivo de mais de R$ 5 milh\u00f5es - Jornal\",\"isPartOf\":{\"@id\":\"https:\\\/\\\/jornalboasnoticias.com.br\\\/home\\\/#website\"},\"primaryImageOfPage\":{\"@id\":\"https:\\\/\\\/jornalboasnoticias.com.br\\\/home\\\/projetos-sociais-de-guarapuava-e-regiao-receberao-incentivo-de-mais-de-r-5-milhoes\\\/#primaryimage\"},\"image\":{\"@id\":\"https:\\\/\\\/jornalboasnoticias.com.br\\\/home\\\/projetos-sociais-de-guarapuava-e-regiao-receberao-incentivo-de-mais-de-r-5-milhoes\\\/#primaryimage\"},\"thumbnailUrl\":\"https:\\\/\\\/jornalboasnoticias.com.br\\\/home\\\/wp-content\\\/uploads\\\/2024\\\/10\\\/img_8796-scaled.jpg\",\"datePublished\":\"2024-10-30T23:50:19+00:00\",\"description\":\"Projetos sociais de Guarapuava e regi\u00e3o receber\u00e3o incentivo de mais de R$ 5 milh\u00f5es\",\"breadcrumb\":{\"@id\":\"https:\\\/\\\/jornalboasnoticias.com.br\\\/home\\\/projetos-sociais-de-guarapuava-e-regiao-receberao-incentivo-de-mais-de-r-5-milhoes\\\/#breadcrumb\"},\"inLanguage\":\"pt-BR\",\"potentialAction\":[{\"@type\":\"ReadAction\",\"target\":[\"https:\\\/\\\/jornalboasnoticias.com.br\\\/home\\\/projetos-sociais-de-guarapuava-e-regiao-receberao-incentivo-de-mais-de-r-5-milhoes\\\/\"]}]},{\"@type\":\"ImageObject\",\"inLanguage\":\"pt-BR\",\"@id\":\"https:\\\/\\\/jornalboasnoticias.com.br\\\/home\\\/projetos-sociais-de-guarapuava-e-regiao-receberao-incentivo-de-mais-de-r-5-milhoes\\\/#primaryimage\",\"url\":\"https:\\\/\\\/jornalboasnoticias.com.br\\\/home\\\/wp-content\\\/uploads\\\/2024\\\/10\\\/img_8796-scaled.jpg\",\"contentUrl\":\"https:\\\/\\\/jornalboasnoticias.com.br\\\/home\\\/wp-content\\\/uploads\\\/2024\\\/10\\\/img_8796-scaled.jpg\",\"width\":2560,\"height\":1707,\"caption\":\"Foto: SEDEF\"},{\"@type\":\"BreadcrumbList\",\"@id\":\"https:\\\/\\\/jornalboasnoticias.com.br\\\/home\\\/projetos-sociais-de-guarapuava-e-regiao-receberao-incentivo-de-mais-de-r-5-milhoes\\\/#breadcrumb\",\"itemListElement\":[{\"@type\":\"ListItem\",\"position\":1,\"name\":\"In\u00edcio\",\"item\":\"https:\\\/\\\/jornalboasnoticias.com.br\\\/home\\\/\"},{\"@type\":\"ListItem\",\"position\":2,\"name\":\"Projetos sociais de Guarapuava e regi\u00e3o receber\u00e3o incentivo de mais de R$ 5 milh\u00f5es\"}]},{\"@type\":\"WebSite\",\"@id\":\"https:\\\/\\\/jornalboasnoticias.com.br\\\/home\\\/#website\",\"url\":\"https:\\\/\\\/jornalboasnoticias.com.br\\\/home\\\/\",\"name\":\"Jornal Boas Not\u00edcias\",\"description\":\"Boas not\u00edcias\",\"publisher\":{\"@id\":\"https:\\\/\\\/jornalboasnoticias.com.br\\\/home\\\/#organization\"},\"potentialAction\":[{\"@type\":\"SearchAction\",\"target\":{\"@type\":\"EntryPoint\",\"urlTemplate\":\"https:\\\/\\\/jornalboasnoticias.com.br\\\/home\\\/?s={search_term_string}\"},\"query-input\":{\"@type\":\"PropertyValueSpecification\",\"valueRequired\":true,\"valueName\":\"search_term_string\"}}],\"inLanguage\":\"pt-BR\"},{\"@type\":\"Organization\",\"@id\":\"https:\\\/\\\/jornalboasnoticias.com.br\\\/home\\\/#organization\",\"name\":\"Coq Editora Ltda\",\"alternateName\":\"Jornal Boas Noticias\",\"url\":\"https:\\\/\\\/jornalboasnoticias.com.br\\\/home\\\/\",\"logo\":{\"@type\":\"ImageObject\",\"inLanguage\":\"pt-BR\",\"@id\":\"https:\\\/\\\/jornalboasnoticias.com.br\\\/home\\\/#\\\/schema\\\/logo\\\/image\\\/\",\"url\":\"https:\\\/\\\/jornalboasnoticias.com.br\\\/home\\\/wp-content\\\/uploads\\\/2024\\\/07\\\/cropped-logo.jpg\",\"contentUrl\":\"https:\\\/\\\/jornalboasnoticias.com.br\\\/home\\\/wp-content\\\/uploads\\\/2024\\\/07\\\/cropped-logo.jpg\",\"width\":290,\"height\":142,\"caption\":\"Coq Editora Ltda\"},\"image\":{\"@id\":\"https:\\\/\\\/jornalboasnoticias.com.br\\\/home\\\/#\\\/schema\\\/logo\\\/image\\\/\"},\"sameAs\":[\"https:\\\/\\\/www.facebook.com\\\/boasnoticiasjornal\"]},{\"@type\":\"Person\",\"@id\":\"https:\\\/\\\/jornalboasnoticias.com.br\\\/home\\\/#\\\/schema\\\/person\\\/d641193e0afc6405b390164dac847971\",\"name\":\"Ana Luiza Bonatto\",\"image\":{\"@type\":\"ImageObject\",\"inLanguage\":\"pt-BR\",\"@id\":\"https:\\\/\\\/secure.gravatar.com\\\/avatar\\\/8a055ebe6373371f67ac6fcf313c0ac0b0a91157fdcdb9514fa62927373348f0?s=96&d=mm&r=g\",\"url\":\"https:\\\/\\\/secure.gravatar.com\\\/avatar\\\/8a055ebe6373371f67ac6fcf313c0ac0b0a91157fdcdb9514fa62927373348f0?s=96&d=mm&r=g\",\"contentUrl\":\"https:\\\/\\\/secure.gravatar.com\\\/avatar\\\/8a055ebe6373371f67ac6fcf313c0ac0b0a91157fdcdb9514fa62927373348f0?s=96&d=mm&r=g\",\"caption\":\"Ana Luiza Bonatto\"},\"url\":\"https:\\\/\\\/jornalboasnoticias.com.br\\\/home\\\/author\\\/ana-luiza\\\/\"}]}<\/script>\n<!-- \/ Yoast SEO plugin. -->","yoast_head_json":{"title":"Projetos sociais de Guarapuava e regi\u00e3o receber\u00e3o incentivo de mais de R$ 5 milh\u00f5es - Jornal","description":"Projetos sociais de Guarapuava e regi\u00e3o receber\u00e3o incentivo de mais de R$ 5 milh\u00f5es","robots":{"index":"index","follow":"follow","max-snippet":"max-snippet:-1","max-image-preview":"max-image-preview:large","max-video-preview":"max-video-preview:-1"},"canonical":"https:\/\/jornalboasnoticias.com.br\/home\/projetos-sociais-de-guarapuava-e-regiao-receberao-incentivo-de-mais-de-r-5-milhoes\/","og_locale":"pt_BR","og_type":"article","og_title":"Projetos sociais de Guarapuava e regi\u00e3o receber\u00e3o incentivo de mais de R$ 5 milh\u00f5es - Jornal","og_description":"Projetos sociais de Guarapuava e regi\u00e3o receber\u00e3o incentivo de mais de R$ 5 milh\u00f5es","og_url":"https:\/\/jornalboasnoticias.com.br\/home\/projetos-sociais-de-guarapuava-e-regiao-receberao-incentivo-de-mais-de-r-5-milhoes\/","og_site_name":"Jornal","article_publisher":"https:\/\/www.facebook.com\/boasnoticiasjornal","article_published_time":"2024-10-30T23:50:19+00:00","og_image":[{"width":2560,"height":1707,"url":"https:\/\/jornalboasnoticias.com.br\/home\/wp-content\/uploads\/2024\/10\/img_8796-scaled.jpg","type":"image\/jpeg"}],"author":"Ana Luiza Bonatto","twitter_card":"summary_large_image","twitter_misc":{"Escrito por":"Ana Luiza Bonatto","Est. tempo de leitura":"4 minutos"},"schema":{"@context":"https:\/\/schema.org","@graph":[{"@type":"Article","@id":"https:\/\/jornalboasnoticias.com.br\/home\/projetos-sociais-de-guarapuava-e-regiao-receberao-incentivo-de-mais-de-r-5-milhoes\/#article","isPartOf":{"@id":"https:\/\/jornalboasnoticias.com.br\/home\/projetos-sociais-de-guarapuava-e-regiao-receberao-incentivo-de-mais-de-r-5-milhoes\/"},"author":{"name":"Ana Luiza Bonatto","@id":"https:\/\/jornalboasnoticias.com.br\/home\/#\/schema\/person\/d641193e0afc6405b390164dac847971"},"headline":"Projetos sociais de Guarapuava e regi\u00e3o receber\u00e3o incentivo de mais de R$ 5 milh\u00f5es","datePublished":"2024-10-30T23:50:19+00:00","mainEntityOfPage":{"@id":"https:\/\/jornalboasnoticias.com.br\/home\/projetos-sociais-de-guarapuava-e-regiao-receberao-incentivo-de-mais-de-r-5-milhoes\/"},"wordCount":644,"commentCount":0,"publisher":{"@id":"https:\/\/jornalboasnoticias.com.br\/home\/#organization"},"image":{"@id":"https:\/\/jornalboasnoticias.com.br\/home\/projetos-sociais-de-guarapuava-e-regiao-receberao-incentivo-de-mais-de-r-5-milhoes\/#primaryimage"},"thumbnailUrl":"https:\/\/jornalboasnoticias.com.br\/home\/wp-content\/uploads\/2024\/10\/img_8796-scaled.jpg","articleSection":["DESTAQUE","PARAN\u00c1"],"inLanguage":"pt-BR","potentialAction":[{"@type":"CommentAction","name":"Comment","target":["https:\/\/jornalboasnoticias.com.br\/home\/projetos-sociais-de-guarapuava-e-regiao-receberao-incentivo-de-mais-de-r-5-milhoes\/#respond"]}]},{"@type":"WebPage","@id":"https:\/\/jornalboasnoticias.com.br\/home\/projetos-sociais-de-guarapuava-e-regiao-receberao-incentivo-de-mais-de-r-5-milhoes\/","url":"https:\/\/jornalboasnoticias.com.br\/home\/projetos-sociais-de-guarapuava-e-regiao-receberao-incentivo-de-mais-de-r-5-milhoes\/","name":"Projetos sociais de Guarapuava e regi\u00e3o receber\u00e3o incentivo de mais de R$ 5 milh\u00f5es - Jornal","isPartOf":{"@id":"https:\/\/jornalboasnoticias.com.br\/home\/#website"},"primaryImageOfPage":{"@id":"https:\/\/jornalboasnoticias.com.br\/home\/projetos-sociais-de-guarapuava-e-regiao-receberao-incentivo-de-mais-de-r-5-milhoes\/#primaryimage"},"image":{"@id":"https:\/\/jornalboasnoticias.com.br\/home\/projetos-sociais-de-guarapuava-e-regiao-receberao-incentivo-de-mais-de-r-5-milhoes\/#primaryimage"},"thumbnailUrl":"https:\/\/jornalboasnoticias.com.br\/home\/wp-content\/uploads\/2024\/10\/img_8796-scaled.jpg","datePublished":"2024-10-30T23:50:19+00:00","description":"Projetos sociais de Guarapuava e regi\u00e3o receber\u00e3o incentivo de mais de R$ 5 milh\u00f5es","breadcrumb":{"@id":"https:\/\/jornalboasnoticias.com.br\/home\/projetos-sociais-de-guarapuava-e-regiao-receberao-incentivo-de-mais-de-r-5-milhoes\/#breadcrumb"},"inLanguage":"pt-BR","potentialAction":[{"@type":"ReadAction","target":["https:\/\/jornalboasnoticias.com.br\/home\/projetos-sociais-de-guarapuava-e-regiao-receberao-incentivo-de-mais-de-r-5-milhoes\/"]}]},{"@type":"ImageObject","inLanguage":"pt-BR","@id":"https:\/\/jornalboasnoticias.com.br\/home\/projetos-sociais-de-guarapuava-e-regiao-receberao-incentivo-de-mais-de-r-5-milhoes\/#primaryimage","url":"https:\/\/jornalboasnoticias.com.br\/home\/wp-content\/uploads\/2024\/10\/img_8796-scaled.jpg","contentUrl":"https:\/\/jornalboasnoticias.com.br\/home\/wp-content\/uploads\/2024\/10\/img_8796-scaled.jpg","width":2560,"height":1707,"caption":"Foto: SEDEF"},{"@type":"BreadcrumbList","@id":"https:\/\/jornalboasnoticias.com.br\/home\/projetos-sociais-de-guarapuava-e-regiao-receberao-incentivo-de-mais-de-r-5-milhoes\/#breadcrumb","itemListElement":[{"@type":"ListItem","position":1,"name":"In\u00edcio","item":"https:\/\/jornalboasnoticias.com.br\/home\/"},{"@type":"ListItem","position":2,"name":"Projetos sociais de Guarapuava e regi\u00e3o receber\u00e3o incentivo de mais de R$ 5 milh\u00f5es"}]},{"@type":"WebSite","@id":"https:\/\/jornalboasnoticias.com.br\/home\/#website","url":"https:\/\/jornalboasnoticias.com.br\/home\/","name":"Jornal Boas Not\u00edcias","description":"Boas not\u00edcias","publisher":{"@id":"https:\/\/jornalboasnoticias.com.br\/home\/#organization"},"potentialAction":[{"@type":"SearchAction","target":{"@type":"EntryPoint","urlTemplate":"https:\/\/jornalboasnoticias.com.br\/home\/?s={search_term_string}"},"query-input":{"@type":"PropertyValueSpecification","valueRequired":true,"valueName":"search_term_string"}}],"inLanguage":"pt-BR"},{"@type":"Organization","@id":"https:\/\/jornalboasnoticias.com.br\/home\/#organization","name":"Coq Editora Ltda","alternateName":"Jornal Boas Noticias","url":"https:\/\/jornalboasnoticias.com.br\/home\/","logo":{"@type":"ImageObject","inLanguage":"pt-BR","@id":"https:\/\/jornalboasnoticias.com.br\/home\/#\/schema\/logo\/image\/","url":"https:\/\/jornalboasnoticias.com.br\/home\/wp-content\/uploads\/2024\/07\/cropped-logo.jpg","contentUrl":"https:\/\/jornalboasnoticias.com.br\/home\/wp-content\/uploads\/2024\/07\/cropped-logo.jpg","width":290,"height":142,"caption":"Coq Editora Ltda"},"image":{"@id":"https:\/\/jornalboasnoticias.com.br\/home\/#\/schema\/logo\/image\/"},"sameAs":["https:\/\/www.facebook.com\/boasnoticiasjornal"]},{"@type":"Person","@id":"https:\/\/jornalboasnoticias.com.br\/home\/#\/schema\/person\/d641193e0afc6405b390164dac847971","name":"Ana Luiza Bonatto","image":{"@type":"ImageObject","inLanguage":"pt-BR","@id":"https:\/\/secure.gravatar.com\/avatar\/8a055ebe6373371f67ac6fcf313c0ac0b0a91157fdcdb9514fa62927373348f0?s=96&d=mm&r=g","url":"https:\/\/secure.gravatar.com\/avatar\/8a055ebe6373371f67ac6fcf313c0ac0b0a91157fdcdb9514fa62927373348f0?s=96&d=mm&r=g","contentUrl":"https:\/\/secure.gravatar.com\/avatar\/8a055ebe6373371f67ac6fcf313c0ac0b0a91157fdcdb9514fa62927373348f0?s=96&d=mm&r=g","caption":"Ana Luiza Bonatto"},"url":"https:\/\/jornalboasnoticias.com.br\/home\/author\/ana-luiza\/"}]}},"_links":{"self":[{"href":"https:\/\/jornalboasnoticias.com.br\/home\/wp-json\/wp\/v2\/posts\/44925","targetHints":{"allow":["GET"]}}],"collection":[{"href":"https:\/\/jornalboasnoticias.com.br\/home\/wp-json\/wp\/v2\/posts"}],"about":[{"href":"https:\/\/jornalboasnoticias.com.br\/home\/wp-json\/wp\/v2\/types\/post"}],"author":[{"embeddable":true,"href":"https:\/\/jornalboasnoticias.com.br\/home\/wp-json\/wp\/v2\/users\/4"}],"replies":[{"embeddable":true,"href":"https:\/\/jornalboasnoticias.com.br\/home\/wp-json\/wp\/v2\/comments?post=44925"}],"version-history":[{"count":1,"href":"https:\/\/jornalboasnoticias.com.br\/home\/wp-json\/wp\/v2\/posts\/44925\/revisions"}],"predecessor-version":[{"id":44927,"href":"https:\/\/jornalboasnoticias.com.br\/home\/wp-json\/wp\/v2\/posts\/44925\/revisions\/44927"}],"wp:featuredmedia":[{"embeddable":true,"href":"https:\/\/jornalboasnoticias.com.br\/home\/wp-json\/wp\/v2\/media\/44926"}],"wp:attachment":[{"href":"https:\/\/jornalboasnoticias.com.br\/home\/wp-json\/wp\/v2\/media?parent=44925"}],"wp:term":[{"taxonomy":"category","embeddable":true,"href":"https:\/\/jornalboasnoticias.com.br\/home\/wp-json\/wp\/v2\/categories?post=44925"},{"taxonomy":"post_tag","embeddable":true,"href":"https:\/\/jornalboasnoticias.com.br\/home\/wp-json\/wp\/v2\/tags?post=44925"}],"curies":[{"name":"wp","href":"https:\/\/api.w.org\/{rel}","templated":true}]}}