{"id":44922,"date":"2024-10-30T23:49:08","date_gmt":"2024-10-30T23:49:08","guid":{"rendered":"https:\/\/jornalboasnoticias.com.br\/home\/?p=44922"},"modified":"2024-10-30T23:49:08","modified_gmt":"2024-10-30T23:49:08","slug":"cop16-sanepar-apresenta-projetos-de-sustentabilidade-no-evento-mundial-da-onu","status":"publish","type":"post","link":"https:\/\/jornalboasnoticias.com.br\/home\/cop16-sanepar-apresenta-projetos-de-sustentabilidade-no-evento-mundial-da-onu\/","title":{"rendered":"COP16: Sanepar apresenta projetos de sustentabilidade no evento mundial da ONU"},"content":{"rendered":"<div class=\"not-escopo-destaque\">\n<div><img loading=\"lazy\" decoding=\"async\" class=\"alignnone size-full wp-image-44923\" src=\"https:\/\/jornalboasnoticias.com.br\/home\/wp-content\/uploads\/2024\/10\/2410129_mat_sanepar_cop16_01.jpg\" alt=\"\" width=\"1616\" height=\"1078\" srcset=\"https:\/\/jornalboasnoticias.com.br\/home\/wp-content\/uploads\/2024\/10\/2410129_mat_sanepar_cop16_01.jpg 1616w, https:\/\/jornalboasnoticias.com.br\/home\/wp-content\/uploads\/2024\/10\/2410129_mat_sanepar_cop16_01-300x200.jpg 300w, https:\/\/jornalboasnoticias.com.br\/home\/wp-content\/uploads\/2024\/10\/2410129_mat_sanepar_cop16_01-1024x683.jpg 1024w, https:\/\/jornalboasnoticias.com.br\/home\/wp-content\/uploads\/2024\/10\/2410129_mat_sanepar_cop16_01-768x512.jpg 768w, https:\/\/jornalboasnoticias.com.br\/home\/wp-content\/uploads\/2024\/10\/2410129_mat_sanepar_cop16_01-1536x1025.jpg 1536w, https:\/\/jornalboasnoticias.com.br\/home\/wp-content\/uploads\/2024\/10\/2410129_mat_sanepar_cop16_01-900x600.jpg 900w\" sizes=\"auto, (max-width: 1616px) 100vw, 1616px\" \/><\/div>\n<blockquote>\n<div class=\"field field--name-field-escopo-destaque field--type-string-long field--label-hidden field--item\">Reserva H\u00eddrica do Futuro \u00e9 um dos temas apresentados pela Companhia, que tamb\u00e9m participa das discuss\u00f5es sobre investimentos para a preserva\u00e7\u00e3o da biodiversidade. Sanepar apresentou ainda o trabalho de Conserva\u00e7\u00e3o da Serra do Mar, em coopera\u00e7\u00e3o com outras institui\u00e7\u00f5es, para a preserva\u00e7\u00e3o da grande Reserva da Mata Atl\u00e2ntica.<\/div>\n<\/blockquote>\n<\/div>\n<div>\n<p>A Companhia de Saneamento do Paran\u00e1 (Sanepar) participa da 16\u00aa Confer\u00eancia das Partes da Conven\u00e7\u00e3o das Na\u00e7\u00f5es Unidas sobre Diversidade Biol\u00f3gica (COP16), em Cali, na Col\u00f4mbia. O evento, que come\u00e7ou dia 20 de outubro e segue at\u00e9 sexta sexta-feira (1\u00ba), re\u00fane representantes de 190 pa\u00edses que discutem os desafios globais para a prote\u00e7\u00e3o da biodiversidade. Da empresa, participam o presidente, Wilson Bley Lipski, e o diretor de Meio Ambiente, Julio Gonchorosky.<\/p>\n<p>Um dos temas levados pela Sanepar ao evento \u00e9 a Reserva H\u00eddrica do Futuro, trabalho desenvolvido em uma parceria da Companhia com o Instituto de \u00c1gua e Terra (IAT), Prefeitura de Curitiba e Ag\u00eancia de Assuntos Metropolitanos do Paran\u00e1 (Amep), com apoio de outras prefeituras e entidades vizinhas \u00e0 Reserva.<\/p>\n<p>Gonchorosky explica que a Reserva H\u00eddrica do Futuro preserva o Rio Igua\u00e7u, promove a melhoria da qualidade da \u00e1gua, al\u00e9m de reestruturar um grande corredor de biodiversidade, que se espera chegar at\u00e9 150 km ao longo deste rio, passando por diversos munic\u00edpios.<\/p>\n<p>O projeto integra a natureza a servi\u00e7os que trazem benef\u00edcios ambientais e comunit\u00e1rios, reaproveitando as antigas cavas do Igua\u00e7u e sendo um exemplo de implanta\u00e7\u00e3o de Solu\u00e7\u00f5es Baseadas na Natureza (NBS). \u201cA Reserva pode mitigar situa\u00e7\u00f5es ligadas a eventos clim\u00e1ticos, como enchentes e estiagens. Temos condi\u00e7\u00f5es de armazenar \u00e1gua para o abastecimento p\u00fablico, com redu\u00e7\u00e3o de danos no caso de enchentes e grandes chuvas a localidades a jusante das cavas, al\u00e9m de se estabelecer um espa\u00e7o importante para a preserva\u00e7\u00e3o da fauna e da flora\u201d, afirma.<\/p>\n<p>A Sanepar mostrou, ainda, o trabalho de Conserva\u00e7\u00e3o da Serra do Mar, em coopera\u00e7\u00e3o com outras institui\u00e7\u00f5es, para a conserva\u00e7\u00e3o da Grande Reserva da Mata Atl\u00e2ntica, e acompanhou a Secretaria de Estado do Desenvolvimento Sustent\u00e1vel (Sedest) na apresenta\u00e7\u00e3o de a\u00e7\u00f5es que o Governo do Paran\u00e1 vem desenvolvendo em rela\u00e7\u00e3o \u00e0 preserva\u00e7\u00e3o da biodiversidade no Paran\u00e1.<\/p>\n<p>Outras participa\u00e7\u00f5es da Sanepar aconteceram no painel &#8220;Colis\u00e3o Life de Neg\u00f3cios e Biodiversidade&#8221;, que reuniu grandes empresas do Brasil para discutir a preserva\u00e7\u00e3o da biodiversidade, e em um evento de l\u00edderes junto ao IFC (Internacional Finance Corporation), um bra\u00e7o do Banco Mundial para o investimento de impacto, que visa a obten\u00e7\u00e3o de resultados sociais e ambientais positivos.<\/p>\n<p><strong>ATEN\u00c7\u00c3O MUNDIAL<\/strong>\u00a0\u2013 O presidente da Sanepar explica que o evento busca chamar a aten\u00e7\u00e3o mundial para a\u00e7\u00f5es ligadas \u00e0 prote\u00e7\u00e3o da biodiversidade. \u201cPara que possamos alcan\u00e7ar o nosso prop\u00f3sito, efetivamente, precisamos ter a preserva\u00e7\u00e3o do meio ambiente. \u00c1gua \u00e9 um bem precioso e estamos aqui, participando dessas discuss\u00f5es, refor\u00e7ando o trabalho de preserva\u00e7\u00e3o dos nossos mananciais, para que possamos sempre cumprir com o nosso prop\u00f3sito\u201d, afirma Bley.<\/p>\n<p>\u201c\u00c9 uma discuss\u00e3o mundial extremamente valiosa, com muitas a\u00e7\u00f5es ocorrendo. Dentro desse mosaico podemos aproveitar as a\u00e7\u00f5es que mais se alinham ao trabalho da Sanepar, com um direcionamento mais contempor\u00e2neo, moderno, sempre visando a quest\u00e3o ambiental e o atendimento efetivo da popula\u00e7\u00e3o com os nossos servi\u00e7os\u201d, ressalta.<\/p>\n<p>Ele refor\u00e7ou a ideia de que a conserva\u00e7\u00e3o, a restaura\u00e7\u00e3o e a preserva\u00e7\u00e3o da biodiversidade est\u00e3o diretamente ligadas \u00e0 possibilidade de \u00e1gua com boa qualidade e na quantidade necess\u00e1ria. \u201cPortanto, a participa\u00e7\u00e3o da Sanepar nestas discuss\u00f5es, junto com outras grandes empresas nacionais e internacionais, al\u00e9m de ser uma estrat\u00e9gia de responsabilidade social e ambiental, \u00e9 uma estrat\u00e9gia tamb\u00e9m de neg\u00f3cios\u201d, observa.<\/p>\n<p>De acordo com o presidente, na COP16 ficou claro que a Sanepar tem um reconhecimento muito forte pelo trabalho que desenvolve. \u201c\u00c9 uma empresa conhecida e reconhecida por todos. A Companhia mant\u00e9m pol\u00edticas e compromissos p\u00fablicos com essa conscientiza\u00e7\u00e3o e preserva\u00e7\u00e3o ambiental h\u00e1 muitos anos, e o nosso foco, no evento, \u00e9 apresentar alguns dos trabalhos mais atuais da Sanepar, compreender a situa\u00e7\u00e3o de outras institui\u00e7\u00f5es e de outros pa\u00edses, que tamb\u00e9m buscam atuar em benef\u00edcio do meio ambiente\u201d, afirma.<\/p>\n<p><em><strong>AEN<\/strong><\/em><\/p>\n<\/div>\n","protected":false},"excerpt":{"rendered":"<p>Reserva H\u00eddrica do Futuro \u00e9 um dos temas apresentados pela Companhia, que tamb\u00e9m participa das<\/p>\n","protected":false},"author":4,"featured_media":44923,"comment_status":"open","ping_status":"open","sticky":false,"template":"","format":"standard","meta":{"footnotes":""},"categories":[3,4],"tags":[],"class_list":["post-44922","post","type-post","status-publish","format-standard","has-post-thumbnail","hentry","category-destaques","category-parana"],"yoast_head":"<!-- This site is optimized with the Yoast SEO plugin v27.5 - https:\/\/yoast.com\/product\/yoast-seo-wordpress\/ -->\n<title>COP16: Sanepar apresenta projetos de sustentabilidade no evento mundial da ONU - Jornal<\/title>\n<meta name=\"description\" content=\"COP16: Sanepar apresenta projetos de sustentabilidade no evento mundial da ONU\" \/>\n<meta name=\"robots\" content=\"index, follow, max-snippet:-1, max-image-preview:large, max-video-preview:-1\" \/>\n<link rel=\"canonical\" href=\"https:\/\/jornalboasnoticias.com.br\/home\/cop16-sanepar-apresenta-projetos-de-sustentabilidade-no-evento-mundial-da-onu\/\" \/>\n<meta property=\"og:locale\" content=\"pt_BR\" \/>\n<meta property=\"og:type\" content=\"article\" \/>\n<meta property=\"og:title\" content=\"COP16: Sanepar apresenta projetos de sustentabilidade no evento mundial da ONU - Jornal\" \/>\n<meta property=\"og:description\" content=\"COP16: Sanepar apresenta projetos de sustentabilidade no evento mundial da ONU\" \/>\n<meta property=\"og:url\" content=\"https:\/\/jornalboasnoticias.com.br\/home\/cop16-sanepar-apresenta-projetos-de-sustentabilidade-no-evento-mundial-da-onu\/\" \/>\n<meta property=\"og:site_name\" content=\"Jornal\" \/>\n<meta property=\"article:publisher\" content=\"https:\/\/www.facebook.com\/boasnoticiasjornal\" \/>\n<meta property=\"article:published_time\" content=\"2024-10-30T23:49:08+00:00\" \/>\n<meta property=\"og:image\" content=\"https:\/\/jornalboasnoticias.com.br\/home\/wp-content\/uploads\/2024\/10\/2410129_mat_sanepar_cop16_01.jpg\" \/>\n\t<meta property=\"og:image:width\" content=\"1616\" \/>\n\t<meta property=\"og:image:height\" content=\"1078\" \/>\n\t<meta property=\"og:image:type\" content=\"image\/jpeg\" \/>\n<meta name=\"author\" content=\"Ana Luiza Bonatto\" \/>\n<meta name=\"twitter:card\" content=\"summary_large_image\" \/>\n<meta name=\"twitter:label1\" content=\"Escrito por\" \/>\n\t<meta name=\"twitter:data1\" content=\"Ana Luiza Bonatto\" \/>\n\t<meta name=\"twitter:label2\" content=\"Est. tempo de leitura\" \/>\n\t<meta name=\"twitter:data2\" content=\"4 minutos\" \/>\n<script type=\"application\/ld+json\" class=\"yoast-schema-graph\">{\"@context\":\"https:\\\/\\\/schema.org\",\"@graph\":[{\"@type\":\"Article\",\"@id\":\"https:\\\/\\\/jornalboasnoticias.com.br\\\/home\\\/cop16-sanepar-apresenta-projetos-de-sustentabilidade-no-evento-mundial-da-onu\\\/#article\",\"isPartOf\":{\"@id\":\"https:\\\/\\\/jornalboasnoticias.com.br\\\/home\\\/cop16-sanepar-apresenta-projetos-de-sustentabilidade-no-evento-mundial-da-onu\\\/\"},\"author\":{\"name\":\"Ana Luiza Bonatto\",\"@id\":\"https:\\\/\\\/jornalboasnoticias.com.br\\\/home\\\/#\\\/schema\\\/person\\\/d641193e0afc6405b390164dac847971\"},\"headline\":\"COP16: Sanepar apresenta projetos de sustentabilidade no evento mundial da ONU\",\"datePublished\":\"2024-10-30T23:49:08+00:00\",\"mainEntityOfPage\":{\"@id\":\"https:\\\/\\\/jornalboasnoticias.com.br\\\/home\\\/cop16-sanepar-apresenta-projetos-de-sustentabilidade-no-evento-mundial-da-onu\\\/\"},\"wordCount\":756,\"commentCount\":0,\"publisher\":{\"@id\":\"https:\\\/\\\/jornalboasnoticias.com.br\\\/home\\\/#organization\"},\"image\":{\"@id\":\"https:\\\/\\\/jornalboasnoticias.com.br\\\/home\\\/cop16-sanepar-apresenta-projetos-de-sustentabilidade-no-evento-mundial-da-onu\\\/#primaryimage\"},\"thumbnailUrl\":\"https:\\\/\\\/jornalboasnoticias.com.br\\\/home\\\/wp-content\\\/uploads\\\/2024\\\/10\\\/2410129_mat_sanepar_cop16_01.jpg\",\"articleSection\":[\"DESTAQUE\",\"PARAN\u00c1\"],\"inLanguage\":\"pt-BR\",\"potentialAction\":[{\"@type\":\"CommentAction\",\"name\":\"Comment\",\"target\":[\"https:\\\/\\\/jornalboasnoticias.com.br\\\/home\\\/cop16-sanepar-apresenta-projetos-de-sustentabilidade-no-evento-mundial-da-onu\\\/#respond\"]}]},{\"@type\":\"WebPage\",\"@id\":\"https:\\\/\\\/jornalboasnoticias.com.br\\\/home\\\/cop16-sanepar-apresenta-projetos-de-sustentabilidade-no-evento-mundial-da-onu\\\/\",\"url\":\"https:\\\/\\\/jornalboasnoticias.com.br\\\/home\\\/cop16-sanepar-apresenta-projetos-de-sustentabilidade-no-evento-mundial-da-onu\\\/\",\"name\":\"COP16: Sanepar apresenta projetos de sustentabilidade no evento mundial da ONU - Jornal\",\"isPartOf\":{\"@id\":\"https:\\\/\\\/jornalboasnoticias.com.br\\\/home\\\/#website\"},\"primaryImageOfPage\":{\"@id\":\"https:\\\/\\\/jornalboasnoticias.com.br\\\/home\\\/cop16-sanepar-apresenta-projetos-de-sustentabilidade-no-evento-mundial-da-onu\\\/#primaryimage\"},\"image\":{\"@id\":\"https:\\\/\\\/jornalboasnoticias.com.br\\\/home\\\/cop16-sanepar-apresenta-projetos-de-sustentabilidade-no-evento-mundial-da-onu\\\/#primaryimage\"},\"thumbnailUrl\":\"https:\\\/\\\/jornalboasnoticias.com.br\\\/home\\\/wp-content\\\/uploads\\\/2024\\\/10\\\/2410129_mat_sanepar_cop16_01.jpg\",\"datePublished\":\"2024-10-30T23:49:08+00:00\",\"description\":\"COP16: Sanepar apresenta projetos de sustentabilidade no evento mundial da ONU\",\"breadcrumb\":{\"@id\":\"https:\\\/\\\/jornalboasnoticias.com.br\\\/home\\\/cop16-sanepar-apresenta-projetos-de-sustentabilidade-no-evento-mundial-da-onu\\\/#breadcrumb\"},\"inLanguage\":\"pt-BR\",\"potentialAction\":[{\"@type\":\"ReadAction\",\"target\":[\"https:\\\/\\\/jornalboasnoticias.com.br\\\/home\\\/cop16-sanepar-apresenta-projetos-de-sustentabilidade-no-evento-mundial-da-onu\\\/\"]}]},{\"@type\":\"ImageObject\",\"inLanguage\":\"pt-BR\",\"@id\":\"https:\\\/\\\/jornalboasnoticias.com.br\\\/home\\\/cop16-sanepar-apresenta-projetos-de-sustentabilidade-no-evento-mundial-da-onu\\\/#primaryimage\",\"url\":\"https:\\\/\\\/jornalboasnoticias.com.br\\\/home\\\/wp-content\\\/uploads\\\/2024\\\/10\\\/2410129_mat_sanepar_cop16_01.jpg\",\"contentUrl\":\"https:\\\/\\\/jornalboasnoticias.com.br\\\/home\\\/wp-content\\\/uploads\\\/2024\\\/10\\\/2410129_mat_sanepar_cop16_01.jpg\",\"width\":1616,\"height\":1078},{\"@type\":\"BreadcrumbList\",\"@id\":\"https:\\\/\\\/jornalboasnoticias.com.br\\\/home\\\/cop16-sanepar-apresenta-projetos-de-sustentabilidade-no-evento-mundial-da-onu\\\/#breadcrumb\",\"itemListElement\":[{\"@type\":\"ListItem\",\"position\":1,\"name\":\"In\u00edcio\",\"item\":\"https:\\\/\\\/jornalboasnoticias.com.br\\\/home\\\/\"},{\"@type\":\"ListItem\",\"position\":2,\"name\":\"COP16: Sanepar apresenta projetos de sustentabilidade no evento mundial da ONU\"}]},{\"@type\":\"WebSite\",\"@id\":\"https:\\\/\\\/jornalboasnoticias.com.br\\\/home\\\/#website\",\"url\":\"https:\\\/\\\/jornalboasnoticias.com.br\\\/home\\\/\",\"name\":\"Jornal Boas Not\u00edcias\",\"description\":\"Boas not\u00edcias\",\"publisher\":{\"@id\":\"https:\\\/\\\/jornalboasnoticias.com.br\\\/home\\\/#organization\"},\"potentialAction\":[{\"@type\":\"SearchAction\",\"target\":{\"@type\":\"EntryPoint\",\"urlTemplate\":\"https:\\\/\\\/jornalboasnoticias.com.br\\\/home\\\/?s={search_term_string}\"},\"query-input\":{\"@type\":\"PropertyValueSpecification\",\"valueRequired\":true,\"valueName\":\"search_term_string\"}}],\"inLanguage\":\"pt-BR\"},{\"@type\":\"Organization\",\"@id\":\"https:\\\/\\\/jornalboasnoticias.com.br\\\/home\\\/#organization\",\"name\":\"Coq Editora Ltda\",\"alternateName\":\"Jornal Boas Noticias\",\"url\":\"https:\\\/\\\/jornalboasnoticias.com.br\\\/home\\\/\",\"logo\":{\"@type\":\"ImageObject\",\"inLanguage\":\"pt-BR\",\"@id\":\"https:\\\/\\\/jornalboasnoticias.com.br\\\/home\\\/#\\\/schema\\\/logo\\\/image\\\/\",\"url\":\"https:\\\/\\\/jornalboasnoticias.com.br\\\/home\\\/wp-content\\\/uploads\\\/2024\\\/07\\\/cropped-logo.jpg\",\"contentUrl\":\"https:\\\/\\\/jornalboasnoticias.com.br\\\/home\\\/wp-content\\\/uploads\\\/2024\\\/07\\\/cropped-logo.jpg\",\"width\":290,\"height\":142,\"caption\":\"Coq Editora Ltda\"},\"image\":{\"@id\":\"https:\\\/\\\/jornalboasnoticias.com.br\\\/home\\\/#\\\/schema\\\/logo\\\/image\\\/\"},\"sameAs\":[\"https:\\\/\\\/www.facebook.com\\\/boasnoticiasjornal\"]},{\"@type\":\"Person\",\"@id\":\"https:\\\/\\\/jornalboasnoticias.com.br\\\/home\\\/#\\\/schema\\\/person\\\/d641193e0afc6405b390164dac847971\",\"name\":\"Ana Luiza Bonatto\",\"image\":{\"@type\":\"ImageObject\",\"inLanguage\":\"pt-BR\",\"@id\":\"https:\\\/\\\/secure.gravatar.com\\\/avatar\\\/8a055ebe6373371f67ac6fcf313c0ac0b0a91157fdcdb9514fa62927373348f0?s=96&d=mm&r=g\",\"url\":\"https:\\\/\\\/secure.gravatar.com\\\/avatar\\\/8a055ebe6373371f67ac6fcf313c0ac0b0a91157fdcdb9514fa62927373348f0?s=96&d=mm&r=g\",\"contentUrl\":\"https:\\\/\\\/secure.gravatar.com\\\/avatar\\\/8a055ebe6373371f67ac6fcf313c0ac0b0a91157fdcdb9514fa62927373348f0?s=96&d=mm&r=g\",\"caption\":\"Ana Luiza Bonatto\"},\"url\":\"https:\\\/\\\/jornalboasnoticias.com.br\\\/home\\\/author\\\/ana-luiza\\\/\"}]}<\/script>\n<!-- \/ Yoast SEO plugin. -->","yoast_head_json":{"title":"COP16: Sanepar apresenta projetos de sustentabilidade no evento mundial da ONU - Jornal","description":"COP16: Sanepar apresenta projetos de sustentabilidade no evento mundial da ONU","robots":{"index":"index","follow":"follow","max-snippet":"max-snippet:-1","max-image-preview":"max-image-preview:large","max-video-preview":"max-video-preview:-1"},"canonical":"https:\/\/jornalboasnoticias.com.br\/home\/cop16-sanepar-apresenta-projetos-de-sustentabilidade-no-evento-mundial-da-onu\/","og_locale":"pt_BR","og_type":"article","og_title":"COP16: Sanepar apresenta projetos de sustentabilidade no evento mundial da ONU - Jornal","og_description":"COP16: Sanepar apresenta projetos de sustentabilidade no evento mundial da ONU","og_url":"https:\/\/jornalboasnoticias.com.br\/home\/cop16-sanepar-apresenta-projetos-de-sustentabilidade-no-evento-mundial-da-onu\/","og_site_name":"Jornal","article_publisher":"https:\/\/www.facebook.com\/boasnoticiasjornal","article_published_time":"2024-10-30T23:49:08+00:00","og_image":[{"width":1616,"height":1078,"url":"https:\/\/jornalboasnoticias.com.br\/home\/wp-content\/uploads\/2024\/10\/2410129_mat_sanepar_cop16_01.jpg","type":"image\/jpeg"}],"author":"Ana Luiza Bonatto","twitter_card":"summary_large_image","twitter_misc":{"Escrito por":"Ana Luiza Bonatto","Est. tempo de leitura":"4 minutos"},"schema":{"@context":"https:\/\/schema.org","@graph":[{"@type":"Article","@id":"https:\/\/jornalboasnoticias.com.br\/home\/cop16-sanepar-apresenta-projetos-de-sustentabilidade-no-evento-mundial-da-onu\/#article","isPartOf":{"@id":"https:\/\/jornalboasnoticias.com.br\/home\/cop16-sanepar-apresenta-projetos-de-sustentabilidade-no-evento-mundial-da-onu\/"},"author":{"name":"Ana Luiza Bonatto","@id":"https:\/\/jornalboasnoticias.com.br\/home\/#\/schema\/person\/d641193e0afc6405b390164dac847971"},"headline":"COP16: Sanepar apresenta projetos de sustentabilidade no evento mundial da ONU","datePublished":"2024-10-30T23:49:08+00:00","mainEntityOfPage":{"@id":"https:\/\/jornalboasnoticias.com.br\/home\/cop16-sanepar-apresenta-projetos-de-sustentabilidade-no-evento-mundial-da-onu\/"},"wordCount":756,"commentCount":0,"publisher":{"@id":"https:\/\/jornalboasnoticias.com.br\/home\/#organization"},"image":{"@id":"https:\/\/jornalboasnoticias.com.br\/home\/cop16-sanepar-apresenta-projetos-de-sustentabilidade-no-evento-mundial-da-onu\/#primaryimage"},"thumbnailUrl":"https:\/\/jornalboasnoticias.com.br\/home\/wp-content\/uploads\/2024\/10\/2410129_mat_sanepar_cop16_01.jpg","articleSection":["DESTAQUE","PARAN\u00c1"],"inLanguage":"pt-BR","potentialAction":[{"@type":"CommentAction","name":"Comment","target":["https:\/\/jornalboasnoticias.com.br\/home\/cop16-sanepar-apresenta-projetos-de-sustentabilidade-no-evento-mundial-da-onu\/#respond"]}]},{"@type":"WebPage","@id":"https:\/\/jornalboasnoticias.com.br\/home\/cop16-sanepar-apresenta-projetos-de-sustentabilidade-no-evento-mundial-da-onu\/","url":"https:\/\/jornalboasnoticias.com.br\/home\/cop16-sanepar-apresenta-projetos-de-sustentabilidade-no-evento-mundial-da-onu\/","name":"COP16: Sanepar apresenta projetos de sustentabilidade no evento mundial da ONU - Jornal","isPartOf":{"@id":"https:\/\/jornalboasnoticias.com.br\/home\/#website"},"primaryImageOfPage":{"@id":"https:\/\/jornalboasnoticias.com.br\/home\/cop16-sanepar-apresenta-projetos-de-sustentabilidade-no-evento-mundial-da-onu\/#primaryimage"},"image":{"@id":"https:\/\/jornalboasnoticias.com.br\/home\/cop16-sanepar-apresenta-projetos-de-sustentabilidade-no-evento-mundial-da-onu\/#primaryimage"},"thumbnailUrl":"https:\/\/jornalboasnoticias.com.br\/home\/wp-content\/uploads\/2024\/10\/2410129_mat_sanepar_cop16_01.jpg","datePublished":"2024-10-30T23:49:08+00:00","description":"COP16: Sanepar apresenta projetos de sustentabilidade no evento mundial da ONU","breadcrumb":{"@id":"https:\/\/jornalboasnoticias.com.br\/home\/cop16-sanepar-apresenta-projetos-de-sustentabilidade-no-evento-mundial-da-onu\/#breadcrumb"},"inLanguage":"pt-BR","potentialAction":[{"@type":"ReadAction","target":["https:\/\/jornalboasnoticias.com.br\/home\/cop16-sanepar-apresenta-projetos-de-sustentabilidade-no-evento-mundial-da-onu\/"]}]},{"@type":"ImageObject","inLanguage":"pt-BR","@id":"https:\/\/jornalboasnoticias.com.br\/home\/cop16-sanepar-apresenta-projetos-de-sustentabilidade-no-evento-mundial-da-onu\/#primaryimage","url":"https:\/\/jornalboasnoticias.com.br\/home\/wp-content\/uploads\/2024\/10\/2410129_mat_sanepar_cop16_01.jpg","contentUrl":"https:\/\/jornalboasnoticias.com.br\/home\/wp-content\/uploads\/2024\/10\/2410129_mat_sanepar_cop16_01.jpg","width":1616,"height":1078},{"@type":"BreadcrumbList","@id":"https:\/\/jornalboasnoticias.com.br\/home\/cop16-sanepar-apresenta-projetos-de-sustentabilidade-no-evento-mundial-da-onu\/#breadcrumb","itemListElement":[{"@type":"ListItem","position":1,"name":"In\u00edcio","item":"https:\/\/jornalboasnoticias.com.br\/home\/"},{"@type":"ListItem","position":2,"name":"COP16: Sanepar apresenta projetos de sustentabilidade no evento mundial da ONU"}]},{"@type":"WebSite","@id":"https:\/\/jornalboasnoticias.com.br\/home\/#website","url":"https:\/\/jornalboasnoticias.com.br\/home\/","name":"Jornal Boas Not\u00edcias","description":"Boas not\u00edcias","publisher":{"@id":"https:\/\/jornalboasnoticias.com.br\/home\/#organization"},"potentialAction":[{"@type":"SearchAction","target":{"@type":"EntryPoint","urlTemplate":"https:\/\/jornalboasnoticias.com.br\/home\/?s={search_term_string}"},"query-input":{"@type":"PropertyValueSpecification","valueRequired":true,"valueName":"search_term_string"}}],"inLanguage":"pt-BR"},{"@type":"Organization","@id":"https:\/\/jornalboasnoticias.com.br\/home\/#organization","name":"Coq Editora Ltda","alternateName":"Jornal Boas Noticias","url":"https:\/\/jornalboasnoticias.com.br\/home\/","logo":{"@type":"ImageObject","inLanguage":"pt-BR","@id":"https:\/\/jornalboasnoticias.com.br\/home\/#\/schema\/logo\/image\/","url":"https:\/\/jornalboasnoticias.com.br\/home\/wp-content\/uploads\/2024\/07\/cropped-logo.jpg","contentUrl":"https:\/\/jornalboasnoticias.com.br\/home\/wp-content\/uploads\/2024\/07\/cropped-logo.jpg","width":290,"height":142,"caption":"Coq Editora Ltda"},"image":{"@id":"https:\/\/jornalboasnoticias.com.br\/home\/#\/schema\/logo\/image\/"},"sameAs":["https:\/\/www.facebook.com\/boasnoticiasjornal"]},{"@type":"Person","@id":"https:\/\/jornalboasnoticias.com.br\/home\/#\/schema\/person\/d641193e0afc6405b390164dac847971","name":"Ana Luiza Bonatto","image":{"@type":"ImageObject","inLanguage":"pt-BR","@id":"https:\/\/secure.gravatar.com\/avatar\/8a055ebe6373371f67ac6fcf313c0ac0b0a91157fdcdb9514fa62927373348f0?s=96&d=mm&r=g","url":"https:\/\/secure.gravatar.com\/avatar\/8a055ebe6373371f67ac6fcf313c0ac0b0a91157fdcdb9514fa62927373348f0?s=96&d=mm&r=g","contentUrl":"https:\/\/secure.gravatar.com\/avatar\/8a055ebe6373371f67ac6fcf313c0ac0b0a91157fdcdb9514fa62927373348f0?s=96&d=mm&r=g","caption":"Ana Luiza Bonatto"},"url":"https:\/\/jornalboasnoticias.com.br\/home\/author\/ana-luiza\/"}]}},"_links":{"self":[{"href":"https:\/\/jornalboasnoticias.com.br\/home\/wp-json\/wp\/v2\/posts\/44922","targetHints":{"allow":["GET"]}}],"collection":[{"href":"https:\/\/jornalboasnoticias.com.br\/home\/wp-json\/wp\/v2\/posts"}],"about":[{"href":"https:\/\/jornalboasnoticias.com.br\/home\/wp-json\/wp\/v2\/types\/post"}],"author":[{"embeddable":true,"href":"https:\/\/jornalboasnoticias.com.br\/home\/wp-json\/wp\/v2\/users\/4"}],"replies":[{"embeddable":true,"href":"https:\/\/jornalboasnoticias.com.br\/home\/wp-json\/wp\/v2\/comments?post=44922"}],"version-history":[{"count":1,"href":"https:\/\/jornalboasnoticias.com.br\/home\/wp-json\/wp\/v2\/posts\/44922\/revisions"}],"predecessor-version":[{"id":44924,"href":"https:\/\/jornalboasnoticias.com.br\/home\/wp-json\/wp\/v2\/posts\/44922\/revisions\/44924"}],"wp:featuredmedia":[{"embeddable":true,"href":"https:\/\/jornalboasnoticias.com.br\/home\/wp-json\/wp\/v2\/media\/44923"}],"wp:attachment":[{"href":"https:\/\/jornalboasnoticias.com.br\/home\/wp-json\/wp\/v2\/media?parent=44922"}],"wp:term":[{"taxonomy":"category","embeddable":true,"href":"https:\/\/jornalboasnoticias.com.br\/home\/wp-json\/wp\/v2\/categories?post=44922"},{"taxonomy":"post_tag","embeddable":true,"href":"https:\/\/jornalboasnoticias.com.br\/home\/wp-json\/wp\/v2\/tags?post=44922"}],"curies":[{"name":"wp","href":"https:\/\/api.w.org\/{rel}","templated":true}]}}