{"id":44916,"date":"2024-10-30T23:46:43","date_gmt":"2024-10-30T23:46:43","guid":{"rendered":"https:\/\/jornalboasnoticias.com.br\/home\/?p=44916"},"modified":"2024-10-30T23:46:43","modified_gmt":"2024-10-30T23:46:43","slug":"der-vai-ampliar-inspecao-de-trafego-e-atendimento-com-guincho-em-toda-malha-estadual","status":"publish","type":"post","link":"https:\/\/jornalboasnoticias.com.br\/home\/der-vai-ampliar-inspecao-de-trafego-e-atendimento-com-guincho-em-toda-malha-estadual\/","title":{"rendered":"DER vai ampliar inspe\u00e7\u00e3o de tr\u00e1fego e atendimento com guincho em toda malha estadual"},"content":{"rendered":"<div class=\"not-escopo-destaque\">\n<div>\n<figure id=\"attachment_44917\" aria-describedby=\"caption-attachment-44917\" style=\"width: 2560px\" class=\"wp-caption alignnone\"><img loading=\"lazy\" decoding=\"async\" class=\"size-full wp-image-44917\" src=\"https:\/\/jornalboasnoticias.com.br\/home\/wp-content\/uploads\/2024\/10\/audiencia_operacao_de_trafego_der_3-scaled.jpg\" alt=\"\" width=\"2560\" height=\"1707\" srcset=\"https:\/\/jornalboasnoticias.com.br\/home\/wp-content\/uploads\/2024\/10\/audiencia_operacao_de_trafego_der_3-scaled.jpg 2560w, https:\/\/jornalboasnoticias.com.br\/home\/wp-content\/uploads\/2024\/10\/audiencia_operacao_de_trafego_der_3-300x200.jpg 300w, https:\/\/jornalboasnoticias.com.br\/home\/wp-content\/uploads\/2024\/10\/audiencia_operacao_de_trafego_der_3-1024x683.jpg 1024w, https:\/\/jornalboasnoticias.com.br\/home\/wp-content\/uploads\/2024\/10\/audiencia_operacao_de_trafego_der_3-768x512.jpg 768w, https:\/\/jornalboasnoticias.com.br\/home\/wp-content\/uploads\/2024\/10\/audiencia_operacao_de_trafego_der_3-1536x1024.jpg 1536w, https:\/\/jornalboasnoticias.com.br\/home\/wp-content\/uploads\/2024\/10\/audiencia_operacao_de_trafego_der_3-2048x1365.jpg 2048w, https:\/\/jornalboasnoticias.com.br\/home\/wp-content\/uploads\/2024\/10\/audiencia_operacao_de_trafego_der_3-900x600.jpg 900w\" sizes=\"auto, (max-width: 2560px) 100vw, 2560px\" \/><figcaption id=\"caption-attachment-44917\" class=\"wp-caption-text\">Foto: DER<\/figcaption><\/figure>\n<\/div>\n<\/div>\n<blockquote>\n<div class=\"not-escopo-destaque\">\n<div class=\"field field--name-field-escopo-destaque field--type-string-long field--label-hidden field--item\">Audi\u00eancia p\u00fablica apresentou detalhes de programa de opera\u00e7\u00e3o de tr\u00e1fego rodovi\u00e1rio in\u00e9dito. Interessados podem verificar material e encaminhar d\u00favidas e sugest\u00f5es.<\/div>\n<\/div>\n<\/blockquote>\n<div>\n<p>O Departamento de Estradas de Rodagem do Paran\u00e1 (DER\/PR), autarquia da Secretaria de Infraestrutura e Log\u00edstica (SEIL), promoveu nesta quarta-feira (30) uma\u00a0<strong><a class=\"0\" href=\"https:\/\/www.youtube.com\/watch?v=hRZcekoTT4k\" target=\"_blank\" rel=\"nofollow noopener\">audi\u00eancia p\u00fablica<\/a><\/strong>\u00a0sobre o seu novo programa de opera\u00e7\u00e3o de tr\u00e1fego rodovi\u00e1rio, que vai atender todas as rodovias estaduais. S\u00e3o cerca de 11.500 quil\u00f4metros que contar\u00e3o com servi\u00e7os de inspe\u00e7\u00e3o de tr\u00e1fego, guincho leve, guincho pesado, apoio operacional, apreens\u00e3o de animais, limpeza emergencial de pista e sinaliza\u00e7\u00e3o tempor\u00e1ria luminosa.<\/p>\n<p>\u201cA opera\u00e7\u00e3o de tr\u00e1fego rodovi\u00e1rio \u00e9 extremamente importante para promover a seguran\u00e7a, a fluidez e o conforto, e no Paran\u00e1 temos uma grande depend\u00eancia do nosso modal rodovi\u00e1rio. Diante de toda a nossa experi\u00eancia acumulada, entendemos que este modelo de opera\u00e7\u00e3o \u00e9 o necess\u00e1rio\u201d, afirma o diretor de Opera\u00e7\u00f5es do DER\/PR, Alexandre Castro Fernandes. \u201cCom esse prop\u00f3sito montamos essa contrata\u00e7\u00e3o, com recursos j\u00e1 assegurados, para que a gente possa oferecer aos usu\u00e1rios das rodovias paranaenses um servi\u00e7o de qualidade\u201d.<\/p>\n<p>O principal servi\u00e7o prestado e o \u00fanico rotineiro, a inspe\u00e7\u00e3o de tr\u00e1fego, vai percorrer toda a extens\u00e3o da malha pavimentada duas vezes ao dia, todos os dias, e, uma vez por m\u00eas, dever\u00e1 fazer o percurso inteiramente no per\u00edodo noturno. A malha n\u00e3o pavimentada ser\u00e1 inspecionada mensalmente.<\/p>\n<p>Os objetivos da inspe\u00e7\u00e3o de tr\u00e1fego incluem detectar usu\u00e1rios com necessidade de apoio, verificar irregularidades nas pistas e faixa de dom\u00ednio, inspecionar demais servi\u00e7os realizados pelo DER\/PR e intervir em situa\u00e7\u00f5es que possam prejudicar a fluidez e seguran\u00e7a das vias, providenciando sinaliza\u00e7\u00e3o emergencial e desvio de tr\u00e1fego.<\/p>\n<p>Durante a audi\u00eancia foram apresentados detalhes sobre cada servi\u00e7o previsto e tamb\u00e9m esclarecidas d\u00favidas dos participantes.<\/p>\n<p>\u201c\u00c9 uma compet\u00eancia do DER fazer o que estamos planejando nesse programa in\u00e9dito de opera\u00e7\u00e3o rodovi\u00e1ria em todas as rodovias estaduais\u201d, explica a coordenadora de Engenharia de Tr\u00e1fego e Seguran\u00e7a Vi\u00e1ria do DER\/PR, Narayana Rohn Cardozo. \u201cAl\u00e9m disso, o DER compartilha a opera\u00e7\u00e3o nas rodovias estaduais com a Pol\u00edcia Rodovi\u00e1ria Estadual, que n\u00e3o tem o quantitativo para ocorr\u00eancias de menor gravidade, devendo se dedicar a situa\u00e7\u00f5es com v\u00edtimas e outros tipos de atua\u00e7\u00f5es\u201d.<\/p>\n<p><strong>PARTICIPA\u00c7\u00c3O<\/strong>\u00a0\u2013 Interessados podem assistir \u00e0 audi\u00eancia e conferir o material de apoio no\u00a0<strong><a class=\"0\" href=\"https:\/\/www.der.pr.gov.br\/Pagina\/Audiencia-Publica-Operacao-de-Trafego-nas-Rodovias-Estaduais\" target=\"_blank\" rel=\"nofollow noopener\">portal do DER\/PR<\/a><\/strong>, e encaminhar qualquer d\u00favida ou sugest\u00e3o para o e-mail\u00a0<strong>dopcets@der.pr.gov.br<\/strong>\u00a0at\u00e9 06 de novembro.<\/p>\n<p>A previs\u00e3o \u00e9 de publicar o edital do programa ainda este ano, dividido em 10 lotes, com empresas podendo participar em quantos lotes estiverem interessadas. O investimento estimado \u00e9 de mais de R$ 300 milh\u00f5es, com mais detalhes dispon\u00edveis quando a licita\u00e7\u00e3o for lan\u00e7ada.<\/p>\n<p><em><strong>AEN<\/strong><\/em><\/p>\n<\/div>\n","protected":false},"excerpt":{"rendered":"<p>Audi\u00eancia p\u00fablica apresentou detalhes de programa de opera\u00e7\u00e3o de tr\u00e1fego rodovi\u00e1rio in\u00e9dito. Interessados podem verificar<\/p>\n","protected":false},"author":4,"featured_media":44917,"comment_status":"open","ping_status":"open","sticky":false,"template":"","format":"standard","meta":{"footnotes":""},"categories":[3,4],"tags":[],"class_list":["post-44916","post","type-post","status-publish","format-standard","has-post-thumbnail","hentry","category-destaques","category-parana"],"yoast_head":"<!-- This site is optimized with the Yoast SEO plugin v27.5 - https:\/\/yoast.com\/product\/yoast-seo-wordpress\/ -->\n<title>DER vai ampliar inspe\u00e7\u00e3o de tr\u00e1fego e atendimento com guincho em toda malha estadual - Jornal<\/title>\n<meta name=\"description\" content=\"DER vai ampliar inspe\u00e7\u00e3o de tr\u00e1fego e atendimento com guincho em toda malha estadual\" \/>\n<meta name=\"robots\" content=\"index, follow, max-snippet:-1, max-image-preview:large, max-video-preview:-1\" \/>\n<link rel=\"canonical\" href=\"https:\/\/jornalboasnoticias.com.br\/home\/der-vai-ampliar-inspecao-de-trafego-e-atendimento-com-guincho-em-toda-malha-estadual\/\" \/>\n<meta property=\"og:locale\" content=\"pt_BR\" \/>\n<meta property=\"og:type\" content=\"article\" \/>\n<meta property=\"og:title\" content=\"DER vai ampliar inspe\u00e7\u00e3o de tr\u00e1fego e atendimento com guincho em toda malha estadual - Jornal\" \/>\n<meta property=\"og:description\" content=\"DER vai ampliar inspe\u00e7\u00e3o de tr\u00e1fego e atendimento com guincho em toda malha estadual\" \/>\n<meta property=\"og:url\" content=\"https:\/\/jornalboasnoticias.com.br\/home\/der-vai-ampliar-inspecao-de-trafego-e-atendimento-com-guincho-em-toda-malha-estadual\/\" \/>\n<meta property=\"og:site_name\" content=\"Jornal\" \/>\n<meta property=\"article:publisher\" content=\"https:\/\/www.facebook.com\/boasnoticiasjornal\" \/>\n<meta property=\"article:published_time\" content=\"2024-10-30T23:46:43+00:00\" \/>\n<meta property=\"og:image\" content=\"https:\/\/jornalboasnoticias.com.br\/home\/wp-content\/uploads\/2024\/10\/audiencia_operacao_de_trafego_der_3-scaled.jpg\" \/>\n\t<meta property=\"og:image:width\" content=\"2560\" \/>\n\t<meta property=\"og:image:height\" content=\"1707\" \/>\n\t<meta property=\"og:image:type\" content=\"image\/jpeg\" \/>\n<meta name=\"author\" content=\"Ana Luiza Bonatto\" \/>\n<meta name=\"twitter:card\" content=\"summary_large_image\" \/>\n<meta name=\"twitter:label1\" content=\"Escrito por\" \/>\n\t<meta name=\"twitter:data1\" content=\"Ana Luiza Bonatto\" \/>\n\t<meta name=\"twitter:label2\" content=\"Est. tempo de leitura\" \/>\n\t<meta name=\"twitter:data2\" content=\"3 minutos\" \/>\n<script type=\"application\/ld+json\" class=\"yoast-schema-graph\">{\"@context\":\"https:\\\/\\\/schema.org\",\"@graph\":[{\"@type\":\"Article\",\"@id\":\"https:\\\/\\\/jornalboasnoticias.com.br\\\/home\\\/der-vai-ampliar-inspecao-de-trafego-e-atendimento-com-guincho-em-toda-malha-estadual\\\/#article\",\"isPartOf\":{\"@id\":\"https:\\\/\\\/jornalboasnoticias.com.br\\\/home\\\/der-vai-ampliar-inspecao-de-trafego-e-atendimento-com-guincho-em-toda-malha-estadual\\\/\"},\"author\":{\"name\":\"Ana Luiza Bonatto\",\"@id\":\"https:\\\/\\\/jornalboasnoticias.com.br\\\/home\\\/#\\\/schema\\\/person\\\/d641193e0afc6405b390164dac847971\"},\"headline\":\"DER vai ampliar inspe\u00e7\u00e3o de tr\u00e1fego e atendimento com guincho em toda malha estadual\",\"datePublished\":\"2024-10-30T23:46:43+00:00\",\"mainEntityOfPage\":{\"@id\":\"https:\\\/\\\/jornalboasnoticias.com.br\\\/home\\\/der-vai-ampliar-inspecao-de-trafego-e-atendimento-com-guincho-em-toda-malha-estadual\\\/\"},\"wordCount\":534,\"commentCount\":0,\"publisher\":{\"@id\":\"https:\\\/\\\/jornalboasnoticias.com.br\\\/home\\\/#organization\"},\"image\":{\"@id\":\"https:\\\/\\\/jornalboasnoticias.com.br\\\/home\\\/der-vai-ampliar-inspecao-de-trafego-e-atendimento-com-guincho-em-toda-malha-estadual\\\/#primaryimage\"},\"thumbnailUrl\":\"https:\\\/\\\/jornalboasnoticias.com.br\\\/home\\\/wp-content\\\/uploads\\\/2024\\\/10\\\/audiencia_operacao_de_trafego_der_3-scaled.jpg\",\"articleSection\":[\"DESTAQUE\",\"PARAN\u00c1\"],\"inLanguage\":\"pt-BR\",\"potentialAction\":[{\"@type\":\"CommentAction\",\"name\":\"Comment\",\"target\":[\"https:\\\/\\\/jornalboasnoticias.com.br\\\/home\\\/der-vai-ampliar-inspecao-de-trafego-e-atendimento-com-guincho-em-toda-malha-estadual\\\/#respond\"]}]},{\"@type\":\"WebPage\",\"@id\":\"https:\\\/\\\/jornalboasnoticias.com.br\\\/home\\\/der-vai-ampliar-inspecao-de-trafego-e-atendimento-com-guincho-em-toda-malha-estadual\\\/\",\"url\":\"https:\\\/\\\/jornalboasnoticias.com.br\\\/home\\\/der-vai-ampliar-inspecao-de-trafego-e-atendimento-com-guincho-em-toda-malha-estadual\\\/\",\"name\":\"DER vai ampliar inspe\u00e7\u00e3o de tr\u00e1fego e atendimento com guincho em toda malha estadual - Jornal\",\"isPartOf\":{\"@id\":\"https:\\\/\\\/jornalboasnoticias.com.br\\\/home\\\/#website\"},\"primaryImageOfPage\":{\"@id\":\"https:\\\/\\\/jornalboasnoticias.com.br\\\/home\\\/der-vai-ampliar-inspecao-de-trafego-e-atendimento-com-guincho-em-toda-malha-estadual\\\/#primaryimage\"},\"image\":{\"@id\":\"https:\\\/\\\/jornalboasnoticias.com.br\\\/home\\\/der-vai-ampliar-inspecao-de-trafego-e-atendimento-com-guincho-em-toda-malha-estadual\\\/#primaryimage\"},\"thumbnailUrl\":\"https:\\\/\\\/jornalboasnoticias.com.br\\\/home\\\/wp-content\\\/uploads\\\/2024\\\/10\\\/audiencia_operacao_de_trafego_der_3-scaled.jpg\",\"datePublished\":\"2024-10-30T23:46:43+00:00\",\"description\":\"DER vai ampliar inspe\u00e7\u00e3o de tr\u00e1fego e atendimento com guincho em toda malha estadual\",\"breadcrumb\":{\"@id\":\"https:\\\/\\\/jornalboasnoticias.com.br\\\/home\\\/der-vai-ampliar-inspecao-de-trafego-e-atendimento-com-guincho-em-toda-malha-estadual\\\/#breadcrumb\"},\"inLanguage\":\"pt-BR\",\"potentialAction\":[{\"@type\":\"ReadAction\",\"target\":[\"https:\\\/\\\/jornalboasnoticias.com.br\\\/home\\\/der-vai-ampliar-inspecao-de-trafego-e-atendimento-com-guincho-em-toda-malha-estadual\\\/\"]}]},{\"@type\":\"ImageObject\",\"inLanguage\":\"pt-BR\",\"@id\":\"https:\\\/\\\/jornalboasnoticias.com.br\\\/home\\\/der-vai-ampliar-inspecao-de-trafego-e-atendimento-com-guincho-em-toda-malha-estadual\\\/#primaryimage\",\"url\":\"https:\\\/\\\/jornalboasnoticias.com.br\\\/home\\\/wp-content\\\/uploads\\\/2024\\\/10\\\/audiencia_operacao_de_trafego_der_3-scaled.jpg\",\"contentUrl\":\"https:\\\/\\\/jornalboasnoticias.com.br\\\/home\\\/wp-content\\\/uploads\\\/2024\\\/10\\\/audiencia_operacao_de_trafego_der_3-scaled.jpg\",\"width\":2560,\"height\":1707,\"caption\":\"Foto: DER\"},{\"@type\":\"BreadcrumbList\",\"@id\":\"https:\\\/\\\/jornalboasnoticias.com.br\\\/home\\\/der-vai-ampliar-inspecao-de-trafego-e-atendimento-com-guincho-em-toda-malha-estadual\\\/#breadcrumb\",\"itemListElement\":[{\"@type\":\"ListItem\",\"position\":1,\"name\":\"In\u00edcio\",\"item\":\"https:\\\/\\\/jornalboasnoticias.com.br\\\/home\\\/\"},{\"@type\":\"ListItem\",\"position\":2,\"name\":\"DER vai ampliar inspe\u00e7\u00e3o de tr\u00e1fego e atendimento com guincho em toda malha estadual\"}]},{\"@type\":\"WebSite\",\"@id\":\"https:\\\/\\\/jornalboasnoticias.com.br\\\/home\\\/#website\",\"url\":\"https:\\\/\\\/jornalboasnoticias.com.br\\\/home\\\/\",\"name\":\"Jornal Boas Not\u00edcias\",\"description\":\"Boas not\u00edcias\",\"publisher\":{\"@id\":\"https:\\\/\\\/jornalboasnoticias.com.br\\\/home\\\/#organization\"},\"potentialAction\":[{\"@type\":\"SearchAction\",\"target\":{\"@type\":\"EntryPoint\",\"urlTemplate\":\"https:\\\/\\\/jornalboasnoticias.com.br\\\/home\\\/?s={search_term_string}\"},\"query-input\":{\"@type\":\"PropertyValueSpecification\",\"valueRequired\":true,\"valueName\":\"search_term_string\"}}],\"inLanguage\":\"pt-BR\"},{\"@type\":\"Organization\",\"@id\":\"https:\\\/\\\/jornalboasnoticias.com.br\\\/home\\\/#organization\",\"name\":\"Coq Editora Ltda\",\"alternateName\":\"Jornal Boas Noticias\",\"url\":\"https:\\\/\\\/jornalboasnoticias.com.br\\\/home\\\/\",\"logo\":{\"@type\":\"ImageObject\",\"inLanguage\":\"pt-BR\",\"@id\":\"https:\\\/\\\/jornalboasnoticias.com.br\\\/home\\\/#\\\/schema\\\/logo\\\/image\\\/\",\"url\":\"https:\\\/\\\/jornalboasnoticias.com.br\\\/home\\\/wp-content\\\/uploads\\\/2024\\\/07\\\/cropped-logo.jpg\",\"contentUrl\":\"https:\\\/\\\/jornalboasnoticias.com.br\\\/home\\\/wp-content\\\/uploads\\\/2024\\\/07\\\/cropped-logo.jpg\",\"width\":290,\"height\":142,\"caption\":\"Coq Editora Ltda\"},\"image\":{\"@id\":\"https:\\\/\\\/jornalboasnoticias.com.br\\\/home\\\/#\\\/schema\\\/logo\\\/image\\\/\"},\"sameAs\":[\"https:\\\/\\\/www.facebook.com\\\/boasnoticiasjornal\"]},{\"@type\":\"Person\",\"@id\":\"https:\\\/\\\/jornalboasnoticias.com.br\\\/home\\\/#\\\/schema\\\/person\\\/d641193e0afc6405b390164dac847971\",\"name\":\"Ana Luiza Bonatto\",\"image\":{\"@type\":\"ImageObject\",\"inLanguage\":\"pt-BR\",\"@id\":\"https:\\\/\\\/secure.gravatar.com\\\/avatar\\\/8a055ebe6373371f67ac6fcf313c0ac0b0a91157fdcdb9514fa62927373348f0?s=96&d=mm&r=g\",\"url\":\"https:\\\/\\\/secure.gravatar.com\\\/avatar\\\/8a055ebe6373371f67ac6fcf313c0ac0b0a91157fdcdb9514fa62927373348f0?s=96&d=mm&r=g\",\"contentUrl\":\"https:\\\/\\\/secure.gravatar.com\\\/avatar\\\/8a055ebe6373371f67ac6fcf313c0ac0b0a91157fdcdb9514fa62927373348f0?s=96&d=mm&r=g\",\"caption\":\"Ana Luiza Bonatto\"},\"url\":\"https:\\\/\\\/jornalboasnoticias.com.br\\\/home\\\/author\\\/ana-luiza\\\/\"}]}<\/script>\n<!-- \/ Yoast SEO plugin. -->","yoast_head_json":{"title":"DER vai ampliar inspe\u00e7\u00e3o de tr\u00e1fego e atendimento com guincho em toda malha estadual - Jornal","description":"DER vai ampliar inspe\u00e7\u00e3o de tr\u00e1fego e atendimento com guincho em toda malha estadual","robots":{"index":"index","follow":"follow","max-snippet":"max-snippet:-1","max-image-preview":"max-image-preview:large","max-video-preview":"max-video-preview:-1"},"canonical":"https:\/\/jornalboasnoticias.com.br\/home\/der-vai-ampliar-inspecao-de-trafego-e-atendimento-com-guincho-em-toda-malha-estadual\/","og_locale":"pt_BR","og_type":"article","og_title":"DER vai ampliar inspe\u00e7\u00e3o de tr\u00e1fego e atendimento com guincho em toda malha estadual - Jornal","og_description":"DER vai ampliar inspe\u00e7\u00e3o de tr\u00e1fego e atendimento com guincho em toda malha estadual","og_url":"https:\/\/jornalboasnoticias.com.br\/home\/der-vai-ampliar-inspecao-de-trafego-e-atendimento-com-guincho-em-toda-malha-estadual\/","og_site_name":"Jornal","article_publisher":"https:\/\/www.facebook.com\/boasnoticiasjornal","article_published_time":"2024-10-30T23:46:43+00:00","og_image":[{"width":2560,"height":1707,"url":"https:\/\/jornalboasnoticias.com.br\/home\/wp-content\/uploads\/2024\/10\/audiencia_operacao_de_trafego_der_3-scaled.jpg","type":"image\/jpeg"}],"author":"Ana Luiza Bonatto","twitter_card":"summary_large_image","twitter_misc":{"Escrito por":"Ana Luiza Bonatto","Est. tempo de leitura":"3 minutos"},"schema":{"@context":"https:\/\/schema.org","@graph":[{"@type":"Article","@id":"https:\/\/jornalboasnoticias.com.br\/home\/der-vai-ampliar-inspecao-de-trafego-e-atendimento-com-guincho-em-toda-malha-estadual\/#article","isPartOf":{"@id":"https:\/\/jornalboasnoticias.com.br\/home\/der-vai-ampliar-inspecao-de-trafego-e-atendimento-com-guincho-em-toda-malha-estadual\/"},"author":{"name":"Ana Luiza Bonatto","@id":"https:\/\/jornalboasnoticias.com.br\/home\/#\/schema\/person\/d641193e0afc6405b390164dac847971"},"headline":"DER vai ampliar inspe\u00e7\u00e3o de tr\u00e1fego e atendimento com guincho em toda malha estadual","datePublished":"2024-10-30T23:46:43+00:00","mainEntityOfPage":{"@id":"https:\/\/jornalboasnoticias.com.br\/home\/der-vai-ampliar-inspecao-de-trafego-e-atendimento-com-guincho-em-toda-malha-estadual\/"},"wordCount":534,"commentCount":0,"publisher":{"@id":"https:\/\/jornalboasnoticias.com.br\/home\/#organization"},"image":{"@id":"https:\/\/jornalboasnoticias.com.br\/home\/der-vai-ampliar-inspecao-de-trafego-e-atendimento-com-guincho-em-toda-malha-estadual\/#primaryimage"},"thumbnailUrl":"https:\/\/jornalboasnoticias.com.br\/home\/wp-content\/uploads\/2024\/10\/audiencia_operacao_de_trafego_der_3-scaled.jpg","articleSection":["DESTAQUE","PARAN\u00c1"],"inLanguage":"pt-BR","potentialAction":[{"@type":"CommentAction","name":"Comment","target":["https:\/\/jornalboasnoticias.com.br\/home\/der-vai-ampliar-inspecao-de-trafego-e-atendimento-com-guincho-em-toda-malha-estadual\/#respond"]}]},{"@type":"WebPage","@id":"https:\/\/jornalboasnoticias.com.br\/home\/der-vai-ampliar-inspecao-de-trafego-e-atendimento-com-guincho-em-toda-malha-estadual\/","url":"https:\/\/jornalboasnoticias.com.br\/home\/der-vai-ampliar-inspecao-de-trafego-e-atendimento-com-guincho-em-toda-malha-estadual\/","name":"DER vai ampliar inspe\u00e7\u00e3o de tr\u00e1fego e atendimento com guincho em toda malha estadual - Jornal","isPartOf":{"@id":"https:\/\/jornalboasnoticias.com.br\/home\/#website"},"primaryImageOfPage":{"@id":"https:\/\/jornalboasnoticias.com.br\/home\/der-vai-ampliar-inspecao-de-trafego-e-atendimento-com-guincho-em-toda-malha-estadual\/#primaryimage"},"image":{"@id":"https:\/\/jornalboasnoticias.com.br\/home\/der-vai-ampliar-inspecao-de-trafego-e-atendimento-com-guincho-em-toda-malha-estadual\/#primaryimage"},"thumbnailUrl":"https:\/\/jornalboasnoticias.com.br\/home\/wp-content\/uploads\/2024\/10\/audiencia_operacao_de_trafego_der_3-scaled.jpg","datePublished":"2024-10-30T23:46:43+00:00","description":"DER vai ampliar inspe\u00e7\u00e3o de tr\u00e1fego e atendimento com guincho em toda malha estadual","breadcrumb":{"@id":"https:\/\/jornalboasnoticias.com.br\/home\/der-vai-ampliar-inspecao-de-trafego-e-atendimento-com-guincho-em-toda-malha-estadual\/#breadcrumb"},"inLanguage":"pt-BR","potentialAction":[{"@type":"ReadAction","target":["https:\/\/jornalboasnoticias.com.br\/home\/der-vai-ampliar-inspecao-de-trafego-e-atendimento-com-guincho-em-toda-malha-estadual\/"]}]},{"@type":"ImageObject","inLanguage":"pt-BR","@id":"https:\/\/jornalboasnoticias.com.br\/home\/der-vai-ampliar-inspecao-de-trafego-e-atendimento-com-guincho-em-toda-malha-estadual\/#primaryimage","url":"https:\/\/jornalboasnoticias.com.br\/home\/wp-content\/uploads\/2024\/10\/audiencia_operacao_de_trafego_der_3-scaled.jpg","contentUrl":"https:\/\/jornalboasnoticias.com.br\/home\/wp-content\/uploads\/2024\/10\/audiencia_operacao_de_trafego_der_3-scaled.jpg","width":2560,"height":1707,"caption":"Foto: DER"},{"@type":"BreadcrumbList","@id":"https:\/\/jornalboasnoticias.com.br\/home\/der-vai-ampliar-inspecao-de-trafego-e-atendimento-com-guincho-em-toda-malha-estadual\/#breadcrumb","itemListElement":[{"@type":"ListItem","position":1,"name":"In\u00edcio","item":"https:\/\/jornalboasnoticias.com.br\/home\/"},{"@type":"ListItem","position":2,"name":"DER vai ampliar inspe\u00e7\u00e3o de tr\u00e1fego e atendimento com guincho em toda malha estadual"}]},{"@type":"WebSite","@id":"https:\/\/jornalboasnoticias.com.br\/home\/#website","url":"https:\/\/jornalboasnoticias.com.br\/home\/","name":"Jornal Boas Not\u00edcias","description":"Boas not\u00edcias","publisher":{"@id":"https:\/\/jornalboasnoticias.com.br\/home\/#organization"},"potentialAction":[{"@type":"SearchAction","target":{"@type":"EntryPoint","urlTemplate":"https:\/\/jornalboasnoticias.com.br\/home\/?s={search_term_string}"},"query-input":{"@type":"PropertyValueSpecification","valueRequired":true,"valueName":"search_term_string"}}],"inLanguage":"pt-BR"},{"@type":"Organization","@id":"https:\/\/jornalboasnoticias.com.br\/home\/#organization","name":"Coq Editora Ltda","alternateName":"Jornal Boas Noticias","url":"https:\/\/jornalboasnoticias.com.br\/home\/","logo":{"@type":"ImageObject","inLanguage":"pt-BR","@id":"https:\/\/jornalboasnoticias.com.br\/home\/#\/schema\/logo\/image\/","url":"https:\/\/jornalboasnoticias.com.br\/home\/wp-content\/uploads\/2024\/07\/cropped-logo.jpg","contentUrl":"https:\/\/jornalboasnoticias.com.br\/home\/wp-content\/uploads\/2024\/07\/cropped-logo.jpg","width":290,"height":142,"caption":"Coq Editora Ltda"},"image":{"@id":"https:\/\/jornalboasnoticias.com.br\/home\/#\/schema\/logo\/image\/"},"sameAs":["https:\/\/www.facebook.com\/boasnoticiasjornal"]},{"@type":"Person","@id":"https:\/\/jornalboasnoticias.com.br\/home\/#\/schema\/person\/d641193e0afc6405b390164dac847971","name":"Ana Luiza Bonatto","image":{"@type":"ImageObject","inLanguage":"pt-BR","@id":"https:\/\/secure.gravatar.com\/avatar\/8a055ebe6373371f67ac6fcf313c0ac0b0a91157fdcdb9514fa62927373348f0?s=96&d=mm&r=g","url":"https:\/\/secure.gravatar.com\/avatar\/8a055ebe6373371f67ac6fcf313c0ac0b0a91157fdcdb9514fa62927373348f0?s=96&d=mm&r=g","contentUrl":"https:\/\/secure.gravatar.com\/avatar\/8a055ebe6373371f67ac6fcf313c0ac0b0a91157fdcdb9514fa62927373348f0?s=96&d=mm&r=g","caption":"Ana Luiza Bonatto"},"url":"https:\/\/jornalboasnoticias.com.br\/home\/author\/ana-luiza\/"}]}},"_links":{"self":[{"href":"https:\/\/jornalboasnoticias.com.br\/home\/wp-json\/wp\/v2\/posts\/44916","targetHints":{"allow":["GET"]}}],"collection":[{"href":"https:\/\/jornalboasnoticias.com.br\/home\/wp-json\/wp\/v2\/posts"}],"about":[{"href":"https:\/\/jornalboasnoticias.com.br\/home\/wp-json\/wp\/v2\/types\/post"}],"author":[{"embeddable":true,"href":"https:\/\/jornalboasnoticias.com.br\/home\/wp-json\/wp\/v2\/users\/4"}],"replies":[{"embeddable":true,"href":"https:\/\/jornalboasnoticias.com.br\/home\/wp-json\/wp\/v2\/comments?post=44916"}],"version-history":[{"count":1,"href":"https:\/\/jornalboasnoticias.com.br\/home\/wp-json\/wp\/v2\/posts\/44916\/revisions"}],"predecessor-version":[{"id":44918,"href":"https:\/\/jornalboasnoticias.com.br\/home\/wp-json\/wp\/v2\/posts\/44916\/revisions\/44918"}],"wp:featuredmedia":[{"embeddable":true,"href":"https:\/\/jornalboasnoticias.com.br\/home\/wp-json\/wp\/v2\/media\/44917"}],"wp:attachment":[{"href":"https:\/\/jornalboasnoticias.com.br\/home\/wp-json\/wp\/v2\/media?parent=44916"}],"wp:term":[{"taxonomy":"category","embeddable":true,"href":"https:\/\/jornalboasnoticias.com.br\/home\/wp-json\/wp\/v2\/categories?post=44916"},{"taxonomy":"post_tag","embeddable":true,"href":"https:\/\/jornalboasnoticias.com.br\/home\/wp-json\/wp\/v2\/tags?post=44916"}],"curies":[{"name":"wp","href":"https:\/\/api.w.org\/{rel}","templated":true}]}}